{"id":20212,"date":"2024-08-01T13:04:02","date_gmt":"2024-08-01T16:04:02","guid":{"rendered":"https:\/\/apuntesdesanluis.com\/?p=20212"},"modified":"2024-08-01T13:05:53","modified_gmt":"2024-08-01T16:05:53","slug":"milei-se-sumo-a-la-polemica-de-los-juegos-olimpicos-por-una-boxeadora-trans","status":"publish","type":"post","link":"https:\/\/apuntesdesanluis.com\/index.php\/2024\/08\/01\/milei-se-sumo-a-la-polemica-de-los-juegos-olimpicos-por-una-boxeadora-trans\/","title":{"rendered":"MILEI SE SUM\u00d3 A LA POL\u00c9MICA DE LOS JUEGOS OL\u00cdMPICOS POR UNA BOXEADORA TRANS"},"content":{"rendered":"<h3>El presidente <strong>Javier Milei<\/strong> expres\u00f3 su bronca en las redes sociales por la participaci\u00f3n de una boxeadora trans en los Juegos Ol\u00edmpicos de Par\u00eds 2024: \u201cSi segu\u00eda la mataba\u201d, afirm\u00f3.<\/h3>\n<h3>La pol\u00e9mica en los Juegos Ol\u00edmpicos estall\u00f3 luego de que la boxeadora italiana <strong>Natalia Carini<\/strong> solo resistiera 45 segundos de combate ante la argelina <strong>Imane Khelif<\/strong>, quien ya hab\u00eda sido descalificada anteriormente, en el Mundial de Boxeo de 2023, por tener cromosomas XY, que son t\u00edpicos en hombres (las mujeres tienen dos cromosomas X).<\/h3>\n<h3>\u201cMe doli\u00f3 mucho. Nunca en mi vida me hab\u00edan golpeado tan fuerte. Depende del Comit\u00e9 Ol\u00edmpico Internacional juzgar\u201d, dijo la italiana tras abandonar la pelea al recibir un potente derechazo de Khelif.<\/h3>\n<h3>Milei no se mantuvo ajeno a la situaci\u00f3n y expres\u00f3 su postura en las redes sociales: \u201cA ver boluprogres. Vengan a explicar esto\u2026 Cuando se les marca las estupideces con argumentos responden poniendo todo tipo de etiquetas que buscan cancelar el argumento que los rebate. Despu\u00e9s aparece la realidad que los expone frente a su imbecilidad. Si segu\u00eda la mataba\u201d.<\/h3>\n<h3 style=\"text-align: center;\"><a href=\"https:\/\/x.com\/PregoneroL\/status\/1818980850286878866?ref_src=twsrc%5Etfw%7Ctwcamp%5Etweetembed%7Ctwterm%5E1818984532319568182%7Ctwgr%5Ec9382902b7fb2e1b728bac729570023a97f9b1b0%7Ctwcon%5Es3_&amp;ref_url=https%3A%2F%2Falpha-app.tadevel-cdn.com%2Fhostname%2Fnoticiasargentinas.com%2Fapi%2Fv1%2Fsandbox%2FPGJsb2NrcXVvdGUgY2xhc3M9InR3aXR0ZXItdHdlZXQiPjxwIGxhbmc9ImVzIiBkaXI9Imx0ciI2BQSB2ZXIgYm9sdXByb2dyZXMuIFZlbmdhbiBhIGV4cGxpY2FyIGVzdG8uLi48YnI2BQ3VhbmRvIHNlIGxlcyBtYXJjYSBsYXMgZXN0dXBpZGVjZXMgY29uIGFyZ3VtZW50b3MgcmVzcG9uZGVuIHBvbmllbmRvIHRvZG8gdGlwbyBkZSBldGlxdWV0YXMgcXVlIGJ1c2NhbiBjYW5jZWxhciBlbCBhcmd1bWVudG8gcXVlIGxvcyByZWJhdGUuPGJyPkRlc3B1w6lzIGFwYXJlY2UgbGEgcmVhbGlkYWQgcXVlIGxvcyBleHBvbmUgZnJlbnRlIGEgc3UgaW1iZWNpbGlkYWQuLi48YnI2BU2kgc2VndcOtYSBsYSBtYXRhYmEuLi4gPGEgaHJlZj0iaHR0cHM6Ly90LmNvL0pscTcxOFF0ZlYiPmh0dHBzOi8vdC5jby9KbHE3MThRdGZWPC9hPjwvcD4mbWRhc2g7IEphdmllciBNaWxlaSAoQEpNaWxlaSkgPGEgaHJlZj0iaHR0cHM6Ly90d2l0dGVyLmNvbS9KTWlsZWkvc3RhdHVzLzE4MTg5ODQ1MzIzMTk1NjgxODI2FcmVmX3NyYz10d3NyYyU1RXRmdyI2BQXVndXN0IDEsIDIwMjQ8L2E2BPC9ibG9ja3F1b3RlPgo8c2NyaXB0IGFzeW5jIHNyYz0iaHR0cHM6Ly9wbGF0Zm9ybS50d2l0dGVyLmNvbS93aWRnZXRzLmpzIiBjaGFyc2V0PSJ1dGYtOCI2BPC9zY3JpcHQ2BCgo3D%3Fv%3De51179aab883b72d5218f9398bc1c951s%3D9a24f44126f9ab541a1ca90a5a4ed469\" target=\"_blank\" rel=\"noopener\"><img fetchpriority=\"high\" decoding=\"async\" class=\"alignnone wp-image-20213\" src=\"https:\/\/apuntesdesanluis.com\/wp-content\/uploads\/2024\/08\/posteo-milei-226x300.png\" alt=\"\" width=\"543\" height=\"721\" srcset=\"https:\/\/apuntesdesanluis.com\/wp-content\/uploads\/2024\/08\/posteo-milei-226x300.png 226w, https:\/\/apuntesdesanluis.com\/wp-content\/uploads\/2024\/08\/posteo-milei.png 633w\" sizes=\"(max-width: 543px) 100vw, 543px\" \/><\/a><\/h3>\n<h3>Incluso retuite\u00f3 en X (ex Twitter) un posteo en el que se realiza una grave acusaci\u00f3n: \u201cEl feminismo hizo que sea \u2018deporte\u2019 y no un delito que un hombre le pegue a una mujer\u201d.<\/h3>\n<h3>El director ejecutivo de Tesla, Elon Musk, quien es muy cercano a Milei ideol\u00f3gicamente, tambi\u00e9n sent\u00f3 su postura al citar un tweet que dice: \u201cLos hombres no pertenecen a los deportes femeninos\u201d.<\/h3>\n<h3><strong>ABANDONO<\/strong><\/h3>\n<h3 class=\"paragraph\" data-mrf-recirculation=\"Links inline\">\u201cSub\u00ed al ring e intent\u00e9 luchar. Quer\u00eda ganar.\u00a0<b>Recib\u00ed dos golpes en la nariz y ya no respiraba, me dol\u00eda mucho, fui a ver al maestro Renzini y con madurez y valent\u00eda le dije basta<\/b>\u201d, expres\u00f3 Carini seg\u00fan replic\u00f3 el diario de su pa\u00eds\u00a0<i>La Gazzetta dello Sport<\/i>. Un rato antes se hab\u00eda dirigido a su rinc\u00f3n, donde estaba ubicado su entrenador Emanuele Renzini, y hab\u00eda dicho:\u00a0<b>\u201cMe doli\u00f3 much\u00edsimo, no quiero seguir\u201d<\/b>. Al bajar del cuadril\u00e1tero, se escuch\u00f3\u00a0<b>\u201cno es justo\u201d<\/b>, seg\u00fan detall\u00f3 el medio en cuesti\u00f3n.<\/h3>\n<h3 class=\"paragraph\" data-mrf-recirculation=\"Links inline\">\u201c<b>No soy nadie para juzgar o tomar una decisi\u00f3n, si esta chica est\u00e1 aqu\u00ed debe haber una raz\u00f3n<\/b>. Luch\u00e9 y sub\u00ed al ring a pesar de las miles de pol\u00e9micas que hab\u00eda, no soy nadie para juzgar. Sent\u00ed golpes muy fuertes, recib\u00ed golpes, soy una luchadora y mi selecci\u00f3n lo sabe, soy alguien que a\u00fan ante el dolor nunca se detiene. Si par\u00e9 lo hice s\u00f3lo por mi familia. \u00bfFue un combate irregular? No soy nadie para juzgarlo\u201d, plante\u00f3 la peleadora italiana.<\/h3>\n<h3>El de Khelif no es el \u00fanico caso de este tipo en los Juegos Ol\u00edmpicos. La taiwanesa Lin Yu-Ting fue descalificada del Mundial de Boxeo 2023 por la misma causa, pero recibi\u00f3 luz verde para participar de la cita ol\u00edmpica por parte del Comit\u00e9 Ol\u00edmpico Internacional. En su debut, que ser\u00e1 este viernes, pelear\u00e1 con la uzbeka Sitora Turdibekova por los octavos de final de la categor\u00eda peso pluma.<\/h3>\n<h3>Seg\u00fan determinaron investigaciones cient\u00edficas, la fuerza promedio de una persona que atraves\u00f3 la pubertad masculina es un 162% mayor que el de una mujer, lo que representar\u00eda una gran ventaja para deportistas como Khelif y Yu-Ting.<\/h3>\n<p>&nbsp;<\/p>\n<p>&nbsp;<\/p>\n<p>&nbsp;<\/p>\n<p>&nbsp;<\/p>\n<p>&nbsp;<\/p>\n<p>&nbsp;<\/p>\n<p>&nbsp;<\/p>\n","protected":false},"excerpt":{"rendered":"<p>El presidente Javier Milei expres\u00f3 su bronca en las redes sociales por la participaci\u00f3n de&#8230;<\/p>\n","protected":false},"author":1,"featured_media":20214,"comment_status":"closed","ping_status":"closed","sticky":false,"template":"","format":"standard","meta":{"footnotes":""},"categories":[8,5],"tags":[],"class_list":["post-20212","post","type-post","status-publish","format-standard","has-post-thumbnail","hentry","category-deportes","category-nacionales-internacionales"],"yoast_head":"<!-- This site is optimized with the Yoast SEO plugin v26.1.1 - https:\/\/yoast.com\/wordpress\/plugins\/seo\/ -->\n<title>MILEI SE SUM\u00d3 A LA POL\u00c9MICA DE LOS JUEGOS OL\u00cdMPICOS POR UNA BOXEADORA TRANS - Apuntes de San Luis<\/title>\n<meta name=\"robots\" content=\"index, follow, max-snippet:-1, max-image-preview:large, max-video-preview:-1\" \/>\n<link rel=\"canonical\" href=\"https:\/\/apuntesdesanluis.com\/index.php\/2024\/08\/01\/milei-se-sumo-a-la-polemica-de-los-juegos-olimpicos-por-una-boxeadora-trans\/\" \/>\n<meta property=\"og:locale\" content=\"es_ES\" \/>\n<meta property=\"og:type\" content=\"article\" \/>\n<meta property=\"og:title\" content=\"MILEI SE SUM\u00d3 A LA POL\u00c9MICA DE LOS JUEGOS OL\u00cdMPICOS POR UNA BOXEADORA TRANS - Apuntes de San Luis\" \/>\n<meta property=\"og:description\" content=\"El presidente Javier Milei expres\u00f3 su bronca en las redes sociales por la participaci\u00f3n de...\" \/>\n<meta property=\"og:url\" content=\"https:\/\/apuntesdesanluis.com\/index.php\/2024\/08\/01\/milei-se-sumo-a-la-polemica-de-los-juegos-olimpicos-por-una-boxeadora-trans\/\" \/>\n<meta property=\"og:site_name\" content=\"Apuntes de San Luis\" \/>\n<meta property=\"article:published_time\" content=\"2024-08-01T16:04:02+00:00\" \/>\n<meta property=\"article:modified_time\" content=\"2024-08-01T16:05:53+00:00\" \/>\n<meta property=\"og:image\" content=\"https:\/\/apuntesdesanluis.com\/wp-content\/uploads\/2024\/08\/box-trans.png\" \/>\n\t<meta property=\"og:image:width\" content=\"700\" \/>\n\t<meta property=\"og:image:height\" content=\"494\" \/>\n\t<meta property=\"og:image:type\" content=\"image\/png\" \/>\n<meta name=\"author\" content=\"apuntesdesanluis.com\" \/>\n<meta name=\"twitter:card\" content=\"summary_large_image\" \/>\n<meta name=\"twitter:label1\" content=\"Escrito por\" \/>\n\t<meta name=\"twitter:data1\" content=\"apuntesdesanluis.com\" \/>\n\t<meta name=\"twitter:label2\" content=\"Tiempo de lectura\" \/>\n\t<meta name=\"twitter:data2\" content=\"3 minutos\" \/>\n<script type=\"application\/ld+json\" class=\"yoast-schema-graph\">{\"@context\":\"https:\/\/schema.org\",\"@graph\":[{\"@type\":\"Article\",\"@id\":\"https:\/\/apuntesdesanluis.com\/index.php\/2024\/08\/01\/milei-se-sumo-a-la-polemica-de-los-juegos-olimpicos-por-una-boxeadora-trans\/#article\",\"isPartOf\":{\"@id\":\"https:\/\/apuntesdesanluis.com\/index.php\/2024\/08\/01\/milei-se-sumo-a-la-polemica-de-los-juegos-olimpicos-por-una-boxeadora-trans\/\"},\"author\":{\"name\":\"apuntesdesanluis.com\",\"@id\":\"https:\/\/apuntesdesanluis.com\/#\/schema\/person\/b55151d52296fcce64d1a72538a70b90\"},\"headline\":\"MILEI SE SUM\u00d3 A LA POL\u00c9MICA DE LOS JUEGOS OL\u00cdMPICOS POR UNA BOXEADORA TRANS\",\"datePublished\":\"2024-08-01T16:04:02+00:00\",\"dateModified\":\"2024-08-01T16:05:53+00:00\",\"mainEntityOfPage\":{\"@id\":\"https:\/\/apuntesdesanluis.com\/index.php\/2024\/08\/01\/milei-se-sumo-a-la-polemica-de-los-juegos-olimpicos-por-una-boxeadora-trans\/\"},\"wordCount\":578,\"publisher\":{\"@id\":\"https:\/\/apuntesdesanluis.com\/#\/schema\/person\/b55151d52296fcce64d1a72538a70b90\"},\"image\":{\"@id\":\"https:\/\/apuntesdesanluis.com\/index.php\/2024\/08\/01\/milei-se-sumo-a-la-polemica-de-los-juegos-olimpicos-por-una-boxeadora-trans\/#primaryimage\"},\"thumbnailUrl\":\"https:\/\/apuntesdesanluis.com\/wp-content\/uploads\/2024\/08\/box-trans.png\",\"articleSection\":[\"Deportes\",\"Nacionales\/Internacionales\"],\"inLanguage\":\"es-AR\"},{\"@type\":\"WebPage\",\"@id\":\"https:\/\/apuntesdesanluis.com\/index.php\/2024\/08\/01\/milei-se-sumo-a-la-polemica-de-los-juegos-olimpicos-por-una-boxeadora-trans\/\",\"url\":\"https:\/\/apuntesdesanluis.com\/index.php\/2024\/08\/01\/milei-se-sumo-a-la-polemica-de-los-juegos-olimpicos-por-una-boxeadora-trans\/\",\"name\":\"MILEI SE SUM\u00d3 A LA POL\u00c9MICA DE LOS JUEGOS OL\u00cdMPICOS POR UNA BOXEADORA TRANS - Apuntes de San Luis\",\"isPartOf\":{\"@id\":\"https:\/\/apuntesdesanluis.com\/#website\"},\"primaryImageOfPage\":{\"@id\":\"https:\/\/apuntesdesanluis.com\/index.php\/2024\/08\/01\/milei-se-sumo-a-la-polemica-de-los-juegos-olimpicos-por-una-boxeadora-trans\/#primaryimage\"},\"image\":{\"@id\":\"https:\/\/apuntesdesanluis.com\/index.php\/2024\/08\/01\/milei-se-sumo-a-la-polemica-de-los-juegos-olimpicos-por-una-boxeadora-trans\/#primaryimage\"},\"thumbnailUrl\":\"https:\/\/apuntesdesanluis.com\/wp-content\/uploads\/2024\/08\/box-trans.png\",\"datePublished\":\"2024-08-01T16:04:02+00:00\",\"dateModified\":\"2024-08-01T16:05:53+00:00\",\"breadcrumb\":{\"@id\":\"https:\/\/apuntesdesanluis.com\/index.php\/2024\/08\/01\/milei-se-sumo-a-la-polemica-de-los-juegos-olimpicos-por-una-boxeadora-trans\/#breadcrumb\"},\"inLanguage\":\"es-AR\",\"potentialAction\":[{\"@type\":\"ReadAction\",\"target\":[\"https:\/\/apuntesdesanluis.com\/index.php\/2024\/08\/01\/milei-se-sumo-a-la-polemica-de-los-juegos-olimpicos-por-una-boxeadora-trans\/\"]}]},{\"@type\":\"ImageObject\",\"inLanguage\":\"es-AR\",\"@id\":\"https:\/\/apuntesdesanluis.com\/index.php\/2024\/08\/01\/milei-se-sumo-a-la-polemica-de-los-juegos-olimpicos-por-una-boxeadora-trans\/#primaryimage\",\"url\":\"https:\/\/apuntesdesanluis.com\/wp-content\/uploads\/2024\/08\/box-trans.png\",\"contentUrl\":\"https:\/\/apuntesdesanluis.com\/wp-content\/uploads\/2024\/08\/box-trans.png\",\"width\":700,\"height\":494},{\"@type\":\"BreadcrumbList\",\"@id\":\"https:\/\/apuntesdesanluis.com\/index.php\/2024\/08\/01\/milei-se-sumo-a-la-polemica-de-los-juegos-olimpicos-por-una-boxeadora-trans\/#breadcrumb\",\"itemListElement\":[{\"@type\":\"ListItem\",\"position\":1,\"name\":\"Inicio\",\"item\":\"https:\/\/apuntesdesanluis.com\/\"},{\"@type\":\"ListItem\",\"position\":2,\"name\":\"MILEI SE SUM\u00d3 A LA POL\u00c9MICA DE LOS JUEGOS OL\u00cdMPICOS POR UNA BOXEADORA TRANS\"}]},{\"@type\":\"WebSite\",\"@id\":\"https:\/\/apuntesdesanluis.com\/#website\",\"url\":\"https:\/\/apuntesdesanluis.com\/\",\"name\":\"Apuntes de San Luis\",\"description\":\"\",\"publisher\":{\"@id\":\"https:\/\/apuntesdesanluis.com\/#\/schema\/person\/b55151d52296fcce64d1a72538a70b90\"},\"potentialAction\":[{\"@type\":\"SearchAction\",\"target\":{\"@type\":\"EntryPoint\",\"urlTemplate\":\"https:\/\/apuntesdesanluis.com\/?s={search_term_string}\"},\"query-input\":{\"@type\":\"PropertyValueSpecification\",\"valueRequired\":true,\"valueName\":\"search_term_string\"}}],\"inLanguage\":\"es-AR\"},{\"@type\":[\"Person\",\"Organization\"],\"@id\":\"https:\/\/apuntesdesanluis.com\/#\/schema\/person\/b55151d52296fcce64d1a72538a70b90\",\"name\":\"apuntesdesanluis.com\",\"image\":{\"@type\":\"ImageObject\",\"inLanguage\":\"es-AR\",\"@id\":\"https:\/\/apuntesdesanluis.com\/#\/schema\/person\/image\/\",\"url\":\"https:\/\/apuntesdesanluis.com\/wp-content\/uploads\/2023\/07\/cropped-apuntesdesanluis.png\",\"contentUrl\":\"https:\/\/apuntesdesanluis.com\/wp-content\/uploads\/2023\/07\/cropped-apuntesdesanluis.png\",\"width\":450,\"height\":112,\"caption\":\"apuntesdesanluis.com\"},\"logo\":{\"@id\":\"https:\/\/apuntesdesanluis.com\/#\/schema\/person\/image\/\"},\"sameAs\":[\"https:\/\/apuntesdesanluis.com\"],\"url\":\"https:\/\/apuntesdesanluis.com\/index.php\/author\/apuntesdesanluis-com\/\"}]}<\/script>\n<!-- \/ Yoast SEO plugin. -->","yoast_head_json":{"title":"MILEI SE SUM\u00d3 A LA POL\u00c9MICA DE LOS JUEGOS OL\u00cdMPICOS POR UNA BOXEADORA TRANS - Apuntes de San Luis","robots":{"index":"index","follow":"follow","max-snippet":"max-snippet:-1","max-image-preview":"max-image-preview:large","max-video-preview":"max-video-preview:-1"},"canonical":"https:\/\/apuntesdesanluis.com\/index.php\/2024\/08\/01\/milei-se-sumo-a-la-polemica-de-los-juegos-olimpicos-por-una-boxeadora-trans\/","og_locale":"es_ES","og_type":"article","og_title":"MILEI SE SUM\u00d3 A LA POL\u00c9MICA DE LOS JUEGOS OL\u00cdMPICOS POR UNA BOXEADORA TRANS - Apuntes de San Luis","og_description":"El presidente Javier Milei expres\u00f3 su bronca en las redes sociales por la participaci\u00f3n de...","og_url":"https:\/\/apuntesdesanluis.com\/index.php\/2024\/08\/01\/milei-se-sumo-a-la-polemica-de-los-juegos-olimpicos-por-una-boxeadora-trans\/","og_site_name":"Apuntes de San Luis","article_published_time":"2024-08-01T16:04:02+00:00","article_modified_time":"2024-08-01T16:05:53+00:00","og_image":[{"width":700,"height":494,"url":"https:\/\/apuntesdesanluis.com\/wp-content\/uploads\/2024\/08\/box-trans.png","type":"image\/png"}],"author":"apuntesdesanluis.com","twitter_card":"summary_large_image","twitter_misc":{"Escrito por":"apuntesdesanluis.com","Tiempo de lectura":"3 minutos"},"schema":{"@context":"https:\/\/schema.org","@graph":[{"@type":"Article","@id":"https:\/\/apuntesdesanluis.com\/index.php\/2024\/08\/01\/milei-se-sumo-a-la-polemica-de-los-juegos-olimpicos-por-una-boxeadora-trans\/#article","isPartOf":{"@id":"https:\/\/apuntesdesanluis.com\/index.php\/2024\/08\/01\/milei-se-sumo-a-la-polemica-de-los-juegos-olimpicos-por-una-boxeadora-trans\/"},"author":{"name":"apuntesdesanluis.com","@id":"https:\/\/apuntesdesanluis.com\/#\/schema\/person\/b55151d52296fcce64d1a72538a70b90"},"headline":"MILEI SE SUM\u00d3 A LA POL\u00c9MICA DE LOS JUEGOS OL\u00cdMPICOS POR UNA BOXEADORA TRANS","datePublished":"2024-08-01T16:04:02+00:00","dateModified":"2024-08-01T16:05:53+00:00","mainEntityOfPage":{"@id":"https:\/\/apuntesdesanluis.com\/index.php\/2024\/08\/01\/milei-se-sumo-a-la-polemica-de-los-juegos-olimpicos-por-una-boxeadora-trans\/"},"wordCount":578,"publisher":{"@id":"https:\/\/apuntesdesanluis.com\/#\/schema\/person\/b55151d52296fcce64d1a72538a70b90"},"image":{"@id":"https:\/\/apuntesdesanluis.com\/index.php\/2024\/08\/01\/milei-se-sumo-a-la-polemica-de-los-juegos-olimpicos-por-una-boxeadora-trans\/#primaryimage"},"thumbnailUrl":"https:\/\/apuntesdesanluis.com\/wp-content\/uploads\/2024\/08\/box-trans.png","articleSection":["Deportes","Nacionales\/Internacionales"],"inLanguage":"es-AR"},{"@type":"WebPage","@id":"https:\/\/apuntesdesanluis.com\/index.php\/2024\/08\/01\/milei-se-sumo-a-la-polemica-de-los-juegos-olimpicos-por-una-boxeadora-trans\/","url":"https:\/\/apuntesdesanluis.com\/index.php\/2024\/08\/01\/milei-se-sumo-a-la-polemica-de-los-juegos-olimpicos-por-una-boxeadora-trans\/","name":"MILEI SE SUM\u00d3 A LA POL\u00c9MICA DE LOS JUEGOS OL\u00cdMPICOS POR UNA BOXEADORA TRANS - Apuntes de San Luis","isPartOf":{"@id":"https:\/\/apuntesdesanluis.com\/#website"},"primaryImageOfPage":{"@id":"https:\/\/apuntesdesanluis.com\/index.php\/2024\/08\/01\/milei-se-sumo-a-la-polemica-de-los-juegos-olimpicos-por-una-boxeadora-trans\/#primaryimage"},"image":{"@id":"https:\/\/apuntesdesanluis.com\/index.php\/2024\/08\/01\/milei-se-sumo-a-la-polemica-de-los-juegos-olimpicos-por-una-boxeadora-trans\/#primaryimage"},"thumbnailUrl":"https:\/\/apuntesdesanluis.com\/wp-content\/uploads\/2024\/08\/box-trans.png","datePublished":"2024-08-01T16:04:02+00:00","dateModified":"2024-08-01T16:05:53+00:00","breadcrumb":{"@id":"https:\/\/apuntesdesanluis.com\/index.php\/2024\/08\/01\/milei-se-sumo-a-la-polemica-de-los-juegos-olimpicos-por-una-boxeadora-trans\/#breadcrumb"},"inLanguage":"es-AR","potentialAction":[{"@type":"ReadAction","target":["https:\/\/apuntesdesanluis.com\/index.php\/2024\/08\/01\/milei-se-sumo-a-la-polemica-de-los-juegos-olimpicos-por-una-boxeadora-trans\/"]}]},{"@type":"ImageObject","inLanguage":"es-AR","@id":"https:\/\/apuntesdesanluis.com\/index.php\/2024\/08\/01\/milei-se-sumo-a-la-polemica-de-los-juegos-olimpicos-por-una-boxeadora-trans\/#primaryimage","url":"https:\/\/apuntesdesanluis.com\/wp-content\/uploads\/2024\/08\/box-trans.png","contentUrl":"https:\/\/apuntesdesanluis.com\/wp-content\/uploads\/2024\/08\/box-trans.png","width":700,"height":494},{"@type":"BreadcrumbList","@id":"https:\/\/apuntesdesanluis.com\/index.php\/2024\/08\/01\/milei-se-sumo-a-la-polemica-de-los-juegos-olimpicos-por-una-boxeadora-trans\/#breadcrumb","itemListElement":[{"@type":"ListItem","position":1,"name":"Inicio","item":"https:\/\/apuntesdesanluis.com\/"},{"@type":"ListItem","position":2,"name":"MILEI SE SUM\u00d3 A LA POL\u00c9MICA DE LOS JUEGOS OL\u00cdMPICOS POR UNA BOXEADORA TRANS"}]},{"@type":"WebSite","@id":"https:\/\/apuntesdesanluis.com\/#website","url":"https:\/\/apuntesdesanluis.com\/","name":"Apuntes de San Luis","description":"","publisher":{"@id":"https:\/\/apuntesdesanluis.com\/#\/schema\/person\/b55151d52296fcce64d1a72538a70b90"},"potentialAction":[{"@type":"SearchAction","target":{"@type":"EntryPoint","urlTemplate":"https:\/\/apuntesdesanluis.com\/?s={search_term_string}"},"query-input":{"@type":"PropertyValueSpecification","valueRequired":true,"valueName":"search_term_string"}}],"inLanguage":"es-AR"},{"@type":["Person","Organization"],"@id":"https:\/\/apuntesdesanluis.com\/#\/schema\/person\/b55151d52296fcce64d1a72538a70b90","name":"apuntesdesanluis.com","image":{"@type":"ImageObject","inLanguage":"es-AR","@id":"https:\/\/apuntesdesanluis.com\/#\/schema\/person\/image\/","url":"https:\/\/apuntesdesanluis.com\/wp-content\/uploads\/2023\/07\/cropped-apuntesdesanluis.png","contentUrl":"https:\/\/apuntesdesanluis.com\/wp-content\/uploads\/2023\/07\/cropped-apuntesdesanluis.png","width":450,"height":112,"caption":"apuntesdesanluis.com"},"logo":{"@id":"https:\/\/apuntesdesanluis.com\/#\/schema\/person\/image\/"},"sameAs":["https:\/\/apuntesdesanluis.com"],"url":"https:\/\/apuntesdesanluis.com\/index.php\/author\/apuntesdesanluis-com\/"}]}},"featured_image_urls":{"full":["https:\/\/apuntesdesanluis.com\/wp-content\/uploads\/2024\/08\/box-trans.png",700,494,false],"thumbnail":["https:\/\/apuntesdesanluis.com\/wp-content\/uploads\/2024\/08\/box-trans-150x150.png",150,150,true],"medium":["https:\/\/apuntesdesanluis.com\/wp-content\/uploads\/2024\/08\/box-trans-300x212.png",300,212,true],"medium_large":["https:\/\/apuntesdesanluis.com\/wp-content\/uploads\/2024\/08\/box-trans.png",640,452,false],"large":["https:\/\/apuntesdesanluis.com\/wp-content\/uploads\/2024\/08\/box-trans.png",640,452,false],"1536x1536":["https:\/\/apuntesdesanluis.com\/wp-content\/uploads\/2024\/08\/box-trans.png",700,494,false],"2048x2048":["https:\/\/apuntesdesanluis.com\/wp-content\/uploads\/2024\/08\/box-trans.png",700,494,false],"newsever-slider-full":["https:\/\/apuntesdesanluis.com\/wp-content\/uploads\/2024\/08\/box-trans.png",700,494,false],"newsever-featured":["https:\/\/apuntesdesanluis.com\/wp-content\/uploads\/2024\/08\/box-trans.png",700,494,false],"newsever-medium":["https:\/\/apuntesdesanluis.com\/wp-content\/uploads\/2024\/08\/box-trans-700x475.png",700,475,true]},"author_info":{"display_name":"apuntesdesanluis.com","author_link":"https:\/\/apuntesdesanluis.com\/index.php\/author\/apuntesdesanluis-com\/"},"category_info":"<a href=\"https:\/\/apuntesdesanluis.com\/index.php\/category\/deportes\/\" rel=\"category tag\">Deportes<\/a> <a href=\"https:\/\/apuntesdesanluis.com\/index.php\/category\/nacionales-internacionales\/\" rel=\"category tag\">Nacionales\/Internacionales<\/a>","tag_info":"Nacionales\/Internacionales","comment_count":"0","_links":{"self":[{"href":"https:\/\/apuntesdesanluis.com\/index.php\/wp-json\/wp\/v2\/posts\/20212","targetHints":{"allow":["GET"]}}],"collection":[{"href":"https:\/\/apuntesdesanluis.com\/index.php\/wp-json\/wp\/v2\/posts"}],"about":[{"href":"https:\/\/apuntesdesanluis.com\/index.php\/wp-json\/wp\/v2\/types\/post"}],"author":[{"embeddable":true,"href":"https:\/\/apuntesdesanluis.com\/index.php\/wp-json\/wp\/v2\/users\/1"}],"replies":[{"embeddable":true,"href":"https:\/\/apuntesdesanluis.com\/index.php\/wp-json\/wp\/v2\/comments?post=20212"}],"version-history":[{"count":3,"href":"https:\/\/apuntesdesanluis.com\/index.php\/wp-json\/wp\/v2\/posts\/20212\/revisions"}],"predecessor-version":[{"id":20217,"href":"https:\/\/apuntesdesanluis.com\/index.php\/wp-json\/wp\/v2\/posts\/20212\/revisions\/20217"}],"wp:featuredmedia":[{"embeddable":true,"href":"https:\/\/apuntesdesanluis.com\/index.php\/wp-json\/wp\/v2\/media\/20214"}],"wp:attachment":[{"href":"https:\/\/apuntesdesanluis.com\/index.php\/wp-json\/wp\/v2\/media?parent=20212"}],"wp:term":[{"taxonomy":"category","embeddable":true,"href":"https:\/\/apuntesdesanluis.com\/index.php\/wp-json\/wp\/v2\/categories?post=20212"},{"taxonomy":"post_tag","embeddable":true,"href":"https:\/\/apuntesdesanluis.com\/index.php\/wp-json\/wp\/v2\/tags?post=20212"}],"curies":[{"name":"wp","href":"https:\/\/api.w.org\/{rel}","templated":true}]}}