{"id":20225,"date":"2024-08-01T21:12:39","date_gmt":"2024-08-02T00:12:39","guid":{"rendered":"https:\/\/apuntesdesanluis.com\/?p=20225"},"modified":"2024-08-01T21:12:39","modified_gmt":"2024-08-02T00:12:39","slug":"se-larga-este-viernes-la-5ta-fecha-del-rally-argentino","status":"publish","type":"post","link":"https:\/\/apuntesdesanluis.com\/index.php\/2024\/08\/01\/se-larga-este-viernes-la-5ta-fecha-del-rally-argentino\/","title":{"rendered":"SE LARGA ESTE VIERNES LA 5TA. FECHA DEL RALLY ARGENTINO"},"content":{"rendered":"<h3>La largada simb\u00f3lica ser\u00e1 este viernes a las 20:00 en la esquina de Pringles y Rivadavia, frente a la Catedral.<\/h3>\n<h3>Este jueves, en conferencia de prensa, autoridades del Ejecutivo Provincial, la Polic\u00eda Provincial, el presidente del Rally Argentino, Fernando Scarlatta, y el presidente de la Federaci\u00f3n Regional de Automovilismo Deportivo San Luis (FRAD), Mariano Rumi\u00e9, dieron detalles del Rally Argentino en San Luis, que har\u00e1 rugir motores en una provincia con fuerte tradici\u00f3n \u2018fierrera\u2019.<\/h3>\n<p><img fetchpriority=\"high\" decoding=\"async\" class=\"wp-image-20227 aligncenter\" src=\"https:\/\/apuntesdesanluis.com\/wp-content\/uploads\/2024\/08\/DOS-AUTOS-DEL-RALLY-300x204.png\" alt=\"\" width=\"635\" height=\"432\" srcset=\"https:\/\/apuntesdesanluis.com\/wp-content\/uploads\/2024\/08\/DOS-AUTOS-DEL-RALLY-300x204.png 300w, https:\/\/apuntesdesanluis.com\/wp-content\/uploads\/2024\/08\/DOS-AUTOS-DEL-RALLY.png 700w\" sizes=\"(max-width: 635px) 100vw, 635px\" \/><\/p>\n<h3>Al finalizar la rueda de prensa, se pudo ver dos autos que recorrer\u00e1n caminos de San Luis en esta edici\u00f3n del Rally Argentino: uno es el de Baldoni; el otro, el coche de seguridad (safety car).<\/h3>\n<h3>Hasta el momento, hay 43 binomios inscriptos para el rally provincial y 51 para el nacional, pero los organizadores estiman que podr\u00edan sumarse algunos m\u00e1s.<\/h3>\n<h3>\u201cEs la quinta fecha del Rally Argentino y, en coincidencia, la quinta fecha del rally provincial. San Luis abre sus puertas a un evento tan importante que convoca a tanta gente, que convoca al turismo, la f\u00e1brica sin humo, y a toda la gente que trabaja alrededor de los autos\u201d, dijo el secretario de Deportes, Gabriel Rivero, quien cont\u00f3 que en esta fecha se suma Miguel Baldoni, un referente del automovilismo de San Luis, y agradeci\u00f3 el trabajo conjunto de Deportes, Turismo y los municipios.<\/h3>\n<p><iframe title=\"Secretario de Deportes y Ministro de Turismo y Cultura\" width=\"640\" height=\"360\" src=\"https:\/\/www.youtube.com\/embed\/QUf1BvA-oiw?feature=oembed\" frameborder=\"0\" allow=\"accelerometer; autoplay; clipboard-write; encrypted-media; gyroscope; picture-in-picture; web-share\" referrerpolicy=\"strict-origin-when-cross-origin\" allowfullscreen><\/iframe><\/p>\n<h3>El ministro de Turismo, <strong>Juan Manuel Rigau<\/strong>, destac\u00f3 no solo el movimiento deportivo que despierta el rally sino tambi\u00e9n c\u00f3mo gira la rueda tur\u00edstica, econ\u00f3mica y social. \u201cEs un evento m\u00e1s que importante para la provincia, de mucha relevancia, al que llegan pilotos de todo el pa\u00eds. Hasta hoy tenemos datos bastante positivos. La gente va a buscar alojamiento en distintos lugares por los que va a ir pasando el rally. Solo de los equipos, que vienen con sus familias, mec\u00e1nicos y asistentes, tenemos mil personas. Hay un p\u00fablico que tambi\u00e9n consume, que realiza un gasto interesante para la provincia\u201d, asegur\u00f3 Rigau.<\/h3>\n<h3>Scarlatta, presidente del Rally Argentino, dijo que el evento es un compromiso que asumen con mucha responsabilidad y expres\u00f3 su agradecimiento al Ejecutivo provincial, por su trabajo. \u201cRealmente estamos muy contentos porque nos hemos sentido como en casa. San Luis es una provincia que tiene ADN de rally, que tiene plazas de primer nivel\u201d, elogi\u00f3.<\/h3>\n<p><iframe title=\"Conferencia Rally Argentino y Provincial\" width=\"640\" height=\"360\" src=\"https:\/\/www.youtube.com\/embed\/bgqrgO_3550?feature=oembed\" frameborder=\"0\" allow=\"accelerometer; autoplay; clipboard-write; encrypted-media; gyroscope; picture-in-picture; web-share\" referrerpolicy=\"strict-origin-when-cross-origin\" allowfullscreen><\/iframe><\/p>\n<h3>Y agreg\u00f3: \u201cSe genera un espect\u00e1culo que convoca a la gente en tiempos dif\u00edciles, que aporta a las econom\u00edas regionales, que trae un aire fresco para disfrutar del aire libre, principalmente en provincias como esta que tienen mucha cultura de rally, que saben de lo que se trata\u201d.<\/h3>\n<p>&nbsp;<\/p>\n<p>&nbsp;<\/p>\n<p>&nbsp;<\/p>\n<p>&nbsp;<\/p>\n<p>&nbsp;<\/p>\n<p>&nbsp;<\/p>\n","protected":false},"excerpt":{"rendered":"<p>La largada simb\u00f3lica ser\u00e1 este viernes a las 20:00 en la esquina de Pringles y&#8230;<\/p>\n","protected":false},"author":1,"featured_media":20226,"comment_status":"closed","ping_status":"closed","sticky":false,"template":"","format":"standard","meta":{"footnotes":""},"categories":[6,8],"tags":[],"class_list":["post-20225","post","type-post","status-publish","format-standard","has-post-thumbnail","hentry","category-ciudad-provincia","category-deportes"],"yoast_head":"<!-- This site is optimized with the Yoast SEO plugin v26.1.1 - https:\/\/yoast.com\/wordpress\/plugins\/seo\/ -->\n<title>SE LARGA ESTE VIERNES LA 5TA. FECHA DEL RALLY ARGENTINO - Apuntes de San Luis<\/title>\n<meta name=\"robots\" content=\"index, follow, max-snippet:-1, max-image-preview:large, max-video-preview:-1\" \/>\n<link rel=\"canonical\" href=\"https:\/\/apuntesdesanluis.com\/index.php\/2024\/08\/01\/se-larga-este-viernes-la-5ta-fecha-del-rally-argentino\/\" \/>\n<meta property=\"og:locale\" content=\"es_ES\" \/>\n<meta property=\"og:type\" content=\"article\" \/>\n<meta property=\"og:title\" content=\"SE LARGA ESTE VIERNES LA 5TA. FECHA DEL RALLY ARGENTINO - Apuntes de San Luis\" \/>\n<meta property=\"og:description\" content=\"La largada simb\u00f3lica ser\u00e1 este viernes a las 20:00 en la esquina de Pringles y...\" \/>\n<meta property=\"og:url\" content=\"https:\/\/apuntesdesanluis.com\/index.php\/2024\/08\/01\/se-larga-este-viernes-la-5ta-fecha-del-rally-argentino\/\" \/>\n<meta property=\"og:site_name\" content=\"Apuntes de San Luis\" \/>\n<meta property=\"article:published_time\" content=\"2024-08-02T00:12:39+00:00\" \/>\n<meta property=\"og:image\" content=\"https:\/\/apuntesdesanluis.com\/wp-content\/uploads\/2024\/08\/AUTOS-EN-TERRAZAS.png\" \/>\n\t<meta property=\"og:image:width\" content=\"700\" \/>\n\t<meta property=\"og:image:height\" content=\"405\" \/>\n\t<meta property=\"og:image:type\" content=\"image\/png\" \/>\n<meta name=\"author\" content=\"apuntesdesanluis.com\" \/>\n<meta name=\"twitter:card\" content=\"summary_large_image\" \/>\n<meta name=\"twitter:label1\" content=\"Escrito por\" \/>\n\t<meta name=\"twitter:data1\" content=\"apuntesdesanluis.com\" \/>\n\t<meta name=\"twitter:label2\" content=\"Tiempo de lectura\" \/>\n\t<meta name=\"twitter:data2\" content=\"3 minutos\" \/>\n<script type=\"application\/ld+json\" class=\"yoast-schema-graph\">{\"@context\":\"https:\/\/schema.org\",\"@graph\":[{\"@type\":\"Article\",\"@id\":\"https:\/\/apuntesdesanluis.com\/index.php\/2024\/08\/01\/se-larga-este-viernes-la-5ta-fecha-del-rally-argentino\/#article\",\"isPartOf\":{\"@id\":\"https:\/\/apuntesdesanluis.com\/index.php\/2024\/08\/01\/se-larga-este-viernes-la-5ta-fecha-del-rally-argentino\/\"},\"author\":{\"name\":\"apuntesdesanluis.com\",\"@id\":\"https:\/\/apuntesdesanluis.com\/#\/schema\/person\/b55151d52296fcce64d1a72538a70b90\"},\"headline\":\"SE LARGA ESTE VIERNES LA 5TA. FECHA DEL RALLY ARGENTINO\",\"datePublished\":\"2024-08-02T00:12:39+00:00\",\"mainEntityOfPage\":{\"@id\":\"https:\/\/apuntesdesanluis.com\/index.php\/2024\/08\/01\/se-larga-este-viernes-la-5ta-fecha-del-rally-argentino\/\"},\"wordCount\":472,\"publisher\":{\"@id\":\"https:\/\/apuntesdesanluis.com\/#\/schema\/person\/b55151d52296fcce64d1a72538a70b90\"},\"image\":{\"@id\":\"https:\/\/apuntesdesanluis.com\/index.php\/2024\/08\/01\/se-larga-este-viernes-la-5ta-fecha-del-rally-argentino\/#primaryimage\"},\"thumbnailUrl\":\"https:\/\/apuntesdesanluis.com\/wp-content\/uploads\/2024\/08\/AUTOS-EN-TERRAZAS.png\",\"articleSection\":[\"Ciudad\/Provincia\",\"Deportes\"],\"inLanguage\":\"es-AR\"},{\"@type\":\"WebPage\",\"@id\":\"https:\/\/apuntesdesanluis.com\/index.php\/2024\/08\/01\/se-larga-este-viernes-la-5ta-fecha-del-rally-argentino\/\",\"url\":\"https:\/\/apuntesdesanluis.com\/index.php\/2024\/08\/01\/se-larga-este-viernes-la-5ta-fecha-del-rally-argentino\/\",\"name\":\"SE LARGA ESTE VIERNES LA 5TA. FECHA DEL RALLY ARGENTINO - Apuntes de San Luis\",\"isPartOf\":{\"@id\":\"https:\/\/apuntesdesanluis.com\/#website\"},\"primaryImageOfPage\":{\"@id\":\"https:\/\/apuntesdesanluis.com\/index.php\/2024\/08\/01\/se-larga-este-viernes-la-5ta-fecha-del-rally-argentino\/#primaryimage\"},\"image\":{\"@id\":\"https:\/\/apuntesdesanluis.com\/index.php\/2024\/08\/01\/se-larga-este-viernes-la-5ta-fecha-del-rally-argentino\/#primaryimage\"},\"thumbnailUrl\":\"https:\/\/apuntesdesanluis.com\/wp-content\/uploads\/2024\/08\/AUTOS-EN-TERRAZAS.png\",\"datePublished\":\"2024-08-02T00:12:39+00:00\",\"breadcrumb\":{\"@id\":\"https:\/\/apuntesdesanluis.com\/index.php\/2024\/08\/01\/se-larga-este-viernes-la-5ta-fecha-del-rally-argentino\/#breadcrumb\"},\"inLanguage\":\"es-AR\",\"potentialAction\":[{\"@type\":\"ReadAction\",\"target\":[\"https:\/\/apuntesdesanluis.com\/index.php\/2024\/08\/01\/se-larga-este-viernes-la-5ta-fecha-del-rally-argentino\/\"]}]},{\"@type\":\"ImageObject\",\"inLanguage\":\"es-AR\",\"@id\":\"https:\/\/apuntesdesanluis.com\/index.php\/2024\/08\/01\/se-larga-este-viernes-la-5ta-fecha-del-rally-argentino\/#primaryimage\",\"url\":\"https:\/\/apuntesdesanluis.com\/wp-content\/uploads\/2024\/08\/AUTOS-EN-TERRAZAS.png\",\"contentUrl\":\"https:\/\/apuntesdesanluis.com\/wp-content\/uploads\/2024\/08\/AUTOS-EN-TERRAZAS.png\",\"width\":700,\"height\":405},{\"@type\":\"BreadcrumbList\",\"@id\":\"https:\/\/apuntesdesanluis.com\/index.php\/2024\/08\/01\/se-larga-este-viernes-la-5ta-fecha-del-rally-argentino\/#breadcrumb\",\"itemListElement\":[{\"@type\":\"ListItem\",\"position\":1,\"name\":\"Inicio\",\"item\":\"https:\/\/apuntesdesanluis.com\/\"},{\"@type\":\"ListItem\",\"position\":2,\"name\":\"SE LARGA ESTE VIERNES LA 5TA. FECHA DEL RALLY ARGENTINO\"}]},{\"@type\":\"WebSite\",\"@id\":\"https:\/\/apuntesdesanluis.com\/#website\",\"url\":\"https:\/\/apuntesdesanluis.com\/\",\"name\":\"Apuntes de San Luis\",\"description\":\"\",\"publisher\":{\"@id\":\"https:\/\/apuntesdesanluis.com\/#\/schema\/person\/b55151d52296fcce64d1a72538a70b90\"},\"potentialAction\":[{\"@type\":\"SearchAction\",\"target\":{\"@type\":\"EntryPoint\",\"urlTemplate\":\"https:\/\/apuntesdesanluis.com\/?s={search_term_string}\"},\"query-input\":{\"@type\":\"PropertyValueSpecification\",\"valueRequired\":true,\"valueName\":\"search_term_string\"}}],\"inLanguage\":\"es-AR\"},{\"@type\":[\"Person\",\"Organization\"],\"@id\":\"https:\/\/apuntesdesanluis.com\/#\/schema\/person\/b55151d52296fcce64d1a72538a70b90\",\"name\":\"apuntesdesanluis.com\",\"image\":{\"@type\":\"ImageObject\",\"inLanguage\":\"es-AR\",\"@id\":\"https:\/\/apuntesdesanluis.com\/#\/schema\/person\/image\/\",\"url\":\"https:\/\/apuntesdesanluis.com\/wp-content\/uploads\/2023\/07\/cropped-apuntesdesanluis.png\",\"contentUrl\":\"https:\/\/apuntesdesanluis.com\/wp-content\/uploads\/2023\/07\/cropped-apuntesdesanluis.png\",\"width\":450,\"height\":112,\"caption\":\"apuntesdesanluis.com\"},\"logo\":{\"@id\":\"https:\/\/apuntesdesanluis.com\/#\/schema\/person\/image\/\"},\"sameAs\":[\"https:\/\/apuntesdesanluis.com\"],\"url\":\"https:\/\/apuntesdesanluis.com\/index.php\/author\/apuntesdesanluis-com\/\"}]}<\/script>\n<!-- \/ Yoast SEO plugin. -->","yoast_head_json":{"title":"SE LARGA ESTE VIERNES LA 5TA. FECHA DEL RALLY ARGENTINO - Apuntes de San Luis","robots":{"index":"index","follow":"follow","max-snippet":"max-snippet:-1","max-image-preview":"max-image-preview:large","max-video-preview":"max-video-preview:-1"},"canonical":"https:\/\/apuntesdesanluis.com\/index.php\/2024\/08\/01\/se-larga-este-viernes-la-5ta-fecha-del-rally-argentino\/","og_locale":"es_ES","og_type":"article","og_title":"SE LARGA ESTE VIERNES LA 5TA. FECHA DEL RALLY ARGENTINO - Apuntes de San Luis","og_description":"La largada simb\u00f3lica ser\u00e1 este viernes a las 20:00 en la esquina de Pringles y...","og_url":"https:\/\/apuntesdesanluis.com\/index.php\/2024\/08\/01\/se-larga-este-viernes-la-5ta-fecha-del-rally-argentino\/","og_site_name":"Apuntes de San Luis","article_published_time":"2024-08-02T00:12:39+00:00","og_image":[{"width":700,"height":405,"url":"https:\/\/apuntesdesanluis.com\/wp-content\/uploads\/2024\/08\/AUTOS-EN-TERRAZAS.png","type":"image\/png"}],"author":"apuntesdesanluis.com","twitter_card":"summary_large_image","twitter_misc":{"Escrito por":"apuntesdesanluis.com","Tiempo de lectura":"3 minutos"},"schema":{"@context":"https:\/\/schema.org","@graph":[{"@type":"Article","@id":"https:\/\/apuntesdesanluis.com\/index.php\/2024\/08\/01\/se-larga-este-viernes-la-5ta-fecha-del-rally-argentino\/#article","isPartOf":{"@id":"https:\/\/apuntesdesanluis.com\/index.php\/2024\/08\/01\/se-larga-este-viernes-la-5ta-fecha-del-rally-argentino\/"},"author":{"name":"apuntesdesanluis.com","@id":"https:\/\/apuntesdesanluis.com\/#\/schema\/person\/b55151d52296fcce64d1a72538a70b90"},"headline":"SE LARGA ESTE VIERNES LA 5TA. FECHA DEL RALLY ARGENTINO","datePublished":"2024-08-02T00:12:39+00:00","mainEntityOfPage":{"@id":"https:\/\/apuntesdesanluis.com\/index.php\/2024\/08\/01\/se-larga-este-viernes-la-5ta-fecha-del-rally-argentino\/"},"wordCount":472,"publisher":{"@id":"https:\/\/apuntesdesanluis.com\/#\/schema\/person\/b55151d52296fcce64d1a72538a70b90"},"image":{"@id":"https:\/\/apuntesdesanluis.com\/index.php\/2024\/08\/01\/se-larga-este-viernes-la-5ta-fecha-del-rally-argentino\/#primaryimage"},"thumbnailUrl":"https:\/\/apuntesdesanluis.com\/wp-content\/uploads\/2024\/08\/AUTOS-EN-TERRAZAS.png","articleSection":["Ciudad\/Provincia","Deportes"],"inLanguage":"es-AR"},{"@type":"WebPage","@id":"https:\/\/apuntesdesanluis.com\/index.php\/2024\/08\/01\/se-larga-este-viernes-la-5ta-fecha-del-rally-argentino\/","url":"https:\/\/apuntesdesanluis.com\/index.php\/2024\/08\/01\/se-larga-este-viernes-la-5ta-fecha-del-rally-argentino\/","name":"SE LARGA ESTE VIERNES LA 5TA. FECHA DEL RALLY ARGENTINO - Apuntes de San Luis","isPartOf":{"@id":"https:\/\/apuntesdesanluis.com\/#website"},"primaryImageOfPage":{"@id":"https:\/\/apuntesdesanluis.com\/index.php\/2024\/08\/01\/se-larga-este-viernes-la-5ta-fecha-del-rally-argentino\/#primaryimage"},"image":{"@id":"https:\/\/apuntesdesanluis.com\/index.php\/2024\/08\/01\/se-larga-este-viernes-la-5ta-fecha-del-rally-argentino\/#primaryimage"},"thumbnailUrl":"https:\/\/apuntesdesanluis.com\/wp-content\/uploads\/2024\/08\/AUTOS-EN-TERRAZAS.png","datePublished":"2024-08-02T00:12:39+00:00","breadcrumb":{"@id":"https:\/\/apuntesdesanluis.com\/index.php\/2024\/08\/01\/se-larga-este-viernes-la-5ta-fecha-del-rally-argentino\/#breadcrumb"},"inLanguage":"es-AR","potentialAction":[{"@type":"ReadAction","target":["https:\/\/apuntesdesanluis.com\/index.php\/2024\/08\/01\/se-larga-este-viernes-la-5ta-fecha-del-rally-argentino\/"]}]},{"@type":"ImageObject","inLanguage":"es-AR","@id":"https:\/\/apuntesdesanluis.com\/index.php\/2024\/08\/01\/se-larga-este-viernes-la-5ta-fecha-del-rally-argentino\/#primaryimage","url":"https:\/\/apuntesdesanluis.com\/wp-content\/uploads\/2024\/08\/AUTOS-EN-TERRAZAS.png","contentUrl":"https:\/\/apuntesdesanluis.com\/wp-content\/uploads\/2024\/08\/AUTOS-EN-TERRAZAS.png","width":700,"height":405},{"@type":"BreadcrumbList","@id":"https:\/\/apuntesdesanluis.com\/index.php\/2024\/08\/01\/se-larga-este-viernes-la-5ta-fecha-del-rally-argentino\/#breadcrumb","itemListElement":[{"@type":"ListItem","position":1,"name":"Inicio","item":"https:\/\/apuntesdesanluis.com\/"},{"@type":"ListItem","position":2,"name":"SE LARGA ESTE VIERNES LA 5TA. FECHA DEL RALLY ARGENTINO"}]},{"@type":"WebSite","@id":"https:\/\/apuntesdesanluis.com\/#website","url":"https:\/\/apuntesdesanluis.com\/","name":"Apuntes de San Luis","description":"","publisher":{"@id":"https:\/\/apuntesdesanluis.com\/#\/schema\/person\/b55151d52296fcce64d1a72538a70b90"},"potentialAction":[{"@type":"SearchAction","target":{"@type":"EntryPoint","urlTemplate":"https:\/\/apuntesdesanluis.com\/?s={search_term_string}"},"query-input":{"@type":"PropertyValueSpecification","valueRequired":true,"valueName":"search_term_string"}}],"inLanguage":"es-AR"},{"@type":["Person","Organization"],"@id":"https:\/\/apuntesdesanluis.com\/#\/schema\/person\/b55151d52296fcce64d1a72538a70b90","name":"apuntesdesanluis.com","image":{"@type":"ImageObject","inLanguage":"es-AR","@id":"https:\/\/apuntesdesanluis.com\/#\/schema\/person\/image\/","url":"https:\/\/apuntesdesanluis.com\/wp-content\/uploads\/2023\/07\/cropped-apuntesdesanluis.png","contentUrl":"https:\/\/apuntesdesanluis.com\/wp-content\/uploads\/2023\/07\/cropped-apuntesdesanluis.png","width":450,"height":112,"caption":"apuntesdesanluis.com"},"logo":{"@id":"https:\/\/apuntesdesanluis.com\/#\/schema\/person\/image\/"},"sameAs":["https:\/\/apuntesdesanluis.com"],"url":"https:\/\/apuntesdesanluis.com\/index.php\/author\/apuntesdesanluis-com\/"}]}},"featured_image_urls":{"full":["https:\/\/apuntesdesanluis.com\/wp-content\/uploads\/2024\/08\/AUTOS-EN-TERRAZAS.png",700,405,false],"thumbnail":["https:\/\/apuntesdesanluis.com\/wp-content\/uploads\/2024\/08\/AUTOS-EN-TERRAZAS-150x150.png",150,150,true],"medium":["https:\/\/apuntesdesanluis.com\/wp-content\/uploads\/2024\/08\/AUTOS-EN-TERRAZAS-300x174.png",300,174,true],"medium_large":["https:\/\/apuntesdesanluis.com\/wp-content\/uploads\/2024\/08\/AUTOS-EN-TERRAZAS.png",640,370,false],"large":["https:\/\/apuntesdesanluis.com\/wp-content\/uploads\/2024\/08\/AUTOS-EN-TERRAZAS.png",640,370,false],"1536x1536":["https:\/\/apuntesdesanluis.com\/wp-content\/uploads\/2024\/08\/AUTOS-EN-TERRAZAS.png",700,405,false],"2048x2048":["https:\/\/apuntesdesanluis.com\/wp-content\/uploads\/2024\/08\/AUTOS-EN-TERRAZAS.png",700,405,false],"newsever-slider-full":["https:\/\/apuntesdesanluis.com\/wp-content\/uploads\/2024\/08\/AUTOS-EN-TERRAZAS.png",700,405,false],"newsever-featured":["https:\/\/apuntesdesanluis.com\/wp-content\/uploads\/2024\/08\/AUTOS-EN-TERRAZAS.png",700,405,false],"newsever-medium":["https:\/\/apuntesdesanluis.com\/wp-content\/uploads\/2024\/08\/AUTOS-EN-TERRAZAS.png",700,405,false]},"author_info":{"display_name":"apuntesdesanluis.com","author_link":"https:\/\/apuntesdesanluis.com\/index.php\/author\/apuntesdesanluis-com\/"},"category_info":"<a href=\"https:\/\/apuntesdesanluis.com\/index.php\/category\/ciudad-provincia\/\" rel=\"category tag\">Ciudad\/Provincia<\/a> <a href=\"https:\/\/apuntesdesanluis.com\/index.php\/category\/deportes\/\" rel=\"category tag\">Deportes<\/a>","tag_info":"Deportes","comment_count":"0","_links":{"self":[{"href":"https:\/\/apuntesdesanluis.com\/index.php\/wp-json\/wp\/v2\/posts\/20225","targetHints":{"allow":["GET"]}}],"collection":[{"href":"https:\/\/apuntesdesanluis.com\/index.php\/wp-json\/wp\/v2\/posts"}],"about":[{"href":"https:\/\/apuntesdesanluis.com\/index.php\/wp-json\/wp\/v2\/types\/post"}],"author":[{"embeddable":true,"href":"https:\/\/apuntesdesanluis.com\/index.php\/wp-json\/wp\/v2\/users\/1"}],"replies":[{"embeddable":true,"href":"https:\/\/apuntesdesanluis.com\/index.php\/wp-json\/wp\/v2\/comments?post=20225"}],"version-history":[{"count":1,"href":"https:\/\/apuntesdesanluis.com\/index.php\/wp-json\/wp\/v2\/posts\/20225\/revisions"}],"predecessor-version":[{"id":20228,"href":"https:\/\/apuntesdesanluis.com\/index.php\/wp-json\/wp\/v2\/posts\/20225\/revisions\/20228"}],"wp:featuredmedia":[{"embeddable":true,"href":"https:\/\/apuntesdesanluis.com\/index.php\/wp-json\/wp\/v2\/media\/20226"}],"wp:attachment":[{"href":"https:\/\/apuntesdesanluis.com\/index.php\/wp-json\/wp\/v2\/media?parent=20225"}],"wp:term":[{"taxonomy":"category","embeddable":true,"href":"https:\/\/apuntesdesanluis.com\/index.php\/wp-json\/wp\/v2\/categories?post=20225"},{"taxonomy":"post_tag","embeddable":true,"href":"https:\/\/apuntesdesanluis.com\/index.php\/wp-json\/wp\/v2\/tags?post=20225"}],"curies":[{"name":"wp","href":"https:\/\/api.w.org\/{rel}","templated":true}]}}