{"id":20229,"date":"2024-08-01T21:38:14","date_gmt":"2024-08-02T00:38:14","guid":{"rendered":"https:\/\/apuntesdesanluis.com\/?p=20229"},"modified":"2024-08-01T21:38:14","modified_gmt":"2024-08-02T00:38:14","slug":"los-diplomaticos-argentinos-dejaron-venezuela-machado-y-urrutia-pasaron-a-la-clandestinidad","status":"publish","type":"post","link":"https:\/\/apuntesdesanluis.com\/index.php\/2024\/08\/01\/los-diplomaticos-argentinos-dejaron-venezuela-machado-y-urrutia-pasaron-a-la-clandestinidad\/","title":{"rendered":"LOS DIPLOM\u00c1TICOS ARGENTINOS DEJARON VENEZUELA; MACHADO Y URRUTIA PASARON A LA CLANDESTINIDAD"},"content":{"rendered":"<h3>Los cinco diplom\u00e1ticos argentinos y sus familias, un contingente en total de 14 personas, despegaron esta tarde del Aeropuerto Internacional de Maiquet\u00eda Sim\u00f3n Bol\u00edvar con destino a Portugal, tras un operativo que cont\u00f3 con el apoyo de <strong>Brasil, M\u00e9xico e Italia<\/strong>, debido a la orden de expulsi\u00f3n del pa\u00eds que emiti\u00f3 el gobierno de <strong>Nicol\u00e1s Maduro,<\/strong> tras la decisi\u00f3n del presidente <strong>Javier Milei<\/strong> de desconocer su triunfo en las elecciones fraudulentas del domingo.<\/h3>\n<h3>Mientras tanto, <strong>Mar\u00eda Corina Machado<\/strong> y el ex candidato presidencial <strong>Edmundo Gonz\u00e1lez Urrutia<\/strong> informaron que pasaron a la clandestinidad luego de las advertencias de <strong>Maduro<\/strong>, sobre la posibilidad de encarcelarlos.<\/h3>\n<h3>Encabezados por el Encargado de Negocios en Caracas, Andr\u00e9s Mangiarotti, la decena y media de pasajeros abordaron un avi\u00f3n comercial que tiene por destino final Lisboa. Desde all\u00ed, todos regresar\u00e1n, tras una escala en Madrid, a Ezeiza, donde ser\u00e1n recibidos la madrugada del s\u00e1bado por la ministra de Relaciones Exteriores,<strong> Diana Mondino<\/strong>, y el vicecanciller <strong>Leopoldo Sahores<\/strong>.<\/h3>\n<p><img fetchpriority=\"high\" decoding=\"async\" class=\"wp-image-20230 aligncenter\" src=\"https:\/\/apuntesdesanluis.com\/wp-content\/uploads\/2024\/08\/bandera-de-brasil-300x200.png\" alt=\"\" width=\"699\" height=\"466\" srcset=\"https:\/\/apuntesdesanluis.com\/wp-content\/uploads\/2024\/08\/bandera-de-brasil-300x200.png 300w, https:\/\/apuntesdesanluis.com\/wp-content\/uploads\/2024\/08\/bandera-de-brasil.png 626w\" sizes=\"(max-width: 699px) 100vw, 699px\" \/><\/p>\n<h3>Esta ma\u00f1ana, a las 9, el embajador Mangiarotti coloc\u00f3 la bandera de Brasil en la residencia del embajador, pa\u00eds que se hizo cargo de la representaci\u00f3n de los intereses nacionales y, sobre todo, tendr\u00e1 bajo su protecci\u00f3n a los seis militantes de la agrupaci\u00f3n de la l\u00edder opositora Mar\u00eda Corina Machado, que estaban en condici\u00f3n de asilados y que la dictadura de Maduro nunca acept\u00f3 brindar un salvoconducto para que puedan salir de all\u00ed para abandonar el pa\u00eds.<\/h3>\n<h3>Los diplom\u00e1ticos argentinos y sus familias despegaron de Maiquet\u00eda despu\u00e9s de un operativo que incluy\u00f3, por la ma\u00f1ana, el traspaso y el izamiento de la bandera de Brasil en la residencia del embajador y en la Embajada de Argentina y el traslado hacia el aeropuerto internacional desde donde iban a partir a la capital portuguesa. En el final del trayecto, los escoltaron personal de las embajadas de Brasil, M\u00e9xico e Italia, para garantizar la seguridad del contingente.<\/h3>\n<h3>\u201cLos escoltaron veh\u00edculos de Brasil, M\u00e9xico e Italia hasta que pudieron abordar sin problemas el avi\u00f3n\u201d, explicaron las fuentes. Minutos despu\u00e9s de las 16.30, el vuelo de la l\u00ednea a\u00e9rea de Portugal despeg\u00f3 para iniciar un extenso periplo, que culminar\u00e1 con el aterrizaje, la madrugada del s\u00e1bado, en Buenos Aires.<\/h3>\n<h3>En un comunicado oficial, el Ministerio de Relaciones Exteriores inform\u00f3 que \u201cel personal diplom\u00e1tico, agregados militares y agregado administrativo que prestaban funciones en la Embajada Argentina en Venezuela abandonaron dicho pa\u00eds junto a sus familias\u201d.<\/h3>\n<h3>\u201cSu partida fue ordenada por el Presidente Nicol\u00e1s Maduro como consecuencia del desconocimiento y rechazo de nuestro pa\u00eds del fraudulento resultado de la elecci\u00f3n presidencial ocurrida el pasado 28 de julio. Han sido d\u00edas y meses muy desafiantes para el personal de la Embajada, en los que han dado muestras incuestionables de su profesionalidad, su calidad humana y su sentido del deber, tanto en la protecci\u00f3n de los intereses de la Naci\u00f3n Argentina como as\u00ed tambi\u00e9n de la vida y la libertad de los seis asilados pol\u00edticos refugiados durante m\u00e1s de cuatro meses en la Embajada\u201d, se indic\u00f3.<\/h3>\n<p><img decoding=\"async\" class=\"wp-image-19599 aligncenter\" src=\"https:\/\/apuntesdesanluis.com\/wp-content\/uploads\/2024\/07\/maduro-300x202.png\" alt=\"\" width=\"682\" height=\"459\" srcset=\"https:\/\/apuntesdesanluis.com\/wp-content\/uploads\/2024\/07\/maduro-300x202.png 300w, https:\/\/apuntesdesanluis.com\/wp-content\/uploads\/2024\/07\/maduro.png 561w\" sizes=\"(max-width: 682px) 100vw, 682px\" \/><\/p>\n<h3>Y por \u00faltimo, la Canciller\u00eda expres\u00f3 \u201csu m\u00e1s profunda gratitud y reconocimiento al personal diplom\u00e1tico, militar y administrativo de la Embajada Argentina en Venezuela, y hace votos para que muy pronto pueda retornar a cumplir sus funciones en una Venezuela libre y democr\u00e1tica\u201d.<\/h3>\n<h3>CR\u00cdTICAS Y EXPULSI\u00d3N DE VENEZUELA<\/h3>\n<h3>Los diplom\u00e1ticos tuvieron que dejar el pa\u00eds porque el r\u00e9gimen dispuso la expulsi\u00f3n de todo el personal, lo que precipit\u00f3 una ruptura de las relaciones diplom\u00e1ticas. \u201cEn virtud de las injerencistas acciones y declaraciones de su gobierno de desconocer los resultados electorales de los comicios presidenciales efectuados el domingo (&#8230;) ha decidido solicitar el retiro de nuestro pa\u00eds de los funcionarios diplom\u00e1ticos y consulares argentinos en el plazo m\u00e1ximo de 72 horas a partir de la presente fecha\u201d, estableci\u00f3 la carta que entreg\u00f3 el r\u00e9gimen de Maduro.<\/h3>\n<h3>\u201cESCRIBO DESDE LA CLANDESTINIDAD\u201d<\/h3>\n<h3>La dirigente opositora <strong>Mar\u00eda Corina Machado<\/strong> y el ex candidato presidencial <strong>Edmundo Gonz\u00e1lez Urrutia<\/strong> se encuentran resguardados y temen &#8220;por su vida&#8221;, luego de las advertencias del gobierno del presidente de Venezuela, <strong>Nicol\u00e1s Maduro<\/strong>, sobre la posibilidad de encarcelarlos.<\/h3>\n<h3><img decoding=\"async\" class=\"wp-image-20231 aligncenter\" src=\"https:\/\/apuntesdesanluis.com\/wp-content\/uploads\/2024\/08\/machado-y-urrutia-300x190.png\" alt=\"\" width=\"658\" height=\"417\" srcset=\"https:\/\/apuntesdesanluis.com\/wp-content\/uploads\/2024\/08\/machado-y-urrutia-300x190.png 300w, https:\/\/apuntesdesanluis.com\/wp-content\/uploads\/2024\/08\/machado-y-urrutia.png 626w\" sizes=\"(max-width: 658px) 100vw, 658px\" \/><\/h3>\n<h3>Adem\u00e1s, la l\u00edder opositora reclam\u00f3 ayuda a la comunidad internacional contra el gobierno &#8220;ileg\u00edtimo&#8221; de Maduro.<\/h3>\n<h3>&#8220;Escribo esto desde la clandestinidad, temiendo por mi vida, mi libertad y la de mis compatriotas de la dictadura que lidera Nicol\u00e1s Maduro&#8221;, afirm\u00f3 Machado en una carta abierta que public\u00f3 este jueves en el peri\u00f3dico estadounidense The Wall Street Journal.<\/h3>\n<h3>En las \u00faltimas horas, el mandatario bolivariano hab\u00eda dicho que los dos opositores &#8220;ten\u00edan que estar tras las rejas&#8221;, al se\u00f1alarlos como culpables de las protestas contra su reelecci\u00f3n que dejaron varios muertos.<\/h3>\n<h3>En una extensa misiva, Machado resalt\u00f3 que &#8220;el se\u00f1or Maduro no gan\u00f3 las elecciones presidenciales venezolanas del domingo&#8221;.<\/h3>\n<h3>&#8220;Perdi\u00f3 de manera aplastante frente a Edmundo Gonz\u00e1lez, con un 67% de los votos frente a un 30%. S\u00e9 que esto es cierto porque puedo demostrarlo. Tengo recibos obtenidos directamente de m\u00e1s del 80% de los centros de votaci\u00f3n del pa\u00eds&#8221;, asegur\u00f3 en su mensaje.<\/h3>\n<h3>Tras dar su versi\u00f3n de lo sucedido el d\u00eda de la elecci\u00f3n y el posterior, la dirigente opositora expres\u00f3: &#8220;Los venezolanos hemos cumplido con nuestro deber. Hemos expulsado al se\u00f1or Maduro. Ahora le toca a la comunidad internacional decidir si tolera un gobierno manifiestamente ileg\u00edtimo&#8221;.<\/h3>\n<p>&nbsp;<\/p>\n<p>&nbsp;<\/p>\n<p>&nbsp;<\/p>\n<p>&nbsp;<\/p>\n<p>&nbsp;<\/p>\n<p>&nbsp;<\/p>\n","protected":false},"excerpt":{"rendered":"<p>Los cinco diplom\u00e1ticos argentinos y sus familias, un contingente en total de 14 personas, despegaron&#8230;<\/p>\n","protected":false},"author":1,"featured_media":20232,"comment_status":"closed","ping_status":"closed","sticky":false,"template":"","format":"standard","meta":{"footnotes":""},"categories":[5],"tags":[],"class_list":["post-20229","post","type-post","status-publish","format-standard","has-post-thumbnail","hentry","category-nacionales-internacionales"],"yoast_head":"<!-- This site is optimized with the Yoast SEO plugin v26.1.1 - https:\/\/yoast.com\/wordpress\/plugins\/seo\/ -->\n<title>LOS DIPLOM\u00c1TICOS ARGENTINOS DEJARON VENEZUELA; MACHADO Y URRUTIA PASARON A LA CLANDESTINIDAD - Apuntes de San Luis<\/title>\n<meta name=\"robots\" content=\"index, follow, max-snippet:-1, max-image-preview:large, max-video-preview:-1\" \/>\n<link rel=\"canonical\" href=\"https:\/\/apuntesdesanluis.com\/index.php\/2024\/08\/01\/los-diplomaticos-argentinos-dejaron-venezuela-machado-y-urrutia-pasaron-a-la-clandestinidad\/\" \/>\n<meta property=\"og:locale\" content=\"es_ES\" \/>\n<meta property=\"og:type\" content=\"article\" \/>\n<meta property=\"og:title\" content=\"LOS DIPLOM\u00c1TICOS ARGENTINOS DEJARON VENEZUELA; MACHADO Y URRUTIA PASARON A LA CLANDESTINIDAD - Apuntes de San Luis\" \/>\n<meta property=\"og:description\" content=\"Los cinco diplom\u00e1ticos argentinos y sus familias, un contingente en total de 14 personas, despegaron...\" \/>\n<meta property=\"og:url\" content=\"https:\/\/apuntesdesanluis.com\/index.php\/2024\/08\/01\/los-diplomaticos-argentinos-dejaron-venezuela-machado-y-urrutia-pasaron-a-la-clandestinidad\/\" \/>\n<meta property=\"og:site_name\" content=\"Apuntes de San Luis\" \/>\n<meta property=\"article:published_time\" content=\"2024-08-02T00:38:14+00:00\" \/>\n<meta property=\"og:image\" content=\"https:\/\/apuntesdesanluis.com\/wp-content\/uploads\/2024\/08\/bandera-en-venezuela-de-brasil.png\" \/>\n\t<meta property=\"og:image:width\" content=\"839\" \/>\n\t<meta property=\"og:image:height\" content=\"535\" \/>\n\t<meta property=\"og:image:type\" content=\"image\/png\" \/>\n<meta name=\"author\" content=\"apuntesdesanluis.com\" \/>\n<meta name=\"twitter:card\" content=\"summary_large_image\" \/>\n<meta name=\"twitter:label1\" content=\"Escrito por\" \/>\n\t<meta name=\"twitter:data1\" content=\"apuntesdesanluis.com\" \/>\n\t<meta name=\"twitter:label2\" content=\"Tiempo de lectura\" \/>\n\t<meta name=\"twitter:data2\" content=\"5 minutos\" \/>\n<script type=\"application\/ld+json\" class=\"yoast-schema-graph\">{\"@context\":\"https:\/\/schema.org\",\"@graph\":[{\"@type\":\"Article\",\"@id\":\"https:\/\/apuntesdesanluis.com\/index.php\/2024\/08\/01\/los-diplomaticos-argentinos-dejaron-venezuela-machado-y-urrutia-pasaron-a-la-clandestinidad\/#article\",\"isPartOf\":{\"@id\":\"https:\/\/apuntesdesanluis.com\/index.php\/2024\/08\/01\/los-diplomaticos-argentinos-dejaron-venezuela-machado-y-urrutia-pasaron-a-la-clandestinidad\/\"},\"author\":{\"name\":\"apuntesdesanluis.com\",\"@id\":\"https:\/\/apuntesdesanluis.com\/#\/schema\/person\/b55151d52296fcce64d1a72538a70b90\"},\"headline\":\"LOS DIPLOM\u00c1TICOS ARGENTINOS DEJARON VENEZUELA; MACHADO Y URRUTIA PASARON A LA CLANDESTINIDAD\",\"datePublished\":\"2024-08-02T00:38:14+00:00\",\"mainEntityOfPage\":{\"@id\":\"https:\/\/apuntesdesanluis.com\/index.php\/2024\/08\/01\/los-diplomaticos-argentinos-dejaron-venezuela-machado-y-urrutia-pasaron-a-la-clandestinidad\/\"},\"wordCount\":969,\"publisher\":{\"@id\":\"https:\/\/apuntesdesanluis.com\/#\/schema\/person\/b55151d52296fcce64d1a72538a70b90\"},\"image\":{\"@id\":\"https:\/\/apuntesdesanluis.com\/index.php\/2024\/08\/01\/los-diplomaticos-argentinos-dejaron-venezuela-machado-y-urrutia-pasaron-a-la-clandestinidad\/#primaryimage\"},\"thumbnailUrl\":\"https:\/\/apuntesdesanluis.com\/wp-content\/uploads\/2024\/08\/bandera-en-venezuela-de-brasil.png\",\"articleSection\":[\"Nacionales\/Internacionales\"],\"inLanguage\":\"es-AR\"},{\"@type\":\"WebPage\",\"@id\":\"https:\/\/apuntesdesanluis.com\/index.php\/2024\/08\/01\/los-diplomaticos-argentinos-dejaron-venezuela-machado-y-urrutia-pasaron-a-la-clandestinidad\/\",\"url\":\"https:\/\/apuntesdesanluis.com\/index.php\/2024\/08\/01\/los-diplomaticos-argentinos-dejaron-venezuela-machado-y-urrutia-pasaron-a-la-clandestinidad\/\",\"name\":\"LOS DIPLOM\u00c1TICOS ARGENTINOS DEJARON VENEZUELA; MACHADO Y URRUTIA PASARON A LA CLANDESTINIDAD - Apuntes de San Luis\",\"isPartOf\":{\"@id\":\"https:\/\/apuntesdesanluis.com\/#website\"},\"primaryImageOfPage\":{\"@id\":\"https:\/\/apuntesdesanluis.com\/index.php\/2024\/08\/01\/los-diplomaticos-argentinos-dejaron-venezuela-machado-y-urrutia-pasaron-a-la-clandestinidad\/#primaryimage\"},\"image\":{\"@id\":\"https:\/\/apuntesdesanluis.com\/index.php\/2024\/08\/01\/los-diplomaticos-argentinos-dejaron-venezuela-machado-y-urrutia-pasaron-a-la-clandestinidad\/#primaryimage\"},\"thumbnailUrl\":\"https:\/\/apuntesdesanluis.com\/wp-content\/uploads\/2024\/08\/bandera-en-venezuela-de-brasil.png\",\"datePublished\":\"2024-08-02T00:38:14+00:00\",\"breadcrumb\":{\"@id\":\"https:\/\/apuntesdesanluis.com\/index.php\/2024\/08\/01\/los-diplomaticos-argentinos-dejaron-venezuela-machado-y-urrutia-pasaron-a-la-clandestinidad\/#breadcrumb\"},\"inLanguage\":\"es-AR\",\"potentialAction\":[{\"@type\":\"ReadAction\",\"target\":[\"https:\/\/apuntesdesanluis.com\/index.php\/2024\/08\/01\/los-diplomaticos-argentinos-dejaron-venezuela-machado-y-urrutia-pasaron-a-la-clandestinidad\/\"]}]},{\"@type\":\"ImageObject\",\"inLanguage\":\"es-AR\",\"@id\":\"https:\/\/apuntesdesanluis.com\/index.php\/2024\/08\/01\/los-diplomaticos-argentinos-dejaron-venezuela-machado-y-urrutia-pasaron-a-la-clandestinidad\/#primaryimage\",\"url\":\"https:\/\/apuntesdesanluis.com\/wp-content\/uploads\/2024\/08\/bandera-en-venezuela-de-brasil.png\",\"contentUrl\":\"https:\/\/apuntesdesanluis.com\/wp-content\/uploads\/2024\/08\/bandera-en-venezuela-de-brasil.png\",\"width\":839,\"height\":535},{\"@type\":\"BreadcrumbList\",\"@id\":\"https:\/\/apuntesdesanluis.com\/index.php\/2024\/08\/01\/los-diplomaticos-argentinos-dejaron-venezuela-machado-y-urrutia-pasaron-a-la-clandestinidad\/#breadcrumb\",\"itemListElement\":[{\"@type\":\"ListItem\",\"position\":1,\"name\":\"Inicio\",\"item\":\"https:\/\/apuntesdesanluis.com\/\"},{\"@type\":\"ListItem\",\"position\":2,\"name\":\"LOS DIPLOM\u00c1TICOS ARGENTINOS DEJARON VENEZUELA; MACHADO Y URRUTIA PASARON A LA CLANDESTINIDAD\"}]},{\"@type\":\"WebSite\",\"@id\":\"https:\/\/apuntesdesanluis.com\/#website\",\"url\":\"https:\/\/apuntesdesanluis.com\/\",\"name\":\"Apuntes de San Luis\",\"description\":\"\",\"publisher\":{\"@id\":\"https:\/\/apuntesdesanluis.com\/#\/schema\/person\/b55151d52296fcce64d1a72538a70b90\"},\"potentialAction\":[{\"@type\":\"SearchAction\",\"target\":{\"@type\":\"EntryPoint\",\"urlTemplate\":\"https:\/\/apuntesdesanluis.com\/?s={search_term_string}\"},\"query-input\":{\"@type\":\"PropertyValueSpecification\",\"valueRequired\":true,\"valueName\":\"search_term_string\"}}],\"inLanguage\":\"es-AR\"},{\"@type\":[\"Person\",\"Organization\"],\"@id\":\"https:\/\/apuntesdesanluis.com\/#\/schema\/person\/b55151d52296fcce64d1a72538a70b90\",\"name\":\"apuntesdesanluis.com\",\"image\":{\"@type\":\"ImageObject\",\"inLanguage\":\"es-AR\",\"@id\":\"https:\/\/apuntesdesanluis.com\/#\/schema\/person\/image\/\",\"url\":\"https:\/\/apuntesdesanluis.com\/wp-content\/uploads\/2023\/07\/cropped-apuntesdesanluis.png\",\"contentUrl\":\"https:\/\/apuntesdesanluis.com\/wp-content\/uploads\/2023\/07\/cropped-apuntesdesanluis.png\",\"width\":450,\"height\":112,\"caption\":\"apuntesdesanluis.com\"},\"logo\":{\"@id\":\"https:\/\/apuntesdesanluis.com\/#\/schema\/person\/image\/\"},\"sameAs\":[\"https:\/\/apuntesdesanluis.com\"],\"url\":\"https:\/\/apuntesdesanluis.com\/index.php\/author\/apuntesdesanluis-com\/\"}]}<\/script>\n<!-- \/ Yoast SEO plugin. -->","yoast_head_json":{"title":"LOS DIPLOM\u00c1TICOS ARGENTINOS DEJARON VENEZUELA; MACHADO Y URRUTIA PASARON A LA CLANDESTINIDAD - Apuntes de San Luis","robots":{"index":"index","follow":"follow","max-snippet":"max-snippet:-1","max-image-preview":"max-image-preview:large","max-video-preview":"max-video-preview:-1"},"canonical":"https:\/\/apuntesdesanluis.com\/index.php\/2024\/08\/01\/los-diplomaticos-argentinos-dejaron-venezuela-machado-y-urrutia-pasaron-a-la-clandestinidad\/","og_locale":"es_ES","og_type":"article","og_title":"LOS DIPLOM\u00c1TICOS ARGENTINOS DEJARON VENEZUELA; MACHADO Y URRUTIA PASARON A LA CLANDESTINIDAD - Apuntes de San Luis","og_description":"Los cinco diplom\u00e1ticos argentinos y sus familias, un contingente en total de 14 personas, despegaron...","og_url":"https:\/\/apuntesdesanluis.com\/index.php\/2024\/08\/01\/los-diplomaticos-argentinos-dejaron-venezuela-machado-y-urrutia-pasaron-a-la-clandestinidad\/","og_site_name":"Apuntes de San Luis","article_published_time":"2024-08-02T00:38:14+00:00","og_image":[{"width":839,"height":535,"url":"https:\/\/apuntesdesanluis.com\/wp-content\/uploads\/2024\/08\/bandera-en-venezuela-de-brasil.png","type":"image\/png"}],"author":"apuntesdesanluis.com","twitter_card":"summary_large_image","twitter_misc":{"Escrito por":"apuntesdesanluis.com","Tiempo de lectura":"5 minutos"},"schema":{"@context":"https:\/\/schema.org","@graph":[{"@type":"Article","@id":"https:\/\/apuntesdesanluis.com\/index.php\/2024\/08\/01\/los-diplomaticos-argentinos-dejaron-venezuela-machado-y-urrutia-pasaron-a-la-clandestinidad\/#article","isPartOf":{"@id":"https:\/\/apuntesdesanluis.com\/index.php\/2024\/08\/01\/los-diplomaticos-argentinos-dejaron-venezuela-machado-y-urrutia-pasaron-a-la-clandestinidad\/"},"author":{"name":"apuntesdesanluis.com","@id":"https:\/\/apuntesdesanluis.com\/#\/schema\/person\/b55151d52296fcce64d1a72538a70b90"},"headline":"LOS DIPLOM\u00c1TICOS ARGENTINOS DEJARON VENEZUELA; MACHADO Y URRUTIA PASARON A LA CLANDESTINIDAD","datePublished":"2024-08-02T00:38:14+00:00","mainEntityOfPage":{"@id":"https:\/\/apuntesdesanluis.com\/index.php\/2024\/08\/01\/los-diplomaticos-argentinos-dejaron-venezuela-machado-y-urrutia-pasaron-a-la-clandestinidad\/"},"wordCount":969,"publisher":{"@id":"https:\/\/apuntesdesanluis.com\/#\/schema\/person\/b55151d52296fcce64d1a72538a70b90"},"image":{"@id":"https:\/\/apuntesdesanluis.com\/index.php\/2024\/08\/01\/los-diplomaticos-argentinos-dejaron-venezuela-machado-y-urrutia-pasaron-a-la-clandestinidad\/#primaryimage"},"thumbnailUrl":"https:\/\/apuntesdesanluis.com\/wp-content\/uploads\/2024\/08\/bandera-en-venezuela-de-brasil.png","articleSection":["Nacionales\/Internacionales"],"inLanguage":"es-AR"},{"@type":"WebPage","@id":"https:\/\/apuntesdesanluis.com\/index.php\/2024\/08\/01\/los-diplomaticos-argentinos-dejaron-venezuela-machado-y-urrutia-pasaron-a-la-clandestinidad\/","url":"https:\/\/apuntesdesanluis.com\/index.php\/2024\/08\/01\/los-diplomaticos-argentinos-dejaron-venezuela-machado-y-urrutia-pasaron-a-la-clandestinidad\/","name":"LOS DIPLOM\u00c1TICOS ARGENTINOS DEJARON VENEZUELA; MACHADO Y URRUTIA PASARON A LA CLANDESTINIDAD - Apuntes de San Luis","isPartOf":{"@id":"https:\/\/apuntesdesanluis.com\/#website"},"primaryImageOfPage":{"@id":"https:\/\/apuntesdesanluis.com\/index.php\/2024\/08\/01\/los-diplomaticos-argentinos-dejaron-venezuela-machado-y-urrutia-pasaron-a-la-clandestinidad\/#primaryimage"},"image":{"@id":"https:\/\/apuntesdesanluis.com\/index.php\/2024\/08\/01\/los-diplomaticos-argentinos-dejaron-venezuela-machado-y-urrutia-pasaron-a-la-clandestinidad\/#primaryimage"},"thumbnailUrl":"https:\/\/apuntesdesanluis.com\/wp-content\/uploads\/2024\/08\/bandera-en-venezuela-de-brasil.png","datePublished":"2024-08-02T00:38:14+00:00","breadcrumb":{"@id":"https:\/\/apuntesdesanluis.com\/index.php\/2024\/08\/01\/los-diplomaticos-argentinos-dejaron-venezuela-machado-y-urrutia-pasaron-a-la-clandestinidad\/#breadcrumb"},"inLanguage":"es-AR","potentialAction":[{"@type":"ReadAction","target":["https:\/\/apuntesdesanluis.com\/index.php\/2024\/08\/01\/los-diplomaticos-argentinos-dejaron-venezuela-machado-y-urrutia-pasaron-a-la-clandestinidad\/"]}]},{"@type":"ImageObject","inLanguage":"es-AR","@id":"https:\/\/apuntesdesanluis.com\/index.php\/2024\/08\/01\/los-diplomaticos-argentinos-dejaron-venezuela-machado-y-urrutia-pasaron-a-la-clandestinidad\/#primaryimage","url":"https:\/\/apuntesdesanluis.com\/wp-content\/uploads\/2024\/08\/bandera-en-venezuela-de-brasil.png","contentUrl":"https:\/\/apuntesdesanluis.com\/wp-content\/uploads\/2024\/08\/bandera-en-venezuela-de-brasil.png","width":839,"height":535},{"@type":"BreadcrumbList","@id":"https:\/\/apuntesdesanluis.com\/index.php\/2024\/08\/01\/los-diplomaticos-argentinos-dejaron-venezuela-machado-y-urrutia-pasaron-a-la-clandestinidad\/#breadcrumb","itemListElement":[{"@type":"ListItem","position":1,"name":"Inicio","item":"https:\/\/apuntesdesanluis.com\/"},{"@type":"ListItem","position":2,"name":"LOS DIPLOM\u00c1TICOS ARGENTINOS DEJARON VENEZUELA; MACHADO Y URRUTIA PASARON A LA CLANDESTINIDAD"}]},{"@type":"WebSite","@id":"https:\/\/apuntesdesanluis.com\/#website","url":"https:\/\/apuntesdesanluis.com\/","name":"Apuntes de San Luis","description":"","publisher":{"@id":"https:\/\/apuntesdesanluis.com\/#\/schema\/person\/b55151d52296fcce64d1a72538a70b90"},"potentialAction":[{"@type":"SearchAction","target":{"@type":"EntryPoint","urlTemplate":"https:\/\/apuntesdesanluis.com\/?s={search_term_string}"},"query-input":{"@type":"PropertyValueSpecification","valueRequired":true,"valueName":"search_term_string"}}],"inLanguage":"es-AR"},{"@type":["Person","Organization"],"@id":"https:\/\/apuntesdesanluis.com\/#\/schema\/person\/b55151d52296fcce64d1a72538a70b90","name":"apuntesdesanluis.com","image":{"@type":"ImageObject","inLanguage":"es-AR","@id":"https:\/\/apuntesdesanluis.com\/#\/schema\/person\/image\/","url":"https:\/\/apuntesdesanluis.com\/wp-content\/uploads\/2023\/07\/cropped-apuntesdesanluis.png","contentUrl":"https:\/\/apuntesdesanluis.com\/wp-content\/uploads\/2023\/07\/cropped-apuntesdesanluis.png","width":450,"height":112,"caption":"apuntesdesanluis.com"},"logo":{"@id":"https:\/\/apuntesdesanluis.com\/#\/schema\/person\/image\/"},"sameAs":["https:\/\/apuntesdesanluis.com"],"url":"https:\/\/apuntesdesanluis.com\/index.php\/author\/apuntesdesanluis-com\/"}]}},"featured_image_urls":{"full":["https:\/\/apuntesdesanluis.com\/wp-content\/uploads\/2024\/08\/bandera-en-venezuela-de-brasil.png",839,535,false],"thumbnail":["https:\/\/apuntesdesanluis.com\/wp-content\/uploads\/2024\/08\/bandera-en-venezuela-de-brasil-150x150.png",150,150,true],"medium":["https:\/\/apuntesdesanluis.com\/wp-content\/uploads\/2024\/08\/bandera-en-venezuela-de-brasil-300x191.png",300,191,true],"medium_large":["https:\/\/apuntesdesanluis.com\/wp-content\/uploads\/2024\/08\/bandera-en-venezuela-de-brasil-768x490.png",640,408,true],"large":["https:\/\/apuntesdesanluis.com\/wp-content\/uploads\/2024\/08\/bandera-en-venezuela-de-brasil.png",640,408,false],"1536x1536":["https:\/\/apuntesdesanluis.com\/wp-content\/uploads\/2024\/08\/bandera-en-venezuela-de-brasil.png",839,535,false],"2048x2048":["https:\/\/apuntesdesanluis.com\/wp-content\/uploads\/2024\/08\/bandera-en-venezuela-de-brasil.png",839,535,false],"newsever-slider-full":["https:\/\/apuntesdesanluis.com\/wp-content\/uploads\/2024\/08\/bandera-en-venezuela-de-brasil.png",839,535,false],"newsever-featured":["https:\/\/apuntesdesanluis.com\/wp-content\/uploads\/2024\/08\/bandera-en-venezuela-de-brasil.png",839,535,false],"newsever-medium":["https:\/\/apuntesdesanluis.com\/wp-content\/uploads\/2024\/08\/bandera-en-venezuela-de-brasil-720x475.png",720,475,true]},"author_info":{"display_name":"apuntesdesanluis.com","author_link":"https:\/\/apuntesdesanluis.com\/index.php\/author\/apuntesdesanluis-com\/"},"category_info":"<a href=\"https:\/\/apuntesdesanluis.com\/index.php\/category\/nacionales-internacionales\/\" rel=\"category tag\">Nacionales\/Internacionales<\/a>","tag_info":"Nacionales\/Internacionales","comment_count":"0","_links":{"self":[{"href":"https:\/\/apuntesdesanluis.com\/index.php\/wp-json\/wp\/v2\/posts\/20229","targetHints":{"allow":["GET"]}}],"collection":[{"href":"https:\/\/apuntesdesanluis.com\/index.php\/wp-json\/wp\/v2\/posts"}],"about":[{"href":"https:\/\/apuntesdesanluis.com\/index.php\/wp-json\/wp\/v2\/types\/post"}],"author":[{"embeddable":true,"href":"https:\/\/apuntesdesanluis.com\/index.php\/wp-json\/wp\/v2\/users\/1"}],"replies":[{"embeddable":true,"href":"https:\/\/apuntesdesanluis.com\/index.php\/wp-json\/wp\/v2\/comments?post=20229"}],"version-history":[{"count":1,"href":"https:\/\/apuntesdesanluis.com\/index.php\/wp-json\/wp\/v2\/posts\/20229\/revisions"}],"predecessor-version":[{"id":20233,"href":"https:\/\/apuntesdesanluis.com\/index.php\/wp-json\/wp\/v2\/posts\/20229\/revisions\/20233"}],"wp:featuredmedia":[{"embeddable":true,"href":"https:\/\/apuntesdesanluis.com\/index.php\/wp-json\/wp\/v2\/media\/20232"}],"wp:attachment":[{"href":"https:\/\/apuntesdesanluis.com\/index.php\/wp-json\/wp\/v2\/media?parent=20229"}],"wp:term":[{"taxonomy":"category","embeddable":true,"href":"https:\/\/apuntesdesanluis.com\/index.php\/wp-json\/wp\/v2\/categories?post=20229"},{"taxonomy":"post_tag","embeddable":true,"href":"https:\/\/apuntesdesanluis.com\/index.php\/wp-json\/wp\/v2\/tags?post=20229"}],"curies":[{"name":"wp","href":"https:\/\/api.w.org\/{rel}","templated":true}]}}