{"id":20234,"date":"2024-08-01T21:42:39","date_gmt":"2024-08-02T00:42:39","guid":{"rendered":"https:\/\/apuntesdesanluis.com\/?p=20234"},"modified":"2024-08-01T21:42:39","modified_gmt":"2024-08-02T00:42:39","slug":"ee-uu-reconocio-la-victoria-de-edmundo-gonzalez-urrutia-y-llamo-a-la-realizacion-de-una-transicion-pacifica","status":"publish","type":"post","link":"https:\/\/apuntesdesanluis.com\/index.php\/2024\/08\/01\/ee-uu-reconocio-la-victoria-de-edmundo-gonzalez-urrutia-y-llamo-a-la-realizacion-de-una-transicion-pacifica\/","title":{"rendered":"EE.UU RECONOCI\u00d3 LA VICTORIA DE EDMUNDO GONZ\u00c1LEZ URRUTIA Y LLAM\u00d3 A LA REALIZACI\u00d3N DE UNA TRANSICI\u00d3N PAC\u00cdFICA"},"content":{"rendered":"<h3>El secretario de Estado de Estados Unidos, Antony Blinken, asegur\u00f3 que el pa\u00eds norteamericano considera a Edmundo Gonz\u00e1lez Urrutia como presidente electo de Venezuela y llam\u00f3 al oficialismo y a la oposici\u00f3n a realizar una \u201ctransici\u00f3n pac\u00edfica\u201d de poder.<\/h3>\n<h3>En un comunicado, el Canciller norteamericano sostuvo que \u201cdada la abrumadora evidencia, est\u00e1 claro para Estados Unidos y, lo que es m\u00e1s importante, para el pueblo venezolano, que Edmundo Gonz\u00e1lez Urrutia obtuvo el mayor n\u00famero de votos en las elecciones presidenciales de Venezuela del 28 de julio\u201d.<\/h3>\n<h3>\u201cFelicitamos a Edmundo Gonz\u00e1lez Urrutia por el \u00e9xito de su campa\u00f1a. Ahora es el momento de que los partidos venezolanos inicien conversaciones sobre una transici\u00f3n respetuosa y pac\u00edfica de acuerdo con la ley electoral venezolana y los deseos del pueblo venezolano. Apoyamos plenamente el proceso de restablecimiento de las normas democr\u00e1ticas en Venezuela y estamos dispuestos a estudiar formas de impulsarlo conjuntamente con nuestros socios internacionales\u201d, concluy\u00f3 Blinken.<\/h3>\n<h3><em> <img fetchpriority=\"high\" decoding=\"async\" class=\"wp-image-20235 aligncenter\" src=\"https:\/\/apuntesdesanluis.com\/wp-content\/uploads\/2024\/08\/BLINKEN-300x202.png\" alt=\"\" width=\"714\" height=\"481\" srcset=\"https:\/\/apuntesdesanluis.com\/wp-content\/uploads\/2024\/08\/BLINKEN-300x202.png 300w, https:\/\/apuntesdesanluis.com\/wp-content\/uploads\/2024\/08\/BLINKEN.png 706w\" sizes=\"(max-width: 714px) 100vw, 714px\" \/><\/em><\/h3>\n<h4 style=\"text-align: center;\"><em>Antony Blinken.<\/em><\/h4>\n<h3>El secretario de Estado norteamericano adem\u00e1s resalt\u00f3 que \u201cal menos 12 millones de venezolanos acudieron pac\u00edficamente a las urnas y ejercieron uno de los derechos m\u00e1s poderosos otorgados a las personas en cualquier democracia: el derecho al voto. Lamentablemente, el procesamiento de esos votos y el anuncio de los resultados por parte del Consejo Nacional Electoral (CNE), controlado por Maduro, fueron profundamente defectuosos, lo que dio lugar a un resultado anunciado que no representa la voluntad del pueblo venezolano\u201d.<\/h3>\n<h3>\u201cLa r\u00e1pida proclamaci\u00f3n de Nicol\u00e1s Maduro como vencedor de las elecciones presidenciales por parte del CNE no fue respaldada por ninguna prueba. El CNE a\u00fan no ha publicado los datos desglosados ni ninguna de las actas de escrutinio, a pesar de los reiterados llamamientos de los venezolanos y de la comunidad internacional para que lo haga. Como inform\u00f3 la misi\u00f3n de observaci\u00f3n independiente del Centro Carter, el hecho de que el CNE no haya proporcionado los resultados oficiales a nivel de circunscripci\u00f3n, as\u00ed como las irregularidades cometidas durante todo el proceso, han restado toda credibilidad al resultado anunciado por el CNE\u201d, detall\u00f3 Blinken.<\/h3>\n<h3>El diplom\u00e1tico tambi\u00e9n sostuvo que \u201cmientras tanto, la oposici\u00f3n democr\u00e1tica ha publicado m\u00e1s del 80% de las actas de escrutinio recibidas directamente de los colegios electorales de toda Venezuela. Dichas actas indican que Edmundo Gonz\u00e1lez Urrutia obtuvo el mayor n\u00famero de votos en estas elecciones por un margen insuperable. Observadores independientes han corroborado estos hechos, y este resultado tambi\u00e9n fue respaldado por las encuestas a pie de urna y los recuentos r\u00e1pidos del d\u00eda de las elecciones. En los d\u00edas transcurridos desde las elecciones, hemos consultado ampliamente con socios y aliados de todo el mundo, y aunque los pa\u00edses han adoptado diferentes enfoques para responder, ninguno ha llegado a la conclusi\u00f3n de que Nicol\u00e1s Maduro haya sido el m\u00e1s votado en estas elecciones\u201d.<\/h3>\n<h3>Por \u00faltimo, Blinken rechaz\u00f3 \u201clas acusaciones infundadas de Maduro contra l\u00edderes de la oposici\u00f3n\u201d. \u201cLas amenazas de Maduro y sus representantes de arrestar a l\u00edderes de la oposici\u00f3n, incluidos Edmundo Gonz\u00e1lez y Mar\u00eda Corina Machado, son un intento antidemocr\u00e1tico de reprimir la participaci\u00f3n pol\u00edtica y retener el poder. Debe protegerse la seguridad de los dirigentes y miembros de la oposici\u00f3n democr\u00e1tica. Todos los venezolanos detenidos mientras ejerc\u00edan pac\u00edficamente su derecho a participar en el proceso electoral o a exigir transparencia en la tabulaci\u00f3n y el anuncio de los resultados deben ser puestos en libertad de inmediato. Las fuerzas del orden y de seguridad no deben convertirse en un instrumento de violencia pol\u00edtica utilizado contra los ciudadanos que ejercen sus derechos democr\u00e1ticos\u201d, cerr\u00f3 la misiva.<\/h3>\n<p>&nbsp;<\/p>\n<p>&nbsp;<\/p>\n<p>&nbsp;<\/p>\n<p>&nbsp;<\/p>\n<p>&nbsp;<\/p>\n<p>&nbsp;<\/p>\n","protected":false},"excerpt":{"rendered":"<p>El secretario de Estado de Estados Unidos, Antony Blinken, asegur\u00f3 que el pa\u00eds norteamericano considera&#8230;<\/p>\n","protected":false},"author":1,"featured_media":20236,"comment_status":"closed","ping_status":"closed","sticky":false,"template":"","format":"standard","meta":{"footnotes":""},"categories":[5],"tags":[],"class_list":["post-20234","post","type-post","status-publish","format-standard","has-post-thumbnail","hentry","category-nacionales-internacionales"],"yoast_head":"<!-- This site is optimized with the Yoast SEO plugin v26.1.1 - https:\/\/yoast.com\/wordpress\/plugins\/seo\/ -->\n<title>EE.UU RECONOCI\u00d3 LA VICTORIA DE EDMUNDO GONZ\u00c1LEZ URRUTIA Y LLAM\u00d3 A LA REALIZACI\u00d3N DE UNA TRANSICI\u00d3N PAC\u00cdFICA - Apuntes de San Luis<\/title>\n<meta name=\"robots\" content=\"index, follow, max-snippet:-1, max-image-preview:large, max-video-preview:-1\" \/>\n<link rel=\"canonical\" href=\"https:\/\/apuntesdesanluis.com\/index.php\/2024\/08\/01\/ee-uu-reconocio-la-victoria-de-edmundo-gonzalez-urrutia-y-llamo-a-la-realizacion-de-una-transicion-pacifica\/\" \/>\n<meta property=\"og:locale\" content=\"es_ES\" \/>\n<meta property=\"og:type\" content=\"article\" \/>\n<meta property=\"og:title\" content=\"EE.UU RECONOCI\u00d3 LA VICTORIA DE EDMUNDO GONZ\u00c1LEZ URRUTIA Y LLAM\u00d3 A LA REALIZACI\u00d3N DE UNA TRANSICI\u00d3N PAC\u00cdFICA - Apuntes de San Luis\" \/>\n<meta property=\"og:description\" content=\"El secretario de Estado de Estados Unidos, Antony Blinken, asegur\u00f3 que el pa\u00eds norteamericano considera...\" \/>\n<meta property=\"og:url\" content=\"https:\/\/apuntesdesanluis.com\/index.php\/2024\/08\/01\/ee-uu-reconocio-la-victoria-de-edmundo-gonzalez-urrutia-y-llamo-a-la-realizacion-de-una-transicion-pacifica\/\" \/>\n<meta property=\"og:site_name\" content=\"Apuntes de San Luis\" \/>\n<meta property=\"article:published_time\" content=\"2024-08-02T00:42:39+00:00\" \/>\n<meta property=\"og:image\" content=\"https:\/\/apuntesdesanluis.com\/wp-content\/uploads\/2024\/08\/machado-junto-a-urrutia.png\" \/>\n\t<meta property=\"og:image:width\" content=\"705\" \/>\n\t<meta property=\"og:image:height\" content=\"412\" \/>\n\t<meta property=\"og:image:type\" content=\"image\/png\" \/>\n<meta name=\"author\" content=\"apuntesdesanluis.com\" \/>\n<meta name=\"twitter:card\" content=\"summary_large_image\" \/>\n<meta name=\"twitter:label1\" content=\"Escrito por\" \/>\n\t<meta name=\"twitter:data1\" content=\"apuntesdesanluis.com\" \/>\n\t<meta name=\"twitter:label2\" content=\"Tiempo de lectura\" \/>\n\t<meta name=\"twitter:data2\" content=\"4 minutos\" \/>\n<script type=\"application\/ld+json\" class=\"yoast-schema-graph\">{\"@context\":\"https:\/\/schema.org\",\"@graph\":[{\"@type\":\"Article\",\"@id\":\"https:\/\/apuntesdesanluis.com\/index.php\/2024\/08\/01\/ee-uu-reconocio-la-victoria-de-edmundo-gonzalez-urrutia-y-llamo-a-la-realizacion-de-una-transicion-pacifica\/#article\",\"isPartOf\":{\"@id\":\"https:\/\/apuntesdesanluis.com\/index.php\/2024\/08\/01\/ee-uu-reconocio-la-victoria-de-edmundo-gonzalez-urrutia-y-llamo-a-la-realizacion-de-una-transicion-pacifica\/\"},\"author\":{\"name\":\"apuntesdesanluis.com\",\"@id\":\"https:\/\/apuntesdesanluis.com\/#\/schema\/person\/b55151d52296fcce64d1a72538a70b90\"},\"headline\":\"EE.UU RECONOCI\u00d3 LA VICTORIA DE EDMUNDO GONZ\u00c1LEZ URRUTIA Y LLAM\u00d3 A LA REALIZACI\u00d3N DE UNA TRANSICI\u00d3N PAC\u00cdFICA\",\"datePublished\":\"2024-08-02T00:42:39+00:00\",\"mainEntityOfPage\":{\"@id\":\"https:\/\/apuntesdesanluis.com\/index.php\/2024\/08\/01\/ee-uu-reconocio-la-victoria-de-edmundo-gonzalez-urrutia-y-llamo-a-la-realizacion-de-una-transicion-pacifica\/\"},\"wordCount\":664,\"publisher\":{\"@id\":\"https:\/\/apuntesdesanluis.com\/#\/schema\/person\/b55151d52296fcce64d1a72538a70b90\"},\"image\":{\"@id\":\"https:\/\/apuntesdesanluis.com\/index.php\/2024\/08\/01\/ee-uu-reconocio-la-victoria-de-edmundo-gonzalez-urrutia-y-llamo-a-la-realizacion-de-una-transicion-pacifica\/#primaryimage\"},\"thumbnailUrl\":\"https:\/\/apuntesdesanluis.com\/wp-content\/uploads\/2024\/08\/machado-junto-a-urrutia.png\",\"articleSection\":[\"Nacionales\/Internacionales\"],\"inLanguage\":\"es-AR\"},{\"@type\":\"WebPage\",\"@id\":\"https:\/\/apuntesdesanluis.com\/index.php\/2024\/08\/01\/ee-uu-reconocio-la-victoria-de-edmundo-gonzalez-urrutia-y-llamo-a-la-realizacion-de-una-transicion-pacifica\/\",\"url\":\"https:\/\/apuntesdesanluis.com\/index.php\/2024\/08\/01\/ee-uu-reconocio-la-victoria-de-edmundo-gonzalez-urrutia-y-llamo-a-la-realizacion-de-una-transicion-pacifica\/\",\"name\":\"EE.UU RECONOCI\u00d3 LA VICTORIA DE EDMUNDO GONZ\u00c1LEZ URRUTIA Y LLAM\u00d3 A LA REALIZACI\u00d3N DE UNA TRANSICI\u00d3N PAC\u00cdFICA - Apuntes de San Luis\",\"isPartOf\":{\"@id\":\"https:\/\/apuntesdesanluis.com\/#website\"},\"primaryImageOfPage\":{\"@id\":\"https:\/\/apuntesdesanluis.com\/index.php\/2024\/08\/01\/ee-uu-reconocio-la-victoria-de-edmundo-gonzalez-urrutia-y-llamo-a-la-realizacion-de-una-transicion-pacifica\/#primaryimage\"},\"image\":{\"@id\":\"https:\/\/apuntesdesanluis.com\/index.php\/2024\/08\/01\/ee-uu-reconocio-la-victoria-de-edmundo-gonzalez-urrutia-y-llamo-a-la-realizacion-de-una-transicion-pacifica\/#primaryimage\"},\"thumbnailUrl\":\"https:\/\/apuntesdesanluis.com\/wp-content\/uploads\/2024\/08\/machado-junto-a-urrutia.png\",\"datePublished\":\"2024-08-02T00:42:39+00:00\",\"breadcrumb\":{\"@id\":\"https:\/\/apuntesdesanluis.com\/index.php\/2024\/08\/01\/ee-uu-reconocio-la-victoria-de-edmundo-gonzalez-urrutia-y-llamo-a-la-realizacion-de-una-transicion-pacifica\/#breadcrumb\"},\"inLanguage\":\"es-AR\",\"potentialAction\":[{\"@type\":\"ReadAction\",\"target\":[\"https:\/\/apuntesdesanluis.com\/index.php\/2024\/08\/01\/ee-uu-reconocio-la-victoria-de-edmundo-gonzalez-urrutia-y-llamo-a-la-realizacion-de-una-transicion-pacifica\/\"]}]},{\"@type\":\"ImageObject\",\"inLanguage\":\"es-AR\",\"@id\":\"https:\/\/apuntesdesanluis.com\/index.php\/2024\/08\/01\/ee-uu-reconocio-la-victoria-de-edmundo-gonzalez-urrutia-y-llamo-a-la-realizacion-de-una-transicion-pacifica\/#primaryimage\",\"url\":\"https:\/\/apuntesdesanluis.com\/wp-content\/uploads\/2024\/08\/machado-junto-a-urrutia.png\",\"contentUrl\":\"https:\/\/apuntesdesanluis.com\/wp-content\/uploads\/2024\/08\/machado-junto-a-urrutia.png\",\"width\":705,\"height\":412},{\"@type\":\"BreadcrumbList\",\"@id\":\"https:\/\/apuntesdesanluis.com\/index.php\/2024\/08\/01\/ee-uu-reconocio-la-victoria-de-edmundo-gonzalez-urrutia-y-llamo-a-la-realizacion-de-una-transicion-pacifica\/#breadcrumb\",\"itemListElement\":[{\"@type\":\"ListItem\",\"position\":1,\"name\":\"Inicio\",\"item\":\"https:\/\/apuntesdesanluis.com\/\"},{\"@type\":\"ListItem\",\"position\":2,\"name\":\"EE.UU RECONOCI\u00d3 LA VICTORIA DE EDMUNDO GONZ\u00c1LEZ URRUTIA Y LLAM\u00d3 A LA REALIZACI\u00d3N DE UNA TRANSICI\u00d3N PAC\u00cdFICA\"}]},{\"@type\":\"WebSite\",\"@id\":\"https:\/\/apuntesdesanluis.com\/#website\",\"url\":\"https:\/\/apuntesdesanluis.com\/\",\"name\":\"Apuntes de San Luis\",\"description\":\"\",\"publisher\":{\"@id\":\"https:\/\/apuntesdesanluis.com\/#\/schema\/person\/b55151d52296fcce64d1a72538a70b90\"},\"potentialAction\":[{\"@type\":\"SearchAction\",\"target\":{\"@type\":\"EntryPoint\",\"urlTemplate\":\"https:\/\/apuntesdesanluis.com\/?s={search_term_string}\"},\"query-input\":{\"@type\":\"PropertyValueSpecification\",\"valueRequired\":true,\"valueName\":\"search_term_string\"}}],\"inLanguage\":\"es-AR\"},{\"@type\":[\"Person\",\"Organization\"],\"@id\":\"https:\/\/apuntesdesanluis.com\/#\/schema\/person\/b55151d52296fcce64d1a72538a70b90\",\"name\":\"apuntesdesanluis.com\",\"image\":{\"@type\":\"ImageObject\",\"inLanguage\":\"es-AR\",\"@id\":\"https:\/\/apuntesdesanluis.com\/#\/schema\/person\/image\/\",\"url\":\"https:\/\/apuntesdesanluis.com\/wp-content\/uploads\/2023\/07\/cropped-apuntesdesanluis.png\",\"contentUrl\":\"https:\/\/apuntesdesanluis.com\/wp-content\/uploads\/2023\/07\/cropped-apuntesdesanluis.png\",\"width\":450,\"height\":112,\"caption\":\"apuntesdesanluis.com\"},\"logo\":{\"@id\":\"https:\/\/apuntesdesanluis.com\/#\/schema\/person\/image\/\"},\"sameAs\":[\"https:\/\/apuntesdesanluis.com\"],\"url\":\"https:\/\/apuntesdesanluis.com\/index.php\/author\/apuntesdesanluis-com\/\"}]}<\/script>\n<!-- \/ Yoast SEO plugin. -->","yoast_head_json":{"title":"EE.UU RECONOCI\u00d3 LA VICTORIA DE EDMUNDO GONZ\u00c1LEZ URRUTIA Y LLAM\u00d3 A LA REALIZACI\u00d3N DE UNA TRANSICI\u00d3N PAC\u00cdFICA - Apuntes de San Luis","robots":{"index":"index","follow":"follow","max-snippet":"max-snippet:-1","max-image-preview":"max-image-preview:large","max-video-preview":"max-video-preview:-1"},"canonical":"https:\/\/apuntesdesanluis.com\/index.php\/2024\/08\/01\/ee-uu-reconocio-la-victoria-de-edmundo-gonzalez-urrutia-y-llamo-a-la-realizacion-de-una-transicion-pacifica\/","og_locale":"es_ES","og_type":"article","og_title":"EE.UU RECONOCI\u00d3 LA VICTORIA DE EDMUNDO GONZ\u00c1LEZ URRUTIA Y LLAM\u00d3 A LA REALIZACI\u00d3N DE UNA TRANSICI\u00d3N PAC\u00cdFICA - Apuntes de San Luis","og_description":"El secretario de Estado de Estados Unidos, Antony Blinken, asegur\u00f3 que el pa\u00eds norteamericano considera...","og_url":"https:\/\/apuntesdesanluis.com\/index.php\/2024\/08\/01\/ee-uu-reconocio-la-victoria-de-edmundo-gonzalez-urrutia-y-llamo-a-la-realizacion-de-una-transicion-pacifica\/","og_site_name":"Apuntes de San Luis","article_published_time":"2024-08-02T00:42:39+00:00","og_image":[{"width":705,"height":412,"url":"https:\/\/apuntesdesanluis.com\/wp-content\/uploads\/2024\/08\/machado-junto-a-urrutia.png","type":"image\/png"}],"author":"apuntesdesanluis.com","twitter_card":"summary_large_image","twitter_misc":{"Escrito por":"apuntesdesanluis.com","Tiempo de lectura":"4 minutos"},"schema":{"@context":"https:\/\/schema.org","@graph":[{"@type":"Article","@id":"https:\/\/apuntesdesanluis.com\/index.php\/2024\/08\/01\/ee-uu-reconocio-la-victoria-de-edmundo-gonzalez-urrutia-y-llamo-a-la-realizacion-de-una-transicion-pacifica\/#article","isPartOf":{"@id":"https:\/\/apuntesdesanluis.com\/index.php\/2024\/08\/01\/ee-uu-reconocio-la-victoria-de-edmundo-gonzalez-urrutia-y-llamo-a-la-realizacion-de-una-transicion-pacifica\/"},"author":{"name":"apuntesdesanluis.com","@id":"https:\/\/apuntesdesanluis.com\/#\/schema\/person\/b55151d52296fcce64d1a72538a70b90"},"headline":"EE.UU RECONOCI\u00d3 LA VICTORIA DE EDMUNDO GONZ\u00c1LEZ URRUTIA Y LLAM\u00d3 A LA REALIZACI\u00d3N DE UNA TRANSICI\u00d3N PAC\u00cdFICA","datePublished":"2024-08-02T00:42:39+00:00","mainEntityOfPage":{"@id":"https:\/\/apuntesdesanluis.com\/index.php\/2024\/08\/01\/ee-uu-reconocio-la-victoria-de-edmundo-gonzalez-urrutia-y-llamo-a-la-realizacion-de-una-transicion-pacifica\/"},"wordCount":664,"publisher":{"@id":"https:\/\/apuntesdesanluis.com\/#\/schema\/person\/b55151d52296fcce64d1a72538a70b90"},"image":{"@id":"https:\/\/apuntesdesanluis.com\/index.php\/2024\/08\/01\/ee-uu-reconocio-la-victoria-de-edmundo-gonzalez-urrutia-y-llamo-a-la-realizacion-de-una-transicion-pacifica\/#primaryimage"},"thumbnailUrl":"https:\/\/apuntesdesanluis.com\/wp-content\/uploads\/2024\/08\/machado-junto-a-urrutia.png","articleSection":["Nacionales\/Internacionales"],"inLanguage":"es-AR"},{"@type":"WebPage","@id":"https:\/\/apuntesdesanluis.com\/index.php\/2024\/08\/01\/ee-uu-reconocio-la-victoria-de-edmundo-gonzalez-urrutia-y-llamo-a-la-realizacion-de-una-transicion-pacifica\/","url":"https:\/\/apuntesdesanluis.com\/index.php\/2024\/08\/01\/ee-uu-reconocio-la-victoria-de-edmundo-gonzalez-urrutia-y-llamo-a-la-realizacion-de-una-transicion-pacifica\/","name":"EE.UU RECONOCI\u00d3 LA VICTORIA DE EDMUNDO GONZ\u00c1LEZ URRUTIA Y LLAM\u00d3 A LA REALIZACI\u00d3N DE UNA TRANSICI\u00d3N PAC\u00cdFICA - Apuntes de San Luis","isPartOf":{"@id":"https:\/\/apuntesdesanluis.com\/#website"},"primaryImageOfPage":{"@id":"https:\/\/apuntesdesanluis.com\/index.php\/2024\/08\/01\/ee-uu-reconocio-la-victoria-de-edmundo-gonzalez-urrutia-y-llamo-a-la-realizacion-de-una-transicion-pacifica\/#primaryimage"},"image":{"@id":"https:\/\/apuntesdesanluis.com\/index.php\/2024\/08\/01\/ee-uu-reconocio-la-victoria-de-edmundo-gonzalez-urrutia-y-llamo-a-la-realizacion-de-una-transicion-pacifica\/#primaryimage"},"thumbnailUrl":"https:\/\/apuntesdesanluis.com\/wp-content\/uploads\/2024\/08\/machado-junto-a-urrutia.png","datePublished":"2024-08-02T00:42:39+00:00","breadcrumb":{"@id":"https:\/\/apuntesdesanluis.com\/index.php\/2024\/08\/01\/ee-uu-reconocio-la-victoria-de-edmundo-gonzalez-urrutia-y-llamo-a-la-realizacion-de-una-transicion-pacifica\/#breadcrumb"},"inLanguage":"es-AR","potentialAction":[{"@type":"ReadAction","target":["https:\/\/apuntesdesanluis.com\/index.php\/2024\/08\/01\/ee-uu-reconocio-la-victoria-de-edmundo-gonzalez-urrutia-y-llamo-a-la-realizacion-de-una-transicion-pacifica\/"]}]},{"@type":"ImageObject","inLanguage":"es-AR","@id":"https:\/\/apuntesdesanluis.com\/index.php\/2024\/08\/01\/ee-uu-reconocio-la-victoria-de-edmundo-gonzalez-urrutia-y-llamo-a-la-realizacion-de-una-transicion-pacifica\/#primaryimage","url":"https:\/\/apuntesdesanluis.com\/wp-content\/uploads\/2024\/08\/machado-junto-a-urrutia.png","contentUrl":"https:\/\/apuntesdesanluis.com\/wp-content\/uploads\/2024\/08\/machado-junto-a-urrutia.png","width":705,"height":412},{"@type":"BreadcrumbList","@id":"https:\/\/apuntesdesanluis.com\/index.php\/2024\/08\/01\/ee-uu-reconocio-la-victoria-de-edmundo-gonzalez-urrutia-y-llamo-a-la-realizacion-de-una-transicion-pacifica\/#breadcrumb","itemListElement":[{"@type":"ListItem","position":1,"name":"Inicio","item":"https:\/\/apuntesdesanluis.com\/"},{"@type":"ListItem","position":2,"name":"EE.UU RECONOCI\u00d3 LA VICTORIA DE EDMUNDO GONZ\u00c1LEZ URRUTIA Y LLAM\u00d3 A LA REALIZACI\u00d3N DE UNA TRANSICI\u00d3N PAC\u00cdFICA"}]},{"@type":"WebSite","@id":"https:\/\/apuntesdesanluis.com\/#website","url":"https:\/\/apuntesdesanluis.com\/","name":"Apuntes de San Luis","description":"","publisher":{"@id":"https:\/\/apuntesdesanluis.com\/#\/schema\/person\/b55151d52296fcce64d1a72538a70b90"},"potentialAction":[{"@type":"SearchAction","target":{"@type":"EntryPoint","urlTemplate":"https:\/\/apuntesdesanluis.com\/?s={search_term_string}"},"query-input":{"@type":"PropertyValueSpecification","valueRequired":true,"valueName":"search_term_string"}}],"inLanguage":"es-AR"},{"@type":["Person","Organization"],"@id":"https:\/\/apuntesdesanluis.com\/#\/schema\/person\/b55151d52296fcce64d1a72538a70b90","name":"apuntesdesanluis.com","image":{"@type":"ImageObject","inLanguage":"es-AR","@id":"https:\/\/apuntesdesanluis.com\/#\/schema\/person\/image\/","url":"https:\/\/apuntesdesanluis.com\/wp-content\/uploads\/2023\/07\/cropped-apuntesdesanluis.png","contentUrl":"https:\/\/apuntesdesanluis.com\/wp-content\/uploads\/2023\/07\/cropped-apuntesdesanluis.png","width":450,"height":112,"caption":"apuntesdesanluis.com"},"logo":{"@id":"https:\/\/apuntesdesanluis.com\/#\/schema\/person\/image\/"},"sameAs":["https:\/\/apuntesdesanluis.com"],"url":"https:\/\/apuntesdesanluis.com\/index.php\/author\/apuntesdesanluis-com\/"}]}},"featured_image_urls":{"full":["https:\/\/apuntesdesanluis.com\/wp-content\/uploads\/2024\/08\/machado-junto-a-urrutia.png",705,412,false],"thumbnail":["https:\/\/apuntesdesanluis.com\/wp-content\/uploads\/2024\/08\/machado-junto-a-urrutia-150x150.png",150,150,true],"medium":["https:\/\/apuntesdesanluis.com\/wp-content\/uploads\/2024\/08\/machado-junto-a-urrutia-300x175.png",300,175,true],"medium_large":["https:\/\/apuntesdesanluis.com\/wp-content\/uploads\/2024\/08\/machado-junto-a-urrutia.png",640,374,false],"large":["https:\/\/apuntesdesanluis.com\/wp-content\/uploads\/2024\/08\/machado-junto-a-urrutia.png",640,374,false],"1536x1536":["https:\/\/apuntesdesanluis.com\/wp-content\/uploads\/2024\/08\/machado-junto-a-urrutia.png",705,412,false],"2048x2048":["https:\/\/apuntesdesanluis.com\/wp-content\/uploads\/2024\/08\/machado-junto-a-urrutia.png",705,412,false],"newsever-slider-full":["https:\/\/apuntesdesanluis.com\/wp-content\/uploads\/2024\/08\/machado-junto-a-urrutia.png",705,412,false],"newsever-featured":["https:\/\/apuntesdesanluis.com\/wp-content\/uploads\/2024\/08\/machado-junto-a-urrutia.png",705,412,false],"newsever-medium":["https:\/\/apuntesdesanluis.com\/wp-content\/uploads\/2024\/08\/machado-junto-a-urrutia.png",705,412,false]},"author_info":{"display_name":"apuntesdesanluis.com","author_link":"https:\/\/apuntesdesanluis.com\/index.php\/author\/apuntesdesanluis-com\/"},"category_info":"<a href=\"https:\/\/apuntesdesanluis.com\/index.php\/category\/nacionales-internacionales\/\" rel=\"category tag\">Nacionales\/Internacionales<\/a>","tag_info":"Nacionales\/Internacionales","comment_count":"0","_links":{"self":[{"href":"https:\/\/apuntesdesanluis.com\/index.php\/wp-json\/wp\/v2\/posts\/20234","targetHints":{"allow":["GET"]}}],"collection":[{"href":"https:\/\/apuntesdesanluis.com\/index.php\/wp-json\/wp\/v2\/posts"}],"about":[{"href":"https:\/\/apuntesdesanluis.com\/index.php\/wp-json\/wp\/v2\/types\/post"}],"author":[{"embeddable":true,"href":"https:\/\/apuntesdesanluis.com\/index.php\/wp-json\/wp\/v2\/users\/1"}],"replies":[{"embeddable":true,"href":"https:\/\/apuntesdesanluis.com\/index.php\/wp-json\/wp\/v2\/comments?post=20234"}],"version-history":[{"count":1,"href":"https:\/\/apuntesdesanluis.com\/index.php\/wp-json\/wp\/v2\/posts\/20234\/revisions"}],"predecessor-version":[{"id":20237,"href":"https:\/\/apuntesdesanluis.com\/index.php\/wp-json\/wp\/v2\/posts\/20234\/revisions\/20237"}],"wp:featuredmedia":[{"embeddable":true,"href":"https:\/\/apuntesdesanluis.com\/index.php\/wp-json\/wp\/v2\/media\/20236"}],"wp:attachment":[{"href":"https:\/\/apuntesdesanluis.com\/index.php\/wp-json\/wp\/v2\/media?parent=20234"}],"wp:term":[{"taxonomy":"category","embeddable":true,"href":"https:\/\/apuntesdesanluis.com\/index.php\/wp-json\/wp\/v2\/categories?post=20234"},{"taxonomy":"post_tag","embeddable":true,"href":"https:\/\/apuntesdesanluis.com\/index.php\/wp-json\/wp\/v2\/tags?post=20234"}],"curies":[{"name":"wp","href":"https:\/\/api.w.org\/{rel}","templated":true}]}}