{"id":20244,"date":"2024-08-01T22:58:34","date_gmt":"2024-08-02T01:58:34","guid":{"rendered":"https:\/\/apuntesdesanluis.com\/?p=20244"},"modified":"2024-08-01T23:57:48","modified_gmt":"2024-08-02T02:57:48","slug":"poggi-firma-llamado-a-licitacion-para-reconstruir-la-planta-alta-del-policlinico","status":"publish","type":"post","link":"https:\/\/apuntesdesanluis.com\/index.php\/2024\/08\/01\/poggi-firma-llamado-a-licitacion-para-reconstruir-la-planta-alta-del-policlinico\/","title":{"rendered":"POGGI FIRMA LLAMADO A LICITACI\u00d3N PARA RECONSTRUIR LA PLANTA ALTA DEL POLICL\u00cdNICO"},"content":{"rendered":"<h3>El Gobierno dar\u00e1 un nuevo paso en la reconstrucci\u00f3n del <strong>Hospital \u2018Juan Domingo Per\u00f3n\u2019 de Villa Mercedes<\/strong>. Con una inversi\u00f3n de m\u00e1s de $2.200 millones, intervendr\u00e1n la planta alta con la renovaci\u00f3n de los sectores de quir\u00f3fanos y la unidad de terapia intensiva (UTI) en lo que es la primera de cuatro etapas proyectadas. <strong>Agenda completa del primer mandatario provincial<\/strong>.<\/h3>\n<h3>Este viernes, el gobernador <strong>Claudio Poggi<\/strong> firmar\u00e1 el decreto de llamado a licitaci\u00f3n para concretar la obra en un plazo de 180 d\u00edas.<\/h3>\n<h3>Previamente hubo una intervenci\u00f3n en la planta baja con refacciones en quir\u00f3fanos, la UTI y el \u00e1rea de internaciones, mientras que ahora contin\u00faan las mejoras en la planta alta. Con esta ejecuci\u00f3n, el hospital contar\u00e1 en este sector con seis quir\u00f3fanos generales -uno de ellos para pacientes ambulatorios-, trece camas generales de internaci\u00f3n y cuatro para aislados respiratorios.<\/h3>\n<h3><img fetchpriority=\"high\" decoding=\"async\" class=\"wp-image-20246 aligncenter\" src=\"https:\/\/apuntesdesanluis.com\/wp-content\/uploads\/2024\/08\/POLICLINICO-REFACCIONES-255x300.png\" alt=\"\" width=\"654\" height=\"769\" srcset=\"https:\/\/apuntesdesanluis.com\/wp-content\/uploads\/2024\/08\/POLICLINICO-REFACCIONES-255x300.png 255w, https:\/\/apuntesdesanluis.com\/wp-content\/uploads\/2024\/08\/POLICLINICO-REFACCIONES.png 635w\" sizes=\"(max-width: 654px) 100vw, 654px\" \/><\/h3>\n<h3><strong>UNA INTERVENCI\u00d3N INTEGRAL<\/strong><\/h3>\n<h3>Los trabajos de esta fase ser\u00e1n desarrollados sobre 1.700 metros cuadrados. Adecuar\u00e1n todas las instalaciones el\u00e9ctricas, los sistemas de climatizaci\u00f3n y de gases medicinales. Adem\u00e1s, las puertas y ventanas ser\u00e1n reemplazadas y har\u00e1n el recambio de los equipamientos pertenecientes a cada quir\u00f3fano. En el suelo colocar\u00e1n revestimiento vin\u00edlico para permitir una mejor circulaci\u00f3n de camillas, sillas de ruedas y dem\u00e1s equipamientos, lo que tambi\u00e9n facilitar\u00e1 la limpieza de los espacios.<\/h3>\n<h3>En la UTI cambiar\u00e1n los cielorrasos e instalar\u00e1n nuevas aberturas, puertas y ventanas. En el ingreso colocar\u00e1n una nueva puerta con control magn\u00e9tico y renovar\u00e1n la ventana para recepci\u00f3n de familiares y amigos que visiten a los pacientes. Tambi\u00e9n ejecutar\u00e1n una nueva instalaci\u00f3n el\u00e9ctrica y de climatizaci\u00f3n, sumado a dos cub\u00edculos para los pacientes en aislamiento respiratorio, que tendr\u00e1n sistema de filtraci\u00f3n de aire individual e independiente. Finalmente, pondr\u00e1n tambi\u00e9n piso vin\u00edlico con z\u00f3calos sanitarios, guardacamillas y repisas en cada cub\u00edculo de internaci\u00f3n.<\/h3>\n<h3>Por \u00faltimo, realizar\u00e1n el mantenimiento y remodelaci\u00f3n de los desag\u00fces cloacales, reparar\u00e1n ca\u00f1er\u00edas y reemplazar\u00e1n grifer\u00edas, artefactos y accesorios de bachas, ba\u00f1os, cocinas, duchas y otros sectores h\u00famedos, Por \u00faltimo, reemplazar\u00e1n las luminarias fluorescentes por focos led.<\/h3>\n<h3><strong>AGENDA COMPLETA DEL GOBERNADOR<\/strong><\/h3>\n<h3>En horas de la ma\u00f1ana, el gobernador <strong>Claudio Poggi<\/strong> cumplir\u00e1 actividades en la ciudad de <strong>Justo Daract<\/strong>, seg\u00fan el siguiente cronograma:<\/h3>\n<h3>08.30: Visita a la comunidad educativa del Centro Educativo N\u00b0 11 \u201cInspector S\u00f3crates Cortinez\u201d.<\/h3>\n<h3>10.00: Visita a la comunidad educativa de la Escuela N\u00b0\u00a0 82 \u201cGeneral Las Heras\u201d.<\/h3>\n<h3>11.15: Visita emprendimiento \u201cAmores Tejidos\u201d.<\/h3>\n<h3>11.45: Municipalidad de Justo Daract.<\/h3>\n<h3>&#8211; Entrega de escrituras en el marco del programa \u201cEscritur\u00e1 tu Casa\u201d.<\/h3>\n<h3>&#8211; Entrega de 9 decretos de financiamiento p\u00fablico a proyectos de la Regi\u00f3n \u201cCentro Oeste\u201d. Programa \u201cMi pr\u00f3ximo paso\u201d.<\/h3>\n<h3>Luego se trasladar\u00e1 a <strong>Villa Mercedes, <\/strong>para cumplir las siguientes actividades:<\/h3>\n<h3>13.00: Policl\u00ednico Regional \u201cJuan Domingo Per\u00f3n\u201d.<\/h3>\n<h3>&#8211; Firma de decreto para el llamado a licitaci\u00f3n de obra \u2013 puesta en valor y refacci\u00f3n de la etapa uno: quir\u00f3fanos y unidad de terapia intensiva de la planta alta.<\/h3>\n<h3>14.30: Dique Vulpiani. Visita para observar obras de limpieza para aumentar la capacidad de almacenamiento, mejorar la calidad del agua para la planta potabilizadora y embellecimiento para fines recreativos.<\/h3>\n<h3>16.00: Auditorio Universidad Provincial de Oficios (UPRo).<\/h3>\n<h3>&#8211; Firma decreto del Programa de Subsidios de Tasas de Inter\u00e9s para actividades productivas.<\/h3>\n<h3>&#8211; Entre de decretos de financiamiento p\u00fablico a proyectos de la regi\u00f3n Centro Este \u2013 Villa Mercedes. Programa \u201cMi pr\u00f3ximo paso\u201d.<\/h3>\n<h3>Posteriormente Poggi regresar\u00e1 a<strong> San Luis<\/strong>, donde a las 21.00, en Plaza Pringles, encabezar\u00e1 la largada simb\u00f3lica de la 5ta. Fecha del Campeonato Argentino de Rally.<\/h3>\n<p>&nbsp;<\/p>\n<p>&nbsp;<\/p>\n<p>&nbsp;<\/p>\n<h1><\/h1>\n<p><strong>\u00a0\u00a0\u00a0\u00a0\u00a0\u00a0\u00a0\u00a0\u00a0 \u00a0<\/strong><\/p>\n<p>&nbsp;<\/p>\n<p>&nbsp;<\/p>\n<p>&nbsp;<\/p>\n","protected":false},"excerpt":{"rendered":"<p>El Gobierno dar\u00e1 un nuevo paso en la reconstrucci\u00f3n del Hospital \u2018Juan Domingo Per\u00f3n\u2019 de&#8230;<\/p>\n","protected":false},"author":1,"featured_media":20245,"comment_status":"closed","ping_status":"closed","sticky":false,"template":"","format":"standard","meta":{"footnotes":""},"categories":[6],"tags":[],"class_list":["post-20244","post","type-post","status-publish","format-standard","has-post-thumbnail","hentry","category-ciudad-provincia"],"yoast_head":"<!-- This site is optimized with the Yoast SEO plugin v26.1.1 - https:\/\/yoast.com\/wordpress\/plugins\/seo\/ -->\n<title>POGGI FIRMA LLAMADO A LICITACI\u00d3N PARA RECONSTRUIR LA PLANTA ALTA DEL POLICL\u00cdNICO - Apuntes de San Luis<\/title>\n<meta name=\"robots\" content=\"index, follow, max-snippet:-1, max-image-preview:large, max-video-preview:-1\" \/>\n<link rel=\"canonical\" href=\"https:\/\/apuntesdesanluis.com\/index.php\/2024\/08\/01\/poggi-firma-llamado-a-licitacion-para-reconstruir-la-planta-alta-del-policlinico\/\" \/>\n<meta property=\"og:locale\" content=\"es_ES\" \/>\n<meta property=\"og:type\" content=\"article\" \/>\n<meta property=\"og:title\" content=\"POGGI FIRMA LLAMADO A LICITACI\u00d3N PARA RECONSTRUIR LA PLANTA ALTA DEL POLICL\u00cdNICO - Apuntes de San Luis\" \/>\n<meta property=\"og:description\" content=\"El Gobierno dar\u00e1 un nuevo paso en la reconstrucci\u00f3n del Hospital \u2018Juan Domingo Per\u00f3n\u2019 de...\" \/>\n<meta property=\"og:url\" content=\"https:\/\/apuntesdesanluis.com\/index.php\/2024\/08\/01\/poggi-firma-llamado-a-licitacion-para-reconstruir-la-planta-alta-del-policlinico\/\" \/>\n<meta property=\"og:site_name\" content=\"Apuntes de San Luis\" \/>\n<meta property=\"article:published_time\" content=\"2024-08-02T01:58:34+00:00\" \/>\n<meta property=\"article:modified_time\" content=\"2024-08-02T02:57:48+00:00\" \/>\n<meta property=\"og:image\" content=\"https:\/\/apuntesdesanluis.com\/wp-content\/uploads\/2024\/08\/POGGI-POLICLINICO-e1722564918920.png\" \/>\n\t<meta property=\"og:image:width\" content=\"578\" \/>\n\t<meta property=\"og:image:height\" content=\"321\" \/>\n\t<meta property=\"og:image:type\" content=\"image\/png\" \/>\n<meta name=\"author\" content=\"apuntesdesanluis.com\" \/>\n<meta name=\"twitter:card\" content=\"summary_large_image\" \/>\n<meta name=\"twitter:label1\" content=\"Escrito por\" \/>\n\t<meta name=\"twitter:data1\" content=\"apuntesdesanluis.com\" \/>\n\t<meta name=\"twitter:label2\" content=\"Tiempo de lectura\" \/>\n\t<meta name=\"twitter:data2\" content=\"3 minutos\" \/>\n<script type=\"application\/ld+json\" class=\"yoast-schema-graph\">{\"@context\":\"https:\/\/schema.org\",\"@graph\":[{\"@type\":\"Article\",\"@id\":\"https:\/\/apuntesdesanluis.com\/index.php\/2024\/08\/01\/poggi-firma-llamado-a-licitacion-para-reconstruir-la-planta-alta-del-policlinico\/#article\",\"isPartOf\":{\"@id\":\"https:\/\/apuntesdesanluis.com\/index.php\/2024\/08\/01\/poggi-firma-llamado-a-licitacion-para-reconstruir-la-planta-alta-del-policlinico\/\"},\"author\":{\"name\":\"apuntesdesanluis.com\",\"@id\":\"https:\/\/apuntesdesanluis.com\/#\/schema\/person\/b55151d52296fcce64d1a72538a70b90\"},\"headline\":\"POGGI FIRMA LLAMADO A LICITACI\u00d3N PARA RECONSTRUIR LA PLANTA ALTA DEL POLICL\u00cdNICO\",\"datePublished\":\"2024-08-02T01:58:34+00:00\",\"dateModified\":\"2024-08-02T02:57:48+00:00\",\"mainEntityOfPage\":{\"@id\":\"https:\/\/apuntesdesanluis.com\/index.php\/2024\/08\/01\/poggi-firma-llamado-a-licitacion-para-reconstruir-la-planta-alta-del-policlinico\/\"},\"wordCount\":653,\"publisher\":{\"@id\":\"https:\/\/apuntesdesanluis.com\/#\/schema\/person\/b55151d52296fcce64d1a72538a70b90\"},\"image\":{\"@id\":\"https:\/\/apuntesdesanluis.com\/index.php\/2024\/08\/01\/poggi-firma-llamado-a-licitacion-para-reconstruir-la-planta-alta-del-policlinico\/#primaryimage\"},\"thumbnailUrl\":\"https:\/\/apuntesdesanluis.com\/wp-content\/uploads\/2024\/08\/POGGI-POLICLINICO-e1722564918920.png\",\"articleSection\":[\"Ciudad\/Provincia\"],\"inLanguage\":\"es-AR\"},{\"@type\":\"WebPage\",\"@id\":\"https:\/\/apuntesdesanluis.com\/index.php\/2024\/08\/01\/poggi-firma-llamado-a-licitacion-para-reconstruir-la-planta-alta-del-policlinico\/\",\"url\":\"https:\/\/apuntesdesanluis.com\/index.php\/2024\/08\/01\/poggi-firma-llamado-a-licitacion-para-reconstruir-la-planta-alta-del-policlinico\/\",\"name\":\"POGGI FIRMA LLAMADO A LICITACI\u00d3N PARA RECONSTRUIR LA PLANTA ALTA DEL POLICL\u00cdNICO - Apuntes de San Luis\",\"isPartOf\":{\"@id\":\"https:\/\/apuntesdesanluis.com\/#website\"},\"primaryImageOfPage\":{\"@id\":\"https:\/\/apuntesdesanluis.com\/index.php\/2024\/08\/01\/poggi-firma-llamado-a-licitacion-para-reconstruir-la-planta-alta-del-policlinico\/#primaryimage\"},\"image\":{\"@id\":\"https:\/\/apuntesdesanluis.com\/index.php\/2024\/08\/01\/poggi-firma-llamado-a-licitacion-para-reconstruir-la-planta-alta-del-policlinico\/#primaryimage\"},\"thumbnailUrl\":\"https:\/\/apuntesdesanluis.com\/wp-content\/uploads\/2024\/08\/POGGI-POLICLINICO-e1722564918920.png\",\"datePublished\":\"2024-08-02T01:58:34+00:00\",\"dateModified\":\"2024-08-02T02:57:48+00:00\",\"breadcrumb\":{\"@id\":\"https:\/\/apuntesdesanluis.com\/index.php\/2024\/08\/01\/poggi-firma-llamado-a-licitacion-para-reconstruir-la-planta-alta-del-policlinico\/#breadcrumb\"},\"inLanguage\":\"es-AR\",\"potentialAction\":[{\"@type\":\"ReadAction\",\"target\":[\"https:\/\/apuntesdesanluis.com\/index.php\/2024\/08\/01\/poggi-firma-llamado-a-licitacion-para-reconstruir-la-planta-alta-del-policlinico\/\"]}]},{\"@type\":\"ImageObject\",\"inLanguage\":\"es-AR\",\"@id\":\"https:\/\/apuntesdesanluis.com\/index.php\/2024\/08\/01\/poggi-firma-llamado-a-licitacion-para-reconstruir-la-planta-alta-del-policlinico\/#primaryimage\",\"url\":\"https:\/\/apuntesdesanluis.com\/wp-content\/uploads\/2024\/08\/POGGI-POLICLINICO-e1722564918920.png\",\"contentUrl\":\"https:\/\/apuntesdesanluis.com\/wp-content\/uploads\/2024\/08\/POGGI-POLICLINICO-e1722564918920.png\",\"width\":578,\"height\":321},{\"@type\":\"BreadcrumbList\",\"@id\":\"https:\/\/apuntesdesanluis.com\/index.php\/2024\/08\/01\/poggi-firma-llamado-a-licitacion-para-reconstruir-la-planta-alta-del-policlinico\/#breadcrumb\",\"itemListElement\":[{\"@type\":\"ListItem\",\"position\":1,\"name\":\"Inicio\",\"item\":\"https:\/\/apuntesdesanluis.com\/\"},{\"@type\":\"ListItem\",\"position\":2,\"name\":\"POGGI FIRMA LLAMADO A LICITACI\u00d3N PARA RECONSTRUIR LA PLANTA ALTA DEL POLICL\u00cdNICO\"}]},{\"@type\":\"WebSite\",\"@id\":\"https:\/\/apuntesdesanluis.com\/#website\",\"url\":\"https:\/\/apuntesdesanluis.com\/\",\"name\":\"Apuntes de San Luis\",\"description\":\"\",\"publisher\":{\"@id\":\"https:\/\/apuntesdesanluis.com\/#\/schema\/person\/b55151d52296fcce64d1a72538a70b90\"},\"potentialAction\":[{\"@type\":\"SearchAction\",\"target\":{\"@type\":\"EntryPoint\",\"urlTemplate\":\"https:\/\/apuntesdesanluis.com\/?s={search_term_string}\"},\"query-input\":{\"@type\":\"PropertyValueSpecification\",\"valueRequired\":true,\"valueName\":\"search_term_string\"}}],\"inLanguage\":\"es-AR\"},{\"@type\":[\"Person\",\"Organization\"],\"@id\":\"https:\/\/apuntesdesanluis.com\/#\/schema\/person\/b55151d52296fcce64d1a72538a70b90\",\"name\":\"apuntesdesanluis.com\",\"image\":{\"@type\":\"ImageObject\",\"inLanguage\":\"es-AR\",\"@id\":\"https:\/\/apuntesdesanluis.com\/#\/schema\/person\/image\/\",\"url\":\"https:\/\/apuntesdesanluis.com\/wp-content\/uploads\/2023\/07\/cropped-apuntesdesanluis.png\",\"contentUrl\":\"https:\/\/apuntesdesanluis.com\/wp-content\/uploads\/2023\/07\/cropped-apuntesdesanluis.png\",\"width\":450,\"height\":112,\"caption\":\"apuntesdesanluis.com\"},\"logo\":{\"@id\":\"https:\/\/apuntesdesanluis.com\/#\/schema\/person\/image\/\"},\"sameAs\":[\"https:\/\/apuntesdesanluis.com\"],\"url\":\"https:\/\/apuntesdesanluis.com\/index.php\/author\/apuntesdesanluis-com\/\"}]}<\/script>\n<!-- \/ Yoast SEO plugin. -->","yoast_head_json":{"title":"POGGI FIRMA LLAMADO A LICITACI\u00d3N PARA RECONSTRUIR LA PLANTA ALTA DEL POLICL\u00cdNICO - Apuntes de San Luis","robots":{"index":"index","follow":"follow","max-snippet":"max-snippet:-1","max-image-preview":"max-image-preview:large","max-video-preview":"max-video-preview:-1"},"canonical":"https:\/\/apuntesdesanluis.com\/index.php\/2024\/08\/01\/poggi-firma-llamado-a-licitacion-para-reconstruir-la-planta-alta-del-policlinico\/","og_locale":"es_ES","og_type":"article","og_title":"POGGI FIRMA LLAMADO A LICITACI\u00d3N PARA RECONSTRUIR LA PLANTA ALTA DEL POLICL\u00cdNICO - Apuntes de San Luis","og_description":"El Gobierno dar\u00e1 un nuevo paso en la reconstrucci\u00f3n del Hospital \u2018Juan Domingo Per\u00f3n\u2019 de...","og_url":"https:\/\/apuntesdesanluis.com\/index.php\/2024\/08\/01\/poggi-firma-llamado-a-licitacion-para-reconstruir-la-planta-alta-del-policlinico\/","og_site_name":"Apuntes de San Luis","article_published_time":"2024-08-02T01:58:34+00:00","article_modified_time":"2024-08-02T02:57:48+00:00","og_image":[{"width":578,"height":321,"url":"https:\/\/apuntesdesanluis.com\/wp-content\/uploads\/2024\/08\/POGGI-POLICLINICO-e1722564918920.png","type":"image\/png"}],"author":"apuntesdesanluis.com","twitter_card":"summary_large_image","twitter_misc":{"Escrito por":"apuntesdesanluis.com","Tiempo de lectura":"3 minutos"},"schema":{"@context":"https:\/\/schema.org","@graph":[{"@type":"Article","@id":"https:\/\/apuntesdesanluis.com\/index.php\/2024\/08\/01\/poggi-firma-llamado-a-licitacion-para-reconstruir-la-planta-alta-del-policlinico\/#article","isPartOf":{"@id":"https:\/\/apuntesdesanluis.com\/index.php\/2024\/08\/01\/poggi-firma-llamado-a-licitacion-para-reconstruir-la-planta-alta-del-policlinico\/"},"author":{"name":"apuntesdesanluis.com","@id":"https:\/\/apuntesdesanluis.com\/#\/schema\/person\/b55151d52296fcce64d1a72538a70b90"},"headline":"POGGI FIRMA LLAMADO A LICITACI\u00d3N PARA RECONSTRUIR LA PLANTA ALTA DEL POLICL\u00cdNICO","datePublished":"2024-08-02T01:58:34+00:00","dateModified":"2024-08-02T02:57:48+00:00","mainEntityOfPage":{"@id":"https:\/\/apuntesdesanluis.com\/index.php\/2024\/08\/01\/poggi-firma-llamado-a-licitacion-para-reconstruir-la-planta-alta-del-policlinico\/"},"wordCount":653,"publisher":{"@id":"https:\/\/apuntesdesanluis.com\/#\/schema\/person\/b55151d52296fcce64d1a72538a70b90"},"image":{"@id":"https:\/\/apuntesdesanluis.com\/index.php\/2024\/08\/01\/poggi-firma-llamado-a-licitacion-para-reconstruir-la-planta-alta-del-policlinico\/#primaryimage"},"thumbnailUrl":"https:\/\/apuntesdesanluis.com\/wp-content\/uploads\/2024\/08\/POGGI-POLICLINICO-e1722564918920.png","articleSection":["Ciudad\/Provincia"],"inLanguage":"es-AR"},{"@type":"WebPage","@id":"https:\/\/apuntesdesanluis.com\/index.php\/2024\/08\/01\/poggi-firma-llamado-a-licitacion-para-reconstruir-la-planta-alta-del-policlinico\/","url":"https:\/\/apuntesdesanluis.com\/index.php\/2024\/08\/01\/poggi-firma-llamado-a-licitacion-para-reconstruir-la-planta-alta-del-policlinico\/","name":"POGGI FIRMA LLAMADO A LICITACI\u00d3N PARA RECONSTRUIR LA PLANTA ALTA DEL POLICL\u00cdNICO - Apuntes de San Luis","isPartOf":{"@id":"https:\/\/apuntesdesanluis.com\/#website"},"primaryImageOfPage":{"@id":"https:\/\/apuntesdesanluis.com\/index.php\/2024\/08\/01\/poggi-firma-llamado-a-licitacion-para-reconstruir-la-planta-alta-del-policlinico\/#primaryimage"},"image":{"@id":"https:\/\/apuntesdesanluis.com\/index.php\/2024\/08\/01\/poggi-firma-llamado-a-licitacion-para-reconstruir-la-planta-alta-del-policlinico\/#primaryimage"},"thumbnailUrl":"https:\/\/apuntesdesanluis.com\/wp-content\/uploads\/2024\/08\/POGGI-POLICLINICO-e1722564918920.png","datePublished":"2024-08-02T01:58:34+00:00","dateModified":"2024-08-02T02:57:48+00:00","breadcrumb":{"@id":"https:\/\/apuntesdesanluis.com\/index.php\/2024\/08\/01\/poggi-firma-llamado-a-licitacion-para-reconstruir-la-planta-alta-del-policlinico\/#breadcrumb"},"inLanguage":"es-AR","potentialAction":[{"@type":"ReadAction","target":["https:\/\/apuntesdesanluis.com\/index.php\/2024\/08\/01\/poggi-firma-llamado-a-licitacion-para-reconstruir-la-planta-alta-del-policlinico\/"]}]},{"@type":"ImageObject","inLanguage":"es-AR","@id":"https:\/\/apuntesdesanluis.com\/index.php\/2024\/08\/01\/poggi-firma-llamado-a-licitacion-para-reconstruir-la-planta-alta-del-policlinico\/#primaryimage","url":"https:\/\/apuntesdesanluis.com\/wp-content\/uploads\/2024\/08\/POGGI-POLICLINICO-e1722564918920.png","contentUrl":"https:\/\/apuntesdesanluis.com\/wp-content\/uploads\/2024\/08\/POGGI-POLICLINICO-e1722564918920.png","width":578,"height":321},{"@type":"BreadcrumbList","@id":"https:\/\/apuntesdesanluis.com\/index.php\/2024\/08\/01\/poggi-firma-llamado-a-licitacion-para-reconstruir-la-planta-alta-del-policlinico\/#breadcrumb","itemListElement":[{"@type":"ListItem","position":1,"name":"Inicio","item":"https:\/\/apuntesdesanluis.com\/"},{"@type":"ListItem","position":2,"name":"POGGI FIRMA LLAMADO A LICITACI\u00d3N PARA RECONSTRUIR LA PLANTA ALTA DEL POLICL\u00cdNICO"}]},{"@type":"WebSite","@id":"https:\/\/apuntesdesanluis.com\/#website","url":"https:\/\/apuntesdesanluis.com\/","name":"Apuntes de San Luis","description":"","publisher":{"@id":"https:\/\/apuntesdesanluis.com\/#\/schema\/person\/b55151d52296fcce64d1a72538a70b90"},"potentialAction":[{"@type":"SearchAction","target":{"@type":"EntryPoint","urlTemplate":"https:\/\/apuntesdesanluis.com\/?s={search_term_string}"},"query-input":{"@type":"PropertyValueSpecification","valueRequired":true,"valueName":"search_term_string"}}],"inLanguage":"es-AR"},{"@type":["Person","Organization"],"@id":"https:\/\/apuntesdesanluis.com\/#\/schema\/person\/b55151d52296fcce64d1a72538a70b90","name":"apuntesdesanluis.com","image":{"@type":"ImageObject","inLanguage":"es-AR","@id":"https:\/\/apuntesdesanluis.com\/#\/schema\/person\/image\/","url":"https:\/\/apuntesdesanluis.com\/wp-content\/uploads\/2023\/07\/cropped-apuntesdesanluis.png","contentUrl":"https:\/\/apuntesdesanluis.com\/wp-content\/uploads\/2023\/07\/cropped-apuntesdesanluis.png","width":450,"height":112,"caption":"apuntesdesanluis.com"},"logo":{"@id":"https:\/\/apuntesdesanluis.com\/#\/schema\/person\/image\/"},"sameAs":["https:\/\/apuntesdesanluis.com"],"url":"https:\/\/apuntesdesanluis.com\/index.php\/author\/apuntesdesanluis-com\/"}]}},"featured_image_urls":{"full":["https:\/\/apuntesdesanluis.com\/wp-content\/uploads\/2024\/08\/POGGI-POLICLINICO-e1722564918920.png",578,321,false],"thumbnail":["https:\/\/apuntesdesanluis.com\/wp-content\/uploads\/2024\/08\/POGGI-POLICLINICO-e1722564918920-150x150.png",150,150,true],"medium":["https:\/\/apuntesdesanluis.com\/wp-content\/uploads\/2024\/08\/POGGI-POLICLINICO-e1722564918920-300x167.png",300,167,true],"medium_large":["https:\/\/apuntesdesanluis.com\/wp-content\/uploads\/2024\/08\/POGGI-POLICLINICO-e1722564918920.png",578,321,false],"large":["https:\/\/apuntesdesanluis.com\/wp-content\/uploads\/2024\/08\/POGGI-POLICLINICO-e1722564918920.png",578,321,false],"1536x1536":["https:\/\/apuntesdesanluis.com\/wp-content\/uploads\/2024\/08\/POGGI-POLICLINICO-e1722564918920.png",578,321,false],"2048x2048":["https:\/\/apuntesdesanluis.com\/wp-content\/uploads\/2024\/08\/POGGI-POLICLINICO-e1722564918920.png",578,321,false],"newsever-slider-full":["https:\/\/apuntesdesanluis.com\/wp-content\/uploads\/2024\/08\/POGGI-POLICLINICO-e1722564918920.png",578,321,false],"newsever-featured":["https:\/\/apuntesdesanluis.com\/wp-content\/uploads\/2024\/08\/POGGI-POLICLINICO-e1722564918920.png",578,321,false],"newsever-medium":["https:\/\/apuntesdesanluis.com\/wp-content\/uploads\/2024\/08\/POGGI-POLICLINICO-e1722564918920.png",578,321,false]},"author_info":{"display_name":"apuntesdesanluis.com","author_link":"https:\/\/apuntesdesanluis.com\/index.php\/author\/apuntesdesanluis-com\/"},"category_info":"<a href=\"https:\/\/apuntesdesanluis.com\/index.php\/category\/ciudad-provincia\/\" rel=\"category tag\">Ciudad\/Provincia<\/a>","tag_info":"Ciudad\/Provincia","comment_count":"0","_links":{"self":[{"href":"https:\/\/apuntesdesanluis.com\/index.php\/wp-json\/wp\/v2\/posts\/20244","targetHints":{"allow":["GET"]}}],"collection":[{"href":"https:\/\/apuntesdesanluis.com\/index.php\/wp-json\/wp\/v2\/posts"}],"about":[{"href":"https:\/\/apuntesdesanluis.com\/index.php\/wp-json\/wp\/v2\/types\/post"}],"author":[{"embeddable":true,"href":"https:\/\/apuntesdesanluis.com\/index.php\/wp-json\/wp\/v2\/users\/1"}],"replies":[{"embeddable":true,"href":"https:\/\/apuntesdesanluis.com\/index.php\/wp-json\/wp\/v2\/comments?post=20244"}],"version-history":[{"count":5,"href":"https:\/\/apuntesdesanluis.com\/index.php\/wp-json\/wp\/v2\/posts\/20244\/revisions"}],"predecessor-version":[{"id":20264,"href":"https:\/\/apuntesdesanluis.com\/index.php\/wp-json\/wp\/v2\/posts\/20244\/revisions\/20264"}],"wp:featuredmedia":[{"embeddable":true,"href":"https:\/\/apuntesdesanluis.com\/index.php\/wp-json\/wp\/v2\/media\/20245"}],"wp:attachment":[{"href":"https:\/\/apuntesdesanluis.com\/index.php\/wp-json\/wp\/v2\/media?parent=20244"}],"wp:term":[{"taxonomy":"category","embeddable":true,"href":"https:\/\/apuntesdesanluis.com\/index.php\/wp-json\/wp\/v2\/categories?post=20244"},{"taxonomy":"post_tag","embeddable":true,"href":"https:\/\/apuntesdesanluis.com\/index.php\/wp-json\/wp\/v2\/tags?post=20244"}],"curies":[{"name":"wp","href":"https:\/\/api.w.org\/{rel}","templated":true}]}}