{"id":20255,"date":"2024-08-01T23:39:46","date_gmt":"2024-08-02T02:39:46","guid":{"rendered":"https:\/\/apuntesdesanluis.com\/?p=20255"},"modified":"2024-08-01T23:39:46","modified_gmt":"2024-08-02T02:39:46","slug":"la-uba-cuestiono-los-datos-del-gobierno-sobre-los-salarios-docentes-universitarios-es-falso","status":"publish","type":"post","link":"https:\/\/apuntesdesanluis.com\/index.php\/2024\/08\/01\/la-uba-cuestiono-los-datos-del-gobierno-sobre-los-salarios-docentes-universitarios-es-falso\/","title":{"rendered":"LA UBA CUESTION\u00d3 LOS DATOS DEL GOBIERNO SOBRE LOS SALARIOS DOCENTES UNIVERSITARIOS: \u201cES FALSO\u201d"},"content":{"rendered":"<h3>El <strong>Ministerio de Capital Humano<\/strong> emiti\u00f3 un comunicado este jueves en el que inform\u00f3 que los docentes universitarios incrementaron sus ingresos un 71%, mientras que a los empleados del Estado un 58,5% y resalt\u00f3 que \u201ctodos los sectores de la sociedad est\u00e1n poniendo el hombro\u201d. Esas declaraciones llegaron en medio de un fuerte reclamo paritario y luego de la multitudinaria <strong>Marcha Universitaria Federal<\/strong> que se realiz\u00f3 en abril, por lo que el vicerrector de la UBA, <strong>Emiliano Yacobitti<\/strong>, sali\u00f3 a responderle al Gobierno y denunci\u00f3 que los datos publicados son falsos.<\/h3>\n<p><img fetchpriority=\"high\" decoding=\"async\" class=\"wp-image-20257 aligncenter\" src=\"https:\/\/apuntesdesanluis.com\/wp-content\/uploads\/2024\/08\/pettovello-300x194.png\" alt=\"\" width=\"704\" height=\"455\" srcset=\"https:\/\/apuntesdesanluis.com\/wp-content\/uploads\/2024\/08\/pettovello-300x194.png 300w, https:\/\/apuntesdesanluis.com\/wp-content\/uploads\/2024\/08\/pettovello.png 572w\" sizes=\"(max-width: 704px) 100vw, 704px\" \/><\/p>\n<h4 style=\"text-align: center;\"><em>Ministra Sandra Pettovello.<\/em><\/h4>\n<h3>La cartera que conduce <strong>Sandra Pettovello<\/strong> resalt\u00f3: \u201cTodos los sectores de la sociedad est\u00e1n poniendo el hombro. Parte del ajuste tiene que ver, tambi\u00e9n, con la fiscalizaci\u00f3n y la transparencia de los gastos superfluos en las universidades. Sin embargo, a\u00fan hay resistencia para que sean identificadas muchas de esas erogaciones excesivas e injustificadas como los cursos con inexistencia de alumnos y profesores. La realidad es que de diciembre a julio, el aumento del sueldo del personal de las universidades nacionales es superior a la pauta establecida para los salarios del Estado nacional, en igual lapso\u201d.<\/h3>\n<h3><img decoding=\"async\" class=\"wp-image-20258 aligncenter\" src=\"https:\/\/apuntesdesanluis.com\/wp-content\/uploads\/2024\/08\/COMUNICADO-227x300.png\" alt=\"\" width=\"569\" height=\"752\" srcset=\"https:\/\/apuntesdesanluis.com\/wp-content\/uploads\/2024\/08\/COMUNICADO-227x300.png 227w, https:\/\/apuntesdesanluis.com\/wp-content\/uploads\/2024\/08\/COMUNICADO.png 522w\" sizes=\"(max-width: 569px) 100vw, 569px\" \/><\/h3>\n<h4 style=\"text-align: center;\"><em>Comunicado de Capital Humano sobre el salario de los docentes universitarios.<\/em><\/h4>\n<h3>\u201cAs\u00ed, los docentes universitarios incrementaron sus ingresos un 71%, mientras que a los empleados del Estado un 58,5%. En ese contexto, la asignaci\u00f3n anual presupuestaria para los gastos de funcionamiento del sistema universitario para 2024 se increment\u00f3 un 270% en total. Asignaci\u00f3n que en 2023, casualmente o no tanto, estuvo totalmente congelada sin que se alzaran voces en protesta, como si durante el gobierno de Alberto Fern\u00e1ndez no hubiese habido inflaci\u00f3n alguna. A diferencia de 2023, las transferencias a universidades para gastos de funcionamiento se encuentran al d\u00eda, lejos de las demoras de hasta tres meses de la gesti\u00f3n anterior\u201d, agregaron.<\/h3>\n<h3>Seg\u00fan denunci\u00f3 Yacobitti, el dato publicado por Capital Humano \u201ces falso\u201d porque \u201ccontabiliza impactos de acuerdos salariales de los universitarios celebrados durante el a\u00f1o pasado y omite la paritaria completa que el propio gobierno firm\u00f3 con el resto de los estatales para el mes de febrero\u201d. Adem\u00e1s, en di\u00e1logo con Infobae, agreg\u00f3: \u201cLlama la atenci\u00f3n que reconoce que la inflaci\u00f3n acumulada fue casi el doble que la actualizaci\u00f3n de los salarios\u201d.<\/h3>\n<h3>De hecho, alert\u00f3 que hoy los salarios de los docentes universitarios \u201cson muy bajos, por debajo de la l\u00ednea de la pobreza\u201d, y reconoci\u00f3 que muchos residentes eligen irse a otras provincias o instituciones privadas, donde cobran un 30% m\u00e1s.<\/h3>\n<h3>\u00a0\u201cEs correcto lo se\u00f1alado por el Ministerio cuando reconoce el brutal ajuste al salario de los universitarios respecto de la inflaci\u00f3n sufrida en lo que va del a\u00f1o. Para dimensionar la p\u00e9rdida salarial en las universidades, la inflaci\u00f3n acumulada es pr\u00e1cticamente el doble de las actualizaciones reconocidas por el propio Ministerio a los profesores y trabajadores de las universidades\u201d, insisti\u00f3.<\/h3>\n<h3>Seg\u00fan detall\u00f3 el dirigente radical porte\u00f1o a este medio, en comparaci\u00f3n a los salarios de noviembre de 2023 contra los de junio de 2024, la baja de su capacidad de compra alcanza el 45%. \u201cEs el doble que el ajuste que recibi\u00f3 el resto de los empleados estatales\u201d, agreg\u00f3.<\/h3>\n<h3><img decoding=\"async\" class=\"wp-image-20259 aligncenter\" src=\"https:\/\/apuntesdesanluis.com\/wp-content\/uploads\/2024\/08\/COMPARACION-300x248.png\" alt=\"\" width=\"699\" height=\"578\" srcset=\"https:\/\/apuntesdesanluis.com\/wp-content\/uploads\/2024\/08\/COMPARACION-300x248.png 300w, https:\/\/apuntesdesanluis.com\/wp-content\/uploads\/2024\/08\/COMPARACION-768x634.png 768w, https:\/\/apuntesdesanluis.com\/wp-content\/uploads\/2024\/08\/COMPARACION.png 773w\" sizes=\"(max-width: 699px) 100vw, 699px\" \/><\/h3>\n<h4 style=\"text-align: center;\"><em>Relaci\u00f3n de salarios b\u00e1sicos de la UBA y la canasta b\u00e1sica.<\/em><\/h4>\n<h3>\u201cEs falso que todos los sectores est\u00e1n poniendo el hombro: a los m\u00e1s ricos se le est\u00e1n bajando los impuestos. Mientras, miles en las universidades ponen realmente el hombro todos los d\u00edas, con salarios b\u00e1sicos en much\u00edsimos casos debajo de la l\u00ednea de pobreza, comprometidos con la educaci\u00f3n que es la clave para un futuro pr\u00f3spero de la Argentina\u201d, agreg\u00f3 el vicerrector de la UBA en sus redes sociales.<\/h3>\n<h3>En ese sentido, lament\u00f3 que \u201cuna vez m\u00e1s el Gobierno menosprecia la inversi\u00f3n en educaci\u00f3n, tild\u00e1ndola de superflua. Llamamos nuevamente a los funcionarios a la reflexi\u00f3n, reclamando un salario digno para profesores y trabajadores universitarios\u201d. Ante la gravedad del conflicto, Yacobitti asegur\u00f3 que \u201capuestan al di\u00e1logo\u201d, pero no descart\u00f3 la posibilidad de una medida de fuerza.<\/h3>\n<p>&nbsp;<\/p>\n<p>&nbsp;<\/p>\n<p>&nbsp;<\/p>\n<p>&nbsp;<\/p>\n<p>&nbsp;<\/p>\n<p>&nbsp;<\/p>\n","protected":false},"excerpt":{"rendered":"<p>El Ministerio de Capital Humano emiti\u00f3 un comunicado este jueves en el que inform\u00f3 que&#8230;<\/p>\n","protected":false},"author":1,"featured_media":20256,"comment_status":"closed","ping_status":"closed","sticky":false,"template":"","format":"standard","meta":{"footnotes":""},"categories":[5],"tags":[],"class_list":["post-20255","post","type-post","status-publish","format-standard","has-post-thumbnail","hentry","category-nacionales-internacionales"],"yoast_head":"<!-- This site is optimized with the Yoast SEO plugin v26.1.1 - https:\/\/yoast.com\/wordpress\/plugins\/seo\/ -->\n<title>LA UBA CUESTION\u00d3 LOS DATOS DEL GOBIERNO SOBRE LOS SALARIOS DOCENTES UNIVERSITARIOS: \u201cES FALSO\u201d - Apuntes de San Luis<\/title>\n<meta name=\"robots\" content=\"index, follow, max-snippet:-1, max-image-preview:large, max-video-preview:-1\" \/>\n<link rel=\"canonical\" href=\"https:\/\/apuntesdesanluis.com\/index.php\/2024\/08\/01\/la-uba-cuestiono-los-datos-del-gobierno-sobre-los-salarios-docentes-universitarios-es-falso\/\" \/>\n<meta property=\"og:locale\" content=\"es_ES\" \/>\n<meta property=\"og:type\" content=\"article\" \/>\n<meta property=\"og:title\" content=\"LA UBA CUESTION\u00d3 LOS DATOS DEL GOBIERNO SOBRE LOS SALARIOS DOCENTES UNIVERSITARIOS: \u201cES FALSO\u201d - Apuntes de San Luis\" \/>\n<meta property=\"og:description\" content=\"El Ministerio de Capital Humano emiti\u00f3 un comunicado este jueves en el que inform\u00f3 que...\" \/>\n<meta property=\"og:url\" content=\"https:\/\/apuntesdesanluis.com\/index.php\/2024\/08\/01\/la-uba-cuestiono-los-datos-del-gobierno-sobre-los-salarios-docentes-universitarios-es-falso\/\" \/>\n<meta property=\"og:site_name\" content=\"Apuntes de San Luis\" \/>\n<meta property=\"article:published_time\" content=\"2024-08-02T02:39:46+00:00\" \/>\n<meta property=\"og:image\" content=\"https:\/\/apuntesdesanluis.com\/wp-content\/uploads\/2024\/08\/yacovitti-y-milei.png\" \/>\n\t<meta property=\"og:image:width\" content=\"594\" \/>\n\t<meta property=\"og:image:height\" content=\"332\" \/>\n\t<meta property=\"og:image:type\" content=\"image\/png\" \/>\n<meta name=\"author\" content=\"apuntesdesanluis.com\" \/>\n<meta name=\"twitter:card\" content=\"summary_large_image\" \/>\n<meta name=\"twitter:label1\" content=\"Escrito por\" \/>\n\t<meta name=\"twitter:data1\" content=\"apuntesdesanluis.com\" \/>\n\t<meta name=\"twitter:label2\" content=\"Tiempo de lectura\" \/>\n\t<meta name=\"twitter:data2\" content=\"4 minutos\" \/>\n<script type=\"application\/ld+json\" class=\"yoast-schema-graph\">{\"@context\":\"https:\/\/schema.org\",\"@graph\":[{\"@type\":\"Article\",\"@id\":\"https:\/\/apuntesdesanluis.com\/index.php\/2024\/08\/01\/la-uba-cuestiono-los-datos-del-gobierno-sobre-los-salarios-docentes-universitarios-es-falso\/#article\",\"isPartOf\":{\"@id\":\"https:\/\/apuntesdesanluis.com\/index.php\/2024\/08\/01\/la-uba-cuestiono-los-datos-del-gobierno-sobre-los-salarios-docentes-universitarios-es-falso\/\"},\"author\":{\"name\":\"apuntesdesanluis.com\",\"@id\":\"https:\/\/apuntesdesanluis.com\/#\/schema\/person\/b55151d52296fcce64d1a72538a70b90\"},\"headline\":\"LA UBA CUESTION\u00d3 LOS DATOS DEL GOBIERNO SOBRE LOS SALARIOS DOCENTES UNIVERSITARIOS: \u201cES FALSO\u201d\",\"datePublished\":\"2024-08-02T02:39:46+00:00\",\"mainEntityOfPage\":{\"@id\":\"https:\/\/apuntesdesanluis.com\/index.php\/2024\/08\/01\/la-uba-cuestiono-los-datos-del-gobierno-sobre-los-salarios-docentes-universitarios-es-falso\/\"},\"wordCount\":712,\"publisher\":{\"@id\":\"https:\/\/apuntesdesanluis.com\/#\/schema\/person\/b55151d52296fcce64d1a72538a70b90\"},\"image\":{\"@id\":\"https:\/\/apuntesdesanluis.com\/index.php\/2024\/08\/01\/la-uba-cuestiono-los-datos-del-gobierno-sobre-los-salarios-docentes-universitarios-es-falso\/#primaryimage\"},\"thumbnailUrl\":\"https:\/\/apuntesdesanluis.com\/wp-content\/uploads\/2024\/08\/yacovitti-y-milei.png\",\"articleSection\":[\"Nacionales\/Internacionales\"],\"inLanguage\":\"es-AR\"},{\"@type\":\"WebPage\",\"@id\":\"https:\/\/apuntesdesanluis.com\/index.php\/2024\/08\/01\/la-uba-cuestiono-los-datos-del-gobierno-sobre-los-salarios-docentes-universitarios-es-falso\/\",\"url\":\"https:\/\/apuntesdesanluis.com\/index.php\/2024\/08\/01\/la-uba-cuestiono-los-datos-del-gobierno-sobre-los-salarios-docentes-universitarios-es-falso\/\",\"name\":\"LA UBA CUESTION\u00d3 LOS DATOS DEL GOBIERNO SOBRE LOS SALARIOS DOCENTES UNIVERSITARIOS: \u201cES FALSO\u201d - Apuntes de San Luis\",\"isPartOf\":{\"@id\":\"https:\/\/apuntesdesanluis.com\/#website\"},\"primaryImageOfPage\":{\"@id\":\"https:\/\/apuntesdesanluis.com\/index.php\/2024\/08\/01\/la-uba-cuestiono-los-datos-del-gobierno-sobre-los-salarios-docentes-universitarios-es-falso\/#primaryimage\"},\"image\":{\"@id\":\"https:\/\/apuntesdesanluis.com\/index.php\/2024\/08\/01\/la-uba-cuestiono-los-datos-del-gobierno-sobre-los-salarios-docentes-universitarios-es-falso\/#primaryimage\"},\"thumbnailUrl\":\"https:\/\/apuntesdesanluis.com\/wp-content\/uploads\/2024\/08\/yacovitti-y-milei.png\",\"datePublished\":\"2024-08-02T02:39:46+00:00\",\"breadcrumb\":{\"@id\":\"https:\/\/apuntesdesanluis.com\/index.php\/2024\/08\/01\/la-uba-cuestiono-los-datos-del-gobierno-sobre-los-salarios-docentes-universitarios-es-falso\/#breadcrumb\"},\"inLanguage\":\"es-AR\",\"potentialAction\":[{\"@type\":\"ReadAction\",\"target\":[\"https:\/\/apuntesdesanluis.com\/index.php\/2024\/08\/01\/la-uba-cuestiono-los-datos-del-gobierno-sobre-los-salarios-docentes-universitarios-es-falso\/\"]}]},{\"@type\":\"ImageObject\",\"inLanguage\":\"es-AR\",\"@id\":\"https:\/\/apuntesdesanluis.com\/index.php\/2024\/08\/01\/la-uba-cuestiono-los-datos-del-gobierno-sobre-los-salarios-docentes-universitarios-es-falso\/#primaryimage\",\"url\":\"https:\/\/apuntesdesanluis.com\/wp-content\/uploads\/2024\/08\/yacovitti-y-milei.png\",\"contentUrl\":\"https:\/\/apuntesdesanluis.com\/wp-content\/uploads\/2024\/08\/yacovitti-y-milei.png\",\"width\":594,\"height\":332},{\"@type\":\"BreadcrumbList\",\"@id\":\"https:\/\/apuntesdesanluis.com\/index.php\/2024\/08\/01\/la-uba-cuestiono-los-datos-del-gobierno-sobre-los-salarios-docentes-universitarios-es-falso\/#breadcrumb\",\"itemListElement\":[{\"@type\":\"ListItem\",\"position\":1,\"name\":\"Inicio\",\"item\":\"https:\/\/apuntesdesanluis.com\/\"},{\"@type\":\"ListItem\",\"position\":2,\"name\":\"LA UBA CUESTION\u00d3 LOS DATOS DEL GOBIERNO SOBRE LOS SALARIOS DOCENTES UNIVERSITARIOS: \u201cES FALSO\u201d\"}]},{\"@type\":\"WebSite\",\"@id\":\"https:\/\/apuntesdesanluis.com\/#website\",\"url\":\"https:\/\/apuntesdesanluis.com\/\",\"name\":\"Apuntes de San Luis\",\"description\":\"\",\"publisher\":{\"@id\":\"https:\/\/apuntesdesanluis.com\/#\/schema\/person\/b55151d52296fcce64d1a72538a70b90\"},\"potentialAction\":[{\"@type\":\"SearchAction\",\"target\":{\"@type\":\"EntryPoint\",\"urlTemplate\":\"https:\/\/apuntesdesanluis.com\/?s={search_term_string}\"},\"query-input\":{\"@type\":\"PropertyValueSpecification\",\"valueRequired\":true,\"valueName\":\"search_term_string\"}}],\"inLanguage\":\"es-AR\"},{\"@type\":[\"Person\",\"Organization\"],\"@id\":\"https:\/\/apuntesdesanluis.com\/#\/schema\/person\/b55151d52296fcce64d1a72538a70b90\",\"name\":\"apuntesdesanluis.com\",\"image\":{\"@type\":\"ImageObject\",\"inLanguage\":\"es-AR\",\"@id\":\"https:\/\/apuntesdesanluis.com\/#\/schema\/person\/image\/\",\"url\":\"https:\/\/apuntesdesanluis.com\/wp-content\/uploads\/2023\/07\/cropped-apuntesdesanluis.png\",\"contentUrl\":\"https:\/\/apuntesdesanluis.com\/wp-content\/uploads\/2023\/07\/cropped-apuntesdesanluis.png\",\"width\":450,\"height\":112,\"caption\":\"apuntesdesanluis.com\"},\"logo\":{\"@id\":\"https:\/\/apuntesdesanluis.com\/#\/schema\/person\/image\/\"},\"sameAs\":[\"https:\/\/apuntesdesanluis.com\"],\"url\":\"https:\/\/apuntesdesanluis.com\/index.php\/author\/apuntesdesanluis-com\/\"}]}<\/script>\n<!-- \/ Yoast SEO plugin. -->","yoast_head_json":{"title":"LA UBA CUESTION\u00d3 LOS DATOS DEL GOBIERNO SOBRE LOS SALARIOS DOCENTES UNIVERSITARIOS: \u201cES FALSO\u201d - Apuntes de San Luis","robots":{"index":"index","follow":"follow","max-snippet":"max-snippet:-1","max-image-preview":"max-image-preview:large","max-video-preview":"max-video-preview:-1"},"canonical":"https:\/\/apuntesdesanluis.com\/index.php\/2024\/08\/01\/la-uba-cuestiono-los-datos-del-gobierno-sobre-los-salarios-docentes-universitarios-es-falso\/","og_locale":"es_ES","og_type":"article","og_title":"LA UBA CUESTION\u00d3 LOS DATOS DEL GOBIERNO SOBRE LOS SALARIOS DOCENTES UNIVERSITARIOS: \u201cES FALSO\u201d - Apuntes de San Luis","og_description":"El Ministerio de Capital Humano emiti\u00f3 un comunicado este jueves en el que inform\u00f3 que...","og_url":"https:\/\/apuntesdesanluis.com\/index.php\/2024\/08\/01\/la-uba-cuestiono-los-datos-del-gobierno-sobre-los-salarios-docentes-universitarios-es-falso\/","og_site_name":"Apuntes de San Luis","article_published_time":"2024-08-02T02:39:46+00:00","og_image":[{"width":594,"height":332,"url":"https:\/\/apuntesdesanluis.com\/wp-content\/uploads\/2024\/08\/yacovitti-y-milei.png","type":"image\/png"}],"author":"apuntesdesanluis.com","twitter_card":"summary_large_image","twitter_misc":{"Escrito por":"apuntesdesanluis.com","Tiempo de lectura":"4 minutos"},"schema":{"@context":"https:\/\/schema.org","@graph":[{"@type":"Article","@id":"https:\/\/apuntesdesanluis.com\/index.php\/2024\/08\/01\/la-uba-cuestiono-los-datos-del-gobierno-sobre-los-salarios-docentes-universitarios-es-falso\/#article","isPartOf":{"@id":"https:\/\/apuntesdesanluis.com\/index.php\/2024\/08\/01\/la-uba-cuestiono-los-datos-del-gobierno-sobre-los-salarios-docentes-universitarios-es-falso\/"},"author":{"name":"apuntesdesanluis.com","@id":"https:\/\/apuntesdesanluis.com\/#\/schema\/person\/b55151d52296fcce64d1a72538a70b90"},"headline":"LA UBA CUESTION\u00d3 LOS DATOS DEL GOBIERNO SOBRE LOS SALARIOS DOCENTES UNIVERSITARIOS: \u201cES FALSO\u201d","datePublished":"2024-08-02T02:39:46+00:00","mainEntityOfPage":{"@id":"https:\/\/apuntesdesanluis.com\/index.php\/2024\/08\/01\/la-uba-cuestiono-los-datos-del-gobierno-sobre-los-salarios-docentes-universitarios-es-falso\/"},"wordCount":712,"publisher":{"@id":"https:\/\/apuntesdesanluis.com\/#\/schema\/person\/b55151d52296fcce64d1a72538a70b90"},"image":{"@id":"https:\/\/apuntesdesanluis.com\/index.php\/2024\/08\/01\/la-uba-cuestiono-los-datos-del-gobierno-sobre-los-salarios-docentes-universitarios-es-falso\/#primaryimage"},"thumbnailUrl":"https:\/\/apuntesdesanluis.com\/wp-content\/uploads\/2024\/08\/yacovitti-y-milei.png","articleSection":["Nacionales\/Internacionales"],"inLanguage":"es-AR"},{"@type":"WebPage","@id":"https:\/\/apuntesdesanluis.com\/index.php\/2024\/08\/01\/la-uba-cuestiono-los-datos-del-gobierno-sobre-los-salarios-docentes-universitarios-es-falso\/","url":"https:\/\/apuntesdesanluis.com\/index.php\/2024\/08\/01\/la-uba-cuestiono-los-datos-del-gobierno-sobre-los-salarios-docentes-universitarios-es-falso\/","name":"LA UBA CUESTION\u00d3 LOS DATOS DEL GOBIERNO SOBRE LOS SALARIOS DOCENTES UNIVERSITARIOS: \u201cES FALSO\u201d - Apuntes de San Luis","isPartOf":{"@id":"https:\/\/apuntesdesanluis.com\/#website"},"primaryImageOfPage":{"@id":"https:\/\/apuntesdesanluis.com\/index.php\/2024\/08\/01\/la-uba-cuestiono-los-datos-del-gobierno-sobre-los-salarios-docentes-universitarios-es-falso\/#primaryimage"},"image":{"@id":"https:\/\/apuntesdesanluis.com\/index.php\/2024\/08\/01\/la-uba-cuestiono-los-datos-del-gobierno-sobre-los-salarios-docentes-universitarios-es-falso\/#primaryimage"},"thumbnailUrl":"https:\/\/apuntesdesanluis.com\/wp-content\/uploads\/2024\/08\/yacovitti-y-milei.png","datePublished":"2024-08-02T02:39:46+00:00","breadcrumb":{"@id":"https:\/\/apuntesdesanluis.com\/index.php\/2024\/08\/01\/la-uba-cuestiono-los-datos-del-gobierno-sobre-los-salarios-docentes-universitarios-es-falso\/#breadcrumb"},"inLanguage":"es-AR","potentialAction":[{"@type":"ReadAction","target":["https:\/\/apuntesdesanluis.com\/index.php\/2024\/08\/01\/la-uba-cuestiono-los-datos-del-gobierno-sobre-los-salarios-docentes-universitarios-es-falso\/"]}]},{"@type":"ImageObject","inLanguage":"es-AR","@id":"https:\/\/apuntesdesanluis.com\/index.php\/2024\/08\/01\/la-uba-cuestiono-los-datos-del-gobierno-sobre-los-salarios-docentes-universitarios-es-falso\/#primaryimage","url":"https:\/\/apuntesdesanluis.com\/wp-content\/uploads\/2024\/08\/yacovitti-y-milei.png","contentUrl":"https:\/\/apuntesdesanluis.com\/wp-content\/uploads\/2024\/08\/yacovitti-y-milei.png","width":594,"height":332},{"@type":"BreadcrumbList","@id":"https:\/\/apuntesdesanluis.com\/index.php\/2024\/08\/01\/la-uba-cuestiono-los-datos-del-gobierno-sobre-los-salarios-docentes-universitarios-es-falso\/#breadcrumb","itemListElement":[{"@type":"ListItem","position":1,"name":"Inicio","item":"https:\/\/apuntesdesanluis.com\/"},{"@type":"ListItem","position":2,"name":"LA UBA CUESTION\u00d3 LOS DATOS DEL GOBIERNO SOBRE LOS SALARIOS DOCENTES UNIVERSITARIOS: \u201cES FALSO\u201d"}]},{"@type":"WebSite","@id":"https:\/\/apuntesdesanluis.com\/#website","url":"https:\/\/apuntesdesanluis.com\/","name":"Apuntes de San Luis","description":"","publisher":{"@id":"https:\/\/apuntesdesanluis.com\/#\/schema\/person\/b55151d52296fcce64d1a72538a70b90"},"potentialAction":[{"@type":"SearchAction","target":{"@type":"EntryPoint","urlTemplate":"https:\/\/apuntesdesanluis.com\/?s={search_term_string}"},"query-input":{"@type":"PropertyValueSpecification","valueRequired":true,"valueName":"search_term_string"}}],"inLanguage":"es-AR"},{"@type":["Person","Organization"],"@id":"https:\/\/apuntesdesanluis.com\/#\/schema\/person\/b55151d52296fcce64d1a72538a70b90","name":"apuntesdesanluis.com","image":{"@type":"ImageObject","inLanguage":"es-AR","@id":"https:\/\/apuntesdesanluis.com\/#\/schema\/person\/image\/","url":"https:\/\/apuntesdesanluis.com\/wp-content\/uploads\/2023\/07\/cropped-apuntesdesanluis.png","contentUrl":"https:\/\/apuntesdesanluis.com\/wp-content\/uploads\/2023\/07\/cropped-apuntesdesanluis.png","width":450,"height":112,"caption":"apuntesdesanluis.com"},"logo":{"@id":"https:\/\/apuntesdesanluis.com\/#\/schema\/person\/image\/"},"sameAs":["https:\/\/apuntesdesanluis.com"],"url":"https:\/\/apuntesdesanluis.com\/index.php\/author\/apuntesdesanluis-com\/"}]}},"featured_image_urls":{"full":["https:\/\/apuntesdesanluis.com\/wp-content\/uploads\/2024\/08\/yacovitti-y-milei.png",594,332,false],"thumbnail":["https:\/\/apuntesdesanluis.com\/wp-content\/uploads\/2024\/08\/yacovitti-y-milei-150x150.png",150,150,true],"medium":["https:\/\/apuntesdesanluis.com\/wp-content\/uploads\/2024\/08\/yacovitti-y-milei-300x168.png",300,168,true],"medium_large":["https:\/\/apuntesdesanluis.com\/wp-content\/uploads\/2024\/08\/yacovitti-y-milei.png",594,332,false],"large":["https:\/\/apuntesdesanluis.com\/wp-content\/uploads\/2024\/08\/yacovitti-y-milei.png",594,332,false],"1536x1536":["https:\/\/apuntesdesanluis.com\/wp-content\/uploads\/2024\/08\/yacovitti-y-milei.png",594,332,false],"2048x2048":["https:\/\/apuntesdesanluis.com\/wp-content\/uploads\/2024\/08\/yacovitti-y-milei.png",594,332,false],"newsever-slider-full":["https:\/\/apuntesdesanluis.com\/wp-content\/uploads\/2024\/08\/yacovitti-y-milei.png",594,332,false],"newsever-featured":["https:\/\/apuntesdesanluis.com\/wp-content\/uploads\/2024\/08\/yacovitti-y-milei.png",594,332,false],"newsever-medium":["https:\/\/apuntesdesanluis.com\/wp-content\/uploads\/2024\/08\/yacovitti-y-milei.png",594,332,false]},"author_info":{"display_name":"apuntesdesanluis.com","author_link":"https:\/\/apuntesdesanluis.com\/index.php\/author\/apuntesdesanluis-com\/"},"category_info":"<a href=\"https:\/\/apuntesdesanluis.com\/index.php\/category\/nacionales-internacionales\/\" rel=\"category tag\">Nacionales\/Internacionales<\/a>","tag_info":"Nacionales\/Internacionales","comment_count":"0","_links":{"self":[{"href":"https:\/\/apuntesdesanluis.com\/index.php\/wp-json\/wp\/v2\/posts\/20255","targetHints":{"allow":["GET"]}}],"collection":[{"href":"https:\/\/apuntesdesanluis.com\/index.php\/wp-json\/wp\/v2\/posts"}],"about":[{"href":"https:\/\/apuntesdesanluis.com\/index.php\/wp-json\/wp\/v2\/types\/post"}],"author":[{"embeddable":true,"href":"https:\/\/apuntesdesanluis.com\/index.php\/wp-json\/wp\/v2\/users\/1"}],"replies":[{"embeddable":true,"href":"https:\/\/apuntesdesanluis.com\/index.php\/wp-json\/wp\/v2\/comments?post=20255"}],"version-history":[{"count":1,"href":"https:\/\/apuntesdesanluis.com\/index.php\/wp-json\/wp\/v2\/posts\/20255\/revisions"}],"predecessor-version":[{"id":20260,"href":"https:\/\/apuntesdesanluis.com\/index.php\/wp-json\/wp\/v2\/posts\/20255\/revisions\/20260"}],"wp:featuredmedia":[{"embeddable":true,"href":"https:\/\/apuntesdesanluis.com\/index.php\/wp-json\/wp\/v2\/media\/20256"}],"wp:attachment":[{"href":"https:\/\/apuntesdesanluis.com\/index.php\/wp-json\/wp\/v2\/media?parent=20255"}],"wp:term":[{"taxonomy":"category","embeddable":true,"href":"https:\/\/apuntesdesanluis.com\/index.php\/wp-json\/wp\/v2\/categories?post=20255"},{"taxonomy":"post_tag","embeddable":true,"href":"https:\/\/apuntesdesanluis.com\/index.php\/wp-json\/wp\/v2\/tags?post=20255"}],"curies":[{"name":"wp","href":"https:\/\/api.w.org\/{rel}","templated":true}]}}