{"id":2026,"date":"2023-08-23T21:02:31","date_gmt":"2023-08-24T00:02:31","guid":{"rendered":"https:\/\/apuntesdesanluis.com\/?p=2026"},"modified":"2023-08-23T21:03:07","modified_gmt":"2023-08-24T00:03:07","slug":"el-consagrado-actor-pablo-alarcon-trabaja-a-la-gorra-en-una-plaza-de-buenos-aires","status":"publish","type":"post","link":"https:\/\/apuntesdesanluis.com\/index.php\/2023\/08\/23\/el-consagrado-actor-pablo-alarcon-trabaja-a-la-gorra-en-una-plaza-de-buenos-aires\/","title":{"rendered":"EL CONSAGRADO ACTOR PABLO ALARC\u00d3N TRABAJA A LA GORRA EN UNA PLAZA DE BUENOS AIRES"},"content":{"rendered":"<h3 class=\"yiv7409174924ydp6329976emsonormal\" style=\"background: white;\"><span style=\"font-size: 14.0pt; font-family: 'Arial','sans-serif'; color: #1d2228;\">\u201cNecesito el dinero, mi jubilaci\u00f3n de 70.000 no me alcanza y me vinieron m\u00e1s de 17.000 de gas\u201d, explic\u00f3.<\/span><\/h3>\n<h3 class=\"yiv7409174924ydp6329976emsonormal\" style=\"background: white;\"><span style=\"font-size: 14.0pt; font-family: 'Arial','sans-serif'; color: #1d2228;\">Sorprendieron las im\u00e1genes del \u00faltimo fin de semana que mostraban al actor <strong>Pablo Alarc\u00f3n<\/strong> trabajando a la gorra en una plaza, ya que seg\u00fan destac\u00f3, a los 76 a\u00f1os al no tener un trabajo estable en teatro ni en televisi\u00f3n tuvo que adaptarse al recurso de presentarse de esa forma para llegar al p\u00fablico y lograr algo de plata \u201cpara poder vivir\u201d, seg\u00fan destac\u00f3.<\/span><\/h3>\n<h3 class=\"yiv7409174924ydp6329976emsonormal\" style=\"background: white;\"><span style=\"font-size: 14.0pt; font-family: 'Arial','sans-serif'; color: #1d2228;\">\u201cEsto era algo que me faltaba en mi vida hacer. No tengo trabajo en este momento en el teatro y me pareci\u00f3 una muy buena oportunidad porque tengo tiempo y adem\u00e1s yo no necesito trabajar a esta altura de mi vida, te confieso, no necesito trabajar. Necesito ganar guita para vivir. Est\u00e1 jodida la situaci\u00f3n de los actores porque no hay trabajo. De nosotros, de los barrenderos, de los cocineros, de los periodistas, de todos. Est\u00e1 jodido el pa\u00eds. Ha llegado la miseria a un l\u00edmite total. No se asombren de que yo est\u00e9 trabajando la gorra. As\u00f3mbrense de lo mal que est\u00e1 el pa\u00eds\u201d, sum\u00f3 preocupado en declaraciones a Socios del espect\u00e1culo.<\/span><\/h3>\n<p><a href=\"https:\/\/www.youtube.com\/shorts\/p4E1NvTU4dI\">https:\/\/www.youtube.com\/shorts\/p4E1NvTU4dI<\/a><\/p>\n<h3 class=\"yiv7409174924ydp6329976emsonormal\" style=\"background: white;\"><span style=\"font-size: 14.0pt; font-family: 'Arial','sans-serif'; color: #1d2228;\">Al margen de ese presente, tambi\u00e9n reconoci\u00f3 el multifac\u00e9tico actor que contin\u00faa con una propuesta ideada durante la pandemia, El cocinero est\u00e1 frito, un espect\u00e1culo al estilo teatro delivery que re\u00fane m\u00fasica, juegos y cocina a domicilio. En reuniones de alrededor de 10 personas, el artista -acompa\u00f1ado por dos m\u00fasicos- ingresa a la casa de quien as\u00ed lo quiera para compartir una velada \u00fanica que puede extenderse por alrededor de cuatro horas, donde adem\u00e1s de cocinar, despliega todo su talento actoral.<\/span><\/h3>\n<h3 class=\"yiv7409174924ydp6329976emsonormal\" style=\"background: white;\"><span style=\"font-size: 14.0pt; font-family: 'Arial','sans-serif'; color: #1d2228;\">En charla con Paulo Vilouta en el ciclo Vilouta 910 por La Red, aclar\u00f3 que la obra callejera es Discurso de la servidumbre voluntaria en plazas: \u201cEstoy en la Chabuca Granda justo al lado del Centro Cultural Recoleta. Necesidades econ\u00f3micas tengo. El dinero no es que me preocupa, lo necesito. Me vinieron m\u00e1s de $17.000 de gas, por ejemplo. No tengo un sueldo, tengo mi jubilaci\u00f3n de $70.000 que no me alcanza para un carajo, pero pese a eso me s\u00e9 manejar. tengo mucho respeto por la necesidad\u201d.<\/span><\/h3>\n<h3 class=\"yiv7409174924ydp6329976emsonormal\" style=\"background: white;\"><span style=\"font-size: 14.0pt; font-family: 'Arial','sans-serif'; color: #1d2228;\">\u201cMe cost\u00f3 llegar a esto de la calle, pero no por verg\u00fcenza, por el fr\u00edo. Intent\u00e9 el primer d\u00eda y me volv\u00ed a casa. Pero al segundo d\u00eda no me import\u00f3, me puse tres calzoncillos largos, cuatro camisetas de friza y sal\u00ed, y hoy estoy feliz de haberlo hecho. Me siento que hago lo que corresponde. Nunca labur\u00e9 por la guita, siempre por vocaci\u00f3n\u201d, aclar\u00f3.<\/span><\/h3>\n<h3 class=\"yiv7409174924ydp6329976emsonormal\" style=\"background: white;\"><span style=\"font-size: 14.0pt; font-family: 'Arial','sans-serif'; color: #1d2228;\">Y sobre este momento, recit\u00f3 parte de la obra que presenta en la v\u00eda p\u00fablica: \u201cNos roban, nos est\u00e1n robando y hay muchos que est\u00e1n contentos. A estos gobiernos no los defienden los ej\u00e9rcitos, lo defienden cuatro o cinco corruptos testigos de sus voluptuosidades, socios en el fruto de sus saqueos, de sus robos, y muchos est\u00e1n contentos. Y los que no est\u00e1n con este Gobierno se callan porque tienen miedo. Estos gobiernos no solo quieren ser obedecidos, quieren ser venerados, idolatrados\u201d.<\/span><\/h3>\n<h3 class=\"yiv7409174924ydp6329976emsonormal\" style=\"background: white;\"><span style=\"font-size: 14.0pt; font-family: 'Arial','sans-serif'; color: #1d2228;\">Pablo Alarc\u00f3n durante la pandemia ide\u00f3 la obra El cocinero est\u00e1 frito, donde junto con dos m\u00fasicos hac\u00edan un show y cocinaban en las casas de quienes as\u00ed lo quisieran.<\/span><\/h3>\n<h3 class=\"yiv7409174924ydp6329976emsonormal\" style=\"background: white;\"><span style=\"font-size: 14.0pt; font-family: 'Arial','sans-serif'; color: #1d2228;\">Sobre la recepci\u00f3n del p\u00fablico y sus compa\u00f1eros de escenarios, reconoci\u00f3: \u201cLa gente me dec\u00eda que eso era rebajarse, exponerse demasiado. Yo estoy contra la corrupci\u00f3n. Admito un gobierno equivocado, pero no un gobierno ladr\u00f3n. Y no puedo admitirlo mientras haya gente con necesidades\u201d, a la vez que revel\u00f3: \u201cYo no amo a ning\u00fan candidato, yo voy a votar a conciencia, un juez muy severo de a qui\u00e9n vote\u201d.<\/span><\/h3>\n<h3 class=\"yiv7409174924ydp6329976emsonormal\" style=\"background: white;\"><span style=\"font-size: 14.0pt; font-family: 'Arial','sans-serif'; color: #1d2228;\">\u201cAyuda la gorra, estoy con mi maestro de m\u00fasica, Augusto Gavil\u00e1n, que se sum\u00f3 a esta aventura. Se puede sobrevivir con esto\u201d, aclar\u00f3 sobre la obra que se presenta todos los domingos, adem\u00e1s de adelantar que la semana pr\u00f3xima se har\u00e1 una funci\u00f3n frente a Casa de Gobierno, para despu\u00e9s continuar con otra frente al Congreso, y vamos a ir a Tribunales: \u201cPara decirles \u2018corruptos\u2019 en la cara y quien quiera oir que oiga, el que se sienta tocado que agache la cabeza, y el que no, que me mire\u201d.<\/span><\/h3>\n<p><iframe title=\"Pablo Alarc\u00f3n trabaja a la gorra para poder sobrevivir\" width=\"640\" height=\"360\" src=\"https:\/\/www.youtube.com\/embed\/a_0zy993MGw?feature=oembed\" frameborder=\"0\" allow=\"accelerometer; autoplay; clipboard-write; encrypted-media; gyroscope; picture-in-picture; web-share\" referrerpolicy=\"strict-origin-when-cross-origin\" allowfullscreen><\/iframe><\/p>\n<p>&nbsp;<\/p>\n<p>&nbsp;<\/p>\n","protected":false},"excerpt":{"rendered":"<p>\u201cNecesito el dinero, mi jubilaci\u00f3n de 70.000 no me alcanza y me vinieron m\u00e1s de&#8230;<\/p>\n","protected":false},"author":1,"featured_media":2027,"comment_status":"closed","ping_status":"closed","sticky":false,"template":"","format":"standard","meta":{"footnotes":""},"categories":[7,5],"tags":[],"class_list":["post-2026","post","type-post","status-publish","format-standard","has-post-thumbnail","hentry","category-bizarro-insolito","category-nacionales-internacionales"],"yoast_head":"<!-- This site is optimized with the Yoast SEO plugin v26.1.1 - https:\/\/yoast.com\/wordpress\/plugins\/seo\/ -->\n<title>EL CONSAGRADO ACTOR PABLO ALARC\u00d3N TRABAJA A LA GORRA EN UNA PLAZA DE BUENOS AIRES - Apuntes de San Luis<\/title>\n<meta name=\"robots\" content=\"index, follow, max-snippet:-1, max-image-preview:large, max-video-preview:-1\" \/>\n<link rel=\"canonical\" href=\"https:\/\/apuntesdesanluis.com\/index.php\/2023\/08\/23\/el-consagrado-actor-pablo-alarcon-trabaja-a-la-gorra-en-una-plaza-de-buenos-aires\/\" \/>\n<meta property=\"og:locale\" content=\"es_ES\" \/>\n<meta property=\"og:type\" content=\"article\" \/>\n<meta property=\"og:title\" content=\"EL CONSAGRADO ACTOR PABLO ALARC\u00d3N TRABAJA A LA GORRA EN UNA PLAZA DE BUENOS AIRES - Apuntes de San Luis\" \/>\n<meta property=\"og:description\" content=\"\u201cNecesito el dinero, mi jubilaci\u00f3n de 70.000 no me alcanza y me vinieron m\u00e1s de...\" \/>\n<meta property=\"og:url\" content=\"https:\/\/apuntesdesanluis.com\/index.php\/2023\/08\/23\/el-consagrado-actor-pablo-alarcon-trabaja-a-la-gorra-en-una-plaza-de-buenos-aires\/\" \/>\n<meta property=\"og:site_name\" content=\"Apuntes de San Luis\" \/>\n<meta property=\"article:published_time\" content=\"2023-08-24T00:02:31+00:00\" \/>\n<meta property=\"article:modified_time\" content=\"2023-08-24T00:03:07+00:00\" \/>\n<meta property=\"og:image\" content=\"https:\/\/apuntesdesanluis.com\/wp-content\/uploads\/2023\/08\/ALARCON.png\" \/>\n\t<meta property=\"og:image:width\" content=\"752\" \/>\n\t<meta property=\"og:image:height\" content=\"444\" \/>\n\t<meta property=\"og:image:type\" content=\"image\/png\" \/>\n<meta name=\"author\" content=\"apuntesdesanluis.com\" \/>\n<meta name=\"twitter:card\" content=\"summary_large_image\" \/>\n<meta name=\"twitter:label1\" content=\"Escrito por\" \/>\n\t<meta name=\"twitter:data1\" content=\"apuntesdesanluis.com\" \/>\n\t<meta name=\"twitter:label2\" content=\"Tiempo de lectura\" \/>\n\t<meta name=\"twitter:data2\" content=\"4 minutos\" \/>\n<script type=\"application\/ld+json\" class=\"yoast-schema-graph\">{\"@context\":\"https:\/\/schema.org\",\"@graph\":[{\"@type\":\"Article\",\"@id\":\"https:\/\/apuntesdesanluis.com\/index.php\/2023\/08\/23\/el-consagrado-actor-pablo-alarcon-trabaja-a-la-gorra-en-una-plaza-de-buenos-aires\/#article\",\"isPartOf\":{\"@id\":\"https:\/\/apuntesdesanluis.com\/index.php\/2023\/08\/23\/el-consagrado-actor-pablo-alarcon-trabaja-a-la-gorra-en-una-plaza-de-buenos-aires\/\"},\"author\":{\"name\":\"apuntesdesanluis.com\",\"@id\":\"https:\/\/apuntesdesanluis.com\/#\/schema\/person\/b55151d52296fcce64d1a72538a70b90\"},\"headline\":\"EL CONSAGRADO ACTOR PABLO ALARC\u00d3N TRABAJA A LA GORRA EN UNA PLAZA DE BUENOS AIRES\",\"datePublished\":\"2023-08-24T00:02:31+00:00\",\"dateModified\":\"2023-08-24T00:03:07+00:00\",\"mainEntityOfPage\":{\"@id\":\"https:\/\/apuntesdesanluis.com\/index.php\/2023\/08\/23\/el-consagrado-actor-pablo-alarcon-trabaja-a-la-gorra-en-una-plaza-de-buenos-aires\/\"},\"wordCount\":788,\"publisher\":{\"@id\":\"https:\/\/apuntesdesanluis.com\/#\/schema\/person\/b55151d52296fcce64d1a72538a70b90\"},\"image\":{\"@id\":\"https:\/\/apuntesdesanluis.com\/index.php\/2023\/08\/23\/el-consagrado-actor-pablo-alarcon-trabaja-a-la-gorra-en-una-plaza-de-buenos-aires\/#primaryimage\"},\"thumbnailUrl\":\"https:\/\/apuntesdesanluis.com\/wp-content\/uploads\/2023\/08\/ALARCON.png\",\"articleSection\":[\"Bizarro\/Ins\u00f3lito\",\"Nacionales\/Internacionales\"],\"inLanguage\":\"es-AR\"},{\"@type\":\"WebPage\",\"@id\":\"https:\/\/apuntesdesanluis.com\/index.php\/2023\/08\/23\/el-consagrado-actor-pablo-alarcon-trabaja-a-la-gorra-en-una-plaza-de-buenos-aires\/\",\"url\":\"https:\/\/apuntesdesanluis.com\/index.php\/2023\/08\/23\/el-consagrado-actor-pablo-alarcon-trabaja-a-la-gorra-en-una-plaza-de-buenos-aires\/\",\"name\":\"EL CONSAGRADO ACTOR PABLO ALARC\u00d3N TRABAJA A LA GORRA EN UNA PLAZA DE BUENOS AIRES - Apuntes de San Luis\",\"isPartOf\":{\"@id\":\"https:\/\/apuntesdesanluis.com\/#website\"},\"primaryImageOfPage\":{\"@id\":\"https:\/\/apuntesdesanluis.com\/index.php\/2023\/08\/23\/el-consagrado-actor-pablo-alarcon-trabaja-a-la-gorra-en-una-plaza-de-buenos-aires\/#primaryimage\"},\"image\":{\"@id\":\"https:\/\/apuntesdesanluis.com\/index.php\/2023\/08\/23\/el-consagrado-actor-pablo-alarcon-trabaja-a-la-gorra-en-una-plaza-de-buenos-aires\/#primaryimage\"},\"thumbnailUrl\":\"https:\/\/apuntesdesanluis.com\/wp-content\/uploads\/2023\/08\/ALARCON.png\",\"datePublished\":\"2023-08-24T00:02:31+00:00\",\"dateModified\":\"2023-08-24T00:03:07+00:00\",\"breadcrumb\":{\"@id\":\"https:\/\/apuntesdesanluis.com\/index.php\/2023\/08\/23\/el-consagrado-actor-pablo-alarcon-trabaja-a-la-gorra-en-una-plaza-de-buenos-aires\/#breadcrumb\"},\"inLanguage\":\"es-AR\",\"potentialAction\":[{\"@type\":\"ReadAction\",\"target\":[\"https:\/\/apuntesdesanluis.com\/index.php\/2023\/08\/23\/el-consagrado-actor-pablo-alarcon-trabaja-a-la-gorra-en-una-plaza-de-buenos-aires\/\"]}]},{\"@type\":\"ImageObject\",\"inLanguage\":\"es-AR\",\"@id\":\"https:\/\/apuntesdesanluis.com\/index.php\/2023\/08\/23\/el-consagrado-actor-pablo-alarcon-trabaja-a-la-gorra-en-una-plaza-de-buenos-aires\/#primaryimage\",\"url\":\"https:\/\/apuntesdesanluis.com\/wp-content\/uploads\/2023\/08\/ALARCON.png\",\"contentUrl\":\"https:\/\/apuntesdesanluis.com\/wp-content\/uploads\/2023\/08\/ALARCON.png\",\"width\":752,\"height\":444},{\"@type\":\"BreadcrumbList\",\"@id\":\"https:\/\/apuntesdesanluis.com\/index.php\/2023\/08\/23\/el-consagrado-actor-pablo-alarcon-trabaja-a-la-gorra-en-una-plaza-de-buenos-aires\/#breadcrumb\",\"itemListElement\":[{\"@type\":\"ListItem\",\"position\":1,\"name\":\"Inicio\",\"item\":\"https:\/\/apuntesdesanluis.com\/\"},{\"@type\":\"ListItem\",\"position\":2,\"name\":\"EL CONSAGRADO ACTOR PABLO ALARC\u00d3N TRABAJA A LA GORRA EN UNA PLAZA DE BUENOS AIRES\"}]},{\"@type\":\"WebSite\",\"@id\":\"https:\/\/apuntesdesanluis.com\/#website\",\"url\":\"https:\/\/apuntesdesanluis.com\/\",\"name\":\"Apuntes de San Luis\",\"description\":\"\",\"publisher\":{\"@id\":\"https:\/\/apuntesdesanluis.com\/#\/schema\/person\/b55151d52296fcce64d1a72538a70b90\"},\"potentialAction\":[{\"@type\":\"SearchAction\",\"target\":{\"@type\":\"EntryPoint\",\"urlTemplate\":\"https:\/\/apuntesdesanluis.com\/?s={search_term_string}\"},\"query-input\":{\"@type\":\"PropertyValueSpecification\",\"valueRequired\":true,\"valueName\":\"search_term_string\"}}],\"inLanguage\":\"es-AR\"},{\"@type\":[\"Person\",\"Organization\"],\"@id\":\"https:\/\/apuntesdesanluis.com\/#\/schema\/person\/b55151d52296fcce64d1a72538a70b90\",\"name\":\"apuntesdesanluis.com\",\"image\":{\"@type\":\"ImageObject\",\"inLanguage\":\"es-AR\",\"@id\":\"https:\/\/apuntesdesanluis.com\/#\/schema\/person\/image\/\",\"url\":\"https:\/\/apuntesdesanluis.com\/wp-content\/uploads\/2023\/07\/cropped-apuntesdesanluis.png\",\"contentUrl\":\"https:\/\/apuntesdesanluis.com\/wp-content\/uploads\/2023\/07\/cropped-apuntesdesanluis.png\",\"width\":450,\"height\":112,\"caption\":\"apuntesdesanluis.com\"},\"logo\":{\"@id\":\"https:\/\/apuntesdesanluis.com\/#\/schema\/person\/image\/\"},\"sameAs\":[\"https:\/\/apuntesdesanluis.com\"],\"url\":\"https:\/\/apuntesdesanluis.com\/index.php\/author\/apuntesdesanluis-com\/\"}]}<\/script>\n<!-- \/ Yoast SEO plugin. -->","yoast_head_json":{"title":"EL CONSAGRADO ACTOR PABLO ALARC\u00d3N TRABAJA A LA GORRA EN UNA PLAZA DE BUENOS AIRES - Apuntes de San Luis","robots":{"index":"index","follow":"follow","max-snippet":"max-snippet:-1","max-image-preview":"max-image-preview:large","max-video-preview":"max-video-preview:-1"},"canonical":"https:\/\/apuntesdesanluis.com\/index.php\/2023\/08\/23\/el-consagrado-actor-pablo-alarcon-trabaja-a-la-gorra-en-una-plaza-de-buenos-aires\/","og_locale":"es_ES","og_type":"article","og_title":"EL CONSAGRADO ACTOR PABLO ALARC\u00d3N TRABAJA A LA GORRA EN UNA PLAZA DE BUENOS AIRES - Apuntes de San Luis","og_description":"\u201cNecesito el dinero, mi jubilaci\u00f3n de 70.000 no me alcanza y me vinieron m\u00e1s de...","og_url":"https:\/\/apuntesdesanluis.com\/index.php\/2023\/08\/23\/el-consagrado-actor-pablo-alarcon-trabaja-a-la-gorra-en-una-plaza-de-buenos-aires\/","og_site_name":"Apuntes de San Luis","article_published_time":"2023-08-24T00:02:31+00:00","article_modified_time":"2023-08-24T00:03:07+00:00","og_image":[{"width":752,"height":444,"url":"https:\/\/apuntesdesanluis.com\/wp-content\/uploads\/2023\/08\/ALARCON.png","type":"image\/png"}],"author":"apuntesdesanluis.com","twitter_card":"summary_large_image","twitter_misc":{"Escrito por":"apuntesdesanluis.com","Tiempo de lectura":"4 minutos"},"schema":{"@context":"https:\/\/schema.org","@graph":[{"@type":"Article","@id":"https:\/\/apuntesdesanluis.com\/index.php\/2023\/08\/23\/el-consagrado-actor-pablo-alarcon-trabaja-a-la-gorra-en-una-plaza-de-buenos-aires\/#article","isPartOf":{"@id":"https:\/\/apuntesdesanluis.com\/index.php\/2023\/08\/23\/el-consagrado-actor-pablo-alarcon-trabaja-a-la-gorra-en-una-plaza-de-buenos-aires\/"},"author":{"name":"apuntesdesanluis.com","@id":"https:\/\/apuntesdesanluis.com\/#\/schema\/person\/b55151d52296fcce64d1a72538a70b90"},"headline":"EL CONSAGRADO ACTOR PABLO ALARC\u00d3N TRABAJA A LA GORRA EN UNA PLAZA DE BUENOS AIRES","datePublished":"2023-08-24T00:02:31+00:00","dateModified":"2023-08-24T00:03:07+00:00","mainEntityOfPage":{"@id":"https:\/\/apuntesdesanluis.com\/index.php\/2023\/08\/23\/el-consagrado-actor-pablo-alarcon-trabaja-a-la-gorra-en-una-plaza-de-buenos-aires\/"},"wordCount":788,"publisher":{"@id":"https:\/\/apuntesdesanluis.com\/#\/schema\/person\/b55151d52296fcce64d1a72538a70b90"},"image":{"@id":"https:\/\/apuntesdesanluis.com\/index.php\/2023\/08\/23\/el-consagrado-actor-pablo-alarcon-trabaja-a-la-gorra-en-una-plaza-de-buenos-aires\/#primaryimage"},"thumbnailUrl":"https:\/\/apuntesdesanluis.com\/wp-content\/uploads\/2023\/08\/ALARCON.png","articleSection":["Bizarro\/Ins\u00f3lito","Nacionales\/Internacionales"],"inLanguage":"es-AR"},{"@type":"WebPage","@id":"https:\/\/apuntesdesanluis.com\/index.php\/2023\/08\/23\/el-consagrado-actor-pablo-alarcon-trabaja-a-la-gorra-en-una-plaza-de-buenos-aires\/","url":"https:\/\/apuntesdesanluis.com\/index.php\/2023\/08\/23\/el-consagrado-actor-pablo-alarcon-trabaja-a-la-gorra-en-una-plaza-de-buenos-aires\/","name":"EL CONSAGRADO ACTOR PABLO ALARC\u00d3N TRABAJA A LA GORRA EN UNA PLAZA DE BUENOS AIRES - Apuntes de San Luis","isPartOf":{"@id":"https:\/\/apuntesdesanluis.com\/#website"},"primaryImageOfPage":{"@id":"https:\/\/apuntesdesanluis.com\/index.php\/2023\/08\/23\/el-consagrado-actor-pablo-alarcon-trabaja-a-la-gorra-en-una-plaza-de-buenos-aires\/#primaryimage"},"image":{"@id":"https:\/\/apuntesdesanluis.com\/index.php\/2023\/08\/23\/el-consagrado-actor-pablo-alarcon-trabaja-a-la-gorra-en-una-plaza-de-buenos-aires\/#primaryimage"},"thumbnailUrl":"https:\/\/apuntesdesanluis.com\/wp-content\/uploads\/2023\/08\/ALARCON.png","datePublished":"2023-08-24T00:02:31+00:00","dateModified":"2023-08-24T00:03:07+00:00","breadcrumb":{"@id":"https:\/\/apuntesdesanluis.com\/index.php\/2023\/08\/23\/el-consagrado-actor-pablo-alarcon-trabaja-a-la-gorra-en-una-plaza-de-buenos-aires\/#breadcrumb"},"inLanguage":"es-AR","potentialAction":[{"@type":"ReadAction","target":["https:\/\/apuntesdesanluis.com\/index.php\/2023\/08\/23\/el-consagrado-actor-pablo-alarcon-trabaja-a-la-gorra-en-una-plaza-de-buenos-aires\/"]}]},{"@type":"ImageObject","inLanguage":"es-AR","@id":"https:\/\/apuntesdesanluis.com\/index.php\/2023\/08\/23\/el-consagrado-actor-pablo-alarcon-trabaja-a-la-gorra-en-una-plaza-de-buenos-aires\/#primaryimage","url":"https:\/\/apuntesdesanluis.com\/wp-content\/uploads\/2023\/08\/ALARCON.png","contentUrl":"https:\/\/apuntesdesanluis.com\/wp-content\/uploads\/2023\/08\/ALARCON.png","width":752,"height":444},{"@type":"BreadcrumbList","@id":"https:\/\/apuntesdesanluis.com\/index.php\/2023\/08\/23\/el-consagrado-actor-pablo-alarcon-trabaja-a-la-gorra-en-una-plaza-de-buenos-aires\/#breadcrumb","itemListElement":[{"@type":"ListItem","position":1,"name":"Inicio","item":"https:\/\/apuntesdesanluis.com\/"},{"@type":"ListItem","position":2,"name":"EL CONSAGRADO ACTOR PABLO ALARC\u00d3N TRABAJA A LA GORRA EN UNA PLAZA DE BUENOS AIRES"}]},{"@type":"WebSite","@id":"https:\/\/apuntesdesanluis.com\/#website","url":"https:\/\/apuntesdesanluis.com\/","name":"Apuntes de San Luis","description":"","publisher":{"@id":"https:\/\/apuntesdesanluis.com\/#\/schema\/person\/b55151d52296fcce64d1a72538a70b90"},"potentialAction":[{"@type":"SearchAction","target":{"@type":"EntryPoint","urlTemplate":"https:\/\/apuntesdesanluis.com\/?s={search_term_string}"},"query-input":{"@type":"PropertyValueSpecification","valueRequired":true,"valueName":"search_term_string"}}],"inLanguage":"es-AR"},{"@type":["Person","Organization"],"@id":"https:\/\/apuntesdesanluis.com\/#\/schema\/person\/b55151d52296fcce64d1a72538a70b90","name":"apuntesdesanluis.com","image":{"@type":"ImageObject","inLanguage":"es-AR","@id":"https:\/\/apuntesdesanluis.com\/#\/schema\/person\/image\/","url":"https:\/\/apuntesdesanluis.com\/wp-content\/uploads\/2023\/07\/cropped-apuntesdesanluis.png","contentUrl":"https:\/\/apuntesdesanluis.com\/wp-content\/uploads\/2023\/07\/cropped-apuntesdesanluis.png","width":450,"height":112,"caption":"apuntesdesanluis.com"},"logo":{"@id":"https:\/\/apuntesdesanluis.com\/#\/schema\/person\/image\/"},"sameAs":["https:\/\/apuntesdesanluis.com"],"url":"https:\/\/apuntesdesanluis.com\/index.php\/author\/apuntesdesanluis-com\/"}]}},"featured_image_urls":{"full":["https:\/\/apuntesdesanluis.com\/wp-content\/uploads\/2023\/08\/ALARCON.png",752,444,false],"thumbnail":["https:\/\/apuntesdesanluis.com\/wp-content\/uploads\/2023\/08\/ALARCON-150x150.png",150,150,true],"medium":["https:\/\/apuntesdesanluis.com\/wp-content\/uploads\/2023\/08\/ALARCON-300x177.png",300,177,true],"medium_large":["https:\/\/apuntesdesanluis.com\/wp-content\/uploads\/2023\/08\/ALARCON.png",640,378,false],"large":["https:\/\/apuntesdesanluis.com\/wp-content\/uploads\/2023\/08\/ALARCON.png",640,378,false],"1536x1536":["https:\/\/apuntesdesanluis.com\/wp-content\/uploads\/2023\/08\/ALARCON.png",752,444,false],"2048x2048":["https:\/\/apuntesdesanluis.com\/wp-content\/uploads\/2023\/08\/ALARCON.png",752,444,false],"newsever-slider-full":["https:\/\/apuntesdesanluis.com\/wp-content\/uploads\/2023\/08\/ALARCON.png",752,444,false],"newsever-featured":["https:\/\/apuntesdesanluis.com\/wp-content\/uploads\/2023\/08\/ALARCON.png",752,444,false],"newsever-medium":["https:\/\/apuntesdesanluis.com\/wp-content\/uploads\/2023\/08\/ALARCON-720x444.png",720,444,true]},"author_info":{"display_name":"apuntesdesanluis.com","author_link":"https:\/\/apuntesdesanluis.com\/index.php\/author\/apuntesdesanluis-com\/"},"category_info":"<a href=\"https:\/\/apuntesdesanluis.com\/index.php\/category\/bizarro-insolito\/\" rel=\"category tag\">Bizarro\/Ins\u00f3lito<\/a> <a href=\"https:\/\/apuntesdesanluis.com\/index.php\/category\/nacionales-internacionales\/\" rel=\"category tag\">Nacionales\/Internacionales<\/a>","tag_info":"Nacionales\/Internacionales","comment_count":"0","_links":{"self":[{"href":"https:\/\/apuntesdesanluis.com\/index.php\/wp-json\/wp\/v2\/posts\/2026","targetHints":{"allow":["GET"]}}],"collection":[{"href":"https:\/\/apuntesdesanluis.com\/index.php\/wp-json\/wp\/v2\/posts"}],"about":[{"href":"https:\/\/apuntesdesanluis.com\/index.php\/wp-json\/wp\/v2\/types\/post"}],"author":[{"embeddable":true,"href":"https:\/\/apuntesdesanluis.com\/index.php\/wp-json\/wp\/v2\/users\/1"}],"replies":[{"embeddable":true,"href":"https:\/\/apuntesdesanluis.com\/index.php\/wp-json\/wp\/v2\/comments?post=2026"}],"version-history":[{"count":2,"href":"https:\/\/apuntesdesanluis.com\/index.php\/wp-json\/wp\/v2\/posts\/2026\/revisions"}],"predecessor-version":[{"id":2029,"href":"https:\/\/apuntesdesanluis.com\/index.php\/wp-json\/wp\/v2\/posts\/2026\/revisions\/2029"}],"wp:featuredmedia":[{"embeddable":true,"href":"https:\/\/apuntesdesanluis.com\/index.php\/wp-json\/wp\/v2\/media\/2027"}],"wp:attachment":[{"href":"https:\/\/apuntesdesanluis.com\/index.php\/wp-json\/wp\/v2\/media?parent=2026"}],"wp:term":[{"taxonomy":"category","embeddable":true,"href":"https:\/\/apuntesdesanluis.com\/index.php\/wp-json\/wp\/v2\/categories?post=2026"},{"taxonomy":"post_tag","embeddable":true,"href":"https:\/\/apuntesdesanluis.com\/index.php\/wp-json\/wp\/v2\/tags?post=2026"}],"curies":[{"name":"wp","href":"https:\/\/api.w.org\/{rel}","templated":true}]}}