{"id":20265,"date":"2024-08-03T00:21:41","date_gmt":"2024-08-03T03:21:41","guid":{"rendered":"https:\/\/apuntesdesanluis.com\/?p=20265"},"modified":"2024-08-03T00:53:52","modified_gmt":"2024-08-03T03:53:52","slug":"renovar-quirofanos-uti-e-internacion-en-el-policlinico-regional","status":"publish","type":"post","link":"https:\/\/apuntesdesanluis.com\/index.php\/2024\/08\/03\/renovar-quirofanos-uti-e-internacion-en-el-policlinico-regional\/","title":{"rendered":"POGGI FIRM\u00d3 LICITACI\u00d3N PARA RENOVAR QUIR\u00d3FANOS, UTI E INTERNACI\u00d3N EN EL POLICL\u00cdNICO REGIONAL"},"content":{"rendered":"<h3>Este viernes al mediod\u00eda, durante la gira institucional que lo lleva a recorrer todo San Luis, el gobernador <strong>Claudio Poggi<\/strong> arrib\u00f3 al hospital \u2018Juan Domingo Per\u00f3n\u2019 para firmar el decreto de llamado a licitaci\u00f3n del primer tramo de la obra, para renovar integralmente los quir\u00f3fanos, la unidad de terapia intensiva y un sector para internaci\u00f3n, dependencias ubicadas en la planta alta.<\/h3>\n<h3>Dada la urgencia de recuperar lo m\u00e1s pronto posible las prestaciones del policl\u00ednico, el Primer Mandatario provincial dispuso que la etapa uno se pusiera en marcha lo m\u00e1s pronto posible, con fondos propios, hasta vender la Casa de San Luis en Buenos Aires, monto con el cual se costear\u00e1 toda la intervenci\u00f3n edilicia.<\/h3>\n<p><iframe title=\"Gobernador Claudio Poggi en el Policl\u00ednico Regional de Villa Mercedes\" width=\"640\" height=\"360\" src=\"https:\/\/www.youtube.com\/embed\/80IsLsbs79Y?feature=oembed\" frameborder=\"0\" allow=\"accelerometer; autoplay; clipboard-write; encrypted-media; gyroscope; picture-in-picture; web-share\" referrerpolicy=\"strict-origin-when-cross-origin\" allowfullscreen><\/iframe><\/p>\n<h3>Esto ya lo hab\u00eda confirmado Poggi el pasado 14 de julio, cuando reinaugur\u00f3 el sector antes denominado \u2018Materno Infantil\u2019, que fue reparado y destinado tambi\u00e9n para quir\u00f3fanos e internaci\u00f3n. En esa ocasi\u00f3n, se comprometi\u00f3 a que \u201cel \u2018Juan Domingo Per\u00f3n\u2019 sea un hospital modelo. Lo vamos a reconstruir y lo vamos a modernizar\u201d, enfatiz\u00f3.<\/h3>\n<h3>El Gobernador y su comitiva fueron recibidos por la directora del Hospital Regional &#8220;Juan Domingo\u00a0 Per\u00f3n&#8221;, <strong>Berta Arenas<\/strong>, para luego proyectarse una rese\u00f1a del estado en el que se hallan hoy los sectores a renovar, como tambi\u00e9n im\u00e1genes alusivas de lo que se le exigir\u00e1 a la empresa adjudicataria. Esto fue acompa\u00f1ado por la explicaci\u00f3n en detalle que brind\u00f3 la ministra de Salud, Claudia Spagnuolo. Luego, la directora de Obras de Arquitectura y Viviendas, Marina Ortiz, se refiri\u00f3 a lo prioritaria que es para el Gobierno, en cuanto a infraestructura, la inversi\u00f3n para el sistema de salud.<\/h3>\n<h3><img fetchpriority=\"high\" decoding=\"async\" class=\"wp-image-20267 aligncenter\" src=\"https:\/\/apuntesdesanluis.com\/wp-content\/uploads\/2024\/08\/poggi-firmando-300x191.png\" alt=\"\" width=\"781\" height=\"497\" srcset=\"https:\/\/apuntesdesanluis.com\/wp-content\/uploads\/2024\/08\/poggi-firmando-300x191.png 300w, https:\/\/apuntesdesanluis.com\/wp-content\/uploads\/2024\/08\/poggi-firmando.png 527w\" sizes=\"(max-width: 781px) 100vw, 781px\" \/><\/h3>\n<h3>El titular del Ejecutivo provincial recalc\u00f3 que \u201cno es simplemente una reconstrucci\u00f3n, sino que tambi\u00e9n vamos a incorporar moderna tecnolog\u00eda. Ahora nos quedan cuatro etapas m\u00e1s: Tres en el primer piso y una en todo lo que es lo exterior, la est\u00e9tica y el parque. Va a quedar hermoso\u201d.<\/h3>\n<h3>En la tercera visita del Primer Mandatario al complejo sanitario mercedino, resalt\u00f3 que se destinar\u00e1 una inversi\u00f3n superior a los 2 mil millones de pesos para la obra que demandar\u00e1 un plazo de seis meses de trabajo. Se espera que a fines de septiembre se adjudique la obra para tenerlo listo en marzo.<\/h3>\n<h3>Poggi tambi\u00e9n mencion\u00f3 que est\u00e1 estableciendo contactos con la C\u00e1mara de Corredores Inmobiliarios de la Ciudad Aut\u00f3noma de Buenos Aires para que tasen el edificio donde funciona la Casa de San Luis, para que el 6 de diciembre sea subastada p\u00fablicamente. \u201cLes dije que me iba a ocupar personalmente del policl\u00ednico y voy a venir todas las veces que sea necesario\u201d, mencion\u00f3.<\/h3>\n<h3>\u201cLes pido disculpas a los trabajadores de la salud, en nombre del Estado, por haber tenido que trabajar el a\u00f1o pasado en estas condiciones. Ahora vamos a mejorar la calidad del \u00e1mbito de trabajo y del servicio de salud a los mercedinos y a toda la zona de influencia que atiende este querido Policl\u00ednico Regional \u2018Juan Domingo Per\u00f3n\u2019\u201d, manifest\u00f3 el Gobernador, y mencion\u00f3:\u00a0 \u201cSe van a sentir orgullosos del hospital que tienen\u201d.<\/h3>\n<p><img decoding=\"async\" class=\"wp-image-20268 aligncenter\" src=\"https:\/\/apuntesdesanluis.com\/wp-content\/uploads\/2024\/08\/POLICLINICO-300x169.png\" alt=\"\" width=\"694\" height=\"391\" srcset=\"https:\/\/apuntesdesanluis.com\/wp-content\/uploads\/2024\/08\/POLICLINICO-300x169.png 300w, https:\/\/apuntesdesanluis.com\/wp-content\/uploads\/2024\/08\/POLICLINICO.png 600w\" sizes=\"(max-width: 694px) 100vw, 694px\" \/><\/p>\n<h3>La directora Berta Arenas record\u00f3 la enorme tristeza que sinti\u00f3 cuando recorri\u00f3 el hospital por primera vez en diciembre y lo encontr\u00f3 en p\u00e9simas condiciones. \u201cCreo que la situaci\u00f3n que estaba era parecida a la de muchos edificios en la Franja de Gaza\u201d, manifest\u00f3, y\u00a0 a su vez ponder\u00f3 la actitud del Gobernador y la ministra de Salud, \u201cde ponerlo como prioridad, visitarlo y ver en persona la situaci\u00f3n del hospital; eso me enorgullece, porque han acompa\u00f1ado m\u00e1s que a mi persona, a todo el personal\u201d.<\/h3>\n<h3>En colaboraci\u00f3n, trabajando codo a codo, entre la Provincia, la Municipalidad y la comunidad del Policl\u00ednico Regional, \u201ctomaron como bandera la recuperaci\u00f3n del hospital, dejando en el pasado los dogmas del pasado. El presente nos est\u00e1 brindando oportunidades\u201d, concluy\u00f3 Arenas.<\/h3>\n<p>&nbsp;<\/p>\n<p>&nbsp;<\/p>\n<p>&nbsp;<\/p>\n<p>&nbsp;<\/p>\n<p>&nbsp;<\/p>\n<p>&nbsp;<\/p>\n","protected":false},"excerpt":{"rendered":"<p>Este viernes al mediod\u00eda, durante la gira institucional que lo lleva a recorrer todo San&#8230;<\/p>\n","protected":false},"author":1,"featured_media":20266,"comment_status":"closed","ping_status":"closed","sticky":false,"template":"","format":"standard","meta":{"footnotes":""},"categories":[6],"tags":[],"class_list":["post-20265","post","type-post","status-publish","format-standard","has-post-thumbnail","hentry","category-ciudad-provincia"],"yoast_head":"<!-- This site is optimized with the Yoast SEO plugin v26.1.1 - https:\/\/yoast.com\/wordpress\/plugins\/seo\/ -->\n<title>POGGI FIRM\u00d3 LICITACI\u00d3N PARA RENOVAR QUIR\u00d3FANOS, UTI E INTERNACI\u00d3N EN EL POLICL\u00cdNICO REGIONAL - Apuntes de San Luis<\/title>\n<meta name=\"robots\" content=\"index, follow, max-snippet:-1, max-image-preview:large, max-video-preview:-1\" \/>\n<link rel=\"canonical\" href=\"https:\/\/apuntesdesanluis.com\/index.php\/2024\/08\/03\/renovar-quirofanos-uti-e-internacion-en-el-policlinico-regional\/\" \/>\n<meta property=\"og:locale\" content=\"es_ES\" \/>\n<meta property=\"og:type\" content=\"article\" \/>\n<meta property=\"og:title\" content=\"POGGI FIRM\u00d3 LICITACI\u00d3N PARA RENOVAR QUIR\u00d3FANOS, UTI E INTERNACI\u00d3N EN EL POLICL\u00cdNICO REGIONAL - Apuntes de San Luis\" \/>\n<meta property=\"og:description\" content=\"Este viernes al mediod\u00eda, durante la gira institucional que lo lleva a recorrer todo San...\" \/>\n<meta property=\"og:url\" content=\"https:\/\/apuntesdesanluis.com\/index.php\/2024\/08\/03\/renovar-quirofanos-uti-e-internacion-en-el-policlinico-regional\/\" \/>\n<meta property=\"og:site_name\" content=\"Apuntes de San Luis\" \/>\n<meta property=\"article:published_time\" content=\"2024-08-03T03:21:41+00:00\" \/>\n<meta property=\"article:modified_time\" content=\"2024-08-03T03:53:52+00:00\" \/>\n<meta property=\"og:image\" content=\"https:\/\/apuntesdesanluis.com\/wp-content\/uploads\/2024\/08\/POGGI.png\" \/>\n\t<meta property=\"og:image:width\" content=\"600\" \/>\n\t<meta property=\"og:image:height\" content=\"399\" \/>\n\t<meta property=\"og:image:type\" content=\"image\/png\" \/>\n<meta name=\"author\" content=\"apuntesdesanluis.com\" \/>\n<meta name=\"twitter:card\" content=\"summary_large_image\" \/>\n<meta name=\"twitter:label1\" content=\"Escrito por\" \/>\n\t<meta name=\"twitter:data1\" content=\"apuntesdesanluis.com\" \/>\n\t<meta name=\"twitter:label2\" content=\"Tiempo de lectura\" \/>\n\t<meta name=\"twitter:data2\" content=\"4 minutos\" \/>\n<script type=\"application\/ld+json\" class=\"yoast-schema-graph\">{\"@context\":\"https:\/\/schema.org\",\"@graph\":[{\"@type\":\"Article\",\"@id\":\"https:\/\/apuntesdesanluis.com\/index.php\/2024\/08\/03\/renovar-quirofanos-uti-e-internacion-en-el-policlinico-regional\/#article\",\"isPartOf\":{\"@id\":\"https:\/\/apuntesdesanluis.com\/index.php\/2024\/08\/03\/renovar-quirofanos-uti-e-internacion-en-el-policlinico-regional\/\"},\"author\":{\"name\":\"apuntesdesanluis.com\",\"@id\":\"https:\/\/apuntesdesanluis.com\/#\/schema\/person\/b55151d52296fcce64d1a72538a70b90\"},\"headline\":\"POGGI FIRM\u00d3 LICITACI\u00d3N PARA RENOVAR QUIR\u00d3FANOS, UTI E INTERNACI\u00d3N EN EL POLICL\u00cdNICO REGIONAL\",\"datePublished\":\"2024-08-03T03:21:41+00:00\",\"dateModified\":\"2024-08-03T03:53:52+00:00\",\"mainEntityOfPage\":{\"@id\":\"https:\/\/apuntesdesanluis.com\/index.php\/2024\/08\/03\/renovar-quirofanos-uti-e-internacion-en-el-policlinico-regional\/\"},\"wordCount\":698,\"publisher\":{\"@id\":\"https:\/\/apuntesdesanluis.com\/#\/schema\/person\/b55151d52296fcce64d1a72538a70b90\"},\"image\":{\"@id\":\"https:\/\/apuntesdesanluis.com\/index.php\/2024\/08\/03\/renovar-quirofanos-uti-e-internacion-en-el-policlinico-regional\/#primaryimage\"},\"thumbnailUrl\":\"https:\/\/apuntesdesanluis.com\/wp-content\/uploads\/2024\/08\/POGGI.png\",\"articleSection\":[\"Ciudad\/Provincia\"],\"inLanguage\":\"es-AR\"},{\"@type\":\"WebPage\",\"@id\":\"https:\/\/apuntesdesanluis.com\/index.php\/2024\/08\/03\/renovar-quirofanos-uti-e-internacion-en-el-policlinico-regional\/\",\"url\":\"https:\/\/apuntesdesanluis.com\/index.php\/2024\/08\/03\/renovar-quirofanos-uti-e-internacion-en-el-policlinico-regional\/\",\"name\":\"POGGI FIRM\u00d3 LICITACI\u00d3N PARA RENOVAR QUIR\u00d3FANOS, UTI E INTERNACI\u00d3N EN EL POLICL\u00cdNICO REGIONAL - Apuntes de San Luis\",\"isPartOf\":{\"@id\":\"https:\/\/apuntesdesanluis.com\/#website\"},\"primaryImageOfPage\":{\"@id\":\"https:\/\/apuntesdesanluis.com\/index.php\/2024\/08\/03\/renovar-quirofanos-uti-e-internacion-en-el-policlinico-regional\/#primaryimage\"},\"image\":{\"@id\":\"https:\/\/apuntesdesanluis.com\/index.php\/2024\/08\/03\/renovar-quirofanos-uti-e-internacion-en-el-policlinico-regional\/#primaryimage\"},\"thumbnailUrl\":\"https:\/\/apuntesdesanluis.com\/wp-content\/uploads\/2024\/08\/POGGI.png\",\"datePublished\":\"2024-08-03T03:21:41+00:00\",\"dateModified\":\"2024-08-03T03:53:52+00:00\",\"breadcrumb\":{\"@id\":\"https:\/\/apuntesdesanluis.com\/index.php\/2024\/08\/03\/renovar-quirofanos-uti-e-internacion-en-el-policlinico-regional\/#breadcrumb\"},\"inLanguage\":\"es-AR\",\"potentialAction\":[{\"@type\":\"ReadAction\",\"target\":[\"https:\/\/apuntesdesanluis.com\/index.php\/2024\/08\/03\/renovar-quirofanos-uti-e-internacion-en-el-policlinico-regional\/\"]}]},{\"@type\":\"ImageObject\",\"inLanguage\":\"es-AR\",\"@id\":\"https:\/\/apuntesdesanluis.com\/index.php\/2024\/08\/03\/renovar-quirofanos-uti-e-internacion-en-el-policlinico-regional\/#primaryimage\",\"url\":\"https:\/\/apuntesdesanluis.com\/wp-content\/uploads\/2024\/08\/POGGI.png\",\"contentUrl\":\"https:\/\/apuntesdesanluis.com\/wp-content\/uploads\/2024\/08\/POGGI.png\",\"width\":600,\"height\":399},{\"@type\":\"BreadcrumbList\",\"@id\":\"https:\/\/apuntesdesanluis.com\/index.php\/2024\/08\/03\/renovar-quirofanos-uti-e-internacion-en-el-policlinico-regional\/#breadcrumb\",\"itemListElement\":[{\"@type\":\"ListItem\",\"position\":1,\"name\":\"Inicio\",\"item\":\"https:\/\/apuntesdesanluis.com\/\"},{\"@type\":\"ListItem\",\"position\":2,\"name\":\"POGGI FIRM\u00d3 LICITACI\u00d3N PARA RENOVAR QUIR\u00d3FANOS, UTI E INTERNACI\u00d3N EN EL POLICL\u00cdNICO REGIONAL\"}]},{\"@type\":\"WebSite\",\"@id\":\"https:\/\/apuntesdesanluis.com\/#website\",\"url\":\"https:\/\/apuntesdesanluis.com\/\",\"name\":\"Apuntes de San Luis\",\"description\":\"\",\"publisher\":{\"@id\":\"https:\/\/apuntesdesanluis.com\/#\/schema\/person\/b55151d52296fcce64d1a72538a70b90\"},\"potentialAction\":[{\"@type\":\"SearchAction\",\"target\":{\"@type\":\"EntryPoint\",\"urlTemplate\":\"https:\/\/apuntesdesanluis.com\/?s={search_term_string}\"},\"query-input\":{\"@type\":\"PropertyValueSpecification\",\"valueRequired\":true,\"valueName\":\"search_term_string\"}}],\"inLanguage\":\"es-AR\"},{\"@type\":[\"Person\",\"Organization\"],\"@id\":\"https:\/\/apuntesdesanluis.com\/#\/schema\/person\/b55151d52296fcce64d1a72538a70b90\",\"name\":\"apuntesdesanluis.com\",\"image\":{\"@type\":\"ImageObject\",\"inLanguage\":\"es-AR\",\"@id\":\"https:\/\/apuntesdesanluis.com\/#\/schema\/person\/image\/\",\"url\":\"https:\/\/apuntesdesanluis.com\/wp-content\/uploads\/2023\/07\/cropped-apuntesdesanluis.png\",\"contentUrl\":\"https:\/\/apuntesdesanluis.com\/wp-content\/uploads\/2023\/07\/cropped-apuntesdesanluis.png\",\"width\":450,\"height\":112,\"caption\":\"apuntesdesanluis.com\"},\"logo\":{\"@id\":\"https:\/\/apuntesdesanluis.com\/#\/schema\/person\/image\/\"},\"sameAs\":[\"https:\/\/apuntesdesanluis.com\"],\"url\":\"https:\/\/apuntesdesanluis.com\/index.php\/author\/apuntesdesanluis-com\/\"}]}<\/script>\n<!-- \/ Yoast SEO plugin. -->","yoast_head_json":{"title":"POGGI FIRM\u00d3 LICITACI\u00d3N PARA RENOVAR QUIR\u00d3FANOS, UTI E INTERNACI\u00d3N EN EL POLICL\u00cdNICO REGIONAL - Apuntes de San Luis","robots":{"index":"index","follow":"follow","max-snippet":"max-snippet:-1","max-image-preview":"max-image-preview:large","max-video-preview":"max-video-preview:-1"},"canonical":"https:\/\/apuntesdesanluis.com\/index.php\/2024\/08\/03\/renovar-quirofanos-uti-e-internacion-en-el-policlinico-regional\/","og_locale":"es_ES","og_type":"article","og_title":"POGGI FIRM\u00d3 LICITACI\u00d3N PARA RENOVAR QUIR\u00d3FANOS, UTI E INTERNACI\u00d3N EN EL POLICL\u00cdNICO REGIONAL - Apuntes de San Luis","og_description":"Este viernes al mediod\u00eda, durante la gira institucional que lo lleva a recorrer todo San...","og_url":"https:\/\/apuntesdesanluis.com\/index.php\/2024\/08\/03\/renovar-quirofanos-uti-e-internacion-en-el-policlinico-regional\/","og_site_name":"Apuntes de San Luis","article_published_time":"2024-08-03T03:21:41+00:00","article_modified_time":"2024-08-03T03:53:52+00:00","og_image":[{"width":600,"height":399,"url":"https:\/\/apuntesdesanluis.com\/wp-content\/uploads\/2024\/08\/POGGI.png","type":"image\/png"}],"author":"apuntesdesanluis.com","twitter_card":"summary_large_image","twitter_misc":{"Escrito por":"apuntesdesanluis.com","Tiempo de lectura":"4 minutos"},"schema":{"@context":"https:\/\/schema.org","@graph":[{"@type":"Article","@id":"https:\/\/apuntesdesanluis.com\/index.php\/2024\/08\/03\/renovar-quirofanos-uti-e-internacion-en-el-policlinico-regional\/#article","isPartOf":{"@id":"https:\/\/apuntesdesanluis.com\/index.php\/2024\/08\/03\/renovar-quirofanos-uti-e-internacion-en-el-policlinico-regional\/"},"author":{"name":"apuntesdesanluis.com","@id":"https:\/\/apuntesdesanluis.com\/#\/schema\/person\/b55151d52296fcce64d1a72538a70b90"},"headline":"POGGI FIRM\u00d3 LICITACI\u00d3N PARA RENOVAR QUIR\u00d3FANOS, UTI E INTERNACI\u00d3N EN EL POLICL\u00cdNICO REGIONAL","datePublished":"2024-08-03T03:21:41+00:00","dateModified":"2024-08-03T03:53:52+00:00","mainEntityOfPage":{"@id":"https:\/\/apuntesdesanluis.com\/index.php\/2024\/08\/03\/renovar-quirofanos-uti-e-internacion-en-el-policlinico-regional\/"},"wordCount":698,"publisher":{"@id":"https:\/\/apuntesdesanluis.com\/#\/schema\/person\/b55151d52296fcce64d1a72538a70b90"},"image":{"@id":"https:\/\/apuntesdesanluis.com\/index.php\/2024\/08\/03\/renovar-quirofanos-uti-e-internacion-en-el-policlinico-regional\/#primaryimage"},"thumbnailUrl":"https:\/\/apuntesdesanluis.com\/wp-content\/uploads\/2024\/08\/POGGI.png","articleSection":["Ciudad\/Provincia"],"inLanguage":"es-AR"},{"@type":"WebPage","@id":"https:\/\/apuntesdesanluis.com\/index.php\/2024\/08\/03\/renovar-quirofanos-uti-e-internacion-en-el-policlinico-regional\/","url":"https:\/\/apuntesdesanluis.com\/index.php\/2024\/08\/03\/renovar-quirofanos-uti-e-internacion-en-el-policlinico-regional\/","name":"POGGI FIRM\u00d3 LICITACI\u00d3N PARA RENOVAR QUIR\u00d3FANOS, UTI E INTERNACI\u00d3N EN EL POLICL\u00cdNICO REGIONAL - Apuntes de San Luis","isPartOf":{"@id":"https:\/\/apuntesdesanluis.com\/#website"},"primaryImageOfPage":{"@id":"https:\/\/apuntesdesanluis.com\/index.php\/2024\/08\/03\/renovar-quirofanos-uti-e-internacion-en-el-policlinico-regional\/#primaryimage"},"image":{"@id":"https:\/\/apuntesdesanluis.com\/index.php\/2024\/08\/03\/renovar-quirofanos-uti-e-internacion-en-el-policlinico-regional\/#primaryimage"},"thumbnailUrl":"https:\/\/apuntesdesanluis.com\/wp-content\/uploads\/2024\/08\/POGGI.png","datePublished":"2024-08-03T03:21:41+00:00","dateModified":"2024-08-03T03:53:52+00:00","breadcrumb":{"@id":"https:\/\/apuntesdesanluis.com\/index.php\/2024\/08\/03\/renovar-quirofanos-uti-e-internacion-en-el-policlinico-regional\/#breadcrumb"},"inLanguage":"es-AR","potentialAction":[{"@type":"ReadAction","target":["https:\/\/apuntesdesanluis.com\/index.php\/2024\/08\/03\/renovar-quirofanos-uti-e-internacion-en-el-policlinico-regional\/"]}]},{"@type":"ImageObject","inLanguage":"es-AR","@id":"https:\/\/apuntesdesanluis.com\/index.php\/2024\/08\/03\/renovar-quirofanos-uti-e-internacion-en-el-policlinico-regional\/#primaryimage","url":"https:\/\/apuntesdesanluis.com\/wp-content\/uploads\/2024\/08\/POGGI.png","contentUrl":"https:\/\/apuntesdesanluis.com\/wp-content\/uploads\/2024\/08\/POGGI.png","width":600,"height":399},{"@type":"BreadcrumbList","@id":"https:\/\/apuntesdesanluis.com\/index.php\/2024\/08\/03\/renovar-quirofanos-uti-e-internacion-en-el-policlinico-regional\/#breadcrumb","itemListElement":[{"@type":"ListItem","position":1,"name":"Inicio","item":"https:\/\/apuntesdesanluis.com\/"},{"@type":"ListItem","position":2,"name":"POGGI FIRM\u00d3 LICITACI\u00d3N PARA RENOVAR QUIR\u00d3FANOS, UTI E INTERNACI\u00d3N EN EL POLICL\u00cdNICO REGIONAL"}]},{"@type":"WebSite","@id":"https:\/\/apuntesdesanluis.com\/#website","url":"https:\/\/apuntesdesanluis.com\/","name":"Apuntes de San Luis","description":"","publisher":{"@id":"https:\/\/apuntesdesanluis.com\/#\/schema\/person\/b55151d52296fcce64d1a72538a70b90"},"potentialAction":[{"@type":"SearchAction","target":{"@type":"EntryPoint","urlTemplate":"https:\/\/apuntesdesanluis.com\/?s={search_term_string}"},"query-input":{"@type":"PropertyValueSpecification","valueRequired":true,"valueName":"search_term_string"}}],"inLanguage":"es-AR"},{"@type":["Person","Organization"],"@id":"https:\/\/apuntesdesanluis.com\/#\/schema\/person\/b55151d52296fcce64d1a72538a70b90","name":"apuntesdesanluis.com","image":{"@type":"ImageObject","inLanguage":"es-AR","@id":"https:\/\/apuntesdesanluis.com\/#\/schema\/person\/image\/","url":"https:\/\/apuntesdesanluis.com\/wp-content\/uploads\/2023\/07\/cropped-apuntesdesanluis.png","contentUrl":"https:\/\/apuntesdesanluis.com\/wp-content\/uploads\/2023\/07\/cropped-apuntesdesanluis.png","width":450,"height":112,"caption":"apuntesdesanluis.com"},"logo":{"@id":"https:\/\/apuntesdesanluis.com\/#\/schema\/person\/image\/"},"sameAs":["https:\/\/apuntesdesanluis.com"],"url":"https:\/\/apuntesdesanluis.com\/index.php\/author\/apuntesdesanluis-com\/"}]}},"featured_image_urls":{"full":["https:\/\/apuntesdesanluis.com\/wp-content\/uploads\/2024\/08\/POGGI.png",600,399,false],"thumbnail":["https:\/\/apuntesdesanluis.com\/wp-content\/uploads\/2024\/08\/POGGI-150x150.png",150,150,true],"medium":["https:\/\/apuntesdesanluis.com\/wp-content\/uploads\/2024\/08\/POGGI-300x200.png",300,200,true],"medium_large":["https:\/\/apuntesdesanluis.com\/wp-content\/uploads\/2024\/08\/POGGI.png",600,399,false],"large":["https:\/\/apuntesdesanluis.com\/wp-content\/uploads\/2024\/08\/POGGI.png",600,399,false],"1536x1536":["https:\/\/apuntesdesanluis.com\/wp-content\/uploads\/2024\/08\/POGGI.png",600,399,false],"2048x2048":["https:\/\/apuntesdesanluis.com\/wp-content\/uploads\/2024\/08\/POGGI.png",600,399,false],"newsever-slider-full":["https:\/\/apuntesdesanluis.com\/wp-content\/uploads\/2024\/08\/POGGI.png",600,399,false],"newsever-featured":["https:\/\/apuntesdesanluis.com\/wp-content\/uploads\/2024\/08\/POGGI.png",600,399,false],"newsever-medium":["https:\/\/apuntesdesanluis.com\/wp-content\/uploads\/2024\/08\/POGGI.png",600,399,false]},"author_info":{"display_name":"apuntesdesanluis.com","author_link":"https:\/\/apuntesdesanluis.com\/index.php\/author\/apuntesdesanluis-com\/"},"category_info":"<a href=\"https:\/\/apuntesdesanluis.com\/index.php\/category\/ciudad-provincia\/\" rel=\"category tag\">Ciudad\/Provincia<\/a>","tag_info":"Ciudad\/Provincia","comment_count":"0","_links":{"self":[{"href":"https:\/\/apuntesdesanluis.com\/index.php\/wp-json\/wp\/v2\/posts\/20265","targetHints":{"allow":["GET"]}}],"collection":[{"href":"https:\/\/apuntesdesanluis.com\/index.php\/wp-json\/wp\/v2\/posts"}],"about":[{"href":"https:\/\/apuntesdesanluis.com\/index.php\/wp-json\/wp\/v2\/types\/post"}],"author":[{"embeddable":true,"href":"https:\/\/apuntesdesanluis.com\/index.php\/wp-json\/wp\/v2\/users\/1"}],"replies":[{"embeddable":true,"href":"https:\/\/apuntesdesanluis.com\/index.php\/wp-json\/wp\/v2\/comments?post=20265"}],"version-history":[{"count":3,"href":"https:\/\/apuntesdesanluis.com\/index.php\/wp-json\/wp\/v2\/posts\/20265\/revisions"}],"predecessor-version":[{"id":20280,"href":"https:\/\/apuntesdesanluis.com\/index.php\/wp-json\/wp\/v2\/posts\/20265\/revisions\/20280"}],"wp:featuredmedia":[{"embeddable":true,"href":"https:\/\/apuntesdesanluis.com\/index.php\/wp-json\/wp\/v2\/media\/20266"}],"wp:attachment":[{"href":"https:\/\/apuntesdesanluis.com\/index.php\/wp-json\/wp\/v2\/media?parent=20265"}],"wp:term":[{"taxonomy":"category","embeddable":true,"href":"https:\/\/apuntesdesanluis.com\/index.php\/wp-json\/wp\/v2\/categories?post=20265"},{"taxonomy":"post_tag","embeddable":true,"href":"https:\/\/apuntesdesanluis.com\/index.php\/wp-json\/wp\/v2\/tags?post=20265"}],"curies":[{"name":"wp","href":"https:\/\/api.w.org\/{rel}","templated":true}]}}