{"id":20281,"date":"2024-08-03T18:13:36","date_gmt":"2024-08-03T21:13:36","guid":{"rendered":"https:\/\/apuntesdesanluis.com\/?p=20281"},"modified":"2024-08-03T18:13:36","modified_gmt":"2024-08-03T21:13:36","slug":"el-gobierno-intimo-al-circulo-medico-por-no-prestar-servicio-a-dosep","status":"publish","type":"post","link":"https:\/\/apuntesdesanluis.com\/index.php\/2024\/08\/03\/el-gobierno-intimo-al-circulo-medico-por-no-prestar-servicio-a-dosep\/","title":{"rendered":"EL GOBIERNO INTIM\u00d3 AL C\u00cdRCULO M\u00c9DICO POR NO PRESTAR SERVICIO A DOSEP"},"content":{"rendered":"<h3>El Ministerio de Salud, junto con Fiscal\u00eda de Estado y la obra social, enviaron una carta documento a la entidad, ya que argumenta que el convenio firmado no contempla la suspensi\u00f3n de las prestaciones por la falta de acuerdo en los valores.<\/h3>\n<h3>El C\u00edrculo tampoco cumpli\u00f3 con la cl\u00e1usula que le exige informar con 60 d\u00edas de antelaci\u00f3n si va a incumplir el contrato.<\/h3>\n<p><img fetchpriority=\"high\" decoding=\"async\" class=\"wp-image-20283 aligncenter\" src=\"https:\/\/apuntesdesanluis.com\/wp-content\/uploads\/2024\/08\/intimacion-300x292.png\" alt=\"\" width=\"501\" height=\"488\" srcset=\"https:\/\/apuntesdesanluis.com\/wp-content\/uploads\/2024\/08\/intimacion-300x292.png 300w, https:\/\/apuntesdesanluis.com\/wp-content\/uploads\/2024\/08\/intimacion.png 415w\" sizes=\"(max-width: 501px) 100vw, 501px\" \/><\/p>\n<p>&nbsp;<\/p>\n<p>&nbsp;<\/p>\n<p>&nbsp;<\/p>\n","protected":false},"excerpt":{"rendered":"<p>El Ministerio de Salud, junto con Fiscal\u00eda de Estado y la obra social, enviaron una&#8230;<\/p>\n","protected":false},"author":1,"featured_media":20282,"comment_status":"closed","ping_status":"closed","sticky":false,"template":"","format":"standard","meta":{"footnotes":""},"categories":[6],"tags":[],"class_list":["post-20281","post","type-post","status-publish","format-standard","has-post-thumbnail","hentry","category-ciudad-provincia"],"yoast_head":"<!-- This site is optimized with the Yoast SEO plugin v26.1.1 - https:\/\/yoast.com\/wordpress\/plugins\/seo\/ -->\n<title>EL GOBIERNO INTIM\u00d3 AL C\u00cdRCULO M\u00c9DICO POR NO PRESTAR SERVICIO A DOSEP - Apuntes de San Luis<\/title>\n<meta name=\"robots\" content=\"index, follow, max-snippet:-1, max-image-preview:large, max-video-preview:-1\" \/>\n<link rel=\"canonical\" href=\"https:\/\/apuntesdesanluis.com\/index.php\/2024\/08\/03\/el-gobierno-intimo-al-circulo-medico-por-no-prestar-servicio-a-dosep\/\" \/>\n<meta property=\"og:locale\" content=\"es_ES\" \/>\n<meta property=\"og:type\" content=\"article\" \/>\n<meta property=\"og:title\" content=\"EL GOBIERNO INTIM\u00d3 AL C\u00cdRCULO M\u00c9DICO POR NO PRESTAR SERVICIO A DOSEP - Apuntes de San Luis\" \/>\n<meta property=\"og:description\" content=\"El Ministerio de Salud, junto con Fiscal\u00eda de Estado y la obra social, enviaron una...\" \/>\n<meta property=\"og:url\" content=\"https:\/\/apuntesdesanluis.com\/index.php\/2024\/08\/03\/el-gobierno-intimo-al-circulo-medico-por-no-prestar-servicio-a-dosep\/\" \/>\n<meta property=\"og:site_name\" content=\"Apuntes de San Luis\" \/>\n<meta property=\"article:published_time\" content=\"2024-08-03T21:13:36+00:00\" \/>\n<meta property=\"og:image\" content=\"https:\/\/apuntesdesanluis.com\/wp-content\/uploads\/2024\/08\/dosep.png\" \/>\n\t<meta property=\"og:image:width\" content=\"567\" \/>\n\t<meta property=\"og:image:height\" content=\"317\" \/>\n\t<meta property=\"og:image:type\" content=\"image\/png\" \/>\n<meta name=\"author\" content=\"apuntesdesanluis.com\" \/>\n<meta name=\"twitter:card\" content=\"summary_large_image\" \/>\n<meta name=\"twitter:label1\" content=\"Escrito por\" \/>\n\t<meta name=\"twitter:data1\" content=\"apuntesdesanluis.com\" \/>\n\t<meta name=\"twitter:label2\" content=\"Tiempo de lectura\" \/>\n\t<meta name=\"twitter:data2\" content=\"1 minuto\" \/>\n<script type=\"application\/ld+json\" class=\"yoast-schema-graph\">{\"@context\":\"https:\/\/schema.org\",\"@graph\":[{\"@type\":\"Article\",\"@id\":\"https:\/\/apuntesdesanluis.com\/index.php\/2024\/08\/03\/el-gobierno-intimo-al-circulo-medico-por-no-prestar-servicio-a-dosep\/#article\",\"isPartOf\":{\"@id\":\"https:\/\/apuntesdesanluis.com\/index.php\/2024\/08\/03\/el-gobierno-intimo-al-circulo-medico-por-no-prestar-servicio-a-dosep\/\"},\"author\":{\"name\":\"apuntesdesanluis.com\",\"@id\":\"https:\/\/apuntesdesanluis.com\/#\/schema\/person\/b55151d52296fcce64d1a72538a70b90\"},\"headline\":\"EL GOBIERNO INTIM\u00d3 AL C\u00cdRCULO M\u00c9DICO POR NO PRESTAR SERVICIO A DOSEP\",\"datePublished\":\"2024-08-03T21:13:36+00:00\",\"mainEntityOfPage\":{\"@id\":\"https:\/\/apuntesdesanluis.com\/index.php\/2024\/08\/03\/el-gobierno-intimo-al-circulo-medico-por-no-prestar-servicio-a-dosep\/\"},\"wordCount\":86,\"publisher\":{\"@id\":\"https:\/\/apuntesdesanluis.com\/#\/schema\/person\/b55151d52296fcce64d1a72538a70b90\"},\"image\":{\"@id\":\"https:\/\/apuntesdesanluis.com\/index.php\/2024\/08\/03\/el-gobierno-intimo-al-circulo-medico-por-no-prestar-servicio-a-dosep\/#primaryimage\"},\"thumbnailUrl\":\"https:\/\/apuntesdesanluis.com\/wp-content\/uploads\/2024\/08\/dosep.png\",\"articleSection\":[\"Ciudad\/Provincia\"],\"inLanguage\":\"es-AR\"},{\"@type\":\"WebPage\",\"@id\":\"https:\/\/apuntesdesanluis.com\/index.php\/2024\/08\/03\/el-gobierno-intimo-al-circulo-medico-por-no-prestar-servicio-a-dosep\/\",\"url\":\"https:\/\/apuntesdesanluis.com\/index.php\/2024\/08\/03\/el-gobierno-intimo-al-circulo-medico-por-no-prestar-servicio-a-dosep\/\",\"name\":\"EL GOBIERNO INTIM\u00d3 AL C\u00cdRCULO M\u00c9DICO POR NO PRESTAR SERVICIO A DOSEP - Apuntes de San Luis\",\"isPartOf\":{\"@id\":\"https:\/\/apuntesdesanluis.com\/#website\"},\"primaryImageOfPage\":{\"@id\":\"https:\/\/apuntesdesanluis.com\/index.php\/2024\/08\/03\/el-gobierno-intimo-al-circulo-medico-por-no-prestar-servicio-a-dosep\/#primaryimage\"},\"image\":{\"@id\":\"https:\/\/apuntesdesanluis.com\/index.php\/2024\/08\/03\/el-gobierno-intimo-al-circulo-medico-por-no-prestar-servicio-a-dosep\/#primaryimage\"},\"thumbnailUrl\":\"https:\/\/apuntesdesanluis.com\/wp-content\/uploads\/2024\/08\/dosep.png\",\"datePublished\":\"2024-08-03T21:13:36+00:00\",\"breadcrumb\":{\"@id\":\"https:\/\/apuntesdesanluis.com\/index.php\/2024\/08\/03\/el-gobierno-intimo-al-circulo-medico-por-no-prestar-servicio-a-dosep\/#breadcrumb\"},\"inLanguage\":\"es-AR\",\"potentialAction\":[{\"@type\":\"ReadAction\",\"target\":[\"https:\/\/apuntesdesanluis.com\/index.php\/2024\/08\/03\/el-gobierno-intimo-al-circulo-medico-por-no-prestar-servicio-a-dosep\/\"]}]},{\"@type\":\"ImageObject\",\"inLanguage\":\"es-AR\",\"@id\":\"https:\/\/apuntesdesanluis.com\/index.php\/2024\/08\/03\/el-gobierno-intimo-al-circulo-medico-por-no-prestar-servicio-a-dosep\/#primaryimage\",\"url\":\"https:\/\/apuntesdesanluis.com\/wp-content\/uploads\/2024\/08\/dosep.png\",\"contentUrl\":\"https:\/\/apuntesdesanluis.com\/wp-content\/uploads\/2024\/08\/dosep.png\",\"width\":567,\"height\":317},{\"@type\":\"BreadcrumbList\",\"@id\":\"https:\/\/apuntesdesanluis.com\/index.php\/2024\/08\/03\/el-gobierno-intimo-al-circulo-medico-por-no-prestar-servicio-a-dosep\/#breadcrumb\",\"itemListElement\":[{\"@type\":\"ListItem\",\"position\":1,\"name\":\"Inicio\",\"item\":\"https:\/\/apuntesdesanluis.com\/\"},{\"@type\":\"ListItem\",\"position\":2,\"name\":\"EL GOBIERNO INTIM\u00d3 AL C\u00cdRCULO M\u00c9DICO POR NO PRESTAR SERVICIO A DOSEP\"}]},{\"@type\":\"WebSite\",\"@id\":\"https:\/\/apuntesdesanluis.com\/#website\",\"url\":\"https:\/\/apuntesdesanluis.com\/\",\"name\":\"Apuntes de San Luis\",\"description\":\"\",\"publisher\":{\"@id\":\"https:\/\/apuntesdesanluis.com\/#\/schema\/person\/b55151d52296fcce64d1a72538a70b90\"},\"potentialAction\":[{\"@type\":\"SearchAction\",\"target\":{\"@type\":\"EntryPoint\",\"urlTemplate\":\"https:\/\/apuntesdesanluis.com\/?s={search_term_string}\"},\"query-input\":{\"@type\":\"PropertyValueSpecification\",\"valueRequired\":true,\"valueName\":\"search_term_string\"}}],\"inLanguage\":\"es-AR\"},{\"@type\":[\"Person\",\"Organization\"],\"@id\":\"https:\/\/apuntesdesanluis.com\/#\/schema\/person\/b55151d52296fcce64d1a72538a70b90\",\"name\":\"apuntesdesanluis.com\",\"image\":{\"@type\":\"ImageObject\",\"inLanguage\":\"es-AR\",\"@id\":\"https:\/\/apuntesdesanluis.com\/#\/schema\/person\/image\/\",\"url\":\"https:\/\/apuntesdesanluis.com\/wp-content\/uploads\/2023\/07\/cropped-apuntesdesanluis.png\",\"contentUrl\":\"https:\/\/apuntesdesanluis.com\/wp-content\/uploads\/2023\/07\/cropped-apuntesdesanluis.png\",\"width\":450,\"height\":112,\"caption\":\"apuntesdesanluis.com\"},\"logo\":{\"@id\":\"https:\/\/apuntesdesanluis.com\/#\/schema\/person\/image\/\"},\"sameAs\":[\"https:\/\/apuntesdesanluis.com\"],\"url\":\"https:\/\/apuntesdesanluis.com\/index.php\/author\/apuntesdesanluis-com\/\"}]}<\/script>\n<!-- \/ Yoast SEO plugin. -->","yoast_head_json":{"title":"EL GOBIERNO INTIM\u00d3 AL C\u00cdRCULO M\u00c9DICO POR NO PRESTAR SERVICIO A DOSEP - Apuntes de San Luis","robots":{"index":"index","follow":"follow","max-snippet":"max-snippet:-1","max-image-preview":"max-image-preview:large","max-video-preview":"max-video-preview:-1"},"canonical":"https:\/\/apuntesdesanluis.com\/index.php\/2024\/08\/03\/el-gobierno-intimo-al-circulo-medico-por-no-prestar-servicio-a-dosep\/","og_locale":"es_ES","og_type":"article","og_title":"EL GOBIERNO INTIM\u00d3 AL C\u00cdRCULO M\u00c9DICO POR NO PRESTAR SERVICIO A DOSEP - Apuntes de San Luis","og_description":"El Ministerio de Salud, junto con Fiscal\u00eda de Estado y la obra social, enviaron una...","og_url":"https:\/\/apuntesdesanluis.com\/index.php\/2024\/08\/03\/el-gobierno-intimo-al-circulo-medico-por-no-prestar-servicio-a-dosep\/","og_site_name":"Apuntes de San Luis","article_published_time":"2024-08-03T21:13:36+00:00","og_image":[{"width":567,"height":317,"url":"https:\/\/apuntesdesanluis.com\/wp-content\/uploads\/2024\/08\/dosep.png","type":"image\/png"}],"author":"apuntesdesanluis.com","twitter_card":"summary_large_image","twitter_misc":{"Escrito por":"apuntesdesanluis.com","Tiempo de lectura":"1 minuto"},"schema":{"@context":"https:\/\/schema.org","@graph":[{"@type":"Article","@id":"https:\/\/apuntesdesanluis.com\/index.php\/2024\/08\/03\/el-gobierno-intimo-al-circulo-medico-por-no-prestar-servicio-a-dosep\/#article","isPartOf":{"@id":"https:\/\/apuntesdesanluis.com\/index.php\/2024\/08\/03\/el-gobierno-intimo-al-circulo-medico-por-no-prestar-servicio-a-dosep\/"},"author":{"name":"apuntesdesanluis.com","@id":"https:\/\/apuntesdesanluis.com\/#\/schema\/person\/b55151d52296fcce64d1a72538a70b90"},"headline":"EL GOBIERNO INTIM\u00d3 AL C\u00cdRCULO M\u00c9DICO POR NO PRESTAR SERVICIO A DOSEP","datePublished":"2024-08-03T21:13:36+00:00","mainEntityOfPage":{"@id":"https:\/\/apuntesdesanluis.com\/index.php\/2024\/08\/03\/el-gobierno-intimo-al-circulo-medico-por-no-prestar-servicio-a-dosep\/"},"wordCount":86,"publisher":{"@id":"https:\/\/apuntesdesanluis.com\/#\/schema\/person\/b55151d52296fcce64d1a72538a70b90"},"image":{"@id":"https:\/\/apuntesdesanluis.com\/index.php\/2024\/08\/03\/el-gobierno-intimo-al-circulo-medico-por-no-prestar-servicio-a-dosep\/#primaryimage"},"thumbnailUrl":"https:\/\/apuntesdesanluis.com\/wp-content\/uploads\/2024\/08\/dosep.png","articleSection":["Ciudad\/Provincia"],"inLanguage":"es-AR"},{"@type":"WebPage","@id":"https:\/\/apuntesdesanluis.com\/index.php\/2024\/08\/03\/el-gobierno-intimo-al-circulo-medico-por-no-prestar-servicio-a-dosep\/","url":"https:\/\/apuntesdesanluis.com\/index.php\/2024\/08\/03\/el-gobierno-intimo-al-circulo-medico-por-no-prestar-servicio-a-dosep\/","name":"EL GOBIERNO INTIM\u00d3 AL C\u00cdRCULO M\u00c9DICO POR NO PRESTAR SERVICIO A DOSEP - Apuntes de San Luis","isPartOf":{"@id":"https:\/\/apuntesdesanluis.com\/#website"},"primaryImageOfPage":{"@id":"https:\/\/apuntesdesanluis.com\/index.php\/2024\/08\/03\/el-gobierno-intimo-al-circulo-medico-por-no-prestar-servicio-a-dosep\/#primaryimage"},"image":{"@id":"https:\/\/apuntesdesanluis.com\/index.php\/2024\/08\/03\/el-gobierno-intimo-al-circulo-medico-por-no-prestar-servicio-a-dosep\/#primaryimage"},"thumbnailUrl":"https:\/\/apuntesdesanluis.com\/wp-content\/uploads\/2024\/08\/dosep.png","datePublished":"2024-08-03T21:13:36+00:00","breadcrumb":{"@id":"https:\/\/apuntesdesanluis.com\/index.php\/2024\/08\/03\/el-gobierno-intimo-al-circulo-medico-por-no-prestar-servicio-a-dosep\/#breadcrumb"},"inLanguage":"es-AR","potentialAction":[{"@type":"ReadAction","target":["https:\/\/apuntesdesanluis.com\/index.php\/2024\/08\/03\/el-gobierno-intimo-al-circulo-medico-por-no-prestar-servicio-a-dosep\/"]}]},{"@type":"ImageObject","inLanguage":"es-AR","@id":"https:\/\/apuntesdesanluis.com\/index.php\/2024\/08\/03\/el-gobierno-intimo-al-circulo-medico-por-no-prestar-servicio-a-dosep\/#primaryimage","url":"https:\/\/apuntesdesanluis.com\/wp-content\/uploads\/2024\/08\/dosep.png","contentUrl":"https:\/\/apuntesdesanluis.com\/wp-content\/uploads\/2024\/08\/dosep.png","width":567,"height":317},{"@type":"BreadcrumbList","@id":"https:\/\/apuntesdesanluis.com\/index.php\/2024\/08\/03\/el-gobierno-intimo-al-circulo-medico-por-no-prestar-servicio-a-dosep\/#breadcrumb","itemListElement":[{"@type":"ListItem","position":1,"name":"Inicio","item":"https:\/\/apuntesdesanluis.com\/"},{"@type":"ListItem","position":2,"name":"EL GOBIERNO INTIM\u00d3 AL C\u00cdRCULO M\u00c9DICO POR NO PRESTAR SERVICIO A DOSEP"}]},{"@type":"WebSite","@id":"https:\/\/apuntesdesanluis.com\/#website","url":"https:\/\/apuntesdesanluis.com\/","name":"Apuntes de San Luis","description":"","publisher":{"@id":"https:\/\/apuntesdesanluis.com\/#\/schema\/person\/b55151d52296fcce64d1a72538a70b90"},"potentialAction":[{"@type":"SearchAction","target":{"@type":"EntryPoint","urlTemplate":"https:\/\/apuntesdesanluis.com\/?s={search_term_string}"},"query-input":{"@type":"PropertyValueSpecification","valueRequired":true,"valueName":"search_term_string"}}],"inLanguage":"es-AR"},{"@type":["Person","Organization"],"@id":"https:\/\/apuntesdesanluis.com\/#\/schema\/person\/b55151d52296fcce64d1a72538a70b90","name":"apuntesdesanluis.com","image":{"@type":"ImageObject","inLanguage":"es-AR","@id":"https:\/\/apuntesdesanluis.com\/#\/schema\/person\/image\/","url":"https:\/\/apuntesdesanluis.com\/wp-content\/uploads\/2023\/07\/cropped-apuntesdesanluis.png","contentUrl":"https:\/\/apuntesdesanluis.com\/wp-content\/uploads\/2023\/07\/cropped-apuntesdesanluis.png","width":450,"height":112,"caption":"apuntesdesanluis.com"},"logo":{"@id":"https:\/\/apuntesdesanluis.com\/#\/schema\/person\/image\/"},"sameAs":["https:\/\/apuntesdesanluis.com"],"url":"https:\/\/apuntesdesanluis.com\/index.php\/author\/apuntesdesanluis-com\/"}]}},"featured_image_urls":{"full":["https:\/\/apuntesdesanluis.com\/wp-content\/uploads\/2024\/08\/dosep.png",567,317,false],"thumbnail":["https:\/\/apuntesdesanluis.com\/wp-content\/uploads\/2024\/08\/dosep-150x150.png",150,150,true],"medium":["https:\/\/apuntesdesanluis.com\/wp-content\/uploads\/2024\/08\/dosep-300x168.png",300,168,true],"medium_large":["https:\/\/apuntesdesanluis.com\/wp-content\/uploads\/2024\/08\/dosep.png",567,317,false],"large":["https:\/\/apuntesdesanluis.com\/wp-content\/uploads\/2024\/08\/dosep.png",567,317,false],"1536x1536":["https:\/\/apuntesdesanluis.com\/wp-content\/uploads\/2024\/08\/dosep.png",567,317,false],"2048x2048":["https:\/\/apuntesdesanluis.com\/wp-content\/uploads\/2024\/08\/dosep.png",567,317,false],"newsever-slider-full":["https:\/\/apuntesdesanluis.com\/wp-content\/uploads\/2024\/08\/dosep.png",567,317,false],"newsever-featured":["https:\/\/apuntesdesanluis.com\/wp-content\/uploads\/2024\/08\/dosep.png",567,317,false],"newsever-medium":["https:\/\/apuntesdesanluis.com\/wp-content\/uploads\/2024\/08\/dosep.png",567,317,false]},"author_info":{"display_name":"apuntesdesanluis.com","author_link":"https:\/\/apuntesdesanluis.com\/index.php\/author\/apuntesdesanluis-com\/"},"category_info":"<a href=\"https:\/\/apuntesdesanluis.com\/index.php\/category\/ciudad-provincia\/\" rel=\"category tag\">Ciudad\/Provincia<\/a>","tag_info":"Ciudad\/Provincia","comment_count":"0","_links":{"self":[{"href":"https:\/\/apuntesdesanluis.com\/index.php\/wp-json\/wp\/v2\/posts\/20281","targetHints":{"allow":["GET"]}}],"collection":[{"href":"https:\/\/apuntesdesanluis.com\/index.php\/wp-json\/wp\/v2\/posts"}],"about":[{"href":"https:\/\/apuntesdesanluis.com\/index.php\/wp-json\/wp\/v2\/types\/post"}],"author":[{"embeddable":true,"href":"https:\/\/apuntesdesanluis.com\/index.php\/wp-json\/wp\/v2\/users\/1"}],"replies":[{"embeddable":true,"href":"https:\/\/apuntesdesanluis.com\/index.php\/wp-json\/wp\/v2\/comments?post=20281"}],"version-history":[{"count":1,"href":"https:\/\/apuntesdesanluis.com\/index.php\/wp-json\/wp\/v2\/posts\/20281\/revisions"}],"predecessor-version":[{"id":20284,"href":"https:\/\/apuntesdesanluis.com\/index.php\/wp-json\/wp\/v2\/posts\/20281\/revisions\/20284"}],"wp:featuredmedia":[{"embeddable":true,"href":"https:\/\/apuntesdesanluis.com\/index.php\/wp-json\/wp\/v2\/media\/20282"}],"wp:attachment":[{"href":"https:\/\/apuntesdesanluis.com\/index.php\/wp-json\/wp\/v2\/media?parent=20281"}],"wp:term":[{"taxonomy":"category","embeddable":true,"href":"https:\/\/apuntesdesanluis.com\/index.php\/wp-json\/wp\/v2\/categories?post=20281"},{"taxonomy":"post_tag","embeddable":true,"href":"https:\/\/apuntesdesanluis.com\/index.php\/wp-json\/wp\/v2\/tags?post=20281"}],"curies":[{"name":"wp","href":"https:\/\/api.w.org\/{rel}","templated":true}]}}