{"id":203,"date":"2023-07-18T12:33:29","date_gmt":"2023-07-18T15:33:29","guid":{"rendered":"https:\/\/apuntesdesanluis.com\/?p=203"},"modified":"2023-07-18T12:33:29","modified_gmt":"2023-07-18T15:33:29","slug":"amia-la-democracia-se-eclipsa-con-29-anos-de-vergonzosa-impunidad","status":"publish","type":"post","link":"https:\/\/apuntesdesanluis.com\/index.php\/2023\/07\/18\/amia-la-democracia-se-eclipsa-con-29-anos-de-vergonzosa-impunidad\/","title":{"rendered":"AMIA: &#8220;LA DEMOCRACIA SE ECLIPSA CON 29 A\u00d1OS DE VERGONZOSA IMPUNIDAD&#8221;"},"content":{"rendered":"<h3>El presidente de la AMIA, <strong>Amos Linetzky<\/strong>, advirti\u00f3 que &#8220;la democracia se eclipsa con 29 a\u00f1os de vergonzosa impunidad, sin un solo responsable por el asesinato de 85 personas&#8221;, en la causa que investiga el atentado contra la mutual jud\u00eda.<\/h3>\n<h3>Al encabezar el acto por el aniversario n\u00famero 29 de la voladura del edificio de la AMIA, Linetzky remarc\u00f3 que &#8220;la sensaci\u00f3n de impotencia y desamparo, el dolor no es el mismo que aquel 18 de julio de 1994: la herida se agranda cada d\u00eda y se profundiza con cada d\u00eda sin justicia&#8221;.<\/h3>\n<h3>Adem\u00e1s, subray\u00f3 que en el expediente judicial se comprob\u00f3 y &#8220;no hay dudas de que el atentado fue planificado y organizado por Ir\u00e1n y ejecutado por la organizaci\u00f3n terrorista Hezbollah&#8221;.<\/h3>\n<h3>En ese sentido, se quej\u00f3 de que pese a las alertas rojas de Interpol, los acusados &#8220;se pasean impunemente por diferentes lugares del mundo&#8221;.<\/h3>\n<h3>El titular de la Asociaci\u00f3n Mutual Israelita Argentina critic\u00f3 al Gobierno por no haber actuado en 2022 cuando &#8220;Qatar recibi\u00f3 con honores a uno de los sospechosos de haber participado en la planificaci\u00f3n del atentado&#8221;, en el marco de los preparativos para el Mundial de F\u00fatbol.<\/h3>\n<h3>&#8220;La atenci\u00f3n del mundo puesta en el pa\u00eds asi\u00e1tico, millones de personas observando como Qatar se burl\u00f3 de la Justicia argentina y de cada uno de nosotros, recibiendo con honores a un sospechoso de haber cometido un crimen de lesa humanidad en nuestro territorio. \u00bfLas autoridades argentinas no se enteraron? \u00bfPor qu\u00e9 nos enteramos nosotros antes que ellos? \u00bfPor qu\u00e9 no reaccionan a tiempo? Si es cierto que les importa la causa AMIA, \u00bfpor qu\u00e9 no se present\u00f3 una queja formal y se acudi\u00f3 a todos los foros internacionales posibles para castigar a Qatar por su falta de cooperaci\u00f3n?&#8221;, plante\u00f3.<\/h3>\n<h3>Tras reclamar que los pa\u00edses democr\u00e1ticos del mundo deben &#8220;maximizar sus esfuerzos en el combate contra el terrorismo, contra sus aliados y financiadores&#8221;, subray\u00f3 que &#8220;debe profundizarse la colaboraci\u00f3n internacional para minimizar la capacidad de acci\u00f3n de estas organizaciones&#8221;.<\/h3>\n<p><img fetchpriority=\"high\" decoding=\"async\" class=\"wp-image-205 aligncenter\" src=\"https:\/\/apuntesdesanluis.com\/wp-content\/uploads\/2023\/07\/AMOS-300x261.png\" alt=\"\" width=\"555\" height=\"483\" srcset=\"https:\/\/apuntesdesanluis.com\/wp-content\/uploads\/2023\/07\/AMOS-300x261.png 300w, https:\/\/apuntesdesanluis.com\/wp-content\/uploads\/2023\/07\/AMOS.png 525w\" sizes=\"(max-width: 555px) 100vw, 555px\" \/><\/p>\n<h3>Linetzky tambi\u00e9n apunt\u00f3 contra los integrantes de la UFI AMIA, Sebasti\u00e1n Lorenzo Basso y Julio Gonzalo Miranda: &#8220;\u00bfHace cu\u00e1nto tiempo que la Fiscal\u00eda especial no muestra avances reales y concretos en la investigaci\u00f3n? \u00bfAlguna informaci\u00f3n nueva y sustanciosa que ayude a esclarecer de manera definitiva el atentado?&#8221;.<\/h3>\n<h3>Al respecto, critic\u00f3 que previo a cada aniversario &#8220;surjan ciertos movimientos en la causa totalmente superficiales, que disfrazan de novedad temas que no aportan nada&#8221;.<\/h3>\n<h3>Para el presidente de la AMIA, esas acciones ponen &#8220;en evidencia la impotencia y la incapacidad para profundizar de manera efectiva y seria la investigaci\u00f3n del atentado&#8221;.<\/h3>\n<h3>&#8220;Es inaceptable que todav\u00eda reine la incertidumbre en tantos puntos cruciales. Es inaceptable que la causa AMIA est\u00e9 a cargo de una Fiscal\u00eda que no investiga y de un Juzgado sin juez titular&#8221;, reproch\u00f3 el referente de la comunidad jud\u00eda.<\/h3>\n<h3>En su discurso, frente a la sede de Pasteur 833, Linetzky reclam\u00f3 que haya &#8220;avances en materia jur\u00eddica que garanticen investigaciones efectivas cuando se trata de luchar contra el terrorismo&#8221;.<\/h3>\n<h3>&#8220;Estamos transitando un a\u00f1o de campa\u00f1as electorales. Consideramos absolutamente necesario que los candidatos incluyan en sus plataformas, y le expliquen a la sociedad, cu\u00e1les son sus propuestas para garantizar que estos cr\u00edmenes no vuelvan a suceder en nuestro territorio, para garantizar que las investigaciones judiciales puedan realizarse de manera efectiva&#8221;, expuso.<\/h3>\n<h3>Linetzky tambi\u00e9n denunci\u00f3 que &#8220;Hezbollah sigue operando y creciendo en la zona de la Triple Frontera&#8221; y agreg\u00f3. &#8220;Sus contactos con grupos criminales brasileros y sus intentos de penetrar el territorio argentino en la Provincia de Misiones deben ser una preocupaci\u00f3n para las autoridades nacionales y de nuestros pa\u00edses vecinos. Hezbollah no es una amenaza del pasado&#8221;.<\/h3>\n<h3>Como cierre, el presidente de la AMIA manifest\u00f3: &#8220;No debemos bajar los brazos, ni dejarnos vencer por la desolaci\u00f3n. Nuestros sabios nos ense\u00f1an que es justamente en los momentos de mayor oscuridad cuando aparece una luz de esperanza. En los momentos de desesperaci\u00f3n y desolaci\u00f3n, donde todo parece perdido, resurgir\u00e1, si Dios quiere, con fuerza reparadora la esperanza de paz y respeto mutuo&#8221;.<\/h3>\n","protected":false},"excerpt":{"rendered":"<p>El presidente de la AMIA, Amos Linetzky, advirti\u00f3 que &#8220;la democracia se eclipsa con 29&#8230;<\/p>\n","protected":false},"author":1,"featured_media":204,"comment_status":"closed","ping_status":"closed","sticky":false,"template":"","format":"standard","meta":{"footnotes":""},"categories":[5],"tags":[],"class_list":["post-203","post","type-post","status-publish","format-standard","has-post-thumbnail","hentry","category-nacionales-internacionales"],"yoast_head":"<!-- This site is optimized with the Yoast SEO plugin v26.1.1 - https:\/\/yoast.com\/wordpress\/plugins\/seo\/ -->\n<title>AMIA: &quot;LA DEMOCRACIA SE ECLIPSA CON 29 A\u00d1OS DE VERGONZOSA IMPUNIDAD&quot; - Apuntes de San Luis<\/title>\n<meta name=\"robots\" content=\"index, follow, max-snippet:-1, max-image-preview:large, max-video-preview:-1\" \/>\n<link rel=\"canonical\" href=\"https:\/\/apuntesdesanluis.com\/index.php\/2023\/07\/18\/amia-la-democracia-se-eclipsa-con-29-anos-de-vergonzosa-impunidad\/\" \/>\n<meta property=\"og:locale\" content=\"es_ES\" \/>\n<meta property=\"og:type\" content=\"article\" \/>\n<meta property=\"og:title\" content=\"AMIA: &quot;LA DEMOCRACIA SE ECLIPSA CON 29 A\u00d1OS DE VERGONZOSA IMPUNIDAD&quot; - Apuntes de San Luis\" \/>\n<meta property=\"og:description\" content=\"El presidente de la AMIA, Amos Linetzky, advirti\u00f3 que &#8220;la democracia se eclipsa con 29...\" \/>\n<meta property=\"og:url\" content=\"https:\/\/apuntesdesanluis.com\/index.php\/2023\/07\/18\/amia-la-democracia-se-eclipsa-con-29-anos-de-vergonzosa-impunidad\/\" \/>\n<meta property=\"og:site_name\" content=\"Apuntes de San Luis\" \/>\n<meta property=\"article:published_time\" content=\"2023-07-18T15:33:29+00:00\" \/>\n<meta property=\"og:image\" content=\"https:\/\/apuntesdesanluis.com\/wp-content\/uploads\/2023\/07\/AMIA.png\" \/>\n\t<meta property=\"og:image:width\" content=\"849\" \/>\n\t<meta property=\"og:image:height\" content=\"482\" \/>\n\t<meta property=\"og:image:type\" content=\"image\/png\" \/>\n<meta name=\"author\" content=\"apuntesdesanluis.com\" \/>\n<meta name=\"twitter:card\" content=\"summary_large_image\" \/>\n<meta name=\"twitter:label1\" content=\"Escrito por\" \/>\n\t<meta name=\"twitter:data1\" content=\"apuntesdesanluis.com\" \/>\n\t<meta name=\"twitter:label2\" content=\"Tiempo de lectura\" \/>\n\t<meta name=\"twitter:data2\" content=\"4 minutos\" \/>\n<script type=\"application\/ld+json\" class=\"yoast-schema-graph\">{\"@context\":\"https:\/\/schema.org\",\"@graph\":[{\"@type\":\"Article\",\"@id\":\"https:\/\/apuntesdesanluis.com\/index.php\/2023\/07\/18\/amia-la-democracia-se-eclipsa-con-29-anos-de-vergonzosa-impunidad\/#article\",\"isPartOf\":{\"@id\":\"https:\/\/apuntesdesanluis.com\/index.php\/2023\/07\/18\/amia-la-democracia-se-eclipsa-con-29-anos-de-vergonzosa-impunidad\/\"},\"author\":{\"name\":\"apuntesdesanluis.com\",\"@id\":\"https:\/\/apuntesdesanluis.com\/#\/schema\/person\/b55151d52296fcce64d1a72538a70b90\"},\"headline\":\"AMIA: &#8220;LA DEMOCRACIA SE ECLIPSA CON 29 A\u00d1OS DE VERGONZOSA IMPUNIDAD&#8221;\",\"datePublished\":\"2023-07-18T15:33:29+00:00\",\"mainEntityOfPage\":{\"@id\":\"https:\/\/apuntesdesanluis.com\/index.php\/2023\/07\/18\/amia-la-democracia-se-eclipsa-con-29-anos-de-vergonzosa-impunidad\/\"},\"wordCount\":718,\"publisher\":{\"@id\":\"https:\/\/apuntesdesanluis.com\/#\/schema\/person\/b55151d52296fcce64d1a72538a70b90\"},\"image\":{\"@id\":\"https:\/\/apuntesdesanluis.com\/index.php\/2023\/07\/18\/amia-la-democracia-se-eclipsa-con-29-anos-de-vergonzosa-impunidad\/#primaryimage\"},\"thumbnailUrl\":\"https:\/\/apuntesdesanluis.com\/wp-content\/uploads\/2023\/07\/AMIA.png\",\"articleSection\":[\"Nacionales\/Internacionales\"],\"inLanguage\":\"es-AR\"},{\"@type\":\"WebPage\",\"@id\":\"https:\/\/apuntesdesanluis.com\/index.php\/2023\/07\/18\/amia-la-democracia-se-eclipsa-con-29-anos-de-vergonzosa-impunidad\/\",\"url\":\"https:\/\/apuntesdesanluis.com\/index.php\/2023\/07\/18\/amia-la-democracia-se-eclipsa-con-29-anos-de-vergonzosa-impunidad\/\",\"name\":\"AMIA: \\\"LA DEMOCRACIA SE ECLIPSA CON 29 A\u00d1OS DE VERGONZOSA IMPUNIDAD\\\" - Apuntes de San Luis\",\"isPartOf\":{\"@id\":\"https:\/\/apuntesdesanluis.com\/#website\"},\"primaryImageOfPage\":{\"@id\":\"https:\/\/apuntesdesanluis.com\/index.php\/2023\/07\/18\/amia-la-democracia-se-eclipsa-con-29-anos-de-vergonzosa-impunidad\/#primaryimage\"},\"image\":{\"@id\":\"https:\/\/apuntesdesanluis.com\/index.php\/2023\/07\/18\/amia-la-democracia-se-eclipsa-con-29-anos-de-vergonzosa-impunidad\/#primaryimage\"},\"thumbnailUrl\":\"https:\/\/apuntesdesanluis.com\/wp-content\/uploads\/2023\/07\/AMIA.png\",\"datePublished\":\"2023-07-18T15:33:29+00:00\",\"breadcrumb\":{\"@id\":\"https:\/\/apuntesdesanluis.com\/index.php\/2023\/07\/18\/amia-la-democracia-se-eclipsa-con-29-anos-de-vergonzosa-impunidad\/#breadcrumb\"},\"inLanguage\":\"es-AR\",\"potentialAction\":[{\"@type\":\"ReadAction\",\"target\":[\"https:\/\/apuntesdesanluis.com\/index.php\/2023\/07\/18\/amia-la-democracia-se-eclipsa-con-29-anos-de-vergonzosa-impunidad\/\"]}]},{\"@type\":\"ImageObject\",\"inLanguage\":\"es-AR\",\"@id\":\"https:\/\/apuntesdesanluis.com\/index.php\/2023\/07\/18\/amia-la-democracia-se-eclipsa-con-29-anos-de-vergonzosa-impunidad\/#primaryimage\",\"url\":\"https:\/\/apuntesdesanluis.com\/wp-content\/uploads\/2023\/07\/AMIA.png\",\"contentUrl\":\"https:\/\/apuntesdesanluis.com\/wp-content\/uploads\/2023\/07\/AMIA.png\",\"width\":849,\"height\":482},{\"@type\":\"BreadcrumbList\",\"@id\":\"https:\/\/apuntesdesanluis.com\/index.php\/2023\/07\/18\/amia-la-democracia-se-eclipsa-con-29-anos-de-vergonzosa-impunidad\/#breadcrumb\",\"itemListElement\":[{\"@type\":\"ListItem\",\"position\":1,\"name\":\"Inicio\",\"item\":\"https:\/\/apuntesdesanluis.com\/\"},{\"@type\":\"ListItem\",\"position\":2,\"name\":\"AMIA: &#8220;LA DEMOCRACIA SE ECLIPSA CON 29 A\u00d1OS DE VERGONZOSA IMPUNIDAD&#8221;\"}]},{\"@type\":\"WebSite\",\"@id\":\"https:\/\/apuntesdesanluis.com\/#website\",\"url\":\"https:\/\/apuntesdesanluis.com\/\",\"name\":\"Apuntes de San Luis\",\"description\":\"\",\"publisher\":{\"@id\":\"https:\/\/apuntesdesanluis.com\/#\/schema\/person\/b55151d52296fcce64d1a72538a70b90\"},\"potentialAction\":[{\"@type\":\"SearchAction\",\"target\":{\"@type\":\"EntryPoint\",\"urlTemplate\":\"https:\/\/apuntesdesanluis.com\/?s={search_term_string}\"},\"query-input\":{\"@type\":\"PropertyValueSpecification\",\"valueRequired\":true,\"valueName\":\"search_term_string\"}}],\"inLanguage\":\"es-AR\"},{\"@type\":[\"Person\",\"Organization\"],\"@id\":\"https:\/\/apuntesdesanluis.com\/#\/schema\/person\/b55151d52296fcce64d1a72538a70b90\",\"name\":\"apuntesdesanluis.com\",\"image\":{\"@type\":\"ImageObject\",\"inLanguage\":\"es-AR\",\"@id\":\"https:\/\/apuntesdesanluis.com\/#\/schema\/person\/image\/\",\"url\":\"https:\/\/apuntesdesanluis.com\/wp-content\/uploads\/2023\/07\/cropped-apuntesdesanluis.png\",\"contentUrl\":\"https:\/\/apuntesdesanluis.com\/wp-content\/uploads\/2023\/07\/cropped-apuntesdesanluis.png\",\"width\":450,\"height\":112,\"caption\":\"apuntesdesanluis.com\"},\"logo\":{\"@id\":\"https:\/\/apuntesdesanluis.com\/#\/schema\/person\/image\/\"},\"sameAs\":[\"https:\/\/apuntesdesanluis.com\"],\"url\":\"https:\/\/apuntesdesanluis.com\/index.php\/author\/apuntesdesanluis-com\/\"}]}<\/script>\n<!-- \/ Yoast SEO plugin. -->","yoast_head_json":{"title":"AMIA: \"LA DEMOCRACIA SE ECLIPSA CON 29 A\u00d1OS DE VERGONZOSA IMPUNIDAD\" - Apuntes de San Luis","robots":{"index":"index","follow":"follow","max-snippet":"max-snippet:-1","max-image-preview":"max-image-preview:large","max-video-preview":"max-video-preview:-1"},"canonical":"https:\/\/apuntesdesanluis.com\/index.php\/2023\/07\/18\/amia-la-democracia-se-eclipsa-con-29-anos-de-vergonzosa-impunidad\/","og_locale":"es_ES","og_type":"article","og_title":"AMIA: \"LA DEMOCRACIA SE ECLIPSA CON 29 A\u00d1OS DE VERGONZOSA IMPUNIDAD\" - Apuntes de San Luis","og_description":"El presidente de la AMIA, Amos Linetzky, advirti\u00f3 que &#8220;la democracia se eclipsa con 29...","og_url":"https:\/\/apuntesdesanluis.com\/index.php\/2023\/07\/18\/amia-la-democracia-se-eclipsa-con-29-anos-de-vergonzosa-impunidad\/","og_site_name":"Apuntes de San Luis","article_published_time":"2023-07-18T15:33:29+00:00","og_image":[{"width":849,"height":482,"url":"https:\/\/apuntesdesanluis.com\/wp-content\/uploads\/2023\/07\/AMIA.png","type":"image\/png"}],"author":"apuntesdesanluis.com","twitter_card":"summary_large_image","twitter_misc":{"Escrito por":"apuntesdesanluis.com","Tiempo de lectura":"4 minutos"},"schema":{"@context":"https:\/\/schema.org","@graph":[{"@type":"Article","@id":"https:\/\/apuntesdesanluis.com\/index.php\/2023\/07\/18\/amia-la-democracia-se-eclipsa-con-29-anos-de-vergonzosa-impunidad\/#article","isPartOf":{"@id":"https:\/\/apuntesdesanluis.com\/index.php\/2023\/07\/18\/amia-la-democracia-se-eclipsa-con-29-anos-de-vergonzosa-impunidad\/"},"author":{"name":"apuntesdesanluis.com","@id":"https:\/\/apuntesdesanluis.com\/#\/schema\/person\/b55151d52296fcce64d1a72538a70b90"},"headline":"AMIA: &#8220;LA DEMOCRACIA SE ECLIPSA CON 29 A\u00d1OS DE VERGONZOSA IMPUNIDAD&#8221;","datePublished":"2023-07-18T15:33:29+00:00","mainEntityOfPage":{"@id":"https:\/\/apuntesdesanluis.com\/index.php\/2023\/07\/18\/amia-la-democracia-se-eclipsa-con-29-anos-de-vergonzosa-impunidad\/"},"wordCount":718,"publisher":{"@id":"https:\/\/apuntesdesanluis.com\/#\/schema\/person\/b55151d52296fcce64d1a72538a70b90"},"image":{"@id":"https:\/\/apuntesdesanluis.com\/index.php\/2023\/07\/18\/amia-la-democracia-se-eclipsa-con-29-anos-de-vergonzosa-impunidad\/#primaryimage"},"thumbnailUrl":"https:\/\/apuntesdesanluis.com\/wp-content\/uploads\/2023\/07\/AMIA.png","articleSection":["Nacionales\/Internacionales"],"inLanguage":"es-AR"},{"@type":"WebPage","@id":"https:\/\/apuntesdesanluis.com\/index.php\/2023\/07\/18\/amia-la-democracia-se-eclipsa-con-29-anos-de-vergonzosa-impunidad\/","url":"https:\/\/apuntesdesanluis.com\/index.php\/2023\/07\/18\/amia-la-democracia-se-eclipsa-con-29-anos-de-vergonzosa-impunidad\/","name":"AMIA: \"LA DEMOCRACIA SE ECLIPSA CON 29 A\u00d1OS DE VERGONZOSA IMPUNIDAD\" - Apuntes de San Luis","isPartOf":{"@id":"https:\/\/apuntesdesanluis.com\/#website"},"primaryImageOfPage":{"@id":"https:\/\/apuntesdesanluis.com\/index.php\/2023\/07\/18\/amia-la-democracia-se-eclipsa-con-29-anos-de-vergonzosa-impunidad\/#primaryimage"},"image":{"@id":"https:\/\/apuntesdesanluis.com\/index.php\/2023\/07\/18\/amia-la-democracia-se-eclipsa-con-29-anos-de-vergonzosa-impunidad\/#primaryimage"},"thumbnailUrl":"https:\/\/apuntesdesanluis.com\/wp-content\/uploads\/2023\/07\/AMIA.png","datePublished":"2023-07-18T15:33:29+00:00","breadcrumb":{"@id":"https:\/\/apuntesdesanluis.com\/index.php\/2023\/07\/18\/amia-la-democracia-se-eclipsa-con-29-anos-de-vergonzosa-impunidad\/#breadcrumb"},"inLanguage":"es-AR","potentialAction":[{"@type":"ReadAction","target":["https:\/\/apuntesdesanluis.com\/index.php\/2023\/07\/18\/amia-la-democracia-se-eclipsa-con-29-anos-de-vergonzosa-impunidad\/"]}]},{"@type":"ImageObject","inLanguage":"es-AR","@id":"https:\/\/apuntesdesanluis.com\/index.php\/2023\/07\/18\/amia-la-democracia-se-eclipsa-con-29-anos-de-vergonzosa-impunidad\/#primaryimage","url":"https:\/\/apuntesdesanluis.com\/wp-content\/uploads\/2023\/07\/AMIA.png","contentUrl":"https:\/\/apuntesdesanluis.com\/wp-content\/uploads\/2023\/07\/AMIA.png","width":849,"height":482},{"@type":"BreadcrumbList","@id":"https:\/\/apuntesdesanluis.com\/index.php\/2023\/07\/18\/amia-la-democracia-se-eclipsa-con-29-anos-de-vergonzosa-impunidad\/#breadcrumb","itemListElement":[{"@type":"ListItem","position":1,"name":"Inicio","item":"https:\/\/apuntesdesanluis.com\/"},{"@type":"ListItem","position":2,"name":"AMIA: &#8220;LA DEMOCRACIA SE ECLIPSA CON 29 A\u00d1OS DE VERGONZOSA IMPUNIDAD&#8221;"}]},{"@type":"WebSite","@id":"https:\/\/apuntesdesanluis.com\/#website","url":"https:\/\/apuntesdesanluis.com\/","name":"Apuntes de San Luis","description":"","publisher":{"@id":"https:\/\/apuntesdesanluis.com\/#\/schema\/person\/b55151d52296fcce64d1a72538a70b90"},"potentialAction":[{"@type":"SearchAction","target":{"@type":"EntryPoint","urlTemplate":"https:\/\/apuntesdesanluis.com\/?s={search_term_string}"},"query-input":{"@type":"PropertyValueSpecification","valueRequired":true,"valueName":"search_term_string"}}],"inLanguage":"es-AR"},{"@type":["Person","Organization"],"@id":"https:\/\/apuntesdesanluis.com\/#\/schema\/person\/b55151d52296fcce64d1a72538a70b90","name":"apuntesdesanluis.com","image":{"@type":"ImageObject","inLanguage":"es-AR","@id":"https:\/\/apuntesdesanluis.com\/#\/schema\/person\/image\/","url":"https:\/\/apuntesdesanluis.com\/wp-content\/uploads\/2023\/07\/cropped-apuntesdesanluis.png","contentUrl":"https:\/\/apuntesdesanluis.com\/wp-content\/uploads\/2023\/07\/cropped-apuntesdesanluis.png","width":450,"height":112,"caption":"apuntesdesanluis.com"},"logo":{"@id":"https:\/\/apuntesdesanluis.com\/#\/schema\/person\/image\/"},"sameAs":["https:\/\/apuntesdesanluis.com"],"url":"https:\/\/apuntesdesanluis.com\/index.php\/author\/apuntesdesanluis-com\/"}]}},"featured_image_urls":{"full":["https:\/\/apuntesdesanluis.com\/wp-content\/uploads\/2023\/07\/AMIA.png",849,482,false],"thumbnail":["https:\/\/apuntesdesanluis.com\/wp-content\/uploads\/2023\/07\/AMIA-150x150.png",150,150,true],"medium":["https:\/\/apuntesdesanluis.com\/wp-content\/uploads\/2023\/07\/AMIA-300x170.png",300,170,true],"medium_large":["https:\/\/apuntesdesanluis.com\/wp-content\/uploads\/2023\/07\/AMIA-768x436.png",640,363,true],"large":["https:\/\/apuntesdesanluis.com\/wp-content\/uploads\/2023\/07\/AMIA.png",640,363,false],"1536x1536":["https:\/\/apuntesdesanluis.com\/wp-content\/uploads\/2023\/07\/AMIA.png",849,482,false],"2048x2048":["https:\/\/apuntesdesanluis.com\/wp-content\/uploads\/2023\/07\/AMIA.png",849,482,false],"newsever-slider-full":["https:\/\/apuntesdesanluis.com\/wp-content\/uploads\/2023\/07\/AMIA.png",849,482,false],"newsever-featured":["https:\/\/apuntesdesanluis.com\/wp-content\/uploads\/2023\/07\/AMIA.png",849,482,false],"newsever-medium":["https:\/\/apuntesdesanluis.com\/wp-content\/uploads\/2023\/07\/AMIA-720x475.png",720,475,true]},"author_info":{"display_name":"apuntesdesanluis.com","author_link":"https:\/\/apuntesdesanluis.com\/index.php\/author\/apuntesdesanluis-com\/"},"category_info":"<a href=\"https:\/\/apuntesdesanluis.com\/index.php\/category\/nacionales-internacionales\/\" rel=\"category tag\">Nacionales\/Internacionales<\/a>","tag_info":"Nacionales\/Internacionales","comment_count":"0","_links":{"self":[{"href":"https:\/\/apuntesdesanluis.com\/index.php\/wp-json\/wp\/v2\/posts\/203","targetHints":{"allow":["GET"]}}],"collection":[{"href":"https:\/\/apuntesdesanluis.com\/index.php\/wp-json\/wp\/v2\/posts"}],"about":[{"href":"https:\/\/apuntesdesanluis.com\/index.php\/wp-json\/wp\/v2\/types\/post"}],"author":[{"embeddable":true,"href":"https:\/\/apuntesdesanluis.com\/index.php\/wp-json\/wp\/v2\/users\/1"}],"replies":[{"embeddable":true,"href":"https:\/\/apuntesdesanluis.com\/index.php\/wp-json\/wp\/v2\/comments?post=203"}],"version-history":[{"count":1,"href":"https:\/\/apuntesdesanluis.com\/index.php\/wp-json\/wp\/v2\/posts\/203\/revisions"}],"predecessor-version":[{"id":206,"href":"https:\/\/apuntesdesanluis.com\/index.php\/wp-json\/wp\/v2\/posts\/203\/revisions\/206"}],"wp:featuredmedia":[{"embeddable":true,"href":"https:\/\/apuntesdesanluis.com\/index.php\/wp-json\/wp\/v2\/media\/204"}],"wp:attachment":[{"href":"https:\/\/apuntesdesanluis.com\/index.php\/wp-json\/wp\/v2\/media?parent=203"}],"wp:term":[{"taxonomy":"category","embeddable":true,"href":"https:\/\/apuntesdesanluis.com\/index.php\/wp-json\/wp\/v2\/categories?post=203"},{"taxonomy":"post_tag","embeddable":true,"href":"https:\/\/apuntesdesanluis.com\/index.php\/wp-json\/wp\/v2\/tags?post=203"}],"curies":[{"name":"wp","href":"https:\/\/api.w.org\/{rel}","templated":true}]}}