{"id":2030,"date":"2023-08-23T21:11:44","date_gmt":"2023-08-24T00:11:44","guid":{"rendered":"https:\/\/apuntesdesanluis.com\/?p=2030"},"modified":"2023-08-23T21:11:44","modified_gmt":"2023-08-24T00:11:44","slug":"hallaron-sin-vida-a-un-vecino-de-villa-dolores-que-era-intensamente-buscado","status":"publish","type":"post","link":"https:\/\/apuntesdesanluis.com\/index.php\/2023\/08\/23\/hallaron-sin-vida-a-un-vecino-de-villa-dolores-que-era-intensamente-buscado\/","title":{"rendered":"HALLARON SIN VIDA A UN VECINO DE VILLA DOLORES QUE ERA INTENSAMENTE BUSCADO"},"content":{"rendered":"<h3 class=\"yiv7409174924ydp6329976emsonormal\" style=\"background: white;\"><span style=\"font-size: 14.0pt; font-family: 'Arial','sans-serif'; color: #1d2228;\"><strong>Andr\u00e9s Fabi\u00e1n Oviedo<\/strong>, de 32 a\u00f1os, fue visto por \u00faltima vez el pasado 12 de agosto. Su cuerpo fue encontrado a unos 1.500 metros del campo donde trabajaba. De acuerdo a las primeras evidencias, se tratar\u00eda de un suicidio.<\/span><\/h3>\n<h3 class=\"yiv7409174924ydp6329976emsonormal\" style=\"background: white;\"><span style=\"font-size: 14.0pt; font-family: 'Arial','sans-serif'; color: #1d2228;\">El Ministerio P\u00fablico Fiscal de la Tercera Circunscripci\u00f3n Judicial, informa el hallazgo sin vida del ciudadano Andr\u00e9s Fabi\u00e1n Oviedo, oriundo de la ciudad cordobesa de Villa Dolores.<\/span><\/h3>\n<h3 class=\"yiv7409174924ydp6329976emsonormal\" style=\"background: white;\"><span style=\"font-size: 14.0pt; font-family: 'Arial','sans-serif'; color: #1d2228;\">El hombre de 32 a\u00f1os, trabajaba desde julio pasado en un campo de Las Palomas, localidad del Departamento Jun\u00edn ubicada a escasos kil\u00f3metros del l\u00edmite con C\u00f3rdoba. All\u00ed permanec\u00eda durante 15 d\u00edas, retornando fin de semana de por medio a su domicilio en Villa Dolores, donde conviv\u00eda con su madre y uno de sus hermanos.<\/span><\/h3>\n<h3 class=\"yiv7409174924ydp6329976emsonormal\" style=\"background: white;\"><span style=\"font-size: 14.0pt; font-family: 'Arial','sans-serif'; color: #1d2228;\">El pasado 7 de agosto, antes de regresar a Las Palomas, Oviedo pas\u00f3 por la casa de una hermana mayor, acompa\u00f1ado por su jefe y un compa\u00f1ero de trabajo. A partir de ese d\u00eda, su familia no tuvo m\u00e1s contacto con \u00e9l. Tampoco pudieron comunicarse v\u00eda telef\u00f3nica, puesto que la l\u00ednea figuraba como fuera de servicio. Las \u00faltimas personas que estuvieron con Oviedo fueron sus compa\u00f1eros de trabajo, que lo vieron por \u00faltima vez el 12 de agosto al mediod\u00eda.<\/span><\/h3>\n<h3 class=\"yiv7409174924ydp6329976emsonormal\" style=\"background: white;\"><span style=\"font-size: 14.0pt; font-family: 'Arial','sans-serif'; color: #1d2228;\">La preocupaci\u00f3n de la familia creci\u00f3 cuando, tras dos semanas en el campo, Oviedo no volvi\u00f3 a la casa de su madre como era habitual. Por esa raz\u00f3n, el domingo 20 radicaron la denuncia para dar con su paradero.<\/span><\/h3>\n<h3 class=\"yiv7409174924ydp6329976emsonormal\" style=\"background: white;\"><span style=\"font-size: 14.0pt; font-family: 'Arial','sans-serif'; color: #1d2228;\">El operativo de b\u00fasqueda estuvo a cargo de las Fiscales D\u00e9bora Antonella Roy Gitto y Sandra Aguirre, en colaboraci\u00f3n con el Jefe de la Subcomisar\u00eda de Lafinur, Comisario Marcelo Arg\u00fcello; el Jefe del Destacamento N\u00b040 de Los Cajones, Comisario V\u00edctor Moreira; el Jefe de la Unidad Regional del Orden P\u00fablico N\u00b0III, Gustavo Ortiz; efectivos de la Divisi\u00f3n de Investigaciones; Divisi\u00f3n Criminal\u00edstica -que llevaron drones para el rastrillaje a\u00e9reo-; Divisi\u00f3n Canes de San Luis; personal de Bomberos; y Departamento de Delitos Complejos del Poder Judicial.<\/span><\/h3>\n<h3 class=\"yiv7409174924ydp6329976emsonormal\" style=\"background: white;\"><span style=\"font-size: 14.0pt; font-family: 'Arial','sans-serif'; color: #1d2228;\">Luego de numerosas entrevistas a testigos y dos intensos rastrillajes en el per\u00edmetro del campo donde se lo vio por \u00faltima vez, las autoridades encontraron el cuerpo de Oviedo a unos 1500 metros de ese lugar. El hallazgo se produzco este mi\u00e9rcoles a la ma\u00f1ana.<\/span><\/h3>\n<h3 class=\"yiv7409174924ydp6329976emsonormal\" style=\"background: white;\"><span style=\"font-size: 14.0pt; font-family: 'Arial','sans-serif'; color: #1d2228;\">De acuerdo a las primeras evidencias, el hombre de 32 a\u00f1os se habr\u00eda quitado la vida, ahorc\u00e1ndose con la remera que llevaba puesta el d\u00eda de su desaparici\u00f3n.<\/span><\/h3>\n<h3 class=\"yiv7409174924ydp6329976emsonormal\" style=\"background: white;\"><span style=\"font-size: 14.0pt; font-family: 'Arial','sans-serif'; color: #1d2228;\">Personal de Criminal\u00edstica trabaj\u00f3 en la zona, efectuando las pericias correspondientes y, en horas de la tarde, con la intervenci\u00f3n del Jefe de la Divisi\u00f3n de Homicidios de la UROP III, Claudio Ortiz, y el M\u00e9dico Forense Judicial, Dr. Walter Ju\u00e1rez; se procedi\u00f3 al traslado del cuerpo a la Morgue Judicial con asiento en Concar\u00e1n para efectuar la autopsia.<\/span><\/h3>\n<h3 class=\"yiv7409174924ydp6329976emsonormal\" style=\"background: white;\"><span style=\"font-size: 14.0pt; font-family: 'Arial','sans-serif'; color: #1d2228;\">Finalmente, la fiscal\u00eda inform\u00f3 que contin\u00faan con las tareas investigativas de rigor para el esclarecimiento del hecho.<\/span><\/h3>\n","protected":false},"excerpt":{"rendered":"<p>Andr\u00e9s Fabi\u00e1n Oviedo, de 32 a\u00f1os, fue visto por \u00faltima vez el pasado 12 de&#8230;<\/p>\n","protected":false},"author":1,"featured_media":2031,"comment_status":"closed","ping_status":"closed","sticky":false,"template":"","format":"standard","meta":{"footnotes":""},"categories":[6],"tags":[],"class_list":["post-2030","post","type-post","status-publish","format-standard","has-post-thumbnail","hentry","category-ciudad-provincia"],"yoast_head":"<!-- This site is optimized with the Yoast SEO plugin v26.1.1 - https:\/\/yoast.com\/wordpress\/plugins\/seo\/ -->\n<title>HALLARON SIN VIDA A UN VECINO DE VILLA DOLORES QUE ERA INTENSAMENTE BUSCADO - Apuntes de San Luis<\/title>\n<meta name=\"robots\" content=\"index, follow, max-snippet:-1, max-image-preview:large, max-video-preview:-1\" \/>\n<link rel=\"canonical\" href=\"https:\/\/apuntesdesanluis.com\/index.php\/2023\/08\/23\/hallaron-sin-vida-a-un-vecino-de-villa-dolores-que-era-intensamente-buscado\/\" \/>\n<meta property=\"og:locale\" content=\"es_ES\" \/>\n<meta property=\"og:type\" content=\"article\" \/>\n<meta property=\"og:title\" content=\"HALLARON SIN VIDA A UN VECINO DE VILLA DOLORES QUE ERA INTENSAMENTE BUSCADO - Apuntes de San Luis\" \/>\n<meta property=\"og:description\" content=\"Andr\u00e9s Fabi\u00e1n Oviedo, de 32 a\u00f1os, fue visto por \u00faltima vez el pasado 12 de...\" \/>\n<meta property=\"og:url\" content=\"https:\/\/apuntesdesanluis.com\/index.php\/2023\/08\/23\/hallaron-sin-vida-a-un-vecino-de-villa-dolores-que-era-intensamente-buscado\/\" \/>\n<meta property=\"og:site_name\" content=\"Apuntes de San Luis\" \/>\n<meta property=\"article:published_time\" content=\"2023-08-24T00:11:44+00:00\" \/>\n<meta property=\"og:image\" content=\"https:\/\/apuntesdesanluis.com\/wp-content\/uploads\/2023\/08\/VECINO-DE-LAS-PALOMAS.png\" \/>\n\t<meta property=\"og:image:width\" content=\"600\" \/>\n\t<meta property=\"og:image:height\" content=\"359\" \/>\n\t<meta property=\"og:image:type\" content=\"image\/png\" \/>\n<meta name=\"author\" content=\"apuntesdesanluis.com\" \/>\n<meta name=\"twitter:card\" content=\"summary_large_image\" \/>\n<meta name=\"twitter:label1\" content=\"Escrito por\" \/>\n\t<meta name=\"twitter:data1\" content=\"apuntesdesanluis.com\" \/>\n\t<meta name=\"twitter:label2\" content=\"Tiempo de lectura\" \/>\n\t<meta name=\"twitter:data2\" content=\"3 minutos\" \/>\n<script type=\"application\/ld+json\" class=\"yoast-schema-graph\">{\"@context\":\"https:\/\/schema.org\",\"@graph\":[{\"@type\":\"Article\",\"@id\":\"https:\/\/apuntesdesanluis.com\/index.php\/2023\/08\/23\/hallaron-sin-vida-a-un-vecino-de-villa-dolores-que-era-intensamente-buscado\/#article\",\"isPartOf\":{\"@id\":\"https:\/\/apuntesdesanluis.com\/index.php\/2023\/08\/23\/hallaron-sin-vida-a-un-vecino-de-villa-dolores-que-era-intensamente-buscado\/\"},\"author\":{\"name\":\"apuntesdesanluis.com\",\"@id\":\"https:\/\/apuntesdesanluis.com\/#\/schema\/person\/b55151d52296fcce64d1a72538a70b90\"},\"headline\":\"HALLARON SIN VIDA A UN VECINO DE VILLA DOLORES QUE ERA INTENSAMENTE BUSCADO\",\"datePublished\":\"2023-08-24T00:11:44+00:00\",\"mainEntityOfPage\":{\"@id\":\"https:\/\/apuntesdesanluis.com\/index.php\/2023\/08\/23\/hallaron-sin-vida-a-un-vecino-de-villa-dolores-que-era-intensamente-buscado\/\"},\"wordCount\":532,\"publisher\":{\"@id\":\"https:\/\/apuntesdesanluis.com\/#\/schema\/person\/b55151d52296fcce64d1a72538a70b90\"},\"image\":{\"@id\":\"https:\/\/apuntesdesanluis.com\/index.php\/2023\/08\/23\/hallaron-sin-vida-a-un-vecino-de-villa-dolores-que-era-intensamente-buscado\/#primaryimage\"},\"thumbnailUrl\":\"https:\/\/apuntesdesanluis.com\/wp-content\/uploads\/2023\/08\/VECINO-DE-LAS-PALOMAS.png\",\"articleSection\":[\"Ciudad\/Provincia\"],\"inLanguage\":\"es-AR\"},{\"@type\":\"WebPage\",\"@id\":\"https:\/\/apuntesdesanluis.com\/index.php\/2023\/08\/23\/hallaron-sin-vida-a-un-vecino-de-villa-dolores-que-era-intensamente-buscado\/\",\"url\":\"https:\/\/apuntesdesanluis.com\/index.php\/2023\/08\/23\/hallaron-sin-vida-a-un-vecino-de-villa-dolores-que-era-intensamente-buscado\/\",\"name\":\"HALLARON SIN VIDA A UN VECINO DE VILLA DOLORES QUE ERA INTENSAMENTE BUSCADO - Apuntes de San Luis\",\"isPartOf\":{\"@id\":\"https:\/\/apuntesdesanluis.com\/#website\"},\"primaryImageOfPage\":{\"@id\":\"https:\/\/apuntesdesanluis.com\/index.php\/2023\/08\/23\/hallaron-sin-vida-a-un-vecino-de-villa-dolores-que-era-intensamente-buscado\/#primaryimage\"},\"image\":{\"@id\":\"https:\/\/apuntesdesanluis.com\/index.php\/2023\/08\/23\/hallaron-sin-vida-a-un-vecino-de-villa-dolores-que-era-intensamente-buscado\/#primaryimage\"},\"thumbnailUrl\":\"https:\/\/apuntesdesanluis.com\/wp-content\/uploads\/2023\/08\/VECINO-DE-LAS-PALOMAS.png\",\"datePublished\":\"2023-08-24T00:11:44+00:00\",\"breadcrumb\":{\"@id\":\"https:\/\/apuntesdesanluis.com\/index.php\/2023\/08\/23\/hallaron-sin-vida-a-un-vecino-de-villa-dolores-que-era-intensamente-buscado\/#breadcrumb\"},\"inLanguage\":\"es-AR\",\"potentialAction\":[{\"@type\":\"ReadAction\",\"target\":[\"https:\/\/apuntesdesanluis.com\/index.php\/2023\/08\/23\/hallaron-sin-vida-a-un-vecino-de-villa-dolores-que-era-intensamente-buscado\/\"]}]},{\"@type\":\"ImageObject\",\"inLanguage\":\"es-AR\",\"@id\":\"https:\/\/apuntesdesanluis.com\/index.php\/2023\/08\/23\/hallaron-sin-vida-a-un-vecino-de-villa-dolores-que-era-intensamente-buscado\/#primaryimage\",\"url\":\"https:\/\/apuntesdesanluis.com\/wp-content\/uploads\/2023\/08\/VECINO-DE-LAS-PALOMAS.png\",\"contentUrl\":\"https:\/\/apuntesdesanluis.com\/wp-content\/uploads\/2023\/08\/VECINO-DE-LAS-PALOMAS.png\",\"width\":600,\"height\":359},{\"@type\":\"BreadcrumbList\",\"@id\":\"https:\/\/apuntesdesanluis.com\/index.php\/2023\/08\/23\/hallaron-sin-vida-a-un-vecino-de-villa-dolores-que-era-intensamente-buscado\/#breadcrumb\",\"itemListElement\":[{\"@type\":\"ListItem\",\"position\":1,\"name\":\"Inicio\",\"item\":\"https:\/\/apuntesdesanluis.com\/\"},{\"@type\":\"ListItem\",\"position\":2,\"name\":\"HALLARON SIN VIDA A UN VECINO DE VILLA DOLORES QUE ERA INTENSAMENTE BUSCADO\"}]},{\"@type\":\"WebSite\",\"@id\":\"https:\/\/apuntesdesanluis.com\/#website\",\"url\":\"https:\/\/apuntesdesanluis.com\/\",\"name\":\"Apuntes de San Luis\",\"description\":\"\",\"publisher\":{\"@id\":\"https:\/\/apuntesdesanluis.com\/#\/schema\/person\/b55151d52296fcce64d1a72538a70b90\"},\"potentialAction\":[{\"@type\":\"SearchAction\",\"target\":{\"@type\":\"EntryPoint\",\"urlTemplate\":\"https:\/\/apuntesdesanluis.com\/?s={search_term_string}\"},\"query-input\":{\"@type\":\"PropertyValueSpecification\",\"valueRequired\":true,\"valueName\":\"search_term_string\"}}],\"inLanguage\":\"es-AR\"},{\"@type\":[\"Person\",\"Organization\"],\"@id\":\"https:\/\/apuntesdesanluis.com\/#\/schema\/person\/b55151d52296fcce64d1a72538a70b90\",\"name\":\"apuntesdesanluis.com\",\"image\":{\"@type\":\"ImageObject\",\"inLanguage\":\"es-AR\",\"@id\":\"https:\/\/apuntesdesanluis.com\/#\/schema\/person\/image\/\",\"url\":\"https:\/\/apuntesdesanluis.com\/wp-content\/uploads\/2023\/07\/cropped-apuntesdesanluis.png\",\"contentUrl\":\"https:\/\/apuntesdesanluis.com\/wp-content\/uploads\/2023\/07\/cropped-apuntesdesanluis.png\",\"width\":450,\"height\":112,\"caption\":\"apuntesdesanluis.com\"},\"logo\":{\"@id\":\"https:\/\/apuntesdesanluis.com\/#\/schema\/person\/image\/\"},\"sameAs\":[\"https:\/\/apuntesdesanluis.com\"],\"url\":\"https:\/\/apuntesdesanluis.com\/index.php\/author\/apuntesdesanluis-com\/\"}]}<\/script>\n<!-- \/ Yoast SEO plugin. -->","yoast_head_json":{"title":"HALLARON SIN VIDA A UN VECINO DE VILLA DOLORES QUE ERA INTENSAMENTE BUSCADO - Apuntes de San Luis","robots":{"index":"index","follow":"follow","max-snippet":"max-snippet:-1","max-image-preview":"max-image-preview:large","max-video-preview":"max-video-preview:-1"},"canonical":"https:\/\/apuntesdesanluis.com\/index.php\/2023\/08\/23\/hallaron-sin-vida-a-un-vecino-de-villa-dolores-que-era-intensamente-buscado\/","og_locale":"es_ES","og_type":"article","og_title":"HALLARON SIN VIDA A UN VECINO DE VILLA DOLORES QUE ERA INTENSAMENTE BUSCADO - Apuntes de San Luis","og_description":"Andr\u00e9s Fabi\u00e1n Oviedo, de 32 a\u00f1os, fue visto por \u00faltima vez el pasado 12 de...","og_url":"https:\/\/apuntesdesanluis.com\/index.php\/2023\/08\/23\/hallaron-sin-vida-a-un-vecino-de-villa-dolores-que-era-intensamente-buscado\/","og_site_name":"Apuntes de San Luis","article_published_time":"2023-08-24T00:11:44+00:00","og_image":[{"width":600,"height":359,"url":"https:\/\/apuntesdesanluis.com\/wp-content\/uploads\/2023\/08\/VECINO-DE-LAS-PALOMAS.png","type":"image\/png"}],"author":"apuntesdesanluis.com","twitter_card":"summary_large_image","twitter_misc":{"Escrito por":"apuntesdesanluis.com","Tiempo de lectura":"3 minutos"},"schema":{"@context":"https:\/\/schema.org","@graph":[{"@type":"Article","@id":"https:\/\/apuntesdesanluis.com\/index.php\/2023\/08\/23\/hallaron-sin-vida-a-un-vecino-de-villa-dolores-que-era-intensamente-buscado\/#article","isPartOf":{"@id":"https:\/\/apuntesdesanluis.com\/index.php\/2023\/08\/23\/hallaron-sin-vida-a-un-vecino-de-villa-dolores-que-era-intensamente-buscado\/"},"author":{"name":"apuntesdesanluis.com","@id":"https:\/\/apuntesdesanluis.com\/#\/schema\/person\/b55151d52296fcce64d1a72538a70b90"},"headline":"HALLARON SIN VIDA A UN VECINO DE VILLA DOLORES QUE ERA INTENSAMENTE BUSCADO","datePublished":"2023-08-24T00:11:44+00:00","mainEntityOfPage":{"@id":"https:\/\/apuntesdesanluis.com\/index.php\/2023\/08\/23\/hallaron-sin-vida-a-un-vecino-de-villa-dolores-que-era-intensamente-buscado\/"},"wordCount":532,"publisher":{"@id":"https:\/\/apuntesdesanluis.com\/#\/schema\/person\/b55151d52296fcce64d1a72538a70b90"},"image":{"@id":"https:\/\/apuntesdesanluis.com\/index.php\/2023\/08\/23\/hallaron-sin-vida-a-un-vecino-de-villa-dolores-que-era-intensamente-buscado\/#primaryimage"},"thumbnailUrl":"https:\/\/apuntesdesanluis.com\/wp-content\/uploads\/2023\/08\/VECINO-DE-LAS-PALOMAS.png","articleSection":["Ciudad\/Provincia"],"inLanguage":"es-AR"},{"@type":"WebPage","@id":"https:\/\/apuntesdesanluis.com\/index.php\/2023\/08\/23\/hallaron-sin-vida-a-un-vecino-de-villa-dolores-que-era-intensamente-buscado\/","url":"https:\/\/apuntesdesanluis.com\/index.php\/2023\/08\/23\/hallaron-sin-vida-a-un-vecino-de-villa-dolores-que-era-intensamente-buscado\/","name":"HALLARON SIN VIDA A UN VECINO DE VILLA DOLORES QUE ERA INTENSAMENTE BUSCADO - Apuntes de San Luis","isPartOf":{"@id":"https:\/\/apuntesdesanluis.com\/#website"},"primaryImageOfPage":{"@id":"https:\/\/apuntesdesanluis.com\/index.php\/2023\/08\/23\/hallaron-sin-vida-a-un-vecino-de-villa-dolores-que-era-intensamente-buscado\/#primaryimage"},"image":{"@id":"https:\/\/apuntesdesanluis.com\/index.php\/2023\/08\/23\/hallaron-sin-vida-a-un-vecino-de-villa-dolores-que-era-intensamente-buscado\/#primaryimage"},"thumbnailUrl":"https:\/\/apuntesdesanluis.com\/wp-content\/uploads\/2023\/08\/VECINO-DE-LAS-PALOMAS.png","datePublished":"2023-08-24T00:11:44+00:00","breadcrumb":{"@id":"https:\/\/apuntesdesanluis.com\/index.php\/2023\/08\/23\/hallaron-sin-vida-a-un-vecino-de-villa-dolores-que-era-intensamente-buscado\/#breadcrumb"},"inLanguage":"es-AR","potentialAction":[{"@type":"ReadAction","target":["https:\/\/apuntesdesanluis.com\/index.php\/2023\/08\/23\/hallaron-sin-vida-a-un-vecino-de-villa-dolores-que-era-intensamente-buscado\/"]}]},{"@type":"ImageObject","inLanguage":"es-AR","@id":"https:\/\/apuntesdesanluis.com\/index.php\/2023\/08\/23\/hallaron-sin-vida-a-un-vecino-de-villa-dolores-que-era-intensamente-buscado\/#primaryimage","url":"https:\/\/apuntesdesanluis.com\/wp-content\/uploads\/2023\/08\/VECINO-DE-LAS-PALOMAS.png","contentUrl":"https:\/\/apuntesdesanluis.com\/wp-content\/uploads\/2023\/08\/VECINO-DE-LAS-PALOMAS.png","width":600,"height":359},{"@type":"BreadcrumbList","@id":"https:\/\/apuntesdesanluis.com\/index.php\/2023\/08\/23\/hallaron-sin-vida-a-un-vecino-de-villa-dolores-que-era-intensamente-buscado\/#breadcrumb","itemListElement":[{"@type":"ListItem","position":1,"name":"Inicio","item":"https:\/\/apuntesdesanluis.com\/"},{"@type":"ListItem","position":2,"name":"HALLARON SIN VIDA A UN VECINO DE VILLA DOLORES QUE ERA INTENSAMENTE BUSCADO"}]},{"@type":"WebSite","@id":"https:\/\/apuntesdesanluis.com\/#website","url":"https:\/\/apuntesdesanluis.com\/","name":"Apuntes de San Luis","description":"","publisher":{"@id":"https:\/\/apuntesdesanluis.com\/#\/schema\/person\/b55151d52296fcce64d1a72538a70b90"},"potentialAction":[{"@type":"SearchAction","target":{"@type":"EntryPoint","urlTemplate":"https:\/\/apuntesdesanluis.com\/?s={search_term_string}"},"query-input":{"@type":"PropertyValueSpecification","valueRequired":true,"valueName":"search_term_string"}}],"inLanguage":"es-AR"},{"@type":["Person","Organization"],"@id":"https:\/\/apuntesdesanluis.com\/#\/schema\/person\/b55151d52296fcce64d1a72538a70b90","name":"apuntesdesanluis.com","image":{"@type":"ImageObject","inLanguage":"es-AR","@id":"https:\/\/apuntesdesanluis.com\/#\/schema\/person\/image\/","url":"https:\/\/apuntesdesanluis.com\/wp-content\/uploads\/2023\/07\/cropped-apuntesdesanluis.png","contentUrl":"https:\/\/apuntesdesanluis.com\/wp-content\/uploads\/2023\/07\/cropped-apuntesdesanluis.png","width":450,"height":112,"caption":"apuntesdesanluis.com"},"logo":{"@id":"https:\/\/apuntesdesanluis.com\/#\/schema\/person\/image\/"},"sameAs":["https:\/\/apuntesdesanluis.com"],"url":"https:\/\/apuntesdesanluis.com\/index.php\/author\/apuntesdesanluis-com\/"}]}},"featured_image_urls":{"full":["https:\/\/apuntesdesanluis.com\/wp-content\/uploads\/2023\/08\/VECINO-DE-LAS-PALOMAS.png",600,359,false],"thumbnail":["https:\/\/apuntesdesanluis.com\/wp-content\/uploads\/2023\/08\/VECINO-DE-LAS-PALOMAS-150x150.png",150,150,true],"medium":["https:\/\/apuntesdesanluis.com\/wp-content\/uploads\/2023\/08\/VECINO-DE-LAS-PALOMAS-300x180.png",300,180,true],"medium_large":["https:\/\/apuntesdesanluis.com\/wp-content\/uploads\/2023\/08\/VECINO-DE-LAS-PALOMAS.png",600,359,false],"large":["https:\/\/apuntesdesanluis.com\/wp-content\/uploads\/2023\/08\/VECINO-DE-LAS-PALOMAS.png",600,359,false],"1536x1536":["https:\/\/apuntesdesanluis.com\/wp-content\/uploads\/2023\/08\/VECINO-DE-LAS-PALOMAS.png",600,359,false],"2048x2048":["https:\/\/apuntesdesanluis.com\/wp-content\/uploads\/2023\/08\/VECINO-DE-LAS-PALOMAS.png",600,359,false],"newsever-slider-full":["https:\/\/apuntesdesanluis.com\/wp-content\/uploads\/2023\/08\/VECINO-DE-LAS-PALOMAS.png",600,359,false],"newsever-featured":["https:\/\/apuntesdesanluis.com\/wp-content\/uploads\/2023\/08\/VECINO-DE-LAS-PALOMAS.png",600,359,false],"newsever-medium":["https:\/\/apuntesdesanluis.com\/wp-content\/uploads\/2023\/08\/VECINO-DE-LAS-PALOMAS.png",600,359,false]},"author_info":{"display_name":"apuntesdesanluis.com","author_link":"https:\/\/apuntesdesanluis.com\/index.php\/author\/apuntesdesanluis-com\/"},"category_info":"<a href=\"https:\/\/apuntesdesanluis.com\/index.php\/category\/ciudad-provincia\/\" rel=\"category tag\">Ciudad\/Provincia<\/a>","tag_info":"Ciudad\/Provincia","comment_count":"0","_links":{"self":[{"href":"https:\/\/apuntesdesanluis.com\/index.php\/wp-json\/wp\/v2\/posts\/2030","targetHints":{"allow":["GET"]}}],"collection":[{"href":"https:\/\/apuntesdesanluis.com\/index.php\/wp-json\/wp\/v2\/posts"}],"about":[{"href":"https:\/\/apuntesdesanluis.com\/index.php\/wp-json\/wp\/v2\/types\/post"}],"author":[{"embeddable":true,"href":"https:\/\/apuntesdesanluis.com\/index.php\/wp-json\/wp\/v2\/users\/1"}],"replies":[{"embeddable":true,"href":"https:\/\/apuntesdesanluis.com\/index.php\/wp-json\/wp\/v2\/comments?post=2030"}],"version-history":[{"count":1,"href":"https:\/\/apuntesdesanluis.com\/index.php\/wp-json\/wp\/v2\/posts\/2030\/revisions"}],"predecessor-version":[{"id":2032,"href":"https:\/\/apuntesdesanluis.com\/index.php\/wp-json\/wp\/v2\/posts\/2030\/revisions\/2032"}],"wp:featuredmedia":[{"embeddable":true,"href":"https:\/\/apuntesdesanluis.com\/index.php\/wp-json\/wp\/v2\/media\/2031"}],"wp:attachment":[{"href":"https:\/\/apuntesdesanluis.com\/index.php\/wp-json\/wp\/v2\/media?parent=2030"}],"wp:term":[{"taxonomy":"category","embeddable":true,"href":"https:\/\/apuntesdesanluis.com\/index.php\/wp-json\/wp\/v2\/categories?post=2030"},{"taxonomy":"post_tag","embeddable":true,"href":"https:\/\/apuntesdesanluis.com\/index.php\/wp-json\/wp\/v2\/tags?post=2030"}],"curies":[{"name":"wp","href":"https:\/\/api.w.org\/{rel}","templated":true}]}}