{"id":20311,"date":"2024-08-04T18:30:21","date_gmt":"2024-08-04T21:30:21","guid":{"rendered":"https:\/\/apuntesdesanluis.com\/?p=20311"},"modified":"2024-08-04T18:30:21","modified_gmt":"2024-08-04T21:30:21","slug":"la-policia-recupero-un-vehiculo-de-alta-gama-con-pedido-de-secuestro","status":"publish","type":"post","link":"https:\/\/apuntesdesanluis.com\/index.php\/2024\/08\/04\/la-policia-recupero-un-vehiculo-de-alta-gama-con-pedido-de-secuestro\/","title":{"rendered":"LA POLIC\u00cdA RECUPER\u00d3 UN VEH\u00cdCULO DE ALTA GAMA CON PEDIDO DE SECUESTRO"},"content":{"rendered":"<h3>Efectivos del Departamento de Investigaciones San Luis llevaron a cabo un procedimiento eL s\u00e1bado en la ciudad capital, mediante el cual secuestraron un autom\u00f3vil.<\/h3>\n<h3>Mientras realizaban tareas operativas, los polic\u00edas observaron un veh\u00edculo BMW X5 estacionado en la puerta de un taller en calle La Merced al 2400.<\/h3>\n<h3>En el lugar se entrevistaron con el propietario del taller, quien manifest\u00f3 que un individuo hab\u00eda dejado el veh\u00edculo tres meses atr\u00e1s, para que se le realice un arreglo mec\u00e1nico.<\/h3>\n<h3>Tras una consulta sobre el estadio de dominio, el mismo arroj\u00f3 que ten\u00eda pedido de secuestro por parte de la Polic\u00eda de C\u00f3rdoba, espec\u00edficamente de la zona de Santa Rosa de Calamuchita.<\/h3>\n<h3>Por tal motivo, los efectivos del Departamento de Investigaciones San Luis secuestraron el veh\u00edculo, el cual fue trasladado a la dependencia policial.<\/h3>\n<h3>Tom\u00f3 intervenci\u00f3n la Unidad de Abordaje Fiscal de la Primera Circunscripci\u00f3n Judicial, a cargo de la Dra. Alejandra Quiroga Nassivera, y la causa est\u00e1 caratulada preventivamente como \u201cAveriguaci\u00f3n procedencia de rodado\u201d.<\/h3>\n<p>&nbsp;<\/p>\n<p>&nbsp;<\/p>\n<p>&nbsp;<\/p>\n<p>&nbsp;<\/p>\n<p>&nbsp;<\/p>\n<p>&nbsp;<\/p>\n","protected":false},"excerpt":{"rendered":"<p>Efectivos del Departamento de Investigaciones San Luis llevaron a cabo un procedimiento eL s\u00e1bado en&#8230;<\/p>\n","protected":false},"author":1,"featured_media":20312,"comment_status":"closed","ping_status":"closed","sticky":false,"template":"","format":"standard","meta":{"footnotes":""},"categories":[6],"tags":[],"class_list":["post-20311","post","type-post","status-publish","format-standard","has-post-thumbnail","hentry","category-ciudad-provincia"],"yoast_head":"<!-- This site is optimized with the Yoast SEO plugin v26.1.1 - https:\/\/yoast.com\/wordpress\/plugins\/seo\/ -->\n<title>LA POLIC\u00cdA RECUPER\u00d3 UN VEH\u00cdCULO DE ALTA GAMA CON PEDIDO DE SECUESTRO - Apuntes de San Luis<\/title>\n<meta name=\"robots\" content=\"index, follow, max-snippet:-1, max-image-preview:large, max-video-preview:-1\" \/>\n<link rel=\"canonical\" href=\"https:\/\/apuntesdesanluis.com\/index.php\/2024\/08\/04\/la-policia-recupero-un-vehiculo-de-alta-gama-con-pedido-de-secuestro\/\" \/>\n<meta property=\"og:locale\" content=\"es_ES\" \/>\n<meta property=\"og:type\" content=\"article\" \/>\n<meta property=\"og:title\" content=\"LA POLIC\u00cdA RECUPER\u00d3 UN VEH\u00cdCULO DE ALTA GAMA CON PEDIDO DE SECUESTRO - Apuntes de San Luis\" \/>\n<meta property=\"og:description\" content=\"Efectivos del Departamento de Investigaciones San Luis llevaron a cabo un procedimiento eL s\u00e1bado en...\" \/>\n<meta property=\"og:url\" content=\"https:\/\/apuntesdesanluis.com\/index.php\/2024\/08\/04\/la-policia-recupero-un-vehiculo-de-alta-gama-con-pedido-de-secuestro\/\" \/>\n<meta property=\"og:site_name\" content=\"Apuntes de San Luis\" \/>\n<meta property=\"article:published_time\" content=\"2024-08-04T21:30:21+00:00\" \/>\n<meta property=\"og:image\" content=\"https:\/\/apuntesdesanluis.com\/wp-content\/uploads\/2024\/08\/AUTO-BMW.jpg\" \/>\n\t<meta property=\"og:image:width\" content=\"582\" \/>\n\t<meta property=\"og:image:height\" content=\"361\" \/>\n\t<meta property=\"og:image:type\" content=\"image\/jpeg\" \/>\n<meta name=\"author\" content=\"apuntesdesanluis.com\" \/>\n<meta name=\"twitter:card\" content=\"summary_large_image\" \/>\n<meta name=\"twitter:label1\" content=\"Escrito por\" \/>\n\t<meta name=\"twitter:data1\" content=\"apuntesdesanluis.com\" \/>\n\t<meta name=\"twitter:label2\" content=\"Tiempo de lectura\" \/>\n\t<meta name=\"twitter:data2\" content=\"1 minuto\" \/>\n<script type=\"application\/ld+json\" class=\"yoast-schema-graph\">{\"@context\":\"https:\/\/schema.org\",\"@graph\":[{\"@type\":\"Article\",\"@id\":\"https:\/\/apuntesdesanluis.com\/index.php\/2024\/08\/04\/la-policia-recupero-un-vehiculo-de-alta-gama-con-pedido-de-secuestro\/#article\",\"isPartOf\":{\"@id\":\"https:\/\/apuntesdesanluis.com\/index.php\/2024\/08\/04\/la-policia-recupero-un-vehiculo-de-alta-gama-con-pedido-de-secuestro\/\"},\"author\":{\"name\":\"apuntesdesanluis.com\",\"@id\":\"https:\/\/apuntesdesanluis.com\/#\/schema\/person\/b55151d52296fcce64d1a72538a70b90\"},\"headline\":\"LA POLIC\u00cdA RECUPER\u00d3 UN VEH\u00cdCULO DE ALTA GAMA CON PEDIDO DE SECUESTRO\",\"datePublished\":\"2024-08-04T21:30:21+00:00\",\"mainEntityOfPage\":{\"@id\":\"https:\/\/apuntesdesanluis.com\/index.php\/2024\/08\/04\/la-policia-recupero-un-vehiculo-de-alta-gama-con-pedido-de-secuestro\/\"},\"wordCount\":198,\"publisher\":{\"@id\":\"https:\/\/apuntesdesanluis.com\/#\/schema\/person\/b55151d52296fcce64d1a72538a70b90\"},\"image\":{\"@id\":\"https:\/\/apuntesdesanluis.com\/index.php\/2024\/08\/04\/la-policia-recupero-un-vehiculo-de-alta-gama-con-pedido-de-secuestro\/#primaryimage\"},\"thumbnailUrl\":\"https:\/\/apuntesdesanluis.com\/wp-content\/uploads\/2024\/08\/AUTO-BMW.jpg\",\"articleSection\":[\"Ciudad\/Provincia\"],\"inLanguage\":\"es-AR\"},{\"@type\":\"WebPage\",\"@id\":\"https:\/\/apuntesdesanluis.com\/index.php\/2024\/08\/04\/la-policia-recupero-un-vehiculo-de-alta-gama-con-pedido-de-secuestro\/\",\"url\":\"https:\/\/apuntesdesanluis.com\/index.php\/2024\/08\/04\/la-policia-recupero-un-vehiculo-de-alta-gama-con-pedido-de-secuestro\/\",\"name\":\"LA POLIC\u00cdA RECUPER\u00d3 UN VEH\u00cdCULO DE ALTA GAMA CON PEDIDO DE SECUESTRO - Apuntes de San Luis\",\"isPartOf\":{\"@id\":\"https:\/\/apuntesdesanluis.com\/#website\"},\"primaryImageOfPage\":{\"@id\":\"https:\/\/apuntesdesanluis.com\/index.php\/2024\/08\/04\/la-policia-recupero-un-vehiculo-de-alta-gama-con-pedido-de-secuestro\/#primaryimage\"},\"image\":{\"@id\":\"https:\/\/apuntesdesanluis.com\/index.php\/2024\/08\/04\/la-policia-recupero-un-vehiculo-de-alta-gama-con-pedido-de-secuestro\/#primaryimage\"},\"thumbnailUrl\":\"https:\/\/apuntesdesanluis.com\/wp-content\/uploads\/2024\/08\/AUTO-BMW.jpg\",\"datePublished\":\"2024-08-04T21:30:21+00:00\",\"breadcrumb\":{\"@id\":\"https:\/\/apuntesdesanluis.com\/index.php\/2024\/08\/04\/la-policia-recupero-un-vehiculo-de-alta-gama-con-pedido-de-secuestro\/#breadcrumb\"},\"inLanguage\":\"es-AR\",\"potentialAction\":[{\"@type\":\"ReadAction\",\"target\":[\"https:\/\/apuntesdesanluis.com\/index.php\/2024\/08\/04\/la-policia-recupero-un-vehiculo-de-alta-gama-con-pedido-de-secuestro\/\"]}]},{\"@type\":\"ImageObject\",\"inLanguage\":\"es-AR\",\"@id\":\"https:\/\/apuntesdesanluis.com\/index.php\/2024\/08\/04\/la-policia-recupero-un-vehiculo-de-alta-gama-con-pedido-de-secuestro\/#primaryimage\",\"url\":\"https:\/\/apuntesdesanluis.com\/wp-content\/uploads\/2024\/08\/AUTO-BMW.jpg\",\"contentUrl\":\"https:\/\/apuntesdesanluis.com\/wp-content\/uploads\/2024\/08\/AUTO-BMW.jpg\",\"width\":582,\"height\":361},{\"@type\":\"BreadcrumbList\",\"@id\":\"https:\/\/apuntesdesanluis.com\/index.php\/2024\/08\/04\/la-policia-recupero-un-vehiculo-de-alta-gama-con-pedido-de-secuestro\/#breadcrumb\",\"itemListElement\":[{\"@type\":\"ListItem\",\"position\":1,\"name\":\"Inicio\",\"item\":\"https:\/\/apuntesdesanluis.com\/\"},{\"@type\":\"ListItem\",\"position\":2,\"name\":\"LA POLIC\u00cdA RECUPER\u00d3 UN VEH\u00cdCULO DE ALTA GAMA CON PEDIDO DE SECUESTRO\"}]},{\"@type\":\"WebSite\",\"@id\":\"https:\/\/apuntesdesanluis.com\/#website\",\"url\":\"https:\/\/apuntesdesanluis.com\/\",\"name\":\"Apuntes de San Luis\",\"description\":\"\",\"publisher\":{\"@id\":\"https:\/\/apuntesdesanluis.com\/#\/schema\/person\/b55151d52296fcce64d1a72538a70b90\"},\"potentialAction\":[{\"@type\":\"SearchAction\",\"target\":{\"@type\":\"EntryPoint\",\"urlTemplate\":\"https:\/\/apuntesdesanluis.com\/?s={search_term_string}\"},\"query-input\":{\"@type\":\"PropertyValueSpecification\",\"valueRequired\":true,\"valueName\":\"search_term_string\"}}],\"inLanguage\":\"es-AR\"},{\"@type\":[\"Person\",\"Organization\"],\"@id\":\"https:\/\/apuntesdesanluis.com\/#\/schema\/person\/b55151d52296fcce64d1a72538a70b90\",\"name\":\"apuntesdesanluis.com\",\"image\":{\"@type\":\"ImageObject\",\"inLanguage\":\"es-AR\",\"@id\":\"https:\/\/apuntesdesanluis.com\/#\/schema\/person\/image\/\",\"url\":\"https:\/\/apuntesdesanluis.com\/wp-content\/uploads\/2023\/07\/cropped-apuntesdesanluis.png\",\"contentUrl\":\"https:\/\/apuntesdesanluis.com\/wp-content\/uploads\/2023\/07\/cropped-apuntesdesanluis.png\",\"width\":450,\"height\":112,\"caption\":\"apuntesdesanluis.com\"},\"logo\":{\"@id\":\"https:\/\/apuntesdesanluis.com\/#\/schema\/person\/image\/\"},\"sameAs\":[\"https:\/\/apuntesdesanluis.com\"],\"url\":\"https:\/\/apuntesdesanluis.com\/index.php\/author\/apuntesdesanluis-com\/\"}]}<\/script>\n<!-- \/ Yoast SEO plugin. -->","yoast_head_json":{"title":"LA POLIC\u00cdA RECUPER\u00d3 UN VEH\u00cdCULO DE ALTA GAMA CON PEDIDO DE SECUESTRO - Apuntes de San Luis","robots":{"index":"index","follow":"follow","max-snippet":"max-snippet:-1","max-image-preview":"max-image-preview:large","max-video-preview":"max-video-preview:-1"},"canonical":"https:\/\/apuntesdesanluis.com\/index.php\/2024\/08\/04\/la-policia-recupero-un-vehiculo-de-alta-gama-con-pedido-de-secuestro\/","og_locale":"es_ES","og_type":"article","og_title":"LA POLIC\u00cdA RECUPER\u00d3 UN VEH\u00cdCULO DE ALTA GAMA CON PEDIDO DE SECUESTRO - Apuntes de San Luis","og_description":"Efectivos del Departamento de Investigaciones San Luis llevaron a cabo un procedimiento eL s\u00e1bado en...","og_url":"https:\/\/apuntesdesanluis.com\/index.php\/2024\/08\/04\/la-policia-recupero-un-vehiculo-de-alta-gama-con-pedido-de-secuestro\/","og_site_name":"Apuntes de San Luis","article_published_time":"2024-08-04T21:30:21+00:00","og_image":[{"width":582,"height":361,"url":"https:\/\/apuntesdesanluis.com\/wp-content\/uploads\/2024\/08\/AUTO-BMW.jpg","type":"image\/jpeg"}],"author":"apuntesdesanluis.com","twitter_card":"summary_large_image","twitter_misc":{"Escrito por":"apuntesdesanluis.com","Tiempo de lectura":"1 minuto"},"schema":{"@context":"https:\/\/schema.org","@graph":[{"@type":"Article","@id":"https:\/\/apuntesdesanluis.com\/index.php\/2024\/08\/04\/la-policia-recupero-un-vehiculo-de-alta-gama-con-pedido-de-secuestro\/#article","isPartOf":{"@id":"https:\/\/apuntesdesanluis.com\/index.php\/2024\/08\/04\/la-policia-recupero-un-vehiculo-de-alta-gama-con-pedido-de-secuestro\/"},"author":{"name":"apuntesdesanluis.com","@id":"https:\/\/apuntesdesanluis.com\/#\/schema\/person\/b55151d52296fcce64d1a72538a70b90"},"headline":"LA POLIC\u00cdA RECUPER\u00d3 UN VEH\u00cdCULO DE ALTA GAMA CON PEDIDO DE SECUESTRO","datePublished":"2024-08-04T21:30:21+00:00","mainEntityOfPage":{"@id":"https:\/\/apuntesdesanluis.com\/index.php\/2024\/08\/04\/la-policia-recupero-un-vehiculo-de-alta-gama-con-pedido-de-secuestro\/"},"wordCount":198,"publisher":{"@id":"https:\/\/apuntesdesanluis.com\/#\/schema\/person\/b55151d52296fcce64d1a72538a70b90"},"image":{"@id":"https:\/\/apuntesdesanluis.com\/index.php\/2024\/08\/04\/la-policia-recupero-un-vehiculo-de-alta-gama-con-pedido-de-secuestro\/#primaryimage"},"thumbnailUrl":"https:\/\/apuntesdesanluis.com\/wp-content\/uploads\/2024\/08\/AUTO-BMW.jpg","articleSection":["Ciudad\/Provincia"],"inLanguage":"es-AR"},{"@type":"WebPage","@id":"https:\/\/apuntesdesanluis.com\/index.php\/2024\/08\/04\/la-policia-recupero-un-vehiculo-de-alta-gama-con-pedido-de-secuestro\/","url":"https:\/\/apuntesdesanluis.com\/index.php\/2024\/08\/04\/la-policia-recupero-un-vehiculo-de-alta-gama-con-pedido-de-secuestro\/","name":"LA POLIC\u00cdA RECUPER\u00d3 UN VEH\u00cdCULO DE ALTA GAMA CON PEDIDO DE SECUESTRO - Apuntes de San Luis","isPartOf":{"@id":"https:\/\/apuntesdesanluis.com\/#website"},"primaryImageOfPage":{"@id":"https:\/\/apuntesdesanluis.com\/index.php\/2024\/08\/04\/la-policia-recupero-un-vehiculo-de-alta-gama-con-pedido-de-secuestro\/#primaryimage"},"image":{"@id":"https:\/\/apuntesdesanluis.com\/index.php\/2024\/08\/04\/la-policia-recupero-un-vehiculo-de-alta-gama-con-pedido-de-secuestro\/#primaryimage"},"thumbnailUrl":"https:\/\/apuntesdesanluis.com\/wp-content\/uploads\/2024\/08\/AUTO-BMW.jpg","datePublished":"2024-08-04T21:30:21+00:00","breadcrumb":{"@id":"https:\/\/apuntesdesanluis.com\/index.php\/2024\/08\/04\/la-policia-recupero-un-vehiculo-de-alta-gama-con-pedido-de-secuestro\/#breadcrumb"},"inLanguage":"es-AR","potentialAction":[{"@type":"ReadAction","target":["https:\/\/apuntesdesanluis.com\/index.php\/2024\/08\/04\/la-policia-recupero-un-vehiculo-de-alta-gama-con-pedido-de-secuestro\/"]}]},{"@type":"ImageObject","inLanguage":"es-AR","@id":"https:\/\/apuntesdesanluis.com\/index.php\/2024\/08\/04\/la-policia-recupero-un-vehiculo-de-alta-gama-con-pedido-de-secuestro\/#primaryimage","url":"https:\/\/apuntesdesanluis.com\/wp-content\/uploads\/2024\/08\/AUTO-BMW.jpg","contentUrl":"https:\/\/apuntesdesanluis.com\/wp-content\/uploads\/2024\/08\/AUTO-BMW.jpg","width":582,"height":361},{"@type":"BreadcrumbList","@id":"https:\/\/apuntesdesanluis.com\/index.php\/2024\/08\/04\/la-policia-recupero-un-vehiculo-de-alta-gama-con-pedido-de-secuestro\/#breadcrumb","itemListElement":[{"@type":"ListItem","position":1,"name":"Inicio","item":"https:\/\/apuntesdesanluis.com\/"},{"@type":"ListItem","position":2,"name":"LA POLIC\u00cdA RECUPER\u00d3 UN VEH\u00cdCULO DE ALTA GAMA CON PEDIDO DE SECUESTRO"}]},{"@type":"WebSite","@id":"https:\/\/apuntesdesanluis.com\/#website","url":"https:\/\/apuntesdesanluis.com\/","name":"Apuntes de San Luis","description":"","publisher":{"@id":"https:\/\/apuntesdesanluis.com\/#\/schema\/person\/b55151d52296fcce64d1a72538a70b90"},"potentialAction":[{"@type":"SearchAction","target":{"@type":"EntryPoint","urlTemplate":"https:\/\/apuntesdesanluis.com\/?s={search_term_string}"},"query-input":{"@type":"PropertyValueSpecification","valueRequired":true,"valueName":"search_term_string"}}],"inLanguage":"es-AR"},{"@type":["Person","Organization"],"@id":"https:\/\/apuntesdesanluis.com\/#\/schema\/person\/b55151d52296fcce64d1a72538a70b90","name":"apuntesdesanluis.com","image":{"@type":"ImageObject","inLanguage":"es-AR","@id":"https:\/\/apuntesdesanluis.com\/#\/schema\/person\/image\/","url":"https:\/\/apuntesdesanluis.com\/wp-content\/uploads\/2023\/07\/cropped-apuntesdesanluis.png","contentUrl":"https:\/\/apuntesdesanluis.com\/wp-content\/uploads\/2023\/07\/cropped-apuntesdesanluis.png","width":450,"height":112,"caption":"apuntesdesanluis.com"},"logo":{"@id":"https:\/\/apuntesdesanluis.com\/#\/schema\/person\/image\/"},"sameAs":["https:\/\/apuntesdesanluis.com"],"url":"https:\/\/apuntesdesanluis.com\/index.php\/author\/apuntesdesanluis-com\/"}]}},"featured_image_urls":{"full":["https:\/\/apuntesdesanluis.com\/wp-content\/uploads\/2024\/08\/AUTO-BMW.jpg",582,361,false],"thumbnail":["https:\/\/apuntesdesanluis.com\/wp-content\/uploads\/2024\/08\/AUTO-BMW-150x150.jpg",150,150,true],"medium":["https:\/\/apuntesdesanluis.com\/wp-content\/uploads\/2024\/08\/AUTO-BMW-300x186.jpg",300,186,true],"medium_large":["https:\/\/apuntesdesanluis.com\/wp-content\/uploads\/2024\/08\/AUTO-BMW.jpg",582,361,false],"large":["https:\/\/apuntesdesanluis.com\/wp-content\/uploads\/2024\/08\/AUTO-BMW.jpg",582,361,false],"1536x1536":["https:\/\/apuntesdesanluis.com\/wp-content\/uploads\/2024\/08\/AUTO-BMW.jpg",582,361,false],"2048x2048":["https:\/\/apuntesdesanluis.com\/wp-content\/uploads\/2024\/08\/AUTO-BMW.jpg",582,361,false],"newsever-slider-full":["https:\/\/apuntesdesanluis.com\/wp-content\/uploads\/2024\/08\/AUTO-BMW.jpg",582,361,false],"newsever-featured":["https:\/\/apuntesdesanluis.com\/wp-content\/uploads\/2024\/08\/AUTO-BMW.jpg",582,361,false],"newsever-medium":["https:\/\/apuntesdesanluis.com\/wp-content\/uploads\/2024\/08\/AUTO-BMW.jpg",582,361,false]},"author_info":{"display_name":"apuntesdesanluis.com","author_link":"https:\/\/apuntesdesanluis.com\/index.php\/author\/apuntesdesanluis-com\/"},"category_info":"<a href=\"https:\/\/apuntesdesanluis.com\/index.php\/category\/ciudad-provincia\/\" rel=\"category tag\">Ciudad\/Provincia<\/a>","tag_info":"Ciudad\/Provincia","comment_count":"0","_links":{"self":[{"href":"https:\/\/apuntesdesanluis.com\/index.php\/wp-json\/wp\/v2\/posts\/20311","targetHints":{"allow":["GET"]}}],"collection":[{"href":"https:\/\/apuntesdesanluis.com\/index.php\/wp-json\/wp\/v2\/posts"}],"about":[{"href":"https:\/\/apuntesdesanluis.com\/index.php\/wp-json\/wp\/v2\/types\/post"}],"author":[{"embeddable":true,"href":"https:\/\/apuntesdesanluis.com\/index.php\/wp-json\/wp\/v2\/users\/1"}],"replies":[{"embeddable":true,"href":"https:\/\/apuntesdesanluis.com\/index.php\/wp-json\/wp\/v2\/comments?post=20311"}],"version-history":[{"count":1,"href":"https:\/\/apuntesdesanluis.com\/index.php\/wp-json\/wp\/v2\/posts\/20311\/revisions"}],"predecessor-version":[{"id":20313,"href":"https:\/\/apuntesdesanluis.com\/index.php\/wp-json\/wp\/v2\/posts\/20311\/revisions\/20313"}],"wp:featuredmedia":[{"embeddable":true,"href":"https:\/\/apuntesdesanluis.com\/index.php\/wp-json\/wp\/v2\/media\/20312"}],"wp:attachment":[{"href":"https:\/\/apuntesdesanluis.com\/index.php\/wp-json\/wp\/v2\/media?parent=20311"}],"wp:term":[{"taxonomy":"category","embeddable":true,"href":"https:\/\/apuntesdesanluis.com\/index.php\/wp-json\/wp\/v2\/categories?post=20311"},{"taxonomy":"post_tag","embeddable":true,"href":"https:\/\/apuntesdesanluis.com\/index.php\/wp-json\/wp\/v2\/tags?post=20311"}],"curies":[{"name":"wp","href":"https:\/\/api.w.org\/{rel}","templated":true}]}}