{"id":20314,"date":"2024-08-02T18:30:27","date_gmt":"2024-08-02T21:30:27","guid":{"rendered":"https:\/\/apuntesdesanluis.com\/?p=20314"},"modified":"2024-08-04T18:50:36","modified_gmt":"2024-08-04T21:50:36","slug":"detienen-a-cuatro-hombres-por-abigeato-y-tenencia-ilegal-de-arma-de-fuego","status":"publish","type":"post","link":"https:\/\/apuntesdesanluis.com\/index.php\/2024\/08\/02\/detienen-a-cuatro-hombres-por-abigeato-y-tenencia-ilegal-de-arma-de-fuego\/","title":{"rendered":"DETIENEN A CUATRO HOMBRES POR ABIGEATO Y TENENCIA ILEGAL DE ARMA DE FUEGO"},"content":{"rendered":"<h3>Efectivos de la Polic\u00eda Ecol\u00f3gica y Ambiental llevaron a cabo un procedimiento, mediante el cual cuatro hombres (dos de 35 a\u00f1os, uno de 41 y uno de 45) fueron demorados por circular con un arma de fuego.<\/h3>\n<h3>El procedimiento fue en la intersecci\u00f3n de la ruta provincial 2b y la ruta provincial 11, al sur de la ciudad de Villa Mercedes.<\/h3>\n<h3>En ese lugar, durante un operativo de control vehicular e identificaci\u00f3n de personas, los polic\u00edas interceptaron la marcha de un furg\u00f3n Citro\u00ebn C15, en el cual circulaban los cuatro hombres.<\/h3>\n<h3>Tras una inspecci\u00f3n vehicular, los efectivos constataron que los individuos trasladaban un arma de fuego tipo carabina calibre 22 con mira telesc\u00f3pica y, adem\u00e1s, ten\u00edan cuatro cuchillos tipo carnicero, 13 municiones calibre 22 y una linterna.<\/h3>\n<h3>Tras ese hecho se report\u00f3 el faenado de un animal en un campo de la zona, por lo que polic\u00edas de la Comisar\u00eda Seccional 29\u00b0 llevaron a cabo allanamientos en los domicilios de los cuatro hombres que hab\u00edan sido demorados, encontrando y secuestrando cuero vacuno y otros elementos vinculados al delito.<\/h3>\n<h3>Por tal motivo, desde la Fiscal\u00eda de Instrucci\u00f3n N\u00b0 2 de la Segunda Circunscripci\u00f3n Judicial, a cargo de la Dra. Daniela Torres, se orden\u00f3 la detenci\u00f3n de los cuatro sujetos por la causa \u201cAveriguaci\u00f3n abigeato agravado y tenencia ilegal de arma de fuego de uso civil\u201d.<\/h3>\n<p>&nbsp;<\/p>\n<p>&nbsp;<\/p>\n<p>&nbsp;<\/p>\n<p>&nbsp;<\/p>\n","protected":false},"excerpt":{"rendered":"<p>Efectivos de la Polic\u00eda Ecol\u00f3gica y Ambiental llevaron a cabo un procedimiento, mediante el cual&#8230;<\/p>\n","protected":false},"author":1,"featured_media":20315,"comment_status":"closed","ping_status":"closed","sticky":false,"template":"","format":"standard","meta":{"footnotes":""},"categories":[6],"tags":[],"class_list":["post-20314","post","type-post","status-publish","format-standard","has-post-thumbnail","hentry","category-ciudad-provincia"],"yoast_head":"<!-- This site is optimized with the Yoast SEO plugin v26.1.1 - https:\/\/yoast.com\/wordpress\/plugins\/seo\/ -->\n<title>DETIENEN A CUATRO HOMBRES POR ABIGEATO Y TENENCIA ILEGAL DE ARMA DE FUEGO - Apuntes de San Luis<\/title>\n<meta name=\"robots\" content=\"index, follow, max-snippet:-1, max-image-preview:large, max-video-preview:-1\" \/>\n<link rel=\"canonical\" href=\"https:\/\/apuntesdesanluis.com\/index.php\/2024\/08\/02\/detienen-a-cuatro-hombres-por-abigeato-y-tenencia-ilegal-de-arma-de-fuego\/\" \/>\n<meta property=\"og:locale\" content=\"es_ES\" \/>\n<meta property=\"og:type\" content=\"article\" \/>\n<meta property=\"og:title\" content=\"DETIENEN A CUATRO HOMBRES POR ABIGEATO Y TENENCIA ILEGAL DE ARMA DE FUEGO - Apuntes de San Luis\" \/>\n<meta property=\"og:description\" content=\"Efectivos de la Polic\u00eda Ecol\u00f3gica y Ambiental llevaron a cabo un procedimiento, mediante el cual...\" \/>\n<meta property=\"og:url\" content=\"https:\/\/apuntesdesanluis.com\/index.php\/2024\/08\/02\/detienen-a-cuatro-hombres-por-abigeato-y-tenencia-ilegal-de-arma-de-fuego\/\" \/>\n<meta property=\"og:site_name\" content=\"Apuntes de San Luis\" \/>\n<meta property=\"article:published_time\" content=\"2024-08-02T21:30:27+00:00\" \/>\n<meta property=\"article:modified_time\" content=\"2024-08-04T21:50:36+00:00\" \/>\n<meta property=\"og:image\" content=\"https:\/\/apuntesdesanluis.com\/wp-content\/uploads\/2024\/08\/DETENIDOS.jpg\" \/>\n\t<meta property=\"og:image:width\" content=\"700\" \/>\n\t<meta property=\"og:image:height\" content=\"455\" \/>\n\t<meta property=\"og:image:type\" content=\"image\/jpeg\" \/>\n<meta name=\"author\" content=\"apuntesdesanluis.com\" \/>\n<meta name=\"twitter:card\" content=\"summary_large_image\" \/>\n<meta name=\"twitter:label1\" content=\"Escrito por\" \/>\n\t<meta name=\"twitter:data1\" content=\"apuntesdesanluis.com\" \/>\n\t<meta name=\"twitter:label2\" content=\"Tiempo de lectura\" \/>\n\t<meta name=\"twitter:data2\" content=\"2 minutos\" \/>\n<script type=\"application\/ld+json\" class=\"yoast-schema-graph\">{\"@context\":\"https:\/\/schema.org\",\"@graph\":[{\"@type\":\"Article\",\"@id\":\"https:\/\/apuntesdesanluis.com\/index.php\/2024\/08\/02\/detienen-a-cuatro-hombres-por-abigeato-y-tenencia-ilegal-de-arma-de-fuego\/#article\",\"isPartOf\":{\"@id\":\"https:\/\/apuntesdesanluis.com\/index.php\/2024\/08\/02\/detienen-a-cuatro-hombres-por-abigeato-y-tenencia-ilegal-de-arma-de-fuego\/\"},\"author\":{\"name\":\"apuntesdesanluis.com\",\"@id\":\"https:\/\/apuntesdesanluis.com\/#\/schema\/person\/b55151d52296fcce64d1a72538a70b90\"},\"headline\":\"DETIENEN A CUATRO HOMBRES POR ABIGEATO Y TENENCIA ILEGAL DE ARMA DE FUEGO\",\"datePublished\":\"2024-08-02T21:30:27+00:00\",\"dateModified\":\"2024-08-04T21:50:36+00:00\",\"mainEntityOfPage\":{\"@id\":\"https:\/\/apuntesdesanluis.com\/index.php\/2024\/08\/02\/detienen-a-cuatro-hombres-por-abigeato-y-tenencia-ilegal-de-arma-de-fuego\/\"},\"wordCount\":252,\"publisher\":{\"@id\":\"https:\/\/apuntesdesanluis.com\/#\/schema\/person\/b55151d52296fcce64d1a72538a70b90\"},\"image\":{\"@id\":\"https:\/\/apuntesdesanluis.com\/index.php\/2024\/08\/02\/detienen-a-cuatro-hombres-por-abigeato-y-tenencia-ilegal-de-arma-de-fuego\/#primaryimage\"},\"thumbnailUrl\":\"https:\/\/apuntesdesanluis.com\/wp-content\/uploads\/2024\/08\/DETENIDOS.jpg\",\"articleSection\":[\"Ciudad\/Provincia\"],\"inLanguage\":\"es-AR\"},{\"@type\":\"WebPage\",\"@id\":\"https:\/\/apuntesdesanluis.com\/index.php\/2024\/08\/02\/detienen-a-cuatro-hombres-por-abigeato-y-tenencia-ilegal-de-arma-de-fuego\/\",\"url\":\"https:\/\/apuntesdesanluis.com\/index.php\/2024\/08\/02\/detienen-a-cuatro-hombres-por-abigeato-y-tenencia-ilegal-de-arma-de-fuego\/\",\"name\":\"DETIENEN A CUATRO HOMBRES POR ABIGEATO Y TENENCIA ILEGAL DE ARMA DE FUEGO - Apuntes de San Luis\",\"isPartOf\":{\"@id\":\"https:\/\/apuntesdesanluis.com\/#website\"},\"primaryImageOfPage\":{\"@id\":\"https:\/\/apuntesdesanluis.com\/index.php\/2024\/08\/02\/detienen-a-cuatro-hombres-por-abigeato-y-tenencia-ilegal-de-arma-de-fuego\/#primaryimage\"},\"image\":{\"@id\":\"https:\/\/apuntesdesanluis.com\/index.php\/2024\/08\/02\/detienen-a-cuatro-hombres-por-abigeato-y-tenencia-ilegal-de-arma-de-fuego\/#primaryimage\"},\"thumbnailUrl\":\"https:\/\/apuntesdesanluis.com\/wp-content\/uploads\/2024\/08\/DETENIDOS.jpg\",\"datePublished\":\"2024-08-02T21:30:27+00:00\",\"dateModified\":\"2024-08-04T21:50:36+00:00\",\"breadcrumb\":{\"@id\":\"https:\/\/apuntesdesanluis.com\/index.php\/2024\/08\/02\/detienen-a-cuatro-hombres-por-abigeato-y-tenencia-ilegal-de-arma-de-fuego\/#breadcrumb\"},\"inLanguage\":\"es-AR\",\"potentialAction\":[{\"@type\":\"ReadAction\",\"target\":[\"https:\/\/apuntesdesanluis.com\/index.php\/2024\/08\/02\/detienen-a-cuatro-hombres-por-abigeato-y-tenencia-ilegal-de-arma-de-fuego\/\"]}]},{\"@type\":\"ImageObject\",\"inLanguage\":\"es-AR\",\"@id\":\"https:\/\/apuntesdesanluis.com\/index.php\/2024\/08\/02\/detienen-a-cuatro-hombres-por-abigeato-y-tenencia-ilegal-de-arma-de-fuego\/#primaryimage\",\"url\":\"https:\/\/apuntesdesanluis.com\/wp-content\/uploads\/2024\/08\/DETENIDOS.jpg\",\"contentUrl\":\"https:\/\/apuntesdesanluis.com\/wp-content\/uploads\/2024\/08\/DETENIDOS.jpg\",\"width\":700,\"height\":455},{\"@type\":\"BreadcrumbList\",\"@id\":\"https:\/\/apuntesdesanluis.com\/index.php\/2024\/08\/02\/detienen-a-cuatro-hombres-por-abigeato-y-tenencia-ilegal-de-arma-de-fuego\/#breadcrumb\",\"itemListElement\":[{\"@type\":\"ListItem\",\"position\":1,\"name\":\"Inicio\",\"item\":\"https:\/\/apuntesdesanluis.com\/\"},{\"@type\":\"ListItem\",\"position\":2,\"name\":\"DETIENEN A CUATRO HOMBRES POR ABIGEATO Y TENENCIA ILEGAL DE ARMA DE FUEGO\"}]},{\"@type\":\"WebSite\",\"@id\":\"https:\/\/apuntesdesanluis.com\/#website\",\"url\":\"https:\/\/apuntesdesanluis.com\/\",\"name\":\"Apuntes de San Luis\",\"description\":\"\",\"publisher\":{\"@id\":\"https:\/\/apuntesdesanluis.com\/#\/schema\/person\/b55151d52296fcce64d1a72538a70b90\"},\"potentialAction\":[{\"@type\":\"SearchAction\",\"target\":{\"@type\":\"EntryPoint\",\"urlTemplate\":\"https:\/\/apuntesdesanluis.com\/?s={search_term_string}\"},\"query-input\":{\"@type\":\"PropertyValueSpecification\",\"valueRequired\":true,\"valueName\":\"search_term_string\"}}],\"inLanguage\":\"es-AR\"},{\"@type\":[\"Person\",\"Organization\"],\"@id\":\"https:\/\/apuntesdesanluis.com\/#\/schema\/person\/b55151d52296fcce64d1a72538a70b90\",\"name\":\"apuntesdesanluis.com\",\"image\":{\"@type\":\"ImageObject\",\"inLanguage\":\"es-AR\",\"@id\":\"https:\/\/apuntesdesanluis.com\/#\/schema\/person\/image\/\",\"url\":\"https:\/\/apuntesdesanluis.com\/wp-content\/uploads\/2023\/07\/cropped-apuntesdesanluis.png\",\"contentUrl\":\"https:\/\/apuntesdesanluis.com\/wp-content\/uploads\/2023\/07\/cropped-apuntesdesanluis.png\",\"width\":450,\"height\":112,\"caption\":\"apuntesdesanluis.com\"},\"logo\":{\"@id\":\"https:\/\/apuntesdesanluis.com\/#\/schema\/person\/image\/\"},\"sameAs\":[\"https:\/\/apuntesdesanluis.com\"],\"url\":\"https:\/\/apuntesdesanluis.com\/index.php\/author\/apuntesdesanluis-com\/\"}]}<\/script>\n<!-- \/ Yoast SEO plugin. -->","yoast_head_json":{"title":"DETIENEN A CUATRO HOMBRES POR ABIGEATO Y TENENCIA ILEGAL DE ARMA DE FUEGO - Apuntes de San Luis","robots":{"index":"index","follow":"follow","max-snippet":"max-snippet:-1","max-image-preview":"max-image-preview:large","max-video-preview":"max-video-preview:-1"},"canonical":"https:\/\/apuntesdesanluis.com\/index.php\/2024\/08\/02\/detienen-a-cuatro-hombres-por-abigeato-y-tenencia-ilegal-de-arma-de-fuego\/","og_locale":"es_ES","og_type":"article","og_title":"DETIENEN A CUATRO HOMBRES POR ABIGEATO Y TENENCIA ILEGAL DE ARMA DE FUEGO - Apuntes de San Luis","og_description":"Efectivos de la Polic\u00eda Ecol\u00f3gica y Ambiental llevaron a cabo un procedimiento, mediante el cual...","og_url":"https:\/\/apuntesdesanluis.com\/index.php\/2024\/08\/02\/detienen-a-cuatro-hombres-por-abigeato-y-tenencia-ilegal-de-arma-de-fuego\/","og_site_name":"Apuntes de San Luis","article_published_time":"2024-08-02T21:30:27+00:00","article_modified_time":"2024-08-04T21:50:36+00:00","og_image":[{"width":700,"height":455,"url":"https:\/\/apuntesdesanluis.com\/wp-content\/uploads\/2024\/08\/DETENIDOS.jpg","type":"image\/jpeg"}],"author":"apuntesdesanluis.com","twitter_card":"summary_large_image","twitter_misc":{"Escrito por":"apuntesdesanluis.com","Tiempo de lectura":"2 minutos"},"schema":{"@context":"https:\/\/schema.org","@graph":[{"@type":"Article","@id":"https:\/\/apuntesdesanluis.com\/index.php\/2024\/08\/02\/detienen-a-cuatro-hombres-por-abigeato-y-tenencia-ilegal-de-arma-de-fuego\/#article","isPartOf":{"@id":"https:\/\/apuntesdesanluis.com\/index.php\/2024\/08\/02\/detienen-a-cuatro-hombres-por-abigeato-y-tenencia-ilegal-de-arma-de-fuego\/"},"author":{"name":"apuntesdesanluis.com","@id":"https:\/\/apuntesdesanluis.com\/#\/schema\/person\/b55151d52296fcce64d1a72538a70b90"},"headline":"DETIENEN A CUATRO HOMBRES POR ABIGEATO Y TENENCIA ILEGAL DE ARMA DE FUEGO","datePublished":"2024-08-02T21:30:27+00:00","dateModified":"2024-08-04T21:50:36+00:00","mainEntityOfPage":{"@id":"https:\/\/apuntesdesanluis.com\/index.php\/2024\/08\/02\/detienen-a-cuatro-hombres-por-abigeato-y-tenencia-ilegal-de-arma-de-fuego\/"},"wordCount":252,"publisher":{"@id":"https:\/\/apuntesdesanluis.com\/#\/schema\/person\/b55151d52296fcce64d1a72538a70b90"},"image":{"@id":"https:\/\/apuntesdesanluis.com\/index.php\/2024\/08\/02\/detienen-a-cuatro-hombres-por-abigeato-y-tenencia-ilegal-de-arma-de-fuego\/#primaryimage"},"thumbnailUrl":"https:\/\/apuntesdesanluis.com\/wp-content\/uploads\/2024\/08\/DETENIDOS.jpg","articleSection":["Ciudad\/Provincia"],"inLanguage":"es-AR"},{"@type":"WebPage","@id":"https:\/\/apuntesdesanluis.com\/index.php\/2024\/08\/02\/detienen-a-cuatro-hombres-por-abigeato-y-tenencia-ilegal-de-arma-de-fuego\/","url":"https:\/\/apuntesdesanluis.com\/index.php\/2024\/08\/02\/detienen-a-cuatro-hombres-por-abigeato-y-tenencia-ilegal-de-arma-de-fuego\/","name":"DETIENEN A CUATRO HOMBRES POR ABIGEATO Y TENENCIA ILEGAL DE ARMA DE FUEGO - Apuntes de San Luis","isPartOf":{"@id":"https:\/\/apuntesdesanluis.com\/#website"},"primaryImageOfPage":{"@id":"https:\/\/apuntesdesanluis.com\/index.php\/2024\/08\/02\/detienen-a-cuatro-hombres-por-abigeato-y-tenencia-ilegal-de-arma-de-fuego\/#primaryimage"},"image":{"@id":"https:\/\/apuntesdesanluis.com\/index.php\/2024\/08\/02\/detienen-a-cuatro-hombres-por-abigeato-y-tenencia-ilegal-de-arma-de-fuego\/#primaryimage"},"thumbnailUrl":"https:\/\/apuntesdesanluis.com\/wp-content\/uploads\/2024\/08\/DETENIDOS.jpg","datePublished":"2024-08-02T21:30:27+00:00","dateModified":"2024-08-04T21:50:36+00:00","breadcrumb":{"@id":"https:\/\/apuntesdesanluis.com\/index.php\/2024\/08\/02\/detienen-a-cuatro-hombres-por-abigeato-y-tenencia-ilegal-de-arma-de-fuego\/#breadcrumb"},"inLanguage":"es-AR","potentialAction":[{"@type":"ReadAction","target":["https:\/\/apuntesdesanluis.com\/index.php\/2024\/08\/02\/detienen-a-cuatro-hombres-por-abigeato-y-tenencia-ilegal-de-arma-de-fuego\/"]}]},{"@type":"ImageObject","inLanguage":"es-AR","@id":"https:\/\/apuntesdesanluis.com\/index.php\/2024\/08\/02\/detienen-a-cuatro-hombres-por-abigeato-y-tenencia-ilegal-de-arma-de-fuego\/#primaryimage","url":"https:\/\/apuntesdesanluis.com\/wp-content\/uploads\/2024\/08\/DETENIDOS.jpg","contentUrl":"https:\/\/apuntesdesanluis.com\/wp-content\/uploads\/2024\/08\/DETENIDOS.jpg","width":700,"height":455},{"@type":"BreadcrumbList","@id":"https:\/\/apuntesdesanluis.com\/index.php\/2024\/08\/02\/detienen-a-cuatro-hombres-por-abigeato-y-tenencia-ilegal-de-arma-de-fuego\/#breadcrumb","itemListElement":[{"@type":"ListItem","position":1,"name":"Inicio","item":"https:\/\/apuntesdesanluis.com\/"},{"@type":"ListItem","position":2,"name":"DETIENEN A CUATRO HOMBRES POR ABIGEATO Y TENENCIA ILEGAL DE ARMA DE FUEGO"}]},{"@type":"WebSite","@id":"https:\/\/apuntesdesanluis.com\/#website","url":"https:\/\/apuntesdesanluis.com\/","name":"Apuntes de San Luis","description":"","publisher":{"@id":"https:\/\/apuntesdesanluis.com\/#\/schema\/person\/b55151d52296fcce64d1a72538a70b90"},"potentialAction":[{"@type":"SearchAction","target":{"@type":"EntryPoint","urlTemplate":"https:\/\/apuntesdesanluis.com\/?s={search_term_string}"},"query-input":{"@type":"PropertyValueSpecification","valueRequired":true,"valueName":"search_term_string"}}],"inLanguage":"es-AR"},{"@type":["Person","Organization"],"@id":"https:\/\/apuntesdesanluis.com\/#\/schema\/person\/b55151d52296fcce64d1a72538a70b90","name":"apuntesdesanluis.com","image":{"@type":"ImageObject","inLanguage":"es-AR","@id":"https:\/\/apuntesdesanluis.com\/#\/schema\/person\/image\/","url":"https:\/\/apuntesdesanluis.com\/wp-content\/uploads\/2023\/07\/cropped-apuntesdesanluis.png","contentUrl":"https:\/\/apuntesdesanluis.com\/wp-content\/uploads\/2023\/07\/cropped-apuntesdesanluis.png","width":450,"height":112,"caption":"apuntesdesanluis.com"},"logo":{"@id":"https:\/\/apuntesdesanluis.com\/#\/schema\/person\/image\/"},"sameAs":["https:\/\/apuntesdesanluis.com"],"url":"https:\/\/apuntesdesanluis.com\/index.php\/author\/apuntesdesanluis-com\/"}]}},"featured_image_urls":{"full":["https:\/\/apuntesdesanluis.com\/wp-content\/uploads\/2024\/08\/DETENIDOS.jpg",700,455,false],"thumbnail":["https:\/\/apuntesdesanluis.com\/wp-content\/uploads\/2024\/08\/DETENIDOS-150x150.jpg",150,150,true],"medium":["https:\/\/apuntesdesanluis.com\/wp-content\/uploads\/2024\/08\/DETENIDOS-300x195.jpg",300,195,true],"medium_large":["https:\/\/apuntesdesanluis.com\/wp-content\/uploads\/2024\/08\/DETENIDOS.jpg",640,416,false],"large":["https:\/\/apuntesdesanluis.com\/wp-content\/uploads\/2024\/08\/DETENIDOS.jpg",640,416,false],"1536x1536":["https:\/\/apuntesdesanluis.com\/wp-content\/uploads\/2024\/08\/DETENIDOS.jpg",700,455,false],"2048x2048":["https:\/\/apuntesdesanluis.com\/wp-content\/uploads\/2024\/08\/DETENIDOS.jpg",700,455,false],"newsever-slider-full":["https:\/\/apuntesdesanluis.com\/wp-content\/uploads\/2024\/08\/DETENIDOS.jpg",700,455,false],"newsever-featured":["https:\/\/apuntesdesanluis.com\/wp-content\/uploads\/2024\/08\/DETENIDOS.jpg",700,455,false],"newsever-medium":["https:\/\/apuntesdesanluis.com\/wp-content\/uploads\/2024\/08\/DETENIDOS.jpg",700,455,false]},"author_info":{"display_name":"apuntesdesanluis.com","author_link":"https:\/\/apuntesdesanluis.com\/index.php\/author\/apuntesdesanluis-com\/"},"category_info":"<a href=\"https:\/\/apuntesdesanluis.com\/index.php\/category\/ciudad-provincia\/\" rel=\"category tag\">Ciudad\/Provincia<\/a>","tag_info":"Ciudad\/Provincia","comment_count":"0","_links":{"self":[{"href":"https:\/\/apuntesdesanluis.com\/index.php\/wp-json\/wp\/v2\/posts\/20314","targetHints":{"allow":["GET"]}}],"collection":[{"href":"https:\/\/apuntesdesanluis.com\/index.php\/wp-json\/wp\/v2\/posts"}],"about":[{"href":"https:\/\/apuntesdesanluis.com\/index.php\/wp-json\/wp\/v2\/types\/post"}],"author":[{"embeddable":true,"href":"https:\/\/apuntesdesanluis.com\/index.php\/wp-json\/wp\/v2\/users\/1"}],"replies":[{"embeddable":true,"href":"https:\/\/apuntesdesanluis.com\/index.php\/wp-json\/wp\/v2\/comments?post=20314"}],"version-history":[{"count":1,"href":"https:\/\/apuntesdesanluis.com\/index.php\/wp-json\/wp\/v2\/posts\/20314\/revisions"}],"predecessor-version":[{"id":20316,"href":"https:\/\/apuntesdesanluis.com\/index.php\/wp-json\/wp\/v2\/posts\/20314\/revisions\/20316"}],"wp:featuredmedia":[{"embeddable":true,"href":"https:\/\/apuntesdesanluis.com\/index.php\/wp-json\/wp\/v2\/media\/20315"}],"wp:attachment":[{"href":"https:\/\/apuntesdesanluis.com\/index.php\/wp-json\/wp\/v2\/media?parent=20314"}],"wp:term":[{"taxonomy":"category","embeddable":true,"href":"https:\/\/apuntesdesanluis.com\/index.php\/wp-json\/wp\/v2\/categories?post=20314"},{"taxonomy":"post_tag","embeddable":true,"href":"https:\/\/apuntesdesanluis.com\/index.php\/wp-json\/wp\/v2\/tags?post=20314"}],"curies":[{"name":"wp","href":"https:\/\/api.w.org\/{rel}","templated":true}]}}