{"id":20353,"date":"2024-08-05T19:08:56","date_gmt":"2024-08-05T22:08:56","guid":{"rendered":"https:\/\/apuntesdesanluis.com\/?p=20353"},"modified":"2024-08-05T19:09:26","modified_gmt":"2024-08-05T22:09:26","slug":"el-ejecutivo-se-amparo-en-la-autonomia-municipal-para-responder-un-pedido-de-acceso-a-la-informacion","status":"publish","type":"post","link":"https:\/\/apuntesdesanluis.com\/index.php\/2024\/08\/05\/el-ejecutivo-se-amparo-en-la-autonomia-municipal-para-responder-un-pedido-de-acceso-a-la-informacion\/","title":{"rendered":"EL EJECUTIVO SE AMPAR\u00d3 EN LA \u201cAUTONOM\u00cdA MUNICIPAL\u201d AL RESPONDER UN PEDIDO DE ACCESO A LA INFORMACI\u00d3N"},"content":{"rendered":"<h3>Fue una solicitud de concejales de la ciudad de San Luis sobre anticipos de coparticipaci\u00f3n municipal. Dijo que, por el principio de la autonom\u00eda, las rendiciones deben ser requeridas a los \u00f3rganos competentes.<\/h3>\n<h3>El director de Legalidad y \u00c9tica de la secretaria de \u00c9tica P\u00fablica y Control de Gesti\u00f3n, <strong>Dar\u00edo Oviedo <\/strong>(foto principal), contest\u00f3 un pedido de acceso a la informaci\u00f3n presentado por un grupo de concejales de la ciudad de San Luis sobre anticipos de la coparticipaci\u00f3n municipal solicitados en diferentes meses por el intendente <strong>Gast\u00f3n Hissa<\/strong>.<\/h3>\n<p><img fetchpriority=\"high\" decoding=\"async\" class=\"wp-image-17603 aligncenter\" src=\"https:\/\/apuntesdesanluis.com\/wp-content\/uploads\/2024\/06\/ENDEIZA-HISSA-300x179.png\" alt=\"\" width=\"593\" height=\"354\" srcset=\"https:\/\/apuntesdesanluis.com\/wp-content\/uploads\/2024\/06\/ENDEIZA-HISSA-300x179.png 300w, https:\/\/apuntesdesanluis.com\/wp-content\/uploads\/2024\/06\/ENDEIZA-HISSA-768x457.png 768w, https:\/\/apuntesdesanluis.com\/wp-content\/uploads\/2024\/06\/ENDEIZA-HISSA.png 776w\" sizes=\"(max-width: 593px) 100vw, 593px\" \/><\/p>\n<h3>La nota fue entregada en el Concejo Deliberante con la respuesta a dicho pedido. El Municipio, en la nota elevada al ministerio de Hacienda, indic\u00f3 que pidi\u00f3 los anticipos para \u201ccubrir desequilibrios financieros\u201d.<\/h3>\n<h3>\u201cRespecto a los destinos que efectivamente le diera la Municipalidad de la ciudad de San Luis, cabe destacar y recordar la autonom\u00eda municipal que impera en nuestro derecho, amparado por la Constituci\u00f3n Nacional y Provincial, por lo que para saber y solicitar las rendiciones correspondientes deben dirigirse a los \u00f3rganos administrativos competentes\u201d, respondi\u00f3 Oviedo.<\/h3>\n<h3><strong>PEDIDO<\/strong><\/h3>\n<h3>La semana pasada los concejales del bloque del PJ hab\u00edan presentado la nota en Terrazas del Portezuelo, dirigida al secretario de \u00c9tica P\u00fablica y Control de Gesti\u00f3n, <strong>Ricardo Bazla<\/strong>, para conocer el destino unos 4.800 millones de pesos otorgados por la Provincia a la Comuna en concepto de anticipos de coparticipaci\u00f3n.<\/h3>\n<h3>Seg\u00fan inform\u00f3 El Diario de la Rep\u00fablica, la concejala justicialista <strong>Paulina Calder\u00f3n<\/strong>, quien entreg\u00f3 el escrito acompa\u00f1ada de sus compa\u00f1eros de bancada, <strong>Juan Mart\u00edn Divizia<\/strong> y <strong>Andr\u00e9s Russo<\/strong>, indic\u00f3: \u201c\u201cVenimos presentando algunos pedidos de informes en el \u00e1mbito del Concejo Deliberante, en donde hemos agotado todas las instancias en relaci\u00f3n con unos anticipos de coparticipaci\u00f3n que el Gobierno de la Provincia le otorg\u00f3 al Municipio de San Luis\u201d, se\u00f1al\u00f3.<\/h3>\n<p><img decoding=\"async\" class=\"wp-image-20354 aligncenter\" src=\"https:\/\/apuntesdesanluis.com\/wp-content\/uploads\/2024\/08\/CONCEJALES-DEL-PJ-300x169.png\" alt=\"\" width=\"614\" height=\"346\" srcset=\"https:\/\/apuntesdesanluis.com\/wp-content\/uploads\/2024\/08\/CONCEJALES-DEL-PJ-300x169.png 300w, https:\/\/apuntesdesanluis.com\/wp-content\/uploads\/2024\/08\/CONCEJALES-DEL-PJ-768x434.png 768w, https:\/\/apuntesdesanluis.com\/wp-content\/uploads\/2024\/08\/CONCEJALES-DEL-PJ.png 781w\" sizes=\"(max-width: 614px) 100vw, 614px\" \/><\/p>\n<h3>Explic\u00f3 que los anticipos de coparticipaci\u00f3n se han visto reflejados en cuatro decretos que fueron publicados en el Bolet\u00edn Oficial del Ejecutivo provincial, pero cuyo registro no aparece ni en los documentos de la Comuna ni en las Cuentas de Inversi\u00f3n. \u201cSolo contamos con la informaci\u00f3n de las publicaciones de los decretos de otorgamiento del Gobierno hacia el Municipio\u201d, enfatiz\u00f3.<\/h3>\n<h3>El pedido de informaci\u00f3n, adem\u00e1s, apunta a conocer los motivos que llevaron al Municipio a solicitar estos fondos. \u201cTodo esto ha sido solicitado oportunamente en el Concejo Deliberante, sin obtener respuestas\u201d, afirm\u00f3 Calder\u00f3n.<\/h3>\n<p>&nbsp;<\/p>\n<p>&nbsp;<\/p>\n<p>&nbsp;<\/p>\n<p>&nbsp;<\/p>\n<p>&nbsp;<\/p>\n<p>&nbsp;<\/p>\n","protected":false},"excerpt":{"rendered":"<p>Fue una solicitud de concejales de la ciudad de San Luis sobre anticipos de coparticipaci\u00f3n&#8230;<\/p>\n","protected":false},"author":1,"featured_media":20355,"comment_status":"closed","ping_status":"closed","sticky":false,"template":"","format":"standard","meta":{"footnotes":""},"categories":[6],"tags":[],"class_list":["post-20353","post","type-post","status-publish","format-standard","has-post-thumbnail","hentry","category-ciudad-provincia"],"yoast_head":"<!-- This site is optimized with the Yoast SEO plugin v26.1.1 - https:\/\/yoast.com\/wordpress\/plugins\/seo\/ -->\n<title>EL EJECUTIVO SE AMPAR\u00d3 EN LA \u201cAUTONOM\u00cdA MUNICIPAL\u201d AL RESPONDER UN PEDIDO DE ACCESO A LA INFORMACI\u00d3N - Apuntes de San Luis<\/title>\n<meta name=\"robots\" content=\"index, follow, max-snippet:-1, max-image-preview:large, max-video-preview:-1\" \/>\n<link rel=\"canonical\" href=\"https:\/\/apuntesdesanluis.com\/index.php\/2024\/08\/05\/el-ejecutivo-se-amparo-en-la-autonomia-municipal-para-responder-un-pedido-de-acceso-a-la-informacion\/\" \/>\n<meta property=\"og:locale\" content=\"es_ES\" \/>\n<meta property=\"og:type\" content=\"article\" \/>\n<meta property=\"og:title\" content=\"EL EJECUTIVO SE AMPAR\u00d3 EN LA \u201cAUTONOM\u00cdA MUNICIPAL\u201d AL RESPONDER UN PEDIDO DE ACCESO A LA INFORMACI\u00d3N - Apuntes de San Luis\" \/>\n<meta property=\"og:description\" content=\"Fue una solicitud de concejales de la ciudad de San Luis sobre anticipos de coparticipaci\u00f3n...\" \/>\n<meta property=\"og:url\" content=\"https:\/\/apuntesdesanluis.com\/index.php\/2024\/08\/05\/el-ejecutivo-se-amparo-en-la-autonomia-municipal-para-responder-un-pedido-de-acceso-a-la-informacion\/\" \/>\n<meta property=\"og:site_name\" content=\"Apuntes de San Luis\" \/>\n<meta property=\"article:published_time\" content=\"2024-08-05T22:08:56+00:00\" \/>\n<meta property=\"article:modified_time\" content=\"2024-08-05T22:09:26+00:00\" \/>\n<meta property=\"og:image\" content=\"https:\/\/apuntesdesanluis.com\/wp-content\/uploads\/2024\/08\/DARIO-OVIEDO.png\" \/>\n\t<meta property=\"og:image:width\" content=\"789\" \/>\n\t<meta property=\"og:image:height\" content=\"500\" \/>\n\t<meta property=\"og:image:type\" content=\"image\/png\" \/>\n<meta name=\"author\" content=\"apuntesdesanluis.com\" \/>\n<meta name=\"twitter:card\" content=\"summary_large_image\" \/>\n<meta name=\"twitter:label1\" content=\"Escrito por\" \/>\n\t<meta name=\"twitter:data1\" content=\"apuntesdesanluis.com\" \/>\n\t<meta name=\"twitter:label2\" content=\"Tiempo de lectura\" \/>\n\t<meta name=\"twitter:data2\" content=\"3 minutos\" \/>\n<script type=\"application\/ld+json\" class=\"yoast-schema-graph\">{\"@context\":\"https:\/\/schema.org\",\"@graph\":[{\"@type\":\"Article\",\"@id\":\"https:\/\/apuntesdesanluis.com\/index.php\/2024\/08\/05\/el-ejecutivo-se-amparo-en-la-autonomia-municipal-para-responder-un-pedido-de-acceso-a-la-informacion\/#article\",\"isPartOf\":{\"@id\":\"https:\/\/apuntesdesanluis.com\/index.php\/2024\/08\/05\/el-ejecutivo-se-amparo-en-la-autonomia-municipal-para-responder-un-pedido-de-acceso-a-la-informacion\/\"},\"author\":{\"name\":\"apuntesdesanluis.com\",\"@id\":\"https:\/\/apuntesdesanluis.com\/#\/schema\/person\/b55151d52296fcce64d1a72538a70b90\"},\"headline\":\"EL EJECUTIVO SE AMPAR\u00d3 EN LA \u201cAUTONOM\u00cdA MUNICIPAL\u201d AL RESPONDER UN PEDIDO DE ACCESO A LA INFORMACI\u00d3N\",\"datePublished\":\"2024-08-05T22:08:56+00:00\",\"dateModified\":\"2024-08-05T22:09:26+00:00\",\"mainEntityOfPage\":{\"@id\":\"https:\/\/apuntesdesanluis.com\/index.php\/2024\/08\/05\/el-ejecutivo-se-amparo-en-la-autonomia-municipal-para-responder-un-pedido-de-acceso-a-la-informacion\/\"},\"wordCount\":444,\"publisher\":{\"@id\":\"https:\/\/apuntesdesanluis.com\/#\/schema\/person\/b55151d52296fcce64d1a72538a70b90\"},\"image\":{\"@id\":\"https:\/\/apuntesdesanluis.com\/index.php\/2024\/08\/05\/el-ejecutivo-se-amparo-en-la-autonomia-municipal-para-responder-un-pedido-de-acceso-a-la-informacion\/#primaryimage\"},\"thumbnailUrl\":\"https:\/\/apuntesdesanluis.com\/wp-content\/uploads\/2024\/08\/DARIO-OVIEDO.png\",\"articleSection\":[\"Ciudad\/Provincia\"],\"inLanguage\":\"es-AR\"},{\"@type\":\"WebPage\",\"@id\":\"https:\/\/apuntesdesanluis.com\/index.php\/2024\/08\/05\/el-ejecutivo-se-amparo-en-la-autonomia-municipal-para-responder-un-pedido-de-acceso-a-la-informacion\/\",\"url\":\"https:\/\/apuntesdesanluis.com\/index.php\/2024\/08\/05\/el-ejecutivo-se-amparo-en-la-autonomia-municipal-para-responder-un-pedido-de-acceso-a-la-informacion\/\",\"name\":\"EL EJECUTIVO SE AMPAR\u00d3 EN LA \u201cAUTONOM\u00cdA MUNICIPAL\u201d AL RESPONDER UN PEDIDO DE ACCESO A LA INFORMACI\u00d3N - Apuntes de San Luis\",\"isPartOf\":{\"@id\":\"https:\/\/apuntesdesanluis.com\/#website\"},\"primaryImageOfPage\":{\"@id\":\"https:\/\/apuntesdesanluis.com\/index.php\/2024\/08\/05\/el-ejecutivo-se-amparo-en-la-autonomia-municipal-para-responder-un-pedido-de-acceso-a-la-informacion\/#primaryimage\"},\"image\":{\"@id\":\"https:\/\/apuntesdesanluis.com\/index.php\/2024\/08\/05\/el-ejecutivo-se-amparo-en-la-autonomia-municipal-para-responder-un-pedido-de-acceso-a-la-informacion\/#primaryimage\"},\"thumbnailUrl\":\"https:\/\/apuntesdesanluis.com\/wp-content\/uploads\/2024\/08\/DARIO-OVIEDO.png\",\"datePublished\":\"2024-08-05T22:08:56+00:00\",\"dateModified\":\"2024-08-05T22:09:26+00:00\",\"breadcrumb\":{\"@id\":\"https:\/\/apuntesdesanluis.com\/index.php\/2024\/08\/05\/el-ejecutivo-se-amparo-en-la-autonomia-municipal-para-responder-un-pedido-de-acceso-a-la-informacion\/#breadcrumb\"},\"inLanguage\":\"es-AR\",\"potentialAction\":[{\"@type\":\"ReadAction\",\"target\":[\"https:\/\/apuntesdesanluis.com\/index.php\/2024\/08\/05\/el-ejecutivo-se-amparo-en-la-autonomia-municipal-para-responder-un-pedido-de-acceso-a-la-informacion\/\"]}]},{\"@type\":\"ImageObject\",\"inLanguage\":\"es-AR\",\"@id\":\"https:\/\/apuntesdesanluis.com\/index.php\/2024\/08\/05\/el-ejecutivo-se-amparo-en-la-autonomia-municipal-para-responder-un-pedido-de-acceso-a-la-informacion\/#primaryimage\",\"url\":\"https:\/\/apuntesdesanluis.com\/wp-content\/uploads\/2024\/08\/DARIO-OVIEDO.png\",\"contentUrl\":\"https:\/\/apuntesdesanluis.com\/wp-content\/uploads\/2024\/08\/DARIO-OVIEDO.png\",\"width\":789,\"height\":500},{\"@type\":\"BreadcrumbList\",\"@id\":\"https:\/\/apuntesdesanluis.com\/index.php\/2024\/08\/05\/el-ejecutivo-se-amparo-en-la-autonomia-municipal-para-responder-un-pedido-de-acceso-a-la-informacion\/#breadcrumb\",\"itemListElement\":[{\"@type\":\"ListItem\",\"position\":1,\"name\":\"Inicio\",\"item\":\"https:\/\/apuntesdesanluis.com\/\"},{\"@type\":\"ListItem\",\"position\":2,\"name\":\"EL EJECUTIVO SE AMPAR\u00d3 EN LA \u201cAUTONOM\u00cdA MUNICIPAL\u201d AL RESPONDER UN PEDIDO DE ACCESO A LA INFORMACI\u00d3N\"}]},{\"@type\":\"WebSite\",\"@id\":\"https:\/\/apuntesdesanluis.com\/#website\",\"url\":\"https:\/\/apuntesdesanluis.com\/\",\"name\":\"Apuntes de San Luis\",\"description\":\"\",\"publisher\":{\"@id\":\"https:\/\/apuntesdesanluis.com\/#\/schema\/person\/b55151d52296fcce64d1a72538a70b90\"},\"potentialAction\":[{\"@type\":\"SearchAction\",\"target\":{\"@type\":\"EntryPoint\",\"urlTemplate\":\"https:\/\/apuntesdesanluis.com\/?s={search_term_string}\"},\"query-input\":{\"@type\":\"PropertyValueSpecification\",\"valueRequired\":true,\"valueName\":\"search_term_string\"}}],\"inLanguage\":\"es-AR\"},{\"@type\":[\"Person\",\"Organization\"],\"@id\":\"https:\/\/apuntesdesanluis.com\/#\/schema\/person\/b55151d52296fcce64d1a72538a70b90\",\"name\":\"apuntesdesanluis.com\",\"image\":{\"@type\":\"ImageObject\",\"inLanguage\":\"es-AR\",\"@id\":\"https:\/\/apuntesdesanluis.com\/#\/schema\/person\/image\/\",\"url\":\"https:\/\/apuntesdesanluis.com\/wp-content\/uploads\/2023\/07\/cropped-apuntesdesanluis.png\",\"contentUrl\":\"https:\/\/apuntesdesanluis.com\/wp-content\/uploads\/2023\/07\/cropped-apuntesdesanluis.png\",\"width\":450,\"height\":112,\"caption\":\"apuntesdesanluis.com\"},\"logo\":{\"@id\":\"https:\/\/apuntesdesanluis.com\/#\/schema\/person\/image\/\"},\"sameAs\":[\"https:\/\/apuntesdesanluis.com\"],\"url\":\"https:\/\/apuntesdesanluis.com\/index.php\/author\/apuntesdesanluis-com\/\"}]}<\/script>\n<!-- \/ Yoast SEO plugin. -->","yoast_head_json":{"title":"EL EJECUTIVO SE AMPAR\u00d3 EN LA \u201cAUTONOM\u00cdA MUNICIPAL\u201d AL RESPONDER UN PEDIDO DE ACCESO A LA INFORMACI\u00d3N - Apuntes de San Luis","robots":{"index":"index","follow":"follow","max-snippet":"max-snippet:-1","max-image-preview":"max-image-preview:large","max-video-preview":"max-video-preview:-1"},"canonical":"https:\/\/apuntesdesanluis.com\/index.php\/2024\/08\/05\/el-ejecutivo-se-amparo-en-la-autonomia-municipal-para-responder-un-pedido-de-acceso-a-la-informacion\/","og_locale":"es_ES","og_type":"article","og_title":"EL EJECUTIVO SE AMPAR\u00d3 EN LA \u201cAUTONOM\u00cdA MUNICIPAL\u201d AL RESPONDER UN PEDIDO DE ACCESO A LA INFORMACI\u00d3N - Apuntes de San Luis","og_description":"Fue una solicitud de concejales de la ciudad de San Luis sobre anticipos de coparticipaci\u00f3n...","og_url":"https:\/\/apuntesdesanluis.com\/index.php\/2024\/08\/05\/el-ejecutivo-se-amparo-en-la-autonomia-municipal-para-responder-un-pedido-de-acceso-a-la-informacion\/","og_site_name":"Apuntes de San Luis","article_published_time":"2024-08-05T22:08:56+00:00","article_modified_time":"2024-08-05T22:09:26+00:00","og_image":[{"width":789,"height":500,"url":"https:\/\/apuntesdesanluis.com\/wp-content\/uploads\/2024\/08\/DARIO-OVIEDO.png","type":"image\/png"}],"author":"apuntesdesanluis.com","twitter_card":"summary_large_image","twitter_misc":{"Escrito por":"apuntesdesanluis.com","Tiempo de lectura":"3 minutos"},"schema":{"@context":"https:\/\/schema.org","@graph":[{"@type":"Article","@id":"https:\/\/apuntesdesanluis.com\/index.php\/2024\/08\/05\/el-ejecutivo-se-amparo-en-la-autonomia-municipal-para-responder-un-pedido-de-acceso-a-la-informacion\/#article","isPartOf":{"@id":"https:\/\/apuntesdesanluis.com\/index.php\/2024\/08\/05\/el-ejecutivo-se-amparo-en-la-autonomia-municipal-para-responder-un-pedido-de-acceso-a-la-informacion\/"},"author":{"name":"apuntesdesanluis.com","@id":"https:\/\/apuntesdesanluis.com\/#\/schema\/person\/b55151d52296fcce64d1a72538a70b90"},"headline":"EL EJECUTIVO SE AMPAR\u00d3 EN LA \u201cAUTONOM\u00cdA MUNICIPAL\u201d AL RESPONDER UN PEDIDO DE ACCESO A LA INFORMACI\u00d3N","datePublished":"2024-08-05T22:08:56+00:00","dateModified":"2024-08-05T22:09:26+00:00","mainEntityOfPage":{"@id":"https:\/\/apuntesdesanluis.com\/index.php\/2024\/08\/05\/el-ejecutivo-se-amparo-en-la-autonomia-municipal-para-responder-un-pedido-de-acceso-a-la-informacion\/"},"wordCount":444,"publisher":{"@id":"https:\/\/apuntesdesanluis.com\/#\/schema\/person\/b55151d52296fcce64d1a72538a70b90"},"image":{"@id":"https:\/\/apuntesdesanluis.com\/index.php\/2024\/08\/05\/el-ejecutivo-se-amparo-en-la-autonomia-municipal-para-responder-un-pedido-de-acceso-a-la-informacion\/#primaryimage"},"thumbnailUrl":"https:\/\/apuntesdesanluis.com\/wp-content\/uploads\/2024\/08\/DARIO-OVIEDO.png","articleSection":["Ciudad\/Provincia"],"inLanguage":"es-AR"},{"@type":"WebPage","@id":"https:\/\/apuntesdesanluis.com\/index.php\/2024\/08\/05\/el-ejecutivo-se-amparo-en-la-autonomia-municipal-para-responder-un-pedido-de-acceso-a-la-informacion\/","url":"https:\/\/apuntesdesanluis.com\/index.php\/2024\/08\/05\/el-ejecutivo-se-amparo-en-la-autonomia-municipal-para-responder-un-pedido-de-acceso-a-la-informacion\/","name":"EL EJECUTIVO SE AMPAR\u00d3 EN LA \u201cAUTONOM\u00cdA MUNICIPAL\u201d AL RESPONDER UN PEDIDO DE ACCESO A LA INFORMACI\u00d3N - Apuntes de San Luis","isPartOf":{"@id":"https:\/\/apuntesdesanluis.com\/#website"},"primaryImageOfPage":{"@id":"https:\/\/apuntesdesanluis.com\/index.php\/2024\/08\/05\/el-ejecutivo-se-amparo-en-la-autonomia-municipal-para-responder-un-pedido-de-acceso-a-la-informacion\/#primaryimage"},"image":{"@id":"https:\/\/apuntesdesanluis.com\/index.php\/2024\/08\/05\/el-ejecutivo-se-amparo-en-la-autonomia-municipal-para-responder-un-pedido-de-acceso-a-la-informacion\/#primaryimage"},"thumbnailUrl":"https:\/\/apuntesdesanluis.com\/wp-content\/uploads\/2024\/08\/DARIO-OVIEDO.png","datePublished":"2024-08-05T22:08:56+00:00","dateModified":"2024-08-05T22:09:26+00:00","breadcrumb":{"@id":"https:\/\/apuntesdesanluis.com\/index.php\/2024\/08\/05\/el-ejecutivo-se-amparo-en-la-autonomia-municipal-para-responder-un-pedido-de-acceso-a-la-informacion\/#breadcrumb"},"inLanguage":"es-AR","potentialAction":[{"@type":"ReadAction","target":["https:\/\/apuntesdesanluis.com\/index.php\/2024\/08\/05\/el-ejecutivo-se-amparo-en-la-autonomia-municipal-para-responder-un-pedido-de-acceso-a-la-informacion\/"]}]},{"@type":"ImageObject","inLanguage":"es-AR","@id":"https:\/\/apuntesdesanluis.com\/index.php\/2024\/08\/05\/el-ejecutivo-se-amparo-en-la-autonomia-municipal-para-responder-un-pedido-de-acceso-a-la-informacion\/#primaryimage","url":"https:\/\/apuntesdesanluis.com\/wp-content\/uploads\/2024\/08\/DARIO-OVIEDO.png","contentUrl":"https:\/\/apuntesdesanluis.com\/wp-content\/uploads\/2024\/08\/DARIO-OVIEDO.png","width":789,"height":500},{"@type":"BreadcrumbList","@id":"https:\/\/apuntesdesanluis.com\/index.php\/2024\/08\/05\/el-ejecutivo-se-amparo-en-la-autonomia-municipal-para-responder-un-pedido-de-acceso-a-la-informacion\/#breadcrumb","itemListElement":[{"@type":"ListItem","position":1,"name":"Inicio","item":"https:\/\/apuntesdesanluis.com\/"},{"@type":"ListItem","position":2,"name":"EL EJECUTIVO SE AMPAR\u00d3 EN LA \u201cAUTONOM\u00cdA MUNICIPAL\u201d AL RESPONDER UN PEDIDO DE ACCESO A LA INFORMACI\u00d3N"}]},{"@type":"WebSite","@id":"https:\/\/apuntesdesanluis.com\/#website","url":"https:\/\/apuntesdesanluis.com\/","name":"Apuntes de San Luis","description":"","publisher":{"@id":"https:\/\/apuntesdesanluis.com\/#\/schema\/person\/b55151d52296fcce64d1a72538a70b90"},"potentialAction":[{"@type":"SearchAction","target":{"@type":"EntryPoint","urlTemplate":"https:\/\/apuntesdesanluis.com\/?s={search_term_string}"},"query-input":{"@type":"PropertyValueSpecification","valueRequired":true,"valueName":"search_term_string"}}],"inLanguage":"es-AR"},{"@type":["Person","Organization"],"@id":"https:\/\/apuntesdesanluis.com\/#\/schema\/person\/b55151d52296fcce64d1a72538a70b90","name":"apuntesdesanluis.com","image":{"@type":"ImageObject","inLanguage":"es-AR","@id":"https:\/\/apuntesdesanluis.com\/#\/schema\/person\/image\/","url":"https:\/\/apuntesdesanluis.com\/wp-content\/uploads\/2023\/07\/cropped-apuntesdesanluis.png","contentUrl":"https:\/\/apuntesdesanluis.com\/wp-content\/uploads\/2023\/07\/cropped-apuntesdesanluis.png","width":450,"height":112,"caption":"apuntesdesanluis.com"},"logo":{"@id":"https:\/\/apuntesdesanluis.com\/#\/schema\/person\/image\/"},"sameAs":["https:\/\/apuntesdesanluis.com"],"url":"https:\/\/apuntesdesanluis.com\/index.php\/author\/apuntesdesanluis-com\/"}]}},"featured_image_urls":{"full":["https:\/\/apuntesdesanluis.com\/wp-content\/uploads\/2024\/08\/DARIO-OVIEDO.png",789,500,false],"thumbnail":["https:\/\/apuntesdesanluis.com\/wp-content\/uploads\/2024\/08\/DARIO-OVIEDO-150x150.png",150,150,true],"medium":["https:\/\/apuntesdesanluis.com\/wp-content\/uploads\/2024\/08\/DARIO-OVIEDO-300x190.png",300,190,true],"medium_large":["https:\/\/apuntesdesanluis.com\/wp-content\/uploads\/2024\/08\/DARIO-OVIEDO-768x487.png",640,406,true],"large":["https:\/\/apuntesdesanluis.com\/wp-content\/uploads\/2024\/08\/DARIO-OVIEDO.png",640,406,false],"1536x1536":["https:\/\/apuntesdesanluis.com\/wp-content\/uploads\/2024\/08\/DARIO-OVIEDO.png",789,500,false],"2048x2048":["https:\/\/apuntesdesanluis.com\/wp-content\/uploads\/2024\/08\/DARIO-OVIEDO.png",789,500,false],"newsever-slider-full":["https:\/\/apuntesdesanluis.com\/wp-content\/uploads\/2024\/08\/DARIO-OVIEDO.png",789,500,false],"newsever-featured":["https:\/\/apuntesdesanluis.com\/wp-content\/uploads\/2024\/08\/DARIO-OVIEDO.png",789,500,false],"newsever-medium":["https:\/\/apuntesdesanluis.com\/wp-content\/uploads\/2024\/08\/DARIO-OVIEDO-720x475.png",720,475,true]},"author_info":{"display_name":"apuntesdesanluis.com","author_link":"https:\/\/apuntesdesanluis.com\/index.php\/author\/apuntesdesanluis-com\/"},"category_info":"<a href=\"https:\/\/apuntesdesanluis.com\/index.php\/category\/ciudad-provincia\/\" rel=\"category tag\">Ciudad\/Provincia<\/a>","tag_info":"Ciudad\/Provincia","comment_count":"0","_links":{"self":[{"href":"https:\/\/apuntesdesanluis.com\/index.php\/wp-json\/wp\/v2\/posts\/20353","targetHints":{"allow":["GET"]}}],"collection":[{"href":"https:\/\/apuntesdesanluis.com\/index.php\/wp-json\/wp\/v2\/posts"}],"about":[{"href":"https:\/\/apuntesdesanluis.com\/index.php\/wp-json\/wp\/v2\/types\/post"}],"author":[{"embeddable":true,"href":"https:\/\/apuntesdesanluis.com\/index.php\/wp-json\/wp\/v2\/users\/1"}],"replies":[{"embeddable":true,"href":"https:\/\/apuntesdesanluis.com\/index.php\/wp-json\/wp\/v2\/comments?post=20353"}],"version-history":[{"count":2,"href":"https:\/\/apuntesdesanluis.com\/index.php\/wp-json\/wp\/v2\/posts\/20353\/revisions"}],"predecessor-version":[{"id":20357,"href":"https:\/\/apuntesdesanluis.com\/index.php\/wp-json\/wp\/v2\/posts\/20353\/revisions\/20357"}],"wp:featuredmedia":[{"embeddable":true,"href":"https:\/\/apuntesdesanluis.com\/index.php\/wp-json\/wp\/v2\/media\/20355"}],"wp:attachment":[{"href":"https:\/\/apuntesdesanluis.com\/index.php\/wp-json\/wp\/v2\/media?parent=20353"}],"wp:term":[{"taxonomy":"category","embeddable":true,"href":"https:\/\/apuntesdesanluis.com\/index.php\/wp-json\/wp\/v2\/categories?post=20353"},{"taxonomy":"post_tag","embeddable":true,"href":"https:\/\/apuntesdesanluis.com\/index.php\/wp-json\/wp\/v2\/tags?post=20353"}],"curies":[{"name":"wp","href":"https:\/\/api.w.org\/{rel}","templated":true}]}}