{"id":20362,"date":"2024-08-05T19:30:11","date_gmt":"2024-08-05T22:30:11","guid":{"rendered":"https:\/\/apuntesdesanluis.com\/?p=20362"},"modified":"2024-08-05T19:30:11","modified_gmt":"2024-08-05T22:30:11","slug":"fiscalia-y-querella-pidieron-perpetua-para-solalinde-la-defensa-solo-5-anos","status":"publish","type":"post","link":"https:\/\/apuntesdesanluis.com\/index.php\/2024\/08\/05\/fiscalia-y-querella-pidieron-perpetua-para-solalinde-la-defensa-solo-5-anos\/","title":{"rendered":"FISCAL\u00cdA Y QUERELLA PIDIERON PERPETUA PARA SOLALINDE; LA DEFENSA SOLO 5 A\u00d1OS"},"content":{"rendered":"<h3>Este lunes, a lo largo de m\u00e1s de cinco horas, el Tribunal\u00a0 \u2013 integrado por la Dra. Daniela Estrada y los Dres. Mauro D\u00b4Agata Henr\u00edquez\u00a0 y Sebasti\u00e1n Cadelago Filippi- recepcion\u00f3 los alegatos de cierre en el debate oral que juzga a Juan <strong>Carlos Solalinde<\/strong> por homicidio doblemente calificado por haber mantenido una relaci\u00f3n de pareja y por violencia de g\u00e9nero en perjuicio de <strong>Johana Galdeano<\/strong>.<\/h3>\n<h3>En la jornada de hoy las partes plantearon su teor\u00eda del caso y realizaron el encuadre legal y el pedido de pena. La Querella y el Fiscal de Juicio solicitaron prisi\u00f3n perpetua para Juan Carlos Solalinde, mientras que la Defensa solicit\u00f3 una pena de 5 a\u00f1os de prisi\u00f3n al considerar que actu\u00f3 bajo emoci\u00f3n violenta y en exceso de la leg\u00edtima defensa. Este martes 6 de agosto, a las 12 horas, el Tribunal dar\u00e1 a conocer el veredicto.<\/h3>\n<h3>En primer lugar, el Fiscal de Juicio, Dr. Ernesto Lutens, realiz\u00f3 una rese\u00f1a de los hechos no cuestionados. Mencion\u00f3 que la v\u00edctima y el acusado hab\u00edan mantenido una relaci\u00f3n\u00a0 de pareja y que la misma transcurri\u00f3 en un contexto de violencia de g\u00e9nero.<\/h3>\n<h3>El hecho ocurri\u00f3 el 26 de mayo del 2021 aproximadamente a las 15.30 horas, detall\u00f3 y\u00a0 asegur\u00f3 que el acusado adulter\u00f3 la escena una vez cometido el crimen. Record\u00f3 que posteriormente se entreg\u00f3 en la Comisar\u00eda 8\u00aa de Villa Mercedes.<\/h3>\n<h3><strong>FISCAL\u00cdA Y QUERELLA<\/strong><\/h3>\n<h3>El Fiscal de Juicio asever\u00f3 que se encuentran absolutamente acreditadas la materialidad y la autor\u00eda del hecho, al que encuadr\u00f3 como homicidio doblemente calificado por mediar una relaci\u00f3n de pareja y violencia de g\u00e9nero.<\/h3>\n<p><img fetchpriority=\"high\" decoding=\"async\" class=\"wp-image-20364 aligncenter\" src=\"https:\/\/apuntesdesanluis.com\/wp-content\/uploads\/2024\/08\/FISCALIA-Y-QUERELLA-300x187.png\" alt=\"\" width=\"648\" height=\"404\" srcset=\"https:\/\/apuntesdesanluis.com\/wp-content\/uploads\/2024\/08\/FISCALIA-Y-QUERELLA-300x187.png 300w, https:\/\/apuntesdesanluis.com\/wp-content\/uploads\/2024\/08\/FISCALIA-Y-QUERELLA.png 600w\" sizes=\"(max-width: 648px) 100vw, 648px\" \/><\/p>\n<h3>A continuaci\u00f3n se refiri\u00f3 a la secuencia en la que se produjeron los disparos y asegur\u00f3 que no existi\u00f3 leg\u00edtima defensa, ni mucho menos exceso en la leg\u00edtima defensa.<\/h3>\n<h3>A su vez, el Dr. Lutens asegur\u00f3 que el hecho fue generado por el acusado. \u201cEs quien la provoca para que Johana fuera a la casa\u201d, dijo. Mencion\u00f3 los testimonios aportados durante el debate que denotaron diferentes situaciones de violencia sufridas por Galdeano.<\/h3>\n<h3>Atento el encuadre legal formulado, el Fiscal de Juicio solicit\u00f3 para Juan Carlos Solalinde la pena de prisi\u00f3n perpetua. Mencion\u00f3 como atenuantes la falta de antecedentes penales y como agravantes la magnitud del perjuicio causado.<\/h3>\n<h3>Luego, la representante de la querella, Dra. Mikaela Eguinoa, record\u00f3 bajo qu\u00e9 circunstancias \u2013 el 26 de mayo del 2021 \u2013 Johana Galdeano se dirigi\u00f3 al galp\u00f3n ubicado sobre la calle Sarmiento, donde ocurri\u00f3 el hecho investigado.<\/h3>\n<h3>Explic\u00f3 que el acusado utiliz\u00f3 un pretexto para \u201catrapar a la v\u00edctima y despleg\u00f3 su verdadero prop\u00f3sito que era terminar con la vida de Johana\u201d.\u00a0 Asegur\u00f3 que el hecho se consum\u00f3 en un claro contexto de violencia de g\u00e9nero \u2013 que se extendi\u00f3 a lo largo de los seis a\u00f1os de relaci\u00f3n \u2013 y que Solalinde actu\u00f3 en una posici\u00f3n absoluta de dominio y ventaja.<\/h3>\n<h3>Asimismo, dijo que el acusado no experiment\u00f3 ning\u00fan sentimiento de culpa ni de arrepentimiento.<\/h3>\n<h3>Solicit\u00f3 al Tribunal que rechacen las circunstancias atenuantes sostenidas por la Defensa. Consider\u00f3 que \u201cla \u00fanica condena aplicable es la cadena perpetua, sin beneficios\u201d y enmarc\u00f3 al hecho en los mismos t\u00e9rminos que lo expresado <strong>por el Fiscal de Juicio.\u00a0<\/strong><\/h3>\n<p><img decoding=\"async\" class=\"wp-image-20365 aligncenter\" src=\"https:\/\/apuntesdesanluis.com\/wp-content\/uploads\/2024\/08\/CASO-SOLALINDE-1-300x167.png\" alt=\"\" width=\"640\" height=\"356\" srcset=\"https:\/\/apuntesdesanluis.com\/wp-content\/uploads\/2024\/08\/CASO-SOLALINDE-1-300x167.png 300w, https:\/\/apuntesdesanluis.com\/wp-content\/uploads\/2024\/08\/CASO-SOLALINDE-1.png 600w\" sizes=\"(max-width: 640px) 100vw, 640px\" \/><\/p>\n<h3><strong>DEFENSA<\/strong><\/h3>\n<h3>Por \u00faltimo, la Defensa del acusado, representada por los Dres. Marcos Ju\u00e1rez y Ramiro Rubio, asegur\u00f3 que Solalinde actu\u00f3 bajo las conductas descriptas en los Arts.\u00a0 82 y 35 del C\u00f3digo Penal Argentino (emoci\u00f3n violenta y exceso en la leg\u00edtima defensa).\u00a0 En tal encuadre, solicitaron se lo condene a sufrir la pena de 5 a\u00f1os de prisi\u00f3n.<\/h3>\n<h3>En primer lugar, explicaron que no discutir\u00edan la existencia del hecho, ni la culpabilidad de Solalinde pero si cuestionar\u00edan la calificaci\u00f3n legal. Detallaron que, desde su teor\u00eda del caso, la v\u00edctima se present\u00f3 en el domicilio de Solalinde mu\u00f1ida de un cuchillo.<\/h3>\n<h3>Hicieron una extensa descripci\u00f3n de las caracter\u00edsticas de la relaci\u00f3n entre Galdeano y Solalinde, a la que calificaron como \u201cconflictiva\u201d. Aseguraron que el acusado era humillado, sometido y que fue en ese contexto donde su defendido actu\u00f3 el d\u00eda del hecho y el Dr. Ju\u00e1rez dijo \u201clejos est\u00e1 Solalinde de ser el personaje violento de esta historia\u201d.<\/h3>\n<h3>Entre otras conclusiones, la Defensa defini\u00f3 a la relaci\u00f3n de la v\u00edctima y victimario como t\u00f3xica, y explic\u00f3 que Galdeano irrumpi\u00f3 intempestivamente en el domicilio de Solalinde portando un cuchillo, lo que lo provoc\u00f3 y desencaden\u00f3 un estado de conmoci\u00f3n violenta.<\/h3>\n<h3>Cabe mencionar que para argumentar su teor\u00eda la Defensa present\u00f3 extractos de audios y videos incorporados como pruebas a la causa.<\/h3>\n<h3>Por \u00faltimo, la Presidenta del Tribunal cedi\u00f3 la palabra al imputado quien pidi\u00f3 disculpas a la familia de la v\u00edctima, a su hijo y a su propia familia. \u201cNo soy un asesino\u201d, dijo.<\/h3>\n<h3>Al finalizar los alegatos, el Tribunal inform\u00f3\u00a0 que el veredicto se dar\u00e1 a conocer este martes 6 de agosto, a las 12 horas en la Sala de Juicios N\u00ba 1 de la Segunda Circunscripci\u00f3n Judicial.<\/h3>\n<p>&nbsp;<\/p>\n<p>&nbsp;<\/p>\n<p>&nbsp;<\/p>\n<p>&nbsp;<\/p>\n<p>&nbsp;<\/p>\n<p>&nbsp;<\/p>\n","protected":false},"excerpt":{"rendered":"<p>Este lunes, a lo largo de m\u00e1s de cinco horas, el Tribunal\u00a0 \u2013 integrado por&#8230;<\/p>\n","protected":false},"author":1,"featured_media":20363,"comment_status":"closed","ping_status":"closed","sticky":false,"template":"","format":"standard","meta":{"footnotes":""},"categories":[6],"tags":[],"class_list":["post-20362","post","type-post","status-publish","format-standard","has-post-thumbnail","hentry","category-ciudad-provincia"],"yoast_head":"<!-- This site is optimized with the Yoast SEO plugin v26.1.1 - https:\/\/yoast.com\/wordpress\/plugins\/seo\/ -->\n<title>FISCAL\u00cdA Y QUERELLA PIDIERON PERPETUA PARA SOLALINDE; LA DEFENSA SOLO 5 A\u00d1OS - Apuntes de San Luis<\/title>\n<meta name=\"robots\" content=\"index, follow, max-snippet:-1, max-image-preview:large, max-video-preview:-1\" \/>\n<link rel=\"canonical\" href=\"https:\/\/apuntesdesanluis.com\/index.php\/2024\/08\/05\/fiscalia-y-querella-pidieron-perpetua-para-solalinde-la-defensa-solo-5-anos\/\" \/>\n<meta property=\"og:locale\" content=\"es_ES\" \/>\n<meta property=\"og:type\" content=\"article\" \/>\n<meta property=\"og:title\" content=\"FISCAL\u00cdA Y QUERELLA PIDIERON PERPETUA PARA SOLALINDE; LA DEFENSA SOLO 5 A\u00d1OS - Apuntes de San Luis\" \/>\n<meta property=\"og:description\" content=\"Este lunes, a lo largo de m\u00e1s de cinco horas, el Tribunal\u00a0 \u2013 integrado por...\" \/>\n<meta property=\"og:url\" content=\"https:\/\/apuntesdesanluis.com\/index.php\/2024\/08\/05\/fiscalia-y-querella-pidieron-perpetua-para-solalinde-la-defensa-solo-5-anos\/\" \/>\n<meta property=\"og:site_name\" content=\"Apuntes de San Luis\" \/>\n<meta property=\"article:published_time\" content=\"2024-08-05T22:30:11+00:00\" \/>\n<meta property=\"og:image\" content=\"https:\/\/apuntesdesanluis.com\/wp-content\/uploads\/2024\/08\/JUICIO-A-SOLALINDE.png\" \/>\n\t<meta property=\"og:image:width\" content=\"657\" \/>\n\t<meta property=\"og:image:height\" content=\"400\" \/>\n\t<meta property=\"og:image:type\" content=\"image\/png\" \/>\n<meta name=\"author\" content=\"apuntesdesanluis.com\" \/>\n<meta name=\"twitter:card\" content=\"summary_large_image\" \/>\n<meta name=\"twitter:label1\" content=\"Escrito por\" \/>\n\t<meta name=\"twitter:data1\" content=\"apuntesdesanluis.com\" \/>\n\t<meta name=\"twitter:label2\" content=\"Tiempo de lectura\" \/>\n\t<meta name=\"twitter:data2\" content=\"5 minutos\" \/>\n<script type=\"application\/ld+json\" class=\"yoast-schema-graph\">{\"@context\":\"https:\/\/schema.org\",\"@graph\":[{\"@type\":\"Article\",\"@id\":\"https:\/\/apuntesdesanluis.com\/index.php\/2024\/08\/05\/fiscalia-y-querella-pidieron-perpetua-para-solalinde-la-defensa-solo-5-anos\/#article\",\"isPartOf\":{\"@id\":\"https:\/\/apuntesdesanluis.com\/index.php\/2024\/08\/05\/fiscalia-y-querella-pidieron-perpetua-para-solalinde-la-defensa-solo-5-anos\/\"},\"author\":{\"name\":\"apuntesdesanluis.com\",\"@id\":\"https:\/\/apuntesdesanluis.com\/#\/schema\/person\/b55151d52296fcce64d1a72538a70b90\"},\"headline\":\"FISCAL\u00cdA Y QUERELLA PIDIERON PERPETUA PARA SOLALINDE; LA DEFENSA SOLO 5 A\u00d1OS\",\"datePublished\":\"2024-08-05T22:30:11+00:00\",\"mainEntityOfPage\":{\"@id\":\"https:\/\/apuntesdesanluis.com\/index.php\/2024\/08\/05\/fiscalia-y-querella-pidieron-perpetua-para-solalinde-la-defensa-solo-5-anos\/\"},\"wordCount\":871,\"publisher\":{\"@id\":\"https:\/\/apuntesdesanluis.com\/#\/schema\/person\/b55151d52296fcce64d1a72538a70b90\"},\"image\":{\"@id\":\"https:\/\/apuntesdesanluis.com\/index.php\/2024\/08\/05\/fiscalia-y-querella-pidieron-perpetua-para-solalinde-la-defensa-solo-5-anos\/#primaryimage\"},\"thumbnailUrl\":\"https:\/\/apuntesdesanluis.com\/wp-content\/uploads\/2024\/08\/JUICIO-A-SOLALINDE.png\",\"articleSection\":[\"Ciudad\/Provincia\"],\"inLanguage\":\"es-AR\"},{\"@type\":\"WebPage\",\"@id\":\"https:\/\/apuntesdesanluis.com\/index.php\/2024\/08\/05\/fiscalia-y-querella-pidieron-perpetua-para-solalinde-la-defensa-solo-5-anos\/\",\"url\":\"https:\/\/apuntesdesanluis.com\/index.php\/2024\/08\/05\/fiscalia-y-querella-pidieron-perpetua-para-solalinde-la-defensa-solo-5-anos\/\",\"name\":\"FISCAL\u00cdA Y QUERELLA PIDIERON PERPETUA PARA SOLALINDE; LA DEFENSA SOLO 5 A\u00d1OS - Apuntes de San Luis\",\"isPartOf\":{\"@id\":\"https:\/\/apuntesdesanluis.com\/#website\"},\"primaryImageOfPage\":{\"@id\":\"https:\/\/apuntesdesanluis.com\/index.php\/2024\/08\/05\/fiscalia-y-querella-pidieron-perpetua-para-solalinde-la-defensa-solo-5-anos\/#primaryimage\"},\"image\":{\"@id\":\"https:\/\/apuntesdesanluis.com\/index.php\/2024\/08\/05\/fiscalia-y-querella-pidieron-perpetua-para-solalinde-la-defensa-solo-5-anos\/#primaryimage\"},\"thumbnailUrl\":\"https:\/\/apuntesdesanluis.com\/wp-content\/uploads\/2024\/08\/JUICIO-A-SOLALINDE.png\",\"datePublished\":\"2024-08-05T22:30:11+00:00\",\"breadcrumb\":{\"@id\":\"https:\/\/apuntesdesanluis.com\/index.php\/2024\/08\/05\/fiscalia-y-querella-pidieron-perpetua-para-solalinde-la-defensa-solo-5-anos\/#breadcrumb\"},\"inLanguage\":\"es-AR\",\"potentialAction\":[{\"@type\":\"ReadAction\",\"target\":[\"https:\/\/apuntesdesanluis.com\/index.php\/2024\/08\/05\/fiscalia-y-querella-pidieron-perpetua-para-solalinde-la-defensa-solo-5-anos\/\"]}]},{\"@type\":\"ImageObject\",\"inLanguage\":\"es-AR\",\"@id\":\"https:\/\/apuntesdesanluis.com\/index.php\/2024\/08\/05\/fiscalia-y-querella-pidieron-perpetua-para-solalinde-la-defensa-solo-5-anos\/#primaryimage\",\"url\":\"https:\/\/apuntesdesanluis.com\/wp-content\/uploads\/2024\/08\/JUICIO-A-SOLALINDE.png\",\"contentUrl\":\"https:\/\/apuntesdesanluis.com\/wp-content\/uploads\/2024\/08\/JUICIO-A-SOLALINDE.png\",\"width\":657,\"height\":400},{\"@type\":\"BreadcrumbList\",\"@id\":\"https:\/\/apuntesdesanluis.com\/index.php\/2024\/08\/05\/fiscalia-y-querella-pidieron-perpetua-para-solalinde-la-defensa-solo-5-anos\/#breadcrumb\",\"itemListElement\":[{\"@type\":\"ListItem\",\"position\":1,\"name\":\"Inicio\",\"item\":\"https:\/\/apuntesdesanluis.com\/\"},{\"@type\":\"ListItem\",\"position\":2,\"name\":\"FISCAL\u00cdA Y QUERELLA PIDIERON PERPETUA PARA SOLALINDE; LA DEFENSA SOLO 5 A\u00d1OS\"}]},{\"@type\":\"WebSite\",\"@id\":\"https:\/\/apuntesdesanluis.com\/#website\",\"url\":\"https:\/\/apuntesdesanluis.com\/\",\"name\":\"Apuntes de San Luis\",\"description\":\"\",\"publisher\":{\"@id\":\"https:\/\/apuntesdesanluis.com\/#\/schema\/person\/b55151d52296fcce64d1a72538a70b90\"},\"potentialAction\":[{\"@type\":\"SearchAction\",\"target\":{\"@type\":\"EntryPoint\",\"urlTemplate\":\"https:\/\/apuntesdesanluis.com\/?s={search_term_string}\"},\"query-input\":{\"@type\":\"PropertyValueSpecification\",\"valueRequired\":true,\"valueName\":\"search_term_string\"}}],\"inLanguage\":\"es-AR\"},{\"@type\":[\"Person\",\"Organization\"],\"@id\":\"https:\/\/apuntesdesanluis.com\/#\/schema\/person\/b55151d52296fcce64d1a72538a70b90\",\"name\":\"apuntesdesanluis.com\",\"image\":{\"@type\":\"ImageObject\",\"inLanguage\":\"es-AR\",\"@id\":\"https:\/\/apuntesdesanluis.com\/#\/schema\/person\/image\/\",\"url\":\"https:\/\/apuntesdesanluis.com\/wp-content\/uploads\/2023\/07\/cropped-apuntesdesanluis.png\",\"contentUrl\":\"https:\/\/apuntesdesanluis.com\/wp-content\/uploads\/2023\/07\/cropped-apuntesdesanluis.png\",\"width\":450,\"height\":112,\"caption\":\"apuntesdesanluis.com\"},\"logo\":{\"@id\":\"https:\/\/apuntesdesanluis.com\/#\/schema\/person\/image\/\"},\"sameAs\":[\"https:\/\/apuntesdesanluis.com\"],\"url\":\"https:\/\/apuntesdesanluis.com\/index.php\/author\/apuntesdesanluis-com\/\"}]}<\/script>\n<!-- \/ Yoast SEO plugin. -->","yoast_head_json":{"title":"FISCAL\u00cdA Y QUERELLA PIDIERON PERPETUA PARA SOLALINDE; LA DEFENSA SOLO 5 A\u00d1OS - Apuntes de San Luis","robots":{"index":"index","follow":"follow","max-snippet":"max-snippet:-1","max-image-preview":"max-image-preview:large","max-video-preview":"max-video-preview:-1"},"canonical":"https:\/\/apuntesdesanluis.com\/index.php\/2024\/08\/05\/fiscalia-y-querella-pidieron-perpetua-para-solalinde-la-defensa-solo-5-anos\/","og_locale":"es_ES","og_type":"article","og_title":"FISCAL\u00cdA Y QUERELLA PIDIERON PERPETUA PARA SOLALINDE; LA DEFENSA SOLO 5 A\u00d1OS - Apuntes de San Luis","og_description":"Este lunes, a lo largo de m\u00e1s de cinco horas, el Tribunal\u00a0 \u2013 integrado por...","og_url":"https:\/\/apuntesdesanluis.com\/index.php\/2024\/08\/05\/fiscalia-y-querella-pidieron-perpetua-para-solalinde-la-defensa-solo-5-anos\/","og_site_name":"Apuntes de San Luis","article_published_time":"2024-08-05T22:30:11+00:00","og_image":[{"width":657,"height":400,"url":"https:\/\/apuntesdesanluis.com\/wp-content\/uploads\/2024\/08\/JUICIO-A-SOLALINDE.png","type":"image\/png"}],"author":"apuntesdesanluis.com","twitter_card":"summary_large_image","twitter_misc":{"Escrito por":"apuntesdesanluis.com","Tiempo de lectura":"5 minutos"},"schema":{"@context":"https:\/\/schema.org","@graph":[{"@type":"Article","@id":"https:\/\/apuntesdesanluis.com\/index.php\/2024\/08\/05\/fiscalia-y-querella-pidieron-perpetua-para-solalinde-la-defensa-solo-5-anos\/#article","isPartOf":{"@id":"https:\/\/apuntesdesanluis.com\/index.php\/2024\/08\/05\/fiscalia-y-querella-pidieron-perpetua-para-solalinde-la-defensa-solo-5-anos\/"},"author":{"name":"apuntesdesanluis.com","@id":"https:\/\/apuntesdesanluis.com\/#\/schema\/person\/b55151d52296fcce64d1a72538a70b90"},"headline":"FISCAL\u00cdA Y QUERELLA PIDIERON PERPETUA PARA SOLALINDE; LA DEFENSA SOLO 5 A\u00d1OS","datePublished":"2024-08-05T22:30:11+00:00","mainEntityOfPage":{"@id":"https:\/\/apuntesdesanluis.com\/index.php\/2024\/08\/05\/fiscalia-y-querella-pidieron-perpetua-para-solalinde-la-defensa-solo-5-anos\/"},"wordCount":871,"publisher":{"@id":"https:\/\/apuntesdesanluis.com\/#\/schema\/person\/b55151d52296fcce64d1a72538a70b90"},"image":{"@id":"https:\/\/apuntesdesanluis.com\/index.php\/2024\/08\/05\/fiscalia-y-querella-pidieron-perpetua-para-solalinde-la-defensa-solo-5-anos\/#primaryimage"},"thumbnailUrl":"https:\/\/apuntesdesanluis.com\/wp-content\/uploads\/2024\/08\/JUICIO-A-SOLALINDE.png","articleSection":["Ciudad\/Provincia"],"inLanguage":"es-AR"},{"@type":"WebPage","@id":"https:\/\/apuntesdesanluis.com\/index.php\/2024\/08\/05\/fiscalia-y-querella-pidieron-perpetua-para-solalinde-la-defensa-solo-5-anos\/","url":"https:\/\/apuntesdesanluis.com\/index.php\/2024\/08\/05\/fiscalia-y-querella-pidieron-perpetua-para-solalinde-la-defensa-solo-5-anos\/","name":"FISCAL\u00cdA Y QUERELLA PIDIERON PERPETUA PARA SOLALINDE; LA DEFENSA SOLO 5 A\u00d1OS - Apuntes de San Luis","isPartOf":{"@id":"https:\/\/apuntesdesanluis.com\/#website"},"primaryImageOfPage":{"@id":"https:\/\/apuntesdesanluis.com\/index.php\/2024\/08\/05\/fiscalia-y-querella-pidieron-perpetua-para-solalinde-la-defensa-solo-5-anos\/#primaryimage"},"image":{"@id":"https:\/\/apuntesdesanluis.com\/index.php\/2024\/08\/05\/fiscalia-y-querella-pidieron-perpetua-para-solalinde-la-defensa-solo-5-anos\/#primaryimage"},"thumbnailUrl":"https:\/\/apuntesdesanluis.com\/wp-content\/uploads\/2024\/08\/JUICIO-A-SOLALINDE.png","datePublished":"2024-08-05T22:30:11+00:00","breadcrumb":{"@id":"https:\/\/apuntesdesanluis.com\/index.php\/2024\/08\/05\/fiscalia-y-querella-pidieron-perpetua-para-solalinde-la-defensa-solo-5-anos\/#breadcrumb"},"inLanguage":"es-AR","potentialAction":[{"@type":"ReadAction","target":["https:\/\/apuntesdesanluis.com\/index.php\/2024\/08\/05\/fiscalia-y-querella-pidieron-perpetua-para-solalinde-la-defensa-solo-5-anos\/"]}]},{"@type":"ImageObject","inLanguage":"es-AR","@id":"https:\/\/apuntesdesanluis.com\/index.php\/2024\/08\/05\/fiscalia-y-querella-pidieron-perpetua-para-solalinde-la-defensa-solo-5-anos\/#primaryimage","url":"https:\/\/apuntesdesanluis.com\/wp-content\/uploads\/2024\/08\/JUICIO-A-SOLALINDE.png","contentUrl":"https:\/\/apuntesdesanluis.com\/wp-content\/uploads\/2024\/08\/JUICIO-A-SOLALINDE.png","width":657,"height":400},{"@type":"BreadcrumbList","@id":"https:\/\/apuntesdesanluis.com\/index.php\/2024\/08\/05\/fiscalia-y-querella-pidieron-perpetua-para-solalinde-la-defensa-solo-5-anos\/#breadcrumb","itemListElement":[{"@type":"ListItem","position":1,"name":"Inicio","item":"https:\/\/apuntesdesanluis.com\/"},{"@type":"ListItem","position":2,"name":"FISCAL\u00cdA Y QUERELLA PIDIERON PERPETUA PARA SOLALINDE; LA DEFENSA SOLO 5 A\u00d1OS"}]},{"@type":"WebSite","@id":"https:\/\/apuntesdesanluis.com\/#website","url":"https:\/\/apuntesdesanluis.com\/","name":"Apuntes de San Luis","description":"","publisher":{"@id":"https:\/\/apuntesdesanluis.com\/#\/schema\/person\/b55151d52296fcce64d1a72538a70b90"},"potentialAction":[{"@type":"SearchAction","target":{"@type":"EntryPoint","urlTemplate":"https:\/\/apuntesdesanluis.com\/?s={search_term_string}"},"query-input":{"@type":"PropertyValueSpecification","valueRequired":true,"valueName":"search_term_string"}}],"inLanguage":"es-AR"},{"@type":["Person","Organization"],"@id":"https:\/\/apuntesdesanluis.com\/#\/schema\/person\/b55151d52296fcce64d1a72538a70b90","name":"apuntesdesanluis.com","image":{"@type":"ImageObject","inLanguage":"es-AR","@id":"https:\/\/apuntesdesanluis.com\/#\/schema\/person\/image\/","url":"https:\/\/apuntesdesanluis.com\/wp-content\/uploads\/2023\/07\/cropped-apuntesdesanluis.png","contentUrl":"https:\/\/apuntesdesanluis.com\/wp-content\/uploads\/2023\/07\/cropped-apuntesdesanluis.png","width":450,"height":112,"caption":"apuntesdesanluis.com"},"logo":{"@id":"https:\/\/apuntesdesanluis.com\/#\/schema\/person\/image\/"},"sameAs":["https:\/\/apuntesdesanluis.com"],"url":"https:\/\/apuntesdesanluis.com\/index.php\/author\/apuntesdesanluis-com\/"}]}},"featured_image_urls":{"full":["https:\/\/apuntesdesanluis.com\/wp-content\/uploads\/2024\/08\/JUICIO-A-SOLALINDE.png",657,400,false],"thumbnail":["https:\/\/apuntesdesanluis.com\/wp-content\/uploads\/2024\/08\/JUICIO-A-SOLALINDE-150x150.png",150,150,true],"medium":["https:\/\/apuntesdesanluis.com\/wp-content\/uploads\/2024\/08\/JUICIO-A-SOLALINDE-300x183.png",300,183,true],"medium_large":["https:\/\/apuntesdesanluis.com\/wp-content\/uploads\/2024\/08\/JUICIO-A-SOLALINDE.png",640,390,false],"large":["https:\/\/apuntesdesanluis.com\/wp-content\/uploads\/2024\/08\/JUICIO-A-SOLALINDE.png",640,390,false],"1536x1536":["https:\/\/apuntesdesanluis.com\/wp-content\/uploads\/2024\/08\/JUICIO-A-SOLALINDE.png",657,400,false],"2048x2048":["https:\/\/apuntesdesanluis.com\/wp-content\/uploads\/2024\/08\/JUICIO-A-SOLALINDE.png",657,400,false],"newsever-slider-full":["https:\/\/apuntesdesanluis.com\/wp-content\/uploads\/2024\/08\/JUICIO-A-SOLALINDE.png",657,400,false],"newsever-featured":["https:\/\/apuntesdesanluis.com\/wp-content\/uploads\/2024\/08\/JUICIO-A-SOLALINDE.png",657,400,false],"newsever-medium":["https:\/\/apuntesdesanluis.com\/wp-content\/uploads\/2024\/08\/JUICIO-A-SOLALINDE.png",657,400,false]},"author_info":{"display_name":"apuntesdesanluis.com","author_link":"https:\/\/apuntesdesanluis.com\/index.php\/author\/apuntesdesanluis-com\/"},"category_info":"<a href=\"https:\/\/apuntesdesanluis.com\/index.php\/category\/ciudad-provincia\/\" rel=\"category tag\">Ciudad\/Provincia<\/a>","tag_info":"Ciudad\/Provincia","comment_count":"0","_links":{"self":[{"href":"https:\/\/apuntesdesanluis.com\/index.php\/wp-json\/wp\/v2\/posts\/20362","targetHints":{"allow":["GET"]}}],"collection":[{"href":"https:\/\/apuntesdesanluis.com\/index.php\/wp-json\/wp\/v2\/posts"}],"about":[{"href":"https:\/\/apuntesdesanluis.com\/index.php\/wp-json\/wp\/v2\/types\/post"}],"author":[{"embeddable":true,"href":"https:\/\/apuntesdesanluis.com\/index.php\/wp-json\/wp\/v2\/users\/1"}],"replies":[{"embeddable":true,"href":"https:\/\/apuntesdesanluis.com\/index.php\/wp-json\/wp\/v2\/comments?post=20362"}],"version-history":[{"count":1,"href":"https:\/\/apuntesdesanluis.com\/index.php\/wp-json\/wp\/v2\/posts\/20362\/revisions"}],"predecessor-version":[{"id":20366,"href":"https:\/\/apuntesdesanluis.com\/index.php\/wp-json\/wp\/v2\/posts\/20362\/revisions\/20366"}],"wp:featuredmedia":[{"embeddable":true,"href":"https:\/\/apuntesdesanluis.com\/index.php\/wp-json\/wp\/v2\/media\/20363"}],"wp:attachment":[{"href":"https:\/\/apuntesdesanluis.com\/index.php\/wp-json\/wp\/v2\/media?parent=20362"}],"wp:term":[{"taxonomy":"category","embeddable":true,"href":"https:\/\/apuntesdesanluis.com\/index.php\/wp-json\/wp\/v2\/categories?post=20362"},{"taxonomy":"post_tag","embeddable":true,"href":"https:\/\/apuntesdesanluis.com\/index.php\/wp-json\/wp\/v2\/tags?post=20362"}],"curies":[{"name":"wp","href":"https:\/\/api.w.org\/{rel}","templated":true}]}}