{"id":20367,"date":"2024-08-05T19:36:58","date_gmt":"2024-08-05T22:36:58","guid":{"rendered":"https:\/\/apuntesdesanluis.com\/?p=20367"},"modified":"2024-08-05T19:36:58","modified_gmt":"2024-08-05T22:36:58","slug":"poggi-defendio-lo-actuado-por-dosep-y-la-flexibilizacion-de-la-carrera-sanitaria","status":"publish","type":"post","link":"https:\/\/apuntesdesanluis.com\/index.php\/2024\/08\/05\/poggi-defendio-lo-actuado-por-dosep-y-la-flexibilizacion-de-la-carrera-sanitaria\/","title":{"rendered":"POGGI DEFENDI\u00d3 LO ACTUADO POR DOSEP Y LA \u201cFLEXIBILIZACI\u00d3N\u201d DE LA CARRERA SANITARIA"},"content":{"rendered":"<h3>Tras el cese de prestaciones que dispuso el <strong>C\u00edrculo M\u00e9dico<\/strong> el \u00faltimo viernes, el gobernador <strong>Claudio Poggi<\/strong> pidi\u00f3 discutir el valor de las prestaciones \u201cCon el sentido de poner un punto medio\u201d. Aval\u00f3 lo actuado por la obra social y su decisi\u00f3n de habilitar a los profesionales de manera independiente, como asimismo el proyecto de \u201cflexibilizar\u201d la ley de Carrera Sanitaria.<\/h3>\n<h3>El gobernador Claudio Poggi fue consultado sobre el conflicto que desat\u00f3 el C\u00edrculo M\u00e9dico, por las diferencias que tiene con DOSEP sobre el pago de las prestaciones y la fijaci\u00f3n de futuros valores. Eso llev\u00f3 a los profesionales a cortar de manera sorpresiva el servicio el \u00faltimo viernes.<\/h3>\n<h3>\u201cSuscribo ciento por ciento lo actuado por DOSEP, no tenemos deuda, nunca estuvimos tan bien con los plazos de pago como ahora. Creo que hay que discutir el valor de las prestaciones con el sentido de poner un punto medio. Hay que discutir los diferentes tipos de prestaciones m\u00e9dicas, pero el C\u00edrculo M\u00e9dico tiene que entender la realidad de la provincia tambi\u00e9n. Por eso DOSEP est\u00e1 habilitando a los profesionales de manera independiente, porque son los que quieren seguir trabajando con la obra social que m\u00e1s trabaja en la provincia, lejos\u201d, dijo el Primer Mandatario.<\/h3>\n<h3>El Gobernador dej\u00f3 en claro: \u201cNuestro \u00e1nimo, por supuesto, a trav\u00e9s de DOSEP es generar un v\u00ednculo, mantener el di\u00e1logo necesario para que esto sea con sensatez\u201d. Se lament\u00f3 porque hab\u00eda una propuesta y reflexion\u00f3: \u201cLas partes tenemos que ceder por las situaciones sociales y financieras de la provincia. Debemos sentarnos a dialogar por especialidad o por pr\u00e1ctica m\u00e9dica, como lo propuso DOSEP. No est\u00e1 bueno de entrada disponer un cese de prestaci\u00f3n de servicio, no es una cosa sencilla, hay que ponerse en el lugar de la obra social y de nuestros afiliados. Vamos a defender los intereses de nuestros afiliados y sus aportes, y para eso tenemos que encontrar un punto medio con el C\u00edrculo M\u00e9dico\u201d, dijo.<\/h3>\n<h3><strong>LA CARRERA SANITARIA<\/strong><\/h3>\n<h3>Siguiendo con temas relacionados a la salud, Poggi tambi\u00e9n se refiri\u00f3 a la flexibilizaci\u00f3n que propuso sobre la carrera sanitaria, una iniciativa que ya est\u00e1 en el \u00e1mbito legislativo.<\/h3>\n<h3>\u201cFue en un planteo hist\u00f3rico del gremio que representa al personal de salud, que se suma a que San Luis es una de las dos provincias argentinas que todav\u00eda tiene bloqueo de t\u00edtulos. Buscamos oxigenar el sistema p\u00fablico en materia de profesionales y t\u00e9cnicos, creo que estamos todos de acuerdo en que hay que flexibilizar la carrera sanitaria. Adem\u00e1s, hay que aclarar que el proyecto de ley dice que es totalmente voluntario\u201d, dijo.<\/h3>\n<h3>Seg\u00fan el Gobernador, \u201chay algunas especialidades de mucha complejidad en las que a los profesionales m\u00e9dicos no les conviene ingresar a la carrera sanitaria, les conviene seguir en la actividad privada. Nosotros queremos que presten servicio en actividad p\u00fablica, y tambi\u00e9n que quieran radicarse en el interior, donde no muchos quieren ir. Y quiz\u00e1 en esos lugares alejados ya hay un m\u00e9dico de la actividad privada a quien podemos facilitarle la posibilidad de ingresar al hospital p\u00fablico\u201d.<\/h3>\n<h3>El Ejecutivo considera que es una forma de modernizar el sistema de salud, mejorarlo, \u201cpero en absoluto es algo en contra de quienes quieren quedarse en la carrera sanitaria, porque es totalmente voluntario. Se puede optar por el desbloqueo o seguir con el sistema tradicional\u201d, complet\u00f3 el Primer Mandatario, quien agreg\u00f3 que \u201cla ley data de 1990, han pasado casi 35 a\u00f1os, creo que merece una modernizaci\u00f3n y en eso coincidimos con el gremio\u201d.<\/h3>\n<p>&nbsp;<\/p>\n<p>&nbsp;<\/p>\n<p>&nbsp;<\/p>\n<p>&nbsp;<\/p>\n<p>&nbsp;<\/p>\n<p>&nbsp;<\/p>\n","protected":false},"excerpt":{"rendered":"<p>Tras el cese de prestaciones que dispuso el C\u00edrculo M\u00e9dico el \u00faltimo viernes, el gobernador&#8230;<\/p>\n","protected":false},"author":1,"featured_media":20368,"comment_status":"closed","ping_status":"closed","sticky":false,"template":"","format":"standard","meta":{"footnotes":""},"categories":[6],"tags":[],"class_list":["post-20367","post","type-post","status-publish","format-standard","has-post-thumbnail","hentry","category-ciudad-provincia"],"yoast_head":"<!-- This site is optimized with the Yoast SEO plugin v26.1.1 - https:\/\/yoast.com\/wordpress\/plugins\/seo\/ -->\n<title>POGGI DEFENDI\u00d3 LO ACTUADO POR DOSEP Y LA \u201cFLEXIBILIZACI\u00d3N\u201d DE LA CARRERA SANITARIA - Apuntes de San Luis<\/title>\n<meta name=\"robots\" content=\"index, follow, max-snippet:-1, max-image-preview:large, max-video-preview:-1\" \/>\n<link rel=\"canonical\" href=\"https:\/\/apuntesdesanluis.com\/index.php\/2024\/08\/05\/poggi-defendio-lo-actuado-por-dosep-y-la-flexibilizacion-de-la-carrera-sanitaria\/\" \/>\n<meta property=\"og:locale\" content=\"es_ES\" \/>\n<meta property=\"og:type\" content=\"article\" \/>\n<meta property=\"og:title\" content=\"POGGI DEFENDI\u00d3 LO ACTUADO POR DOSEP Y LA \u201cFLEXIBILIZACI\u00d3N\u201d DE LA CARRERA SANITARIA - Apuntes de San Luis\" \/>\n<meta property=\"og:description\" content=\"Tras el cese de prestaciones que dispuso el C\u00edrculo M\u00e9dico el \u00faltimo viernes, el gobernador...\" \/>\n<meta property=\"og:url\" content=\"https:\/\/apuntesdesanluis.com\/index.php\/2024\/08\/05\/poggi-defendio-lo-actuado-por-dosep-y-la-flexibilizacion-de-la-carrera-sanitaria\/\" \/>\n<meta property=\"og:site_name\" content=\"Apuntes de San Luis\" \/>\n<meta property=\"article:published_time\" content=\"2024-08-05T22:36:58+00:00\" \/>\n<meta property=\"og:image\" content=\"https:\/\/apuntesdesanluis.com\/wp-content\/uploads\/2024\/08\/POGGI-1.png\" \/>\n\t<meta property=\"og:image:width\" content=\"600\" \/>\n\t<meta property=\"og:image:height\" content=\"393\" \/>\n\t<meta property=\"og:image:type\" content=\"image\/png\" \/>\n<meta name=\"author\" content=\"apuntesdesanluis.com\" \/>\n<meta name=\"twitter:card\" content=\"summary_large_image\" \/>\n<meta name=\"twitter:label1\" content=\"Escrito por\" \/>\n\t<meta name=\"twitter:data1\" content=\"apuntesdesanluis.com\" \/>\n\t<meta name=\"twitter:label2\" content=\"Tiempo de lectura\" \/>\n\t<meta name=\"twitter:data2\" content=\"3 minutos\" \/>\n<script type=\"application\/ld+json\" class=\"yoast-schema-graph\">{\"@context\":\"https:\/\/schema.org\",\"@graph\":[{\"@type\":\"Article\",\"@id\":\"https:\/\/apuntesdesanluis.com\/index.php\/2024\/08\/05\/poggi-defendio-lo-actuado-por-dosep-y-la-flexibilizacion-de-la-carrera-sanitaria\/#article\",\"isPartOf\":{\"@id\":\"https:\/\/apuntesdesanluis.com\/index.php\/2024\/08\/05\/poggi-defendio-lo-actuado-por-dosep-y-la-flexibilizacion-de-la-carrera-sanitaria\/\"},\"author\":{\"name\":\"apuntesdesanluis.com\",\"@id\":\"https:\/\/apuntesdesanluis.com\/#\/schema\/person\/b55151d52296fcce64d1a72538a70b90\"},\"headline\":\"POGGI DEFENDI\u00d3 LO ACTUADO POR DOSEP Y LA \u201cFLEXIBILIZACI\u00d3N\u201d DE LA CARRERA SANITARIA\",\"datePublished\":\"2024-08-05T22:36:58+00:00\",\"mainEntityOfPage\":{\"@id\":\"https:\/\/apuntesdesanluis.com\/index.php\/2024\/08\/05\/poggi-defendio-lo-actuado-por-dosep-y-la-flexibilizacion-de-la-carrera-sanitaria\/\"},\"wordCount\":633,\"publisher\":{\"@id\":\"https:\/\/apuntesdesanluis.com\/#\/schema\/person\/b55151d52296fcce64d1a72538a70b90\"},\"image\":{\"@id\":\"https:\/\/apuntesdesanluis.com\/index.php\/2024\/08\/05\/poggi-defendio-lo-actuado-por-dosep-y-la-flexibilizacion-de-la-carrera-sanitaria\/#primaryimage\"},\"thumbnailUrl\":\"https:\/\/apuntesdesanluis.com\/wp-content\/uploads\/2024\/08\/POGGI-1.png\",\"articleSection\":[\"Ciudad\/Provincia\"],\"inLanguage\":\"es-AR\"},{\"@type\":\"WebPage\",\"@id\":\"https:\/\/apuntesdesanluis.com\/index.php\/2024\/08\/05\/poggi-defendio-lo-actuado-por-dosep-y-la-flexibilizacion-de-la-carrera-sanitaria\/\",\"url\":\"https:\/\/apuntesdesanluis.com\/index.php\/2024\/08\/05\/poggi-defendio-lo-actuado-por-dosep-y-la-flexibilizacion-de-la-carrera-sanitaria\/\",\"name\":\"POGGI DEFENDI\u00d3 LO ACTUADO POR DOSEP Y LA \u201cFLEXIBILIZACI\u00d3N\u201d DE LA CARRERA SANITARIA - Apuntes de San Luis\",\"isPartOf\":{\"@id\":\"https:\/\/apuntesdesanluis.com\/#website\"},\"primaryImageOfPage\":{\"@id\":\"https:\/\/apuntesdesanluis.com\/index.php\/2024\/08\/05\/poggi-defendio-lo-actuado-por-dosep-y-la-flexibilizacion-de-la-carrera-sanitaria\/#primaryimage\"},\"image\":{\"@id\":\"https:\/\/apuntesdesanluis.com\/index.php\/2024\/08\/05\/poggi-defendio-lo-actuado-por-dosep-y-la-flexibilizacion-de-la-carrera-sanitaria\/#primaryimage\"},\"thumbnailUrl\":\"https:\/\/apuntesdesanluis.com\/wp-content\/uploads\/2024\/08\/POGGI-1.png\",\"datePublished\":\"2024-08-05T22:36:58+00:00\",\"breadcrumb\":{\"@id\":\"https:\/\/apuntesdesanluis.com\/index.php\/2024\/08\/05\/poggi-defendio-lo-actuado-por-dosep-y-la-flexibilizacion-de-la-carrera-sanitaria\/#breadcrumb\"},\"inLanguage\":\"es-AR\",\"potentialAction\":[{\"@type\":\"ReadAction\",\"target\":[\"https:\/\/apuntesdesanluis.com\/index.php\/2024\/08\/05\/poggi-defendio-lo-actuado-por-dosep-y-la-flexibilizacion-de-la-carrera-sanitaria\/\"]}]},{\"@type\":\"ImageObject\",\"inLanguage\":\"es-AR\",\"@id\":\"https:\/\/apuntesdesanluis.com\/index.php\/2024\/08\/05\/poggi-defendio-lo-actuado-por-dosep-y-la-flexibilizacion-de-la-carrera-sanitaria\/#primaryimage\",\"url\":\"https:\/\/apuntesdesanluis.com\/wp-content\/uploads\/2024\/08\/POGGI-1.png\",\"contentUrl\":\"https:\/\/apuntesdesanluis.com\/wp-content\/uploads\/2024\/08\/POGGI-1.png\",\"width\":600,\"height\":393},{\"@type\":\"BreadcrumbList\",\"@id\":\"https:\/\/apuntesdesanluis.com\/index.php\/2024\/08\/05\/poggi-defendio-lo-actuado-por-dosep-y-la-flexibilizacion-de-la-carrera-sanitaria\/#breadcrumb\",\"itemListElement\":[{\"@type\":\"ListItem\",\"position\":1,\"name\":\"Inicio\",\"item\":\"https:\/\/apuntesdesanluis.com\/\"},{\"@type\":\"ListItem\",\"position\":2,\"name\":\"POGGI DEFENDI\u00d3 LO ACTUADO POR DOSEP Y LA \u201cFLEXIBILIZACI\u00d3N\u201d DE LA CARRERA SANITARIA\"}]},{\"@type\":\"WebSite\",\"@id\":\"https:\/\/apuntesdesanluis.com\/#website\",\"url\":\"https:\/\/apuntesdesanluis.com\/\",\"name\":\"Apuntes de San Luis\",\"description\":\"\",\"publisher\":{\"@id\":\"https:\/\/apuntesdesanluis.com\/#\/schema\/person\/b55151d52296fcce64d1a72538a70b90\"},\"potentialAction\":[{\"@type\":\"SearchAction\",\"target\":{\"@type\":\"EntryPoint\",\"urlTemplate\":\"https:\/\/apuntesdesanluis.com\/?s={search_term_string}\"},\"query-input\":{\"@type\":\"PropertyValueSpecification\",\"valueRequired\":true,\"valueName\":\"search_term_string\"}}],\"inLanguage\":\"es-AR\"},{\"@type\":[\"Person\",\"Organization\"],\"@id\":\"https:\/\/apuntesdesanluis.com\/#\/schema\/person\/b55151d52296fcce64d1a72538a70b90\",\"name\":\"apuntesdesanluis.com\",\"image\":{\"@type\":\"ImageObject\",\"inLanguage\":\"es-AR\",\"@id\":\"https:\/\/apuntesdesanluis.com\/#\/schema\/person\/image\/\",\"url\":\"https:\/\/apuntesdesanluis.com\/wp-content\/uploads\/2023\/07\/cropped-apuntesdesanluis.png\",\"contentUrl\":\"https:\/\/apuntesdesanluis.com\/wp-content\/uploads\/2023\/07\/cropped-apuntesdesanluis.png\",\"width\":450,\"height\":112,\"caption\":\"apuntesdesanluis.com\"},\"logo\":{\"@id\":\"https:\/\/apuntesdesanluis.com\/#\/schema\/person\/image\/\"},\"sameAs\":[\"https:\/\/apuntesdesanluis.com\"],\"url\":\"https:\/\/apuntesdesanluis.com\/index.php\/author\/apuntesdesanluis-com\/\"}]}<\/script>\n<!-- \/ Yoast SEO plugin. -->","yoast_head_json":{"title":"POGGI DEFENDI\u00d3 LO ACTUADO POR DOSEP Y LA \u201cFLEXIBILIZACI\u00d3N\u201d DE LA CARRERA SANITARIA - Apuntes de San Luis","robots":{"index":"index","follow":"follow","max-snippet":"max-snippet:-1","max-image-preview":"max-image-preview:large","max-video-preview":"max-video-preview:-1"},"canonical":"https:\/\/apuntesdesanluis.com\/index.php\/2024\/08\/05\/poggi-defendio-lo-actuado-por-dosep-y-la-flexibilizacion-de-la-carrera-sanitaria\/","og_locale":"es_ES","og_type":"article","og_title":"POGGI DEFENDI\u00d3 LO ACTUADO POR DOSEP Y LA \u201cFLEXIBILIZACI\u00d3N\u201d DE LA CARRERA SANITARIA - Apuntes de San Luis","og_description":"Tras el cese de prestaciones que dispuso el C\u00edrculo M\u00e9dico el \u00faltimo viernes, el gobernador...","og_url":"https:\/\/apuntesdesanluis.com\/index.php\/2024\/08\/05\/poggi-defendio-lo-actuado-por-dosep-y-la-flexibilizacion-de-la-carrera-sanitaria\/","og_site_name":"Apuntes de San Luis","article_published_time":"2024-08-05T22:36:58+00:00","og_image":[{"width":600,"height":393,"url":"https:\/\/apuntesdesanluis.com\/wp-content\/uploads\/2024\/08\/POGGI-1.png","type":"image\/png"}],"author":"apuntesdesanluis.com","twitter_card":"summary_large_image","twitter_misc":{"Escrito por":"apuntesdesanluis.com","Tiempo de lectura":"3 minutos"},"schema":{"@context":"https:\/\/schema.org","@graph":[{"@type":"Article","@id":"https:\/\/apuntesdesanluis.com\/index.php\/2024\/08\/05\/poggi-defendio-lo-actuado-por-dosep-y-la-flexibilizacion-de-la-carrera-sanitaria\/#article","isPartOf":{"@id":"https:\/\/apuntesdesanluis.com\/index.php\/2024\/08\/05\/poggi-defendio-lo-actuado-por-dosep-y-la-flexibilizacion-de-la-carrera-sanitaria\/"},"author":{"name":"apuntesdesanluis.com","@id":"https:\/\/apuntesdesanluis.com\/#\/schema\/person\/b55151d52296fcce64d1a72538a70b90"},"headline":"POGGI DEFENDI\u00d3 LO ACTUADO POR DOSEP Y LA \u201cFLEXIBILIZACI\u00d3N\u201d DE LA CARRERA SANITARIA","datePublished":"2024-08-05T22:36:58+00:00","mainEntityOfPage":{"@id":"https:\/\/apuntesdesanluis.com\/index.php\/2024\/08\/05\/poggi-defendio-lo-actuado-por-dosep-y-la-flexibilizacion-de-la-carrera-sanitaria\/"},"wordCount":633,"publisher":{"@id":"https:\/\/apuntesdesanluis.com\/#\/schema\/person\/b55151d52296fcce64d1a72538a70b90"},"image":{"@id":"https:\/\/apuntesdesanluis.com\/index.php\/2024\/08\/05\/poggi-defendio-lo-actuado-por-dosep-y-la-flexibilizacion-de-la-carrera-sanitaria\/#primaryimage"},"thumbnailUrl":"https:\/\/apuntesdesanluis.com\/wp-content\/uploads\/2024\/08\/POGGI-1.png","articleSection":["Ciudad\/Provincia"],"inLanguage":"es-AR"},{"@type":"WebPage","@id":"https:\/\/apuntesdesanluis.com\/index.php\/2024\/08\/05\/poggi-defendio-lo-actuado-por-dosep-y-la-flexibilizacion-de-la-carrera-sanitaria\/","url":"https:\/\/apuntesdesanluis.com\/index.php\/2024\/08\/05\/poggi-defendio-lo-actuado-por-dosep-y-la-flexibilizacion-de-la-carrera-sanitaria\/","name":"POGGI DEFENDI\u00d3 LO ACTUADO POR DOSEP Y LA \u201cFLEXIBILIZACI\u00d3N\u201d DE LA CARRERA SANITARIA - Apuntes de San Luis","isPartOf":{"@id":"https:\/\/apuntesdesanluis.com\/#website"},"primaryImageOfPage":{"@id":"https:\/\/apuntesdesanluis.com\/index.php\/2024\/08\/05\/poggi-defendio-lo-actuado-por-dosep-y-la-flexibilizacion-de-la-carrera-sanitaria\/#primaryimage"},"image":{"@id":"https:\/\/apuntesdesanluis.com\/index.php\/2024\/08\/05\/poggi-defendio-lo-actuado-por-dosep-y-la-flexibilizacion-de-la-carrera-sanitaria\/#primaryimage"},"thumbnailUrl":"https:\/\/apuntesdesanluis.com\/wp-content\/uploads\/2024\/08\/POGGI-1.png","datePublished":"2024-08-05T22:36:58+00:00","breadcrumb":{"@id":"https:\/\/apuntesdesanluis.com\/index.php\/2024\/08\/05\/poggi-defendio-lo-actuado-por-dosep-y-la-flexibilizacion-de-la-carrera-sanitaria\/#breadcrumb"},"inLanguage":"es-AR","potentialAction":[{"@type":"ReadAction","target":["https:\/\/apuntesdesanluis.com\/index.php\/2024\/08\/05\/poggi-defendio-lo-actuado-por-dosep-y-la-flexibilizacion-de-la-carrera-sanitaria\/"]}]},{"@type":"ImageObject","inLanguage":"es-AR","@id":"https:\/\/apuntesdesanluis.com\/index.php\/2024\/08\/05\/poggi-defendio-lo-actuado-por-dosep-y-la-flexibilizacion-de-la-carrera-sanitaria\/#primaryimage","url":"https:\/\/apuntesdesanluis.com\/wp-content\/uploads\/2024\/08\/POGGI-1.png","contentUrl":"https:\/\/apuntesdesanluis.com\/wp-content\/uploads\/2024\/08\/POGGI-1.png","width":600,"height":393},{"@type":"BreadcrumbList","@id":"https:\/\/apuntesdesanluis.com\/index.php\/2024\/08\/05\/poggi-defendio-lo-actuado-por-dosep-y-la-flexibilizacion-de-la-carrera-sanitaria\/#breadcrumb","itemListElement":[{"@type":"ListItem","position":1,"name":"Inicio","item":"https:\/\/apuntesdesanluis.com\/"},{"@type":"ListItem","position":2,"name":"POGGI DEFENDI\u00d3 LO ACTUADO POR DOSEP Y LA \u201cFLEXIBILIZACI\u00d3N\u201d DE LA CARRERA SANITARIA"}]},{"@type":"WebSite","@id":"https:\/\/apuntesdesanluis.com\/#website","url":"https:\/\/apuntesdesanluis.com\/","name":"Apuntes de San Luis","description":"","publisher":{"@id":"https:\/\/apuntesdesanluis.com\/#\/schema\/person\/b55151d52296fcce64d1a72538a70b90"},"potentialAction":[{"@type":"SearchAction","target":{"@type":"EntryPoint","urlTemplate":"https:\/\/apuntesdesanluis.com\/?s={search_term_string}"},"query-input":{"@type":"PropertyValueSpecification","valueRequired":true,"valueName":"search_term_string"}}],"inLanguage":"es-AR"},{"@type":["Person","Organization"],"@id":"https:\/\/apuntesdesanluis.com\/#\/schema\/person\/b55151d52296fcce64d1a72538a70b90","name":"apuntesdesanluis.com","image":{"@type":"ImageObject","inLanguage":"es-AR","@id":"https:\/\/apuntesdesanluis.com\/#\/schema\/person\/image\/","url":"https:\/\/apuntesdesanluis.com\/wp-content\/uploads\/2023\/07\/cropped-apuntesdesanluis.png","contentUrl":"https:\/\/apuntesdesanluis.com\/wp-content\/uploads\/2023\/07\/cropped-apuntesdesanluis.png","width":450,"height":112,"caption":"apuntesdesanluis.com"},"logo":{"@id":"https:\/\/apuntesdesanluis.com\/#\/schema\/person\/image\/"},"sameAs":["https:\/\/apuntesdesanluis.com"],"url":"https:\/\/apuntesdesanluis.com\/index.php\/author\/apuntesdesanluis-com\/"}]}},"featured_image_urls":{"full":["https:\/\/apuntesdesanluis.com\/wp-content\/uploads\/2024\/08\/POGGI-1.png",600,393,false],"thumbnail":["https:\/\/apuntesdesanluis.com\/wp-content\/uploads\/2024\/08\/POGGI-1-150x150.png",150,150,true],"medium":["https:\/\/apuntesdesanluis.com\/wp-content\/uploads\/2024\/08\/POGGI-1-300x197.png",300,197,true],"medium_large":["https:\/\/apuntesdesanluis.com\/wp-content\/uploads\/2024\/08\/POGGI-1.png",600,393,false],"large":["https:\/\/apuntesdesanluis.com\/wp-content\/uploads\/2024\/08\/POGGI-1.png",600,393,false],"1536x1536":["https:\/\/apuntesdesanluis.com\/wp-content\/uploads\/2024\/08\/POGGI-1.png",600,393,false],"2048x2048":["https:\/\/apuntesdesanluis.com\/wp-content\/uploads\/2024\/08\/POGGI-1.png",600,393,false],"newsever-slider-full":["https:\/\/apuntesdesanluis.com\/wp-content\/uploads\/2024\/08\/POGGI-1.png",600,393,false],"newsever-featured":["https:\/\/apuntesdesanluis.com\/wp-content\/uploads\/2024\/08\/POGGI-1.png",600,393,false],"newsever-medium":["https:\/\/apuntesdesanluis.com\/wp-content\/uploads\/2024\/08\/POGGI-1.png",600,393,false]},"author_info":{"display_name":"apuntesdesanluis.com","author_link":"https:\/\/apuntesdesanluis.com\/index.php\/author\/apuntesdesanluis-com\/"},"category_info":"<a href=\"https:\/\/apuntesdesanluis.com\/index.php\/category\/ciudad-provincia\/\" rel=\"category tag\">Ciudad\/Provincia<\/a>","tag_info":"Ciudad\/Provincia","comment_count":"0","_links":{"self":[{"href":"https:\/\/apuntesdesanluis.com\/index.php\/wp-json\/wp\/v2\/posts\/20367","targetHints":{"allow":["GET"]}}],"collection":[{"href":"https:\/\/apuntesdesanluis.com\/index.php\/wp-json\/wp\/v2\/posts"}],"about":[{"href":"https:\/\/apuntesdesanluis.com\/index.php\/wp-json\/wp\/v2\/types\/post"}],"author":[{"embeddable":true,"href":"https:\/\/apuntesdesanluis.com\/index.php\/wp-json\/wp\/v2\/users\/1"}],"replies":[{"embeddable":true,"href":"https:\/\/apuntesdesanluis.com\/index.php\/wp-json\/wp\/v2\/comments?post=20367"}],"version-history":[{"count":1,"href":"https:\/\/apuntesdesanluis.com\/index.php\/wp-json\/wp\/v2\/posts\/20367\/revisions"}],"predecessor-version":[{"id":20369,"href":"https:\/\/apuntesdesanluis.com\/index.php\/wp-json\/wp\/v2\/posts\/20367\/revisions\/20369"}],"wp:featuredmedia":[{"embeddable":true,"href":"https:\/\/apuntesdesanluis.com\/index.php\/wp-json\/wp\/v2\/media\/20368"}],"wp:attachment":[{"href":"https:\/\/apuntesdesanluis.com\/index.php\/wp-json\/wp\/v2\/media?parent=20367"}],"wp:term":[{"taxonomy":"category","embeddable":true,"href":"https:\/\/apuntesdesanluis.com\/index.php\/wp-json\/wp\/v2\/categories?post=20367"},{"taxonomy":"post_tag","embeddable":true,"href":"https:\/\/apuntesdesanluis.com\/index.php\/wp-json\/wp\/v2\/tags?post=20367"}],"curies":[{"name":"wp","href":"https:\/\/api.w.org\/{rel}","templated":true}]}}