{"id":20370,"date":"2024-08-05T19:50:37","date_gmt":"2024-08-05T22:50:37","guid":{"rendered":"https:\/\/apuntesdesanluis.com\/?p=20370"},"modified":"2024-08-05T19:50:37","modified_gmt":"2024-08-05T22:50:37","slug":"apts-se-moviliza-este-martes-en-contra-del-desbloqueo-de-titulo","status":"publish","type":"post","link":"https:\/\/apuntesdesanluis.com\/index.php\/2024\/08\/05\/apts-se-moviliza-este-martes-en-contra-del-desbloqueo-de-titulo\/","title":{"rendered":"APTS SE MOVILIZA ESTE MARTES EN CONTRA DEL DESBLOQUEO DE T\u00cdTULO"},"content":{"rendered":"<h3>La <strong>Asociaci\u00f3n de Profesionales y T\u00e9cnicos de la Salud<\/strong> (APTS-San Luis) convoc\u00f3 a sus delegados y afiliados a participar de la protesta en defensa de la ley de Carrera Sanitaria.<\/h3>\n<h3>\u201cNo podemos perder un derecho m\u00e1s, basta de avasallamientos y basta de precarizaci\u00f3n\u201d, indic\u00f3 el gremio en un comunicado.<\/h3>\n<h3>La movilizaci\u00f3n se realizar\u00e1 este martes 6, oportunidad en que realizar\u00e1n a partir de las 10:30 h una concentraci\u00f3n en frente del edificio de la Legislatura provincial, que debe tratar el proyecto girado por el Ejecutivo, que introduce la posibilidad de optar en forma voluntaria por el desbloqueo de t\u00edtulo.<\/h3>\n<p><img fetchpriority=\"high\" decoding=\"async\" class=\"wp-image-20372 aligncenter\" src=\"https:\/\/apuntesdesanluis.com\/wp-content\/uploads\/2024\/08\/APTS-300x300.jpg\" alt=\"\" width=\"507\" height=\"507\" srcset=\"https:\/\/apuntesdesanluis.com\/wp-content\/uploads\/2024\/08\/APTS-300x300.jpg 300w, https:\/\/apuntesdesanluis.com\/wp-content\/uploads\/2024\/08\/APTS-150x150.jpg 150w, https:\/\/apuntesdesanluis.com\/wp-content\/uploads\/2024\/08\/APTS.jpg 315w\" sizes=\"(max-width: 507px) 100vw, 507px\" \/><\/p>\n<h3>La consigna es una sola: <strong>\u201cDefendemos la salud p\u00fablica: No al desbloqueo de t\u00edtulo\u201d<\/strong>.<\/h3>\n<h3><strong>RESPALDO<\/strong><\/h3>\n<h3>Por otro lado, APTS dio a conocer el \u201capoyo incondicional\u201d de la <strong>Federaci\u00f3n Sindical de Profesionales de la Salud<\/strong> (Fesprosa) y todas las regionales presentes en la lucha que viene realizando en contra del desbloqueo del t\u00edtulo en la Carrera Sanitaria de San Luis.<\/h3>\n<h3><img decoding=\"async\" class=\"wp-image-20373 aligncenter\" src=\"https:\/\/apuntesdesanluis.com\/wp-content\/uploads\/2024\/08\/comunicado-300x300.jpg\" alt=\"\" width=\"518\" height=\"518\" srcset=\"https:\/\/apuntesdesanluis.com\/wp-content\/uploads\/2024\/08\/comunicado-300x300.jpg 300w, https:\/\/apuntesdesanluis.com\/wp-content\/uploads\/2024\/08\/comunicado-150x150.jpg 150w, https:\/\/apuntesdesanluis.com\/wp-content\/uploads\/2024\/08\/comunicado.jpg 600w\" sizes=\"(max-width: 518px) 100vw, 518px\" \/><\/h3>\n<h3>Dicho apoyo tambi\u00e9n se materializ\u00f3 a trav\u00e9s de una nota enviada por la Federaci\u00f3n al gobernador de la provincia <strong>Claudio Poggi<\/strong>.<\/h3>\n<p><img decoding=\"async\" class=\"wp-image-20374 aligncenter\" src=\"https:\/\/apuntesdesanluis.com\/wp-content\/uploads\/2024\/08\/carta-187x300.jpg\" alt=\"\" width=\"523\" height=\"839\" srcset=\"https:\/\/apuntesdesanluis.com\/wp-content\/uploads\/2024\/08\/carta-187x300.jpg 187w, https:\/\/apuntesdesanluis.com\/wp-content\/uploads\/2024\/08\/carta.jpg 517w\" sizes=\"(max-width: 523px) 100vw, 523px\" \/><\/p>\n<p>&nbsp;<\/p>\n<p>&nbsp;<\/p>\n<p>&nbsp;<\/p>\n","protected":false},"excerpt":{"rendered":"<p>La Asociaci\u00f3n de Profesionales y T\u00e9cnicos de la Salud (APTS-San Luis) convoc\u00f3 a sus delegados&#8230;<\/p>\n","protected":false},"author":1,"featured_media":20371,"comment_status":"closed","ping_status":"closed","sticky":false,"template":"","format":"standard","meta":{"footnotes":""},"categories":[6],"tags":[],"class_list":["post-20370","post","type-post","status-publish","format-standard","has-post-thumbnail","hentry","category-ciudad-provincia"],"yoast_head":"<!-- This site is optimized with the Yoast SEO plugin v26.1.1 - https:\/\/yoast.com\/wordpress\/plugins\/seo\/ -->\n<title>APTS SE MOVILIZA ESTE MARTES EN CONTRA DEL DESBLOQUEO DE T\u00cdTULO - Apuntes de San Luis<\/title>\n<meta name=\"robots\" content=\"index, follow, max-snippet:-1, max-image-preview:large, max-video-preview:-1\" \/>\n<link rel=\"canonical\" href=\"https:\/\/apuntesdesanluis.com\/index.php\/2024\/08\/05\/apts-se-moviliza-este-martes-en-contra-del-desbloqueo-de-titulo\/\" \/>\n<meta property=\"og:locale\" content=\"es_ES\" \/>\n<meta property=\"og:type\" content=\"article\" \/>\n<meta property=\"og:title\" content=\"APTS SE MOVILIZA ESTE MARTES EN CONTRA DEL DESBLOQUEO DE T\u00cdTULO - Apuntes de San Luis\" \/>\n<meta property=\"og:description\" content=\"La Asociaci\u00f3n de Profesionales y T\u00e9cnicos de la Salud (APTS-San Luis) convoc\u00f3 a sus delegados...\" \/>\n<meta property=\"og:url\" content=\"https:\/\/apuntesdesanluis.com\/index.php\/2024\/08\/05\/apts-se-moviliza-este-martes-en-contra-del-desbloqueo-de-titulo\/\" \/>\n<meta property=\"og:site_name\" content=\"Apuntes de San Luis\" \/>\n<meta property=\"article:published_time\" content=\"2024-08-05T22:50:37+00:00\" \/>\n<meta property=\"og:image\" content=\"https:\/\/apuntesdesanluis.com\/wp-content\/uploads\/2024\/08\/apts-protesta.png\" \/>\n\t<meta property=\"og:image:width\" content=\"648\" \/>\n\t<meta property=\"og:image:height\" content=\"344\" \/>\n\t<meta property=\"og:image:type\" content=\"image\/png\" \/>\n<meta name=\"author\" content=\"apuntesdesanluis.com\" \/>\n<meta name=\"twitter:card\" content=\"summary_large_image\" \/>\n<meta name=\"twitter:label1\" content=\"Escrito por\" \/>\n\t<meta name=\"twitter:data1\" content=\"apuntesdesanluis.com\" \/>\n\t<meta name=\"twitter:label2\" content=\"Tiempo de lectura\" \/>\n\t<meta name=\"twitter:data2\" content=\"2 minutos\" \/>\n<script type=\"application\/ld+json\" class=\"yoast-schema-graph\">{\"@context\":\"https:\/\/schema.org\",\"@graph\":[{\"@type\":\"Article\",\"@id\":\"https:\/\/apuntesdesanluis.com\/index.php\/2024\/08\/05\/apts-se-moviliza-este-martes-en-contra-del-desbloqueo-de-titulo\/#article\",\"isPartOf\":{\"@id\":\"https:\/\/apuntesdesanluis.com\/index.php\/2024\/08\/05\/apts-se-moviliza-este-martes-en-contra-del-desbloqueo-de-titulo\/\"},\"author\":{\"name\":\"apuntesdesanluis.com\",\"@id\":\"https:\/\/apuntesdesanluis.com\/#\/schema\/person\/b55151d52296fcce64d1a72538a70b90\"},\"headline\":\"APTS SE MOVILIZA ESTE MARTES EN CONTRA DEL DESBLOQUEO DE T\u00cdTULO\",\"datePublished\":\"2024-08-05T22:50:37+00:00\",\"mainEntityOfPage\":{\"@id\":\"https:\/\/apuntesdesanluis.com\/index.php\/2024\/08\/05\/apts-se-moviliza-este-martes-en-contra-del-desbloqueo-de-titulo\/\"},\"wordCount\":207,\"publisher\":{\"@id\":\"https:\/\/apuntesdesanluis.com\/#\/schema\/person\/b55151d52296fcce64d1a72538a70b90\"},\"image\":{\"@id\":\"https:\/\/apuntesdesanluis.com\/index.php\/2024\/08\/05\/apts-se-moviliza-este-martes-en-contra-del-desbloqueo-de-titulo\/#primaryimage\"},\"thumbnailUrl\":\"https:\/\/apuntesdesanluis.com\/wp-content\/uploads\/2024\/08\/apts-protesta.png\",\"articleSection\":[\"Ciudad\/Provincia\"],\"inLanguage\":\"es-AR\"},{\"@type\":\"WebPage\",\"@id\":\"https:\/\/apuntesdesanluis.com\/index.php\/2024\/08\/05\/apts-se-moviliza-este-martes-en-contra-del-desbloqueo-de-titulo\/\",\"url\":\"https:\/\/apuntesdesanluis.com\/index.php\/2024\/08\/05\/apts-se-moviliza-este-martes-en-contra-del-desbloqueo-de-titulo\/\",\"name\":\"APTS SE MOVILIZA ESTE MARTES EN CONTRA DEL DESBLOQUEO DE T\u00cdTULO - Apuntes de San Luis\",\"isPartOf\":{\"@id\":\"https:\/\/apuntesdesanluis.com\/#website\"},\"primaryImageOfPage\":{\"@id\":\"https:\/\/apuntesdesanluis.com\/index.php\/2024\/08\/05\/apts-se-moviliza-este-martes-en-contra-del-desbloqueo-de-titulo\/#primaryimage\"},\"image\":{\"@id\":\"https:\/\/apuntesdesanluis.com\/index.php\/2024\/08\/05\/apts-se-moviliza-este-martes-en-contra-del-desbloqueo-de-titulo\/#primaryimage\"},\"thumbnailUrl\":\"https:\/\/apuntesdesanluis.com\/wp-content\/uploads\/2024\/08\/apts-protesta.png\",\"datePublished\":\"2024-08-05T22:50:37+00:00\",\"breadcrumb\":{\"@id\":\"https:\/\/apuntesdesanluis.com\/index.php\/2024\/08\/05\/apts-se-moviliza-este-martes-en-contra-del-desbloqueo-de-titulo\/#breadcrumb\"},\"inLanguage\":\"es-AR\",\"potentialAction\":[{\"@type\":\"ReadAction\",\"target\":[\"https:\/\/apuntesdesanluis.com\/index.php\/2024\/08\/05\/apts-se-moviliza-este-martes-en-contra-del-desbloqueo-de-titulo\/\"]}]},{\"@type\":\"ImageObject\",\"inLanguage\":\"es-AR\",\"@id\":\"https:\/\/apuntesdesanluis.com\/index.php\/2024\/08\/05\/apts-se-moviliza-este-martes-en-contra-del-desbloqueo-de-titulo\/#primaryimage\",\"url\":\"https:\/\/apuntesdesanluis.com\/wp-content\/uploads\/2024\/08\/apts-protesta.png\",\"contentUrl\":\"https:\/\/apuntesdesanluis.com\/wp-content\/uploads\/2024\/08\/apts-protesta.png\",\"width\":648,\"height\":344},{\"@type\":\"BreadcrumbList\",\"@id\":\"https:\/\/apuntesdesanluis.com\/index.php\/2024\/08\/05\/apts-se-moviliza-este-martes-en-contra-del-desbloqueo-de-titulo\/#breadcrumb\",\"itemListElement\":[{\"@type\":\"ListItem\",\"position\":1,\"name\":\"Inicio\",\"item\":\"https:\/\/apuntesdesanluis.com\/\"},{\"@type\":\"ListItem\",\"position\":2,\"name\":\"APTS SE MOVILIZA ESTE MARTES EN CONTRA DEL DESBLOQUEO DE T\u00cdTULO\"}]},{\"@type\":\"WebSite\",\"@id\":\"https:\/\/apuntesdesanluis.com\/#website\",\"url\":\"https:\/\/apuntesdesanluis.com\/\",\"name\":\"Apuntes de San Luis\",\"description\":\"\",\"publisher\":{\"@id\":\"https:\/\/apuntesdesanluis.com\/#\/schema\/person\/b55151d52296fcce64d1a72538a70b90\"},\"potentialAction\":[{\"@type\":\"SearchAction\",\"target\":{\"@type\":\"EntryPoint\",\"urlTemplate\":\"https:\/\/apuntesdesanluis.com\/?s={search_term_string}\"},\"query-input\":{\"@type\":\"PropertyValueSpecification\",\"valueRequired\":true,\"valueName\":\"search_term_string\"}}],\"inLanguage\":\"es-AR\"},{\"@type\":[\"Person\",\"Organization\"],\"@id\":\"https:\/\/apuntesdesanluis.com\/#\/schema\/person\/b55151d52296fcce64d1a72538a70b90\",\"name\":\"apuntesdesanluis.com\",\"image\":{\"@type\":\"ImageObject\",\"inLanguage\":\"es-AR\",\"@id\":\"https:\/\/apuntesdesanluis.com\/#\/schema\/person\/image\/\",\"url\":\"https:\/\/apuntesdesanluis.com\/wp-content\/uploads\/2023\/07\/cropped-apuntesdesanluis.png\",\"contentUrl\":\"https:\/\/apuntesdesanluis.com\/wp-content\/uploads\/2023\/07\/cropped-apuntesdesanluis.png\",\"width\":450,\"height\":112,\"caption\":\"apuntesdesanluis.com\"},\"logo\":{\"@id\":\"https:\/\/apuntesdesanluis.com\/#\/schema\/person\/image\/\"},\"sameAs\":[\"https:\/\/apuntesdesanluis.com\"],\"url\":\"https:\/\/apuntesdesanluis.com\/index.php\/author\/apuntesdesanluis-com\/\"}]}<\/script>\n<!-- \/ Yoast SEO plugin. -->","yoast_head_json":{"title":"APTS SE MOVILIZA ESTE MARTES EN CONTRA DEL DESBLOQUEO DE T\u00cdTULO - Apuntes de San Luis","robots":{"index":"index","follow":"follow","max-snippet":"max-snippet:-1","max-image-preview":"max-image-preview:large","max-video-preview":"max-video-preview:-1"},"canonical":"https:\/\/apuntesdesanluis.com\/index.php\/2024\/08\/05\/apts-se-moviliza-este-martes-en-contra-del-desbloqueo-de-titulo\/","og_locale":"es_ES","og_type":"article","og_title":"APTS SE MOVILIZA ESTE MARTES EN CONTRA DEL DESBLOQUEO DE T\u00cdTULO - Apuntes de San Luis","og_description":"La Asociaci\u00f3n de Profesionales y T\u00e9cnicos de la Salud (APTS-San Luis) convoc\u00f3 a sus delegados...","og_url":"https:\/\/apuntesdesanluis.com\/index.php\/2024\/08\/05\/apts-se-moviliza-este-martes-en-contra-del-desbloqueo-de-titulo\/","og_site_name":"Apuntes de San Luis","article_published_time":"2024-08-05T22:50:37+00:00","og_image":[{"width":648,"height":344,"url":"https:\/\/apuntesdesanluis.com\/wp-content\/uploads\/2024\/08\/apts-protesta.png","type":"image\/png"}],"author":"apuntesdesanluis.com","twitter_card":"summary_large_image","twitter_misc":{"Escrito por":"apuntesdesanluis.com","Tiempo de lectura":"2 minutos"},"schema":{"@context":"https:\/\/schema.org","@graph":[{"@type":"Article","@id":"https:\/\/apuntesdesanluis.com\/index.php\/2024\/08\/05\/apts-se-moviliza-este-martes-en-contra-del-desbloqueo-de-titulo\/#article","isPartOf":{"@id":"https:\/\/apuntesdesanluis.com\/index.php\/2024\/08\/05\/apts-se-moviliza-este-martes-en-contra-del-desbloqueo-de-titulo\/"},"author":{"name":"apuntesdesanluis.com","@id":"https:\/\/apuntesdesanluis.com\/#\/schema\/person\/b55151d52296fcce64d1a72538a70b90"},"headline":"APTS SE MOVILIZA ESTE MARTES EN CONTRA DEL DESBLOQUEO DE T\u00cdTULO","datePublished":"2024-08-05T22:50:37+00:00","mainEntityOfPage":{"@id":"https:\/\/apuntesdesanluis.com\/index.php\/2024\/08\/05\/apts-se-moviliza-este-martes-en-contra-del-desbloqueo-de-titulo\/"},"wordCount":207,"publisher":{"@id":"https:\/\/apuntesdesanluis.com\/#\/schema\/person\/b55151d52296fcce64d1a72538a70b90"},"image":{"@id":"https:\/\/apuntesdesanluis.com\/index.php\/2024\/08\/05\/apts-se-moviliza-este-martes-en-contra-del-desbloqueo-de-titulo\/#primaryimage"},"thumbnailUrl":"https:\/\/apuntesdesanluis.com\/wp-content\/uploads\/2024\/08\/apts-protesta.png","articleSection":["Ciudad\/Provincia"],"inLanguage":"es-AR"},{"@type":"WebPage","@id":"https:\/\/apuntesdesanluis.com\/index.php\/2024\/08\/05\/apts-se-moviliza-este-martes-en-contra-del-desbloqueo-de-titulo\/","url":"https:\/\/apuntesdesanluis.com\/index.php\/2024\/08\/05\/apts-se-moviliza-este-martes-en-contra-del-desbloqueo-de-titulo\/","name":"APTS SE MOVILIZA ESTE MARTES EN CONTRA DEL DESBLOQUEO DE T\u00cdTULO - Apuntes de San Luis","isPartOf":{"@id":"https:\/\/apuntesdesanluis.com\/#website"},"primaryImageOfPage":{"@id":"https:\/\/apuntesdesanluis.com\/index.php\/2024\/08\/05\/apts-se-moviliza-este-martes-en-contra-del-desbloqueo-de-titulo\/#primaryimage"},"image":{"@id":"https:\/\/apuntesdesanluis.com\/index.php\/2024\/08\/05\/apts-se-moviliza-este-martes-en-contra-del-desbloqueo-de-titulo\/#primaryimage"},"thumbnailUrl":"https:\/\/apuntesdesanluis.com\/wp-content\/uploads\/2024\/08\/apts-protesta.png","datePublished":"2024-08-05T22:50:37+00:00","breadcrumb":{"@id":"https:\/\/apuntesdesanluis.com\/index.php\/2024\/08\/05\/apts-se-moviliza-este-martes-en-contra-del-desbloqueo-de-titulo\/#breadcrumb"},"inLanguage":"es-AR","potentialAction":[{"@type":"ReadAction","target":["https:\/\/apuntesdesanluis.com\/index.php\/2024\/08\/05\/apts-se-moviliza-este-martes-en-contra-del-desbloqueo-de-titulo\/"]}]},{"@type":"ImageObject","inLanguage":"es-AR","@id":"https:\/\/apuntesdesanluis.com\/index.php\/2024\/08\/05\/apts-se-moviliza-este-martes-en-contra-del-desbloqueo-de-titulo\/#primaryimage","url":"https:\/\/apuntesdesanluis.com\/wp-content\/uploads\/2024\/08\/apts-protesta.png","contentUrl":"https:\/\/apuntesdesanluis.com\/wp-content\/uploads\/2024\/08\/apts-protesta.png","width":648,"height":344},{"@type":"BreadcrumbList","@id":"https:\/\/apuntesdesanluis.com\/index.php\/2024\/08\/05\/apts-se-moviliza-este-martes-en-contra-del-desbloqueo-de-titulo\/#breadcrumb","itemListElement":[{"@type":"ListItem","position":1,"name":"Inicio","item":"https:\/\/apuntesdesanluis.com\/"},{"@type":"ListItem","position":2,"name":"APTS SE MOVILIZA ESTE MARTES EN CONTRA DEL DESBLOQUEO DE T\u00cdTULO"}]},{"@type":"WebSite","@id":"https:\/\/apuntesdesanluis.com\/#website","url":"https:\/\/apuntesdesanluis.com\/","name":"Apuntes de San Luis","description":"","publisher":{"@id":"https:\/\/apuntesdesanluis.com\/#\/schema\/person\/b55151d52296fcce64d1a72538a70b90"},"potentialAction":[{"@type":"SearchAction","target":{"@type":"EntryPoint","urlTemplate":"https:\/\/apuntesdesanluis.com\/?s={search_term_string}"},"query-input":{"@type":"PropertyValueSpecification","valueRequired":true,"valueName":"search_term_string"}}],"inLanguage":"es-AR"},{"@type":["Person","Organization"],"@id":"https:\/\/apuntesdesanluis.com\/#\/schema\/person\/b55151d52296fcce64d1a72538a70b90","name":"apuntesdesanluis.com","image":{"@type":"ImageObject","inLanguage":"es-AR","@id":"https:\/\/apuntesdesanluis.com\/#\/schema\/person\/image\/","url":"https:\/\/apuntesdesanluis.com\/wp-content\/uploads\/2023\/07\/cropped-apuntesdesanluis.png","contentUrl":"https:\/\/apuntesdesanluis.com\/wp-content\/uploads\/2023\/07\/cropped-apuntesdesanluis.png","width":450,"height":112,"caption":"apuntesdesanluis.com"},"logo":{"@id":"https:\/\/apuntesdesanluis.com\/#\/schema\/person\/image\/"},"sameAs":["https:\/\/apuntesdesanluis.com"],"url":"https:\/\/apuntesdesanluis.com\/index.php\/author\/apuntesdesanluis-com\/"}]}},"featured_image_urls":{"full":["https:\/\/apuntesdesanluis.com\/wp-content\/uploads\/2024\/08\/apts-protesta.png",648,344,false],"thumbnail":["https:\/\/apuntesdesanluis.com\/wp-content\/uploads\/2024\/08\/apts-protesta-150x150.png",150,150,true],"medium":["https:\/\/apuntesdesanluis.com\/wp-content\/uploads\/2024\/08\/apts-protesta-300x159.png",300,159,true],"medium_large":["https:\/\/apuntesdesanluis.com\/wp-content\/uploads\/2024\/08\/apts-protesta.png",640,340,false],"large":["https:\/\/apuntesdesanluis.com\/wp-content\/uploads\/2024\/08\/apts-protesta.png",640,340,false],"1536x1536":["https:\/\/apuntesdesanluis.com\/wp-content\/uploads\/2024\/08\/apts-protesta.png",648,344,false],"2048x2048":["https:\/\/apuntesdesanluis.com\/wp-content\/uploads\/2024\/08\/apts-protesta.png",648,344,false],"newsever-slider-full":["https:\/\/apuntesdesanluis.com\/wp-content\/uploads\/2024\/08\/apts-protesta.png",648,344,false],"newsever-featured":["https:\/\/apuntesdesanluis.com\/wp-content\/uploads\/2024\/08\/apts-protesta.png",648,344,false],"newsever-medium":["https:\/\/apuntesdesanluis.com\/wp-content\/uploads\/2024\/08\/apts-protesta.png",648,344,false]},"author_info":{"display_name":"apuntesdesanluis.com","author_link":"https:\/\/apuntesdesanluis.com\/index.php\/author\/apuntesdesanluis-com\/"},"category_info":"<a href=\"https:\/\/apuntesdesanluis.com\/index.php\/category\/ciudad-provincia\/\" rel=\"category tag\">Ciudad\/Provincia<\/a>","tag_info":"Ciudad\/Provincia","comment_count":"0","_links":{"self":[{"href":"https:\/\/apuntesdesanluis.com\/index.php\/wp-json\/wp\/v2\/posts\/20370","targetHints":{"allow":["GET"]}}],"collection":[{"href":"https:\/\/apuntesdesanluis.com\/index.php\/wp-json\/wp\/v2\/posts"}],"about":[{"href":"https:\/\/apuntesdesanluis.com\/index.php\/wp-json\/wp\/v2\/types\/post"}],"author":[{"embeddable":true,"href":"https:\/\/apuntesdesanluis.com\/index.php\/wp-json\/wp\/v2\/users\/1"}],"replies":[{"embeddable":true,"href":"https:\/\/apuntesdesanluis.com\/index.php\/wp-json\/wp\/v2\/comments?post=20370"}],"version-history":[{"count":1,"href":"https:\/\/apuntesdesanluis.com\/index.php\/wp-json\/wp\/v2\/posts\/20370\/revisions"}],"predecessor-version":[{"id":20375,"href":"https:\/\/apuntesdesanluis.com\/index.php\/wp-json\/wp\/v2\/posts\/20370\/revisions\/20375"}],"wp:featuredmedia":[{"embeddable":true,"href":"https:\/\/apuntesdesanluis.com\/index.php\/wp-json\/wp\/v2\/media\/20371"}],"wp:attachment":[{"href":"https:\/\/apuntesdesanluis.com\/index.php\/wp-json\/wp\/v2\/media?parent=20370"}],"wp:term":[{"taxonomy":"category","embeddable":true,"href":"https:\/\/apuntesdesanluis.com\/index.php\/wp-json\/wp\/v2\/categories?post=20370"},{"taxonomy":"post_tag","embeddable":true,"href":"https:\/\/apuntesdesanluis.com\/index.php\/wp-json\/wp\/v2\/tags?post=20370"}],"curies":[{"name":"wp","href":"https:\/\/api.w.org\/{rel}","templated":true}]}}