{"id":20382,"date":"2024-08-05T20:51:43","date_gmt":"2024-08-05T23:51:43","guid":{"rendered":"https:\/\/apuntesdesanluis.com\/?p=20382"},"modified":"2024-08-05T20:51:43","modified_gmt":"2024-08-05T23:51:43","slug":"sturzenegger-le-respondio-a-macri-lo-que-mauricio-no-logro-en-4-anos-milei-lo-hizo-en-un-mes","status":"publish","type":"post","link":"https:\/\/apuntesdesanluis.com\/index.php\/2024\/08\/05\/sturzenegger-le-respondio-a-macri-lo-que-mauricio-no-logro-en-4-anos-milei-lo-hizo-en-un-mes\/","title":{"rendered":"STURZENEGGER LE RESPONDI\u00d3 A MACRI: \u201cLO QUE MAURICIO NO LOGR\u00d3 EN 4 A\u00d1OS, MILEI LO HIZO EN UN MES\u201d"},"content":{"rendered":"<h3>Las cr\u00edticas que<strong> Mauricio Macri<\/strong> realiz\u00f3 sobre los problemas de gesti\u00f3n que observa en el gobierno de <strong>Javier Milei<\/strong> no pasaron inadvertidas para <strong>Federico Sturzenegger<\/strong>. El flamante ministro de Desregulaci\u00f3n, ex funcionario de Cambiemo, consider\u00f3 desacertado el an\u00e1lisis que hizo el l\u00edder de PRO y apel\u00f3 a una reflexi\u00f3n contundente para fundamentar su diagn\u00f3stico.<\/h3>\n<h3>\u00a0\u201cYo discrepo radicalmente&#8230; (Luis) Caputo tuvo super\u00e1vit en un mes, as\u00ed que tendr\u00eda que cerrar el libro ah\u00ed, cerramos y pasamos a otro tema porque queda totalmente demostrado. Algo que nadie pens\u00f3 que era posible&#8230;\u201d, comenz\u00f3 a modo de introducci\u00f3n, antes de rematar con una comparaci\u00f3n lapidaria: \u201cLo digo con todo respeto, Mauricio con mucho esfuerzo no lo logr\u00f3 hacer en cuatro a\u00f1os, Javier Milei lo logr\u00f3 en un mes. Si a m\u00ed me dicen no hay gesti\u00f3n, no s\u00e9, me vuela la cabeza\u201d.<\/h3>\n<h3>El ministro de Desregulaci\u00f3n reforz\u00f3 su postura con otros ejemplos: \u201cEl posicionamiento internacional de Milei es extraordinario, no se vio en a\u00f1os; si veo el liderazgo regional que ha tomado en el tema Venezuela, me parece extraordinario. No veo c\u00f3mo se puede decir que no hay gesti\u00f3n\u201d.<\/h3>\n<h3>\u201c\u00bfEn Seguridad no hay gesti\u00f3n? \u00bfNo hay gesti\u00f3n en devolverle cierto orgullo y respeto a las fuerzas? Y Sandra Pettovello la reforma que ha hecho es extraordinaria, \u00bfo por qu\u00e9 no hay m\u00e1s piquetes? Porque se desfinanci\u00f3 a los intermediarios que financiaban los piquetes. Entonces me dicen no hay gesti\u00f3n, \u00a1\u00bfy no hay piquetes?!\u201d, enumer\u00f3 en una extensa entrevista con Radio Mitre.<\/h3>\n<h3>Por si no hab\u00eda quedado clara su postura, Sturzenegger consider\u00f3 que esta gesti\u00f3n va \u201cm\u00e1s a fondo\u201d que la que realiz\u00f3 el gobierno de Macri.<\/h3>\n<h3>\u00a0\u201cDir\u00eda que s\u00ed, Javier (Milei) lo hace con una convicci\u00f3n y una claridad&#8230; Tiene una visi\u00f3n, est\u00e1 planteando una batalla cultural importante. La convicci\u00f3n que tiene en sus ideas es muy inspiradora\u201d, destac\u00f3 al evaluar las caracter\u00edsticas de la gesti\u00f3n que encabeza el actual presidente.<\/h3>\n<h3>A continuaci\u00f3n realiz\u00f3 un repaso hist\u00f3rico para darle m\u00e1s fundamentos a su diagn\u00f3stico: \u201cEsa idea de que el pa\u00eds ha estado oprimido por una casta que se ha beneficiado del pueblo, ese modelo de la casta eran las ideas de (Juan Domingo) Per\u00f3n, esa idea de econom\u00eda corporativa, pero el que la hizo ley fue (Juan Carlos) Ongan\u00eda, que hablaba de la sociedad organizada. Un gobierno 4 a\u00f1os sin Congreso, fue una presidencia transformadora, para m\u00ed en un sentido muy negativo\u201d.<\/h3>\n<h3>Para darle un cierre al tema, el funcionario apunt\u00f3: \u201cObviamente una gesti\u00f3n es muy compleja, falta todo, falta mucho, se cometen errores todo el tiempo, errar es humano, pero me parece que es muy impresionante lo que el Presidente ha logrado\u201d.<\/h3>\n<p>&nbsp;<\/p>\n<p>&nbsp;<\/p>\n<p>&nbsp;<\/p>\n<p>&nbsp;<\/p>\n<p>&nbsp;<\/p>\n<p>&nbsp;<\/p>\n","protected":false},"excerpt":{"rendered":"<p>Las cr\u00edticas que Mauricio Macri realiz\u00f3 sobre los problemas de gesti\u00f3n que observa en el&#8230;<\/p>\n","protected":false},"author":1,"featured_media":20383,"comment_status":"closed","ping_status":"closed","sticky":false,"template":"","format":"standard","meta":{"footnotes":""},"categories":[5],"tags":[],"class_list":["post-20382","post","type-post","status-publish","format-standard","has-post-thumbnail","hentry","category-nacionales-internacionales"],"yoast_head":"<!-- This site is optimized with the Yoast SEO plugin v26.1.1 - https:\/\/yoast.com\/wordpress\/plugins\/seo\/ -->\n<title>STURZENEGGER LE RESPONDI\u00d3 A MACRI: \u201cLO QUE MAURICIO NO LOGR\u00d3 EN 4 A\u00d1OS, MILEI LO HIZO EN UN MES\u201d - Apuntes de San Luis<\/title>\n<meta name=\"robots\" content=\"index, follow, max-snippet:-1, max-image-preview:large, max-video-preview:-1\" \/>\n<link rel=\"canonical\" href=\"https:\/\/apuntesdesanluis.com\/index.php\/2024\/08\/05\/sturzenegger-le-respondio-a-macri-lo-que-mauricio-no-logro-en-4-anos-milei-lo-hizo-en-un-mes\/\" \/>\n<meta property=\"og:locale\" content=\"es_ES\" \/>\n<meta property=\"og:type\" content=\"article\" \/>\n<meta property=\"og:title\" content=\"STURZENEGGER LE RESPONDI\u00d3 A MACRI: \u201cLO QUE MAURICIO NO LOGR\u00d3 EN 4 A\u00d1OS, MILEI LO HIZO EN UN MES\u201d - Apuntes de San Luis\" \/>\n<meta property=\"og:description\" content=\"Las cr\u00edticas que Mauricio Macri realiz\u00f3 sobre los problemas de gesti\u00f3n que observa en el...\" \/>\n<meta property=\"og:url\" content=\"https:\/\/apuntesdesanluis.com\/index.php\/2024\/08\/05\/sturzenegger-le-respondio-a-macri-lo-que-mauricio-no-logro-en-4-anos-milei-lo-hizo-en-un-mes\/\" \/>\n<meta property=\"og:site_name\" content=\"Apuntes de San Luis\" \/>\n<meta property=\"article:published_time\" content=\"2024-08-05T23:51:43+00:00\" \/>\n<meta property=\"og:image\" content=\"https:\/\/apuntesdesanluis.com\/wp-content\/uploads\/2024\/08\/sturzenegger-y-macri.png\" \/>\n\t<meta property=\"og:image:width\" content=\"799\" \/>\n\t<meta property=\"og:image:height\" content=\"441\" \/>\n\t<meta property=\"og:image:type\" content=\"image\/png\" \/>\n<meta name=\"author\" content=\"apuntesdesanluis.com\" \/>\n<meta name=\"twitter:card\" content=\"summary_large_image\" \/>\n<meta name=\"twitter:label1\" content=\"Escrito por\" \/>\n\t<meta name=\"twitter:data1\" content=\"apuntesdesanluis.com\" \/>\n\t<meta name=\"twitter:label2\" content=\"Tiempo de lectura\" \/>\n\t<meta name=\"twitter:data2\" content=\"3 minutos\" \/>\n<script type=\"application\/ld+json\" class=\"yoast-schema-graph\">{\"@context\":\"https:\/\/schema.org\",\"@graph\":[{\"@type\":\"Article\",\"@id\":\"https:\/\/apuntesdesanluis.com\/index.php\/2024\/08\/05\/sturzenegger-le-respondio-a-macri-lo-que-mauricio-no-logro-en-4-anos-milei-lo-hizo-en-un-mes\/#article\",\"isPartOf\":{\"@id\":\"https:\/\/apuntesdesanluis.com\/index.php\/2024\/08\/05\/sturzenegger-le-respondio-a-macri-lo-que-mauricio-no-logro-en-4-anos-milei-lo-hizo-en-un-mes\/\"},\"author\":{\"name\":\"apuntesdesanluis.com\",\"@id\":\"https:\/\/apuntesdesanluis.com\/#\/schema\/person\/b55151d52296fcce64d1a72538a70b90\"},\"headline\":\"STURZENEGGER LE RESPONDI\u00d3 A MACRI: \u201cLO QUE MAURICIO NO LOGR\u00d3 EN 4 A\u00d1OS, MILEI LO HIZO EN UN MES\u201d\",\"datePublished\":\"2024-08-05T23:51:43+00:00\",\"mainEntityOfPage\":{\"@id\":\"https:\/\/apuntesdesanluis.com\/index.php\/2024\/08\/05\/sturzenegger-le-respondio-a-macri-lo-que-mauricio-no-logro-en-4-anos-milei-lo-hizo-en-un-mes\/\"},\"wordCount\":503,\"publisher\":{\"@id\":\"https:\/\/apuntesdesanluis.com\/#\/schema\/person\/b55151d52296fcce64d1a72538a70b90\"},\"image\":{\"@id\":\"https:\/\/apuntesdesanluis.com\/index.php\/2024\/08\/05\/sturzenegger-le-respondio-a-macri-lo-que-mauricio-no-logro-en-4-anos-milei-lo-hizo-en-un-mes\/#primaryimage\"},\"thumbnailUrl\":\"https:\/\/apuntesdesanluis.com\/wp-content\/uploads\/2024\/08\/sturzenegger-y-macri.png\",\"articleSection\":[\"Nacionales\/Internacionales\"],\"inLanguage\":\"es-AR\"},{\"@type\":\"WebPage\",\"@id\":\"https:\/\/apuntesdesanluis.com\/index.php\/2024\/08\/05\/sturzenegger-le-respondio-a-macri-lo-que-mauricio-no-logro-en-4-anos-milei-lo-hizo-en-un-mes\/\",\"url\":\"https:\/\/apuntesdesanluis.com\/index.php\/2024\/08\/05\/sturzenegger-le-respondio-a-macri-lo-que-mauricio-no-logro-en-4-anos-milei-lo-hizo-en-un-mes\/\",\"name\":\"STURZENEGGER LE RESPONDI\u00d3 A MACRI: \u201cLO QUE MAURICIO NO LOGR\u00d3 EN 4 A\u00d1OS, MILEI LO HIZO EN UN MES\u201d - Apuntes de San Luis\",\"isPartOf\":{\"@id\":\"https:\/\/apuntesdesanluis.com\/#website\"},\"primaryImageOfPage\":{\"@id\":\"https:\/\/apuntesdesanluis.com\/index.php\/2024\/08\/05\/sturzenegger-le-respondio-a-macri-lo-que-mauricio-no-logro-en-4-anos-milei-lo-hizo-en-un-mes\/#primaryimage\"},\"image\":{\"@id\":\"https:\/\/apuntesdesanluis.com\/index.php\/2024\/08\/05\/sturzenegger-le-respondio-a-macri-lo-que-mauricio-no-logro-en-4-anos-milei-lo-hizo-en-un-mes\/#primaryimage\"},\"thumbnailUrl\":\"https:\/\/apuntesdesanluis.com\/wp-content\/uploads\/2024\/08\/sturzenegger-y-macri.png\",\"datePublished\":\"2024-08-05T23:51:43+00:00\",\"breadcrumb\":{\"@id\":\"https:\/\/apuntesdesanluis.com\/index.php\/2024\/08\/05\/sturzenegger-le-respondio-a-macri-lo-que-mauricio-no-logro-en-4-anos-milei-lo-hizo-en-un-mes\/#breadcrumb\"},\"inLanguage\":\"es-AR\",\"potentialAction\":[{\"@type\":\"ReadAction\",\"target\":[\"https:\/\/apuntesdesanluis.com\/index.php\/2024\/08\/05\/sturzenegger-le-respondio-a-macri-lo-que-mauricio-no-logro-en-4-anos-milei-lo-hizo-en-un-mes\/\"]}]},{\"@type\":\"ImageObject\",\"inLanguage\":\"es-AR\",\"@id\":\"https:\/\/apuntesdesanluis.com\/index.php\/2024\/08\/05\/sturzenegger-le-respondio-a-macri-lo-que-mauricio-no-logro-en-4-anos-milei-lo-hizo-en-un-mes\/#primaryimage\",\"url\":\"https:\/\/apuntesdesanluis.com\/wp-content\/uploads\/2024\/08\/sturzenegger-y-macri.png\",\"contentUrl\":\"https:\/\/apuntesdesanluis.com\/wp-content\/uploads\/2024\/08\/sturzenegger-y-macri.png\",\"width\":799,\"height\":441},{\"@type\":\"BreadcrumbList\",\"@id\":\"https:\/\/apuntesdesanluis.com\/index.php\/2024\/08\/05\/sturzenegger-le-respondio-a-macri-lo-que-mauricio-no-logro-en-4-anos-milei-lo-hizo-en-un-mes\/#breadcrumb\",\"itemListElement\":[{\"@type\":\"ListItem\",\"position\":1,\"name\":\"Inicio\",\"item\":\"https:\/\/apuntesdesanluis.com\/\"},{\"@type\":\"ListItem\",\"position\":2,\"name\":\"STURZENEGGER LE RESPONDI\u00d3 A MACRI: \u201cLO QUE MAURICIO NO LOGR\u00d3 EN 4 A\u00d1OS, MILEI LO HIZO EN UN MES\u201d\"}]},{\"@type\":\"WebSite\",\"@id\":\"https:\/\/apuntesdesanluis.com\/#website\",\"url\":\"https:\/\/apuntesdesanluis.com\/\",\"name\":\"Apuntes de San Luis\",\"description\":\"\",\"publisher\":{\"@id\":\"https:\/\/apuntesdesanluis.com\/#\/schema\/person\/b55151d52296fcce64d1a72538a70b90\"},\"potentialAction\":[{\"@type\":\"SearchAction\",\"target\":{\"@type\":\"EntryPoint\",\"urlTemplate\":\"https:\/\/apuntesdesanluis.com\/?s={search_term_string}\"},\"query-input\":{\"@type\":\"PropertyValueSpecification\",\"valueRequired\":true,\"valueName\":\"search_term_string\"}}],\"inLanguage\":\"es-AR\"},{\"@type\":[\"Person\",\"Organization\"],\"@id\":\"https:\/\/apuntesdesanluis.com\/#\/schema\/person\/b55151d52296fcce64d1a72538a70b90\",\"name\":\"apuntesdesanluis.com\",\"image\":{\"@type\":\"ImageObject\",\"inLanguage\":\"es-AR\",\"@id\":\"https:\/\/apuntesdesanluis.com\/#\/schema\/person\/image\/\",\"url\":\"https:\/\/apuntesdesanluis.com\/wp-content\/uploads\/2023\/07\/cropped-apuntesdesanluis.png\",\"contentUrl\":\"https:\/\/apuntesdesanluis.com\/wp-content\/uploads\/2023\/07\/cropped-apuntesdesanluis.png\",\"width\":450,\"height\":112,\"caption\":\"apuntesdesanluis.com\"},\"logo\":{\"@id\":\"https:\/\/apuntesdesanluis.com\/#\/schema\/person\/image\/\"},\"sameAs\":[\"https:\/\/apuntesdesanluis.com\"],\"url\":\"https:\/\/apuntesdesanluis.com\/index.php\/author\/apuntesdesanluis-com\/\"}]}<\/script>\n<!-- \/ Yoast SEO plugin. -->","yoast_head_json":{"title":"STURZENEGGER LE RESPONDI\u00d3 A MACRI: \u201cLO QUE MAURICIO NO LOGR\u00d3 EN 4 A\u00d1OS, MILEI LO HIZO EN UN MES\u201d - Apuntes de San Luis","robots":{"index":"index","follow":"follow","max-snippet":"max-snippet:-1","max-image-preview":"max-image-preview:large","max-video-preview":"max-video-preview:-1"},"canonical":"https:\/\/apuntesdesanluis.com\/index.php\/2024\/08\/05\/sturzenegger-le-respondio-a-macri-lo-que-mauricio-no-logro-en-4-anos-milei-lo-hizo-en-un-mes\/","og_locale":"es_ES","og_type":"article","og_title":"STURZENEGGER LE RESPONDI\u00d3 A MACRI: \u201cLO QUE MAURICIO NO LOGR\u00d3 EN 4 A\u00d1OS, MILEI LO HIZO EN UN MES\u201d - Apuntes de San Luis","og_description":"Las cr\u00edticas que Mauricio Macri realiz\u00f3 sobre los problemas de gesti\u00f3n que observa en el...","og_url":"https:\/\/apuntesdesanluis.com\/index.php\/2024\/08\/05\/sturzenegger-le-respondio-a-macri-lo-que-mauricio-no-logro-en-4-anos-milei-lo-hizo-en-un-mes\/","og_site_name":"Apuntes de San Luis","article_published_time":"2024-08-05T23:51:43+00:00","og_image":[{"width":799,"height":441,"url":"https:\/\/apuntesdesanluis.com\/wp-content\/uploads\/2024\/08\/sturzenegger-y-macri.png","type":"image\/png"}],"author":"apuntesdesanluis.com","twitter_card":"summary_large_image","twitter_misc":{"Escrito por":"apuntesdesanluis.com","Tiempo de lectura":"3 minutos"},"schema":{"@context":"https:\/\/schema.org","@graph":[{"@type":"Article","@id":"https:\/\/apuntesdesanluis.com\/index.php\/2024\/08\/05\/sturzenegger-le-respondio-a-macri-lo-que-mauricio-no-logro-en-4-anos-milei-lo-hizo-en-un-mes\/#article","isPartOf":{"@id":"https:\/\/apuntesdesanluis.com\/index.php\/2024\/08\/05\/sturzenegger-le-respondio-a-macri-lo-que-mauricio-no-logro-en-4-anos-milei-lo-hizo-en-un-mes\/"},"author":{"name":"apuntesdesanluis.com","@id":"https:\/\/apuntesdesanluis.com\/#\/schema\/person\/b55151d52296fcce64d1a72538a70b90"},"headline":"STURZENEGGER LE RESPONDI\u00d3 A MACRI: \u201cLO QUE MAURICIO NO LOGR\u00d3 EN 4 A\u00d1OS, MILEI LO HIZO EN UN MES\u201d","datePublished":"2024-08-05T23:51:43+00:00","mainEntityOfPage":{"@id":"https:\/\/apuntesdesanluis.com\/index.php\/2024\/08\/05\/sturzenegger-le-respondio-a-macri-lo-que-mauricio-no-logro-en-4-anos-milei-lo-hizo-en-un-mes\/"},"wordCount":503,"publisher":{"@id":"https:\/\/apuntesdesanluis.com\/#\/schema\/person\/b55151d52296fcce64d1a72538a70b90"},"image":{"@id":"https:\/\/apuntesdesanluis.com\/index.php\/2024\/08\/05\/sturzenegger-le-respondio-a-macri-lo-que-mauricio-no-logro-en-4-anos-milei-lo-hizo-en-un-mes\/#primaryimage"},"thumbnailUrl":"https:\/\/apuntesdesanluis.com\/wp-content\/uploads\/2024\/08\/sturzenegger-y-macri.png","articleSection":["Nacionales\/Internacionales"],"inLanguage":"es-AR"},{"@type":"WebPage","@id":"https:\/\/apuntesdesanluis.com\/index.php\/2024\/08\/05\/sturzenegger-le-respondio-a-macri-lo-que-mauricio-no-logro-en-4-anos-milei-lo-hizo-en-un-mes\/","url":"https:\/\/apuntesdesanluis.com\/index.php\/2024\/08\/05\/sturzenegger-le-respondio-a-macri-lo-que-mauricio-no-logro-en-4-anos-milei-lo-hizo-en-un-mes\/","name":"STURZENEGGER LE RESPONDI\u00d3 A MACRI: \u201cLO QUE MAURICIO NO LOGR\u00d3 EN 4 A\u00d1OS, MILEI LO HIZO EN UN MES\u201d - Apuntes de San Luis","isPartOf":{"@id":"https:\/\/apuntesdesanluis.com\/#website"},"primaryImageOfPage":{"@id":"https:\/\/apuntesdesanluis.com\/index.php\/2024\/08\/05\/sturzenegger-le-respondio-a-macri-lo-que-mauricio-no-logro-en-4-anos-milei-lo-hizo-en-un-mes\/#primaryimage"},"image":{"@id":"https:\/\/apuntesdesanluis.com\/index.php\/2024\/08\/05\/sturzenegger-le-respondio-a-macri-lo-que-mauricio-no-logro-en-4-anos-milei-lo-hizo-en-un-mes\/#primaryimage"},"thumbnailUrl":"https:\/\/apuntesdesanluis.com\/wp-content\/uploads\/2024\/08\/sturzenegger-y-macri.png","datePublished":"2024-08-05T23:51:43+00:00","breadcrumb":{"@id":"https:\/\/apuntesdesanluis.com\/index.php\/2024\/08\/05\/sturzenegger-le-respondio-a-macri-lo-que-mauricio-no-logro-en-4-anos-milei-lo-hizo-en-un-mes\/#breadcrumb"},"inLanguage":"es-AR","potentialAction":[{"@type":"ReadAction","target":["https:\/\/apuntesdesanluis.com\/index.php\/2024\/08\/05\/sturzenegger-le-respondio-a-macri-lo-que-mauricio-no-logro-en-4-anos-milei-lo-hizo-en-un-mes\/"]}]},{"@type":"ImageObject","inLanguage":"es-AR","@id":"https:\/\/apuntesdesanluis.com\/index.php\/2024\/08\/05\/sturzenegger-le-respondio-a-macri-lo-que-mauricio-no-logro-en-4-anos-milei-lo-hizo-en-un-mes\/#primaryimage","url":"https:\/\/apuntesdesanluis.com\/wp-content\/uploads\/2024\/08\/sturzenegger-y-macri.png","contentUrl":"https:\/\/apuntesdesanluis.com\/wp-content\/uploads\/2024\/08\/sturzenegger-y-macri.png","width":799,"height":441},{"@type":"BreadcrumbList","@id":"https:\/\/apuntesdesanluis.com\/index.php\/2024\/08\/05\/sturzenegger-le-respondio-a-macri-lo-que-mauricio-no-logro-en-4-anos-milei-lo-hizo-en-un-mes\/#breadcrumb","itemListElement":[{"@type":"ListItem","position":1,"name":"Inicio","item":"https:\/\/apuntesdesanluis.com\/"},{"@type":"ListItem","position":2,"name":"STURZENEGGER LE RESPONDI\u00d3 A MACRI: \u201cLO QUE MAURICIO NO LOGR\u00d3 EN 4 A\u00d1OS, MILEI LO HIZO EN UN MES\u201d"}]},{"@type":"WebSite","@id":"https:\/\/apuntesdesanluis.com\/#website","url":"https:\/\/apuntesdesanluis.com\/","name":"Apuntes de San Luis","description":"","publisher":{"@id":"https:\/\/apuntesdesanluis.com\/#\/schema\/person\/b55151d52296fcce64d1a72538a70b90"},"potentialAction":[{"@type":"SearchAction","target":{"@type":"EntryPoint","urlTemplate":"https:\/\/apuntesdesanluis.com\/?s={search_term_string}"},"query-input":{"@type":"PropertyValueSpecification","valueRequired":true,"valueName":"search_term_string"}}],"inLanguage":"es-AR"},{"@type":["Person","Organization"],"@id":"https:\/\/apuntesdesanluis.com\/#\/schema\/person\/b55151d52296fcce64d1a72538a70b90","name":"apuntesdesanluis.com","image":{"@type":"ImageObject","inLanguage":"es-AR","@id":"https:\/\/apuntesdesanluis.com\/#\/schema\/person\/image\/","url":"https:\/\/apuntesdesanluis.com\/wp-content\/uploads\/2023\/07\/cropped-apuntesdesanluis.png","contentUrl":"https:\/\/apuntesdesanluis.com\/wp-content\/uploads\/2023\/07\/cropped-apuntesdesanluis.png","width":450,"height":112,"caption":"apuntesdesanluis.com"},"logo":{"@id":"https:\/\/apuntesdesanluis.com\/#\/schema\/person\/image\/"},"sameAs":["https:\/\/apuntesdesanluis.com"],"url":"https:\/\/apuntesdesanluis.com\/index.php\/author\/apuntesdesanluis-com\/"}]}},"featured_image_urls":{"full":["https:\/\/apuntesdesanluis.com\/wp-content\/uploads\/2024\/08\/sturzenegger-y-macri.png",799,441,false],"thumbnail":["https:\/\/apuntesdesanluis.com\/wp-content\/uploads\/2024\/08\/sturzenegger-y-macri-150x150.png",150,150,true],"medium":["https:\/\/apuntesdesanluis.com\/wp-content\/uploads\/2024\/08\/sturzenegger-y-macri-300x166.png",300,166,true],"medium_large":["https:\/\/apuntesdesanluis.com\/wp-content\/uploads\/2024\/08\/sturzenegger-y-macri-768x424.png",640,353,true],"large":["https:\/\/apuntesdesanluis.com\/wp-content\/uploads\/2024\/08\/sturzenegger-y-macri.png",640,353,false],"1536x1536":["https:\/\/apuntesdesanluis.com\/wp-content\/uploads\/2024\/08\/sturzenegger-y-macri.png",799,441,false],"2048x2048":["https:\/\/apuntesdesanluis.com\/wp-content\/uploads\/2024\/08\/sturzenegger-y-macri.png",799,441,false],"newsever-slider-full":["https:\/\/apuntesdesanluis.com\/wp-content\/uploads\/2024\/08\/sturzenegger-y-macri.png",799,441,false],"newsever-featured":["https:\/\/apuntesdesanluis.com\/wp-content\/uploads\/2024\/08\/sturzenegger-y-macri.png",799,441,false],"newsever-medium":["https:\/\/apuntesdesanluis.com\/wp-content\/uploads\/2024\/08\/sturzenegger-y-macri-720x441.png",720,441,true]},"author_info":{"display_name":"apuntesdesanluis.com","author_link":"https:\/\/apuntesdesanluis.com\/index.php\/author\/apuntesdesanluis-com\/"},"category_info":"<a href=\"https:\/\/apuntesdesanluis.com\/index.php\/category\/nacionales-internacionales\/\" rel=\"category tag\">Nacionales\/Internacionales<\/a>","tag_info":"Nacionales\/Internacionales","comment_count":"0","_links":{"self":[{"href":"https:\/\/apuntesdesanluis.com\/index.php\/wp-json\/wp\/v2\/posts\/20382","targetHints":{"allow":["GET"]}}],"collection":[{"href":"https:\/\/apuntesdesanluis.com\/index.php\/wp-json\/wp\/v2\/posts"}],"about":[{"href":"https:\/\/apuntesdesanluis.com\/index.php\/wp-json\/wp\/v2\/types\/post"}],"author":[{"embeddable":true,"href":"https:\/\/apuntesdesanluis.com\/index.php\/wp-json\/wp\/v2\/users\/1"}],"replies":[{"embeddable":true,"href":"https:\/\/apuntesdesanluis.com\/index.php\/wp-json\/wp\/v2\/comments?post=20382"}],"version-history":[{"count":1,"href":"https:\/\/apuntesdesanluis.com\/index.php\/wp-json\/wp\/v2\/posts\/20382\/revisions"}],"predecessor-version":[{"id":20384,"href":"https:\/\/apuntesdesanluis.com\/index.php\/wp-json\/wp\/v2\/posts\/20382\/revisions\/20384"}],"wp:featuredmedia":[{"embeddable":true,"href":"https:\/\/apuntesdesanluis.com\/index.php\/wp-json\/wp\/v2\/media\/20383"}],"wp:attachment":[{"href":"https:\/\/apuntesdesanluis.com\/index.php\/wp-json\/wp\/v2\/media?parent=20382"}],"wp:term":[{"taxonomy":"category","embeddable":true,"href":"https:\/\/apuntesdesanluis.com\/index.php\/wp-json\/wp\/v2\/categories?post=20382"},{"taxonomy":"post_tag","embeddable":true,"href":"https:\/\/apuntesdesanluis.com\/index.php\/wp-json\/wp\/v2\/tags?post=20382"}],"curies":[{"name":"wp","href":"https:\/\/api.w.org\/{rel}","templated":true}]}}