{"id":20385,"date":"2024-08-05T20:54:42","date_gmt":"2024-08-05T23:54:42","guid":{"rendered":"https:\/\/apuntesdesanluis.com\/?p=20385"},"modified":"2024-08-05T20:54:42","modified_gmt":"2024-08-05T23:54:42","slug":"la-cgt-confirmo-la-marcha-del-miercoles-junto-a-movimientos-sociales-por-san-cayetano","status":"publish","type":"post","link":"https:\/\/apuntesdesanluis.com\/index.php\/2024\/08\/05\/la-cgt-confirmo-la-marcha-del-miercoles-junto-a-movimientos-sociales-por-san-cayetano\/","title":{"rendered":"LA CGT CONFIRM\u00d3 LA MARCHA DEL MI\u00c9RCOLES JUNTO A MOVIMIENTOS SOCIALES POR SAN CAYETANO"},"content":{"rendered":"<h3>El cotitular de la CGT <strong>H\u00e9ctor Daer<\/strong>, convoc\u00f3 hoy formalmente a la marcha del pr\u00f3ximo mi\u00e9rcoles por San Cayetano bajo el lema &#8220;Paz, Pan, Tierra, Techo y Trabajo&#8221;, junto a los movimientos sociales y las dos CTA, que incluir\u00e1 un acto en Plaza de Mayo.<\/h3>\n<h3>&#8220;Nuestro compromiso con todos los trabajadores, con los que tienen la suerte de estar en la formalidad y los que desgraciadamente est\u00e1n en la informalidad y todos los d\u00edas se la tiene que rebuscar para llevar el pan a la mesa&#8221;, sostuvo Daer en la conferencia de prensa conjunta que brind\u00f3 este lunes en la sede de la central en la calle Azopardo.<\/h3>\n<h3>Al respecto, el referente del sindicato de la Sanidad agreg\u00f3 que &#8220;esta marcha emblem\u00e1tica de todos los 7 de agosto marca un hito en lo que dignifica a todo ser humano, que es el trabajo&#8221;.<\/h3>\n<h3>Antes del mediod\u00eda los sindicatos y agrupaciones sociales Movimiento Evita, Barrios de Pie y Corriente Clasista y Combativa (CCC) (conocidas como &#8220;cayetanos&#8221;) concentrar\u00e1n en el microcentro y la marcha finalizar\u00e1 en Plaza de Mayo donde se realizar\u00e1 desde las 13 un acto, donde se denunciar\u00e1 &#8220;la emergencia alimentaria, social y laboral&#8221;.<\/h3>\n<h3>La peregrinaci\u00f3n se enmarca en el D\u00eda de San Cayetano, por lo que habr\u00e1 distintas actividades desde las 8 en la iglesia del Patrono del Trabajo, que se ubica en el barrio porte\u00f1o de Liniers, durante la ma\u00f1ana, y luego culminar\u00e1 en Plaza de Mayo.<\/h3>\n<h3>&#8220;Este 7 de agosto, las organizaciones nacionales de trabajadoras y trabajadores argentinos vuelven a movilizarse en unidad por pan, paz, tierra, techo y trabajo. Argentina Humana acompa\u00f1a concentrando a las 12 en Plaza de Mayo&#8221;, sostuvo el dirigente social y ex precandidato presidencial de Uni\u00f3n por la Patria Juan Grabois en su cuenta de X.<\/h3>\n<h3>Tambi\u00e9n uso las redes para convocar la integrante de Madres de Plaza de Mayo &#8220;Taty&#8221; Almeida: &#8220;El hambres no espera, el hambre es un crimen. Adem\u00e1s, en rechazo a este Gobierno negacionista, -que solo nos propone miseria planificada-, vamos a la Plaza de Mayo por Memoria, Verdad y Justicia, Tierra, Techo y Trabajo&#8221;, sostuvo en un video.<\/h3>\n<h3>Este a\u00f1o la marca por San Cayetano se produce en medio de denuncias judiciales impulsadas por el gobierno de Javier Milei sobre irregularidades de las organizaciones sociales en el manejo y reparto de planes y fondos.<\/h3>\n<h3>&#8220;En una Argentina donde 7 de cada 10 pibes y pibas est\u00e1n en la pobreza, volvemos a llevar adelante la marcha de San Cayetano, en este contexto de hambre que sufre nuestro pueblo, sobre todo en los barrios populares donde los alimentos no llegan a los comedores comunitarios&#8221;, expres\u00f3 la UTEP, sindicato de trabajadores informales que representa a los movimientos sociales, a trav\u00e9s de un comunicado.<\/h3>\n<h3>Asimismo, denunciaron que &#8220;enfrentan la persecuci\u00f3n&#8221; por parte del Gobierno y &#8220;el ataque a las y los trabajadores en su conjunto&#8221;.<\/h3>\n<h3>&#8220;Tanto desde la econom\u00eda popular que se la rebusca d\u00eda a d\u00eda sin pol\u00edticas p\u00fablicas que acompa\u00f1en al sector, como desde el trabajo asalariado que no para de perder poder adquisitivo y convive con la incertidumbre cotidianamente, lucharemos&#8221;, concluyeron.<\/h3>\n<p>&nbsp;<\/p>\n<p>&nbsp;<\/p>\n<p>&nbsp;<\/p>\n<p>&nbsp;<\/p>\n<p>&nbsp;<\/p>\n<p>&nbsp;<\/p>\n","protected":false},"excerpt":{"rendered":"<p>El cotitular de la CGT H\u00e9ctor Daer, convoc\u00f3 hoy formalmente a la marcha del pr\u00f3ximo&#8230;<\/p>\n","protected":false},"author":1,"featured_media":20386,"comment_status":"closed","ping_status":"closed","sticky":false,"template":"","format":"standard","meta":{"footnotes":""},"categories":[5],"tags":[],"class_list":["post-20385","post","type-post","status-publish","format-standard","has-post-thumbnail","hentry","category-nacionales-internacionales"],"yoast_head":"<!-- This site is optimized with the Yoast SEO plugin v26.1.1 - https:\/\/yoast.com\/wordpress\/plugins\/seo\/ -->\n<title>LA CGT CONFIRM\u00d3 LA MARCHA DEL MI\u00c9RCOLES JUNTO A MOVIMIENTOS SOCIALES POR SAN CAYETANO - Apuntes de San Luis<\/title>\n<meta name=\"robots\" content=\"index, follow, max-snippet:-1, max-image-preview:large, max-video-preview:-1\" \/>\n<link rel=\"canonical\" href=\"https:\/\/apuntesdesanluis.com\/index.php\/2024\/08\/05\/la-cgt-confirmo-la-marcha-del-miercoles-junto-a-movimientos-sociales-por-san-cayetano\/\" \/>\n<meta property=\"og:locale\" content=\"es_ES\" \/>\n<meta property=\"og:type\" content=\"article\" \/>\n<meta property=\"og:title\" content=\"LA CGT CONFIRM\u00d3 LA MARCHA DEL MI\u00c9RCOLES JUNTO A MOVIMIENTOS SOCIALES POR SAN CAYETANO - Apuntes de San Luis\" \/>\n<meta property=\"og:description\" content=\"El cotitular de la CGT H\u00e9ctor Daer, convoc\u00f3 hoy formalmente a la marcha del pr\u00f3ximo...\" \/>\n<meta property=\"og:url\" content=\"https:\/\/apuntesdesanluis.com\/index.php\/2024\/08\/05\/la-cgt-confirmo-la-marcha-del-miercoles-junto-a-movimientos-sociales-por-san-cayetano\/\" \/>\n<meta property=\"og:site_name\" content=\"Apuntes de San Luis\" \/>\n<meta property=\"article:published_time\" content=\"2024-08-05T23:54:42+00:00\" \/>\n<meta property=\"og:image\" content=\"https:\/\/apuntesdesanluis.com\/wp-content\/uploads\/2024\/08\/daer.png\" \/>\n\t<meta property=\"og:image:width\" content=\"660\" \/>\n\t<meta property=\"og:image:height\" content=\"383\" \/>\n\t<meta property=\"og:image:type\" content=\"image\/png\" \/>\n<meta name=\"author\" content=\"apuntesdesanluis.com\" \/>\n<meta name=\"twitter:card\" content=\"summary_large_image\" \/>\n<meta name=\"twitter:label1\" content=\"Escrito por\" \/>\n\t<meta name=\"twitter:data1\" content=\"apuntesdesanluis.com\" \/>\n\t<meta name=\"twitter:label2\" content=\"Tiempo de lectura\" \/>\n\t<meta name=\"twitter:data2\" content=\"3 minutos\" \/>\n<script type=\"application\/ld+json\" class=\"yoast-schema-graph\">{\"@context\":\"https:\/\/schema.org\",\"@graph\":[{\"@type\":\"Article\",\"@id\":\"https:\/\/apuntesdesanluis.com\/index.php\/2024\/08\/05\/la-cgt-confirmo-la-marcha-del-miercoles-junto-a-movimientos-sociales-por-san-cayetano\/#article\",\"isPartOf\":{\"@id\":\"https:\/\/apuntesdesanluis.com\/index.php\/2024\/08\/05\/la-cgt-confirmo-la-marcha-del-miercoles-junto-a-movimientos-sociales-por-san-cayetano\/\"},\"author\":{\"name\":\"apuntesdesanluis.com\",\"@id\":\"https:\/\/apuntesdesanluis.com\/#\/schema\/person\/b55151d52296fcce64d1a72538a70b90\"},\"headline\":\"LA CGT CONFIRM\u00d3 LA MARCHA DEL MI\u00c9RCOLES JUNTO A MOVIMIENTOS SOCIALES POR SAN CAYETANO\",\"datePublished\":\"2024-08-05T23:54:42+00:00\",\"mainEntityOfPage\":{\"@id\":\"https:\/\/apuntesdesanluis.com\/index.php\/2024\/08\/05\/la-cgt-confirmo-la-marcha-del-miercoles-junto-a-movimientos-sociales-por-san-cayetano\/\"},\"wordCount\":553,\"publisher\":{\"@id\":\"https:\/\/apuntesdesanluis.com\/#\/schema\/person\/b55151d52296fcce64d1a72538a70b90\"},\"image\":{\"@id\":\"https:\/\/apuntesdesanluis.com\/index.php\/2024\/08\/05\/la-cgt-confirmo-la-marcha-del-miercoles-junto-a-movimientos-sociales-por-san-cayetano\/#primaryimage\"},\"thumbnailUrl\":\"https:\/\/apuntesdesanluis.com\/wp-content\/uploads\/2024\/08\/daer.png\",\"articleSection\":[\"Nacionales\/Internacionales\"],\"inLanguage\":\"es-AR\"},{\"@type\":\"WebPage\",\"@id\":\"https:\/\/apuntesdesanluis.com\/index.php\/2024\/08\/05\/la-cgt-confirmo-la-marcha-del-miercoles-junto-a-movimientos-sociales-por-san-cayetano\/\",\"url\":\"https:\/\/apuntesdesanluis.com\/index.php\/2024\/08\/05\/la-cgt-confirmo-la-marcha-del-miercoles-junto-a-movimientos-sociales-por-san-cayetano\/\",\"name\":\"LA CGT CONFIRM\u00d3 LA MARCHA DEL MI\u00c9RCOLES JUNTO A MOVIMIENTOS SOCIALES POR SAN CAYETANO - Apuntes de San Luis\",\"isPartOf\":{\"@id\":\"https:\/\/apuntesdesanluis.com\/#website\"},\"primaryImageOfPage\":{\"@id\":\"https:\/\/apuntesdesanluis.com\/index.php\/2024\/08\/05\/la-cgt-confirmo-la-marcha-del-miercoles-junto-a-movimientos-sociales-por-san-cayetano\/#primaryimage\"},\"image\":{\"@id\":\"https:\/\/apuntesdesanluis.com\/index.php\/2024\/08\/05\/la-cgt-confirmo-la-marcha-del-miercoles-junto-a-movimientos-sociales-por-san-cayetano\/#primaryimage\"},\"thumbnailUrl\":\"https:\/\/apuntesdesanluis.com\/wp-content\/uploads\/2024\/08\/daer.png\",\"datePublished\":\"2024-08-05T23:54:42+00:00\",\"breadcrumb\":{\"@id\":\"https:\/\/apuntesdesanluis.com\/index.php\/2024\/08\/05\/la-cgt-confirmo-la-marcha-del-miercoles-junto-a-movimientos-sociales-por-san-cayetano\/#breadcrumb\"},\"inLanguage\":\"es-AR\",\"potentialAction\":[{\"@type\":\"ReadAction\",\"target\":[\"https:\/\/apuntesdesanluis.com\/index.php\/2024\/08\/05\/la-cgt-confirmo-la-marcha-del-miercoles-junto-a-movimientos-sociales-por-san-cayetano\/\"]}]},{\"@type\":\"ImageObject\",\"inLanguage\":\"es-AR\",\"@id\":\"https:\/\/apuntesdesanluis.com\/index.php\/2024\/08\/05\/la-cgt-confirmo-la-marcha-del-miercoles-junto-a-movimientos-sociales-por-san-cayetano\/#primaryimage\",\"url\":\"https:\/\/apuntesdesanluis.com\/wp-content\/uploads\/2024\/08\/daer.png\",\"contentUrl\":\"https:\/\/apuntesdesanluis.com\/wp-content\/uploads\/2024\/08\/daer.png\",\"width\":660,\"height\":383},{\"@type\":\"BreadcrumbList\",\"@id\":\"https:\/\/apuntesdesanluis.com\/index.php\/2024\/08\/05\/la-cgt-confirmo-la-marcha-del-miercoles-junto-a-movimientos-sociales-por-san-cayetano\/#breadcrumb\",\"itemListElement\":[{\"@type\":\"ListItem\",\"position\":1,\"name\":\"Inicio\",\"item\":\"https:\/\/apuntesdesanluis.com\/\"},{\"@type\":\"ListItem\",\"position\":2,\"name\":\"LA CGT CONFIRM\u00d3 LA MARCHA DEL MI\u00c9RCOLES JUNTO A MOVIMIENTOS SOCIALES POR SAN CAYETANO\"}]},{\"@type\":\"WebSite\",\"@id\":\"https:\/\/apuntesdesanluis.com\/#website\",\"url\":\"https:\/\/apuntesdesanluis.com\/\",\"name\":\"Apuntes de San Luis\",\"description\":\"\",\"publisher\":{\"@id\":\"https:\/\/apuntesdesanluis.com\/#\/schema\/person\/b55151d52296fcce64d1a72538a70b90\"},\"potentialAction\":[{\"@type\":\"SearchAction\",\"target\":{\"@type\":\"EntryPoint\",\"urlTemplate\":\"https:\/\/apuntesdesanluis.com\/?s={search_term_string}\"},\"query-input\":{\"@type\":\"PropertyValueSpecification\",\"valueRequired\":true,\"valueName\":\"search_term_string\"}}],\"inLanguage\":\"es-AR\"},{\"@type\":[\"Person\",\"Organization\"],\"@id\":\"https:\/\/apuntesdesanluis.com\/#\/schema\/person\/b55151d52296fcce64d1a72538a70b90\",\"name\":\"apuntesdesanluis.com\",\"image\":{\"@type\":\"ImageObject\",\"inLanguage\":\"es-AR\",\"@id\":\"https:\/\/apuntesdesanluis.com\/#\/schema\/person\/image\/\",\"url\":\"https:\/\/apuntesdesanluis.com\/wp-content\/uploads\/2023\/07\/cropped-apuntesdesanluis.png\",\"contentUrl\":\"https:\/\/apuntesdesanluis.com\/wp-content\/uploads\/2023\/07\/cropped-apuntesdesanluis.png\",\"width\":450,\"height\":112,\"caption\":\"apuntesdesanluis.com\"},\"logo\":{\"@id\":\"https:\/\/apuntesdesanluis.com\/#\/schema\/person\/image\/\"},\"sameAs\":[\"https:\/\/apuntesdesanluis.com\"],\"url\":\"https:\/\/apuntesdesanluis.com\/index.php\/author\/apuntesdesanluis-com\/\"}]}<\/script>\n<!-- \/ Yoast SEO plugin. -->","yoast_head_json":{"title":"LA CGT CONFIRM\u00d3 LA MARCHA DEL MI\u00c9RCOLES JUNTO A MOVIMIENTOS SOCIALES POR SAN CAYETANO - Apuntes de San Luis","robots":{"index":"index","follow":"follow","max-snippet":"max-snippet:-1","max-image-preview":"max-image-preview:large","max-video-preview":"max-video-preview:-1"},"canonical":"https:\/\/apuntesdesanluis.com\/index.php\/2024\/08\/05\/la-cgt-confirmo-la-marcha-del-miercoles-junto-a-movimientos-sociales-por-san-cayetano\/","og_locale":"es_ES","og_type":"article","og_title":"LA CGT CONFIRM\u00d3 LA MARCHA DEL MI\u00c9RCOLES JUNTO A MOVIMIENTOS SOCIALES POR SAN CAYETANO - Apuntes de San Luis","og_description":"El cotitular de la CGT H\u00e9ctor Daer, convoc\u00f3 hoy formalmente a la marcha del pr\u00f3ximo...","og_url":"https:\/\/apuntesdesanluis.com\/index.php\/2024\/08\/05\/la-cgt-confirmo-la-marcha-del-miercoles-junto-a-movimientos-sociales-por-san-cayetano\/","og_site_name":"Apuntes de San Luis","article_published_time":"2024-08-05T23:54:42+00:00","og_image":[{"width":660,"height":383,"url":"https:\/\/apuntesdesanluis.com\/wp-content\/uploads\/2024\/08\/daer.png","type":"image\/png"}],"author":"apuntesdesanluis.com","twitter_card":"summary_large_image","twitter_misc":{"Escrito por":"apuntesdesanluis.com","Tiempo de lectura":"3 minutos"},"schema":{"@context":"https:\/\/schema.org","@graph":[{"@type":"Article","@id":"https:\/\/apuntesdesanluis.com\/index.php\/2024\/08\/05\/la-cgt-confirmo-la-marcha-del-miercoles-junto-a-movimientos-sociales-por-san-cayetano\/#article","isPartOf":{"@id":"https:\/\/apuntesdesanluis.com\/index.php\/2024\/08\/05\/la-cgt-confirmo-la-marcha-del-miercoles-junto-a-movimientos-sociales-por-san-cayetano\/"},"author":{"name":"apuntesdesanluis.com","@id":"https:\/\/apuntesdesanluis.com\/#\/schema\/person\/b55151d52296fcce64d1a72538a70b90"},"headline":"LA CGT CONFIRM\u00d3 LA MARCHA DEL MI\u00c9RCOLES JUNTO A MOVIMIENTOS SOCIALES POR SAN CAYETANO","datePublished":"2024-08-05T23:54:42+00:00","mainEntityOfPage":{"@id":"https:\/\/apuntesdesanluis.com\/index.php\/2024\/08\/05\/la-cgt-confirmo-la-marcha-del-miercoles-junto-a-movimientos-sociales-por-san-cayetano\/"},"wordCount":553,"publisher":{"@id":"https:\/\/apuntesdesanluis.com\/#\/schema\/person\/b55151d52296fcce64d1a72538a70b90"},"image":{"@id":"https:\/\/apuntesdesanluis.com\/index.php\/2024\/08\/05\/la-cgt-confirmo-la-marcha-del-miercoles-junto-a-movimientos-sociales-por-san-cayetano\/#primaryimage"},"thumbnailUrl":"https:\/\/apuntesdesanluis.com\/wp-content\/uploads\/2024\/08\/daer.png","articleSection":["Nacionales\/Internacionales"],"inLanguage":"es-AR"},{"@type":"WebPage","@id":"https:\/\/apuntesdesanluis.com\/index.php\/2024\/08\/05\/la-cgt-confirmo-la-marcha-del-miercoles-junto-a-movimientos-sociales-por-san-cayetano\/","url":"https:\/\/apuntesdesanluis.com\/index.php\/2024\/08\/05\/la-cgt-confirmo-la-marcha-del-miercoles-junto-a-movimientos-sociales-por-san-cayetano\/","name":"LA CGT CONFIRM\u00d3 LA MARCHA DEL MI\u00c9RCOLES JUNTO A MOVIMIENTOS SOCIALES POR SAN CAYETANO - Apuntes de San Luis","isPartOf":{"@id":"https:\/\/apuntesdesanluis.com\/#website"},"primaryImageOfPage":{"@id":"https:\/\/apuntesdesanluis.com\/index.php\/2024\/08\/05\/la-cgt-confirmo-la-marcha-del-miercoles-junto-a-movimientos-sociales-por-san-cayetano\/#primaryimage"},"image":{"@id":"https:\/\/apuntesdesanluis.com\/index.php\/2024\/08\/05\/la-cgt-confirmo-la-marcha-del-miercoles-junto-a-movimientos-sociales-por-san-cayetano\/#primaryimage"},"thumbnailUrl":"https:\/\/apuntesdesanluis.com\/wp-content\/uploads\/2024\/08\/daer.png","datePublished":"2024-08-05T23:54:42+00:00","breadcrumb":{"@id":"https:\/\/apuntesdesanluis.com\/index.php\/2024\/08\/05\/la-cgt-confirmo-la-marcha-del-miercoles-junto-a-movimientos-sociales-por-san-cayetano\/#breadcrumb"},"inLanguage":"es-AR","potentialAction":[{"@type":"ReadAction","target":["https:\/\/apuntesdesanluis.com\/index.php\/2024\/08\/05\/la-cgt-confirmo-la-marcha-del-miercoles-junto-a-movimientos-sociales-por-san-cayetano\/"]}]},{"@type":"ImageObject","inLanguage":"es-AR","@id":"https:\/\/apuntesdesanluis.com\/index.php\/2024\/08\/05\/la-cgt-confirmo-la-marcha-del-miercoles-junto-a-movimientos-sociales-por-san-cayetano\/#primaryimage","url":"https:\/\/apuntesdesanluis.com\/wp-content\/uploads\/2024\/08\/daer.png","contentUrl":"https:\/\/apuntesdesanluis.com\/wp-content\/uploads\/2024\/08\/daer.png","width":660,"height":383},{"@type":"BreadcrumbList","@id":"https:\/\/apuntesdesanluis.com\/index.php\/2024\/08\/05\/la-cgt-confirmo-la-marcha-del-miercoles-junto-a-movimientos-sociales-por-san-cayetano\/#breadcrumb","itemListElement":[{"@type":"ListItem","position":1,"name":"Inicio","item":"https:\/\/apuntesdesanluis.com\/"},{"@type":"ListItem","position":2,"name":"LA CGT CONFIRM\u00d3 LA MARCHA DEL MI\u00c9RCOLES JUNTO A MOVIMIENTOS SOCIALES POR SAN CAYETANO"}]},{"@type":"WebSite","@id":"https:\/\/apuntesdesanluis.com\/#website","url":"https:\/\/apuntesdesanluis.com\/","name":"Apuntes de San Luis","description":"","publisher":{"@id":"https:\/\/apuntesdesanluis.com\/#\/schema\/person\/b55151d52296fcce64d1a72538a70b90"},"potentialAction":[{"@type":"SearchAction","target":{"@type":"EntryPoint","urlTemplate":"https:\/\/apuntesdesanluis.com\/?s={search_term_string}"},"query-input":{"@type":"PropertyValueSpecification","valueRequired":true,"valueName":"search_term_string"}}],"inLanguage":"es-AR"},{"@type":["Person","Organization"],"@id":"https:\/\/apuntesdesanluis.com\/#\/schema\/person\/b55151d52296fcce64d1a72538a70b90","name":"apuntesdesanluis.com","image":{"@type":"ImageObject","inLanguage":"es-AR","@id":"https:\/\/apuntesdesanluis.com\/#\/schema\/person\/image\/","url":"https:\/\/apuntesdesanluis.com\/wp-content\/uploads\/2023\/07\/cropped-apuntesdesanluis.png","contentUrl":"https:\/\/apuntesdesanluis.com\/wp-content\/uploads\/2023\/07\/cropped-apuntesdesanluis.png","width":450,"height":112,"caption":"apuntesdesanluis.com"},"logo":{"@id":"https:\/\/apuntesdesanluis.com\/#\/schema\/person\/image\/"},"sameAs":["https:\/\/apuntesdesanluis.com"],"url":"https:\/\/apuntesdesanluis.com\/index.php\/author\/apuntesdesanluis-com\/"}]}},"featured_image_urls":{"full":["https:\/\/apuntesdesanluis.com\/wp-content\/uploads\/2024\/08\/daer.png",660,383,false],"thumbnail":["https:\/\/apuntesdesanluis.com\/wp-content\/uploads\/2024\/08\/daer-150x150.png",150,150,true],"medium":["https:\/\/apuntesdesanluis.com\/wp-content\/uploads\/2024\/08\/daer-300x174.png",300,174,true],"medium_large":["https:\/\/apuntesdesanluis.com\/wp-content\/uploads\/2024\/08\/daer.png",640,371,false],"large":["https:\/\/apuntesdesanluis.com\/wp-content\/uploads\/2024\/08\/daer.png",640,371,false],"1536x1536":["https:\/\/apuntesdesanluis.com\/wp-content\/uploads\/2024\/08\/daer.png",660,383,false],"2048x2048":["https:\/\/apuntesdesanluis.com\/wp-content\/uploads\/2024\/08\/daer.png",660,383,false],"newsever-slider-full":["https:\/\/apuntesdesanluis.com\/wp-content\/uploads\/2024\/08\/daer.png",660,383,false],"newsever-featured":["https:\/\/apuntesdesanluis.com\/wp-content\/uploads\/2024\/08\/daer.png",660,383,false],"newsever-medium":["https:\/\/apuntesdesanluis.com\/wp-content\/uploads\/2024\/08\/daer.png",660,383,false]},"author_info":{"display_name":"apuntesdesanluis.com","author_link":"https:\/\/apuntesdesanluis.com\/index.php\/author\/apuntesdesanluis-com\/"},"category_info":"<a href=\"https:\/\/apuntesdesanluis.com\/index.php\/category\/nacionales-internacionales\/\" rel=\"category tag\">Nacionales\/Internacionales<\/a>","tag_info":"Nacionales\/Internacionales","comment_count":"0","_links":{"self":[{"href":"https:\/\/apuntesdesanluis.com\/index.php\/wp-json\/wp\/v2\/posts\/20385","targetHints":{"allow":["GET"]}}],"collection":[{"href":"https:\/\/apuntesdesanluis.com\/index.php\/wp-json\/wp\/v2\/posts"}],"about":[{"href":"https:\/\/apuntesdesanluis.com\/index.php\/wp-json\/wp\/v2\/types\/post"}],"author":[{"embeddable":true,"href":"https:\/\/apuntesdesanluis.com\/index.php\/wp-json\/wp\/v2\/users\/1"}],"replies":[{"embeddable":true,"href":"https:\/\/apuntesdesanluis.com\/index.php\/wp-json\/wp\/v2\/comments?post=20385"}],"version-history":[{"count":1,"href":"https:\/\/apuntesdesanluis.com\/index.php\/wp-json\/wp\/v2\/posts\/20385\/revisions"}],"predecessor-version":[{"id":20387,"href":"https:\/\/apuntesdesanluis.com\/index.php\/wp-json\/wp\/v2\/posts\/20385\/revisions\/20387"}],"wp:featuredmedia":[{"embeddable":true,"href":"https:\/\/apuntesdesanluis.com\/index.php\/wp-json\/wp\/v2\/media\/20386"}],"wp:attachment":[{"href":"https:\/\/apuntesdesanluis.com\/index.php\/wp-json\/wp\/v2\/media?parent=20385"}],"wp:term":[{"taxonomy":"category","embeddable":true,"href":"https:\/\/apuntesdesanluis.com\/index.php\/wp-json\/wp\/v2\/categories?post=20385"},{"taxonomy":"post_tag","embeddable":true,"href":"https:\/\/apuntesdesanluis.com\/index.php\/wp-json\/wp\/v2\/tags?post=20385"}],"curies":[{"name":"wp","href":"https:\/\/api.w.org\/{rel}","templated":true}]}}