{"id":20388,"date":"2024-08-05T21:01:51","date_gmt":"2024-08-06T00:01:51","guid":{"rendered":"https:\/\/apuntesdesanluis.com\/?p=20388"},"modified":"2024-08-05T21:01:51","modified_gmt":"2024-08-06T00:01:51","slug":"merlo-presentan-el-nuevo-ciclo-del-programa-de-capacitacion-turistica","status":"publish","type":"post","link":"https:\/\/apuntesdesanluis.com\/index.php\/2024\/08\/05\/merlo-presentan-el-nuevo-ciclo-del-programa-de-capacitacion-turistica\/","title":{"rendered":"MERLO: PRESENTAN EL NUEVO CICLO DEL PROGRAMA DE CAPACITACI\u00d3N TUR\u00cdSTICA"},"content":{"rendered":"<h3>La Secretar\u00eda de Turismo a trav\u00e9s del ProCaTur ofrece herramientas clave para estudiantes, profesionales y entusiastas del turismo, complementando su formaci\u00f3n laboral a trav\u00e9s de convenios con la Facultad de Turismo y Urbanismo y la Asociaci\u00f3n Empresarial Gastron\u00f3mica Hotelera de la Villa de Merlo.<\/h3>\n<h3>La Municipalidad de la Villa de Merlo a trav\u00e9s de su Secretar\u00eda de Turismo, anunci\u00f3 la presentaci\u00f3n oficial del nuevo ciclo de capacitaci\u00f3n de ProCaTur, el programa de capacitaci\u00f3n tur\u00edstica.<\/h3>\n<h3>Este <strong>mi\u00e9rcoles 14 de agosto, a las 19 hs. <\/strong>se llevar\u00e1 a cabo un evento especial en las <strong>instalaciones de la Facultad de Turismo y Urbanismo<\/strong>, donde se dar\u00e1n a conocer en detalle las propuestas y los beneficios del programa ProCaTur, dise\u00f1ado para brindar a estudiantes, profesionales y entusiastas del turismo las herramientas necesarias para complementar su formaci\u00f3n laboral, promoviendo el desarrollo de competencias clave para el sector.<\/h3>\n<h3>Este nuevo ciclo de capacitaci\u00f3n se realiza en el marco de los convenios firmados con la Facultad de Turismo y Urbanismo y la Asociaci\u00f3n Empresarial Gastron\u00f3mica Hotelera de la Villa de Merlo, fortaleciendo as\u00ed la colaboraci\u00f3n y el crecimiento conjunto de la comunidad tur\u00edstica local.<\/h3>\n<h3>El Municipio invita a todos los interesados a participar de este evento para conocer de primera mano las oportunidades que ProCaTur ofrece y c\u00f3mo puede contribuir a su desarrollo profesional en el \u00e1mbito del turismo.<\/h3>\n<p>&nbsp;<\/p>\n<p>&nbsp;<\/p>\n<p>&nbsp;<\/p>\n","protected":false},"excerpt":{"rendered":"<p>La Secretar\u00eda de Turismo a trav\u00e9s del ProCaTur ofrece herramientas clave para estudiantes, profesionales y&#8230;<\/p>\n","protected":false},"author":1,"featured_media":20389,"comment_status":"closed","ping_status":"closed","sticky":false,"template":"","format":"standard","meta":{"footnotes":""},"categories":[6],"tags":[],"class_list":["post-20388","post","type-post","status-publish","format-standard","has-post-thumbnail","hentry","category-ciudad-provincia"],"yoast_head":"<!-- This site is optimized with the Yoast SEO plugin v26.1.1 - https:\/\/yoast.com\/wordpress\/plugins\/seo\/ -->\n<title>MERLO: PRESENTAN EL NUEVO CICLO DEL PROGRAMA DE CAPACITACI\u00d3N TUR\u00cdSTICA - Apuntes de San Luis<\/title>\n<meta name=\"robots\" content=\"index, follow, max-snippet:-1, max-image-preview:large, max-video-preview:-1\" \/>\n<link rel=\"canonical\" href=\"https:\/\/apuntesdesanluis.com\/index.php\/2024\/08\/05\/merlo-presentan-el-nuevo-ciclo-del-programa-de-capacitacion-turistica\/\" \/>\n<meta property=\"og:locale\" content=\"es_ES\" \/>\n<meta property=\"og:type\" content=\"article\" \/>\n<meta property=\"og:title\" content=\"MERLO: PRESENTAN EL NUEVO CICLO DEL PROGRAMA DE CAPACITACI\u00d3N TUR\u00cdSTICA - Apuntes de San Luis\" \/>\n<meta property=\"og:description\" content=\"La Secretar\u00eda de Turismo a trav\u00e9s del ProCaTur ofrece herramientas clave para estudiantes, profesionales y...\" \/>\n<meta property=\"og:url\" content=\"https:\/\/apuntesdesanluis.com\/index.php\/2024\/08\/05\/merlo-presentan-el-nuevo-ciclo-del-programa-de-capacitacion-turistica\/\" \/>\n<meta property=\"og:site_name\" content=\"Apuntes de San Luis\" \/>\n<meta property=\"article:published_time\" content=\"2024-08-06T00:01:51+00:00\" \/>\n<meta property=\"og:image\" content=\"https:\/\/apuntesdesanluis.com\/wp-content\/uploads\/2024\/08\/merlo.jpg\" \/>\n\t<meta property=\"og:image:width\" content=\"689\" \/>\n\t<meta property=\"og:image:height\" content=\"409\" \/>\n\t<meta property=\"og:image:type\" content=\"image\/jpeg\" \/>\n<meta name=\"author\" content=\"apuntesdesanluis.com\" \/>\n<meta name=\"twitter:card\" content=\"summary_large_image\" \/>\n<meta name=\"twitter:label1\" content=\"Escrito por\" \/>\n\t<meta name=\"twitter:data1\" content=\"apuntesdesanluis.com\" \/>\n\t<meta name=\"twitter:label2\" content=\"Tiempo de lectura\" \/>\n\t<meta name=\"twitter:data2\" content=\"2 minutos\" \/>\n<script type=\"application\/ld+json\" class=\"yoast-schema-graph\">{\"@context\":\"https:\/\/schema.org\",\"@graph\":[{\"@type\":\"Article\",\"@id\":\"https:\/\/apuntesdesanluis.com\/index.php\/2024\/08\/05\/merlo-presentan-el-nuevo-ciclo-del-programa-de-capacitacion-turistica\/#article\",\"isPartOf\":{\"@id\":\"https:\/\/apuntesdesanluis.com\/index.php\/2024\/08\/05\/merlo-presentan-el-nuevo-ciclo-del-programa-de-capacitacion-turistica\/\"},\"author\":{\"name\":\"apuntesdesanluis.com\",\"@id\":\"https:\/\/apuntesdesanluis.com\/#\/schema\/person\/b55151d52296fcce64d1a72538a70b90\"},\"headline\":\"MERLO: PRESENTAN EL NUEVO CICLO DEL PROGRAMA DE CAPACITACI\u00d3N TUR\u00cdSTICA\",\"datePublished\":\"2024-08-06T00:01:51+00:00\",\"mainEntityOfPage\":{\"@id\":\"https:\/\/apuntesdesanluis.com\/index.php\/2024\/08\/05\/merlo-presentan-el-nuevo-ciclo-del-programa-de-capacitacion-turistica\/\"},\"wordCount\":257,\"publisher\":{\"@id\":\"https:\/\/apuntesdesanluis.com\/#\/schema\/person\/b55151d52296fcce64d1a72538a70b90\"},\"image\":{\"@id\":\"https:\/\/apuntesdesanluis.com\/index.php\/2024\/08\/05\/merlo-presentan-el-nuevo-ciclo-del-programa-de-capacitacion-turistica\/#primaryimage\"},\"thumbnailUrl\":\"https:\/\/apuntesdesanluis.com\/wp-content\/uploads\/2024\/08\/merlo.jpg\",\"articleSection\":[\"Ciudad\/Provincia\"],\"inLanguage\":\"es-AR\"},{\"@type\":\"WebPage\",\"@id\":\"https:\/\/apuntesdesanluis.com\/index.php\/2024\/08\/05\/merlo-presentan-el-nuevo-ciclo-del-programa-de-capacitacion-turistica\/\",\"url\":\"https:\/\/apuntesdesanluis.com\/index.php\/2024\/08\/05\/merlo-presentan-el-nuevo-ciclo-del-programa-de-capacitacion-turistica\/\",\"name\":\"MERLO: PRESENTAN EL NUEVO CICLO DEL PROGRAMA DE CAPACITACI\u00d3N TUR\u00cdSTICA - Apuntes de San Luis\",\"isPartOf\":{\"@id\":\"https:\/\/apuntesdesanluis.com\/#website\"},\"primaryImageOfPage\":{\"@id\":\"https:\/\/apuntesdesanluis.com\/index.php\/2024\/08\/05\/merlo-presentan-el-nuevo-ciclo-del-programa-de-capacitacion-turistica\/#primaryimage\"},\"image\":{\"@id\":\"https:\/\/apuntesdesanluis.com\/index.php\/2024\/08\/05\/merlo-presentan-el-nuevo-ciclo-del-programa-de-capacitacion-turistica\/#primaryimage\"},\"thumbnailUrl\":\"https:\/\/apuntesdesanluis.com\/wp-content\/uploads\/2024\/08\/merlo.jpg\",\"datePublished\":\"2024-08-06T00:01:51+00:00\",\"breadcrumb\":{\"@id\":\"https:\/\/apuntesdesanluis.com\/index.php\/2024\/08\/05\/merlo-presentan-el-nuevo-ciclo-del-programa-de-capacitacion-turistica\/#breadcrumb\"},\"inLanguage\":\"es-AR\",\"potentialAction\":[{\"@type\":\"ReadAction\",\"target\":[\"https:\/\/apuntesdesanluis.com\/index.php\/2024\/08\/05\/merlo-presentan-el-nuevo-ciclo-del-programa-de-capacitacion-turistica\/\"]}]},{\"@type\":\"ImageObject\",\"inLanguage\":\"es-AR\",\"@id\":\"https:\/\/apuntesdesanluis.com\/index.php\/2024\/08\/05\/merlo-presentan-el-nuevo-ciclo-del-programa-de-capacitacion-turistica\/#primaryimage\",\"url\":\"https:\/\/apuntesdesanluis.com\/wp-content\/uploads\/2024\/08\/merlo.jpg\",\"contentUrl\":\"https:\/\/apuntesdesanluis.com\/wp-content\/uploads\/2024\/08\/merlo.jpg\",\"width\":689,\"height\":409},{\"@type\":\"BreadcrumbList\",\"@id\":\"https:\/\/apuntesdesanluis.com\/index.php\/2024\/08\/05\/merlo-presentan-el-nuevo-ciclo-del-programa-de-capacitacion-turistica\/#breadcrumb\",\"itemListElement\":[{\"@type\":\"ListItem\",\"position\":1,\"name\":\"Inicio\",\"item\":\"https:\/\/apuntesdesanluis.com\/\"},{\"@type\":\"ListItem\",\"position\":2,\"name\":\"MERLO: PRESENTAN EL NUEVO CICLO DEL PROGRAMA DE CAPACITACI\u00d3N TUR\u00cdSTICA\"}]},{\"@type\":\"WebSite\",\"@id\":\"https:\/\/apuntesdesanluis.com\/#website\",\"url\":\"https:\/\/apuntesdesanluis.com\/\",\"name\":\"Apuntes de San Luis\",\"description\":\"\",\"publisher\":{\"@id\":\"https:\/\/apuntesdesanluis.com\/#\/schema\/person\/b55151d52296fcce64d1a72538a70b90\"},\"potentialAction\":[{\"@type\":\"SearchAction\",\"target\":{\"@type\":\"EntryPoint\",\"urlTemplate\":\"https:\/\/apuntesdesanluis.com\/?s={search_term_string}\"},\"query-input\":{\"@type\":\"PropertyValueSpecification\",\"valueRequired\":true,\"valueName\":\"search_term_string\"}}],\"inLanguage\":\"es-AR\"},{\"@type\":[\"Person\",\"Organization\"],\"@id\":\"https:\/\/apuntesdesanluis.com\/#\/schema\/person\/b55151d52296fcce64d1a72538a70b90\",\"name\":\"apuntesdesanluis.com\",\"image\":{\"@type\":\"ImageObject\",\"inLanguage\":\"es-AR\",\"@id\":\"https:\/\/apuntesdesanluis.com\/#\/schema\/person\/image\/\",\"url\":\"https:\/\/apuntesdesanluis.com\/wp-content\/uploads\/2023\/07\/cropped-apuntesdesanluis.png\",\"contentUrl\":\"https:\/\/apuntesdesanluis.com\/wp-content\/uploads\/2023\/07\/cropped-apuntesdesanluis.png\",\"width\":450,\"height\":112,\"caption\":\"apuntesdesanluis.com\"},\"logo\":{\"@id\":\"https:\/\/apuntesdesanluis.com\/#\/schema\/person\/image\/\"},\"sameAs\":[\"https:\/\/apuntesdesanluis.com\"],\"url\":\"https:\/\/apuntesdesanluis.com\/index.php\/author\/apuntesdesanluis-com\/\"}]}<\/script>\n<!-- \/ Yoast SEO plugin. -->","yoast_head_json":{"title":"MERLO: PRESENTAN EL NUEVO CICLO DEL PROGRAMA DE CAPACITACI\u00d3N TUR\u00cdSTICA - Apuntes de San Luis","robots":{"index":"index","follow":"follow","max-snippet":"max-snippet:-1","max-image-preview":"max-image-preview:large","max-video-preview":"max-video-preview:-1"},"canonical":"https:\/\/apuntesdesanluis.com\/index.php\/2024\/08\/05\/merlo-presentan-el-nuevo-ciclo-del-programa-de-capacitacion-turistica\/","og_locale":"es_ES","og_type":"article","og_title":"MERLO: PRESENTAN EL NUEVO CICLO DEL PROGRAMA DE CAPACITACI\u00d3N TUR\u00cdSTICA - Apuntes de San Luis","og_description":"La Secretar\u00eda de Turismo a trav\u00e9s del ProCaTur ofrece herramientas clave para estudiantes, profesionales y...","og_url":"https:\/\/apuntesdesanluis.com\/index.php\/2024\/08\/05\/merlo-presentan-el-nuevo-ciclo-del-programa-de-capacitacion-turistica\/","og_site_name":"Apuntes de San Luis","article_published_time":"2024-08-06T00:01:51+00:00","og_image":[{"width":689,"height":409,"url":"https:\/\/apuntesdesanluis.com\/wp-content\/uploads\/2024\/08\/merlo.jpg","type":"image\/jpeg"}],"author":"apuntesdesanluis.com","twitter_card":"summary_large_image","twitter_misc":{"Escrito por":"apuntesdesanluis.com","Tiempo de lectura":"2 minutos"},"schema":{"@context":"https:\/\/schema.org","@graph":[{"@type":"Article","@id":"https:\/\/apuntesdesanluis.com\/index.php\/2024\/08\/05\/merlo-presentan-el-nuevo-ciclo-del-programa-de-capacitacion-turistica\/#article","isPartOf":{"@id":"https:\/\/apuntesdesanluis.com\/index.php\/2024\/08\/05\/merlo-presentan-el-nuevo-ciclo-del-programa-de-capacitacion-turistica\/"},"author":{"name":"apuntesdesanluis.com","@id":"https:\/\/apuntesdesanluis.com\/#\/schema\/person\/b55151d52296fcce64d1a72538a70b90"},"headline":"MERLO: PRESENTAN EL NUEVO CICLO DEL PROGRAMA DE CAPACITACI\u00d3N TUR\u00cdSTICA","datePublished":"2024-08-06T00:01:51+00:00","mainEntityOfPage":{"@id":"https:\/\/apuntesdesanluis.com\/index.php\/2024\/08\/05\/merlo-presentan-el-nuevo-ciclo-del-programa-de-capacitacion-turistica\/"},"wordCount":257,"publisher":{"@id":"https:\/\/apuntesdesanluis.com\/#\/schema\/person\/b55151d52296fcce64d1a72538a70b90"},"image":{"@id":"https:\/\/apuntesdesanluis.com\/index.php\/2024\/08\/05\/merlo-presentan-el-nuevo-ciclo-del-programa-de-capacitacion-turistica\/#primaryimage"},"thumbnailUrl":"https:\/\/apuntesdesanluis.com\/wp-content\/uploads\/2024\/08\/merlo.jpg","articleSection":["Ciudad\/Provincia"],"inLanguage":"es-AR"},{"@type":"WebPage","@id":"https:\/\/apuntesdesanluis.com\/index.php\/2024\/08\/05\/merlo-presentan-el-nuevo-ciclo-del-programa-de-capacitacion-turistica\/","url":"https:\/\/apuntesdesanluis.com\/index.php\/2024\/08\/05\/merlo-presentan-el-nuevo-ciclo-del-programa-de-capacitacion-turistica\/","name":"MERLO: PRESENTAN EL NUEVO CICLO DEL PROGRAMA DE CAPACITACI\u00d3N TUR\u00cdSTICA - Apuntes de San Luis","isPartOf":{"@id":"https:\/\/apuntesdesanluis.com\/#website"},"primaryImageOfPage":{"@id":"https:\/\/apuntesdesanluis.com\/index.php\/2024\/08\/05\/merlo-presentan-el-nuevo-ciclo-del-programa-de-capacitacion-turistica\/#primaryimage"},"image":{"@id":"https:\/\/apuntesdesanluis.com\/index.php\/2024\/08\/05\/merlo-presentan-el-nuevo-ciclo-del-programa-de-capacitacion-turistica\/#primaryimage"},"thumbnailUrl":"https:\/\/apuntesdesanluis.com\/wp-content\/uploads\/2024\/08\/merlo.jpg","datePublished":"2024-08-06T00:01:51+00:00","breadcrumb":{"@id":"https:\/\/apuntesdesanluis.com\/index.php\/2024\/08\/05\/merlo-presentan-el-nuevo-ciclo-del-programa-de-capacitacion-turistica\/#breadcrumb"},"inLanguage":"es-AR","potentialAction":[{"@type":"ReadAction","target":["https:\/\/apuntesdesanluis.com\/index.php\/2024\/08\/05\/merlo-presentan-el-nuevo-ciclo-del-programa-de-capacitacion-turistica\/"]}]},{"@type":"ImageObject","inLanguage":"es-AR","@id":"https:\/\/apuntesdesanluis.com\/index.php\/2024\/08\/05\/merlo-presentan-el-nuevo-ciclo-del-programa-de-capacitacion-turistica\/#primaryimage","url":"https:\/\/apuntesdesanluis.com\/wp-content\/uploads\/2024\/08\/merlo.jpg","contentUrl":"https:\/\/apuntesdesanluis.com\/wp-content\/uploads\/2024\/08\/merlo.jpg","width":689,"height":409},{"@type":"BreadcrumbList","@id":"https:\/\/apuntesdesanluis.com\/index.php\/2024\/08\/05\/merlo-presentan-el-nuevo-ciclo-del-programa-de-capacitacion-turistica\/#breadcrumb","itemListElement":[{"@type":"ListItem","position":1,"name":"Inicio","item":"https:\/\/apuntesdesanluis.com\/"},{"@type":"ListItem","position":2,"name":"MERLO: PRESENTAN EL NUEVO CICLO DEL PROGRAMA DE CAPACITACI\u00d3N TUR\u00cdSTICA"}]},{"@type":"WebSite","@id":"https:\/\/apuntesdesanluis.com\/#website","url":"https:\/\/apuntesdesanluis.com\/","name":"Apuntes de San Luis","description":"","publisher":{"@id":"https:\/\/apuntesdesanluis.com\/#\/schema\/person\/b55151d52296fcce64d1a72538a70b90"},"potentialAction":[{"@type":"SearchAction","target":{"@type":"EntryPoint","urlTemplate":"https:\/\/apuntesdesanluis.com\/?s={search_term_string}"},"query-input":{"@type":"PropertyValueSpecification","valueRequired":true,"valueName":"search_term_string"}}],"inLanguage":"es-AR"},{"@type":["Person","Organization"],"@id":"https:\/\/apuntesdesanluis.com\/#\/schema\/person\/b55151d52296fcce64d1a72538a70b90","name":"apuntesdesanluis.com","image":{"@type":"ImageObject","inLanguage":"es-AR","@id":"https:\/\/apuntesdesanluis.com\/#\/schema\/person\/image\/","url":"https:\/\/apuntesdesanluis.com\/wp-content\/uploads\/2023\/07\/cropped-apuntesdesanluis.png","contentUrl":"https:\/\/apuntesdesanluis.com\/wp-content\/uploads\/2023\/07\/cropped-apuntesdesanluis.png","width":450,"height":112,"caption":"apuntesdesanluis.com"},"logo":{"@id":"https:\/\/apuntesdesanluis.com\/#\/schema\/person\/image\/"},"sameAs":["https:\/\/apuntesdesanluis.com"],"url":"https:\/\/apuntesdesanluis.com\/index.php\/author\/apuntesdesanluis-com\/"}]}},"featured_image_urls":{"full":["https:\/\/apuntesdesanluis.com\/wp-content\/uploads\/2024\/08\/merlo.jpg",689,409,false],"thumbnail":["https:\/\/apuntesdesanluis.com\/wp-content\/uploads\/2024\/08\/merlo-150x150.jpg",150,150,true],"medium":["https:\/\/apuntesdesanluis.com\/wp-content\/uploads\/2024\/08\/merlo-300x178.jpg",300,178,true],"medium_large":["https:\/\/apuntesdesanluis.com\/wp-content\/uploads\/2024\/08\/merlo.jpg",640,380,false],"large":["https:\/\/apuntesdesanluis.com\/wp-content\/uploads\/2024\/08\/merlo.jpg",640,380,false],"1536x1536":["https:\/\/apuntesdesanluis.com\/wp-content\/uploads\/2024\/08\/merlo.jpg",689,409,false],"2048x2048":["https:\/\/apuntesdesanluis.com\/wp-content\/uploads\/2024\/08\/merlo.jpg",689,409,false],"newsever-slider-full":["https:\/\/apuntesdesanluis.com\/wp-content\/uploads\/2024\/08\/merlo.jpg",689,409,false],"newsever-featured":["https:\/\/apuntesdesanluis.com\/wp-content\/uploads\/2024\/08\/merlo.jpg",689,409,false],"newsever-medium":["https:\/\/apuntesdesanluis.com\/wp-content\/uploads\/2024\/08\/merlo.jpg",689,409,false]},"author_info":{"display_name":"apuntesdesanluis.com","author_link":"https:\/\/apuntesdesanluis.com\/index.php\/author\/apuntesdesanluis-com\/"},"category_info":"<a href=\"https:\/\/apuntesdesanluis.com\/index.php\/category\/ciudad-provincia\/\" rel=\"category tag\">Ciudad\/Provincia<\/a>","tag_info":"Ciudad\/Provincia","comment_count":"0","_links":{"self":[{"href":"https:\/\/apuntesdesanluis.com\/index.php\/wp-json\/wp\/v2\/posts\/20388","targetHints":{"allow":["GET"]}}],"collection":[{"href":"https:\/\/apuntesdesanluis.com\/index.php\/wp-json\/wp\/v2\/posts"}],"about":[{"href":"https:\/\/apuntesdesanluis.com\/index.php\/wp-json\/wp\/v2\/types\/post"}],"author":[{"embeddable":true,"href":"https:\/\/apuntesdesanluis.com\/index.php\/wp-json\/wp\/v2\/users\/1"}],"replies":[{"embeddable":true,"href":"https:\/\/apuntesdesanluis.com\/index.php\/wp-json\/wp\/v2\/comments?post=20388"}],"version-history":[{"count":1,"href":"https:\/\/apuntesdesanluis.com\/index.php\/wp-json\/wp\/v2\/posts\/20388\/revisions"}],"predecessor-version":[{"id":20390,"href":"https:\/\/apuntesdesanluis.com\/index.php\/wp-json\/wp\/v2\/posts\/20388\/revisions\/20390"}],"wp:featuredmedia":[{"embeddable":true,"href":"https:\/\/apuntesdesanluis.com\/index.php\/wp-json\/wp\/v2\/media\/20389"}],"wp:attachment":[{"href":"https:\/\/apuntesdesanluis.com\/index.php\/wp-json\/wp\/v2\/media?parent=20388"}],"wp:term":[{"taxonomy":"category","embeddable":true,"href":"https:\/\/apuntesdesanluis.com\/index.php\/wp-json\/wp\/v2\/categories?post=20388"},{"taxonomy":"post_tag","embeddable":true,"href":"https:\/\/apuntesdesanluis.com\/index.php\/wp-json\/wp\/v2\/tags?post=20388"}],"curies":[{"name":"wp","href":"https:\/\/api.w.org\/{rel}","templated":true}]}}