{"id":20391,"date":"2024-08-05T21:05:31","date_gmt":"2024-08-06T00:05:31","guid":{"rendered":"https:\/\/apuntesdesanluis.com\/?p=20391"},"modified":"2024-08-05T21:05:31","modified_gmt":"2024-08-06T00:05:31","slug":"diputados-comienza-a-tratar-los-proyectos-de-ficha-limpia","status":"publish","type":"post","link":"https:\/\/apuntesdesanluis.com\/index.php\/2024\/08\/05\/diputados-comienza-a-tratar-los-proyectos-de-ficha-limpia\/","title":{"rendered":"DIPUTADOS COMIENZA A TRATAR LOS PROYECTOS DE &#8220;FICHA LIMPIA&#8221;"},"content":{"rendered":"<h3>La <strong>C\u00e1mara de Diputados<\/strong> dar\u00e1 este martes el puntapi\u00e9 inicial del debate en torno a los proyectos de ley de \u201c<strong>ficha limpia<\/strong>\u201d y la restituci\u00f3n del voto postal para argentinos residentes en el extranjero.<\/h3>\n<h3>El anexo C de la C\u00e1mara baja albergar\u00e1 desde las 14 hs un plenario de las comisiones de Asuntos Constitucionales y de Justicia, presididas por los oficialistas Nicol\u00e1s Mayoraz y Manuel Quintar, respectivamente, para debatir en torno a las iniciativas de \u201cficha limpia\u201d.<\/h3>\n<h3>Estos proyectos buscan que las personas condenadas en segunda instancia por delitos de corrupci\u00f3n no puedan presentarse como candidatos en elecciones democr\u00e1ticas.<\/h3>\n<h3>Para discutir modificaciones a la Ley 23.298 (Ley Org\u00e1nica de los Partidos Pol\u00edticos) ser\u00e1n citados especialistas que volcar\u00e1n sus opiniones sobre el tema en cuesti\u00f3n.<\/h3>\n<h3>La decisi\u00f3n de impulsar estos proyectos responde a un acuerdo pol\u00edtico con el PRO, que a trav\u00e9s de su presidente de bloque, Cristian Ritondo, viene insistiendo para que se ponga en agenda esta tem\u00e1tica, con varios proyectos de ley presentados en ese sentido.<\/h3>\n<h3>Pero el partido amarillo no es el \u00fanico espacio pol\u00edtico interesado en avanzar con una ley de Ficha Limpia: tambi\u00e9n hay iniciativas presentadas por la UCR, la Coalici\u00f3n C\u00edvica y La Libertad Avanza.<\/h3>\n<h3>M\u00e1s all\u00e1 del inter\u00e9s de otras fuerzas pol\u00edticas para encaminar el tratamiento de esta iniciativa, el propio presidente Javier Milei hab\u00eda anunciado su intenci\u00f3n de encarar este debate durante la Asamblea Legislativa del 1 de marzo pasado, para la apertura del per\u00edodo de sesiones ordinarias.<\/h3>\n<h3>En ese discurso anunci\u00f3 que promover\u00eda un paquete de leyes \u201canticasta\u201d entre los cuales se inclu\u00eda un proyecto para que &#8220;las personas condenadas por corrupci\u00f3n en segunda instancia no puedan presentarse como candidatos en elecciones nacionales\u201d.<\/h3>\n<h3>En 2019, la coalici\u00f3n entonces oficialista de Cambiemos hab\u00eda intentado darle media sanci\u00f3n a un proyecto de Ficha Limpia, pero trastabill\u00f3 por falta de qu\u00f3rum durante una sesi\u00f3n en noviembre.<\/h3>\n<h3>El tema no se diluy\u00f3 del todo, dado que los bloques de Juntos por el Cambio siguieron pujando durante los a\u00f1os de Gobierno del Frente de Todos para que la comisi\u00f3n de Asuntos Constitucionales pusiera en agenda el tratamiento de iniciativas de Ficha Limpia.<\/h3>\n<h3>Los intentos fueron infructuosos, hasta ahora, en que la situaci\u00f3n parece haber girado unos cuantos grados a partir de un acuerdo hacia el PRO.<\/h3>\n<h3>Con la misma intenci\u00f3n de sanear el v\u00ednculo con la bancada macrista, tambi\u00e9n se convoc\u00f3 para la misma fecha, a partir de las 16 hs, a un plenario conjunto de las comisiones de Asuntos Constitucionales y Relaciones Exteriores (\u00e9sta \u00faltima presidida por Fernando Iglesias) para analizar siete proyectos referidos al voto de los argentinos que residen en el exterior.<\/h3>\n<h3>Algunas iniciativas proponen la modificaci\u00f3n de la Ley 24.007 (1991) de creaci\u00f3n del Registro de Electores Residentes en el Exterior. Otras, en tanto, sugieren la derogaci\u00f3n total de la norma y reemplazarla por una ley nueva.<\/h3>\n<h3>El proyecto del PRO incorpora el voto postal, que se hab\u00eda implementado por DNU durante la administraci\u00f3n de Mauricio Macri (Cambiemos), pero que luego fue dejada sin efecto por Alberto Fern\u00e1ndez (Frente de Todos).<\/h3>\n<h3>En las elecciones de 2021, efectivamente, se reestableci\u00f3 el sistema por el cual \u00fanicamente es posible votar en las mesas de sufragio establecidas principalmente en consulados argentinos.<\/h3>\n<h3>Estas concesiones al bloque presidido por Cristian Ritondo, tanto la ley de ficha limpia como el voto a residentes en el exterior, sucede luego de que el 16 de julio pasado el propio presidente de la bancada amarilla y la secretaria parlamentaria, Silvana Giudici, redoblaran la presi\u00f3n sobre el oficialismo a trav\u00e9s de una carta dirigida al jefe de Gabinete, Guillermo Francos, y al presidente de la C\u00e1mara de Diputados, Mart\u00edn Menem.<\/h3>\n<h3>En el escrito les enrostraron el esfuerzo realizado \u201carduamente&#8221; por el PRO para \u201cimpulsar las transformaciones que el pa\u00eds necesita\u201d, y le exigieron \u201cuna favorable y pronta respuesta\u201d al pedido para tratar una agenda de 15 iniciativas \u201chist\u00f3ricamente impulsadas\u201d por ellos.<\/h3>\n<h3>Claramente, el mismo pedido pudo haber sido tramitado de forma privada y reservada, mediante un llamado telef\u00f3nico o reuni\u00f3n presencial, pero la decisi\u00f3n pol\u00edtica fue hacer p\u00fablico el malestar para marcar la cancha.<\/h3>\n<p>&nbsp;<\/p>\n<p>&nbsp;<\/p>\n<p>&nbsp;<\/p>\n","protected":false},"excerpt":{"rendered":"<p>La C\u00e1mara de Diputados dar\u00e1 este martes el puntapi\u00e9 inicial del debate en torno a&#8230;<\/p>\n","protected":false},"author":1,"featured_media":17276,"comment_status":"closed","ping_status":"closed","sticky":false,"template":"","format":"standard","meta":{"footnotes":""},"categories":[5],"tags":[],"class_list":["post-20391","post","type-post","status-publish","format-standard","has-post-thumbnail","hentry","category-nacionales-internacionales"],"yoast_head":"<!-- This site is optimized with the Yoast SEO plugin v26.1.1 - https:\/\/yoast.com\/wordpress\/plugins\/seo\/ -->\n<title>DIPUTADOS COMIENZA A TRATAR LOS PROYECTOS DE &quot;FICHA LIMPIA&quot; - Apuntes de San Luis<\/title>\n<meta name=\"robots\" content=\"index, follow, max-snippet:-1, max-image-preview:large, max-video-preview:-1\" \/>\n<link rel=\"canonical\" href=\"https:\/\/apuntesdesanluis.com\/index.php\/2024\/08\/05\/diputados-comienza-a-tratar-los-proyectos-de-ficha-limpia\/\" \/>\n<meta property=\"og:locale\" content=\"es_ES\" \/>\n<meta property=\"og:type\" content=\"article\" \/>\n<meta property=\"og:title\" content=\"DIPUTADOS COMIENZA A TRATAR LOS PROYECTOS DE &quot;FICHA LIMPIA&quot; - Apuntes de San Luis\" \/>\n<meta property=\"og:description\" content=\"La C\u00e1mara de Diputados dar\u00e1 este martes el puntapi\u00e9 inicial del debate en torno a...\" \/>\n<meta property=\"og:url\" content=\"https:\/\/apuntesdesanluis.com\/index.php\/2024\/08\/05\/diputados-comienza-a-tratar-los-proyectos-de-ficha-limpia\/\" \/>\n<meta property=\"og:site_name\" content=\"Apuntes de San Luis\" \/>\n<meta property=\"article:published_time\" content=\"2024-08-06T00:05:31+00:00\" \/>\n<meta property=\"og:image\" content=\"https:\/\/apuntesdesanluis.com\/wp-content\/uploads\/2024\/06\/DIPUTADOS.png\" \/>\n\t<meta property=\"og:image:width\" content=\"715\" \/>\n\t<meta property=\"og:image:height\" content=\"397\" \/>\n\t<meta property=\"og:image:type\" content=\"image\/png\" \/>\n<meta name=\"author\" content=\"apuntesdesanluis.com\" \/>\n<meta name=\"twitter:card\" content=\"summary_large_image\" \/>\n<meta name=\"twitter:label1\" content=\"Escrito por\" \/>\n\t<meta name=\"twitter:data1\" content=\"apuntesdesanluis.com\" \/>\n\t<meta name=\"twitter:label2\" content=\"Tiempo de lectura\" \/>\n\t<meta name=\"twitter:data2\" content=\"4 minutos\" \/>\n<script type=\"application\/ld+json\" class=\"yoast-schema-graph\">{\"@context\":\"https:\/\/schema.org\",\"@graph\":[{\"@type\":\"Article\",\"@id\":\"https:\/\/apuntesdesanluis.com\/index.php\/2024\/08\/05\/diputados-comienza-a-tratar-los-proyectos-de-ficha-limpia\/#article\",\"isPartOf\":{\"@id\":\"https:\/\/apuntesdesanluis.com\/index.php\/2024\/08\/05\/diputados-comienza-a-tratar-los-proyectos-de-ficha-limpia\/\"},\"author\":{\"name\":\"apuntesdesanluis.com\",\"@id\":\"https:\/\/apuntesdesanluis.com\/#\/schema\/person\/b55151d52296fcce64d1a72538a70b90\"},\"headline\":\"DIPUTADOS COMIENZA A TRATAR LOS PROYECTOS DE &#8220;FICHA LIMPIA&#8221;\",\"datePublished\":\"2024-08-06T00:05:31+00:00\",\"mainEntityOfPage\":{\"@id\":\"https:\/\/apuntesdesanluis.com\/index.php\/2024\/08\/05\/diputados-comienza-a-tratar-los-proyectos-de-ficha-limpia\/\"},\"wordCount\":739,\"publisher\":{\"@id\":\"https:\/\/apuntesdesanluis.com\/#\/schema\/person\/b55151d52296fcce64d1a72538a70b90\"},\"image\":{\"@id\":\"https:\/\/apuntesdesanluis.com\/index.php\/2024\/08\/05\/diputados-comienza-a-tratar-los-proyectos-de-ficha-limpia\/#primaryimage\"},\"thumbnailUrl\":\"https:\/\/apuntesdesanluis.com\/wp-content\/uploads\/2024\/06\/DIPUTADOS.png\",\"articleSection\":[\"Nacionales\/Internacionales\"],\"inLanguage\":\"es-AR\"},{\"@type\":\"WebPage\",\"@id\":\"https:\/\/apuntesdesanluis.com\/index.php\/2024\/08\/05\/diputados-comienza-a-tratar-los-proyectos-de-ficha-limpia\/\",\"url\":\"https:\/\/apuntesdesanluis.com\/index.php\/2024\/08\/05\/diputados-comienza-a-tratar-los-proyectos-de-ficha-limpia\/\",\"name\":\"DIPUTADOS COMIENZA A TRATAR LOS PROYECTOS DE \\\"FICHA LIMPIA\\\" - Apuntes de San Luis\",\"isPartOf\":{\"@id\":\"https:\/\/apuntesdesanluis.com\/#website\"},\"primaryImageOfPage\":{\"@id\":\"https:\/\/apuntesdesanluis.com\/index.php\/2024\/08\/05\/diputados-comienza-a-tratar-los-proyectos-de-ficha-limpia\/#primaryimage\"},\"image\":{\"@id\":\"https:\/\/apuntesdesanluis.com\/index.php\/2024\/08\/05\/diputados-comienza-a-tratar-los-proyectos-de-ficha-limpia\/#primaryimage\"},\"thumbnailUrl\":\"https:\/\/apuntesdesanluis.com\/wp-content\/uploads\/2024\/06\/DIPUTADOS.png\",\"datePublished\":\"2024-08-06T00:05:31+00:00\",\"breadcrumb\":{\"@id\":\"https:\/\/apuntesdesanluis.com\/index.php\/2024\/08\/05\/diputados-comienza-a-tratar-los-proyectos-de-ficha-limpia\/#breadcrumb\"},\"inLanguage\":\"es-AR\",\"potentialAction\":[{\"@type\":\"ReadAction\",\"target\":[\"https:\/\/apuntesdesanluis.com\/index.php\/2024\/08\/05\/diputados-comienza-a-tratar-los-proyectos-de-ficha-limpia\/\"]}]},{\"@type\":\"ImageObject\",\"inLanguage\":\"es-AR\",\"@id\":\"https:\/\/apuntesdesanluis.com\/index.php\/2024\/08\/05\/diputados-comienza-a-tratar-los-proyectos-de-ficha-limpia\/#primaryimage\",\"url\":\"https:\/\/apuntesdesanluis.com\/wp-content\/uploads\/2024\/06\/DIPUTADOS.png\",\"contentUrl\":\"https:\/\/apuntesdesanluis.com\/wp-content\/uploads\/2024\/06\/DIPUTADOS.png\",\"width\":715,\"height\":397},{\"@type\":\"BreadcrumbList\",\"@id\":\"https:\/\/apuntesdesanluis.com\/index.php\/2024\/08\/05\/diputados-comienza-a-tratar-los-proyectos-de-ficha-limpia\/#breadcrumb\",\"itemListElement\":[{\"@type\":\"ListItem\",\"position\":1,\"name\":\"Inicio\",\"item\":\"https:\/\/apuntesdesanluis.com\/\"},{\"@type\":\"ListItem\",\"position\":2,\"name\":\"DIPUTADOS COMIENZA A TRATAR LOS PROYECTOS DE &#8220;FICHA LIMPIA&#8221;\"}]},{\"@type\":\"WebSite\",\"@id\":\"https:\/\/apuntesdesanluis.com\/#website\",\"url\":\"https:\/\/apuntesdesanluis.com\/\",\"name\":\"Apuntes de San Luis\",\"description\":\"\",\"publisher\":{\"@id\":\"https:\/\/apuntesdesanluis.com\/#\/schema\/person\/b55151d52296fcce64d1a72538a70b90\"},\"potentialAction\":[{\"@type\":\"SearchAction\",\"target\":{\"@type\":\"EntryPoint\",\"urlTemplate\":\"https:\/\/apuntesdesanluis.com\/?s={search_term_string}\"},\"query-input\":{\"@type\":\"PropertyValueSpecification\",\"valueRequired\":true,\"valueName\":\"search_term_string\"}}],\"inLanguage\":\"es-AR\"},{\"@type\":[\"Person\",\"Organization\"],\"@id\":\"https:\/\/apuntesdesanluis.com\/#\/schema\/person\/b55151d52296fcce64d1a72538a70b90\",\"name\":\"apuntesdesanluis.com\",\"image\":{\"@type\":\"ImageObject\",\"inLanguage\":\"es-AR\",\"@id\":\"https:\/\/apuntesdesanluis.com\/#\/schema\/person\/image\/\",\"url\":\"https:\/\/apuntesdesanluis.com\/wp-content\/uploads\/2023\/07\/cropped-apuntesdesanluis.png\",\"contentUrl\":\"https:\/\/apuntesdesanluis.com\/wp-content\/uploads\/2023\/07\/cropped-apuntesdesanluis.png\",\"width\":450,\"height\":112,\"caption\":\"apuntesdesanluis.com\"},\"logo\":{\"@id\":\"https:\/\/apuntesdesanluis.com\/#\/schema\/person\/image\/\"},\"sameAs\":[\"https:\/\/apuntesdesanluis.com\"],\"url\":\"https:\/\/apuntesdesanluis.com\/index.php\/author\/apuntesdesanluis-com\/\"}]}<\/script>\n<!-- \/ Yoast SEO plugin. -->","yoast_head_json":{"title":"DIPUTADOS COMIENZA A TRATAR LOS PROYECTOS DE \"FICHA LIMPIA\" - Apuntes de San Luis","robots":{"index":"index","follow":"follow","max-snippet":"max-snippet:-1","max-image-preview":"max-image-preview:large","max-video-preview":"max-video-preview:-1"},"canonical":"https:\/\/apuntesdesanluis.com\/index.php\/2024\/08\/05\/diputados-comienza-a-tratar-los-proyectos-de-ficha-limpia\/","og_locale":"es_ES","og_type":"article","og_title":"DIPUTADOS COMIENZA A TRATAR LOS PROYECTOS DE \"FICHA LIMPIA\" - Apuntes de San Luis","og_description":"La C\u00e1mara de Diputados dar\u00e1 este martes el puntapi\u00e9 inicial del debate en torno a...","og_url":"https:\/\/apuntesdesanluis.com\/index.php\/2024\/08\/05\/diputados-comienza-a-tratar-los-proyectos-de-ficha-limpia\/","og_site_name":"Apuntes de San Luis","article_published_time":"2024-08-06T00:05:31+00:00","og_image":[{"width":715,"height":397,"url":"https:\/\/apuntesdesanluis.com\/wp-content\/uploads\/2024\/06\/DIPUTADOS.png","type":"image\/png"}],"author":"apuntesdesanluis.com","twitter_card":"summary_large_image","twitter_misc":{"Escrito por":"apuntesdesanluis.com","Tiempo de lectura":"4 minutos"},"schema":{"@context":"https:\/\/schema.org","@graph":[{"@type":"Article","@id":"https:\/\/apuntesdesanluis.com\/index.php\/2024\/08\/05\/diputados-comienza-a-tratar-los-proyectos-de-ficha-limpia\/#article","isPartOf":{"@id":"https:\/\/apuntesdesanluis.com\/index.php\/2024\/08\/05\/diputados-comienza-a-tratar-los-proyectos-de-ficha-limpia\/"},"author":{"name":"apuntesdesanluis.com","@id":"https:\/\/apuntesdesanluis.com\/#\/schema\/person\/b55151d52296fcce64d1a72538a70b90"},"headline":"DIPUTADOS COMIENZA A TRATAR LOS PROYECTOS DE &#8220;FICHA LIMPIA&#8221;","datePublished":"2024-08-06T00:05:31+00:00","mainEntityOfPage":{"@id":"https:\/\/apuntesdesanluis.com\/index.php\/2024\/08\/05\/diputados-comienza-a-tratar-los-proyectos-de-ficha-limpia\/"},"wordCount":739,"publisher":{"@id":"https:\/\/apuntesdesanluis.com\/#\/schema\/person\/b55151d52296fcce64d1a72538a70b90"},"image":{"@id":"https:\/\/apuntesdesanluis.com\/index.php\/2024\/08\/05\/diputados-comienza-a-tratar-los-proyectos-de-ficha-limpia\/#primaryimage"},"thumbnailUrl":"https:\/\/apuntesdesanluis.com\/wp-content\/uploads\/2024\/06\/DIPUTADOS.png","articleSection":["Nacionales\/Internacionales"],"inLanguage":"es-AR"},{"@type":"WebPage","@id":"https:\/\/apuntesdesanluis.com\/index.php\/2024\/08\/05\/diputados-comienza-a-tratar-los-proyectos-de-ficha-limpia\/","url":"https:\/\/apuntesdesanluis.com\/index.php\/2024\/08\/05\/diputados-comienza-a-tratar-los-proyectos-de-ficha-limpia\/","name":"DIPUTADOS COMIENZA A TRATAR LOS PROYECTOS DE \"FICHA LIMPIA\" - Apuntes de San Luis","isPartOf":{"@id":"https:\/\/apuntesdesanluis.com\/#website"},"primaryImageOfPage":{"@id":"https:\/\/apuntesdesanluis.com\/index.php\/2024\/08\/05\/diputados-comienza-a-tratar-los-proyectos-de-ficha-limpia\/#primaryimage"},"image":{"@id":"https:\/\/apuntesdesanluis.com\/index.php\/2024\/08\/05\/diputados-comienza-a-tratar-los-proyectos-de-ficha-limpia\/#primaryimage"},"thumbnailUrl":"https:\/\/apuntesdesanluis.com\/wp-content\/uploads\/2024\/06\/DIPUTADOS.png","datePublished":"2024-08-06T00:05:31+00:00","breadcrumb":{"@id":"https:\/\/apuntesdesanluis.com\/index.php\/2024\/08\/05\/diputados-comienza-a-tratar-los-proyectos-de-ficha-limpia\/#breadcrumb"},"inLanguage":"es-AR","potentialAction":[{"@type":"ReadAction","target":["https:\/\/apuntesdesanluis.com\/index.php\/2024\/08\/05\/diputados-comienza-a-tratar-los-proyectos-de-ficha-limpia\/"]}]},{"@type":"ImageObject","inLanguage":"es-AR","@id":"https:\/\/apuntesdesanluis.com\/index.php\/2024\/08\/05\/diputados-comienza-a-tratar-los-proyectos-de-ficha-limpia\/#primaryimage","url":"https:\/\/apuntesdesanluis.com\/wp-content\/uploads\/2024\/06\/DIPUTADOS.png","contentUrl":"https:\/\/apuntesdesanluis.com\/wp-content\/uploads\/2024\/06\/DIPUTADOS.png","width":715,"height":397},{"@type":"BreadcrumbList","@id":"https:\/\/apuntesdesanluis.com\/index.php\/2024\/08\/05\/diputados-comienza-a-tratar-los-proyectos-de-ficha-limpia\/#breadcrumb","itemListElement":[{"@type":"ListItem","position":1,"name":"Inicio","item":"https:\/\/apuntesdesanluis.com\/"},{"@type":"ListItem","position":2,"name":"DIPUTADOS COMIENZA A TRATAR LOS PROYECTOS DE &#8220;FICHA LIMPIA&#8221;"}]},{"@type":"WebSite","@id":"https:\/\/apuntesdesanluis.com\/#website","url":"https:\/\/apuntesdesanluis.com\/","name":"Apuntes de San Luis","description":"","publisher":{"@id":"https:\/\/apuntesdesanluis.com\/#\/schema\/person\/b55151d52296fcce64d1a72538a70b90"},"potentialAction":[{"@type":"SearchAction","target":{"@type":"EntryPoint","urlTemplate":"https:\/\/apuntesdesanluis.com\/?s={search_term_string}"},"query-input":{"@type":"PropertyValueSpecification","valueRequired":true,"valueName":"search_term_string"}}],"inLanguage":"es-AR"},{"@type":["Person","Organization"],"@id":"https:\/\/apuntesdesanluis.com\/#\/schema\/person\/b55151d52296fcce64d1a72538a70b90","name":"apuntesdesanluis.com","image":{"@type":"ImageObject","inLanguage":"es-AR","@id":"https:\/\/apuntesdesanluis.com\/#\/schema\/person\/image\/","url":"https:\/\/apuntesdesanluis.com\/wp-content\/uploads\/2023\/07\/cropped-apuntesdesanluis.png","contentUrl":"https:\/\/apuntesdesanluis.com\/wp-content\/uploads\/2023\/07\/cropped-apuntesdesanluis.png","width":450,"height":112,"caption":"apuntesdesanluis.com"},"logo":{"@id":"https:\/\/apuntesdesanluis.com\/#\/schema\/person\/image\/"},"sameAs":["https:\/\/apuntesdesanluis.com"],"url":"https:\/\/apuntesdesanluis.com\/index.php\/author\/apuntesdesanluis-com\/"}]}},"featured_image_urls":{"full":["https:\/\/apuntesdesanluis.com\/wp-content\/uploads\/2024\/06\/DIPUTADOS.png",715,397,false],"thumbnail":["https:\/\/apuntesdesanluis.com\/wp-content\/uploads\/2024\/06\/DIPUTADOS-150x150.png",150,150,true],"medium":["https:\/\/apuntesdesanluis.com\/wp-content\/uploads\/2024\/06\/DIPUTADOS-300x167.png",300,167,true],"medium_large":["https:\/\/apuntesdesanluis.com\/wp-content\/uploads\/2024\/06\/DIPUTADOS.png",640,355,false],"large":["https:\/\/apuntesdesanluis.com\/wp-content\/uploads\/2024\/06\/DIPUTADOS.png",640,355,false],"1536x1536":["https:\/\/apuntesdesanluis.com\/wp-content\/uploads\/2024\/06\/DIPUTADOS.png",715,397,false],"2048x2048":["https:\/\/apuntesdesanluis.com\/wp-content\/uploads\/2024\/06\/DIPUTADOS.png",715,397,false],"newsever-slider-full":["https:\/\/apuntesdesanluis.com\/wp-content\/uploads\/2024\/06\/DIPUTADOS.png",715,397,false],"newsever-featured":["https:\/\/apuntesdesanluis.com\/wp-content\/uploads\/2024\/06\/DIPUTADOS.png",715,397,false],"newsever-medium":["https:\/\/apuntesdesanluis.com\/wp-content\/uploads\/2024\/06\/DIPUTADOS.png",715,397,false]},"author_info":{"display_name":"apuntesdesanluis.com","author_link":"https:\/\/apuntesdesanluis.com\/index.php\/author\/apuntesdesanluis-com\/"},"category_info":"<a href=\"https:\/\/apuntesdesanluis.com\/index.php\/category\/nacionales-internacionales\/\" rel=\"category tag\">Nacionales\/Internacionales<\/a>","tag_info":"Nacionales\/Internacionales","comment_count":"0","_links":{"self":[{"href":"https:\/\/apuntesdesanluis.com\/index.php\/wp-json\/wp\/v2\/posts\/20391","targetHints":{"allow":["GET"]}}],"collection":[{"href":"https:\/\/apuntesdesanluis.com\/index.php\/wp-json\/wp\/v2\/posts"}],"about":[{"href":"https:\/\/apuntesdesanluis.com\/index.php\/wp-json\/wp\/v2\/types\/post"}],"author":[{"embeddable":true,"href":"https:\/\/apuntesdesanluis.com\/index.php\/wp-json\/wp\/v2\/users\/1"}],"replies":[{"embeddable":true,"href":"https:\/\/apuntesdesanluis.com\/index.php\/wp-json\/wp\/v2\/comments?post=20391"}],"version-history":[{"count":1,"href":"https:\/\/apuntesdesanluis.com\/index.php\/wp-json\/wp\/v2\/posts\/20391\/revisions"}],"predecessor-version":[{"id":20392,"href":"https:\/\/apuntesdesanluis.com\/index.php\/wp-json\/wp\/v2\/posts\/20391\/revisions\/20392"}],"wp:featuredmedia":[{"embeddable":true,"href":"https:\/\/apuntesdesanluis.com\/index.php\/wp-json\/wp\/v2\/media\/17276"}],"wp:attachment":[{"href":"https:\/\/apuntesdesanluis.com\/index.php\/wp-json\/wp\/v2\/media?parent=20391"}],"wp:term":[{"taxonomy":"category","embeddable":true,"href":"https:\/\/apuntesdesanluis.com\/index.php\/wp-json\/wp\/v2\/categories?post=20391"},{"taxonomy":"post_tag","embeddable":true,"href":"https:\/\/apuntesdesanluis.com\/index.php\/wp-json\/wp\/v2\/tags?post=20391"}],"curies":[{"name":"wp","href":"https:\/\/api.w.org\/{rel}","templated":true}]}}