{"id":20400,"date":"2024-08-05T22:44:57","date_gmt":"2024-08-06T01:44:57","guid":{"rendered":"https:\/\/apuntesdesanluis.com\/?p=20400"},"modified":"2024-08-05T22:47:21","modified_gmt":"2024-08-06T01:47:21","slug":"abdala-construye-poder-propio-mientras-confronta-con-poggi","status":"publish","type":"post","link":"https:\/\/apuntesdesanluis.com\/index.php\/2024\/08\/05\/abdala-construye-poder-propio-mientras-confronta-con-poggi\/","title":{"rendered":"ABDALA CONSTRUYE PODER PROPIO MIENTRAS CONFRONTA CON POGGI"},"content":{"rendered":"<h3>Por <strong>Eduardo Gargiulo<\/strong><\/h3>\n<h3><\/h3>\n<h3>Jura y perjura que lo suyo es <em>\u201ctrabajar por y para el pa\u00eds, en esta nueva etapa de una Argentina distinta, con un presidente valiente que est\u00e1 llevando adelante una revoluci\u00f3n\u201d<\/em>. No obstante, lo cierto es que el presidente provisional del Senado de la Naci\u00f3n realiza un esfuerzo denodado por cumplir con las funciones propias del cargo que ocupa, sin descuidar la construcci\u00f3n de poder pol\u00edtico propio en la provincia.<\/h3>\n<h3>En este derrotero, desde Terrazas del Portezuelo lo observan con indisimulado recelo, convencidos de que les ha salido un contendiente de fuste para el 2027.<\/h3>\n<h3>Este lunes <strong>Bartolom\u00e9 Abdala<\/strong> visit\u00f3 Villa Mercedes, para poner formalmente en funciones al nuevo titular del ANSES, alguien de su ri\u00f1\u00f3n: <strong>Guillermo Porrini<\/strong>.<\/h3>\n<h3><img fetchpriority=\"high\" decoding=\"async\" class=\"wp-image-20401 aligncenter\" src=\"https:\/\/apuntesdesanluis.com\/wp-content\/uploads\/2024\/08\/porrini-300x184.png\" alt=\"\" width=\"664\" height=\"407\" srcset=\"https:\/\/apuntesdesanluis.com\/wp-content\/uploads\/2024\/08\/porrini-300x184.png 300w, https:\/\/apuntesdesanluis.com\/wp-content\/uploads\/2024\/08\/porrini-1024x627.png 1024w, https:\/\/apuntesdesanluis.com\/wp-content\/uploads\/2024\/08\/porrini-768x470.png 768w, https:\/\/apuntesdesanluis.com\/wp-content\/uploads\/2024\/08\/porrini.png 1322w\" sizes=\"(max-width: 664px) 100vw, 664px\" \/><\/h3>\n<h3>Antes hab\u00eda estado en La Punta, donde cumpli\u00f3 similar tr\u00e1mite con <strong>Vanesa Su\u00e1rez<\/strong>, titular del UDAI de esa ciudad. Tambi\u00e9n hab\u00eda estado m\u00e1s temprano con el nuevo titular de la Delegaci\u00f3n San Luis de Vialidad Nacional, <strong>Gonzalo Verges<\/strong>, a quien puso en funciones este lunes, acompa\u00f1ado por el diputado nacional <strong>Carlos D\u00b4alesandro<\/strong>.<\/h3>\n<h3><img decoding=\"async\" class=\"wp-image-20402 aligncenter\" src=\"https:\/\/apuntesdesanluis.com\/wp-content\/uploads\/2024\/08\/gonzalo-verges-300x180.png\" alt=\"\" width=\"673\" height=\"404\" srcset=\"https:\/\/apuntesdesanluis.com\/wp-content\/uploads\/2024\/08\/gonzalo-verges-300x180.png 300w, https:\/\/apuntesdesanluis.com\/wp-content\/uploads\/2024\/08\/gonzalo-verges.png 596w\" sizes=\"(max-width: 673px) 100vw, 673px\" \/><\/h3>\n<p><img decoding=\"async\" class=\"wp-image-20403 aligncenter\" src=\"https:\/\/apuntesdesanluis.com\/wp-content\/uploads\/2024\/08\/vanesa-300x140.png\" alt=\"\" width=\"677\" height=\"316\" srcset=\"https:\/\/apuntesdesanluis.com\/wp-content\/uploads\/2024\/08\/vanesa-300x140.png 300w, https:\/\/apuntesdesanluis.com\/wp-content\/uploads\/2024\/08\/vanesa-1024x477.png 1024w, https:\/\/apuntesdesanluis.com\/wp-content\/uploads\/2024\/08\/vanesa-768x358.png 768w, https:\/\/apuntesdesanluis.com\/wp-content\/uploads\/2024\/08\/vanesa.png 1107w\" sizes=\"(max-width: 677px) 100vw, 677px\" \/><\/p>\n<h3><em>\u201cMi visita es algo protocolar, vine a visitar a Guillermo y a desearle \u00e9xito en sus nuevas funciones. Lo mismo hice con otros funcionarios que acaban de asumir. Calcul\u00e1 que en la provincia son cinco los titulares de delegaciones de ANSES. Es lo que corresponde. Me falta saludar a otros pero me falta tiempo, por eso cada semana sigo recorriendo la provincia\u201d,<\/em> coment\u00f3 a <strong>Apuntes de San Luis<\/strong>, a punto de ingresar a la sede previsional de Villa Mercedes.<\/h3>\n<h3><strong>&#8211; Mientras tanto no se priva de chicanear al gobierno.<\/strong><\/h3>\n<h3>&#8211; No, \u00bfPor qu\u00e9 lo dec\u00eds?<\/h3>\n<h3><strong>&#8211; Por ejemplo con el tema de la coparticipaci\u00f3n. Hoy volvi\u00f3 a publicar un cuadro estad\u00edstico \u2026<\/strong><\/h3>\n<h3>&#8211; S\u00ed, porque no me gusta que mientan. Pero eso no es chicana. La provincia sigue recibiendo los recursos que le corresponden, eso es verificable, no opinable. Vayan a las fuentes\u2026<\/h3>\n<h3><img loading=\"lazy\" decoding=\"async\" class=\"wp-image-20404 aligncenter\" src=\"https:\/\/apuntesdesanluis.com\/wp-content\/uploads\/2024\/08\/posteo-sobre-coparticipacion-258x300.png\" alt=\"\" width=\"676\" height=\"786\" srcset=\"https:\/\/apuntesdesanluis.com\/wp-content\/uploads\/2024\/08\/posteo-sobre-coparticipacion-258x300.png 258w, https:\/\/apuntesdesanluis.com\/wp-content\/uploads\/2024\/08\/posteo-sobre-coparticipacion.png 680w\" sizes=\"(max-width: 676px) 100vw, 676px\" \/><\/h3>\n<h3><strong>&#8211; No es que no le crea, pero la verdad es que es todo muy confuso. Cada tanto el gobierno publica que las transferencias que le gira la naci\u00f3n han bajado. \u00bfUsted dice que el gobierno miente? \u00a0<\/strong><\/h3>\n<h3>Creo que tergiversan la realidad y hacen una lectura antojadiza. No puede ser que el gobernador se siga victimizando cuando no es cierto que la Naci\u00f3n le manda menos recursos. Lo que s\u00ed es chicana barata es lo que hace Poggi, que manda a sembrar dudas sobre los funcionarios que designo.<\/h3>\n<h3><strong>&#8211; \u00bfLo dice por Gonzalo Verg\u00e9s?<\/strong><\/h3>\n<h3>&#8211; Por ejemplo. \u00bfCu\u00e1l es el problema en que yo designe a alguien que tiene experiencia en el cargo? \u00bfLo voy a vetar porque fue funcionario del gobierno anterior? \u00bfQuer\u00e9s que te cuente cu\u00e1ntos funcionarios de la gesti\u00f3n de Rodr\u00edguez Sa\u00e1 tiene Poggi en su gobierno? M\u00e1s de los que vos sab\u00e9s. Pero yo no estoy en esas tonter\u00edas. Formo parte de un gobierno que est\u00e1 llevando adelante una revoluci\u00f3n con reformas nunca vistas, lideradas por un presidente valiente que es referente mundial.<\/h3>\n<h3><strong>&#8211; Recientemente dijo que a Ud. no le interesa confrontar con Poggi, pero adem\u00e1s de salir a desmentir los datos de la coparticipaci\u00f3n tambi\u00e9n expres\u00f3 que se opone a la venta de la Casa de San Luis.<\/strong><\/h3>\n<h3>&#8211; Pero eso no es confrontar, sino expresar mi postura. Yo no miento. Cuando hablo de la coparticipaci\u00f3n, muestro las cifras para fundamentar lo que digo. Con respecto al otro tema es cierto, me parece una locura rifar un patrimonio hist\u00f3rico como es la Casa de San Luis con la excusa de arreglar un hospital. Eso lo tiene que hacer, y lo est\u00e1 haciendo. La semana pasada anunci\u00f3 un proyecto muy ambicioso, de m\u00e1s de 2.000 millones de pesos, para refaccionar el Hospital Juan Domingo Per\u00f3n. Lo felicito, es necesario, pero c\u00f3mo, \u00bfno es que no ten\u00eda recursos? La plata est\u00e1, la tiene. Como la ten\u00eda en diciembre para pagar los sueldos. Pero eligi\u00f3 no hacerlo. \u00c9l sabr\u00e1 por qu\u00e9 eligi\u00f3 desdoblar los sueldos mientras hac\u00eda 19 plazos fijos\u2026<\/h3>\n<h3><strong>&#8211; El gobierno argument\u00f3 que esos fondos ten\u00edan destino espec\u00edfico, estaban afectados para \u2026<\/strong><\/h3>\n<h3>&#8211; \u00bfVos le crees? Yo no. Primero dijeron que no ten\u00edan la plata, despu\u00e9s cuando se conoci\u00f3 el informe del Tribunal de Cuentas dijeron que s\u00ed, contaban con los fondos, pero que ten\u00eda otros destinos. Despu\u00e9s se conoci\u00f3 que al d\u00eda siguiente de asumir empezaron a poner plata en plazo fijo. Hicieron 19 plazos fijos. Estaban m\u00e1s preocupados por multiplicar la plata que por pagar los sueldos\u2026<\/h3>\n<h3><strong>&#8211; M\u00e1s all\u00e1 de lo que Ud. dice, el gobernador lo quiere y ha negado estar distanciado. \u00bfQui\u00e9n no es amigo de Bartolito?, dijo.<\/strong><\/h3>\n<h3>&#8211; No s\u00e9 si me est\u00e1s cargando o habl\u00e1s con iron\u00eda\u2026 Creo que lo dijo en un tono peyorativo, pero me tiene sin cuidado. Yo lo respeto porque es el gobernador y fue electo democr\u00e1ticamente, pero eso no significa que le hayan dado un cheque en blanco ni que yo no pueda discrepar, si veo que se equivoca o miente. Eso no me hace enemigo. Por otra parte es cierto que tengo muchos amigos, y eso me lo ense\u00f1aron mis padres, Pocho y Coca. No mentir y hacer amigos\u2026<\/h3>\n<h3>\u2026\u2026\u2026\u2026\u2026\u2026\u2026.<\/h3>\n<h3>Aunque se cuida de hablar de sus ambiciones pol\u00edticas, se sabe que uno de los sue\u00f1os de Abdala es ser candidato a gobernador en 2027. Hoy por hoy ha logrado instalarse como el principal contendiente de Claudio Poggi. Parece una quimera, pero lo mismo dec\u00edan de Milei dos a\u00f1os antes de convertirse en presidente.\u00a0 D\u00edas atr\u00e1s, por caso, se quej\u00f3 del &#8220;vac\u00edo&#8221; informativo que le hacen los medios, a pesar del lugar institucional que ocupa, como segundo en la sucesi\u00f3n presidencial. No muy diferente del discurso que supo enarbolar su lider en la \u00faltima campa\u00f1a presidencial, donde los principales medios se inclinaban por Bullrich.<\/h3>\n<div style=\"width: 640px;\" class=\"wp-video\"><!--[if lt IE 9]><script>document.createElement('video');<\/script><![endif]-->\n<video class=\"wp-video-shortcode\" id=\"video-20400-1\" width=\"640\" height=\"640\" preload=\"metadata\" controls=\"controls\"><source type=\"video\/mp4\" src=\"https:\/\/apuntesdesanluis.com\/wp-content\/uploads\/2024\/08\/abdala.mp4?_=1\" \/><a href=\"https:\/\/apuntesdesanluis.com\/wp-content\/uploads\/2024\/08\/abdala.mp4\">https:\/\/apuntesdesanluis.com\/wp-content\/uploads\/2024\/08\/abdala.mp4<\/a><\/video><\/div>\n<p>&nbsp;<\/p>\n<p>&nbsp;<\/p>\n<p>&nbsp;<\/p>\n<h3><\/h3>\n<p>&nbsp;<\/p>\n","protected":false},"excerpt":{"rendered":"<p>Por Eduardo Gargiulo Jura y perjura que lo suyo es \u201ctrabajar por y para el&#8230;<\/p>\n","protected":false},"author":1,"featured_media":20407,"comment_status":"closed","ping_status":"closed","sticky":false,"template":"","format":"standard","meta":{"footnotes":""},"categories":[9],"tags":[],"class_list":["post-20400","post","type-post","status-publish","format-standard","has-post-thumbnail","hentry","category-opinion"],"yoast_head":"<!-- This site is optimized with the Yoast SEO plugin v26.1.1 - https:\/\/yoast.com\/wordpress\/plugins\/seo\/ -->\n<title>ABDALA CONSTRUYE PODER PROPIO MIENTRAS CONFRONTA CON POGGI - Apuntes de San Luis<\/title>\n<meta name=\"robots\" content=\"index, follow, max-snippet:-1, max-image-preview:large, max-video-preview:-1\" \/>\n<link rel=\"canonical\" href=\"https:\/\/apuntesdesanluis.com\/index.php\/2024\/08\/05\/abdala-construye-poder-propio-mientras-confronta-con-poggi\/\" \/>\n<meta property=\"og:locale\" content=\"es_ES\" \/>\n<meta property=\"og:type\" content=\"article\" \/>\n<meta property=\"og:title\" content=\"ABDALA CONSTRUYE PODER PROPIO MIENTRAS CONFRONTA CON POGGI - Apuntes de San Luis\" \/>\n<meta property=\"og:description\" content=\"Por Eduardo Gargiulo Jura y perjura que lo suyo es \u201ctrabajar por y para el...\" \/>\n<meta property=\"og:url\" content=\"https:\/\/apuntesdesanluis.com\/index.php\/2024\/08\/05\/abdala-construye-poder-propio-mientras-confronta-con-poggi\/\" \/>\n<meta property=\"og:site_name\" content=\"Apuntes de San Luis\" \/>\n<meta property=\"article:published_time\" content=\"2024-08-06T01:44:57+00:00\" \/>\n<meta property=\"article:modified_time\" content=\"2024-08-06T01:47:21+00:00\" \/>\n<meta property=\"og:image\" content=\"https:\/\/apuntesdesanluis.com\/wp-content\/uploads\/2024\/08\/bartolo-abdala-presidente-provisional-senado.png\" \/>\n\t<meta property=\"og:image:width\" content=\"616\" \/>\n\t<meta property=\"og:image:height\" content=\"376\" \/>\n\t<meta property=\"og:image:type\" content=\"image\/png\" \/>\n<meta name=\"author\" content=\"apuntesdesanluis.com\" \/>\n<meta name=\"twitter:card\" content=\"summary_large_image\" \/>\n<meta name=\"twitter:label1\" content=\"Escrito por\" \/>\n\t<meta name=\"twitter:data1\" content=\"apuntesdesanluis.com\" \/>\n\t<meta name=\"twitter:label2\" content=\"Tiempo de lectura\" \/>\n\t<meta name=\"twitter:data2\" content=\"6 minutos\" \/>\n<script type=\"application\/ld+json\" class=\"yoast-schema-graph\">{\"@context\":\"https:\/\/schema.org\",\"@graph\":[{\"@type\":\"Article\",\"@id\":\"https:\/\/apuntesdesanluis.com\/index.php\/2024\/08\/05\/abdala-construye-poder-propio-mientras-confronta-con-poggi\/#article\",\"isPartOf\":{\"@id\":\"https:\/\/apuntesdesanluis.com\/index.php\/2024\/08\/05\/abdala-construye-poder-propio-mientras-confronta-con-poggi\/\"},\"author\":{\"name\":\"apuntesdesanluis.com\",\"@id\":\"https:\/\/apuntesdesanluis.com\/#\/schema\/person\/b55151d52296fcce64d1a72538a70b90\"},\"headline\":\"ABDALA CONSTRUYE PODER PROPIO MIENTRAS CONFRONTA CON POGGI\",\"datePublished\":\"2024-08-06T01:44:57+00:00\",\"dateModified\":\"2024-08-06T01:47:21+00:00\",\"mainEntityOfPage\":{\"@id\":\"https:\/\/apuntesdesanluis.com\/index.php\/2024\/08\/05\/abdala-construye-poder-propio-mientras-confronta-con-poggi\/\"},\"wordCount\":1039,\"publisher\":{\"@id\":\"https:\/\/apuntesdesanluis.com\/#\/schema\/person\/b55151d52296fcce64d1a72538a70b90\"},\"image\":{\"@id\":\"https:\/\/apuntesdesanluis.com\/index.php\/2024\/08\/05\/abdala-construye-poder-propio-mientras-confronta-con-poggi\/#primaryimage\"},\"thumbnailUrl\":\"https:\/\/apuntesdesanluis.com\/wp-content\/uploads\/2024\/08\/bartolo-abdala-presidente-provisional-senado.png\",\"articleSection\":[\"Opini\u00f3n\"],\"inLanguage\":\"es-AR\"},{\"@type\":\"WebPage\",\"@id\":\"https:\/\/apuntesdesanluis.com\/index.php\/2024\/08\/05\/abdala-construye-poder-propio-mientras-confronta-con-poggi\/\",\"url\":\"https:\/\/apuntesdesanluis.com\/index.php\/2024\/08\/05\/abdala-construye-poder-propio-mientras-confronta-con-poggi\/\",\"name\":\"ABDALA CONSTRUYE PODER PROPIO MIENTRAS CONFRONTA CON POGGI - Apuntes de San Luis\",\"isPartOf\":{\"@id\":\"https:\/\/apuntesdesanluis.com\/#website\"},\"primaryImageOfPage\":{\"@id\":\"https:\/\/apuntesdesanluis.com\/index.php\/2024\/08\/05\/abdala-construye-poder-propio-mientras-confronta-con-poggi\/#primaryimage\"},\"image\":{\"@id\":\"https:\/\/apuntesdesanluis.com\/index.php\/2024\/08\/05\/abdala-construye-poder-propio-mientras-confronta-con-poggi\/#primaryimage\"},\"thumbnailUrl\":\"https:\/\/apuntesdesanluis.com\/wp-content\/uploads\/2024\/08\/bartolo-abdala-presidente-provisional-senado.png\",\"datePublished\":\"2024-08-06T01:44:57+00:00\",\"dateModified\":\"2024-08-06T01:47:21+00:00\",\"breadcrumb\":{\"@id\":\"https:\/\/apuntesdesanluis.com\/index.php\/2024\/08\/05\/abdala-construye-poder-propio-mientras-confronta-con-poggi\/#breadcrumb\"},\"inLanguage\":\"es-AR\",\"potentialAction\":[{\"@type\":\"ReadAction\",\"target\":[\"https:\/\/apuntesdesanluis.com\/index.php\/2024\/08\/05\/abdala-construye-poder-propio-mientras-confronta-con-poggi\/\"]}]},{\"@type\":\"ImageObject\",\"inLanguage\":\"es-AR\",\"@id\":\"https:\/\/apuntesdesanluis.com\/index.php\/2024\/08\/05\/abdala-construye-poder-propio-mientras-confronta-con-poggi\/#primaryimage\",\"url\":\"https:\/\/apuntesdesanluis.com\/wp-content\/uploads\/2024\/08\/bartolo-abdala-presidente-provisional-senado.png\",\"contentUrl\":\"https:\/\/apuntesdesanluis.com\/wp-content\/uploads\/2024\/08\/bartolo-abdala-presidente-provisional-senado.png\",\"width\":616,\"height\":376},{\"@type\":\"BreadcrumbList\",\"@id\":\"https:\/\/apuntesdesanluis.com\/index.php\/2024\/08\/05\/abdala-construye-poder-propio-mientras-confronta-con-poggi\/#breadcrumb\",\"itemListElement\":[{\"@type\":\"ListItem\",\"position\":1,\"name\":\"Inicio\",\"item\":\"https:\/\/apuntesdesanluis.com\/\"},{\"@type\":\"ListItem\",\"position\":2,\"name\":\"ABDALA CONSTRUYE PODER PROPIO MIENTRAS CONFRONTA CON POGGI\"}]},{\"@type\":\"WebSite\",\"@id\":\"https:\/\/apuntesdesanluis.com\/#website\",\"url\":\"https:\/\/apuntesdesanluis.com\/\",\"name\":\"Apuntes de San Luis\",\"description\":\"\",\"publisher\":{\"@id\":\"https:\/\/apuntesdesanluis.com\/#\/schema\/person\/b55151d52296fcce64d1a72538a70b90\"},\"potentialAction\":[{\"@type\":\"SearchAction\",\"target\":{\"@type\":\"EntryPoint\",\"urlTemplate\":\"https:\/\/apuntesdesanluis.com\/?s={search_term_string}\"},\"query-input\":{\"@type\":\"PropertyValueSpecification\",\"valueRequired\":true,\"valueName\":\"search_term_string\"}}],\"inLanguage\":\"es-AR\"},{\"@type\":[\"Person\",\"Organization\"],\"@id\":\"https:\/\/apuntesdesanluis.com\/#\/schema\/person\/b55151d52296fcce64d1a72538a70b90\",\"name\":\"apuntesdesanluis.com\",\"image\":{\"@type\":\"ImageObject\",\"inLanguage\":\"es-AR\",\"@id\":\"https:\/\/apuntesdesanluis.com\/#\/schema\/person\/image\/\",\"url\":\"https:\/\/apuntesdesanluis.com\/wp-content\/uploads\/2023\/07\/cropped-apuntesdesanluis.png\",\"contentUrl\":\"https:\/\/apuntesdesanluis.com\/wp-content\/uploads\/2023\/07\/cropped-apuntesdesanluis.png\",\"width\":450,\"height\":112,\"caption\":\"apuntesdesanluis.com\"},\"logo\":{\"@id\":\"https:\/\/apuntesdesanluis.com\/#\/schema\/person\/image\/\"},\"sameAs\":[\"https:\/\/apuntesdesanluis.com\"],\"url\":\"https:\/\/apuntesdesanluis.com\/index.php\/author\/apuntesdesanluis-com\/\"}]}<\/script>\n<!-- \/ Yoast SEO plugin. -->","yoast_head_json":{"title":"ABDALA CONSTRUYE PODER PROPIO MIENTRAS CONFRONTA CON POGGI - Apuntes de San Luis","robots":{"index":"index","follow":"follow","max-snippet":"max-snippet:-1","max-image-preview":"max-image-preview:large","max-video-preview":"max-video-preview:-1"},"canonical":"https:\/\/apuntesdesanluis.com\/index.php\/2024\/08\/05\/abdala-construye-poder-propio-mientras-confronta-con-poggi\/","og_locale":"es_ES","og_type":"article","og_title":"ABDALA CONSTRUYE PODER PROPIO MIENTRAS CONFRONTA CON POGGI - Apuntes de San Luis","og_description":"Por Eduardo Gargiulo Jura y perjura que lo suyo es \u201ctrabajar por y para el...","og_url":"https:\/\/apuntesdesanluis.com\/index.php\/2024\/08\/05\/abdala-construye-poder-propio-mientras-confronta-con-poggi\/","og_site_name":"Apuntes de San Luis","article_published_time":"2024-08-06T01:44:57+00:00","article_modified_time":"2024-08-06T01:47:21+00:00","og_image":[{"width":616,"height":376,"url":"https:\/\/apuntesdesanluis.com\/wp-content\/uploads\/2024\/08\/bartolo-abdala-presidente-provisional-senado.png","type":"image\/png"}],"author":"apuntesdesanluis.com","twitter_card":"summary_large_image","twitter_misc":{"Escrito por":"apuntesdesanluis.com","Tiempo de lectura":"6 minutos"},"schema":{"@context":"https:\/\/schema.org","@graph":[{"@type":"Article","@id":"https:\/\/apuntesdesanluis.com\/index.php\/2024\/08\/05\/abdala-construye-poder-propio-mientras-confronta-con-poggi\/#article","isPartOf":{"@id":"https:\/\/apuntesdesanluis.com\/index.php\/2024\/08\/05\/abdala-construye-poder-propio-mientras-confronta-con-poggi\/"},"author":{"name":"apuntesdesanluis.com","@id":"https:\/\/apuntesdesanluis.com\/#\/schema\/person\/b55151d52296fcce64d1a72538a70b90"},"headline":"ABDALA CONSTRUYE PODER PROPIO MIENTRAS CONFRONTA CON POGGI","datePublished":"2024-08-06T01:44:57+00:00","dateModified":"2024-08-06T01:47:21+00:00","mainEntityOfPage":{"@id":"https:\/\/apuntesdesanluis.com\/index.php\/2024\/08\/05\/abdala-construye-poder-propio-mientras-confronta-con-poggi\/"},"wordCount":1039,"publisher":{"@id":"https:\/\/apuntesdesanluis.com\/#\/schema\/person\/b55151d52296fcce64d1a72538a70b90"},"image":{"@id":"https:\/\/apuntesdesanluis.com\/index.php\/2024\/08\/05\/abdala-construye-poder-propio-mientras-confronta-con-poggi\/#primaryimage"},"thumbnailUrl":"https:\/\/apuntesdesanluis.com\/wp-content\/uploads\/2024\/08\/bartolo-abdala-presidente-provisional-senado.png","articleSection":["Opini\u00f3n"],"inLanguage":"es-AR"},{"@type":"WebPage","@id":"https:\/\/apuntesdesanluis.com\/index.php\/2024\/08\/05\/abdala-construye-poder-propio-mientras-confronta-con-poggi\/","url":"https:\/\/apuntesdesanluis.com\/index.php\/2024\/08\/05\/abdala-construye-poder-propio-mientras-confronta-con-poggi\/","name":"ABDALA CONSTRUYE PODER PROPIO MIENTRAS CONFRONTA CON POGGI - Apuntes de San Luis","isPartOf":{"@id":"https:\/\/apuntesdesanluis.com\/#website"},"primaryImageOfPage":{"@id":"https:\/\/apuntesdesanluis.com\/index.php\/2024\/08\/05\/abdala-construye-poder-propio-mientras-confronta-con-poggi\/#primaryimage"},"image":{"@id":"https:\/\/apuntesdesanluis.com\/index.php\/2024\/08\/05\/abdala-construye-poder-propio-mientras-confronta-con-poggi\/#primaryimage"},"thumbnailUrl":"https:\/\/apuntesdesanluis.com\/wp-content\/uploads\/2024\/08\/bartolo-abdala-presidente-provisional-senado.png","datePublished":"2024-08-06T01:44:57+00:00","dateModified":"2024-08-06T01:47:21+00:00","breadcrumb":{"@id":"https:\/\/apuntesdesanluis.com\/index.php\/2024\/08\/05\/abdala-construye-poder-propio-mientras-confronta-con-poggi\/#breadcrumb"},"inLanguage":"es-AR","potentialAction":[{"@type":"ReadAction","target":["https:\/\/apuntesdesanluis.com\/index.php\/2024\/08\/05\/abdala-construye-poder-propio-mientras-confronta-con-poggi\/"]}]},{"@type":"ImageObject","inLanguage":"es-AR","@id":"https:\/\/apuntesdesanluis.com\/index.php\/2024\/08\/05\/abdala-construye-poder-propio-mientras-confronta-con-poggi\/#primaryimage","url":"https:\/\/apuntesdesanluis.com\/wp-content\/uploads\/2024\/08\/bartolo-abdala-presidente-provisional-senado.png","contentUrl":"https:\/\/apuntesdesanluis.com\/wp-content\/uploads\/2024\/08\/bartolo-abdala-presidente-provisional-senado.png","width":616,"height":376},{"@type":"BreadcrumbList","@id":"https:\/\/apuntesdesanluis.com\/index.php\/2024\/08\/05\/abdala-construye-poder-propio-mientras-confronta-con-poggi\/#breadcrumb","itemListElement":[{"@type":"ListItem","position":1,"name":"Inicio","item":"https:\/\/apuntesdesanluis.com\/"},{"@type":"ListItem","position":2,"name":"ABDALA CONSTRUYE PODER PROPIO MIENTRAS CONFRONTA CON POGGI"}]},{"@type":"WebSite","@id":"https:\/\/apuntesdesanluis.com\/#website","url":"https:\/\/apuntesdesanluis.com\/","name":"Apuntes de San Luis","description":"","publisher":{"@id":"https:\/\/apuntesdesanluis.com\/#\/schema\/person\/b55151d52296fcce64d1a72538a70b90"},"potentialAction":[{"@type":"SearchAction","target":{"@type":"EntryPoint","urlTemplate":"https:\/\/apuntesdesanluis.com\/?s={search_term_string}"},"query-input":{"@type":"PropertyValueSpecification","valueRequired":true,"valueName":"search_term_string"}}],"inLanguage":"es-AR"},{"@type":["Person","Organization"],"@id":"https:\/\/apuntesdesanluis.com\/#\/schema\/person\/b55151d52296fcce64d1a72538a70b90","name":"apuntesdesanluis.com","image":{"@type":"ImageObject","inLanguage":"es-AR","@id":"https:\/\/apuntesdesanluis.com\/#\/schema\/person\/image\/","url":"https:\/\/apuntesdesanluis.com\/wp-content\/uploads\/2023\/07\/cropped-apuntesdesanluis.png","contentUrl":"https:\/\/apuntesdesanluis.com\/wp-content\/uploads\/2023\/07\/cropped-apuntesdesanluis.png","width":450,"height":112,"caption":"apuntesdesanluis.com"},"logo":{"@id":"https:\/\/apuntesdesanluis.com\/#\/schema\/person\/image\/"},"sameAs":["https:\/\/apuntesdesanluis.com"],"url":"https:\/\/apuntesdesanluis.com\/index.php\/author\/apuntesdesanluis-com\/"}]}},"featured_image_urls":{"full":["https:\/\/apuntesdesanluis.com\/wp-content\/uploads\/2024\/08\/bartolo-abdala-presidente-provisional-senado.png",616,376,false],"thumbnail":["https:\/\/apuntesdesanluis.com\/wp-content\/uploads\/2024\/08\/bartolo-abdala-presidente-provisional-senado-150x150.png",150,150,true],"medium":["https:\/\/apuntesdesanluis.com\/wp-content\/uploads\/2024\/08\/bartolo-abdala-presidente-provisional-senado-300x183.png",300,183,true],"medium_large":["https:\/\/apuntesdesanluis.com\/wp-content\/uploads\/2024\/08\/bartolo-abdala-presidente-provisional-senado.png",616,376,false],"large":["https:\/\/apuntesdesanluis.com\/wp-content\/uploads\/2024\/08\/bartolo-abdala-presidente-provisional-senado.png",616,376,false],"1536x1536":["https:\/\/apuntesdesanluis.com\/wp-content\/uploads\/2024\/08\/bartolo-abdala-presidente-provisional-senado.png",616,376,false],"2048x2048":["https:\/\/apuntesdesanluis.com\/wp-content\/uploads\/2024\/08\/bartolo-abdala-presidente-provisional-senado.png",616,376,false],"newsever-slider-full":["https:\/\/apuntesdesanluis.com\/wp-content\/uploads\/2024\/08\/bartolo-abdala-presidente-provisional-senado.png",616,376,false],"newsever-featured":["https:\/\/apuntesdesanluis.com\/wp-content\/uploads\/2024\/08\/bartolo-abdala-presidente-provisional-senado.png",616,376,false],"newsever-medium":["https:\/\/apuntesdesanluis.com\/wp-content\/uploads\/2024\/08\/bartolo-abdala-presidente-provisional-senado.png",616,376,false]},"author_info":{"display_name":"apuntesdesanluis.com","author_link":"https:\/\/apuntesdesanluis.com\/index.php\/author\/apuntesdesanluis-com\/"},"category_info":"<a href=\"https:\/\/apuntesdesanluis.com\/index.php\/category\/opinion\/\" rel=\"category tag\">Opini\u00f3n<\/a>","tag_info":"Opini\u00f3n","comment_count":"0","_links":{"self":[{"href":"https:\/\/apuntesdesanluis.com\/index.php\/wp-json\/wp\/v2\/posts\/20400","targetHints":{"allow":["GET"]}}],"collection":[{"href":"https:\/\/apuntesdesanluis.com\/index.php\/wp-json\/wp\/v2\/posts"}],"about":[{"href":"https:\/\/apuntesdesanluis.com\/index.php\/wp-json\/wp\/v2\/types\/post"}],"author":[{"embeddable":true,"href":"https:\/\/apuntesdesanluis.com\/index.php\/wp-json\/wp\/v2\/users\/1"}],"replies":[{"embeddable":true,"href":"https:\/\/apuntesdesanluis.com\/index.php\/wp-json\/wp\/v2\/comments?post=20400"}],"version-history":[{"count":2,"href":"https:\/\/apuntesdesanluis.com\/index.php\/wp-json\/wp\/v2\/posts\/20400\/revisions"}],"predecessor-version":[{"id":20408,"href":"https:\/\/apuntesdesanluis.com\/index.php\/wp-json\/wp\/v2\/posts\/20400\/revisions\/20408"}],"wp:featuredmedia":[{"embeddable":true,"href":"https:\/\/apuntesdesanluis.com\/index.php\/wp-json\/wp\/v2\/media\/20407"}],"wp:attachment":[{"href":"https:\/\/apuntesdesanluis.com\/index.php\/wp-json\/wp\/v2\/media?parent=20400"}],"wp:term":[{"taxonomy":"category","embeddable":true,"href":"https:\/\/apuntesdesanluis.com\/index.php\/wp-json\/wp\/v2\/categories?post=20400"},{"taxonomy":"post_tag","embeddable":true,"href":"https:\/\/apuntesdesanluis.com\/index.php\/wp-json\/wp\/v2\/tags?post=20400"}],"curies":[{"name":"wp","href":"https:\/\/api.w.org\/{rel}","templated":true}]}}