{"id":20409,"date":"2024-08-06T13:24:38","date_gmt":"2024-08-06T16:24:38","guid":{"rendered":"https:\/\/apuntesdesanluis.com\/?p=20409"},"modified":"2024-08-06T13:29:25","modified_gmt":"2024-08-06T16:29:25","slug":"pido-que-se-democratice-el-pj-y-se-observen-los-nuevos-liderazgos","status":"publish","type":"post","link":"https:\/\/apuntesdesanluis.com\/index.php\/2024\/08\/06\/pido-que-se-democratice-el-pj-y-se-observen-los-nuevos-liderazgos\/","title":{"rendered":"\u201cPIDO QUE SE DEMOCRATICE EL PJ Y SE OBSERVEN LOS NUEVOS LIDERAZGOS\u201d"},"content":{"rendered":"<h3>Ese fue el t\u00edtulo que formul\u00f3 <strong>Marcelo Periale<\/strong>, ex concejal justicialista y secretario General del Sindicato de Trabajadores de la Carne, con miras a la renovaci\u00f3n de autoridades prevista para fin del corriente a\u00f1o.<\/h3>\n<h3>Durante la entrevista, analiz\u00f3 con preocupaci\u00f3n el actual contexto econ\u00f3mico y c\u00f3mo afecta particularmente a los trabajadores de la carne. En este sentido, diferenci\u00f3 a las firmas exportadoras como Marfrig, que est\u00e1n bien, de aquellas empresas que abastecen el consumo interno, las cuales soportan suspensiones y despidos por la caida del consumo y la baja de los precios internacionales.<\/h3>\n<h3>\u201cImaginate que el consumo de carne registrado en los \u00faltimos meses es el m\u00e1s bajo de los \u00faltimos cien a\u00f1os\u201d, grafic\u00f3.<\/h3>\n<h3>Por otro lado, cuestion\u00f3 la gesti\u00f3n de <strong>Javier Milei<\/strong>, \u201cun presidente muy at\u00edpico que se la pasa viajando no sabemos bien para qu\u00e9, en lugar de visitar las provincias e inaugurar escuelas u hospitales\u201d, porque ha paralizado la obra p\u00fablica.<\/h3>\n<h3>\u201cHay que esperar que pase la tormenta, esto ya lo vivimos en el \u00b466 con Ongan\u00eda, luego con los militares, lo quiso hacer Macri y no pudo\u2026\u201d, reflexion\u00f3.<\/h3>\n<p><img fetchpriority=\"high\" decoding=\"async\" class=\"wp-image-19351 aligncenter\" src=\"https:\/\/apuntesdesanluis.com\/wp-content\/uploads\/2024\/07\/Logo-dejame-un-titulo.-1-300x195.jpg\" alt=\"\" width=\"565\" height=\"367\" srcset=\"https:\/\/apuntesdesanluis.com\/wp-content\/uploads\/2024\/07\/Logo-dejame-un-titulo.-1-300x195.jpg 300w, https:\/\/apuntesdesanluis.com\/wp-content\/uploads\/2024\/07\/Logo-dejame-un-titulo.-1-768x498.jpg 768w, https:\/\/apuntesdesanluis.com\/wp-content\/uploads\/2024\/07\/Logo-dejame-un-titulo.-1.jpg 771w\" sizes=\"(max-width: 565px) 100vw, 565px\" \/><\/p>\n<h3>Periale tambi\u00e9n se\u00f1al\u00f3 su discrepancia con el hecho de que para aumentar los sueldos en la provincia, se espere que ingresen fondos a partir de la reposici\u00f3n del Impuesto a las Ganancias. \u201cEs decir, se le saca a los trabajadores para pagarle a los mismos trabajadores, pero mientras tanto con la ley bases se le baja los impuestos a los sectores m\u00e1s ricos\u201d, enfatiz\u00f3.<\/h3>\n<h3>\u201cEn el orden provincial es urgente disponer un aumento para los trabajadores estatales\u201d, resalt\u00f3.<\/h3>\n<h3>Con respecto a la gesti\u00f3n del intendente <strong>Maximiliano Frontera<\/strong>, el dirigente destac\u00f3 que coincide con el trabajo coordinado y las buenas relaciones que mantiene con el gobierno de la provincia, porque \u201cha sabido leer el resultado electoral y lo que la gente eligi\u00f3\u201d.<\/h3>\n<h3>En este sentido, expres\u00f3 que en su opini\u00f3n el justicialismo deber\u00eda tener una apertura y mirar los nuevos liderazgos, como el del intendente de Villa Mercedes, que fue reelecto.<\/h3>\n<h3>Tambi\u00e9n ejerci\u00f3 una f\u00e9rrea defensa de la gesti\u00f3n municipal, en torno del manejo del fondo de 800 millones de pesos que recibi\u00f3 de la provincia, para afrontar los da\u00f1os causados por el temporal de enero de 2023.<\/h3>\n<h3>\u201cHay que decir las cosas como son. Yo era concejal. Ese dinero lleg\u00f3 en marzo y hab\u00eda que asistir a toda la gente, y las elecciones eran en junio. Es decir coincidi\u00f3 con \u00e9poca electoral. Pero hay que recordar que hab\u00eda miles de pedidos de ayuda, hubo que asistir a escuelas, clubes, arreglar edificios municipales, etc\u201d.<\/h3>\n<p>&nbsp;<\/p>\n<p><iframe title=\"MARCELO PERIALE. Sec. Gral. Sindicato Trabajadores de la Carne.\" width=\"640\" height=\"360\" src=\"https:\/\/www.youtube.com\/embed\/03tHRmfkORw?feature=oembed\" frameborder=\"0\" allow=\"accelerometer; autoplay; clipboard-write; encrypted-media; gyroscope; picture-in-picture; web-share\" referrerpolicy=\"strict-origin-when-cross-origin\" allowfullscreen><\/iframe><\/p>\n<p>&nbsp;<\/p>\n<p>&nbsp;<\/p>\n<p>&nbsp;<\/p>\n<p>&nbsp;<\/p>\n","protected":false},"excerpt":{"rendered":"<p>Ese fue el t\u00edtulo que formul\u00f3 Marcelo Periale, ex concejal justicialista y secretario General del&#8230;<\/p>\n","protected":false},"author":1,"featured_media":20410,"comment_status":"closed","ping_status":"closed","sticky":false,"template":"","format":"standard","meta":{"footnotes":""},"categories":[9],"tags":[],"class_list":["post-20409","post","type-post","status-publish","format-standard","has-post-thumbnail","hentry","category-opinion"],"yoast_head":"<!-- This site is optimized with the Yoast SEO plugin v26.1.1 - https:\/\/yoast.com\/wordpress\/plugins\/seo\/ -->\n<title>\u201cPIDO QUE SE DEMOCRATICE EL PJ Y SE OBSERVEN LOS NUEVOS LIDERAZGOS\u201d - Apuntes de San Luis<\/title>\n<meta name=\"robots\" content=\"index, follow, max-snippet:-1, max-image-preview:large, max-video-preview:-1\" \/>\n<link rel=\"canonical\" href=\"https:\/\/apuntesdesanluis.com\/index.php\/2024\/08\/06\/pido-que-se-democratice-el-pj-y-se-observen-los-nuevos-liderazgos\/\" \/>\n<meta property=\"og:locale\" content=\"es_ES\" \/>\n<meta property=\"og:type\" content=\"article\" \/>\n<meta property=\"og:title\" content=\"\u201cPIDO QUE SE DEMOCRATICE EL PJ Y SE OBSERVEN LOS NUEVOS LIDERAZGOS\u201d - Apuntes de San Luis\" \/>\n<meta property=\"og:description\" content=\"Ese fue el t\u00edtulo que formul\u00f3 Marcelo Periale, ex concejal justicialista y secretario General del...\" \/>\n<meta property=\"og:url\" content=\"https:\/\/apuntesdesanluis.com\/index.php\/2024\/08\/06\/pido-que-se-democratice-el-pj-y-se-observen-los-nuevos-liderazgos\/\" \/>\n<meta property=\"og:site_name\" content=\"Apuntes de San Luis\" \/>\n<meta property=\"article:published_time\" content=\"2024-08-06T16:24:38+00:00\" \/>\n<meta property=\"article:modified_time\" content=\"2024-08-06T16:29:25+00:00\" \/>\n<meta property=\"og:image\" content=\"https:\/\/apuntesdesanluis.com\/wp-content\/uploads\/2024\/08\/marcelo-periale.png\" \/>\n\t<meta property=\"og:image:width\" content=\"700\" \/>\n\t<meta property=\"og:image:height\" content=\"415\" \/>\n\t<meta property=\"og:image:type\" content=\"image\/png\" \/>\n<meta name=\"author\" content=\"apuntesdesanluis.com\" \/>\n<meta name=\"twitter:card\" content=\"summary_large_image\" \/>\n<meta name=\"twitter:label1\" content=\"Escrito por\" \/>\n\t<meta name=\"twitter:data1\" content=\"apuntesdesanluis.com\" \/>\n\t<meta name=\"twitter:label2\" content=\"Tiempo de lectura\" \/>\n\t<meta name=\"twitter:data2\" content=\"3 minutos\" \/>\n<script type=\"application\/ld+json\" class=\"yoast-schema-graph\">{\"@context\":\"https:\/\/schema.org\",\"@graph\":[{\"@type\":\"Article\",\"@id\":\"https:\/\/apuntesdesanluis.com\/index.php\/2024\/08\/06\/pido-que-se-democratice-el-pj-y-se-observen-los-nuevos-liderazgos\/#article\",\"isPartOf\":{\"@id\":\"https:\/\/apuntesdesanluis.com\/index.php\/2024\/08\/06\/pido-que-se-democratice-el-pj-y-se-observen-los-nuevos-liderazgos\/\"},\"author\":{\"name\":\"apuntesdesanluis.com\",\"@id\":\"https:\/\/apuntesdesanluis.com\/#\/schema\/person\/b55151d52296fcce64d1a72538a70b90\"},\"headline\":\"\u201cPIDO QUE SE DEMOCRATICE EL PJ Y SE OBSERVEN LOS NUEVOS LIDERAZGOS\u201d\",\"datePublished\":\"2024-08-06T16:24:38+00:00\",\"dateModified\":\"2024-08-06T16:29:25+00:00\",\"mainEntityOfPage\":{\"@id\":\"https:\/\/apuntesdesanluis.com\/index.php\/2024\/08\/06\/pido-que-se-democratice-el-pj-y-se-observen-los-nuevos-liderazgos\/\"},\"wordCount\":474,\"publisher\":{\"@id\":\"https:\/\/apuntesdesanluis.com\/#\/schema\/person\/b55151d52296fcce64d1a72538a70b90\"},\"image\":{\"@id\":\"https:\/\/apuntesdesanluis.com\/index.php\/2024\/08\/06\/pido-que-se-democratice-el-pj-y-se-observen-los-nuevos-liderazgos\/#primaryimage\"},\"thumbnailUrl\":\"https:\/\/apuntesdesanluis.com\/wp-content\/uploads\/2024\/08\/marcelo-periale.png\",\"articleSection\":[\"Opini\u00f3n\"],\"inLanguage\":\"es-AR\"},{\"@type\":\"WebPage\",\"@id\":\"https:\/\/apuntesdesanluis.com\/index.php\/2024\/08\/06\/pido-que-se-democratice-el-pj-y-se-observen-los-nuevos-liderazgos\/\",\"url\":\"https:\/\/apuntesdesanluis.com\/index.php\/2024\/08\/06\/pido-que-se-democratice-el-pj-y-se-observen-los-nuevos-liderazgos\/\",\"name\":\"\u201cPIDO QUE SE DEMOCRATICE EL PJ Y SE OBSERVEN LOS NUEVOS LIDERAZGOS\u201d - Apuntes de San Luis\",\"isPartOf\":{\"@id\":\"https:\/\/apuntesdesanluis.com\/#website\"},\"primaryImageOfPage\":{\"@id\":\"https:\/\/apuntesdesanluis.com\/index.php\/2024\/08\/06\/pido-que-se-democratice-el-pj-y-se-observen-los-nuevos-liderazgos\/#primaryimage\"},\"image\":{\"@id\":\"https:\/\/apuntesdesanluis.com\/index.php\/2024\/08\/06\/pido-que-se-democratice-el-pj-y-se-observen-los-nuevos-liderazgos\/#primaryimage\"},\"thumbnailUrl\":\"https:\/\/apuntesdesanluis.com\/wp-content\/uploads\/2024\/08\/marcelo-periale.png\",\"datePublished\":\"2024-08-06T16:24:38+00:00\",\"dateModified\":\"2024-08-06T16:29:25+00:00\",\"breadcrumb\":{\"@id\":\"https:\/\/apuntesdesanluis.com\/index.php\/2024\/08\/06\/pido-que-se-democratice-el-pj-y-se-observen-los-nuevos-liderazgos\/#breadcrumb\"},\"inLanguage\":\"es-AR\",\"potentialAction\":[{\"@type\":\"ReadAction\",\"target\":[\"https:\/\/apuntesdesanluis.com\/index.php\/2024\/08\/06\/pido-que-se-democratice-el-pj-y-se-observen-los-nuevos-liderazgos\/\"]}]},{\"@type\":\"ImageObject\",\"inLanguage\":\"es-AR\",\"@id\":\"https:\/\/apuntesdesanluis.com\/index.php\/2024\/08\/06\/pido-que-se-democratice-el-pj-y-se-observen-los-nuevos-liderazgos\/#primaryimage\",\"url\":\"https:\/\/apuntesdesanluis.com\/wp-content\/uploads\/2024\/08\/marcelo-periale.png\",\"contentUrl\":\"https:\/\/apuntesdesanluis.com\/wp-content\/uploads\/2024\/08\/marcelo-periale.png\",\"width\":700,\"height\":415},{\"@type\":\"BreadcrumbList\",\"@id\":\"https:\/\/apuntesdesanluis.com\/index.php\/2024\/08\/06\/pido-que-se-democratice-el-pj-y-se-observen-los-nuevos-liderazgos\/#breadcrumb\",\"itemListElement\":[{\"@type\":\"ListItem\",\"position\":1,\"name\":\"Inicio\",\"item\":\"https:\/\/apuntesdesanluis.com\/\"},{\"@type\":\"ListItem\",\"position\":2,\"name\":\"\u201cPIDO QUE SE DEMOCRATICE EL PJ Y SE OBSERVEN LOS NUEVOS LIDERAZGOS\u201d\"}]},{\"@type\":\"WebSite\",\"@id\":\"https:\/\/apuntesdesanluis.com\/#website\",\"url\":\"https:\/\/apuntesdesanluis.com\/\",\"name\":\"Apuntes de San Luis\",\"description\":\"\",\"publisher\":{\"@id\":\"https:\/\/apuntesdesanluis.com\/#\/schema\/person\/b55151d52296fcce64d1a72538a70b90\"},\"potentialAction\":[{\"@type\":\"SearchAction\",\"target\":{\"@type\":\"EntryPoint\",\"urlTemplate\":\"https:\/\/apuntesdesanluis.com\/?s={search_term_string}\"},\"query-input\":{\"@type\":\"PropertyValueSpecification\",\"valueRequired\":true,\"valueName\":\"search_term_string\"}}],\"inLanguage\":\"es-AR\"},{\"@type\":[\"Person\",\"Organization\"],\"@id\":\"https:\/\/apuntesdesanluis.com\/#\/schema\/person\/b55151d52296fcce64d1a72538a70b90\",\"name\":\"apuntesdesanluis.com\",\"image\":{\"@type\":\"ImageObject\",\"inLanguage\":\"es-AR\",\"@id\":\"https:\/\/apuntesdesanluis.com\/#\/schema\/person\/image\/\",\"url\":\"https:\/\/apuntesdesanluis.com\/wp-content\/uploads\/2023\/07\/cropped-apuntesdesanluis.png\",\"contentUrl\":\"https:\/\/apuntesdesanluis.com\/wp-content\/uploads\/2023\/07\/cropped-apuntesdesanluis.png\",\"width\":450,\"height\":112,\"caption\":\"apuntesdesanluis.com\"},\"logo\":{\"@id\":\"https:\/\/apuntesdesanluis.com\/#\/schema\/person\/image\/\"},\"sameAs\":[\"https:\/\/apuntesdesanluis.com\"],\"url\":\"https:\/\/apuntesdesanluis.com\/index.php\/author\/apuntesdesanluis-com\/\"}]}<\/script>\n<!-- \/ Yoast SEO plugin. -->","yoast_head_json":{"title":"\u201cPIDO QUE SE DEMOCRATICE EL PJ Y SE OBSERVEN LOS NUEVOS LIDERAZGOS\u201d - Apuntes de San Luis","robots":{"index":"index","follow":"follow","max-snippet":"max-snippet:-1","max-image-preview":"max-image-preview:large","max-video-preview":"max-video-preview:-1"},"canonical":"https:\/\/apuntesdesanluis.com\/index.php\/2024\/08\/06\/pido-que-se-democratice-el-pj-y-se-observen-los-nuevos-liderazgos\/","og_locale":"es_ES","og_type":"article","og_title":"\u201cPIDO QUE SE DEMOCRATICE EL PJ Y SE OBSERVEN LOS NUEVOS LIDERAZGOS\u201d - Apuntes de San Luis","og_description":"Ese fue el t\u00edtulo que formul\u00f3 Marcelo Periale, ex concejal justicialista y secretario General del...","og_url":"https:\/\/apuntesdesanluis.com\/index.php\/2024\/08\/06\/pido-que-se-democratice-el-pj-y-se-observen-los-nuevos-liderazgos\/","og_site_name":"Apuntes de San Luis","article_published_time":"2024-08-06T16:24:38+00:00","article_modified_time":"2024-08-06T16:29:25+00:00","og_image":[{"width":700,"height":415,"url":"https:\/\/apuntesdesanluis.com\/wp-content\/uploads\/2024\/08\/marcelo-periale.png","type":"image\/png"}],"author":"apuntesdesanluis.com","twitter_card":"summary_large_image","twitter_misc":{"Escrito por":"apuntesdesanluis.com","Tiempo de lectura":"3 minutos"},"schema":{"@context":"https:\/\/schema.org","@graph":[{"@type":"Article","@id":"https:\/\/apuntesdesanluis.com\/index.php\/2024\/08\/06\/pido-que-se-democratice-el-pj-y-se-observen-los-nuevos-liderazgos\/#article","isPartOf":{"@id":"https:\/\/apuntesdesanluis.com\/index.php\/2024\/08\/06\/pido-que-se-democratice-el-pj-y-se-observen-los-nuevos-liderazgos\/"},"author":{"name":"apuntesdesanluis.com","@id":"https:\/\/apuntesdesanluis.com\/#\/schema\/person\/b55151d52296fcce64d1a72538a70b90"},"headline":"\u201cPIDO QUE SE DEMOCRATICE EL PJ Y SE OBSERVEN LOS NUEVOS LIDERAZGOS\u201d","datePublished":"2024-08-06T16:24:38+00:00","dateModified":"2024-08-06T16:29:25+00:00","mainEntityOfPage":{"@id":"https:\/\/apuntesdesanluis.com\/index.php\/2024\/08\/06\/pido-que-se-democratice-el-pj-y-se-observen-los-nuevos-liderazgos\/"},"wordCount":474,"publisher":{"@id":"https:\/\/apuntesdesanluis.com\/#\/schema\/person\/b55151d52296fcce64d1a72538a70b90"},"image":{"@id":"https:\/\/apuntesdesanluis.com\/index.php\/2024\/08\/06\/pido-que-se-democratice-el-pj-y-se-observen-los-nuevos-liderazgos\/#primaryimage"},"thumbnailUrl":"https:\/\/apuntesdesanluis.com\/wp-content\/uploads\/2024\/08\/marcelo-periale.png","articleSection":["Opini\u00f3n"],"inLanguage":"es-AR"},{"@type":"WebPage","@id":"https:\/\/apuntesdesanluis.com\/index.php\/2024\/08\/06\/pido-que-se-democratice-el-pj-y-se-observen-los-nuevos-liderazgos\/","url":"https:\/\/apuntesdesanluis.com\/index.php\/2024\/08\/06\/pido-que-se-democratice-el-pj-y-se-observen-los-nuevos-liderazgos\/","name":"\u201cPIDO QUE SE DEMOCRATICE EL PJ Y SE OBSERVEN LOS NUEVOS LIDERAZGOS\u201d - Apuntes de San Luis","isPartOf":{"@id":"https:\/\/apuntesdesanluis.com\/#website"},"primaryImageOfPage":{"@id":"https:\/\/apuntesdesanluis.com\/index.php\/2024\/08\/06\/pido-que-se-democratice-el-pj-y-se-observen-los-nuevos-liderazgos\/#primaryimage"},"image":{"@id":"https:\/\/apuntesdesanluis.com\/index.php\/2024\/08\/06\/pido-que-se-democratice-el-pj-y-se-observen-los-nuevos-liderazgos\/#primaryimage"},"thumbnailUrl":"https:\/\/apuntesdesanluis.com\/wp-content\/uploads\/2024\/08\/marcelo-periale.png","datePublished":"2024-08-06T16:24:38+00:00","dateModified":"2024-08-06T16:29:25+00:00","breadcrumb":{"@id":"https:\/\/apuntesdesanluis.com\/index.php\/2024\/08\/06\/pido-que-se-democratice-el-pj-y-se-observen-los-nuevos-liderazgos\/#breadcrumb"},"inLanguage":"es-AR","potentialAction":[{"@type":"ReadAction","target":["https:\/\/apuntesdesanluis.com\/index.php\/2024\/08\/06\/pido-que-se-democratice-el-pj-y-se-observen-los-nuevos-liderazgos\/"]}]},{"@type":"ImageObject","inLanguage":"es-AR","@id":"https:\/\/apuntesdesanluis.com\/index.php\/2024\/08\/06\/pido-que-se-democratice-el-pj-y-se-observen-los-nuevos-liderazgos\/#primaryimage","url":"https:\/\/apuntesdesanluis.com\/wp-content\/uploads\/2024\/08\/marcelo-periale.png","contentUrl":"https:\/\/apuntesdesanluis.com\/wp-content\/uploads\/2024\/08\/marcelo-periale.png","width":700,"height":415},{"@type":"BreadcrumbList","@id":"https:\/\/apuntesdesanluis.com\/index.php\/2024\/08\/06\/pido-que-se-democratice-el-pj-y-se-observen-los-nuevos-liderazgos\/#breadcrumb","itemListElement":[{"@type":"ListItem","position":1,"name":"Inicio","item":"https:\/\/apuntesdesanluis.com\/"},{"@type":"ListItem","position":2,"name":"\u201cPIDO QUE SE DEMOCRATICE EL PJ Y SE OBSERVEN LOS NUEVOS LIDERAZGOS\u201d"}]},{"@type":"WebSite","@id":"https:\/\/apuntesdesanluis.com\/#website","url":"https:\/\/apuntesdesanluis.com\/","name":"Apuntes de San Luis","description":"","publisher":{"@id":"https:\/\/apuntesdesanluis.com\/#\/schema\/person\/b55151d52296fcce64d1a72538a70b90"},"potentialAction":[{"@type":"SearchAction","target":{"@type":"EntryPoint","urlTemplate":"https:\/\/apuntesdesanluis.com\/?s={search_term_string}"},"query-input":{"@type":"PropertyValueSpecification","valueRequired":true,"valueName":"search_term_string"}}],"inLanguage":"es-AR"},{"@type":["Person","Organization"],"@id":"https:\/\/apuntesdesanluis.com\/#\/schema\/person\/b55151d52296fcce64d1a72538a70b90","name":"apuntesdesanluis.com","image":{"@type":"ImageObject","inLanguage":"es-AR","@id":"https:\/\/apuntesdesanluis.com\/#\/schema\/person\/image\/","url":"https:\/\/apuntesdesanluis.com\/wp-content\/uploads\/2023\/07\/cropped-apuntesdesanluis.png","contentUrl":"https:\/\/apuntesdesanluis.com\/wp-content\/uploads\/2023\/07\/cropped-apuntesdesanluis.png","width":450,"height":112,"caption":"apuntesdesanluis.com"},"logo":{"@id":"https:\/\/apuntesdesanluis.com\/#\/schema\/person\/image\/"},"sameAs":["https:\/\/apuntesdesanluis.com"],"url":"https:\/\/apuntesdesanluis.com\/index.php\/author\/apuntesdesanluis-com\/"}]}},"featured_image_urls":{"full":["https:\/\/apuntesdesanluis.com\/wp-content\/uploads\/2024\/08\/marcelo-periale.png",700,415,false],"thumbnail":["https:\/\/apuntesdesanluis.com\/wp-content\/uploads\/2024\/08\/marcelo-periale-150x150.png",150,150,true],"medium":["https:\/\/apuntesdesanluis.com\/wp-content\/uploads\/2024\/08\/marcelo-periale-300x178.png",300,178,true],"medium_large":["https:\/\/apuntesdesanluis.com\/wp-content\/uploads\/2024\/08\/marcelo-periale.png",640,379,false],"large":["https:\/\/apuntesdesanluis.com\/wp-content\/uploads\/2024\/08\/marcelo-periale.png",640,379,false],"1536x1536":["https:\/\/apuntesdesanluis.com\/wp-content\/uploads\/2024\/08\/marcelo-periale.png",700,415,false],"2048x2048":["https:\/\/apuntesdesanluis.com\/wp-content\/uploads\/2024\/08\/marcelo-periale.png",700,415,false],"newsever-slider-full":["https:\/\/apuntesdesanluis.com\/wp-content\/uploads\/2024\/08\/marcelo-periale.png",700,415,false],"newsever-featured":["https:\/\/apuntesdesanluis.com\/wp-content\/uploads\/2024\/08\/marcelo-periale.png",700,415,false],"newsever-medium":["https:\/\/apuntesdesanluis.com\/wp-content\/uploads\/2024\/08\/marcelo-periale.png",700,415,false]},"author_info":{"display_name":"apuntesdesanluis.com","author_link":"https:\/\/apuntesdesanluis.com\/index.php\/author\/apuntesdesanluis-com\/"},"category_info":"<a href=\"https:\/\/apuntesdesanluis.com\/index.php\/category\/opinion\/\" rel=\"category tag\">Opini\u00f3n<\/a>","tag_info":"Opini\u00f3n","comment_count":"0","_links":{"self":[{"href":"https:\/\/apuntesdesanluis.com\/index.php\/wp-json\/wp\/v2\/posts\/20409","targetHints":{"allow":["GET"]}}],"collection":[{"href":"https:\/\/apuntesdesanluis.com\/index.php\/wp-json\/wp\/v2\/posts"}],"about":[{"href":"https:\/\/apuntesdesanluis.com\/index.php\/wp-json\/wp\/v2\/types\/post"}],"author":[{"embeddable":true,"href":"https:\/\/apuntesdesanluis.com\/index.php\/wp-json\/wp\/v2\/users\/1"}],"replies":[{"embeddable":true,"href":"https:\/\/apuntesdesanluis.com\/index.php\/wp-json\/wp\/v2\/comments?post=20409"}],"version-history":[{"count":3,"href":"https:\/\/apuntesdesanluis.com\/index.php\/wp-json\/wp\/v2\/posts\/20409\/revisions"}],"predecessor-version":[{"id":20413,"href":"https:\/\/apuntesdesanluis.com\/index.php\/wp-json\/wp\/v2\/posts\/20409\/revisions\/20413"}],"wp:featuredmedia":[{"embeddable":true,"href":"https:\/\/apuntesdesanluis.com\/index.php\/wp-json\/wp\/v2\/media\/20410"}],"wp:attachment":[{"href":"https:\/\/apuntesdesanluis.com\/index.php\/wp-json\/wp\/v2\/media?parent=20409"}],"wp:term":[{"taxonomy":"category","embeddable":true,"href":"https:\/\/apuntesdesanluis.com\/index.php\/wp-json\/wp\/v2\/categories?post=20409"},{"taxonomy":"post_tag","embeddable":true,"href":"https:\/\/apuntesdesanluis.com\/index.php\/wp-json\/wp\/v2\/tags?post=20409"}],"curies":[{"name":"wp","href":"https:\/\/api.w.org\/{rel}","templated":true}]}}