{"id":20414,"date":"2024-08-06T19:18:42","date_gmt":"2024-08-06T22:18:42","guid":{"rendered":"https:\/\/apuntesdesanluis.com\/?p=20414"},"modified":"2024-08-06T19:25:21","modified_gmt":"2024-08-06T22:25:21","slug":"condenaron-a-prision-perpetua-a-solalinde-por-el-homicidio-de-johana-galdeano","status":"publish","type":"post","link":"https:\/\/apuntesdesanluis.com\/index.php\/2024\/08\/06\/condenaron-a-prision-perpetua-a-solalinde-por-el-homicidio-de-johana-galdeano\/","title":{"rendered":"CONDENARON A PRISI\u00d3N PERPETUA A SOLALINDE POR EL HOMICIDIO DE JOHANA GALDEANO"},"content":{"rendered":"<h3>As\u00ed lo resolvi\u00f3 el tribunal que conden\u00f3 a <strong>Juan Carlos Solalinde<\/strong>, el ex Secretario General de la Uni\u00f3n Obrera de la Construcci\u00f3n (UOCRA), quien deber\u00e1 cumplir la pena en el Servicio Penitenciario Provincial.<\/h3>\n<h3>Este martes, el tribunal integrado por la Dra. Daniela Estrada y los Dres. Mauro D\u00b4Agata Henr\u00edquez\u00a0 y Sebasti\u00e1n Cadelago Filippi emiti\u00f3 este martes el veredicto de responsabilidad y pena, en la causa donde se juzg\u00f3 a Juan Carlos Solalinde por la muerte de<strong> Johana Galdeano<\/strong>.<\/h3>\n<p><img fetchpriority=\"high\" decoding=\"async\" class=\"wp-image-20417 aligncenter\" src=\"https:\/\/apuntesdesanluis.com\/wp-content\/uploads\/2024\/08\/jucio-a-solalinde-300x188.png\" alt=\"\" width=\"597\" height=\"374\" srcset=\"https:\/\/apuntesdesanluis.com\/wp-content\/uploads\/2024\/08\/jucio-a-solalinde-300x188.png 300w, https:\/\/apuntesdesanluis.com\/wp-content\/uploads\/2024\/08\/jucio-a-solalinde.png 689w\" sizes=\"(max-width: 597px) 100vw, 597px\" \/><\/p>\n<h3>Los Jueces declararon a Solalinde autor penalmente responsable del delito de homicidio doblemente calificado por haber mantenido una relaci\u00f3n de pareja y por violencia de g\u00e9nero, en los t\u00e9rminos de los Arts. 80 Incisos 1 y 11 y Art. 45 del C\u00f3digo Penal Argentino y lo condenaron a la pena de prisi\u00f3n perpetua, a cumplir en el Servicio Penitenciario Provincial-.<\/h3>\n<h3>A la hora de resolver, los Jueces tuvieron en cuenta como atenuantes la falta de antecedentes penales del acusado y como agravante, la extensi\u00f3n del da\u00f1o causado.<\/h3>\n<p><img decoding=\"async\" class=\"wp-image-20420 aligncenter\" src=\"https:\/\/apuntesdesanluis.com\/wp-content\/uploads\/2024\/08\/johana-galdeano-300x201.png\" alt=\"\" width=\"584\" height=\"391\" srcset=\"https:\/\/apuntesdesanluis.com\/wp-content\/uploads\/2024\/08\/johana-galdeano-300x201.png 300w, https:\/\/apuntesdesanluis.com\/wp-content\/uploads\/2024\/08\/johana-galdeano-768x515.png 768w, https:\/\/apuntesdesanluis.com\/wp-content\/uploads\/2024\/08\/johana-galdeano.png 807w\" sizes=\"(max-width: 584px) 100vw, 584px\" \/><\/p>\n<h3><strong>DOLOR DE MADRE<\/strong><\/h3>\n<h3>Despu\u00e9s de tres a\u00f1os, la madre de la v\u00edctima tendr\u00e1 algo de paz. <strong>Gladys Soria<\/strong> escuch\u00f3 contenida la lectura del veredicto que conden\u00f3 a Juan Carlos Solalinde, y luego explot\u00f3 en llanto y se abraz\u00f3 a las personas que la acompa\u00f1aban.<\/h3>\n<h3>\u201cLo \u00fanico que ped\u00eda es que se hiciera justicia por Johana\u201d, expres\u00f3.\u00a0 Dijo que en los \u00faltimos d\u00edas los transit\u00f3 \u201cmuy mal\u201d por las cosas que tuvo que escuchar.<\/h3>\n<h3>\u201cSegu\u00edan hablando mal de mi hija, eso me dol\u00eda, ayer me trataron de mentirosa. Yo no ment\u00ed, y escuch\u00e9 cuando ella le dijo a \u00e9l \u2018\u00bfme est\u00e1s amenazando?\u2019 Despu\u00e9s sali\u00f3 y no la vi nunca m\u00e1s. A ellos lo \u00fanico que les importaba era mostrar c\u00f3mo lo trataba ella, sin embargo para \u00e9l Johana era una puta y atorranta\u201d, dijo.<\/h3>\n<h3>\u201cQue la gente no crea lo que dijeron, porque ella no era as\u00ed como la pintaron. Cualquier persona a la que insulten y maltraten, va a reaccionar as\u00ed. Y lo que dec\u00edan me daba mucha bronca\u201d, agreg\u00f3.<\/h3>\n<p>&nbsp;<\/p>\n<p><iframe title=\"Juan Carlos Solalinde fue condenado a prisi\u00f3n perpetua por el femicidio de Johana Galdeano\" width=\"640\" height=\"360\" src=\"https:\/\/www.youtube.com\/embed\/Gb1JzWsXhFo?start=20&#038;feature=oembed\" frameborder=\"0\" allow=\"accelerometer; autoplay; clipboard-write; encrypted-media; gyroscope; picture-in-picture; web-share\" referrerpolicy=\"strict-origin-when-cross-origin\" allowfullscreen><\/iframe><\/p>\n<h3>&#8220;La abogada querellante, Mikaela Eguinoa, indic\u00f3 tras la lectura del veredicto que &#8220;significa la m\u00e1xima condena prevista en el C\u00f3digo Penal, y estimamos que por el resto de su vida va a estar en la c\u00e1rcel. No tiene ning\u00fan beneficio&#8221;. Se calcula que estar\u00e1 tras las rejas entre 35 y 40 a\u00f1os.<\/h3>\n<h3>El hecho por el que se juzg\u00f3 a Solalinde\u00a0 \u2013 \u00fanico acusado en la causa \u2013 ocurri\u00f3 el 26 de mayo del 2021. El cuerpo de la v\u00edctima fue encontrado en el domicilio en el que viv\u00eda el acusado. La joven, quien hab\u00eda tenido una relaci\u00f3n de pareja con Solalinde, recibi\u00f3 cinco impactos de bala que le provocaron la muerte.<\/h3>\n<p>&nbsp;<\/p>\n<p>&nbsp;<\/p>\n<p>&nbsp;<\/p>\n<p>&nbsp;<\/p>\n<p>&nbsp;<\/p>\n<p>&nbsp;<\/p>\n<p>&nbsp;<\/p>\n","protected":false},"excerpt":{"rendered":"<p>As\u00ed lo resolvi\u00f3 el tribunal que conden\u00f3 a Juan Carlos Solalinde, el ex Secretario General&#8230;<\/p>\n","protected":false},"author":1,"featured_media":20416,"comment_status":"closed","ping_status":"closed","sticky":false,"template":"","format":"standard","meta":{"footnotes":""},"categories":[6],"tags":[],"class_list":["post-20414","post","type-post","status-publish","format-standard","has-post-thumbnail","hentry","category-ciudad-provincia"],"yoast_head":"<!-- This site is optimized with the Yoast SEO plugin v26.1.1 - https:\/\/yoast.com\/wordpress\/plugins\/seo\/ -->\n<title>CONDENARON A PRISI\u00d3N PERPETUA A SOLALINDE POR EL HOMICIDIO DE JOHANA GALDEANO - Apuntes de San Luis<\/title>\n<meta name=\"robots\" content=\"index, follow, max-snippet:-1, max-image-preview:large, max-video-preview:-1\" \/>\n<link rel=\"canonical\" href=\"https:\/\/apuntesdesanluis.com\/index.php\/2024\/08\/06\/condenaron-a-prision-perpetua-a-solalinde-por-el-homicidio-de-johana-galdeano\/\" \/>\n<meta property=\"og:locale\" content=\"es_ES\" \/>\n<meta property=\"og:type\" content=\"article\" \/>\n<meta property=\"og:title\" content=\"CONDENARON A PRISI\u00d3N PERPETUA A SOLALINDE POR EL HOMICIDIO DE JOHANA GALDEANO - Apuntes de San Luis\" \/>\n<meta property=\"og:description\" content=\"As\u00ed lo resolvi\u00f3 el tribunal que conden\u00f3 a Juan Carlos Solalinde, el ex Secretario General...\" \/>\n<meta property=\"og:url\" content=\"https:\/\/apuntesdesanluis.com\/index.php\/2024\/08\/06\/condenaron-a-prision-perpetua-a-solalinde-por-el-homicidio-de-johana-galdeano\/\" \/>\n<meta property=\"og:site_name\" content=\"Apuntes de San Luis\" \/>\n<meta property=\"article:published_time\" content=\"2024-08-06T22:18:42+00:00\" \/>\n<meta property=\"article:modified_time\" content=\"2024-08-06T22:25:21+00:00\" \/>\n<meta property=\"og:image\" content=\"https:\/\/apuntesdesanluis.com\/wp-content\/uploads\/2024\/08\/solalinde.png\" \/>\n\t<meta property=\"og:image:width\" content=\"463\" \/>\n\t<meta property=\"og:image:height\" content=\"316\" \/>\n\t<meta property=\"og:image:type\" content=\"image\/png\" \/>\n<meta name=\"author\" content=\"apuntesdesanluis.com\" \/>\n<meta name=\"twitter:card\" content=\"summary_large_image\" \/>\n<meta name=\"twitter:label1\" content=\"Escrito por\" \/>\n\t<meta name=\"twitter:data1\" content=\"apuntesdesanluis.com\" \/>\n\t<meta name=\"twitter:label2\" content=\"Tiempo de lectura\" \/>\n\t<meta name=\"twitter:data2\" content=\"3 minutos\" \/>\n<script type=\"application\/ld+json\" class=\"yoast-schema-graph\">{\"@context\":\"https:\/\/schema.org\",\"@graph\":[{\"@type\":\"Article\",\"@id\":\"https:\/\/apuntesdesanluis.com\/index.php\/2024\/08\/06\/condenaron-a-prision-perpetua-a-solalinde-por-el-homicidio-de-johana-galdeano\/#article\",\"isPartOf\":{\"@id\":\"https:\/\/apuntesdesanluis.com\/index.php\/2024\/08\/06\/condenaron-a-prision-perpetua-a-solalinde-por-el-homicidio-de-johana-galdeano\/\"},\"author\":{\"name\":\"apuntesdesanluis.com\",\"@id\":\"https:\/\/apuntesdesanluis.com\/#\/schema\/person\/b55151d52296fcce64d1a72538a70b90\"},\"headline\":\"CONDENARON A PRISI\u00d3N PERPETUA A SOLALINDE POR EL HOMICIDIO DE JOHANA GALDEANO\",\"datePublished\":\"2024-08-06T22:18:42+00:00\",\"dateModified\":\"2024-08-06T22:25:21+00:00\",\"mainEntityOfPage\":{\"@id\":\"https:\/\/apuntesdesanluis.com\/index.php\/2024\/08\/06\/condenaron-a-prision-perpetua-a-solalinde-por-el-homicidio-de-johana-galdeano\/\"},\"wordCount\":500,\"publisher\":{\"@id\":\"https:\/\/apuntesdesanluis.com\/#\/schema\/person\/b55151d52296fcce64d1a72538a70b90\"},\"image\":{\"@id\":\"https:\/\/apuntesdesanluis.com\/index.php\/2024\/08\/06\/condenaron-a-prision-perpetua-a-solalinde-por-el-homicidio-de-johana-galdeano\/#primaryimage\"},\"thumbnailUrl\":\"https:\/\/apuntesdesanluis.com\/wp-content\/uploads\/2024\/08\/solalinde.png\",\"articleSection\":[\"Ciudad\/Provincia\"],\"inLanguage\":\"es-AR\"},{\"@type\":\"WebPage\",\"@id\":\"https:\/\/apuntesdesanluis.com\/index.php\/2024\/08\/06\/condenaron-a-prision-perpetua-a-solalinde-por-el-homicidio-de-johana-galdeano\/\",\"url\":\"https:\/\/apuntesdesanluis.com\/index.php\/2024\/08\/06\/condenaron-a-prision-perpetua-a-solalinde-por-el-homicidio-de-johana-galdeano\/\",\"name\":\"CONDENARON A PRISI\u00d3N PERPETUA A SOLALINDE POR EL HOMICIDIO DE JOHANA GALDEANO - Apuntes de San Luis\",\"isPartOf\":{\"@id\":\"https:\/\/apuntesdesanluis.com\/#website\"},\"primaryImageOfPage\":{\"@id\":\"https:\/\/apuntesdesanluis.com\/index.php\/2024\/08\/06\/condenaron-a-prision-perpetua-a-solalinde-por-el-homicidio-de-johana-galdeano\/#primaryimage\"},\"image\":{\"@id\":\"https:\/\/apuntesdesanluis.com\/index.php\/2024\/08\/06\/condenaron-a-prision-perpetua-a-solalinde-por-el-homicidio-de-johana-galdeano\/#primaryimage\"},\"thumbnailUrl\":\"https:\/\/apuntesdesanluis.com\/wp-content\/uploads\/2024\/08\/solalinde.png\",\"datePublished\":\"2024-08-06T22:18:42+00:00\",\"dateModified\":\"2024-08-06T22:25:21+00:00\",\"breadcrumb\":{\"@id\":\"https:\/\/apuntesdesanluis.com\/index.php\/2024\/08\/06\/condenaron-a-prision-perpetua-a-solalinde-por-el-homicidio-de-johana-galdeano\/#breadcrumb\"},\"inLanguage\":\"es-AR\",\"potentialAction\":[{\"@type\":\"ReadAction\",\"target\":[\"https:\/\/apuntesdesanluis.com\/index.php\/2024\/08\/06\/condenaron-a-prision-perpetua-a-solalinde-por-el-homicidio-de-johana-galdeano\/\"]}]},{\"@type\":\"ImageObject\",\"inLanguage\":\"es-AR\",\"@id\":\"https:\/\/apuntesdesanluis.com\/index.php\/2024\/08\/06\/condenaron-a-prision-perpetua-a-solalinde-por-el-homicidio-de-johana-galdeano\/#primaryimage\",\"url\":\"https:\/\/apuntesdesanluis.com\/wp-content\/uploads\/2024\/08\/solalinde.png\",\"contentUrl\":\"https:\/\/apuntesdesanluis.com\/wp-content\/uploads\/2024\/08\/solalinde.png\",\"width\":463,\"height\":316},{\"@type\":\"BreadcrumbList\",\"@id\":\"https:\/\/apuntesdesanluis.com\/index.php\/2024\/08\/06\/condenaron-a-prision-perpetua-a-solalinde-por-el-homicidio-de-johana-galdeano\/#breadcrumb\",\"itemListElement\":[{\"@type\":\"ListItem\",\"position\":1,\"name\":\"Inicio\",\"item\":\"https:\/\/apuntesdesanluis.com\/\"},{\"@type\":\"ListItem\",\"position\":2,\"name\":\"CONDENARON A PRISI\u00d3N PERPETUA A SOLALINDE POR EL HOMICIDIO DE JOHANA GALDEANO\"}]},{\"@type\":\"WebSite\",\"@id\":\"https:\/\/apuntesdesanluis.com\/#website\",\"url\":\"https:\/\/apuntesdesanluis.com\/\",\"name\":\"Apuntes de San Luis\",\"description\":\"\",\"publisher\":{\"@id\":\"https:\/\/apuntesdesanluis.com\/#\/schema\/person\/b55151d52296fcce64d1a72538a70b90\"},\"potentialAction\":[{\"@type\":\"SearchAction\",\"target\":{\"@type\":\"EntryPoint\",\"urlTemplate\":\"https:\/\/apuntesdesanluis.com\/?s={search_term_string}\"},\"query-input\":{\"@type\":\"PropertyValueSpecification\",\"valueRequired\":true,\"valueName\":\"search_term_string\"}}],\"inLanguage\":\"es-AR\"},{\"@type\":[\"Person\",\"Organization\"],\"@id\":\"https:\/\/apuntesdesanluis.com\/#\/schema\/person\/b55151d52296fcce64d1a72538a70b90\",\"name\":\"apuntesdesanluis.com\",\"image\":{\"@type\":\"ImageObject\",\"inLanguage\":\"es-AR\",\"@id\":\"https:\/\/apuntesdesanluis.com\/#\/schema\/person\/image\/\",\"url\":\"https:\/\/apuntesdesanluis.com\/wp-content\/uploads\/2023\/07\/cropped-apuntesdesanluis.png\",\"contentUrl\":\"https:\/\/apuntesdesanluis.com\/wp-content\/uploads\/2023\/07\/cropped-apuntesdesanluis.png\",\"width\":450,\"height\":112,\"caption\":\"apuntesdesanluis.com\"},\"logo\":{\"@id\":\"https:\/\/apuntesdesanluis.com\/#\/schema\/person\/image\/\"},\"sameAs\":[\"https:\/\/apuntesdesanluis.com\"],\"url\":\"https:\/\/apuntesdesanluis.com\/index.php\/author\/apuntesdesanluis-com\/\"}]}<\/script>\n<!-- \/ Yoast SEO plugin. -->","yoast_head_json":{"title":"CONDENARON A PRISI\u00d3N PERPETUA A SOLALINDE POR EL HOMICIDIO DE JOHANA GALDEANO - Apuntes de San Luis","robots":{"index":"index","follow":"follow","max-snippet":"max-snippet:-1","max-image-preview":"max-image-preview:large","max-video-preview":"max-video-preview:-1"},"canonical":"https:\/\/apuntesdesanluis.com\/index.php\/2024\/08\/06\/condenaron-a-prision-perpetua-a-solalinde-por-el-homicidio-de-johana-galdeano\/","og_locale":"es_ES","og_type":"article","og_title":"CONDENARON A PRISI\u00d3N PERPETUA A SOLALINDE POR EL HOMICIDIO DE JOHANA GALDEANO - Apuntes de San Luis","og_description":"As\u00ed lo resolvi\u00f3 el tribunal que conden\u00f3 a Juan Carlos Solalinde, el ex Secretario General...","og_url":"https:\/\/apuntesdesanluis.com\/index.php\/2024\/08\/06\/condenaron-a-prision-perpetua-a-solalinde-por-el-homicidio-de-johana-galdeano\/","og_site_name":"Apuntes de San Luis","article_published_time":"2024-08-06T22:18:42+00:00","article_modified_time":"2024-08-06T22:25:21+00:00","og_image":[{"width":463,"height":316,"url":"https:\/\/apuntesdesanluis.com\/wp-content\/uploads\/2024\/08\/solalinde.png","type":"image\/png"}],"author":"apuntesdesanluis.com","twitter_card":"summary_large_image","twitter_misc":{"Escrito por":"apuntesdesanluis.com","Tiempo de lectura":"3 minutos"},"schema":{"@context":"https:\/\/schema.org","@graph":[{"@type":"Article","@id":"https:\/\/apuntesdesanluis.com\/index.php\/2024\/08\/06\/condenaron-a-prision-perpetua-a-solalinde-por-el-homicidio-de-johana-galdeano\/#article","isPartOf":{"@id":"https:\/\/apuntesdesanluis.com\/index.php\/2024\/08\/06\/condenaron-a-prision-perpetua-a-solalinde-por-el-homicidio-de-johana-galdeano\/"},"author":{"name":"apuntesdesanluis.com","@id":"https:\/\/apuntesdesanluis.com\/#\/schema\/person\/b55151d52296fcce64d1a72538a70b90"},"headline":"CONDENARON A PRISI\u00d3N PERPETUA A SOLALINDE POR EL HOMICIDIO DE JOHANA GALDEANO","datePublished":"2024-08-06T22:18:42+00:00","dateModified":"2024-08-06T22:25:21+00:00","mainEntityOfPage":{"@id":"https:\/\/apuntesdesanluis.com\/index.php\/2024\/08\/06\/condenaron-a-prision-perpetua-a-solalinde-por-el-homicidio-de-johana-galdeano\/"},"wordCount":500,"publisher":{"@id":"https:\/\/apuntesdesanluis.com\/#\/schema\/person\/b55151d52296fcce64d1a72538a70b90"},"image":{"@id":"https:\/\/apuntesdesanluis.com\/index.php\/2024\/08\/06\/condenaron-a-prision-perpetua-a-solalinde-por-el-homicidio-de-johana-galdeano\/#primaryimage"},"thumbnailUrl":"https:\/\/apuntesdesanluis.com\/wp-content\/uploads\/2024\/08\/solalinde.png","articleSection":["Ciudad\/Provincia"],"inLanguage":"es-AR"},{"@type":"WebPage","@id":"https:\/\/apuntesdesanluis.com\/index.php\/2024\/08\/06\/condenaron-a-prision-perpetua-a-solalinde-por-el-homicidio-de-johana-galdeano\/","url":"https:\/\/apuntesdesanluis.com\/index.php\/2024\/08\/06\/condenaron-a-prision-perpetua-a-solalinde-por-el-homicidio-de-johana-galdeano\/","name":"CONDENARON A PRISI\u00d3N PERPETUA A SOLALINDE POR EL HOMICIDIO DE JOHANA GALDEANO - Apuntes de San Luis","isPartOf":{"@id":"https:\/\/apuntesdesanluis.com\/#website"},"primaryImageOfPage":{"@id":"https:\/\/apuntesdesanluis.com\/index.php\/2024\/08\/06\/condenaron-a-prision-perpetua-a-solalinde-por-el-homicidio-de-johana-galdeano\/#primaryimage"},"image":{"@id":"https:\/\/apuntesdesanluis.com\/index.php\/2024\/08\/06\/condenaron-a-prision-perpetua-a-solalinde-por-el-homicidio-de-johana-galdeano\/#primaryimage"},"thumbnailUrl":"https:\/\/apuntesdesanluis.com\/wp-content\/uploads\/2024\/08\/solalinde.png","datePublished":"2024-08-06T22:18:42+00:00","dateModified":"2024-08-06T22:25:21+00:00","breadcrumb":{"@id":"https:\/\/apuntesdesanluis.com\/index.php\/2024\/08\/06\/condenaron-a-prision-perpetua-a-solalinde-por-el-homicidio-de-johana-galdeano\/#breadcrumb"},"inLanguage":"es-AR","potentialAction":[{"@type":"ReadAction","target":["https:\/\/apuntesdesanluis.com\/index.php\/2024\/08\/06\/condenaron-a-prision-perpetua-a-solalinde-por-el-homicidio-de-johana-galdeano\/"]}]},{"@type":"ImageObject","inLanguage":"es-AR","@id":"https:\/\/apuntesdesanluis.com\/index.php\/2024\/08\/06\/condenaron-a-prision-perpetua-a-solalinde-por-el-homicidio-de-johana-galdeano\/#primaryimage","url":"https:\/\/apuntesdesanluis.com\/wp-content\/uploads\/2024\/08\/solalinde.png","contentUrl":"https:\/\/apuntesdesanluis.com\/wp-content\/uploads\/2024\/08\/solalinde.png","width":463,"height":316},{"@type":"BreadcrumbList","@id":"https:\/\/apuntesdesanluis.com\/index.php\/2024\/08\/06\/condenaron-a-prision-perpetua-a-solalinde-por-el-homicidio-de-johana-galdeano\/#breadcrumb","itemListElement":[{"@type":"ListItem","position":1,"name":"Inicio","item":"https:\/\/apuntesdesanluis.com\/"},{"@type":"ListItem","position":2,"name":"CONDENARON A PRISI\u00d3N PERPETUA A SOLALINDE POR EL HOMICIDIO DE JOHANA GALDEANO"}]},{"@type":"WebSite","@id":"https:\/\/apuntesdesanluis.com\/#website","url":"https:\/\/apuntesdesanluis.com\/","name":"Apuntes de San Luis","description":"","publisher":{"@id":"https:\/\/apuntesdesanluis.com\/#\/schema\/person\/b55151d52296fcce64d1a72538a70b90"},"potentialAction":[{"@type":"SearchAction","target":{"@type":"EntryPoint","urlTemplate":"https:\/\/apuntesdesanluis.com\/?s={search_term_string}"},"query-input":{"@type":"PropertyValueSpecification","valueRequired":true,"valueName":"search_term_string"}}],"inLanguage":"es-AR"},{"@type":["Person","Organization"],"@id":"https:\/\/apuntesdesanluis.com\/#\/schema\/person\/b55151d52296fcce64d1a72538a70b90","name":"apuntesdesanluis.com","image":{"@type":"ImageObject","inLanguage":"es-AR","@id":"https:\/\/apuntesdesanluis.com\/#\/schema\/person\/image\/","url":"https:\/\/apuntesdesanluis.com\/wp-content\/uploads\/2023\/07\/cropped-apuntesdesanluis.png","contentUrl":"https:\/\/apuntesdesanluis.com\/wp-content\/uploads\/2023\/07\/cropped-apuntesdesanluis.png","width":450,"height":112,"caption":"apuntesdesanluis.com"},"logo":{"@id":"https:\/\/apuntesdesanluis.com\/#\/schema\/person\/image\/"},"sameAs":["https:\/\/apuntesdesanluis.com"],"url":"https:\/\/apuntesdesanluis.com\/index.php\/author\/apuntesdesanluis-com\/"}]}},"featured_image_urls":{"full":["https:\/\/apuntesdesanluis.com\/wp-content\/uploads\/2024\/08\/solalinde.png",463,316,false],"thumbnail":["https:\/\/apuntesdesanluis.com\/wp-content\/uploads\/2024\/08\/solalinde-150x150.png",150,150,true],"medium":["https:\/\/apuntesdesanluis.com\/wp-content\/uploads\/2024\/08\/solalinde-300x205.png",300,205,true],"medium_large":["https:\/\/apuntesdesanluis.com\/wp-content\/uploads\/2024\/08\/solalinde.png",463,316,false],"large":["https:\/\/apuntesdesanluis.com\/wp-content\/uploads\/2024\/08\/solalinde.png",463,316,false],"1536x1536":["https:\/\/apuntesdesanluis.com\/wp-content\/uploads\/2024\/08\/solalinde.png",463,316,false],"2048x2048":["https:\/\/apuntesdesanluis.com\/wp-content\/uploads\/2024\/08\/solalinde.png",463,316,false],"newsever-slider-full":["https:\/\/apuntesdesanluis.com\/wp-content\/uploads\/2024\/08\/solalinde.png",463,316,false],"newsever-featured":["https:\/\/apuntesdesanluis.com\/wp-content\/uploads\/2024\/08\/solalinde.png",463,316,false],"newsever-medium":["https:\/\/apuntesdesanluis.com\/wp-content\/uploads\/2024\/08\/solalinde.png",463,316,false]},"author_info":{"display_name":"apuntesdesanluis.com","author_link":"https:\/\/apuntesdesanluis.com\/index.php\/author\/apuntesdesanluis-com\/"},"category_info":"<a href=\"https:\/\/apuntesdesanluis.com\/index.php\/category\/ciudad-provincia\/\" rel=\"category tag\">Ciudad\/Provincia<\/a>","tag_info":"Ciudad\/Provincia","comment_count":"0","_links":{"self":[{"href":"https:\/\/apuntesdesanluis.com\/index.php\/wp-json\/wp\/v2\/posts\/20414","targetHints":{"allow":["GET"]}}],"collection":[{"href":"https:\/\/apuntesdesanluis.com\/index.php\/wp-json\/wp\/v2\/posts"}],"about":[{"href":"https:\/\/apuntesdesanluis.com\/index.php\/wp-json\/wp\/v2\/types\/post"}],"author":[{"embeddable":true,"href":"https:\/\/apuntesdesanluis.com\/index.php\/wp-json\/wp\/v2\/users\/1"}],"replies":[{"embeddable":true,"href":"https:\/\/apuntesdesanluis.com\/index.php\/wp-json\/wp\/v2\/comments?post=20414"}],"version-history":[{"count":4,"href":"https:\/\/apuntesdesanluis.com\/index.php\/wp-json\/wp\/v2\/posts\/20414\/revisions"}],"predecessor-version":[{"id":20421,"href":"https:\/\/apuntesdesanluis.com\/index.php\/wp-json\/wp\/v2\/posts\/20414\/revisions\/20421"}],"wp:featuredmedia":[{"embeddable":true,"href":"https:\/\/apuntesdesanluis.com\/index.php\/wp-json\/wp\/v2\/media\/20416"}],"wp:attachment":[{"href":"https:\/\/apuntesdesanluis.com\/index.php\/wp-json\/wp\/v2\/media?parent=20414"}],"wp:term":[{"taxonomy":"category","embeddable":true,"href":"https:\/\/apuntesdesanluis.com\/index.php\/wp-json\/wp\/v2\/categories?post=20414"},{"taxonomy":"post_tag","embeddable":true,"href":"https:\/\/apuntesdesanluis.com\/index.php\/wp-json\/wp\/v2\/tags?post=20414"}],"curies":[{"name":"wp","href":"https:\/\/api.w.org\/{rel}","templated":true}]}}