{"id":20440,"date":"2024-08-06T20:46:38","date_gmt":"2024-08-06T23:46:38","guid":{"rendered":"https:\/\/apuntesdesanluis.com\/?p=20440"},"modified":"2024-08-06T20:47:02","modified_gmt":"2024-08-06T23:47:02","slug":"el-sociologo-tato-iglesias-brindara-una-mirada-critica-de-la-realidad-en-la-fcejs","status":"publish","type":"post","link":"https:\/\/apuntesdesanluis.com\/index.php\/2024\/08\/06\/el-sociologo-tato-iglesias-brindara-una-mirada-critica-de-la-realidad-en-la-fcejs\/","title":{"rendered":"EL SOCI\u00d3LOGO \u201cTATO\u201d IGLESIAS BRINDAR\u00c1 \u201cUNA MIRADA CR\u00cdTICA DE LA REALIDAD\u201d, EN LA FCEJS"},"content":{"rendered":"<h3><strong>Roberto \u201cTato\u201d Iglesias<\/strong> visitar\u00e1 la Facultad de Ciencias Econ\u00f3micas, Jur\u00eddicas y Sociales (FCEJS-UNSL) para compartir la charla <strong>\u201cUna mirada cr\u00edtica de la realidad\u201d.<\/strong> El objetivo de la charla ser\u00e1 brindar un an\u00e1lisis de la realidad, abordando procesos hist\u00f3ricos, pol\u00edticos y culturales desde la perspectiva de la educaci\u00f3n popular.<\/h3>\n<h3>Esta actividad hibrida tendr\u00e1 lugar el jueves 15 de agosto a las 16 horas en el Aula Dante Bodo. Aquellos que deseen asistir, deben inscribirse previamente en el siguiente formulario:<\/h3>\n<h3><a href=\"https:\/\/docs.google.com\/forms\/d\/e\/1FAIpQLScH5DjxJZu460Q0rdfGRW_uc7s4lYC1rqLalE-S8YFRSUnfpQ\/viewform\" target=\"_blank\" rel=\"noopener\"><span style=\"color: #3366ff;\"><strong>PREINSCRIPCIONES<\/strong><\/span><\/a><\/h3>\n<h3>La charla es organizada por la Secretar\u00eda de Extensi\u00f3n Universitaria y el equipo docente de la asignatura Educaci\u00f3n y Trabajo Social de la Licenciatura en Trabajo Social. Est\u00e1 destinada a estudiantes, docentes, nodocentes, integrantes de organizaciones sociales y p\u00fablico interesado en la tem\u00e1tica.<\/h3>\n<p><img fetchpriority=\"high\" decoding=\"async\" class=\"wp-image-20442 aligncenter\" src=\"https:\/\/apuntesdesanluis.com\/wp-content\/uploads\/2024\/08\/roberto-tato-iglesias-300x181.png\" alt=\"\" width=\"703\" height=\"424\" srcset=\"https:\/\/apuntesdesanluis.com\/wp-content\/uploads\/2024\/08\/roberto-tato-iglesias-300x181.png 300w, https:\/\/apuntesdesanluis.com\/wp-content\/uploads\/2024\/08\/roberto-tato-iglesias.png 585w\" sizes=\"(max-width: 703px) 100vw, 703px\" \/><\/p>\n<h3><strong>Roberto \u201cTato\u201d Iglesias<\/strong>, es soci\u00f3logo y fue profesor titular de la UNSL. Se desempe\u00f1\u00f3 diferentes cargos docentes en el nivel medio, grado y posgrado universitario, exceptuando el per\u00edodo de la \u00faltima dictadura militar, en que fue cesanteado.<\/h3>\n<h3>Es uno de los mentores de la \u201cUniversidad Trashumante\u201d, espacio de reflexi\u00f3n, formaci\u00f3n y acci\u00f3n que desde hace ya m\u00e1s de 20 a\u00f1os viene promoviendo y desarrollando procesos de educaci\u00f3n popular en el pa\u00eds, en la b\u00fasqueda de lo que sus integrantes denominan \u201cel otro pa\u00eds\u201d.<\/h3>\n<p>&nbsp;<\/p>\n<p>&nbsp;<\/p>\n<p>&nbsp;<\/p>\n<p>&nbsp;<\/p>\n<p>&nbsp;<\/p>\n<p>&nbsp;<\/p>\n<p>&nbsp;<\/p>\n<p>&nbsp;<\/p>\n<p>&nbsp;<\/p>\n","protected":false},"excerpt":{"rendered":"<p>Roberto \u201cTato\u201d Iglesias visitar\u00e1 la Facultad de Ciencias Econ\u00f3micas, Jur\u00eddicas y Sociales (FCEJS-UNSL) para compartir&#8230;<\/p>\n","protected":false},"author":1,"featured_media":20441,"comment_status":"closed","ping_status":"closed","sticky":false,"template":"","format":"standard","meta":{"footnotes":""},"categories":[6],"tags":[],"class_list":["post-20440","post","type-post","status-publish","format-standard","has-post-thumbnail","hentry","category-ciudad-provincia"],"yoast_head":"<!-- This site is optimized with the Yoast SEO plugin v26.1.1 - https:\/\/yoast.com\/wordpress\/plugins\/seo\/ -->\n<title>EL SOCI\u00d3LOGO \u201cTATO\u201d IGLESIAS BRINDAR\u00c1 \u201cUNA MIRADA CR\u00cdTICA DE LA REALIDAD\u201d, EN LA FCEJS - Apuntes de San Luis<\/title>\n<meta name=\"robots\" content=\"index, follow, max-snippet:-1, max-image-preview:large, max-video-preview:-1\" \/>\n<link rel=\"canonical\" href=\"https:\/\/apuntesdesanluis.com\/index.php\/2024\/08\/06\/el-sociologo-tato-iglesias-brindara-una-mirada-critica-de-la-realidad-en-la-fcejs\/\" \/>\n<meta property=\"og:locale\" content=\"es_ES\" \/>\n<meta property=\"og:type\" content=\"article\" \/>\n<meta property=\"og:title\" content=\"EL SOCI\u00d3LOGO \u201cTATO\u201d IGLESIAS BRINDAR\u00c1 \u201cUNA MIRADA CR\u00cdTICA DE LA REALIDAD\u201d, EN LA FCEJS - Apuntes de San Luis\" \/>\n<meta property=\"og:description\" content=\"Roberto \u201cTato\u201d Iglesias visitar\u00e1 la Facultad de Ciencias Econ\u00f3micas, Jur\u00eddicas y Sociales (FCEJS-UNSL) para compartir...\" \/>\n<meta property=\"og:url\" content=\"https:\/\/apuntesdesanluis.com\/index.php\/2024\/08\/06\/el-sociologo-tato-iglesias-brindara-una-mirada-critica-de-la-realidad-en-la-fcejs\/\" \/>\n<meta property=\"og:site_name\" content=\"Apuntes de San Luis\" \/>\n<meta property=\"article:published_time\" content=\"2024-08-06T23:46:38+00:00\" \/>\n<meta property=\"article:modified_time\" content=\"2024-08-06T23:47:02+00:00\" \/>\n<meta property=\"og:image\" content=\"https:\/\/apuntesdesanluis.com\/wp-content\/uploads\/2024\/08\/fcejs.png\" \/>\n\t<meta property=\"og:image:width\" content=\"700\" \/>\n\t<meta property=\"og:image:height\" content=\"437\" \/>\n\t<meta property=\"og:image:type\" content=\"image\/png\" \/>\n<meta name=\"author\" content=\"apuntesdesanluis.com\" \/>\n<meta name=\"twitter:card\" content=\"summary_large_image\" \/>\n<meta name=\"twitter:label1\" content=\"Escrito por\" \/>\n\t<meta name=\"twitter:data1\" content=\"apuntesdesanluis.com\" \/>\n\t<meta name=\"twitter:label2\" content=\"Tiempo de lectura\" \/>\n\t<meta name=\"twitter:data2\" content=\"2 minutos\" \/>\n<script type=\"application\/ld+json\" class=\"yoast-schema-graph\">{\"@context\":\"https:\/\/schema.org\",\"@graph\":[{\"@type\":\"Article\",\"@id\":\"https:\/\/apuntesdesanluis.com\/index.php\/2024\/08\/06\/el-sociologo-tato-iglesias-brindara-una-mirada-critica-de-la-realidad-en-la-fcejs\/#article\",\"isPartOf\":{\"@id\":\"https:\/\/apuntesdesanluis.com\/index.php\/2024\/08\/06\/el-sociologo-tato-iglesias-brindara-una-mirada-critica-de-la-realidad-en-la-fcejs\/\"},\"author\":{\"name\":\"apuntesdesanluis.com\",\"@id\":\"https:\/\/apuntesdesanluis.com\/#\/schema\/person\/b55151d52296fcce64d1a72538a70b90\"},\"headline\":\"EL SOCI\u00d3LOGO \u201cTATO\u201d IGLESIAS BRINDAR\u00c1 \u201cUNA MIRADA CR\u00cdTICA DE LA REALIDAD\u201d, EN LA FCEJS\",\"datePublished\":\"2024-08-06T23:46:38+00:00\",\"dateModified\":\"2024-08-06T23:47:02+00:00\",\"mainEntityOfPage\":{\"@id\":\"https:\/\/apuntesdesanluis.com\/index.php\/2024\/08\/06\/el-sociologo-tato-iglesias-brindara-una-mirada-critica-de-la-realidad-en-la-fcejs\/\"},\"wordCount\":250,\"publisher\":{\"@id\":\"https:\/\/apuntesdesanluis.com\/#\/schema\/person\/b55151d52296fcce64d1a72538a70b90\"},\"image\":{\"@id\":\"https:\/\/apuntesdesanluis.com\/index.php\/2024\/08\/06\/el-sociologo-tato-iglesias-brindara-una-mirada-critica-de-la-realidad-en-la-fcejs\/#primaryimage\"},\"thumbnailUrl\":\"https:\/\/apuntesdesanluis.com\/wp-content\/uploads\/2024\/08\/fcejs.png\",\"articleSection\":[\"Ciudad\/Provincia\"],\"inLanguage\":\"es-AR\"},{\"@type\":\"WebPage\",\"@id\":\"https:\/\/apuntesdesanluis.com\/index.php\/2024\/08\/06\/el-sociologo-tato-iglesias-brindara-una-mirada-critica-de-la-realidad-en-la-fcejs\/\",\"url\":\"https:\/\/apuntesdesanluis.com\/index.php\/2024\/08\/06\/el-sociologo-tato-iglesias-brindara-una-mirada-critica-de-la-realidad-en-la-fcejs\/\",\"name\":\"EL SOCI\u00d3LOGO \u201cTATO\u201d IGLESIAS BRINDAR\u00c1 \u201cUNA MIRADA CR\u00cdTICA DE LA REALIDAD\u201d, EN LA FCEJS - Apuntes de San Luis\",\"isPartOf\":{\"@id\":\"https:\/\/apuntesdesanluis.com\/#website\"},\"primaryImageOfPage\":{\"@id\":\"https:\/\/apuntesdesanluis.com\/index.php\/2024\/08\/06\/el-sociologo-tato-iglesias-brindara-una-mirada-critica-de-la-realidad-en-la-fcejs\/#primaryimage\"},\"image\":{\"@id\":\"https:\/\/apuntesdesanluis.com\/index.php\/2024\/08\/06\/el-sociologo-tato-iglesias-brindara-una-mirada-critica-de-la-realidad-en-la-fcejs\/#primaryimage\"},\"thumbnailUrl\":\"https:\/\/apuntesdesanluis.com\/wp-content\/uploads\/2024\/08\/fcejs.png\",\"datePublished\":\"2024-08-06T23:46:38+00:00\",\"dateModified\":\"2024-08-06T23:47:02+00:00\",\"breadcrumb\":{\"@id\":\"https:\/\/apuntesdesanluis.com\/index.php\/2024\/08\/06\/el-sociologo-tato-iglesias-brindara-una-mirada-critica-de-la-realidad-en-la-fcejs\/#breadcrumb\"},\"inLanguage\":\"es-AR\",\"potentialAction\":[{\"@type\":\"ReadAction\",\"target\":[\"https:\/\/apuntesdesanluis.com\/index.php\/2024\/08\/06\/el-sociologo-tato-iglesias-brindara-una-mirada-critica-de-la-realidad-en-la-fcejs\/\"]}]},{\"@type\":\"ImageObject\",\"inLanguage\":\"es-AR\",\"@id\":\"https:\/\/apuntesdesanluis.com\/index.php\/2024\/08\/06\/el-sociologo-tato-iglesias-brindara-una-mirada-critica-de-la-realidad-en-la-fcejs\/#primaryimage\",\"url\":\"https:\/\/apuntesdesanluis.com\/wp-content\/uploads\/2024\/08\/fcejs.png\",\"contentUrl\":\"https:\/\/apuntesdesanluis.com\/wp-content\/uploads\/2024\/08\/fcejs.png\",\"width\":700,\"height\":437},{\"@type\":\"BreadcrumbList\",\"@id\":\"https:\/\/apuntesdesanluis.com\/index.php\/2024\/08\/06\/el-sociologo-tato-iglesias-brindara-una-mirada-critica-de-la-realidad-en-la-fcejs\/#breadcrumb\",\"itemListElement\":[{\"@type\":\"ListItem\",\"position\":1,\"name\":\"Inicio\",\"item\":\"https:\/\/apuntesdesanluis.com\/\"},{\"@type\":\"ListItem\",\"position\":2,\"name\":\"EL SOCI\u00d3LOGO \u201cTATO\u201d IGLESIAS BRINDAR\u00c1 \u201cUNA MIRADA CR\u00cdTICA DE LA REALIDAD\u201d, EN LA FCEJS\"}]},{\"@type\":\"WebSite\",\"@id\":\"https:\/\/apuntesdesanluis.com\/#website\",\"url\":\"https:\/\/apuntesdesanluis.com\/\",\"name\":\"Apuntes de San Luis\",\"description\":\"\",\"publisher\":{\"@id\":\"https:\/\/apuntesdesanluis.com\/#\/schema\/person\/b55151d52296fcce64d1a72538a70b90\"},\"potentialAction\":[{\"@type\":\"SearchAction\",\"target\":{\"@type\":\"EntryPoint\",\"urlTemplate\":\"https:\/\/apuntesdesanluis.com\/?s={search_term_string}\"},\"query-input\":{\"@type\":\"PropertyValueSpecification\",\"valueRequired\":true,\"valueName\":\"search_term_string\"}}],\"inLanguage\":\"es-AR\"},{\"@type\":[\"Person\",\"Organization\"],\"@id\":\"https:\/\/apuntesdesanluis.com\/#\/schema\/person\/b55151d52296fcce64d1a72538a70b90\",\"name\":\"apuntesdesanluis.com\",\"image\":{\"@type\":\"ImageObject\",\"inLanguage\":\"es-AR\",\"@id\":\"https:\/\/apuntesdesanluis.com\/#\/schema\/person\/image\/\",\"url\":\"https:\/\/apuntesdesanluis.com\/wp-content\/uploads\/2023\/07\/cropped-apuntesdesanluis.png\",\"contentUrl\":\"https:\/\/apuntesdesanluis.com\/wp-content\/uploads\/2023\/07\/cropped-apuntesdesanluis.png\",\"width\":450,\"height\":112,\"caption\":\"apuntesdesanluis.com\"},\"logo\":{\"@id\":\"https:\/\/apuntesdesanluis.com\/#\/schema\/person\/image\/\"},\"sameAs\":[\"https:\/\/apuntesdesanluis.com\"],\"url\":\"https:\/\/apuntesdesanluis.com\/index.php\/author\/apuntesdesanluis-com\/\"}]}<\/script>\n<!-- \/ Yoast SEO plugin. -->","yoast_head_json":{"title":"EL SOCI\u00d3LOGO \u201cTATO\u201d IGLESIAS BRINDAR\u00c1 \u201cUNA MIRADA CR\u00cdTICA DE LA REALIDAD\u201d, EN LA FCEJS - Apuntes de San Luis","robots":{"index":"index","follow":"follow","max-snippet":"max-snippet:-1","max-image-preview":"max-image-preview:large","max-video-preview":"max-video-preview:-1"},"canonical":"https:\/\/apuntesdesanluis.com\/index.php\/2024\/08\/06\/el-sociologo-tato-iglesias-brindara-una-mirada-critica-de-la-realidad-en-la-fcejs\/","og_locale":"es_ES","og_type":"article","og_title":"EL SOCI\u00d3LOGO \u201cTATO\u201d IGLESIAS BRINDAR\u00c1 \u201cUNA MIRADA CR\u00cdTICA DE LA REALIDAD\u201d, EN LA FCEJS - Apuntes de San Luis","og_description":"Roberto \u201cTato\u201d Iglesias visitar\u00e1 la Facultad de Ciencias Econ\u00f3micas, Jur\u00eddicas y Sociales (FCEJS-UNSL) para compartir...","og_url":"https:\/\/apuntesdesanluis.com\/index.php\/2024\/08\/06\/el-sociologo-tato-iglesias-brindara-una-mirada-critica-de-la-realidad-en-la-fcejs\/","og_site_name":"Apuntes de San Luis","article_published_time":"2024-08-06T23:46:38+00:00","article_modified_time":"2024-08-06T23:47:02+00:00","og_image":[{"width":700,"height":437,"url":"https:\/\/apuntesdesanluis.com\/wp-content\/uploads\/2024\/08\/fcejs.png","type":"image\/png"}],"author":"apuntesdesanluis.com","twitter_card":"summary_large_image","twitter_misc":{"Escrito por":"apuntesdesanluis.com","Tiempo de lectura":"2 minutos"},"schema":{"@context":"https:\/\/schema.org","@graph":[{"@type":"Article","@id":"https:\/\/apuntesdesanluis.com\/index.php\/2024\/08\/06\/el-sociologo-tato-iglesias-brindara-una-mirada-critica-de-la-realidad-en-la-fcejs\/#article","isPartOf":{"@id":"https:\/\/apuntesdesanluis.com\/index.php\/2024\/08\/06\/el-sociologo-tato-iglesias-brindara-una-mirada-critica-de-la-realidad-en-la-fcejs\/"},"author":{"name":"apuntesdesanluis.com","@id":"https:\/\/apuntesdesanluis.com\/#\/schema\/person\/b55151d52296fcce64d1a72538a70b90"},"headline":"EL SOCI\u00d3LOGO \u201cTATO\u201d IGLESIAS BRINDAR\u00c1 \u201cUNA MIRADA CR\u00cdTICA DE LA REALIDAD\u201d, EN LA FCEJS","datePublished":"2024-08-06T23:46:38+00:00","dateModified":"2024-08-06T23:47:02+00:00","mainEntityOfPage":{"@id":"https:\/\/apuntesdesanluis.com\/index.php\/2024\/08\/06\/el-sociologo-tato-iglesias-brindara-una-mirada-critica-de-la-realidad-en-la-fcejs\/"},"wordCount":250,"publisher":{"@id":"https:\/\/apuntesdesanluis.com\/#\/schema\/person\/b55151d52296fcce64d1a72538a70b90"},"image":{"@id":"https:\/\/apuntesdesanluis.com\/index.php\/2024\/08\/06\/el-sociologo-tato-iglesias-brindara-una-mirada-critica-de-la-realidad-en-la-fcejs\/#primaryimage"},"thumbnailUrl":"https:\/\/apuntesdesanluis.com\/wp-content\/uploads\/2024\/08\/fcejs.png","articleSection":["Ciudad\/Provincia"],"inLanguage":"es-AR"},{"@type":"WebPage","@id":"https:\/\/apuntesdesanluis.com\/index.php\/2024\/08\/06\/el-sociologo-tato-iglesias-brindara-una-mirada-critica-de-la-realidad-en-la-fcejs\/","url":"https:\/\/apuntesdesanluis.com\/index.php\/2024\/08\/06\/el-sociologo-tato-iglesias-brindara-una-mirada-critica-de-la-realidad-en-la-fcejs\/","name":"EL SOCI\u00d3LOGO \u201cTATO\u201d IGLESIAS BRINDAR\u00c1 \u201cUNA MIRADA CR\u00cdTICA DE LA REALIDAD\u201d, EN LA FCEJS - Apuntes de San Luis","isPartOf":{"@id":"https:\/\/apuntesdesanluis.com\/#website"},"primaryImageOfPage":{"@id":"https:\/\/apuntesdesanluis.com\/index.php\/2024\/08\/06\/el-sociologo-tato-iglesias-brindara-una-mirada-critica-de-la-realidad-en-la-fcejs\/#primaryimage"},"image":{"@id":"https:\/\/apuntesdesanluis.com\/index.php\/2024\/08\/06\/el-sociologo-tato-iglesias-brindara-una-mirada-critica-de-la-realidad-en-la-fcejs\/#primaryimage"},"thumbnailUrl":"https:\/\/apuntesdesanluis.com\/wp-content\/uploads\/2024\/08\/fcejs.png","datePublished":"2024-08-06T23:46:38+00:00","dateModified":"2024-08-06T23:47:02+00:00","breadcrumb":{"@id":"https:\/\/apuntesdesanluis.com\/index.php\/2024\/08\/06\/el-sociologo-tato-iglesias-brindara-una-mirada-critica-de-la-realidad-en-la-fcejs\/#breadcrumb"},"inLanguage":"es-AR","potentialAction":[{"@type":"ReadAction","target":["https:\/\/apuntesdesanluis.com\/index.php\/2024\/08\/06\/el-sociologo-tato-iglesias-brindara-una-mirada-critica-de-la-realidad-en-la-fcejs\/"]}]},{"@type":"ImageObject","inLanguage":"es-AR","@id":"https:\/\/apuntesdesanluis.com\/index.php\/2024\/08\/06\/el-sociologo-tato-iglesias-brindara-una-mirada-critica-de-la-realidad-en-la-fcejs\/#primaryimage","url":"https:\/\/apuntesdesanluis.com\/wp-content\/uploads\/2024\/08\/fcejs.png","contentUrl":"https:\/\/apuntesdesanluis.com\/wp-content\/uploads\/2024\/08\/fcejs.png","width":700,"height":437},{"@type":"BreadcrumbList","@id":"https:\/\/apuntesdesanluis.com\/index.php\/2024\/08\/06\/el-sociologo-tato-iglesias-brindara-una-mirada-critica-de-la-realidad-en-la-fcejs\/#breadcrumb","itemListElement":[{"@type":"ListItem","position":1,"name":"Inicio","item":"https:\/\/apuntesdesanluis.com\/"},{"@type":"ListItem","position":2,"name":"EL SOCI\u00d3LOGO \u201cTATO\u201d IGLESIAS BRINDAR\u00c1 \u201cUNA MIRADA CR\u00cdTICA DE LA REALIDAD\u201d, EN LA FCEJS"}]},{"@type":"WebSite","@id":"https:\/\/apuntesdesanluis.com\/#website","url":"https:\/\/apuntesdesanluis.com\/","name":"Apuntes de San Luis","description":"","publisher":{"@id":"https:\/\/apuntesdesanluis.com\/#\/schema\/person\/b55151d52296fcce64d1a72538a70b90"},"potentialAction":[{"@type":"SearchAction","target":{"@type":"EntryPoint","urlTemplate":"https:\/\/apuntesdesanluis.com\/?s={search_term_string}"},"query-input":{"@type":"PropertyValueSpecification","valueRequired":true,"valueName":"search_term_string"}}],"inLanguage":"es-AR"},{"@type":["Person","Organization"],"@id":"https:\/\/apuntesdesanluis.com\/#\/schema\/person\/b55151d52296fcce64d1a72538a70b90","name":"apuntesdesanluis.com","image":{"@type":"ImageObject","inLanguage":"es-AR","@id":"https:\/\/apuntesdesanluis.com\/#\/schema\/person\/image\/","url":"https:\/\/apuntesdesanluis.com\/wp-content\/uploads\/2023\/07\/cropped-apuntesdesanluis.png","contentUrl":"https:\/\/apuntesdesanluis.com\/wp-content\/uploads\/2023\/07\/cropped-apuntesdesanluis.png","width":450,"height":112,"caption":"apuntesdesanluis.com"},"logo":{"@id":"https:\/\/apuntesdesanluis.com\/#\/schema\/person\/image\/"},"sameAs":["https:\/\/apuntesdesanluis.com"],"url":"https:\/\/apuntesdesanluis.com\/index.php\/author\/apuntesdesanluis-com\/"}]}},"featured_image_urls":{"full":["https:\/\/apuntesdesanluis.com\/wp-content\/uploads\/2024\/08\/fcejs.png",700,437,false],"thumbnail":["https:\/\/apuntesdesanluis.com\/wp-content\/uploads\/2024\/08\/fcejs-150x150.png",150,150,true],"medium":["https:\/\/apuntesdesanluis.com\/wp-content\/uploads\/2024\/08\/fcejs-300x187.png",300,187,true],"medium_large":["https:\/\/apuntesdesanluis.com\/wp-content\/uploads\/2024\/08\/fcejs.png",640,400,false],"large":["https:\/\/apuntesdesanluis.com\/wp-content\/uploads\/2024\/08\/fcejs.png",640,400,false],"1536x1536":["https:\/\/apuntesdesanluis.com\/wp-content\/uploads\/2024\/08\/fcejs.png",700,437,false],"2048x2048":["https:\/\/apuntesdesanluis.com\/wp-content\/uploads\/2024\/08\/fcejs.png",700,437,false],"newsever-slider-full":["https:\/\/apuntesdesanluis.com\/wp-content\/uploads\/2024\/08\/fcejs.png",700,437,false],"newsever-featured":["https:\/\/apuntesdesanluis.com\/wp-content\/uploads\/2024\/08\/fcejs.png",700,437,false],"newsever-medium":["https:\/\/apuntesdesanluis.com\/wp-content\/uploads\/2024\/08\/fcejs.png",700,437,false]},"author_info":{"display_name":"apuntesdesanluis.com","author_link":"https:\/\/apuntesdesanluis.com\/index.php\/author\/apuntesdesanluis-com\/"},"category_info":"<a href=\"https:\/\/apuntesdesanluis.com\/index.php\/category\/ciudad-provincia\/\" rel=\"category tag\">Ciudad\/Provincia<\/a>","tag_info":"Ciudad\/Provincia","comment_count":"0","_links":{"self":[{"href":"https:\/\/apuntesdesanluis.com\/index.php\/wp-json\/wp\/v2\/posts\/20440","targetHints":{"allow":["GET"]}}],"collection":[{"href":"https:\/\/apuntesdesanluis.com\/index.php\/wp-json\/wp\/v2\/posts"}],"about":[{"href":"https:\/\/apuntesdesanluis.com\/index.php\/wp-json\/wp\/v2\/types\/post"}],"author":[{"embeddable":true,"href":"https:\/\/apuntesdesanluis.com\/index.php\/wp-json\/wp\/v2\/users\/1"}],"replies":[{"embeddable":true,"href":"https:\/\/apuntesdesanluis.com\/index.php\/wp-json\/wp\/v2\/comments?post=20440"}],"version-history":[{"count":2,"href":"https:\/\/apuntesdesanluis.com\/index.php\/wp-json\/wp\/v2\/posts\/20440\/revisions"}],"predecessor-version":[{"id":20444,"href":"https:\/\/apuntesdesanluis.com\/index.php\/wp-json\/wp\/v2\/posts\/20440\/revisions\/20444"}],"wp:featuredmedia":[{"embeddable":true,"href":"https:\/\/apuntesdesanluis.com\/index.php\/wp-json\/wp\/v2\/media\/20441"}],"wp:attachment":[{"href":"https:\/\/apuntesdesanluis.com\/index.php\/wp-json\/wp\/v2\/media?parent=20440"}],"wp:term":[{"taxonomy":"category","embeddable":true,"href":"https:\/\/apuntesdesanluis.com\/index.php\/wp-json\/wp\/v2\/categories?post=20440"},{"taxonomy":"post_tag","embeddable":true,"href":"https:\/\/apuntesdesanluis.com\/index.php\/wp-json\/wp\/v2\/tags?post=20440"}],"curies":[{"name":"wp","href":"https:\/\/api.w.org\/{rel}","templated":true}]}}