{"id":20449,"date":"2024-08-06T21:20:34","date_gmt":"2024-08-07T00:20:34","guid":{"rendered":"https:\/\/apuntesdesanluis.com\/?p=20449"},"modified":"2024-08-06T21:20:34","modified_gmt":"2024-08-07T00:20:34","slug":"las-universidades-publicas-haran-un-paro-el-proximo-12-de-agosto-y-no-iniciaran-las-clases","status":"publish","type":"post","link":"https:\/\/apuntesdesanluis.com\/index.php\/2024\/08\/06\/las-universidades-publicas-haran-un-paro-el-proximo-12-de-agosto-y-no-iniciaran-las-clases\/","title":{"rendered":"LAS UNIVERSIDADES P\u00daBLICAS HAR\u00c1N UN PARO EL PR\u00d3XIMO 12 DE AGOSTO Y NO INICIAR\u00c1N LAS CLASES"},"content":{"rendered":"<h3>El <strong>Frente Sindical de Universidades Nacionales<\/strong> anunci\u00f3 hoy un paro de 24 horas para el pr\u00f3ximo lunes 12 de agosto como estaba pautado, y no empezar\u00e1 con normalidad el segundo cuatrimestre.<\/h3>\n<h3>Al mismo tiempo, la entidad inform\u00f3 que habr\u00e1 un cese de actividades previstas para el 20 y 21 de este mes.<\/h3>\n<h3>La medida de fuerza se realizar\u00e1 en se\u00f1al de protesta frente a la &#8220;cr\u00edtica situaci\u00f3n&#8221; de los sueldos de los docentes y no docentes, mientras que solicitaron a los rectores de las distintas facultades decretar la emergencia salarial en todas las universidades p\u00fablicas.<\/h3>\n<h3>En este sentido, pidieron a las casas de estudio que participen de un plenario del Consejo Interuniversitario Nacional (CIN), que se llevar\u00e1 a cabo en La Pampa el 30 de agosto, en el que, en caso de no recibir una respuesta, se determinar\u00e1 la fecha para otra manifestaci\u00f3n universitaria, al igual que la marcha organizada el pasado 30 de abril en distintos puntos del pa\u00eds.<\/h3>\n<p><img fetchpriority=\"high\" decoding=\"async\" class=\"wp-image-20450 aligncenter\" src=\"https:\/\/apuntesdesanluis.com\/wp-content\/uploads\/2024\/08\/frente-sindical-300x300.png\" alt=\"\" width=\"607\" height=\"607\" srcset=\"https:\/\/apuntesdesanluis.com\/wp-content\/uploads\/2024\/08\/frente-sindical-300x300.png 300w, https:\/\/apuntesdesanluis.com\/wp-content\/uploads\/2024\/08\/frente-sindical-150x150.png 150w\" sizes=\"(max-width: 607px) 100vw, 607px\" \/><\/p>\n<h3>El secretario general del sindicato,<strong> Daniel Ricci<\/strong>, afirm\u00f3: &#8220;Desde que asumi\u00f3 el presidente Javier Milei los trabajadores docentes y no docentes perdieron m\u00e1s del 50% del salario frente a la inflaci\u00f3n&#8221;.<\/h3>\n<h3>Adem\u00e1s, a\u00f1adi\u00f3 que tras una reuni\u00f3n con la ministra de Capital Humano de la Naci\u00f3n, Sandra Pettovello, hasta ahora, no obtuvieron respuesta.<\/h3>\n<p>&nbsp;<\/p>\n<p>&nbsp;<\/p>\n<p>&nbsp;<\/p>\n","protected":false},"excerpt":{"rendered":"<p>El Frente Sindical de Universidades Nacionales anunci\u00f3 hoy un paro de 24 horas para el&#8230;<\/p>\n","protected":false},"author":1,"featured_media":20451,"comment_status":"closed","ping_status":"closed","sticky":false,"template":"","format":"standard","meta":{"footnotes":""},"categories":[5],"tags":[],"class_list":["post-20449","post","type-post","status-publish","format-standard","has-post-thumbnail","hentry","category-nacionales-internacionales"],"yoast_head":"<!-- This site is optimized with the Yoast SEO plugin v26.1.1 - https:\/\/yoast.com\/wordpress\/plugins\/seo\/ -->\n<title>LAS UNIVERSIDADES P\u00daBLICAS HAR\u00c1N UN PARO EL PR\u00d3XIMO 12 DE AGOSTO Y NO INICIAR\u00c1N LAS CLASES - Apuntes de San Luis<\/title>\n<meta name=\"robots\" content=\"index, follow, max-snippet:-1, max-image-preview:large, max-video-preview:-1\" \/>\n<link rel=\"canonical\" href=\"https:\/\/apuntesdesanluis.com\/index.php\/2024\/08\/06\/las-universidades-publicas-haran-un-paro-el-proximo-12-de-agosto-y-no-iniciaran-las-clases\/\" \/>\n<meta property=\"og:locale\" content=\"es_ES\" \/>\n<meta property=\"og:type\" content=\"article\" \/>\n<meta property=\"og:title\" content=\"LAS UNIVERSIDADES P\u00daBLICAS HAR\u00c1N UN PARO EL PR\u00d3XIMO 12 DE AGOSTO Y NO INICIAR\u00c1N LAS CLASES - Apuntes de San Luis\" \/>\n<meta property=\"og:description\" content=\"El Frente Sindical de Universidades Nacionales anunci\u00f3 hoy un paro de 24 horas para el...\" \/>\n<meta property=\"og:url\" content=\"https:\/\/apuntesdesanluis.com\/index.php\/2024\/08\/06\/las-universidades-publicas-haran-un-paro-el-proximo-12-de-agosto-y-no-iniciaran-las-clases\/\" \/>\n<meta property=\"og:site_name\" content=\"Apuntes de San Luis\" \/>\n<meta property=\"article:published_time\" content=\"2024-08-07T00:20:34+00:00\" \/>\n<meta property=\"og:image\" content=\"https:\/\/apuntesdesanluis.com\/wp-content\/uploads\/2024\/08\/paro-de-universidades.png\" \/>\n\t<meta property=\"og:image:width\" content=\"693\" \/>\n\t<meta property=\"og:image:height\" content=\"419\" \/>\n\t<meta property=\"og:image:type\" content=\"image\/png\" \/>\n<meta name=\"author\" content=\"apuntesdesanluis.com\" \/>\n<meta name=\"twitter:card\" content=\"summary_large_image\" \/>\n<meta name=\"twitter:label1\" content=\"Escrito por\" \/>\n\t<meta name=\"twitter:data1\" content=\"apuntesdesanluis.com\" \/>\n\t<meta name=\"twitter:label2\" content=\"Tiempo de lectura\" \/>\n\t<meta name=\"twitter:data2\" content=\"2 minutos\" \/>\n<script type=\"application\/ld+json\" class=\"yoast-schema-graph\">{\"@context\":\"https:\/\/schema.org\",\"@graph\":[{\"@type\":\"Article\",\"@id\":\"https:\/\/apuntesdesanluis.com\/index.php\/2024\/08\/06\/las-universidades-publicas-haran-un-paro-el-proximo-12-de-agosto-y-no-iniciaran-las-clases\/#article\",\"isPartOf\":{\"@id\":\"https:\/\/apuntesdesanluis.com\/index.php\/2024\/08\/06\/las-universidades-publicas-haran-un-paro-el-proximo-12-de-agosto-y-no-iniciaran-las-clases\/\"},\"author\":{\"name\":\"apuntesdesanluis.com\",\"@id\":\"https:\/\/apuntesdesanluis.com\/#\/schema\/person\/b55151d52296fcce64d1a72538a70b90\"},\"headline\":\"LAS UNIVERSIDADES P\u00daBLICAS HAR\u00c1N UN PARO EL PR\u00d3XIMO 12 DE AGOSTO Y NO INICIAR\u00c1N LAS CLASES\",\"datePublished\":\"2024-08-07T00:20:34+00:00\",\"mainEntityOfPage\":{\"@id\":\"https:\/\/apuntesdesanluis.com\/index.php\/2024\/08\/06\/las-universidades-publicas-haran-un-paro-el-proximo-12-de-agosto-y-no-iniciaran-las-clases\/\"},\"wordCount\":241,\"publisher\":{\"@id\":\"https:\/\/apuntesdesanluis.com\/#\/schema\/person\/b55151d52296fcce64d1a72538a70b90\"},\"image\":{\"@id\":\"https:\/\/apuntesdesanluis.com\/index.php\/2024\/08\/06\/las-universidades-publicas-haran-un-paro-el-proximo-12-de-agosto-y-no-iniciaran-las-clases\/#primaryimage\"},\"thumbnailUrl\":\"https:\/\/apuntesdesanluis.com\/wp-content\/uploads\/2024\/08\/paro-de-universidades.png\",\"articleSection\":[\"Nacionales\/Internacionales\"],\"inLanguage\":\"es-AR\"},{\"@type\":\"WebPage\",\"@id\":\"https:\/\/apuntesdesanluis.com\/index.php\/2024\/08\/06\/las-universidades-publicas-haran-un-paro-el-proximo-12-de-agosto-y-no-iniciaran-las-clases\/\",\"url\":\"https:\/\/apuntesdesanluis.com\/index.php\/2024\/08\/06\/las-universidades-publicas-haran-un-paro-el-proximo-12-de-agosto-y-no-iniciaran-las-clases\/\",\"name\":\"LAS UNIVERSIDADES P\u00daBLICAS HAR\u00c1N UN PARO EL PR\u00d3XIMO 12 DE AGOSTO Y NO INICIAR\u00c1N LAS CLASES - Apuntes de San Luis\",\"isPartOf\":{\"@id\":\"https:\/\/apuntesdesanluis.com\/#website\"},\"primaryImageOfPage\":{\"@id\":\"https:\/\/apuntesdesanluis.com\/index.php\/2024\/08\/06\/las-universidades-publicas-haran-un-paro-el-proximo-12-de-agosto-y-no-iniciaran-las-clases\/#primaryimage\"},\"image\":{\"@id\":\"https:\/\/apuntesdesanluis.com\/index.php\/2024\/08\/06\/las-universidades-publicas-haran-un-paro-el-proximo-12-de-agosto-y-no-iniciaran-las-clases\/#primaryimage\"},\"thumbnailUrl\":\"https:\/\/apuntesdesanluis.com\/wp-content\/uploads\/2024\/08\/paro-de-universidades.png\",\"datePublished\":\"2024-08-07T00:20:34+00:00\",\"breadcrumb\":{\"@id\":\"https:\/\/apuntesdesanluis.com\/index.php\/2024\/08\/06\/las-universidades-publicas-haran-un-paro-el-proximo-12-de-agosto-y-no-iniciaran-las-clases\/#breadcrumb\"},\"inLanguage\":\"es-AR\",\"potentialAction\":[{\"@type\":\"ReadAction\",\"target\":[\"https:\/\/apuntesdesanluis.com\/index.php\/2024\/08\/06\/las-universidades-publicas-haran-un-paro-el-proximo-12-de-agosto-y-no-iniciaran-las-clases\/\"]}]},{\"@type\":\"ImageObject\",\"inLanguage\":\"es-AR\",\"@id\":\"https:\/\/apuntesdesanluis.com\/index.php\/2024\/08\/06\/las-universidades-publicas-haran-un-paro-el-proximo-12-de-agosto-y-no-iniciaran-las-clases\/#primaryimage\",\"url\":\"https:\/\/apuntesdesanluis.com\/wp-content\/uploads\/2024\/08\/paro-de-universidades.png\",\"contentUrl\":\"https:\/\/apuntesdesanluis.com\/wp-content\/uploads\/2024\/08\/paro-de-universidades.png\",\"width\":693,\"height\":419},{\"@type\":\"BreadcrumbList\",\"@id\":\"https:\/\/apuntesdesanluis.com\/index.php\/2024\/08\/06\/las-universidades-publicas-haran-un-paro-el-proximo-12-de-agosto-y-no-iniciaran-las-clases\/#breadcrumb\",\"itemListElement\":[{\"@type\":\"ListItem\",\"position\":1,\"name\":\"Inicio\",\"item\":\"https:\/\/apuntesdesanluis.com\/\"},{\"@type\":\"ListItem\",\"position\":2,\"name\":\"LAS UNIVERSIDADES P\u00daBLICAS HAR\u00c1N UN PARO EL PR\u00d3XIMO 12 DE AGOSTO Y NO INICIAR\u00c1N LAS CLASES\"}]},{\"@type\":\"WebSite\",\"@id\":\"https:\/\/apuntesdesanluis.com\/#website\",\"url\":\"https:\/\/apuntesdesanluis.com\/\",\"name\":\"Apuntes de San Luis\",\"description\":\"\",\"publisher\":{\"@id\":\"https:\/\/apuntesdesanluis.com\/#\/schema\/person\/b55151d52296fcce64d1a72538a70b90\"},\"potentialAction\":[{\"@type\":\"SearchAction\",\"target\":{\"@type\":\"EntryPoint\",\"urlTemplate\":\"https:\/\/apuntesdesanluis.com\/?s={search_term_string}\"},\"query-input\":{\"@type\":\"PropertyValueSpecification\",\"valueRequired\":true,\"valueName\":\"search_term_string\"}}],\"inLanguage\":\"es-AR\"},{\"@type\":[\"Person\",\"Organization\"],\"@id\":\"https:\/\/apuntesdesanluis.com\/#\/schema\/person\/b55151d52296fcce64d1a72538a70b90\",\"name\":\"apuntesdesanluis.com\",\"image\":{\"@type\":\"ImageObject\",\"inLanguage\":\"es-AR\",\"@id\":\"https:\/\/apuntesdesanluis.com\/#\/schema\/person\/image\/\",\"url\":\"https:\/\/apuntesdesanluis.com\/wp-content\/uploads\/2023\/07\/cropped-apuntesdesanluis.png\",\"contentUrl\":\"https:\/\/apuntesdesanluis.com\/wp-content\/uploads\/2023\/07\/cropped-apuntesdesanluis.png\",\"width\":450,\"height\":112,\"caption\":\"apuntesdesanluis.com\"},\"logo\":{\"@id\":\"https:\/\/apuntesdesanluis.com\/#\/schema\/person\/image\/\"},\"sameAs\":[\"https:\/\/apuntesdesanluis.com\"],\"url\":\"https:\/\/apuntesdesanluis.com\/index.php\/author\/apuntesdesanluis-com\/\"}]}<\/script>\n<!-- \/ Yoast SEO plugin. -->","yoast_head_json":{"title":"LAS UNIVERSIDADES P\u00daBLICAS HAR\u00c1N UN PARO EL PR\u00d3XIMO 12 DE AGOSTO Y NO INICIAR\u00c1N LAS CLASES - Apuntes de San Luis","robots":{"index":"index","follow":"follow","max-snippet":"max-snippet:-1","max-image-preview":"max-image-preview:large","max-video-preview":"max-video-preview:-1"},"canonical":"https:\/\/apuntesdesanluis.com\/index.php\/2024\/08\/06\/las-universidades-publicas-haran-un-paro-el-proximo-12-de-agosto-y-no-iniciaran-las-clases\/","og_locale":"es_ES","og_type":"article","og_title":"LAS UNIVERSIDADES P\u00daBLICAS HAR\u00c1N UN PARO EL PR\u00d3XIMO 12 DE AGOSTO Y NO INICIAR\u00c1N LAS CLASES - Apuntes de San Luis","og_description":"El Frente Sindical de Universidades Nacionales anunci\u00f3 hoy un paro de 24 horas para el...","og_url":"https:\/\/apuntesdesanluis.com\/index.php\/2024\/08\/06\/las-universidades-publicas-haran-un-paro-el-proximo-12-de-agosto-y-no-iniciaran-las-clases\/","og_site_name":"Apuntes de San Luis","article_published_time":"2024-08-07T00:20:34+00:00","og_image":[{"width":693,"height":419,"url":"https:\/\/apuntesdesanluis.com\/wp-content\/uploads\/2024\/08\/paro-de-universidades.png","type":"image\/png"}],"author":"apuntesdesanluis.com","twitter_card":"summary_large_image","twitter_misc":{"Escrito por":"apuntesdesanluis.com","Tiempo de lectura":"2 minutos"},"schema":{"@context":"https:\/\/schema.org","@graph":[{"@type":"Article","@id":"https:\/\/apuntesdesanluis.com\/index.php\/2024\/08\/06\/las-universidades-publicas-haran-un-paro-el-proximo-12-de-agosto-y-no-iniciaran-las-clases\/#article","isPartOf":{"@id":"https:\/\/apuntesdesanluis.com\/index.php\/2024\/08\/06\/las-universidades-publicas-haran-un-paro-el-proximo-12-de-agosto-y-no-iniciaran-las-clases\/"},"author":{"name":"apuntesdesanluis.com","@id":"https:\/\/apuntesdesanluis.com\/#\/schema\/person\/b55151d52296fcce64d1a72538a70b90"},"headline":"LAS UNIVERSIDADES P\u00daBLICAS HAR\u00c1N UN PARO EL PR\u00d3XIMO 12 DE AGOSTO Y NO INICIAR\u00c1N LAS CLASES","datePublished":"2024-08-07T00:20:34+00:00","mainEntityOfPage":{"@id":"https:\/\/apuntesdesanluis.com\/index.php\/2024\/08\/06\/las-universidades-publicas-haran-un-paro-el-proximo-12-de-agosto-y-no-iniciaran-las-clases\/"},"wordCount":241,"publisher":{"@id":"https:\/\/apuntesdesanluis.com\/#\/schema\/person\/b55151d52296fcce64d1a72538a70b90"},"image":{"@id":"https:\/\/apuntesdesanluis.com\/index.php\/2024\/08\/06\/las-universidades-publicas-haran-un-paro-el-proximo-12-de-agosto-y-no-iniciaran-las-clases\/#primaryimage"},"thumbnailUrl":"https:\/\/apuntesdesanluis.com\/wp-content\/uploads\/2024\/08\/paro-de-universidades.png","articleSection":["Nacionales\/Internacionales"],"inLanguage":"es-AR"},{"@type":"WebPage","@id":"https:\/\/apuntesdesanluis.com\/index.php\/2024\/08\/06\/las-universidades-publicas-haran-un-paro-el-proximo-12-de-agosto-y-no-iniciaran-las-clases\/","url":"https:\/\/apuntesdesanluis.com\/index.php\/2024\/08\/06\/las-universidades-publicas-haran-un-paro-el-proximo-12-de-agosto-y-no-iniciaran-las-clases\/","name":"LAS UNIVERSIDADES P\u00daBLICAS HAR\u00c1N UN PARO EL PR\u00d3XIMO 12 DE AGOSTO Y NO INICIAR\u00c1N LAS CLASES - Apuntes de San Luis","isPartOf":{"@id":"https:\/\/apuntesdesanluis.com\/#website"},"primaryImageOfPage":{"@id":"https:\/\/apuntesdesanluis.com\/index.php\/2024\/08\/06\/las-universidades-publicas-haran-un-paro-el-proximo-12-de-agosto-y-no-iniciaran-las-clases\/#primaryimage"},"image":{"@id":"https:\/\/apuntesdesanluis.com\/index.php\/2024\/08\/06\/las-universidades-publicas-haran-un-paro-el-proximo-12-de-agosto-y-no-iniciaran-las-clases\/#primaryimage"},"thumbnailUrl":"https:\/\/apuntesdesanluis.com\/wp-content\/uploads\/2024\/08\/paro-de-universidades.png","datePublished":"2024-08-07T00:20:34+00:00","breadcrumb":{"@id":"https:\/\/apuntesdesanluis.com\/index.php\/2024\/08\/06\/las-universidades-publicas-haran-un-paro-el-proximo-12-de-agosto-y-no-iniciaran-las-clases\/#breadcrumb"},"inLanguage":"es-AR","potentialAction":[{"@type":"ReadAction","target":["https:\/\/apuntesdesanluis.com\/index.php\/2024\/08\/06\/las-universidades-publicas-haran-un-paro-el-proximo-12-de-agosto-y-no-iniciaran-las-clases\/"]}]},{"@type":"ImageObject","inLanguage":"es-AR","@id":"https:\/\/apuntesdesanluis.com\/index.php\/2024\/08\/06\/las-universidades-publicas-haran-un-paro-el-proximo-12-de-agosto-y-no-iniciaran-las-clases\/#primaryimage","url":"https:\/\/apuntesdesanluis.com\/wp-content\/uploads\/2024\/08\/paro-de-universidades.png","contentUrl":"https:\/\/apuntesdesanluis.com\/wp-content\/uploads\/2024\/08\/paro-de-universidades.png","width":693,"height":419},{"@type":"BreadcrumbList","@id":"https:\/\/apuntesdesanluis.com\/index.php\/2024\/08\/06\/las-universidades-publicas-haran-un-paro-el-proximo-12-de-agosto-y-no-iniciaran-las-clases\/#breadcrumb","itemListElement":[{"@type":"ListItem","position":1,"name":"Inicio","item":"https:\/\/apuntesdesanluis.com\/"},{"@type":"ListItem","position":2,"name":"LAS UNIVERSIDADES P\u00daBLICAS HAR\u00c1N UN PARO EL PR\u00d3XIMO 12 DE AGOSTO Y NO INICIAR\u00c1N LAS CLASES"}]},{"@type":"WebSite","@id":"https:\/\/apuntesdesanluis.com\/#website","url":"https:\/\/apuntesdesanluis.com\/","name":"Apuntes de San Luis","description":"","publisher":{"@id":"https:\/\/apuntesdesanluis.com\/#\/schema\/person\/b55151d52296fcce64d1a72538a70b90"},"potentialAction":[{"@type":"SearchAction","target":{"@type":"EntryPoint","urlTemplate":"https:\/\/apuntesdesanluis.com\/?s={search_term_string}"},"query-input":{"@type":"PropertyValueSpecification","valueRequired":true,"valueName":"search_term_string"}}],"inLanguage":"es-AR"},{"@type":["Person","Organization"],"@id":"https:\/\/apuntesdesanluis.com\/#\/schema\/person\/b55151d52296fcce64d1a72538a70b90","name":"apuntesdesanluis.com","image":{"@type":"ImageObject","inLanguage":"es-AR","@id":"https:\/\/apuntesdesanluis.com\/#\/schema\/person\/image\/","url":"https:\/\/apuntesdesanluis.com\/wp-content\/uploads\/2023\/07\/cropped-apuntesdesanluis.png","contentUrl":"https:\/\/apuntesdesanluis.com\/wp-content\/uploads\/2023\/07\/cropped-apuntesdesanluis.png","width":450,"height":112,"caption":"apuntesdesanluis.com"},"logo":{"@id":"https:\/\/apuntesdesanluis.com\/#\/schema\/person\/image\/"},"sameAs":["https:\/\/apuntesdesanluis.com"],"url":"https:\/\/apuntesdesanluis.com\/index.php\/author\/apuntesdesanluis-com\/"}]}},"featured_image_urls":{"full":["https:\/\/apuntesdesanluis.com\/wp-content\/uploads\/2024\/08\/paro-de-universidades.png",693,419,false],"thumbnail":["https:\/\/apuntesdesanluis.com\/wp-content\/uploads\/2024\/08\/paro-de-universidades-150x150.png",150,150,true],"medium":["https:\/\/apuntesdesanluis.com\/wp-content\/uploads\/2024\/08\/paro-de-universidades-300x181.png",300,181,true],"medium_large":["https:\/\/apuntesdesanluis.com\/wp-content\/uploads\/2024\/08\/paro-de-universidades.png",640,387,false],"large":["https:\/\/apuntesdesanluis.com\/wp-content\/uploads\/2024\/08\/paro-de-universidades.png",640,387,false],"1536x1536":["https:\/\/apuntesdesanluis.com\/wp-content\/uploads\/2024\/08\/paro-de-universidades.png",693,419,false],"2048x2048":["https:\/\/apuntesdesanluis.com\/wp-content\/uploads\/2024\/08\/paro-de-universidades.png",693,419,false],"newsever-slider-full":["https:\/\/apuntesdesanluis.com\/wp-content\/uploads\/2024\/08\/paro-de-universidades.png",693,419,false],"newsever-featured":["https:\/\/apuntesdesanluis.com\/wp-content\/uploads\/2024\/08\/paro-de-universidades.png",693,419,false],"newsever-medium":["https:\/\/apuntesdesanluis.com\/wp-content\/uploads\/2024\/08\/paro-de-universidades.png",693,419,false]},"author_info":{"display_name":"apuntesdesanluis.com","author_link":"https:\/\/apuntesdesanluis.com\/index.php\/author\/apuntesdesanluis-com\/"},"category_info":"<a href=\"https:\/\/apuntesdesanluis.com\/index.php\/category\/nacionales-internacionales\/\" rel=\"category tag\">Nacionales\/Internacionales<\/a>","tag_info":"Nacionales\/Internacionales","comment_count":"0","_links":{"self":[{"href":"https:\/\/apuntesdesanluis.com\/index.php\/wp-json\/wp\/v2\/posts\/20449","targetHints":{"allow":["GET"]}}],"collection":[{"href":"https:\/\/apuntesdesanluis.com\/index.php\/wp-json\/wp\/v2\/posts"}],"about":[{"href":"https:\/\/apuntesdesanluis.com\/index.php\/wp-json\/wp\/v2\/types\/post"}],"author":[{"embeddable":true,"href":"https:\/\/apuntesdesanluis.com\/index.php\/wp-json\/wp\/v2\/users\/1"}],"replies":[{"embeddable":true,"href":"https:\/\/apuntesdesanluis.com\/index.php\/wp-json\/wp\/v2\/comments?post=20449"}],"version-history":[{"count":1,"href":"https:\/\/apuntesdesanluis.com\/index.php\/wp-json\/wp\/v2\/posts\/20449\/revisions"}],"predecessor-version":[{"id":20452,"href":"https:\/\/apuntesdesanluis.com\/index.php\/wp-json\/wp\/v2\/posts\/20449\/revisions\/20452"}],"wp:featuredmedia":[{"embeddable":true,"href":"https:\/\/apuntesdesanluis.com\/index.php\/wp-json\/wp\/v2\/media\/20451"}],"wp:attachment":[{"href":"https:\/\/apuntesdesanluis.com\/index.php\/wp-json\/wp\/v2\/media?parent=20449"}],"wp:term":[{"taxonomy":"category","embeddable":true,"href":"https:\/\/apuntesdesanluis.com\/index.php\/wp-json\/wp\/v2\/categories?post=20449"},{"taxonomy":"post_tag","embeddable":true,"href":"https:\/\/apuntesdesanluis.com\/index.php\/wp-json\/wp\/v2\/tags?post=20449"}],"curies":[{"name":"wp","href":"https:\/\/api.w.org\/{rel}","templated":true}]}}