{"id":20488,"date":"2024-08-07T20:38:26","date_gmt":"2024-08-07T23:38:26","guid":{"rendered":"https:\/\/apuntesdesanluis.com\/?p=20488"},"modified":"2024-08-07T20:38:26","modified_gmt":"2024-08-07T23:38:26","slug":"la-instancia-de-capacitacion-para-los-cargos-jerarquicos-tendra-un-alto-nivel-de-expositores","status":"publish","type":"post","link":"https:\/\/apuntesdesanluis.com\/index.php\/2024\/08\/07\/la-instancia-de-capacitacion-para-los-cargos-jerarquicos-tendra-un-alto-nivel-de-expositores\/","title":{"rendered":"LA INSTANCIA DE CAPACITACI\u00d3N PARA LOS CARGOS JER\u00c1RQUICOS TENDR\u00c1 UN ALTO NIVEL DE EXPOSITORES"},"content":{"rendered":"<h3>El Concurso de Antecedentes, M\u00e9ritos y Oposici\u00f3n de Cargos Jer\u00e1rquicos prev\u00e9 una instancia de formaci\u00f3n obligatoria a trav\u00e9s de una capacitaci\u00f3n de alta calidad. Se llevar\u00e1 a cabo del 12 de agosto al 12 de noviembre de manera presencial en tres sedes: San Luis, Villa Mercedes y Merlo.<\/h3>\n<h3>San Luis se distingue como un caso \u00fanico en el pa\u00eds, ya que no existen antecedentes de un concurso con estas caracter\u00edsticas en otras provincias. El mismo tuvo lugar a\u00f1os atr\u00e1s en la provincia con notable \u00e9xito y participaci\u00f3n. Espec\u00edficamente, la \u00faltima edici\u00f3n se realiz\u00f3 en 2012 durante el primer mandato del actual gobernador, Claudio Poggi, atrayendo a numerosos aspirantes de toda la regi\u00f3n.<\/h3>\n<h3>Cabe destacar que se ha establecido un convenio con la UNViMe, bajo la direcci\u00f3n del rector <strong>Marcelo Sosa<\/strong>, para proporcionar asesoramiento durante todo el proceso de concursos, incluyendo la etapa de capacitaci\u00f3n.<\/h3>\n<h3>\u201cLa funci\u00f3n de un directivo es crucial para el correcto desempe\u00f1o de un establecimiento escolar. Deben gestionar con eficiencia y agilidad la instituci\u00f3n para lograr el correcto funcionamiento del sistema educativo. Son el eje de la escuela, son verdaderos l\u00edderes que deben resolver conflictos, conducir y contener. Esta etapa de formaci\u00f3n consiste en capacitar, acompa\u00f1ar y apoyar a los aspirantes a concursar, de este modo, con estos expositores de tan alto nivel, les brindaremos las herramientas para obtener la excelencia acad\u00e9mica\u201d, sostuvo el ministro de Educaci\u00f3n, Guillermo Araujo.<\/h3>\n<p><img fetchpriority=\"high\" decoding=\"async\" class=\"wp-image-20489 aligncenter\" src=\"https:\/\/apuntesdesanluis.com\/wp-content\/uploads\/2024\/08\/capacitadores-300x255.png\" alt=\"\" width=\"711\" height=\"604\" srcset=\"https:\/\/apuntesdesanluis.com\/wp-content\/uploads\/2024\/08\/capacitadores-300x255.png 300w, https:\/\/apuntesdesanluis.com\/wp-content\/uploads\/2024\/08\/capacitadores.png 700w\" sizes=\"(max-width: 711px) 100vw, 711px\" \/><\/p>\n<h3><strong>SOBRE LOS M\u00d3DULOS Y CAPACITADORES<\/strong><\/h3>\n<h3>La capacitaci\u00f3n es un requisito vinculante del concurso y tambi\u00e9n busca proporcionar un espacio para reflexionar sobre aspectos fundamentales para la formaci\u00f3n de los docentes aspirantes a cargos directivos. El objetivo es facilitarles la adopci\u00f3n de estrategias de trabajo intelectual para lograr un estudio m\u00e1s eficaz dentro de los plazos establecidos para el concurso.<\/h3>\n<h3>El Concurso de Directivos 2024-2025 cuenta con un panel de expositores de renombre nacional e internacional, reconocidos por su experiencia y trayectoria en el \u00e1mbito educativo.<\/h3>\n<h3>Entre ellos se encuentran:<\/h3>\n<h3>Gesti\u00f3n de personas, liderazgo y trabajo en equipo<\/h3>\n<h3>Estela Cammarota (Argentina) Es Ingeniera Industrial por la Universidad de Buenos Aires, especialista en Planeamiento Estrat\u00e9gico Situacional y Psicolog\u00eda Social de las Organizaciones, Mediaci\u00f3n y Dise\u00f1o de Permacultura. Trabaj\u00f3 como consultora organizacional en los sectores p\u00fablicos y privado en temas de estructuras, planteamiento estrat\u00e9gico, proyectos, evaluaci\u00f3n, liderazgo, comunicaci\u00f3n, trabajo en equipo y resoluci\u00f3n de conflictos.<\/h3>\n<h3>Adem\u00e1s, es Consultora por el Estado en el \u00e1mbito de Cultura, Justicia, Seguridad, Gesti\u00f3n P\u00fablica, Desarrollo Social y Obras P\u00fablicas. Su experiencia se extiende a la docencia universitaria y la investigaci\u00f3n.<\/h3>\n<h3>Motivaci\u00f3n, negociaci\u00f3n y gesti\u00f3n de conflictos<\/h3>\n<h3>Jacobo Quintero Touma (Ecuador) Cuenta con un doctorado en Derecho en la Universidad de Salamanca. Especialista en An\u00e1lisis y Resoluci\u00f3n de Conflictos. Fue consultor del Banco Interamericano de Desarrollo, Organizaci\u00f3n de Naciones Unidas y Banco Mundial, participando en proyectos en Estados Unidos, Europa y Medio Oriente. Su trabajo se enfoca en la mediaci\u00f3n y negociaci\u00f3n de conflictos organizacionales y educativos.<\/h3>\n<h3>Jaidivi N\u00fa\u00f1ez Var\u00f3n (Colombia) Es psic\u00f3loga social con una maestr\u00eda en Intervenci\u00f3n Cl\u00ednica y de Familia. Public\u00f3 numerosos art\u00edculos sobre mediaci\u00f3n, cultura de paz y construcci\u00f3n de consensos. Cuenta con amplia experiencia en la gesti\u00f3n de programas de soluci\u00f3n de conflictos en diversos contextos y coordinaci\u00f3n de equipos multidisciplinarios y ejecuci\u00f3n de proyectos asociados a problem\u00e1ticas como violencia comunitaria, juvenil e intrafamiliar.<\/h3>\n<h3>Gesti\u00f3n del estr\u00e9s, urgencias y primeros auxilios psicol\u00f3gicos<\/h3>\n<h3>Romina Antoniotti (Argentina) Psic\u00f3loga especializada en Mindfulness Orientaci\u00f3n Sist\u00e9mico Cognitiva Conductual de Tercera Ola, Trastornos de la Conducta Alimentaria y Obesidad, Trastorno L\u00edmite de la Personalidad. Con m\u00e1s de 15 a\u00f1os de experiencia, trabaj\u00f3 en la aplicaci\u00f3n de t\u00e9cnicas de Mindfulness para la reducci\u00f3n del estr\u00e9s siendo especialista en ni\u00f1os, adolescentes, padres y adultos. Especializada en trastornos de la conducta alimentaria.<\/h3>\n<h3>Organizaci\u00f3n escolar y administraci\u00f3n de recursos<\/h3>\n<h3>(Tiempo, horarios, llamados para cubrir cargos docentes, generaci\u00f3n y an\u00e1lisis de la informaci\u00f3n estad\u00edstica)<\/h3>\n<h3>Ruth Harf (Argentina) Licenciada en Ciencias de la Educaci\u00f3n y Psicolog\u00eda por la Universidad de Buenos Aires. Fue profesora en varias instituciones de formaci\u00f3n docente y public\u00f3 libros sobre gesti\u00f3n educativa y liderazgo directivo. Su trabajo incluye asesor\u00eda y capacitaci\u00f3n para diversos ministerios de Educaci\u00f3n y fundaciones.<\/h3>\n<h3>El bienestar en docentes y estudiantes<\/h3>\n<h3>Laura Lewin (Argentina) Experta en educaci\u00f3n con formaci\u00f3n en Argentina y Estados Unidos, especializada en traducci\u00f3n e ingl\u00e9s. Es autora de varios libros sobre gesti\u00f3n educativa y dict\u00f3 talleres en Sudam\u00e9rica, Centroam\u00e9rica, Caribe, EE.UU., y Europa. Actualmente, es asesora acad\u00e9mica en numerosas instituciones de Argentina y del exterior. Tambi\u00e9n es columnista en diversos medios de comunicaci\u00f3n.<\/h3>\n<h3>Innovaci\u00f3n y creatividad en la gesti\u00f3n y en las aulas<\/h3>\n<h3>Miguel \u00c1ngel Santos Guerra (Espa\u00f1a) Doctor en Ciencias de la Educaci\u00f3n, Doctor Honoris Causa de varias universidades del mundo, catedr\u00e1tico em\u00e9rito de Did\u00e1ctica y Organizaci\u00f3n Escolar. Public\u00f3 numerosos libros y art\u00edculos sobre organizaci\u00f3n escolar y evaluaci\u00f3n educativa. Es conferencista en universidades y organismos internacionales. Ha sido profesor en todos los niveles del sistema educativo y recibido numerosos premios por su labor.<\/h3>\n<h3>Inclusi\u00f3n educativa<\/h3>\n<h3>Liliana Gonz\u00e1lez (Argentina) Psicopedagoga especializada en cl\u00ednica de ni\u00f1os y adolescentes. Fue columnista en programas radiales y televisivos y public\u00f3 varios libros sobre educaci\u00f3n y psicopedagog\u00eda. Cuenta con 30 a\u00f1os de docencia en el nivel superior de Psicopedagog\u00eda y Educaci\u00f3n Especial.<\/h3>\n<h3>Cultura digital e inteligencia artificial en la gesti\u00f3n y en las aulas<\/h3>\n<h3>Emilio Tenti Fanfani (Argentina) Licenciado en Ciencias Pol\u00edticas y Sociales y Doctor Honoris Causa de la Universidad Nacional de Rosario. Es soci\u00f3logo y trabaj\u00f3 como investigador y docente en Colombia, M\u00e9xico, Francia y Argentina. Tambi\u00e9n desempe\u00f1\u00f3 labores para diversas organizaciones internacionales y realiz\u00f3 numerosas publicaciones sobre educaci\u00f3n y pol\u00edticas educativas.<\/h3>\n<h3>Inteligencia emocional y educaci\u00f3n<\/h3>\n<h3>Lucas Malaisi (Argentina) Es licenciado en Psicolog\u00eda por la Universidad Cat\u00f3lica de Cuyo, con un posgrado en Psicoterapia Gest\u00e1ltica, Evaluaci\u00f3n Psicol\u00f3gica y BioNeuroEmoci\u00f3n. Se desempe\u00f1a como orador y conferencista. Preside la Fundaci\u00f3n Educaci\u00f3n Emocional, y la Fundaci\u00f3n Educaci\u00f3n Emocional de Argentina. Es autor de diferentes libros: \u201cC\u00f3mo ayudar a los ni\u00f1os de hoy: Educaci\u00f3n emocional\u201d, \u201cDescubriendo mis emociones y habilidades\u201d, \u201cModo Creativo: Educaci\u00f3n emocional del adulto\u201d y \u201cDescubriendo emociones: Gu\u00eda para padres y docentes\u201d. Adem\u00e1s, es director acad\u00e9mico de la Diplomatura en Educaci\u00f3n Emocional de la Universidad de Villa Mar\u00eda (C\u00f3rdoba).<\/h3>\n<h3><strong>Aportes a los Aspirantes<\/strong><\/h3>\n<h3>Los expositores del Concurso de Directivos Escolares 2024-2025 brindar\u00e1n a los aspirantes las herramientas y conocimientos necesarios para desempe\u00f1arse con \u00e9xito en el rol de directivo escolar.<\/h3>\n<h3>Los participantes podr\u00e1n adquirir conocimientos en \u00e1reas como:<\/h3>\n<h3>Liderazgo y gesti\u00f3n de equipos: Desarrollar habilidades para motivar, inspirar y liderar equipos de trabajo de manera efectiva.<\/h3>\n<h3>Resoluci\u00f3n de conflictos: Adquirir herramientas para gestionar conflictos de manera positiva y constructiva.<\/h3>\n<h3>Manejo del estr\u00e9s: Desarrollar estrategias para gestionar el estr\u00e9s y promover el bienestar personal y profesional.<\/h3>\n<h3>Organizaci\u00f3n y administraci\u00f3n: Aprender a optimizar recursos, gestionar el tiempo y generar informaci\u00f3n estad\u00edstica relevante.<\/h3>\n<h3>Legislaci\u00f3n escolar: Conocer y comprender la normativa vigente que regula el sistema educativo.<\/h3>\n<h3>Bienestar docente y estudiantil: Implementar estrategias para promover el bienestar f\u00edsico, emocional y social de la comunidad educativa.<\/h3>\n<h3>Innovaci\u00f3n y creatividad: Implementar estrategias innovadoras y creativas para mejorar la calidad educativa.<\/h3>\n<h3>Inclusi\u00f3n educativa: Promover una educaci\u00f3n inclusiva que atienda las necesidades de todos los estudiantes.<\/h3>\n<h3>Cultura digital e inteligencia artificial: Aprovechar las tecnolog\u00edas digitales y la inteligencia artificial para mejorar la gesti\u00f3n educativa y los procesos de ense\u00f1anza-aprendizaje.<\/h3>\n<h3>Inteligencia emocional y educaci\u00f3n: Desarrollar habilidades emocionales en los ni\u00f1os mediante estrategias basadas en la psicolog\u00eda y la educaci\u00f3n emocional.<\/h3>\n<p>&nbsp;<\/p>\n<p>&nbsp;<\/p>\n<p>&nbsp;<\/p>\n<p>&nbsp;<\/p>\n","protected":false},"excerpt":{"rendered":"<p>El Concurso de Antecedentes, M\u00e9ritos y Oposici\u00f3n de Cargos Jer\u00e1rquicos prev\u00e9 una instancia de formaci\u00f3n&#8230;<\/p>\n","protected":false},"author":1,"featured_media":16675,"comment_status":"closed","ping_status":"closed","sticky":false,"template":"","format":"standard","meta":{"footnotes":""},"categories":[6],"tags":[],"class_list":["post-20488","post","type-post","status-publish","format-standard","has-post-thumbnail","hentry","category-ciudad-provincia"],"yoast_head":"<!-- This site is optimized with the Yoast SEO plugin v26.1.1 - https:\/\/yoast.com\/wordpress\/plugins\/seo\/ -->\n<title>LA INSTANCIA DE CAPACITACI\u00d3N PARA LOS CARGOS JER\u00c1RQUICOS TENDR\u00c1 UN ALTO NIVEL DE EXPOSITORES - Apuntes de San Luis<\/title>\n<meta name=\"robots\" content=\"index, follow, max-snippet:-1, max-image-preview:large, max-video-preview:-1\" \/>\n<link rel=\"canonical\" href=\"https:\/\/apuntesdesanluis.com\/index.php\/2024\/08\/07\/la-instancia-de-capacitacion-para-los-cargos-jerarquicos-tendra-un-alto-nivel-de-expositores\/\" \/>\n<meta property=\"og:locale\" content=\"es_ES\" \/>\n<meta property=\"og:type\" content=\"article\" \/>\n<meta property=\"og:title\" content=\"LA INSTANCIA DE CAPACITACI\u00d3N PARA LOS CARGOS JER\u00c1RQUICOS TENDR\u00c1 UN ALTO NIVEL DE EXPOSITORES - Apuntes de San Luis\" \/>\n<meta property=\"og:description\" content=\"El Concurso de Antecedentes, M\u00e9ritos y Oposici\u00f3n de Cargos Jer\u00e1rquicos prev\u00e9 una instancia de formaci\u00f3n...\" \/>\n<meta property=\"og:url\" content=\"https:\/\/apuntesdesanluis.com\/index.php\/2024\/08\/07\/la-instancia-de-capacitacion-para-los-cargos-jerarquicos-tendra-un-alto-nivel-de-expositores\/\" \/>\n<meta property=\"og:site_name\" content=\"Apuntes de San Luis\" \/>\n<meta property=\"article:published_time\" content=\"2024-08-07T23:38:26+00:00\" \/>\n<meta property=\"og:image\" content=\"https:\/\/apuntesdesanluis.com\/wp-content\/uploads\/2024\/05\/MINISTERIO-DE-EDUCACION.png\" \/>\n\t<meta property=\"og:image:width\" content=\"821\" \/>\n\t<meta property=\"og:image:height\" content=\"534\" \/>\n\t<meta property=\"og:image:type\" content=\"image\/png\" \/>\n<meta name=\"author\" content=\"apuntesdesanluis.com\" \/>\n<meta name=\"twitter:card\" content=\"summary_large_image\" \/>\n<meta name=\"twitter:label1\" content=\"Escrito por\" \/>\n\t<meta name=\"twitter:data1\" content=\"apuntesdesanluis.com\" \/>\n\t<meta name=\"twitter:label2\" content=\"Tiempo de lectura\" \/>\n\t<meta name=\"twitter:data2\" content=\"6 minutos\" \/>\n<script type=\"application\/ld+json\" class=\"yoast-schema-graph\">{\"@context\":\"https:\/\/schema.org\",\"@graph\":[{\"@type\":\"Article\",\"@id\":\"https:\/\/apuntesdesanluis.com\/index.php\/2024\/08\/07\/la-instancia-de-capacitacion-para-los-cargos-jerarquicos-tendra-un-alto-nivel-de-expositores\/#article\",\"isPartOf\":{\"@id\":\"https:\/\/apuntesdesanluis.com\/index.php\/2024\/08\/07\/la-instancia-de-capacitacion-para-los-cargos-jerarquicos-tendra-un-alto-nivel-de-expositores\/\"},\"author\":{\"name\":\"apuntesdesanluis.com\",\"@id\":\"https:\/\/apuntesdesanluis.com\/#\/schema\/person\/b55151d52296fcce64d1a72538a70b90\"},\"headline\":\"LA INSTANCIA DE CAPACITACI\u00d3N PARA LOS CARGOS JER\u00c1RQUICOS TENDR\u00c1 UN ALTO NIVEL DE EXPOSITORES\",\"datePublished\":\"2024-08-07T23:38:26+00:00\",\"mainEntityOfPage\":{\"@id\":\"https:\/\/apuntesdesanluis.com\/index.php\/2024\/08\/07\/la-instancia-de-capacitacion-para-los-cargos-jerarquicos-tendra-un-alto-nivel-de-expositores\/\"},\"wordCount\":1406,\"publisher\":{\"@id\":\"https:\/\/apuntesdesanluis.com\/#\/schema\/person\/b55151d52296fcce64d1a72538a70b90\"},\"image\":{\"@id\":\"https:\/\/apuntesdesanluis.com\/index.php\/2024\/08\/07\/la-instancia-de-capacitacion-para-los-cargos-jerarquicos-tendra-un-alto-nivel-de-expositores\/#primaryimage\"},\"thumbnailUrl\":\"https:\/\/apuntesdesanluis.com\/wp-content\/uploads\/2024\/05\/MINISTERIO-DE-EDUCACION.png\",\"articleSection\":[\"Ciudad\/Provincia\"],\"inLanguage\":\"es-AR\"},{\"@type\":\"WebPage\",\"@id\":\"https:\/\/apuntesdesanluis.com\/index.php\/2024\/08\/07\/la-instancia-de-capacitacion-para-los-cargos-jerarquicos-tendra-un-alto-nivel-de-expositores\/\",\"url\":\"https:\/\/apuntesdesanluis.com\/index.php\/2024\/08\/07\/la-instancia-de-capacitacion-para-los-cargos-jerarquicos-tendra-un-alto-nivel-de-expositores\/\",\"name\":\"LA INSTANCIA DE CAPACITACI\u00d3N PARA LOS CARGOS JER\u00c1RQUICOS TENDR\u00c1 UN ALTO NIVEL DE EXPOSITORES - Apuntes de San Luis\",\"isPartOf\":{\"@id\":\"https:\/\/apuntesdesanluis.com\/#website\"},\"primaryImageOfPage\":{\"@id\":\"https:\/\/apuntesdesanluis.com\/index.php\/2024\/08\/07\/la-instancia-de-capacitacion-para-los-cargos-jerarquicos-tendra-un-alto-nivel-de-expositores\/#primaryimage\"},\"image\":{\"@id\":\"https:\/\/apuntesdesanluis.com\/index.php\/2024\/08\/07\/la-instancia-de-capacitacion-para-los-cargos-jerarquicos-tendra-un-alto-nivel-de-expositores\/#primaryimage\"},\"thumbnailUrl\":\"https:\/\/apuntesdesanluis.com\/wp-content\/uploads\/2024\/05\/MINISTERIO-DE-EDUCACION.png\",\"datePublished\":\"2024-08-07T23:38:26+00:00\",\"breadcrumb\":{\"@id\":\"https:\/\/apuntesdesanluis.com\/index.php\/2024\/08\/07\/la-instancia-de-capacitacion-para-los-cargos-jerarquicos-tendra-un-alto-nivel-de-expositores\/#breadcrumb\"},\"inLanguage\":\"es-AR\",\"potentialAction\":[{\"@type\":\"ReadAction\",\"target\":[\"https:\/\/apuntesdesanluis.com\/index.php\/2024\/08\/07\/la-instancia-de-capacitacion-para-los-cargos-jerarquicos-tendra-un-alto-nivel-de-expositores\/\"]}]},{\"@type\":\"ImageObject\",\"inLanguage\":\"es-AR\",\"@id\":\"https:\/\/apuntesdesanluis.com\/index.php\/2024\/08\/07\/la-instancia-de-capacitacion-para-los-cargos-jerarquicos-tendra-un-alto-nivel-de-expositores\/#primaryimage\",\"url\":\"https:\/\/apuntesdesanluis.com\/wp-content\/uploads\/2024\/05\/MINISTERIO-DE-EDUCACION.png\",\"contentUrl\":\"https:\/\/apuntesdesanluis.com\/wp-content\/uploads\/2024\/05\/MINISTERIO-DE-EDUCACION.png\",\"width\":821,\"height\":534},{\"@type\":\"BreadcrumbList\",\"@id\":\"https:\/\/apuntesdesanluis.com\/index.php\/2024\/08\/07\/la-instancia-de-capacitacion-para-los-cargos-jerarquicos-tendra-un-alto-nivel-de-expositores\/#breadcrumb\",\"itemListElement\":[{\"@type\":\"ListItem\",\"position\":1,\"name\":\"Inicio\",\"item\":\"https:\/\/apuntesdesanluis.com\/\"},{\"@type\":\"ListItem\",\"position\":2,\"name\":\"LA INSTANCIA DE CAPACITACI\u00d3N PARA LOS CARGOS JER\u00c1RQUICOS TENDR\u00c1 UN ALTO NIVEL DE EXPOSITORES\"}]},{\"@type\":\"WebSite\",\"@id\":\"https:\/\/apuntesdesanluis.com\/#website\",\"url\":\"https:\/\/apuntesdesanluis.com\/\",\"name\":\"Apuntes de San Luis\",\"description\":\"\",\"publisher\":{\"@id\":\"https:\/\/apuntesdesanluis.com\/#\/schema\/person\/b55151d52296fcce64d1a72538a70b90\"},\"potentialAction\":[{\"@type\":\"SearchAction\",\"target\":{\"@type\":\"EntryPoint\",\"urlTemplate\":\"https:\/\/apuntesdesanluis.com\/?s={search_term_string}\"},\"query-input\":{\"@type\":\"PropertyValueSpecification\",\"valueRequired\":true,\"valueName\":\"search_term_string\"}}],\"inLanguage\":\"es-AR\"},{\"@type\":[\"Person\",\"Organization\"],\"@id\":\"https:\/\/apuntesdesanluis.com\/#\/schema\/person\/b55151d52296fcce64d1a72538a70b90\",\"name\":\"apuntesdesanluis.com\",\"image\":{\"@type\":\"ImageObject\",\"inLanguage\":\"es-AR\",\"@id\":\"https:\/\/apuntesdesanluis.com\/#\/schema\/person\/image\/\",\"url\":\"https:\/\/apuntesdesanluis.com\/wp-content\/uploads\/2023\/07\/cropped-apuntesdesanluis.png\",\"contentUrl\":\"https:\/\/apuntesdesanluis.com\/wp-content\/uploads\/2023\/07\/cropped-apuntesdesanluis.png\",\"width\":450,\"height\":112,\"caption\":\"apuntesdesanluis.com\"},\"logo\":{\"@id\":\"https:\/\/apuntesdesanluis.com\/#\/schema\/person\/image\/\"},\"sameAs\":[\"https:\/\/apuntesdesanluis.com\"],\"url\":\"https:\/\/apuntesdesanluis.com\/index.php\/author\/apuntesdesanluis-com\/\"}]}<\/script>\n<!-- \/ Yoast SEO plugin. -->","yoast_head_json":{"title":"LA INSTANCIA DE CAPACITACI\u00d3N PARA LOS CARGOS JER\u00c1RQUICOS TENDR\u00c1 UN ALTO NIVEL DE EXPOSITORES - Apuntes de San Luis","robots":{"index":"index","follow":"follow","max-snippet":"max-snippet:-1","max-image-preview":"max-image-preview:large","max-video-preview":"max-video-preview:-1"},"canonical":"https:\/\/apuntesdesanluis.com\/index.php\/2024\/08\/07\/la-instancia-de-capacitacion-para-los-cargos-jerarquicos-tendra-un-alto-nivel-de-expositores\/","og_locale":"es_ES","og_type":"article","og_title":"LA INSTANCIA DE CAPACITACI\u00d3N PARA LOS CARGOS JER\u00c1RQUICOS TENDR\u00c1 UN ALTO NIVEL DE EXPOSITORES - Apuntes de San Luis","og_description":"El Concurso de Antecedentes, M\u00e9ritos y Oposici\u00f3n de Cargos Jer\u00e1rquicos prev\u00e9 una instancia de formaci\u00f3n...","og_url":"https:\/\/apuntesdesanluis.com\/index.php\/2024\/08\/07\/la-instancia-de-capacitacion-para-los-cargos-jerarquicos-tendra-un-alto-nivel-de-expositores\/","og_site_name":"Apuntes de San Luis","article_published_time":"2024-08-07T23:38:26+00:00","og_image":[{"width":821,"height":534,"url":"https:\/\/apuntesdesanluis.com\/wp-content\/uploads\/2024\/05\/MINISTERIO-DE-EDUCACION.png","type":"image\/png"}],"author":"apuntesdesanluis.com","twitter_card":"summary_large_image","twitter_misc":{"Escrito por":"apuntesdesanluis.com","Tiempo de lectura":"6 minutos"},"schema":{"@context":"https:\/\/schema.org","@graph":[{"@type":"Article","@id":"https:\/\/apuntesdesanluis.com\/index.php\/2024\/08\/07\/la-instancia-de-capacitacion-para-los-cargos-jerarquicos-tendra-un-alto-nivel-de-expositores\/#article","isPartOf":{"@id":"https:\/\/apuntesdesanluis.com\/index.php\/2024\/08\/07\/la-instancia-de-capacitacion-para-los-cargos-jerarquicos-tendra-un-alto-nivel-de-expositores\/"},"author":{"name":"apuntesdesanluis.com","@id":"https:\/\/apuntesdesanluis.com\/#\/schema\/person\/b55151d52296fcce64d1a72538a70b90"},"headline":"LA INSTANCIA DE CAPACITACI\u00d3N PARA LOS CARGOS JER\u00c1RQUICOS TENDR\u00c1 UN ALTO NIVEL DE EXPOSITORES","datePublished":"2024-08-07T23:38:26+00:00","mainEntityOfPage":{"@id":"https:\/\/apuntesdesanluis.com\/index.php\/2024\/08\/07\/la-instancia-de-capacitacion-para-los-cargos-jerarquicos-tendra-un-alto-nivel-de-expositores\/"},"wordCount":1406,"publisher":{"@id":"https:\/\/apuntesdesanluis.com\/#\/schema\/person\/b55151d52296fcce64d1a72538a70b90"},"image":{"@id":"https:\/\/apuntesdesanluis.com\/index.php\/2024\/08\/07\/la-instancia-de-capacitacion-para-los-cargos-jerarquicos-tendra-un-alto-nivel-de-expositores\/#primaryimage"},"thumbnailUrl":"https:\/\/apuntesdesanluis.com\/wp-content\/uploads\/2024\/05\/MINISTERIO-DE-EDUCACION.png","articleSection":["Ciudad\/Provincia"],"inLanguage":"es-AR"},{"@type":"WebPage","@id":"https:\/\/apuntesdesanluis.com\/index.php\/2024\/08\/07\/la-instancia-de-capacitacion-para-los-cargos-jerarquicos-tendra-un-alto-nivel-de-expositores\/","url":"https:\/\/apuntesdesanluis.com\/index.php\/2024\/08\/07\/la-instancia-de-capacitacion-para-los-cargos-jerarquicos-tendra-un-alto-nivel-de-expositores\/","name":"LA INSTANCIA DE CAPACITACI\u00d3N PARA LOS CARGOS JER\u00c1RQUICOS TENDR\u00c1 UN ALTO NIVEL DE EXPOSITORES - Apuntes de San Luis","isPartOf":{"@id":"https:\/\/apuntesdesanluis.com\/#website"},"primaryImageOfPage":{"@id":"https:\/\/apuntesdesanluis.com\/index.php\/2024\/08\/07\/la-instancia-de-capacitacion-para-los-cargos-jerarquicos-tendra-un-alto-nivel-de-expositores\/#primaryimage"},"image":{"@id":"https:\/\/apuntesdesanluis.com\/index.php\/2024\/08\/07\/la-instancia-de-capacitacion-para-los-cargos-jerarquicos-tendra-un-alto-nivel-de-expositores\/#primaryimage"},"thumbnailUrl":"https:\/\/apuntesdesanluis.com\/wp-content\/uploads\/2024\/05\/MINISTERIO-DE-EDUCACION.png","datePublished":"2024-08-07T23:38:26+00:00","breadcrumb":{"@id":"https:\/\/apuntesdesanluis.com\/index.php\/2024\/08\/07\/la-instancia-de-capacitacion-para-los-cargos-jerarquicos-tendra-un-alto-nivel-de-expositores\/#breadcrumb"},"inLanguage":"es-AR","potentialAction":[{"@type":"ReadAction","target":["https:\/\/apuntesdesanluis.com\/index.php\/2024\/08\/07\/la-instancia-de-capacitacion-para-los-cargos-jerarquicos-tendra-un-alto-nivel-de-expositores\/"]}]},{"@type":"ImageObject","inLanguage":"es-AR","@id":"https:\/\/apuntesdesanluis.com\/index.php\/2024\/08\/07\/la-instancia-de-capacitacion-para-los-cargos-jerarquicos-tendra-un-alto-nivel-de-expositores\/#primaryimage","url":"https:\/\/apuntesdesanluis.com\/wp-content\/uploads\/2024\/05\/MINISTERIO-DE-EDUCACION.png","contentUrl":"https:\/\/apuntesdesanluis.com\/wp-content\/uploads\/2024\/05\/MINISTERIO-DE-EDUCACION.png","width":821,"height":534},{"@type":"BreadcrumbList","@id":"https:\/\/apuntesdesanluis.com\/index.php\/2024\/08\/07\/la-instancia-de-capacitacion-para-los-cargos-jerarquicos-tendra-un-alto-nivel-de-expositores\/#breadcrumb","itemListElement":[{"@type":"ListItem","position":1,"name":"Inicio","item":"https:\/\/apuntesdesanluis.com\/"},{"@type":"ListItem","position":2,"name":"LA INSTANCIA DE CAPACITACI\u00d3N PARA LOS CARGOS JER\u00c1RQUICOS TENDR\u00c1 UN ALTO NIVEL DE EXPOSITORES"}]},{"@type":"WebSite","@id":"https:\/\/apuntesdesanluis.com\/#website","url":"https:\/\/apuntesdesanluis.com\/","name":"Apuntes de San Luis","description":"","publisher":{"@id":"https:\/\/apuntesdesanluis.com\/#\/schema\/person\/b55151d52296fcce64d1a72538a70b90"},"potentialAction":[{"@type":"SearchAction","target":{"@type":"EntryPoint","urlTemplate":"https:\/\/apuntesdesanluis.com\/?s={search_term_string}"},"query-input":{"@type":"PropertyValueSpecification","valueRequired":true,"valueName":"search_term_string"}}],"inLanguage":"es-AR"},{"@type":["Person","Organization"],"@id":"https:\/\/apuntesdesanluis.com\/#\/schema\/person\/b55151d52296fcce64d1a72538a70b90","name":"apuntesdesanluis.com","image":{"@type":"ImageObject","inLanguage":"es-AR","@id":"https:\/\/apuntesdesanluis.com\/#\/schema\/person\/image\/","url":"https:\/\/apuntesdesanluis.com\/wp-content\/uploads\/2023\/07\/cropped-apuntesdesanluis.png","contentUrl":"https:\/\/apuntesdesanluis.com\/wp-content\/uploads\/2023\/07\/cropped-apuntesdesanluis.png","width":450,"height":112,"caption":"apuntesdesanluis.com"},"logo":{"@id":"https:\/\/apuntesdesanluis.com\/#\/schema\/person\/image\/"},"sameAs":["https:\/\/apuntesdesanluis.com"],"url":"https:\/\/apuntesdesanluis.com\/index.php\/author\/apuntesdesanluis-com\/"}]}},"featured_image_urls":{"full":["https:\/\/apuntesdesanluis.com\/wp-content\/uploads\/2024\/05\/MINISTERIO-DE-EDUCACION.png",821,534,false],"thumbnail":["https:\/\/apuntesdesanluis.com\/wp-content\/uploads\/2024\/05\/MINISTERIO-DE-EDUCACION-150x150.png",150,150,true],"medium":["https:\/\/apuntesdesanluis.com\/wp-content\/uploads\/2024\/05\/MINISTERIO-DE-EDUCACION-300x195.png",300,195,true],"medium_large":["https:\/\/apuntesdesanluis.com\/wp-content\/uploads\/2024\/05\/MINISTERIO-DE-EDUCACION-768x500.png",640,417,true],"large":["https:\/\/apuntesdesanluis.com\/wp-content\/uploads\/2024\/05\/MINISTERIO-DE-EDUCACION.png",640,416,false],"1536x1536":["https:\/\/apuntesdesanluis.com\/wp-content\/uploads\/2024\/05\/MINISTERIO-DE-EDUCACION.png",821,534,false],"2048x2048":["https:\/\/apuntesdesanluis.com\/wp-content\/uploads\/2024\/05\/MINISTERIO-DE-EDUCACION.png",821,534,false],"newsever-slider-full":["https:\/\/apuntesdesanluis.com\/wp-content\/uploads\/2024\/05\/MINISTERIO-DE-EDUCACION.png",821,534,false],"newsever-featured":["https:\/\/apuntesdesanluis.com\/wp-content\/uploads\/2024\/05\/MINISTERIO-DE-EDUCACION.png",821,534,false],"newsever-medium":["https:\/\/apuntesdesanluis.com\/wp-content\/uploads\/2024\/05\/MINISTERIO-DE-EDUCACION-720x475.png",720,475,true]},"author_info":{"display_name":"apuntesdesanluis.com","author_link":"https:\/\/apuntesdesanluis.com\/index.php\/author\/apuntesdesanluis-com\/"},"category_info":"<a href=\"https:\/\/apuntesdesanluis.com\/index.php\/category\/ciudad-provincia\/\" rel=\"category tag\">Ciudad\/Provincia<\/a>","tag_info":"Ciudad\/Provincia","comment_count":"0","_links":{"self":[{"href":"https:\/\/apuntesdesanluis.com\/index.php\/wp-json\/wp\/v2\/posts\/20488","targetHints":{"allow":["GET"]}}],"collection":[{"href":"https:\/\/apuntesdesanluis.com\/index.php\/wp-json\/wp\/v2\/posts"}],"about":[{"href":"https:\/\/apuntesdesanluis.com\/index.php\/wp-json\/wp\/v2\/types\/post"}],"author":[{"embeddable":true,"href":"https:\/\/apuntesdesanluis.com\/index.php\/wp-json\/wp\/v2\/users\/1"}],"replies":[{"embeddable":true,"href":"https:\/\/apuntesdesanluis.com\/index.php\/wp-json\/wp\/v2\/comments?post=20488"}],"version-history":[{"count":1,"href":"https:\/\/apuntesdesanluis.com\/index.php\/wp-json\/wp\/v2\/posts\/20488\/revisions"}],"predecessor-version":[{"id":20490,"href":"https:\/\/apuntesdesanluis.com\/index.php\/wp-json\/wp\/v2\/posts\/20488\/revisions\/20490"}],"wp:featuredmedia":[{"embeddable":true,"href":"https:\/\/apuntesdesanluis.com\/index.php\/wp-json\/wp\/v2\/media\/16675"}],"wp:attachment":[{"href":"https:\/\/apuntesdesanluis.com\/index.php\/wp-json\/wp\/v2\/media?parent=20488"}],"wp:term":[{"taxonomy":"category","embeddable":true,"href":"https:\/\/apuntesdesanluis.com\/index.php\/wp-json\/wp\/v2\/categories?post=20488"},{"taxonomy":"post_tag","embeddable":true,"href":"https:\/\/apuntesdesanluis.com\/index.php\/wp-json\/wp\/v2\/tags?post=20488"}],"curies":[{"name":"wp","href":"https:\/\/api.w.org\/{rel}","templated":true}]}}