{"id":20505,"date":"2024-08-07T21:15:14","date_gmt":"2024-08-08T00:15:14","guid":{"rendered":"https:\/\/apuntesdesanluis.com\/?p=20505"},"modified":"2024-08-07T21:15:14","modified_gmt":"2024-08-08T00:15:14","slug":"poggi-puso-en-funciones-al-centro-de-operaciones-de-emergencias","status":"publish","type":"post","link":"https:\/\/apuntesdesanluis.com\/index.php\/2024\/08\/07\/poggi-puso-en-funciones-al-centro-de-operaciones-de-emergencias\/","title":{"rendered":"POGGI PUSO EN FUNCIONES AL CENTRO DE OPERACIONES DE EMERGENCIAS"},"content":{"rendered":"<h3>El COE es un organismo integrado por autoridades del Poder Ejecutivo provincial que estar\u00e1 a cargo de la planificaci\u00f3n, organizaci\u00f3n, direcci\u00f3n, coordinaci\u00f3n y control de todas las acciones referidas a los eventos adversos relacionados con la emergencia. \u201cEstamos preparados para enfrentar cualquier emergencia\u201d, se\u00f1al\u00f3 el gobernador, <strong>Claudio Poggi<\/strong>.<\/h3>\n<h3>A trav\u00e9s del decreto N\u00b07402-MS-2024, el Primer Mandatario present\u00f3 el <strong>Centro de Operaciones de Emergencias (COE) <\/strong>a nivel provincial. Fue durante un acto que se llev\u00f3 a cabo este mi\u00e9rcoles pasadas las 16:00 en el Sal\u00f3n Blanco de la Casa de Gobierno y que tambi\u00e9n particip\u00f3 la ministro de Seguridad, <strong>Nancy Sosa<\/strong>; integrantes de las fuerzas de seguridad provinciales e intendentes de distintas comunas.<\/h3>\n<h3><img fetchpriority=\"high\" decoding=\"async\" class=\"wp-image-20507 aligncenter\" src=\"https:\/\/apuntesdesanluis.com\/wp-content\/uploads\/2024\/08\/coe-2-300x190.png\" alt=\"\" width=\"608\" height=\"385\" srcset=\"https:\/\/apuntesdesanluis.com\/wp-content\/uploads\/2024\/08\/coe-2-300x190.png 300w, https:\/\/apuntesdesanluis.com\/wp-content\/uploads\/2024\/08\/coe-2.png 600w\" sizes=\"(max-width: 608px) 100vw, 608px\" \/><\/h3>\n<h3>El Centro de Operaciones en Emergencias (COE) es una estructura organizativa destinada a la coordinaci\u00f3n y gesti\u00f3n de respuesta ante situaciones de emergencia o desastres, que tiene como objetivo principal centralizar la toma de decisiones y la administraci\u00f3n de recursos durante una crisis para asegurar una respuesta efectiva. As\u00ed, el organismo permitir\u00e1 una respuesta organizada y coordinada ante emergencias, minimizando el impacto negativo y facilitando la recuperaci\u00f3n.<\/h3>\n<h3>El gobernador Claudio Poggi destac\u00f3 la disposici\u00f3n de todos los actores comprometidos en las distintas contingencias. \u201cNos dijeron que San Luis es otro pa\u00eds y con ese slogan nos alambraron\u201d, indic\u00f3 el Jefe de Estado, quien subray\u00f3 la importancia de trabajar en conjunto con la naci\u00f3n y otras provincias. \u201cTenemos que articularnos con los organismos nacionales y para eso hemos roto todos los candados\u201d, mencion\u00f3.<\/h3>\n<h3>Asimismo, calific\u00f3 como importante saber cu\u00e1l es la cantidad de recursos humanos y operativos. \u201cPara gobernar tenemos que tener informaci\u00f3n y ahora la tenemos\u201d, manifest\u00f3 el Gobernador, y a\u00f1adi\u00f3: \u201cEstamos preparados para enfrentar cualquier emergencia, para prevenir, asistir y ayudar pos de una contingencia. \u00c9ste es un paso importante que estamos dando. Les pido que nos acostumbremos a cooperar\u201d.<\/h3>\n<h3>Por su parte, la ministro Sosa manifest\u00f3 que \u201cnos falta mucho, pero estamos en camino. Se trata de la decisi\u00f3n pol\u00edtica de seguir un sistema y saber el rol de cada uno que participa de estas emergencias\u201d.<\/h3>\n<h3><img decoding=\"async\" class=\"wp-image-20508 aligncenter\" src=\"https:\/\/apuntesdesanluis.com\/wp-content\/uploads\/2024\/08\/coe-3-300x189.png\" alt=\"\" width=\"622\" height=\"392\" srcset=\"https:\/\/apuntesdesanluis.com\/wp-content\/uploads\/2024\/08\/coe-3-300x189.png 300w, https:\/\/apuntesdesanluis.com\/wp-content\/uploads\/2024\/08\/coe-3.png 600w\" sizes=\"(max-width: 622px) 100vw, 622px\" \/><\/h3>\n<h3>\u201cEl COE es disponer, saber en qu\u00e9 momento hacer el abordaje y lo importante es seguir el m\u00e9todo, confiar en lo que hemos construido\u201d, expres\u00f3 la titular quien adem\u00e1s valor\u00f3 la cooperaci\u00f3n con las intendencias.<\/h3>\n<h3>Durante el acto, el director de Prevenci\u00f3n y Gesti\u00f3n de Emergencia, <strong>Marcos L\u00f3pez<\/strong> y el subdirector coordinador general de Operaciones, <strong>Gonzalo P\u00e9rez<\/strong>, explicaron los detalles y alcances del organismo y c\u00f3mo funcionar\u00e1 a lo largo y ancho de la geograf\u00eda provincial. \u201cVemos la necesidad de crear el COE para optimizar los recursos disponibles para una respuesta r\u00e1pida y eficaz\u201d, coment\u00f3 L\u00f3pez, quien se\u00f1al\u00f3 que esta medida es para cuidar y proteger a la sociedad.<\/h3>\n<h3>Seg\u00fan explic\u00f3 P\u00e9rez, el COE ser\u00e1 conformado por autoridades del Ejecutivo provincial, ser\u00e1n respaldados por los ministerios de Seguridad, Salud, Desarrollo Humano, Desarrollo Productivo y la secretar\u00eda de Comunicaci\u00f3n, as\u00ed como tambi\u00e9n por las intendencias involucradas en cada caso, Bomberos Voluntarios, fuerzas de seguridad nacionales y provinciales, Servicio Nacional de Manejo del Fuego y brigadas solidarias y civiles.<\/h3>\n<h3>A su vez cont\u00f3 que con m\u00e1s de 880 efectivos, 126 veh\u00edculos operativos m\u00e1s aviones, helic\u00f3pteros y tanques h\u00eddricos a disposici\u00f3n, San Luis se posiciona en el tercer lugar del ranking nacional de las provincias mejores preparadas para enfrentar una contingencia, despu\u00e9s de Santa Fe y C\u00f3rdoba.<\/h3>\n<p>&nbsp;<\/p>\n<p>&nbsp;<\/p>\n<p>&nbsp;<\/p>\n<p>&nbsp;<\/p>\n<p>&nbsp;<\/p>\n<p>&nbsp;<\/p>\n","protected":false},"excerpt":{"rendered":"<p>El COE es un organismo integrado por autoridades del Poder Ejecutivo provincial que estar\u00e1 a&#8230;<\/p>\n","protected":false},"author":1,"featured_media":20506,"comment_status":"closed","ping_status":"closed","sticky":false,"template":"","format":"standard","meta":{"footnotes":""},"categories":[6],"tags":[],"class_list":["post-20505","post","type-post","status-publish","format-standard","has-post-thumbnail","hentry","category-ciudad-provincia"],"yoast_head":"<!-- This site is optimized with the Yoast SEO plugin v26.1.1 - https:\/\/yoast.com\/wordpress\/plugins\/seo\/ -->\n<title>POGGI PUSO EN FUNCIONES AL CENTRO DE OPERACIONES DE EMERGENCIAS - Apuntes de San Luis<\/title>\n<meta name=\"robots\" content=\"index, follow, max-snippet:-1, max-image-preview:large, max-video-preview:-1\" \/>\n<link rel=\"canonical\" href=\"https:\/\/apuntesdesanluis.com\/index.php\/2024\/08\/07\/poggi-puso-en-funciones-al-centro-de-operaciones-de-emergencias\/\" \/>\n<meta property=\"og:locale\" content=\"es_ES\" \/>\n<meta property=\"og:type\" content=\"article\" \/>\n<meta property=\"og:title\" content=\"POGGI PUSO EN FUNCIONES AL CENTRO DE OPERACIONES DE EMERGENCIAS - Apuntes de San Luis\" \/>\n<meta property=\"og:description\" content=\"El COE es un organismo integrado por autoridades del Poder Ejecutivo provincial que estar\u00e1 a...\" \/>\n<meta property=\"og:url\" content=\"https:\/\/apuntesdesanluis.com\/index.php\/2024\/08\/07\/poggi-puso-en-funciones-al-centro-de-operaciones-de-emergencias\/\" \/>\n<meta property=\"og:site_name\" content=\"Apuntes de San Luis\" \/>\n<meta property=\"article:published_time\" content=\"2024-08-08T00:15:14+00:00\" \/>\n<meta property=\"og:image\" content=\"https:\/\/apuntesdesanluis.com\/wp-content\/uploads\/2024\/08\/coe-1.png\" \/>\n\t<meta property=\"og:image:width\" content=\"700\" \/>\n\t<meta property=\"og:image:height\" content=\"438\" \/>\n\t<meta property=\"og:image:type\" content=\"image\/png\" \/>\n<meta name=\"author\" content=\"apuntesdesanluis.com\" \/>\n<meta name=\"twitter:card\" content=\"summary_large_image\" \/>\n<meta name=\"twitter:label1\" content=\"Escrito por\" \/>\n\t<meta name=\"twitter:data1\" content=\"apuntesdesanluis.com\" \/>\n\t<meta name=\"twitter:label2\" content=\"Tiempo de lectura\" \/>\n\t<meta name=\"twitter:data2\" content=\"4 minutos\" \/>\n<script type=\"application\/ld+json\" class=\"yoast-schema-graph\">{\"@context\":\"https:\/\/schema.org\",\"@graph\":[{\"@type\":\"Article\",\"@id\":\"https:\/\/apuntesdesanluis.com\/index.php\/2024\/08\/07\/poggi-puso-en-funciones-al-centro-de-operaciones-de-emergencias\/#article\",\"isPartOf\":{\"@id\":\"https:\/\/apuntesdesanluis.com\/index.php\/2024\/08\/07\/poggi-puso-en-funciones-al-centro-de-operaciones-de-emergencias\/\"},\"author\":{\"name\":\"apuntesdesanluis.com\",\"@id\":\"https:\/\/apuntesdesanluis.com\/#\/schema\/person\/b55151d52296fcce64d1a72538a70b90\"},\"headline\":\"POGGI PUSO EN FUNCIONES AL CENTRO DE OPERACIONES DE EMERGENCIAS\",\"datePublished\":\"2024-08-08T00:15:14+00:00\",\"mainEntityOfPage\":{\"@id\":\"https:\/\/apuntesdesanluis.com\/index.php\/2024\/08\/07\/poggi-puso-en-funciones-al-centro-de-operaciones-de-emergencias\/\"},\"wordCount\":615,\"publisher\":{\"@id\":\"https:\/\/apuntesdesanluis.com\/#\/schema\/person\/b55151d52296fcce64d1a72538a70b90\"},\"image\":{\"@id\":\"https:\/\/apuntesdesanluis.com\/index.php\/2024\/08\/07\/poggi-puso-en-funciones-al-centro-de-operaciones-de-emergencias\/#primaryimage\"},\"thumbnailUrl\":\"https:\/\/apuntesdesanluis.com\/wp-content\/uploads\/2024\/08\/coe-1.png\",\"articleSection\":[\"Ciudad\/Provincia\"],\"inLanguage\":\"es-AR\"},{\"@type\":\"WebPage\",\"@id\":\"https:\/\/apuntesdesanluis.com\/index.php\/2024\/08\/07\/poggi-puso-en-funciones-al-centro-de-operaciones-de-emergencias\/\",\"url\":\"https:\/\/apuntesdesanluis.com\/index.php\/2024\/08\/07\/poggi-puso-en-funciones-al-centro-de-operaciones-de-emergencias\/\",\"name\":\"POGGI PUSO EN FUNCIONES AL CENTRO DE OPERACIONES DE EMERGENCIAS - Apuntes de San Luis\",\"isPartOf\":{\"@id\":\"https:\/\/apuntesdesanluis.com\/#website\"},\"primaryImageOfPage\":{\"@id\":\"https:\/\/apuntesdesanluis.com\/index.php\/2024\/08\/07\/poggi-puso-en-funciones-al-centro-de-operaciones-de-emergencias\/#primaryimage\"},\"image\":{\"@id\":\"https:\/\/apuntesdesanluis.com\/index.php\/2024\/08\/07\/poggi-puso-en-funciones-al-centro-de-operaciones-de-emergencias\/#primaryimage\"},\"thumbnailUrl\":\"https:\/\/apuntesdesanluis.com\/wp-content\/uploads\/2024\/08\/coe-1.png\",\"datePublished\":\"2024-08-08T00:15:14+00:00\",\"breadcrumb\":{\"@id\":\"https:\/\/apuntesdesanluis.com\/index.php\/2024\/08\/07\/poggi-puso-en-funciones-al-centro-de-operaciones-de-emergencias\/#breadcrumb\"},\"inLanguage\":\"es-AR\",\"potentialAction\":[{\"@type\":\"ReadAction\",\"target\":[\"https:\/\/apuntesdesanluis.com\/index.php\/2024\/08\/07\/poggi-puso-en-funciones-al-centro-de-operaciones-de-emergencias\/\"]}]},{\"@type\":\"ImageObject\",\"inLanguage\":\"es-AR\",\"@id\":\"https:\/\/apuntesdesanluis.com\/index.php\/2024\/08\/07\/poggi-puso-en-funciones-al-centro-de-operaciones-de-emergencias\/#primaryimage\",\"url\":\"https:\/\/apuntesdesanluis.com\/wp-content\/uploads\/2024\/08\/coe-1.png\",\"contentUrl\":\"https:\/\/apuntesdesanluis.com\/wp-content\/uploads\/2024\/08\/coe-1.png\",\"width\":700,\"height\":438},{\"@type\":\"BreadcrumbList\",\"@id\":\"https:\/\/apuntesdesanluis.com\/index.php\/2024\/08\/07\/poggi-puso-en-funciones-al-centro-de-operaciones-de-emergencias\/#breadcrumb\",\"itemListElement\":[{\"@type\":\"ListItem\",\"position\":1,\"name\":\"Inicio\",\"item\":\"https:\/\/apuntesdesanluis.com\/\"},{\"@type\":\"ListItem\",\"position\":2,\"name\":\"POGGI PUSO EN FUNCIONES AL CENTRO DE OPERACIONES DE EMERGENCIAS\"}]},{\"@type\":\"WebSite\",\"@id\":\"https:\/\/apuntesdesanluis.com\/#website\",\"url\":\"https:\/\/apuntesdesanluis.com\/\",\"name\":\"Apuntes de San Luis\",\"description\":\"\",\"publisher\":{\"@id\":\"https:\/\/apuntesdesanluis.com\/#\/schema\/person\/b55151d52296fcce64d1a72538a70b90\"},\"potentialAction\":[{\"@type\":\"SearchAction\",\"target\":{\"@type\":\"EntryPoint\",\"urlTemplate\":\"https:\/\/apuntesdesanluis.com\/?s={search_term_string}\"},\"query-input\":{\"@type\":\"PropertyValueSpecification\",\"valueRequired\":true,\"valueName\":\"search_term_string\"}}],\"inLanguage\":\"es-AR\"},{\"@type\":[\"Person\",\"Organization\"],\"@id\":\"https:\/\/apuntesdesanluis.com\/#\/schema\/person\/b55151d52296fcce64d1a72538a70b90\",\"name\":\"apuntesdesanluis.com\",\"image\":{\"@type\":\"ImageObject\",\"inLanguage\":\"es-AR\",\"@id\":\"https:\/\/apuntesdesanluis.com\/#\/schema\/person\/image\/\",\"url\":\"https:\/\/apuntesdesanluis.com\/wp-content\/uploads\/2023\/07\/cropped-apuntesdesanluis.png\",\"contentUrl\":\"https:\/\/apuntesdesanluis.com\/wp-content\/uploads\/2023\/07\/cropped-apuntesdesanluis.png\",\"width\":450,\"height\":112,\"caption\":\"apuntesdesanluis.com\"},\"logo\":{\"@id\":\"https:\/\/apuntesdesanluis.com\/#\/schema\/person\/image\/\"},\"sameAs\":[\"https:\/\/apuntesdesanluis.com\"],\"url\":\"https:\/\/apuntesdesanluis.com\/index.php\/author\/apuntesdesanluis-com\/\"}]}<\/script>\n<!-- \/ Yoast SEO plugin. -->","yoast_head_json":{"title":"POGGI PUSO EN FUNCIONES AL CENTRO DE OPERACIONES DE EMERGENCIAS - Apuntes de San Luis","robots":{"index":"index","follow":"follow","max-snippet":"max-snippet:-1","max-image-preview":"max-image-preview:large","max-video-preview":"max-video-preview:-1"},"canonical":"https:\/\/apuntesdesanluis.com\/index.php\/2024\/08\/07\/poggi-puso-en-funciones-al-centro-de-operaciones-de-emergencias\/","og_locale":"es_ES","og_type":"article","og_title":"POGGI PUSO EN FUNCIONES AL CENTRO DE OPERACIONES DE EMERGENCIAS - Apuntes de San Luis","og_description":"El COE es un organismo integrado por autoridades del Poder Ejecutivo provincial que estar\u00e1 a...","og_url":"https:\/\/apuntesdesanluis.com\/index.php\/2024\/08\/07\/poggi-puso-en-funciones-al-centro-de-operaciones-de-emergencias\/","og_site_name":"Apuntes de San Luis","article_published_time":"2024-08-08T00:15:14+00:00","og_image":[{"width":700,"height":438,"url":"https:\/\/apuntesdesanluis.com\/wp-content\/uploads\/2024\/08\/coe-1.png","type":"image\/png"}],"author":"apuntesdesanluis.com","twitter_card":"summary_large_image","twitter_misc":{"Escrito por":"apuntesdesanluis.com","Tiempo de lectura":"4 minutos"},"schema":{"@context":"https:\/\/schema.org","@graph":[{"@type":"Article","@id":"https:\/\/apuntesdesanluis.com\/index.php\/2024\/08\/07\/poggi-puso-en-funciones-al-centro-de-operaciones-de-emergencias\/#article","isPartOf":{"@id":"https:\/\/apuntesdesanluis.com\/index.php\/2024\/08\/07\/poggi-puso-en-funciones-al-centro-de-operaciones-de-emergencias\/"},"author":{"name":"apuntesdesanluis.com","@id":"https:\/\/apuntesdesanluis.com\/#\/schema\/person\/b55151d52296fcce64d1a72538a70b90"},"headline":"POGGI PUSO EN FUNCIONES AL CENTRO DE OPERACIONES DE EMERGENCIAS","datePublished":"2024-08-08T00:15:14+00:00","mainEntityOfPage":{"@id":"https:\/\/apuntesdesanluis.com\/index.php\/2024\/08\/07\/poggi-puso-en-funciones-al-centro-de-operaciones-de-emergencias\/"},"wordCount":615,"publisher":{"@id":"https:\/\/apuntesdesanluis.com\/#\/schema\/person\/b55151d52296fcce64d1a72538a70b90"},"image":{"@id":"https:\/\/apuntesdesanluis.com\/index.php\/2024\/08\/07\/poggi-puso-en-funciones-al-centro-de-operaciones-de-emergencias\/#primaryimage"},"thumbnailUrl":"https:\/\/apuntesdesanluis.com\/wp-content\/uploads\/2024\/08\/coe-1.png","articleSection":["Ciudad\/Provincia"],"inLanguage":"es-AR"},{"@type":"WebPage","@id":"https:\/\/apuntesdesanluis.com\/index.php\/2024\/08\/07\/poggi-puso-en-funciones-al-centro-de-operaciones-de-emergencias\/","url":"https:\/\/apuntesdesanluis.com\/index.php\/2024\/08\/07\/poggi-puso-en-funciones-al-centro-de-operaciones-de-emergencias\/","name":"POGGI PUSO EN FUNCIONES AL CENTRO DE OPERACIONES DE EMERGENCIAS - Apuntes de San Luis","isPartOf":{"@id":"https:\/\/apuntesdesanluis.com\/#website"},"primaryImageOfPage":{"@id":"https:\/\/apuntesdesanluis.com\/index.php\/2024\/08\/07\/poggi-puso-en-funciones-al-centro-de-operaciones-de-emergencias\/#primaryimage"},"image":{"@id":"https:\/\/apuntesdesanluis.com\/index.php\/2024\/08\/07\/poggi-puso-en-funciones-al-centro-de-operaciones-de-emergencias\/#primaryimage"},"thumbnailUrl":"https:\/\/apuntesdesanluis.com\/wp-content\/uploads\/2024\/08\/coe-1.png","datePublished":"2024-08-08T00:15:14+00:00","breadcrumb":{"@id":"https:\/\/apuntesdesanluis.com\/index.php\/2024\/08\/07\/poggi-puso-en-funciones-al-centro-de-operaciones-de-emergencias\/#breadcrumb"},"inLanguage":"es-AR","potentialAction":[{"@type":"ReadAction","target":["https:\/\/apuntesdesanluis.com\/index.php\/2024\/08\/07\/poggi-puso-en-funciones-al-centro-de-operaciones-de-emergencias\/"]}]},{"@type":"ImageObject","inLanguage":"es-AR","@id":"https:\/\/apuntesdesanluis.com\/index.php\/2024\/08\/07\/poggi-puso-en-funciones-al-centro-de-operaciones-de-emergencias\/#primaryimage","url":"https:\/\/apuntesdesanluis.com\/wp-content\/uploads\/2024\/08\/coe-1.png","contentUrl":"https:\/\/apuntesdesanluis.com\/wp-content\/uploads\/2024\/08\/coe-1.png","width":700,"height":438},{"@type":"BreadcrumbList","@id":"https:\/\/apuntesdesanluis.com\/index.php\/2024\/08\/07\/poggi-puso-en-funciones-al-centro-de-operaciones-de-emergencias\/#breadcrumb","itemListElement":[{"@type":"ListItem","position":1,"name":"Inicio","item":"https:\/\/apuntesdesanluis.com\/"},{"@type":"ListItem","position":2,"name":"POGGI PUSO EN FUNCIONES AL CENTRO DE OPERACIONES DE EMERGENCIAS"}]},{"@type":"WebSite","@id":"https:\/\/apuntesdesanluis.com\/#website","url":"https:\/\/apuntesdesanluis.com\/","name":"Apuntes de San Luis","description":"","publisher":{"@id":"https:\/\/apuntesdesanluis.com\/#\/schema\/person\/b55151d52296fcce64d1a72538a70b90"},"potentialAction":[{"@type":"SearchAction","target":{"@type":"EntryPoint","urlTemplate":"https:\/\/apuntesdesanluis.com\/?s={search_term_string}"},"query-input":{"@type":"PropertyValueSpecification","valueRequired":true,"valueName":"search_term_string"}}],"inLanguage":"es-AR"},{"@type":["Person","Organization"],"@id":"https:\/\/apuntesdesanluis.com\/#\/schema\/person\/b55151d52296fcce64d1a72538a70b90","name":"apuntesdesanluis.com","image":{"@type":"ImageObject","inLanguage":"es-AR","@id":"https:\/\/apuntesdesanluis.com\/#\/schema\/person\/image\/","url":"https:\/\/apuntesdesanluis.com\/wp-content\/uploads\/2023\/07\/cropped-apuntesdesanluis.png","contentUrl":"https:\/\/apuntesdesanluis.com\/wp-content\/uploads\/2023\/07\/cropped-apuntesdesanluis.png","width":450,"height":112,"caption":"apuntesdesanluis.com"},"logo":{"@id":"https:\/\/apuntesdesanluis.com\/#\/schema\/person\/image\/"},"sameAs":["https:\/\/apuntesdesanluis.com"],"url":"https:\/\/apuntesdesanluis.com\/index.php\/author\/apuntesdesanluis-com\/"}]}},"featured_image_urls":{"full":["https:\/\/apuntesdesanluis.com\/wp-content\/uploads\/2024\/08\/coe-1.png",700,438,false],"thumbnail":["https:\/\/apuntesdesanluis.com\/wp-content\/uploads\/2024\/08\/coe-1-150x150.png",150,150,true],"medium":["https:\/\/apuntesdesanluis.com\/wp-content\/uploads\/2024\/08\/coe-1-300x188.png",300,188,true],"medium_large":["https:\/\/apuntesdesanluis.com\/wp-content\/uploads\/2024\/08\/coe-1.png",640,400,false],"large":["https:\/\/apuntesdesanluis.com\/wp-content\/uploads\/2024\/08\/coe-1.png",640,400,false],"1536x1536":["https:\/\/apuntesdesanluis.com\/wp-content\/uploads\/2024\/08\/coe-1.png",700,438,false],"2048x2048":["https:\/\/apuntesdesanluis.com\/wp-content\/uploads\/2024\/08\/coe-1.png",700,438,false],"newsever-slider-full":["https:\/\/apuntesdesanluis.com\/wp-content\/uploads\/2024\/08\/coe-1.png",700,438,false],"newsever-featured":["https:\/\/apuntesdesanluis.com\/wp-content\/uploads\/2024\/08\/coe-1.png",700,438,false],"newsever-medium":["https:\/\/apuntesdesanluis.com\/wp-content\/uploads\/2024\/08\/coe-1.png",700,438,false]},"author_info":{"display_name":"apuntesdesanluis.com","author_link":"https:\/\/apuntesdesanluis.com\/index.php\/author\/apuntesdesanluis-com\/"},"category_info":"<a href=\"https:\/\/apuntesdesanluis.com\/index.php\/category\/ciudad-provincia\/\" rel=\"category tag\">Ciudad\/Provincia<\/a>","tag_info":"Ciudad\/Provincia","comment_count":"0","_links":{"self":[{"href":"https:\/\/apuntesdesanluis.com\/index.php\/wp-json\/wp\/v2\/posts\/20505","targetHints":{"allow":["GET"]}}],"collection":[{"href":"https:\/\/apuntesdesanluis.com\/index.php\/wp-json\/wp\/v2\/posts"}],"about":[{"href":"https:\/\/apuntesdesanluis.com\/index.php\/wp-json\/wp\/v2\/types\/post"}],"author":[{"embeddable":true,"href":"https:\/\/apuntesdesanluis.com\/index.php\/wp-json\/wp\/v2\/users\/1"}],"replies":[{"embeddable":true,"href":"https:\/\/apuntesdesanluis.com\/index.php\/wp-json\/wp\/v2\/comments?post=20505"}],"version-history":[{"count":1,"href":"https:\/\/apuntesdesanluis.com\/index.php\/wp-json\/wp\/v2\/posts\/20505\/revisions"}],"predecessor-version":[{"id":20509,"href":"https:\/\/apuntesdesanluis.com\/index.php\/wp-json\/wp\/v2\/posts\/20505\/revisions\/20509"}],"wp:featuredmedia":[{"embeddable":true,"href":"https:\/\/apuntesdesanluis.com\/index.php\/wp-json\/wp\/v2\/media\/20506"}],"wp:attachment":[{"href":"https:\/\/apuntesdesanluis.com\/index.php\/wp-json\/wp\/v2\/media?parent=20505"}],"wp:term":[{"taxonomy":"category","embeddable":true,"href":"https:\/\/apuntesdesanluis.com\/index.php\/wp-json\/wp\/v2\/categories?post=20505"},{"taxonomy":"post_tag","embeddable":true,"href":"https:\/\/apuntesdesanluis.com\/index.php\/wp-json\/wp\/v2\/tags?post=20505"}],"curies":[{"name":"wp","href":"https:\/\/api.w.org\/{rel}","templated":true}]}}