{"id":20513,"date":"2024-08-07T21:25:25","date_gmt":"2024-08-08T00:25:25","guid":{"rendered":"https:\/\/apuntesdesanluis.com\/?p=20513"},"modified":"2024-08-07T21:25:25","modified_gmt":"2024-08-08T00:25:25","slug":"condenaron-a-guillermo-moreno-a-3-anos-de-prision-por-abuso-de-autoridad-y-destruccion-de-registros-publicos","status":"publish","type":"post","link":"https:\/\/apuntesdesanluis.com\/index.php\/2024\/08\/07\/condenaron-a-guillermo-moreno-a-3-anos-de-prision-por-abuso-de-autoridad-y-destruccion-de-registros-publicos\/","title":{"rendered":"CONDENARON A GUILLERMO MORENO A 3 A\u00d1OS DE PRISI\u00d3N POR ABUSO DE AUTORIDAD Y DESTRUCCI\u00d3N DE REGISTROS P\u00daBLICOS"},"content":{"rendered":"<h3>El ex secretario de Comercio Interior <strong>Guillermo Moreno<\/strong>, fue condenado hoy a tres a\u00f1os de prisi\u00f3n condicional en el juicio oral por la presunta manipulaci\u00f3n de los datos del \u00cdndice de Precios al Consumidor (IPC) del Institituto Nacional de Estad\u00edsticas y Censos (INDEC) durante el \u00faltimo semestre del 2007. La medida fue tomada por el Tribunal Oral Federal 2 de Comodoro Py que adem\u00e1s conden\u00f3 a Moreno a seis de inhabilitaci\u00f3n para ejercer cargos p\u00fablicos. El ex funcionario fue encontrado culpable de los delitos de abuso de autoridad y destrucci\u00f3n de registros p\u00fablicos.<\/h3>\n<h3>Esta es la tercera condena que recibe el ex funcionario de los gobiernos de N\u00e9stor y Cristina Kirchner. Tiene una de dos a\u00f1os y seis meses de prisi\u00f3n por el caso del merchandising con la leyenda \u201cClar\u00edn Miente\u201d y la segunda a dos a\u00f1os de prisi\u00f3n en suspenso por el caso de los \u201c\u00bfCasco o guantes?\u201d en una asamblea de 2010 de la empresa Papel Prensa. Los dos est\u00e1n bajo revisi\u00f3n y la de hoy podr\u00e1 ser apelada por su defensa a la C\u00e1mara Federal de Casaci\u00f3n Penal.<\/h3>\n<h3>Por otra parte, el Tribunal Oral conden\u00f3 a Beatriz Paglieri, ex directora de \u00cdndices de Precio de Consumo, a tres a\u00f1os de prisi\u00f3n condicional y a seis de inhabilutaci\u00f3n para ejercer cargos p\u00fablicos y absolvi\u00f3 a las empleadas Marcela Filia y Mar\u00eda Celeste C\u00e1mpora Avellaneda, las otras acusadas del caso. El fallo fue firmado por los jueces Rodrigo Gim\u00e9nez Uriburu, Jorge Gorini y N\u00e9stor Costabel.<\/h3>\n<h3>Las condenas no son de cumplimiento en una c\u00e1rcel y Moreno y Paglieri deber\u00e1n someterse a reglas de conducta como fijar residencia y cumplir las normas del Patronato de Liberados. Los jueces dar\u00e1n a conocer el pr\u00f3ximo 4 de septiembre los fundamentos del fallo y a partir de all\u00ed las partes podr\u00e1n apelar.<\/h3>\n<h3>Moreno escuch\u00f3 su condena por videoconferencia, como el resto de las partes mientras que los jueces estuvieron en una de las salas de audiencias de los tribunales de Comodoro Py, y a la ma\u00f1ana hab\u00eda dicho sus \u00faltimas palabras ante el tribunal. \u201cHay un viejo dicho que es `hechos, pruebas y derecho`. Pruebas no hubo, descarto que habr\u00e1 derecho\u201d, hab\u00eda dicho el ex funcionario.<\/h3>\n<h3>Moreno tambi\u00e9n se\u00f1al\u00f3 que lo que hubo fue un alegato acad\u00e9mico de parte del fiscal Diego Luciani que junto con Jos\u00e9 Ipohorski acusaron a Moreno de haber cometido los delitos de violaci\u00f3n de secretos, abuso de autoridad, destrucci\u00f3n de registros y documentos, y falsedad ideol\u00f3gica. y pidieron que sea condenado a cuatro a\u00f1os de prisi\u00f3n y 10 de inhabilitaci\u00f3n para ejercer cargos p\u00fablicos.<\/h3>\n<h3>\u201cEl alegato de Luciani fue inteligente. No ten\u00eda pruebas y apel\u00f3 a un juicio acad\u00e9mico. No puede el fiscal evaluar si el INDEC trabaj\u00f3 mal durante un gobierno cuando lo que se juzga es un semestre. Eso es un error garrafal\u201d, hab\u00eda dicho en sus \u00faltimas palabras.<\/h3>\n<h3>Para pedir la condena, la Fiscal\u00eda hab\u00eda se\u00f1alado que \u201ca martillazos bajaban los \u00edndices\u201d. \u201cLa inflaci\u00f3n no ten\u00eda que pasar el 10 por ciento y lo lograban mintiendo\u201d, sostuvo Luciani en sus alegatos. Y agreg\u00f3: \u201cMoreno, a trav\u00e9s de la introducci\u00f3n de Paglieri, hab\u00eda logrado llegar a toda la informaci\u00f3n confidencial que le estaba vedada\u201d.<\/h3>\n<h3>En sus alegatos los fiscales le pidieron al Tribunal Oral que abra una investigaci\u00f3n contra la ex ministra de Econom\u00eda de la Naci\u00f3n, Felisa Miceli. Sostuvieron que el INDEC depend\u00eda de su Ministerio y no de la Secretar\u00eda de Comercio de Moreno, por lo que entienden que se debe investigar si la ex funcionaria pudo haber tambi\u00e9n cometido alg\u00fan delito. Los jueces resolvieron en el veredicto que la denuncia quede a cargo de la Fiscal\u00eda.<\/h3>\n<h3>El juicio comenz\u00f3 en abril pasado y la Fiscal\u00eda se\u00f1al\u00f3 durante el proceso que la ley establece la confidencialidad de la informaci\u00f3n del INDEC. \u201cDe los testimonios se supo de manera un\u00e1nime que, desde la llegada de Paglieri, empezaron a extraer a diario una gran cantidad de fotocopias de los formularios de \u00edndices que se acumulaban en carpetas para que luego Paglieri las sacaba del organismo\u201d, se\u00f1al\u00f3 Luciani, y explic\u00f3 que las fotocopias las hac\u00edan Filia y C\u00e1mpora Avellaneda.<\/h3>\n<h3>Por su parte, el fiscal Ipohorski se\u00f1al\u00f3 que para lograr que los \u00edndices de inflaci\u00f3n sean bajos, se introdujo un sistema de topes de precios que no pod\u00edan superar el 15 por ciento de aumento por producto. La Fiscal\u00eda tambi\u00e9n se\u00f1al\u00f3 que en el INDEC hab\u00eda polic\u00edas de civil que controlaban a los empleados y algunos de ellos llegaron a ser encerrados en oficinas. Tambi\u00e9n hubo despidos y retiro de contrase\u00f1as o de tareas.<\/h3>\n<h3>Las defensas de los cuatro acusados rechazaron las acusaciones y pidieron sus absoluciones. \u201cNunca moreno recibi\u00f3 copia u originales de encuestas de inflaci\u00f3n. Ni sabia que exist\u00edan\u201d, dijo Alejandro R\u00faa, abogado del ex funcionario, en sus alegatos.<\/h3>\n<h3>R\u00faa record\u00f3 la declaraci\u00f3n de Moreno en el comienzo del juicio en la que relat\u00f3 que el cargo de secretario de Comercio Interior se lo ofreci\u00f3 N\u00e9stor Kirchner en 2006 cuando era presidente de la Naci\u00f3n. R\u00faa se\u00f1al\u00f3 que el pedido era \u201cgenerar un marco de coordinaci\u00f3n que pueda llevar a la inflaci\u00f3n por debajo del 10%\u201d y que para eso Moreno llev\u00f3 a cabo una \u201cpol\u00edtica de conversaci\u00f3n de precios\u201d. \u201cConversaci\u00f3n con todos los sectores de la econom\u00eda, no algunos, \u00e9l administr\u00f3 y coordin\u00f3 todos los precios de la Argentina\u201d, sostuvo la defensa y neg\u00f3 que haya existido una manipulaci\u00f3n de los \u00edndices.<\/h3>\n<h3>El que termin\u00f3 hoy fue el cuarto juicio oral que afront\u00f3 Moreno y recibi\u00f3 su tercera condena. En octubre del 2017 fue condenado a dos a\u00f1os y seis meses de prisi\u00f3n y a la inhabilitaci\u00f3n perpetua para ejercer cargos p\u00fablicos por el delito de peculado por haber utilizado fondos p\u00fablicos para comprar merchandising con la leyenda \u201cClar\u00edn Miente\u201d.<\/h3>\n<h3>Y en julio del 2022 fue condenado a dos a\u00f1os de prisi\u00f3n en suspenso y a seis meses de inhabilitaci\u00f3n para ejercer cargos p\u00fablicos por el delito de amenazas coactivas por el caso de \u201c\u00bfCasco o guantes?\u201d que ofreci\u00f3 en una asamblea de 2010 de la empresa Papel Prensa. Ninguna de esas condenas est\u00e1 firme, ya que fueron apeladas y, por lo tanto, no se ejecutaron.<\/h3>\n<h3>En tanto, fue absuelto en diciembre del 2021 por haber perturbado una asamblea del Grupo Clar\u00edn en abril de 2013 de la que particip\u00f3 en representaci\u00f3n del Estado junto con el hoy gobernador de la provincia de Buenos Aires, Axel Kicillof.<\/h3>\n<p>&nbsp;<\/p>\n<p>&nbsp;<\/p>\n<p>&nbsp;<\/p>\n<p>&nbsp;<\/p>\n","protected":false},"excerpt":{"rendered":"<p>El ex secretario de Comercio Interior Guillermo Moreno, fue condenado hoy a tres a\u00f1os de&#8230;<\/p>\n","protected":false},"author":1,"featured_media":20514,"comment_status":"closed","ping_status":"closed","sticky":false,"template":"","format":"standard","meta":{"footnotes":""},"categories":[5],"tags":[],"class_list":["post-20513","post","type-post","status-publish","format-standard","has-post-thumbnail","hentry","category-nacionales-internacionales"],"yoast_head":"<!-- This site is optimized with the Yoast SEO plugin v26.1.1 - https:\/\/yoast.com\/wordpress\/plugins\/seo\/ -->\n<title>CONDENARON A GUILLERMO MORENO A 3 A\u00d1OS DE PRISI\u00d3N POR ABUSO DE AUTORIDAD Y DESTRUCCI\u00d3N DE REGISTROS P\u00daBLICOS - Apuntes de San Luis<\/title>\n<meta name=\"robots\" content=\"index, follow, max-snippet:-1, max-image-preview:large, max-video-preview:-1\" \/>\n<link rel=\"canonical\" href=\"https:\/\/apuntesdesanluis.com\/index.php\/2024\/08\/07\/condenaron-a-guillermo-moreno-a-3-anos-de-prision-por-abuso-de-autoridad-y-destruccion-de-registros-publicos\/\" \/>\n<meta property=\"og:locale\" content=\"es_ES\" \/>\n<meta property=\"og:type\" content=\"article\" \/>\n<meta property=\"og:title\" content=\"CONDENARON A GUILLERMO MORENO A 3 A\u00d1OS DE PRISI\u00d3N POR ABUSO DE AUTORIDAD Y DESTRUCCI\u00d3N DE REGISTROS P\u00daBLICOS - Apuntes de San Luis\" \/>\n<meta property=\"og:description\" content=\"El ex secretario de Comercio Interior Guillermo Moreno, fue condenado hoy a tres a\u00f1os de...\" \/>\n<meta property=\"og:url\" content=\"https:\/\/apuntesdesanluis.com\/index.php\/2024\/08\/07\/condenaron-a-guillermo-moreno-a-3-anos-de-prision-por-abuso-de-autoridad-y-destruccion-de-registros-publicos\/\" \/>\n<meta property=\"og:site_name\" content=\"Apuntes de San Luis\" \/>\n<meta property=\"article:published_time\" content=\"2024-08-08T00:25:25+00:00\" \/>\n<meta property=\"og:image\" content=\"https:\/\/apuntesdesanluis.com\/wp-content\/uploads\/2024\/08\/GUILLERMO-MORENO.png\" \/>\n\t<meta property=\"og:image:width\" content=\"680\" \/>\n\t<meta property=\"og:image:height\" content=\"405\" \/>\n\t<meta property=\"og:image:type\" content=\"image\/png\" \/>\n<meta name=\"author\" content=\"apuntesdesanluis.com\" \/>\n<meta name=\"twitter:card\" content=\"summary_large_image\" \/>\n<meta name=\"twitter:label1\" content=\"Escrito por\" \/>\n\t<meta name=\"twitter:data1\" content=\"apuntesdesanluis.com\" \/>\n\t<meta name=\"twitter:label2\" content=\"Tiempo de lectura\" \/>\n\t<meta name=\"twitter:data2\" content=\"6 minutos\" \/>\n<script type=\"application\/ld+json\" class=\"yoast-schema-graph\">{\"@context\":\"https:\/\/schema.org\",\"@graph\":[{\"@type\":\"Article\",\"@id\":\"https:\/\/apuntesdesanluis.com\/index.php\/2024\/08\/07\/condenaron-a-guillermo-moreno-a-3-anos-de-prision-por-abuso-de-autoridad-y-destruccion-de-registros-publicos\/#article\",\"isPartOf\":{\"@id\":\"https:\/\/apuntesdesanluis.com\/index.php\/2024\/08\/07\/condenaron-a-guillermo-moreno-a-3-anos-de-prision-por-abuso-de-autoridad-y-destruccion-de-registros-publicos\/\"},\"author\":{\"name\":\"apuntesdesanluis.com\",\"@id\":\"https:\/\/apuntesdesanluis.com\/#\/schema\/person\/b55151d52296fcce64d1a72538a70b90\"},\"headline\":\"CONDENARON A GUILLERMO MORENO A 3 A\u00d1OS DE PRISI\u00d3N POR ABUSO DE AUTORIDAD Y DESTRUCCI\u00d3N DE REGISTROS P\u00daBLICOS\",\"datePublished\":\"2024-08-08T00:25:25+00:00\",\"mainEntityOfPage\":{\"@id\":\"https:\/\/apuntesdesanluis.com\/index.php\/2024\/08\/07\/condenaron-a-guillermo-moreno-a-3-anos-de-prision-por-abuso-de-autoridad-y-destruccion-de-registros-publicos\/\"},\"wordCount\":1183,\"publisher\":{\"@id\":\"https:\/\/apuntesdesanluis.com\/#\/schema\/person\/b55151d52296fcce64d1a72538a70b90\"},\"image\":{\"@id\":\"https:\/\/apuntesdesanluis.com\/index.php\/2024\/08\/07\/condenaron-a-guillermo-moreno-a-3-anos-de-prision-por-abuso-de-autoridad-y-destruccion-de-registros-publicos\/#primaryimage\"},\"thumbnailUrl\":\"https:\/\/apuntesdesanluis.com\/wp-content\/uploads\/2024\/08\/GUILLERMO-MORENO.png\",\"articleSection\":[\"Nacionales\/Internacionales\"],\"inLanguage\":\"es-AR\"},{\"@type\":\"WebPage\",\"@id\":\"https:\/\/apuntesdesanluis.com\/index.php\/2024\/08\/07\/condenaron-a-guillermo-moreno-a-3-anos-de-prision-por-abuso-de-autoridad-y-destruccion-de-registros-publicos\/\",\"url\":\"https:\/\/apuntesdesanluis.com\/index.php\/2024\/08\/07\/condenaron-a-guillermo-moreno-a-3-anos-de-prision-por-abuso-de-autoridad-y-destruccion-de-registros-publicos\/\",\"name\":\"CONDENARON A GUILLERMO MORENO A 3 A\u00d1OS DE PRISI\u00d3N POR ABUSO DE AUTORIDAD Y DESTRUCCI\u00d3N DE REGISTROS P\u00daBLICOS - Apuntes de San Luis\",\"isPartOf\":{\"@id\":\"https:\/\/apuntesdesanluis.com\/#website\"},\"primaryImageOfPage\":{\"@id\":\"https:\/\/apuntesdesanluis.com\/index.php\/2024\/08\/07\/condenaron-a-guillermo-moreno-a-3-anos-de-prision-por-abuso-de-autoridad-y-destruccion-de-registros-publicos\/#primaryimage\"},\"image\":{\"@id\":\"https:\/\/apuntesdesanluis.com\/index.php\/2024\/08\/07\/condenaron-a-guillermo-moreno-a-3-anos-de-prision-por-abuso-de-autoridad-y-destruccion-de-registros-publicos\/#primaryimage\"},\"thumbnailUrl\":\"https:\/\/apuntesdesanluis.com\/wp-content\/uploads\/2024\/08\/GUILLERMO-MORENO.png\",\"datePublished\":\"2024-08-08T00:25:25+00:00\",\"breadcrumb\":{\"@id\":\"https:\/\/apuntesdesanluis.com\/index.php\/2024\/08\/07\/condenaron-a-guillermo-moreno-a-3-anos-de-prision-por-abuso-de-autoridad-y-destruccion-de-registros-publicos\/#breadcrumb\"},\"inLanguage\":\"es-AR\",\"potentialAction\":[{\"@type\":\"ReadAction\",\"target\":[\"https:\/\/apuntesdesanluis.com\/index.php\/2024\/08\/07\/condenaron-a-guillermo-moreno-a-3-anos-de-prision-por-abuso-de-autoridad-y-destruccion-de-registros-publicos\/\"]}]},{\"@type\":\"ImageObject\",\"inLanguage\":\"es-AR\",\"@id\":\"https:\/\/apuntesdesanluis.com\/index.php\/2024\/08\/07\/condenaron-a-guillermo-moreno-a-3-anos-de-prision-por-abuso-de-autoridad-y-destruccion-de-registros-publicos\/#primaryimage\",\"url\":\"https:\/\/apuntesdesanluis.com\/wp-content\/uploads\/2024\/08\/GUILLERMO-MORENO.png\",\"contentUrl\":\"https:\/\/apuntesdesanluis.com\/wp-content\/uploads\/2024\/08\/GUILLERMO-MORENO.png\",\"width\":680,\"height\":405},{\"@type\":\"BreadcrumbList\",\"@id\":\"https:\/\/apuntesdesanluis.com\/index.php\/2024\/08\/07\/condenaron-a-guillermo-moreno-a-3-anos-de-prision-por-abuso-de-autoridad-y-destruccion-de-registros-publicos\/#breadcrumb\",\"itemListElement\":[{\"@type\":\"ListItem\",\"position\":1,\"name\":\"Inicio\",\"item\":\"https:\/\/apuntesdesanluis.com\/\"},{\"@type\":\"ListItem\",\"position\":2,\"name\":\"CONDENARON A GUILLERMO MORENO A 3 A\u00d1OS DE PRISI\u00d3N POR ABUSO DE AUTORIDAD Y DESTRUCCI\u00d3N DE REGISTROS P\u00daBLICOS\"}]},{\"@type\":\"WebSite\",\"@id\":\"https:\/\/apuntesdesanluis.com\/#website\",\"url\":\"https:\/\/apuntesdesanluis.com\/\",\"name\":\"Apuntes de San Luis\",\"description\":\"\",\"publisher\":{\"@id\":\"https:\/\/apuntesdesanluis.com\/#\/schema\/person\/b55151d52296fcce64d1a72538a70b90\"},\"potentialAction\":[{\"@type\":\"SearchAction\",\"target\":{\"@type\":\"EntryPoint\",\"urlTemplate\":\"https:\/\/apuntesdesanluis.com\/?s={search_term_string}\"},\"query-input\":{\"@type\":\"PropertyValueSpecification\",\"valueRequired\":true,\"valueName\":\"search_term_string\"}}],\"inLanguage\":\"es-AR\"},{\"@type\":[\"Person\",\"Organization\"],\"@id\":\"https:\/\/apuntesdesanluis.com\/#\/schema\/person\/b55151d52296fcce64d1a72538a70b90\",\"name\":\"apuntesdesanluis.com\",\"image\":{\"@type\":\"ImageObject\",\"inLanguage\":\"es-AR\",\"@id\":\"https:\/\/apuntesdesanluis.com\/#\/schema\/person\/image\/\",\"url\":\"https:\/\/apuntesdesanluis.com\/wp-content\/uploads\/2023\/07\/cropped-apuntesdesanluis.png\",\"contentUrl\":\"https:\/\/apuntesdesanluis.com\/wp-content\/uploads\/2023\/07\/cropped-apuntesdesanluis.png\",\"width\":450,\"height\":112,\"caption\":\"apuntesdesanluis.com\"},\"logo\":{\"@id\":\"https:\/\/apuntesdesanluis.com\/#\/schema\/person\/image\/\"},\"sameAs\":[\"https:\/\/apuntesdesanluis.com\"],\"url\":\"https:\/\/apuntesdesanluis.com\/index.php\/author\/apuntesdesanluis-com\/\"}]}<\/script>\n<!-- \/ Yoast SEO plugin. -->","yoast_head_json":{"title":"CONDENARON A GUILLERMO MORENO A 3 A\u00d1OS DE PRISI\u00d3N POR ABUSO DE AUTORIDAD Y DESTRUCCI\u00d3N DE REGISTROS P\u00daBLICOS - Apuntes de San Luis","robots":{"index":"index","follow":"follow","max-snippet":"max-snippet:-1","max-image-preview":"max-image-preview:large","max-video-preview":"max-video-preview:-1"},"canonical":"https:\/\/apuntesdesanluis.com\/index.php\/2024\/08\/07\/condenaron-a-guillermo-moreno-a-3-anos-de-prision-por-abuso-de-autoridad-y-destruccion-de-registros-publicos\/","og_locale":"es_ES","og_type":"article","og_title":"CONDENARON A GUILLERMO MORENO A 3 A\u00d1OS DE PRISI\u00d3N POR ABUSO DE AUTORIDAD Y DESTRUCCI\u00d3N DE REGISTROS P\u00daBLICOS - Apuntes de San Luis","og_description":"El ex secretario de Comercio Interior Guillermo Moreno, fue condenado hoy a tres a\u00f1os de...","og_url":"https:\/\/apuntesdesanluis.com\/index.php\/2024\/08\/07\/condenaron-a-guillermo-moreno-a-3-anos-de-prision-por-abuso-de-autoridad-y-destruccion-de-registros-publicos\/","og_site_name":"Apuntes de San Luis","article_published_time":"2024-08-08T00:25:25+00:00","og_image":[{"width":680,"height":405,"url":"https:\/\/apuntesdesanluis.com\/wp-content\/uploads\/2024\/08\/GUILLERMO-MORENO.png","type":"image\/png"}],"author":"apuntesdesanluis.com","twitter_card":"summary_large_image","twitter_misc":{"Escrito por":"apuntesdesanluis.com","Tiempo de lectura":"6 minutos"},"schema":{"@context":"https:\/\/schema.org","@graph":[{"@type":"Article","@id":"https:\/\/apuntesdesanluis.com\/index.php\/2024\/08\/07\/condenaron-a-guillermo-moreno-a-3-anos-de-prision-por-abuso-de-autoridad-y-destruccion-de-registros-publicos\/#article","isPartOf":{"@id":"https:\/\/apuntesdesanluis.com\/index.php\/2024\/08\/07\/condenaron-a-guillermo-moreno-a-3-anos-de-prision-por-abuso-de-autoridad-y-destruccion-de-registros-publicos\/"},"author":{"name":"apuntesdesanluis.com","@id":"https:\/\/apuntesdesanluis.com\/#\/schema\/person\/b55151d52296fcce64d1a72538a70b90"},"headline":"CONDENARON A GUILLERMO MORENO A 3 A\u00d1OS DE PRISI\u00d3N POR ABUSO DE AUTORIDAD Y DESTRUCCI\u00d3N DE REGISTROS P\u00daBLICOS","datePublished":"2024-08-08T00:25:25+00:00","mainEntityOfPage":{"@id":"https:\/\/apuntesdesanluis.com\/index.php\/2024\/08\/07\/condenaron-a-guillermo-moreno-a-3-anos-de-prision-por-abuso-de-autoridad-y-destruccion-de-registros-publicos\/"},"wordCount":1183,"publisher":{"@id":"https:\/\/apuntesdesanluis.com\/#\/schema\/person\/b55151d52296fcce64d1a72538a70b90"},"image":{"@id":"https:\/\/apuntesdesanluis.com\/index.php\/2024\/08\/07\/condenaron-a-guillermo-moreno-a-3-anos-de-prision-por-abuso-de-autoridad-y-destruccion-de-registros-publicos\/#primaryimage"},"thumbnailUrl":"https:\/\/apuntesdesanluis.com\/wp-content\/uploads\/2024\/08\/GUILLERMO-MORENO.png","articleSection":["Nacionales\/Internacionales"],"inLanguage":"es-AR"},{"@type":"WebPage","@id":"https:\/\/apuntesdesanluis.com\/index.php\/2024\/08\/07\/condenaron-a-guillermo-moreno-a-3-anos-de-prision-por-abuso-de-autoridad-y-destruccion-de-registros-publicos\/","url":"https:\/\/apuntesdesanluis.com\/index.php\/2024\/08\/07\/condenaron-a-guillermo-moreno-a-3-anos-de-prision-por-abuso-de-autoridad-y-destruccion-de-registros-publicos\/","name":"CONDENARON A GUILLERMO MORENO A 3 A\u00d1OS DE PRISI\u00d3N POR ABUSO DE AUTORIDAD Y DESTRUCCI\u00d3N DE REGISTROS P\u00daBLICOS - Apuntes de San Luis","isPartOf":{"@id":"https:\/\/apuntesdesanluis.com\/#website"},"primaryImageOfPage":{"@id":"https:\/\/apuntesdesanluis.com\/index.php\/2024\/08\/07\/condenaron-a-guillermo-moreno-a-3-anos-de-prision-por-abuso-de-autoridad-y-destruccion-de-registros-publicos\/#primaryimage"},"image":{"@id":"https:\/\/apuntesdesanluis.com\/index.php\/2024\/08\/07\/condenaron-a-guillermo-moreno-a-3-anos-de-prision-por-abuso-de-autoridad-y-destruccion-de-registros-publicos\/#primaryimage"},"thumbnailUrl":"https:\/\/apuntesdesanluis.com\/wp-content\/uploads\/2024\/08\/GUILLERMO-MORENO.png","datePublished":"2024-08-08T00:25:25+00:00","breadcrumb":{"@id":"https:\/\/apuntesdesanluis.com\/index.php\/2024\/08\/07\/condenaron-a-guillermo-moreno-a-3-anos-de-prision-por-abuso-de-autoridad-y-destruccion-de-registros-publicos\/#breadcrumb"},"inLanguage":"es-AR","potentialAction":[{"@type":"ReadAction","target":["https:\/\/apuntesdesanluis.com\/index.php\/2024\/08\/07\/condenaron-a-guillermo-moreno-a-3-anos-de-prision-por-abuso-de-autoridad-y-destruccion-de-registros-publicos\/"]}]},{"@type":"ImageObject","inLanguage":"es-AR","@id":"https:\/\/apuntesdesanluis.com\/index.php\/2024\/08\/07\/condenaron-a-guillermo-moreno-a-3-anos-de-prision-por-abuso-de-autoridad-y-destruccion-de-registros-publicos\/#primaryimage","url":"https:\/\/apuntesdesanluis.com\/wp-content\/uploads\/2024\/08\/GUILLERMO-MORENO.png","contentUrl":"https:\/\/apuntesdesanluis.com\/wp-content\/uploads\/2024\/08\/GUILLERMO-MORENO.png","width":680,"height":405},{"@type":"BreadcrumbList","@id":"https:\/\/apuntesdesanluis.com\/index.php\/2024\/08\/07\/condenaron-a-guillermo-moreno-a-3-anos-de-prision-por-abuso-de-autoridad-y-destruccion-de-registros-publicos\/#breadcrumb","itemListElement":[{"@type":"ListItem","position":1,"name":"Inicio","item":"https:\/\/apuntesdesanluis.com\/"},{"@type":"ListItem","position":2,"name":"CONDENARON A GUILLERMO MORENO A 3 A\u00d1OS DE PRISI\u00d3N POR ABUSO DE AUTORIDAD Y DESTRUCCI\u00d3N DE REGISTROS P\u00daBLICOS"}]},{"@type":"WebSite","@id":"https:\/\/apuntesdesanluis.com\/#website","url":"https:\/\/apuntesdesanluis.com\/","name":"Apuntes de San Luis","description":"","publisher":{"@id":"https:\/\/apuntesdesanluis.com\/#\/schema\/person\/b55151d52296fcce64d1a72538a70b90"},"potentialAction":[{"@type":"SearchAction","target":{"@type":"EntryPoint","urlTemplate":"https:\/\/apuntesdesanluis.com\/?s={search_term_string}"},"query-input":{"@type":"PropertyValueSpecification","valueRequired":true,"valueName":"search_term_string"}}],"inLanguage":"es-AR"},{"@type":["Person","Organization"],"@id":"https:\/\/apuntesdesanluis.com\/#\/schema\/person\/b55151d52296fcce64d1a72538a70b90","name":"apuntesdesanluis.com","image":{"@type":"ImageObject","inLanguage":"es-AR","@id":"https:\/\/apuntesdesanluis.com\/#\/schema\/person\/image\/","url":"https:\/\/apuntesdesanluis.com\/wp-content\/uploads\/2023\/07\/cropped-apuntesdesanluis.png","contentUrl":"https:\/\/apuntesdesanluis.com\/wp-content\/uploads\/2023\/07\/cropped-apuntesdesanluis.png","width":450,"height":112,"caption":"apuntesdesanluis.com"},"logo":{"@id":"https:\/\/apuntesdesanluis.com\/#\/schema\/person\/image\/"},"sameAs":["https:\/\/apuntesdesanluis.com"],"url":"https:\/\/apuntesdesanluis.com\/index.php\/author\/apuntesdesanluis-com\/"}]}},"featured_image_urls":{"full":["https:\/\/apuntesdesanluis.com\/wp-content\/uploads\/2024\/08\/GUILLERMO-MORENO.png",680,405,false],"thumbnail":["https:\/\/apuntesdesanluis.com\/wp-content\/uploads\/2024\/08\/GUILLERMO-MORENO-150x150.png",150,150,true],"medium":["https:\/\/apuntesdesanluis.com\/wp-content\/uploads\/2024\/08\/GUILLERMO-MORENO-300x179.png",300,179,true],"medium_large":["https:\/\/apuntesdesanluis.com\/wp-content\/uploads\/2024\/08\/GUILLERMO-MORENO.png",640,381,false],"large":["https:\/\/apuntesdesanluis.com\/wp-content\/uploads\/2024\/08\/GUILLERMO-MORENO.png",640,381,false],"1536x1536":["https:\/\/apuntesdesanluis.com\/wp-content\/uploads\/2024\/08\/GUILLERMO-MORENO.png",680,405,false],"2048x2048":["https:\/\/apuntesdesanluis.com\/wp-content\/uploads\/2024\/08\/GUILLERMO-MORENO.png",680,405,false],"newsever-slider-full":["https:\/\/apuntesdesanluis.com\/wp-content\/uploads\/2024\/08\/GUILLERMO-MORENO.png",680,405,false],"newsever-featured":["https:\/\/apuntesdesanluis.com\/wp-content\/uploads\/2024\/08\/GUILLERMO-MORENO.png",680,405,false],"newsever-medium":["https:\/\/apuntesdesanluis.com\/wp-content\/uploads\/2024\/08\/GUILLERMO-MORENO.png",680,405,false]},"author_info":{"display_name":"apuntesdesanluis.com","author_link":"https:\/\/apuntesdesanluis.com\/index.php\/author\/apuntesdesanluis-com\/"},"category_info":"<a href=\"https:\/\/apuntesdesanluis.com\/index.php\/category\/nacionales-internacionales\/\" rel=\"category tag\">Nacionales\/Internacionales<\/a>","tag_info":"Nacionales\/Internacionales","comment_count":"0","_links":{"self":[{"href":"https:\/\/apuntesdesanluis.com\/index.php\/wp-json\/wp\/v2\/posts\/20513","targetHints":{"allow":["GET"]}}],"collection":[{"href":"https:\/\/apuntesdesanluis.com\/index.php\/wp-json\/wp\/v2\/posts"}],"about":[{"href":"https:\/\/apuntesdesanluis.com\/index.php\/wp-json\/wp\/v2\/types\/post"}],"author":[{"embeddable":true,"href":"https:\/\/apuntesdesanluis.com\/index.php\/wp-json\/wp\/v2\/users\/1"}],"replies":[{"embeddable":true,"href":"https:\/\/apuntesdesanluis.com\/index.php\/wp-json\/wp\/v2\/comments?post=20513"}],"version-history":[{"count":1,"href":"https:\/\/apuntesdesanluis.com\/index.php\/wp-json\/wp\/v2\/posts\/20513\/revisions"}],"predecessor-version":[{"id":20515,"href":"https:\/\/apuntesdesanluis.com\/index.php\/wp-json\/wp\/v2\/posts\/20513\/revisions\/20515"}],"wp:featuredmedia":[{"embeddable":true,"href":"https:\/\/apuntesdesanluis.com\/index.php\/wp-json\/wp\/v2\/media\/20514"}],"wp:attachment":[{"href":"https:\/\/apuntesdesanluis.com\/index.php\/wp-json\/wp\/v2\/media?parent=20513"}],"wp:term":[{"taxonomy":"category","embeddable":true,"href":"https:\/\/apuntesdesanluis.com\/index.php\/wp-json\/wp\/v2\/categories?post=20513"},{"taxonomy":"post_tag","embeddable":true,"href":"https:\/\/apuntesdesanluis.com\/index.php\/wp-json\/wp\/v2\/tags?post=20513"}],"curies":[{"name":"wp","href":"https:\/\/api.w.org\/{rel}","templated":true}]}}