{"id":20540,"date":"2024-08-07T20:17:58","date_gmt":"2024-08-07T23:17:58","guid":{"rendered":"https:\/\/apuntesdesanluis.com\/?p=20540"},"modified":"2024-08-07T23:19:39","modified_gmt":"2024-08-08T02:19:39","slug":"la-policia-recupero-en-villa-mercedes-un-auto-robado-en-la-rioja","status":"publish","type":"post","link":"https:\/\/apuntesdesanluis.com\/index.php\/2024\/08\/07\/la-policia-recupero-en-villa-mercedes-un-auto-robado-en-la-rioja\/","title":{"rendered":"LA POLIC\u00cdA RECUPER\u00d3 EN VILLA MERCEDES UN AUTO ROBADO EN LA RIOJA"},"content":{"rendered":"<h3>Este mi\u00e9rcoles, efectivos del Departamento de Investigaciones Villa Mercedes realizaron un procedimiento en esta ciudad, mediante el cual recuperaron un auto Volkswagen Gol Trend que hab\u00eda sido robado en la provincia de La Rioja.<\/h3>\n<h3>El procedimiento se llev\u00f3 a cabo en el barrio Pablo D\u00edaz de Villa Mercedes. Tras diversas tareas investigativas, los polic\u00edas acudieron a un domicilio de ese barrio donde se encontraba el veh\u00edculo, el cual lo ten\u00eda una mujer de 52 a\u00f1os de edad.<\/h3>\n<h3>Al realizar la consulta del estado de dominio, el mismo arroj\u00f3 que estaba a nombre de una mujer con domicilio en la provincia de La Rioja.<\/h3>\n<h3>Por tal motivo, se constat\u00f3 la informaci\u00f3n con personal de la Polic\u00eda de La Rioja y, en ese sentido, los efectivos policiales del Departamento de Investigaciones Villa Mercedes secuestraron el veh\u00edculo.<\/h3>\n<h3>Tom\u00f3 intervenci\u00f3n la Fiscal\u00eda de Instrucci\u00f3n N\u00b0 2 de la Segunda Circunscripci\u00f3n Judicial, a cargo de la Dra. Daniela Torres.<\/h3>\n<p>&nbsp;<\/p>\n<p>&nbsp;<\/p>\n<p>&nbsp;<\/p>\n<p>&nbsp;<\/p>\n<p>&nbsp;<\/p>\n<p>&nbsp;<\/p>\n","protected":false},"excerpt":{"rendered":"<p>Este mi\u00e9rcoles, efectivos del Departamento de Investigaciones Villa Mercedes realizaron un procedimiento en esta ciudad,&#8230;<\/p>\n","protected":false},"author":1,"featured_media":20541,"comment_status":"closed","ping_status":"closed","sticky":false,"template":"","format":"standard","meta":{"footnotes":""},"categories":[6],"tags":[],"class_list":["post-20540","post","type-post","status-publish","format-standard","has-post-thumbnail","hentry","category-ciudad-provincia"],"yoast_head":"<!-- This site is optimized with the Yoast SEO plugin v26.1.1 - https:\/\/yoast.com\/wordpress\/plugins\/seo\/ -->\n<title>LA POLIC\u00cdA RECUPER\u00d3 EN VILLA MERCEDES UN AUTO ROBADO EN LA RIOJA - Apuntes de San Luis<\/title>\n<meta name=\"robots\" content=\"index, follow, max-snippet:-1, max-image-preview:large, max-video-preview:-1\" \/>\n<link rel=\"canonical\" href=\"https:\/\/apuntesdesanluis.com\/index.php\/2024\/08\/07\/la-policia-recupero-en-villa-mercedes-un-auto-robado-en-la-rioja\/\" \/>\n<meta property=\"og:locale\" content=\"es_ES\" \/>\n<meta property=\"og:type\" content=\"article\" \/>\n<meta property=\"og:title\" content=\"LA POLIC\u00cdA RECUPER\u00d3 EN VILLA MERCEDES UN AUTO ROBADO EN LA RIOJA - Apuntes de San Luis\" \/>\n<meta property=\"og:description\" content=\"Este mi\u00e9rcoles, efectivos del Departamento de Investigaciones Villa Mercedes realizaron un procedimiento en esta ciudad,...\" \/>\n<meta property=\"og:url\" content=\"https:\/\/apuntesdesanluis.com\/index.php\/2024\/08\/07\/la-policia-recupero-en-villa-mercedes-un-auto-robado-en-la-rioja\/\" \/>\n<meta property=\"og:site_name\" content=\"Apuntes de San Luis\" \/>\n<meta property=\"article:published_time\" content=\"2024-08-07T23:17:58+00:00\" \/>\n<meta property=\"article:modified_time\" content=\"2024-08-08T02:19:39+00:00\" \/>\n<meta property=\"og:image\" content=\"https:\/\/apuntesdesanluis.com\/wp-content\/uploads\/2024\/08\/08856c11-a04c-47df-870a-ec5843a40566.jpg\" \/>\n\t<meta property=\"og:image:width\" content=\"700\" \/>\n\t<meta property=\"og:image:height\" content=\"359\" \/>\n\t<meta property=\"og:image:type\" content=\"image\/jpeg\" \/>\n<meta name=\"author\" content=\"apuntesdesanluis.com\" \/>\n<meta name=\"twitter:card\" content=\"summary_large_image\" \/>\n<meta name=\"twitter:label1\" content=\"Escrito por\" \/>\n\t<meta name=\"twitter:data1\" content=\"apuntesdesanluis.com\" \/>\n\t<meta name=\"twitter:label2\" content=\"Tiempo de lectura\" \/>\n\t<meta name=\"twitter:data2\" content=\"1 minuto\" \/>\n<script type=\"application\/ld+json\" class=\"yoast-schema-graph\">{\"@context\":\"https:\/\/schema.org\",\"@graph\":[{\"@type\":\"Article\",\"@id\":\"https:\/\/apuntesdesanluis.com\/index.php\/2024\/08\/07\/la-policia-recupero-en-villa-mercedes-un-auto-robado-en-la-rioja\/#article\",\"isPartOf\":{\"@id\":\"https:\/\/apuntesdesanluis.com\/index.php\/2024\/08\/07\/la-policia-recupero-en-villa-mercedes-un-auto-robado-en-la-rioja\/\"},\"author\":{\"name\":\"apuntesdesanluis.com\",\"@id\":\"https:\/\/apuntesdesanluis.com\/#\/schema\/person\/b55151d52296fcce64d1a72538a70b90\"},\"headline\":\"LA POLIC\u00cdA RECUPER\u00d3 EN VILLA MERCEDES UN AUTO ROBADO EN LA RIOJA\",\"datePublished\":\"2024-08-07T23:17:58+00:00\",\"dateModified\":\"2024-08-08T02:19:39+00:00\",\"mainEntityOfPage\":{\"@id\":\"https:\/\/apuntesdesanluis.com\/index.php\/2024\/08\/07\/la-policia-recupero-en-villa-mercedes-un-auto-robado-en-la-rioja\/\"},\"wordCount\":185,\"publisher\":{\"@id\":\"https:\/\/apuntesdesanluis.com\/#\/schema\/person\/b55151d52296fcce64d1a72538a70b90\"},\"image\":{\"@id\":\"https:\/\/apuntesdesanluis.com\/index.php\/2024\/08\/07\/la-policia-recupero-en-villa-mercedes-un-auto-robado-en-la-rioja\/#primaryimage\"},\"thumbnailUrl\":\"https:\/\/apuntesdesanluis.com\/wp-content\/uploads\/2024\/08\/08856c11-a04c-47df-870a-ec5843a40566.jpg\",\"articleSection\":[\"Ciudad\/Provincia\"],\"inLanguage\":\"es-AR\"},{\"@type\":\"WebPage\",\"@id\":\"https:\/\/apuntesdesanluis.com\/index.php\/2024\/08\/07\/la-policia-recupero-en-villa-mercedes-un-auto-robado-en-la-rioja\/\",\"url\":\"https:\/\/apuntesdesanluis.com\/index.php\/2024\/08\/07\/la-policia-recupero-en-villa-mercedes-un-auto-robado-en-la-rioja\/\",\"name\":\"LA POLIC\u00cdA RECUPER\u00d3 EN VILLA MERCEDES UN AUTO ROBADO EN LA RIOJA - Apuntes de San Luis\",\"isPartOf\":{\"@id\":\"https:\/\/apuntesdesanluis.com\/#website\"},\"primaryImageOfPage\":{\"@id\":\"https:\/\/apuntesdesanluis.com\/index.php\/2024\/08\/07\/la-policia-recupero-en-villa-mercedes-un-auto-robado-en-la-rioja\/#primaryimage\"},\"image\":{\"@id\":\"https:\/\/apuntesdesanluis.com\/index.php\/2024\/08\/07\/la-policia-recupero-en-villa-mercedes-un-auto-robado-en-la-rioja\/#primaryimage\"},\"thumbnailUrl\":\"https:\/\/apuntesdesanluis.com\/wp-content\/uploads\/2024\/08\/08856c11-a04c-47df-870a-ec5843a40566.jpg\",\"datePublished\":\"2024-08-07T23:17:58+00:00\",\"dateModified\":\"2024-08-08T02:19:39+00:00\",\"breadcrumb\":{\"@id\":\"https:\/\/apuntesdesanluis.com\/index.php\/2024\/08\/07\/la-policia-recupero-en-villa-mercedes-un-auto-robado-en-la-rioja\/#breadcrumb\"},\"inLanguage\":\"es-AR\",\"potentialAction\":[{\"@type\":\"ReadAction\",\"target\":[\"https:\/\/apuntesdesanluis.com\/index.php\/2024\/08\/07\/la-policia-recupero-en-villa-mercedes-un-auto-robado-en-la-rioja\/\"]}]},{\"@type\":\"ImageObject\",\"inLanguage\":\"es-AR\",\"@id\":\"https:\/\/apuntesdesanluis.com\/index.php\/2024\/08\/07\/la-policia-recupero-en-villa-mercedes-un-auto-robado-en-la-rioja\/#primaryimage\",\"url\":\"https:\/\/apuntesdesanluis.com\/wp-content\/uploads\/2024\/08\/08856c11-a04c-47df-870a-ec5843a40566.jpg\",\"contentUrl\":\"https:\/\/apuntesdesanluis.com\/wp-content\/uploads\/2024\/08\/08856c11-a04c-47df-870a-ec5843a40566.jpg\",\"width\":700,\"height\":359},{\"@type\":\"BreadcrumbList\",\"@id\":\"https:\/\/apuntesdesanluis.com\/index.php\/2024\/08\/07\/la-policia-recupero-en-villa-mercedes-un-auto-robado-en-la-rioja\/#breadcrumb\",\"itemListElement\":[{\"@type\":\"ListItem\",\"position\":1,\"name\":\"Inicio\",\"item\":\"https:\/\/apuntesdesanluis.com\/\"},{\"@type\":\"ListItem\",\"position\":2,\"name\":\"LA POLIC\u00cdA RECUPER\u00d3 EN VILLA MERCEDES UN AUTO ROBADO EN LA RIOJA\"}]},{\"@type\":\"WebSite\",\"@id\":\"https:\/\/apuntesdesanluis.com\/#website\",\"url\":\"https:\/\/apuntesdesanluis.com\/\",\"name\":\"Apuntes de San Luis\",\"description\":\"\",\"publisher\":{\"@id\":\"https:\/\/apuntesdesanluis.com\/#\/schema\/person\/b55151d52296fcce64d1a72538a70b90\"},\"potentialAction\":[{\"@type\":\"SearchAction\",\"target\":{\"@type\":\"EntryPoint\",\"urlTemplate\":\"https:\/\/apuntesdesanluis.com\/?s={search_term_string}\"},\"query-input\":{\"@type\":\"PropertyValueSpecification\",\"valueRequired\":true,\"valueName\":\"search_term_string\"}}],\"inLanguage\":\"es-AR\"},{\"@type\":[\"Person\",\"Organization\"],\"@id\":\"https:\/\/apuntesdesanluis.com\/#\/schema\/person\/b55151d52296fcce64d1a72538a70b90\",\"name\":\"apuntesdesanluis.com\",\"image\":{\"@type\":\"ImageObject\",\"inLanguage\":\"es-AR\",\"@id\":\"https:\/\/apuntesdesanluis.com\/#\/schema\/person\/image\/\",\"url\":\"https:\/\/apuntesdesanluis.com\/wp-content\/uploads\/2023\/07\/cropped-apuntesdesanluis.png\",\"contentUrl\":\"https:\/\/apuntesdesanluis.com\/wp-content\/uploads\/2023\/07\/cropped-apuntesdesanluis.png\",\"width\":450,\"height\":112,\"caption\":\"apuntesdesanluis.com\"},\"logo\":{\"@id\":\"https:\/\/apuntesdesanluis.com\/#\/schema\/person\/image\/\"},\"sameAs\":[\"https:\/\/apuntesdesanluis.com\"],\"url\":\"https:\/\/apuntesdesanluis.com\/index.php\/author\/apuntesdesanluis-com\/\"}]}<\/script>\n<!-- \/ Yoast SEO plugin. -->","yoast_head_json":{"title":"LA POLIC\u00cdA RECUPER\u00d3 EN VILLA MERCEDES UN AUTO ROBADO EN LA RIOJA - Apuntes de San Luis","robots":{"index":"index","follow":"follow","max-snippet":"max-snippet:-1","max-image-preview":"max-image-preview:large","max-video-preview":"max-video-preview:-1"},"canonical":"https:\/\/apuntesdesanluis.com\/index.php\/2024\/08\/07\/la-policia-recupero-en-villa-mercedes-un-auto-robado-en-la-rioja\/","og_locale":"es_ES","og_type":"article","og_title":"LA POLIC\u00cdA RECUPER\u00d3 EN VILLA MERCEDES UN AUTO ROBADO EN LA RIOJA - Apuntes de San Luis","og_description":"Este mi\u00e9rcoles, efectivos del Departamento de Investigaciones Villa Mercedes realizaron un procedimiento en esta ciudad,...","og_url":"https:\/\/apuntesdesanluis.com\/index.php\/2024\/08\/07\/la-policia-recupero-en-villa-mercedes-un-auto-robado-en-la-rioja\/","og_site_name":"Apuntes de San Luis","article_published_time":"2024-08-07T23:17:58+00:00","article_modified_time":"2024-08-08T02:19:39+00:00","og_image":[{"width":700,"height":359,"url":"https:\/\/apuntesdesanluis.com\/wp-content\/uploads\/2024\/08\/08856c11-a04c-47df-870a-ec5843a40566.jpg","type":"image\/jpeg"}],"author":"apuntesdesanluis.com","twitter_card":"summary_large_image","twitter_misc":{"Escrito por":"apuntesdesanluis.com","Tiempo de lectura":"1 minuto"},"schema":{"@context":"https:\/\/schema.org","@graph":[{"@type":"Article","@id":"https:\/\/apuntesdesanluis.com\/index.php\/2024\/08\/07\/la-policia-recupero-en-villa-mercedes-un-auto-robado-en-la-rioja\/#article","isPartOf":{"@id":"https:\/\/apuntesdesanluis.com\/index.php\/2024\/08\/07\/la-policia-recupero-en-villa-mercedes-un-auto-robado-en-la-rioja\/"},"author":{"name":"apuntesdesanluis.com","@id":"https:\/\/apuntesdesanluis.com\/#\/schema\/person\/b55151d52296fcce64d1a72538a70b90"},"headline":"LA POLIC\u00cdA RECUPER\u00d3 EN VILLA MERCEDES UN AUTO ROBADO EN LA RIOJA","datePublished":"2024-08-07T23:17:58+00:00","dateModified":"2024-08-08T02:19:39+00:00","mainEntityOfPage":{"@id":"https:\/\/apuntesdesanluis.com\/index.php\/2024\/08\/07\/la-policia-recupero-en-villa-mercedes-un-auto-robado-en-la-rioja\/"},"wordCount":185,"publisher":{"@id":"https:\/\/apuntesdesanluis.com\/#\/schema\/person\/b55151d52296fcce64d1a72538a70b90"},"image":{"@id":"https:\/\/apuntesdesanluis.com\/index.php\/2024\/08\/07\/la-policia-recupero-en-villa-mercedes-un-auto-robado-en-la-rioja\/#primaryimage"},"thumbnailUrl":"https:\/\/apuntesdesanluis.com\/wp-content\/uploads\/2024\/08\/08856c11-a04c-47df-870a-ec5843a40566.jpg","articleSection":["Ciudad\/Provincia"],"inLanguage":"es-AR"},{"@type":"WebPage","@id":"https:\/\/apuntesdesanluis.com\/index.php\/2024\/08\/07\/la-policia-recupero-en-villa-mercedes-un-auto-robado-en-la-rioja\/","url":"https:\/\/apuntesdesanluis.com\/index.php\/2024\/08\/07\/la-policia-recupero-en-villa-mercedes-un-auto-robado-en-la-rioja\/","name":"LA POLIC\u00cdA RECUPER\u00d3 EN VILLA MERCEDES UN AUTO ROBADO EN LA RIOJA - Apuntes de San Luis","isPartOf":{"@id":"https:\/\/apuntesdesanluis.com\/#website"},"primaryImageOfPage":{"@id":"https:\/\/apuntesdesanluis.com\/index.php\/2024\/08\/07\/la-policia-recupero-en-villa-mercedes-un-auto-robado-en-la-rioja\/#primaryimage"},"image":{"@id":"https:\/\/apuntesdesanluis.com\/index.php\/2024\/08\/07\/la-policia-recupero-en-villa-mercedes-un-auto-robado-en-la-rioja\/#primaryimage"},"thumbnailUrl":"https:\/\/apuntesdesanluis.com\/wp-content\/uploads\/2024\/08\/08856c11-a04c-47df-870a-ec5843a40566.jpg","datePublished":"2024-08-07T23:17:58+00:00","dateModified":"2024-08-08T02:19:39+00:00","breadcrumb":{"@id":"https:\/\/apuntesdesanluis.com\/index.php\/2024\/08\/07\/la-policia-recupero-en-villa-mercedes-un-auto-robado-en-la-rioja\/#breadcrumb"},"inLanguage":"es-AR","potentialAction":[{"@type":"ReadAction","target":["https:\/\/apuntesdesanluis.com\/index.php\/2024\/08\/07\/la-policia-recupero-en-villa-mercedes-un-auto-robado-en-la-rioja\/"]}]},{"@type":"ImageObject","inLanguage":"es-AR","@id":"https:\/\/apuntesdesanluis.com\/index.php\/2024\/08\/07\/la-policia-recupero-en-villa-mercedes-un-auto-robado-en-la-rioja\/#primaryimage","url":"https:\/\/apuntesdesanluis.com\/wp-content\/uploads\/2024\/08\/08856c11-a04c-47df-870a-ec5843a40566.jpg","contentUrl":"https:\/\/apuntesdesanluis.com\/wp-content\/uploads\/2024\/08\/08856c11-a04c-47df-870a-ec5843a40566.jpg","width":700,"height":359},{"@type":"BreadcrumbList","@id":"https:\/\/apuntesdesanluis.com\/index.php\/2024\/08\/07\/la-policia-recupero-en-villa-mercedes-un-auto-robado-en-la-rioja\/#breadcrumb","itemListElement":[{"@type":"ListItem","position":1,"name":"Inicio","item":"https:\/\/apuntesdesanluis.com\/"},{"@type":"ListItem","position":2,"name":"LA POLIC\u00cdA RECUPER\u00d3 EN VILLA MERCEDES UN AUTO ROBADO EN LA RIOJA"}]},{"@type":"WebSite","@id":"https:\/\/apuntesdesanluis.com\/#website","url":"https:\/\/apuntesdesanluis.com\/","name":"Apuntes de San Luis","description":"","publisher":{"@id":"https:\/\/apuntesdesanluis.com\/#\/schema\/person\/b55151d52296fcce64d1a72538a70b90"},"potentialAction":[{"@type":"SearchAction","target":{"@type":"EntryPoint","urlTemplate":"https:\/\/apuntesdesanluis.com\/?s={search_term_string}"},"query-input":{"@type":"PropertyValueSpecification","valueRequired":true,"valueName":"search_term_string"}}],"inLanguage":"es-AR"},{"@type":["Person","Organization"],"@id":"https:\/\/apuntesdesanluis.com\/#\/schema\/person\/b55151d52296fcce64d1a72538a70b90","name":"apuntesdesanluis.com","image":{"@type":"ImageObject","inLanguage":"es-AR","@id":"https:\/\/apuntesdesanluis.com\/#\/schema\/person\/image\/","url":"https:\/\/apuntesdesanluis.com\/wp-content\/uploads\/2023\/07\/cropped-apuntesdesanluis.png","contentUrl":"https:\/\/apuntesdesanluis.com\/wp-content\/uploads\/2023\/07\/cropped-apuntesdesanluis.png","width":450,"height":112,"caption":"apuntesdesanluis.com"},"logo":{"@id":"https:\/\/apuntesdesanluis.com\/#\/schema\/person\/image\/"},"sameAs":["https:\/\/apuntesdesanluis.com"],"url":"https:\/\/apuntesdesanluis.com\/index.php\/author\/apuntesdesanluis-com\/"}]}},"featured_image_urls":{"full":["https:\/\/apuntesdesanluis.com\/wp-content\/uploads\/2024\/08\/08856c11-a04c-47df-870a-ec5843a40566.jpg",700,359,false],"thumbnail":["https:\/\/apuntesdesanluis.com\/wp-content\/uploads\/2024\/08\/08856c11-a04c-47df-870a-ec5843a40566-150x150.jpg",150,150,true],"medium":["https:\/\/apuntesdesanluis.com\/wp-content\/uploads\/2024\/08\/08856c11-a04c-47df-870a-ec5843a40566-300x154.jpg",300,154,true],"medium_large":["https:\/\/apuntesdesanluis.com\/wp-content\/uploads\/2024\/08\/08856c11-a04c-47df-870a-ec5843a40566.jpg",640,328,false],"large":["https:\/\/apuntesdesanluis.com\/wp-content\/uploads\/2024\/08\/08856c11-a04c-47df-870a-ec5843a40566.jpg",640,328,false],"1536x1536":["https:\/\/apuntesdesanluis.com\/wp-content\/uploads\/2024\/08\/08856c11-a04c-47df-870a-ec5843a40566.jpg",700,359,false],"2048x2048":["https:\/\/apuntesdesanluis.com\/wp-content\/uploads\/2024\/08\/08856c11-a04c-47df-870a-ec5843a40566.jpg",700,359,false],"newsever-slider-full":["https:\/\/apuntesdesanluis.com\/wp-content\/uploads\/2024\/08\/08856c11-a04c-47df-870a-ec5843a40566.jpg",700,359,false],"newsever-featured":["https:\/\/apuntesdesanluis.com\/wp-content\/uploads\/2024\/08\/08856c11-a04c-47df-870a-ec5843a40566.jpg",700,359,false],"newsever-medium":["https:\/\/apuntesdesanluis.com\/wp-content\/uploads\/2024\/08\/08856c11-a04c-47df-870a-ec5843a40566.jpg",700,359,false]},"author_info":{"display_name":"apuntesdesanluis.com","author_link":"https:\/\/apuntesdesanluis.com\/index.php\/author\/apuntesdesanluis-com\/"},"category_info":"<a href=\"https:\/\/apuntesdesanluis.com\/index.php\/category\/ciudad-provincia\/\" rel=\"category tag\">Ciudad\/Provincia<\/a>","tag_info":"Ciudad\/Provincia","comment_count":"0","_links":{"self":[{"href":"https:\/\/apuntesdesanluis.com\/index.php\/wp-json\/wp\/v2\/posts\/20540","targetHints":{"allow":["GET"]}}],"collection":[{"href":"https:\/\/apuntesdesanluis.com\/index.php\/wp-json\/wp\/v2\/posts"}],"about":[{"href":"https:\/\/apuntesdesanluis.com\/index.php\/wp-json\/wp\/v2\/types\/post"}],"author":[{"embeddable":true,"href":"https:\/\/apuntesdesanluis.com\/index.php\/wp-json\/wp\/v2\/users\/1"}],"replies":[{"embeddable":true,"href":"https:\/\/apuntesdesanluis.com\/index.php\/wp-json\/wp\/v2\/comments?post=20540"}],"version-history":[{"count":1,"href":"https:\/\/apuntesdesanluis.com\/index.php\/wp-json\/wp\/v2\/posts\/20540\/revisions"}],"predecessor-version":[{"id":20542,"href":"https:\/\/apuntesdesanluis.com\/index.php\/wp-json\/wp\/v2\/posts\/20540\/revisions\/20542"}],"wp:featuredmedia":[{"embeddable":true,"href":"https:\/\/apuntesdesanluis.com\/index.php\/wp-json\/wp\/v2\/media\/20541"}],"wp:attachment":[{"href":"https:\/\/apuntesdesanluis.com\/index.php\/wp-json\/wp\/v2\/media?parent=20540"}],"wp:term":[{"taxonomy":"category","embeddable":true,"href":"https:\/\/apuntesdesanluis.com\/index.php\/wp-json\/wp\/v2\/categories?post=20540"},{"taxonomy":"post_tag","embeddable":true,"href":"https:\/\/apuntesdesanluis.com\/index.php\/wp-json\/wp\/v2\/tags?post=20540"}],"curies":[{"name":"wp","href":"https:\/\/api.w.org\/{rel}","templated":true}]}}