{"id":2056,"date":"2023-08-24T12:20:48","date_gmt":"2023-08-24T15:20:48","guid":{"rendered":"https:\/\/apuntesdesanluis.com\/?p=2056"},"modified":"2023-08-24T12:24:04","modified_gmt":"2023-08-24T15:24:04","slug":"alberto-fernandez-celebro-el-ingreso-de-la-argentina-al-bloque-brics","status":"publish","type":"post","link":"https:\/\/apuntesdesanluis.com\/index.php\/2023\/08\/24\/alberto-fernandez-celebro-el-ingreso-de-la-argentina-al-bloque-brics\/","title":{"rendered":"ALBERTO FERN\u00c1NDEZ CELEBR\u00d3 EL INGRESO DE LA ARGENTINA AL BLOQUE BRICS"},"content":{"rendered":"<h3>El presidente <strong>Alberto Fern\u00e1ndez<\/strong> celebr\u00f3 el ingreso de la Argentina al bloque BRICS y destac\u00f3 que &#8220;se abre un nuevo escenario&#8221; para el pa\u00eds.<\/h3>\n<h3>&#8220;Nos hemos incorporado a la alianza de los BRICS, los pa\u00edses m\u00e1s importantes de las econom\u00edas emergentes&#8221;, sostuvo el mandatario.<\/h3>\n<h3>A trav\u00e9s de un mensaje grabado en la Quinta de Olivos y transmitido por cadena nacional, el jefe de Estado remarc\u00f3 que &#8220;se abre un nuevo escenario para la Argentina&#8221;.<\/h3>\n<p>&nbsp;<\/p>\n<p><iframe title=\"&quot;Para la Argentina, los Brics son una nueva oportunidad&quot;, destaca Alberto Fern\u00e1ndez\" width=\"640\" height=\"360\" src=\"https:\/\/www.youtube.com\/embed\/Wf0VXBmPeMU?feature=oembed\" frameborder=\"0\" allow=\"accelerometer; autoplay; clipboard-write; encrypted-media; gyroscope; picture-in-picture; web-share\" referrerpolicy=\"strict-origin-when-cross-origin\" allowfullscreen><\/iframe><\/p>\n<h3><\/h3>\n<h3>&#8220;Vamos a ser protagonistas de un destino com\u00fan en un bloque que representa m\u00e1s del 40% de la poblaci\u00f3n mundial. Seguimos fortaleciendo relaciones fruct\u00edferas, aut\u00f3nomas y diversas con otros pa\u00edses del mundo&#8221;, a\u00f1adi\u00f3.<\/h3>\n<h3>Adem\u00e1s, subray\u00f3 que la Argentina &#8220;fue, es y ser\u00e1 un pa\u00eds integracionista&#8221;, ya que remarc\u00f3 que esa pol\u00edtica permite abrir nuevos mercados para ampliar las exportaciones.<\/h3>\n<h3>&#8220;Iniciamos el proceso de ingreso a los BRICS en la convicci\u00f3n de que se trataba de una plataforma pol\u00edtica y econ\u00f3mica necesaria frente a un mundo inestable e inequitativo, donde los pa\u00edses con econom\u00edas emergentes requerimos mayores niveles de integraci\u00f3n&#8221;, describi\u00f3.<\/h3>\n<h3>QU\u00c9 ES EL BRICS<\/h3>\n<h3>El denominado grupo BRICS es un conjunto de pa\u00edses en desarrollo que formaron un bloque para promover la cooperaci\u00f3n comercial y econ\u00f3mica mutua y para contrapesar el poder de los pa\u00edses centrales asociados a instituciones como el Fondo Monetario Internacional (FMI) o similares organismos europeos.<\/h3>\n<h3>Fue creado en 2006 por Brasil, Rusia, India y China bajo la denominaci\u00f3n de BRIC y tuvieron su primera cumbre en la ciudad rusa de Ekaterimburgo en 2009.<\/h3>\n<h3>El acr\u00f3nimo fue acu\u00f1ado en 2001 por el economista de Goldman Sachs, Jim O\u2019Neil, quien comenz\u00f3 a agrupar a estos pa\u00edses por considerarlos los de mayor potencial crecimiento del planeta.<\/h3>\n<h3>En 2010, Sud\u00e1frica se uni\u00f3 al grupo a\u00f1adiendo la \u201cS\u201d final a la sigla que lo define. De acuerdo a los datos oficiales, el grupo representa m\u00e1s del 42% de la poblaci\u00f3n mundial, cerca del 30%, y el 18% del comercio global.<\/h3>\n<h3>De all\u00ed a que algunos analistas comienzan a observarlo como un claro competidor de Occidente.<\/h3>\n<h3>La presidencia es rotatoria y este a\u00f1o la ejerce Sud\u00e1frica, pa\u00eds donde se est\u00e1 desarrollando la cumbre que habilit\u00f3 el ingreso de la Argentina al grupo.<\/h3>\n<h3>La de este a\u00f1o es la primera cumbre presencial de los BRICS desde 2019, periodo en el que estas reuniones se desarrollaron por videoconferencia debido a la pandemia de covid-19.<\/h3>\n<h3>La ampliaci\u00f3n de los BRICS con otros seis pa\u00edses &#8220;representa un nuevo cap\u00edtulo en la colaboraci\u00f3n entre los pa\u00edses emergentes y en desarrollo&#8221;, destac\u00f3 el presidente chino, Xi Jinping, durante la rueda de prensa final de la cumbre.<\/h3>\n<h3>Qu\u00e9 representa para la Argentina:<\/h3>\n<h3>Fuentes oficiales detallaron cu\u00e1les son los aspectos que favorecer\u00e1n el ingreso de Argentina a este bloque.<\/h3>\n<h3>&#8211; India es un mercado estrat\u00e9gico para las exportaciones nacionales, especialmente el aceite de soja, adem\u00e1s de ser un comprador relevante del ma\u00edz argentino.<\/h3>\n<h3>&#8211; China es un destino clave para las carnes argentinas, llev\u00e1ndose sostenidamente m\u00e1s de la mitad de este comercio exterior. El gigante asi\u00e1tico es tambi\u00e9n el principal mercado del poroto de soja argentino.<\/h3>\n<h3>&#8211; El trigo y la cebada producidas en Argentina encuentran en Brasil a su principal comprador, quien, adem\u00e1s, es un robusto demandante de ma\u00edz.<\/h3>\n<h3>&#8211; En conjunto, la participaci\u00f3n de los BRICS en el comercio exterior argentino oscil\u00f3 entre el 20% y el 30% del total exportado.<\/h3>\n<h3>&#8211; Tres de los cinco primeros socios comerciales argentinos son mercados BRICS:<\/h3>\n<h3>&#8211; Para ocho provincias, el principal destino exportador es China (Jujuy, Santiago del Estero, Formosa, Chaco, Catamarca, Entre R\u00edos, San Luis y La Pampa).<\/h3>\n<h3>&#8211; Trigo, bienes de la industria automotriz y vinos destacan en la canasta exportadora de las cuatro provincias que tienen a Brasil como principal destino (Buenos Aires, C\u00f3rdoba, Mendoza, La Rioja).<\/h3>\n<h3>&#8211; La importancia de la industria aceitera hacen de India el principal socio comercial de Santa Fe y tambi\u00e9n de San Juan, el primer mercado del oro que se exporta desde la provincia cuyana.<\/h3>\n<p>&nbsp;<\/p>\n<p>&nbsp;<\/p>\n","protected":false},"excerpt":{"rendered":"<p>El presidente Alberto Fern\u00e1ndez celebr\u00f3 el ingreso de la Argentina al bloque BRICS y destac\u00f3&#8230;<\/p>\n","protected":false},"author":1,"featured_media":2057,"comment_status":"closed","ping_status":"closed","sticky":false,"template":"","format":"standard","meta":{"footnotes":""},"categories":[5],"tags":[],"class_list":["post-2056","post","type-post","status-publish","format-standard","has-post-thumbnail","hentry","category-nacionales-internacionales"],"yoast_head":"<!-- This site is optimized with the Yoast SEO plugin v26.1.1 - https:\/\/yoast.com\/wordpress\/plugins\/seo\/ -->\n<title>ALBERTO FERN\u00c1NDEZ CELEBR\u00d3 EL INGRESO DE LA ARGENTINA AL BLOQUE BRICS - Apuntes de San Luis<\/title>\n<meta name=\"robots\" content=\"index, follow, max-snippet:-1, max-image-preview:large, max-video-preview:-1\" \/>\n<link rel=\"canonical\" href=\"https:\/\/apuntesdesanluis.com\/index.php\/2023\/08\/24\/alberto-fernandez-celebro-el-ingreso-de-la-argentina-al-bloque-brics\/\" \/>\n<meta property=\"og:locale\" content=\"es_ES\" \/>\n<meta property=\"og:type\" content=\"article\" \/>\n<meta property=\"og:title\" content=\"ALBERTO FERN\u00c1NDEZ CELEBR\u00d3 EL INGRESO DE LA ARGENTINA AL BLOQUE BRICS - Apuntes de San Luis\" \/>\n<meta property=\"og:description\" content=\"El presidente Alberto Fern\u00e1ndez celebr\u00f3 el ingreso de la Argentina al bloque BRICS y destac\u00f3...\" \/>\n<meta property=\"og:url\" content=\"https:\/\/apuntesdesanluis.com\/index.php\/2023\/08\/24\/alberto-fernandez-celebro-el-ingreso-de-la-argentina-al-bloque-brics\/\" \/>\n<meta property=\"og:site_name\" content=\"Apuntes de San Luis\" \/>\n<meta property=\"article:published_time\" content=\"2023-08-24T15:20:48+00:00\" \/>\n<meta property=\"article:modified_time\" content=\"2023-08-24T15:24:04+00:00\" \/>\n<meta property=\"og:image\" content=\"https:\/\/apuntesdesanluis.com\/wp-content\/uploads\/2023\/08\/fernandez.png\" \/>\n\t<meta property=\"og:image:width\" content=\"696\" \/>\n\t<meta property=\"og:image:height\" content=\"411\" \/>\n\t<meta property=\"og:image:type\" content=\"image\/png\" \/>\n<meta name=\"author\" content=\"apuntesdesanluis.com\" \/>\n<meta name=\"twitter:card\" content=\"summary_large_image\" \/>\n<meta name=\"twitter:label1\" content=\"Escrito por\" \/>\n\t<meta name=\"twitter:data1\" content=\"apuntesdesanluis.com\" \/>\n\t<meta name=\"twitter:label2\" content=\"Tiempo de lectura\" \/>\n\t<meta name=\"twitter:data2\" content=\"3 minutos\" \/>\n<script type=\"application\/ld+json\" class=\"yoast-schema-graph\">{\"@context\":\"https:\/\/schema.org\",\"@graph\":[{\"@type\":\"Article\",\"@id\":\"https:\/\/apuntesdesanluis.com\/index.php\/2023\/08\/24\/alberto-fernandez-celebro-el-ingreso-de-la-argentina-al-bloque-brics\/#article\",\"isPartOf\":{\"@id\":\"https:\/\/apuntesdesanluis.com\/index.php\/2023\/08\/24\/alberto-fernandez-celebro-el-ingreso-de-la-argentina-al-bloque-brics\/\"},\"author\":{\"name\":\"apuntesdesanluis.com\",\"@id\":\"https:\/\/apuntesdesanluis.com\/#\/schema\/person\/b55151d52296fcce64d1a72538a70b90\"},\"headline\":\"ALBERTO FERN\u00c1NDEZ CELEBR\u00d3 EL INGRESO DE LA ARGENTINA AL BLOQUE BRICS\",\"datePublished\":\"2023-08-24T15:20:48+00:00\",\"dateModified\":\"2023-08-24T15:24:04+00:00\",\"mainEntityOfPage\":{\"@id\":\"https:\/\/apuntesdesanluis.com\/index.php\/2023\/08\/24\/alberto-fernandez-celebro-el-ingreso-de-la-argentina-al-bloque-brics\/\"},\"wordCount\":728,\"publisher\":{\"@id\":\"https:\/\/apuntesdesanluis.com\/#\/schema\/person\/b55151d52296fcce64d1a72538a70b90\"},\"image\":{\"@id\":\"https:\/\/apuntesdesanluis.com\/index.php\/2023\/08\/24\/alberto-fernandez-celebro-el-ingreso-de-la-argentina-al-bloque-brics\/#primaryimage\"},\"thumbnailUrl\":\"https:\/\/apuntesdesanluis.com\/wp-content\/uploads\/2023\/08\/fernandez.png\",\"articleSection\":[\"Nacionales\/Internacionales\"],\"inLanguage\":\"es-AR\"},{\"@type\":\"WebPage\",\"@id\":\"https:\/\/apuntesdesanluis.com\/index.php\/2023\/08\/24\/alberto-fernandez-celebro-el-ingreso-de-la-argentina-al-bloque-brics\/\",\"url\":\"https:\/\/apuntesdesanluis.com\/index.php\/2023\/08\/24\/alberto-fernandez-celebro-el-ingreso-de-la-argentina-al-bloque-brics\/\",\"name\":\"ALBERTO FERN\u00c1NDEZ CELEBR\u00d3 EL INGRESO DE LA ARGENTINA AL BLOQUE BRICS - Apuntes de San Luis\",\"isPartOf\":{\"@id\":\"https:\/\/apuntesdesanluis.com\/#website\"},\"primaryImageOfPage\":{\"@id\":\"https:\/\/apuntesdesanluis.com\/index.php\/2023\/08\/24\/alberto-fernandez-celebro-el-ingreso-de-la-argentina-al-bloque-brics\/#primaryimage\"},\"image\":{\"@id\":\"https:\/\/apuntesdesanluis.com\/index.php\/2023\/08\/24\/alberto-fernandez-celebro-el-ingreso-de-la-argentina-al-bloque-brics\/#primaryimage\"},\"thumbnailUrl\":\"https:\/\/apuntesdesanluis.com\/wp-content\/uploads\/2023\/08\/fernandez.png\",\"datePublished\":\"2023-08-24T15:20:48+00:00\",\"dateModified\":\"2023-08-24T15:24:04+00:00\",\"breadcrumb\":{\"@id\":\"https:\/\/apuntesdesanluis.com\/index.php\/2023\/08\/24\/alberto-fernandez-celebro-el-ingreso-de-la-argentina-al-bloque-brics\/#breadcrumb\"},\"inLanguage\":\"es-AR\",\"potentialAction\":[{\"@type\":\"ReadAction\",\"target\":[\"https:\/\/apuntesdesanluis.com\/index.php\/2023\/08\/24\/alberto-fernandez-celebro-el-ingreso-de-la-argentina-al-bloque-brics\/\"]}]},{\"@type\":\"ImageObject\",\"inLanguage\":\"es-AR\",\"@id\":\"https:\/\/apuntesdesanluis.com\/index.php\/2023\/08\/24\/alberto-fernandez-celebro-el-ingreso-de-la-argentina-al-bloque-brics\/#primaryimage\",\"url\":\"https:\/\/apuntesdesanluis.com\/wp-content\/uploads\/2023\/08\/fernandez.png\",\"contentUrl\":\"https:\/\/apuntesdesanluis.com\/wp-content\/uploads\/2023\/08\/fernandez.png\",\"width\":696,\"height\":411},{\"@type\":\"BreadcrumbList\",\"@id\":\"https:\/\/apuntesdesanluis.com\/index.php\/2023\/08\/24\/alberto-fernandez-celebro-el-ingreso-de-la-argentina-al-bloque-brics\/#breadcrumb\",\"itemListElement\":[{\"@type\":\"ListItem\",\"position\":1,\"name\":\"Inicio\",\"item\":\"https:\/\/apuntesdesanluis.com\/\"},{\"@type\":\"ListItem\",\"position\":2,\"name\":\"ALBERTO FERN\u00c1NDEZ CELEBR\u00d3 EL INGRESO DE LA ARGENTINA AL BLOQUE BRICS\"}]},{\"@type\":\"WebSite\",\"@id\":\"https:\/\/apuntesdesanluis.com\/#website\",\"url\":\"https:\/\/apuntesdesanluis.com\/\",\"name\":\"Apuntes de San Luis\",\"description\":\"\",\"publisher\":{\"@id\":\"https:\/\/apuntesdesanluis.com\/#\/schema\/person\/b55151d52296fcce64d1a72538a70b90\"},\"potentialAction\":[{\"@type\":\"SearchAction\",\"target\":{\"@type\":\"EntryPoint\",\"urlTemplate\":\"https:\/\/apuntesdesanluis.com\/?s={search_term_string}\"},\"query-input\":{\"@type\":\"PropertyValueSpecification\",\"valueRequired\":true,\"valueName\":\"search_term_string\"}}],\"inLanguage\":\"es-AR\"},{\"@type\":[\"Person\",\"Organization\"],\"@id\":\"https:\/\/apuntesdesanluis.com\/#\/schema\/person\/b55151d52296fcce64d1a72538a70b90\",\"name\":\"apuntesdesanluis.com\",\"image\":{\"@type\":\"ImageObject\",\"inLanguage\":\"es-AR\",\"@id\":\"https:\/\/apuntesdesanluis.com\/#\/schema\/person\/image\/\",\"url\":\"https:\/\/apuntesdesanluis.com\/wp-content\/uploads\/2023\/07\/cropped-apuntesdesanluis.png\",\"contentUrl\":\"https:\/\/apuntesdesanluis.com\/wp-content\/uploads\/2023\/07\/cropped-apuntesdesanluis.png\",\"width\":450,\"height\":112,\"caption\":\"apuntesdesanluis.com\"},\"logo\":{\"@id\":\"https:\/\/apuntesdesanluis.com\/#\/schema\/person\/image\/\"},\"sameAs\":[\"https:\/\/apuntesdesanluis.com\"],\"url\":\"https:\/\/apuntesdesanluis.com\/index.php\/author\/apuntesdesanluis-com\/\"}]}<\/script>\n<!-- \/ Yoast SEO plugin. -->","yoast_head_json":{"title":"ALBERTO FERN\u00c1NDEZ CELEBR\u00d3 EL INGRESO DE LA ARGENTINA AL BLOQUE BRICS - Apuntes de San Luis","robots":{"index":"index","follow":"follow","max-snippet":"max-snippet:-1","max-image-preview":"max-image-preview:large","max-video-preview":"max-video-preview:-1"},"canonical":"https:\/\/apuntesdesanluis.com\/index.php\/2023\/08\/24\/alberto-fernandez-celebro-el-ingreso-de-la-argentina-al-bloque-brics\/","og_locale":"es_ES","og_type":"article","og_title":"ALBERTO FERN\u00c1NDEZ CELEBR\u00d3 EL INGRESO DE LA ARGENTINA AL BLOQUE BRICS - Apuntes de San Luis","og_description":"El presidente Alberto Fern\u00e1ndez celebr\u00f3 el ingreso de la Argentina al bloque BRICS y destac\u00f3...","og_url":"https:\/\/apuntesdesanluis.com\/index.php\/2023\/08\/24\/alberto-fernandez-celebro-el-ingreso-de-la-argentina-al-bloque-brics\/","og_site_name":"Apuntes de San Luis","article_published_time":"2023-08-24T15:20:48+00:00","article_modified_time":"2023-08-24T15:24:04+00:00","og_image":[{"width":696,"height":411,"url":"https:\/\/apuntesdesanluis.com\/wp-content\/uploads\/2023\/08\/fernandez.png","type":"image\/png"}],"author":"apuntesdesanluis.com","twitter_card":"summary_large_image","twitter_misc":{"Escrito por":"apuntesdesanluis.com","Tiempo de lectura":"3 minutos"},"schema":{"@context":"https:\/\/schema.org","@graph":[{"@type":"Article","@id":"https:\/\/apuntesdesanluis.com\/index.php\/2023\/08\/24\/alberto-fernandez-celebro-el-ingreso-de-la-argentina-al-bloque-brics\/#article","isPartOf":{"@id":"https:\/\/apuntesdesanluis.com\/index.php\/2023\/08\/24\/alberto-fernandez-celebro-el-ingreso-de-la-argentina-al-bloque-brics\/"},"author":{"name":"apuntesdesanluis.com","@id":"https:\/\/apuntesdesanluis.com\/#\/schema\/person\/b55151d52296fcce64d1a72538a70b90"},"headline":"ALBERTO FERN\u00c1NDEZ CELEBR\u00d3 EL INGRESO DE LA ARGENTINA AL BLOQUE BRICS","datePublished":"2023-08-24T15:20:48+00:00","dateModified":"2023-08-24T15:24:04+00:00","mainEntityOfPage":{"@id":"https:\/\/apuntesdesanluis.com\/index.php\/2023\/08\/24\/alberto-fernandez-celebro-el-ingreso-de-la-argentina-al-bloque-brics\/"},"wordCount":728,"publisher":{"@id":"https:\/\/apuntesdesanluis.com\/#\/schema\/person\/b55151d52296fcce64d1a72538a70b90"},"image":{"@id":"https:\/\/apuntesdesanluis.com\/index.php\/2023\/08\/24\/alberto-fernandez-celebro-el-ingreso-de-la-argentina-al-bloque-brics\/#primaryimage"},"thumbnailUrl":"https:\/\/apuntesdesanluis.com\/wp-content\/uploads\/2023\/08\/fernandez.png","articleSection":["Nacionales\/Internacionales"],"inLanguage":"es-AR"},{"@type":"WebPage","@id":"https:\/\/apuntesdesanluis.com\/index.php\/2023\/08\/24\/alberto-fernandez-celebro-el-ingreso-de-la-argentina-al-bloque-brics\/","url":"https:\/\/apuntesdesanluis.com\/index.php\/2023\/08\/24\/alberto-fernandez-celebro-el-ingreso-de-la-argentina-al-bloque-brics\/","name":"ALBERTO FERN\u00c1NDEZ CELEBR\u00d3 EL INGRESO DE LA ARGENTINA AL BLOQUE BRICS - Apuntes de San Luis","isPartOf":{"@id":"https:\/\/apuntesdesanluis.com\/#website"},"primaryImageOfPage":{"@id":"https:\/\/apuntesdesanluis.com\/index.php\/2023\/08\/24\/alberto-fernandez-celebro-el-ingreso-de-la-argentina-al-bloque-brics\/#primaryimage"},"image":{"@id":"https:\/\/apuntesdesanluis.com\/index.php\/2023\/08\/24\/alberto-fernandez-celebro-el-ingreso-de-la-argentina-al-bloque-brics\/#primaryimage"},"thumbnailUrl":"https:\/\/apuntesdesanluis.com\/wp-content\/uploads\/2023\/08\/fernandez.png","datePublished":"2023-08-24T15:20:48+00:00","dateModified":"2023-08-24T15:24:04+00:00","breadcrumb":{"@id":"https:\/\/apuntesdesanluis.com\/index.php\/2023\/08\/24\/alberto-fernandez-celebro-el-ingreso-de-la-argentina-al-bloque-brics\/#breadcrumb"},"inLanguage":"es-AR","potentialAction":[{"@type":"ReadAction","target":["https:\/\/apuntesdesanluis.com\/index.php\/2023\/08\/24\/alberto-fernandez-celebro-el-ingreso-de-la-argentina-al-bloque-brics\/"]}]},{"@type":"ImageObject","inLanguage":"es-AR","@id":"https:\/\/apuntesdesanluis.com\/index.php\/2023\/08\/24\/alberto-fernandez-celebro-el-ingreso-de-la-argentina-al-bloque-brics\/#primaryimage","url":"https:\/\/apuntesdesanluis.com\/wp-content\/uploads\/2023\/08\/fernandez.png","contentUrl":"https:\/\/apuntesdesanluis.com\/wp-content\/uploads\/2023\/08\/fernandez.png","width":696,"height":411},{"@type":"BreadcrumbList","@id":"https:\/\/apuntesdesanluis.com\/index.php\/2023\/08\/24\/alberto-fernandez-celebro-el-ingreso-de-la-argentina-al-bloque-brics\/#breadcrumb","itemListElement":[{"@type":"ListItem","position":1,"name":"Inicio","item":"https:\/\/apuntesdesanluis.com\/"},{"@type":"ListItem","position":2,"name":"ALBERTO FERN\u00c1NDEZ CELEBR\u00d3 EL INGRESO DE LA ARGENTINA AL BLOQUE BRICS"}]},{"@type":"WebSite","@id":"https:\/\/apuntesdesanluis.com\/#website","url":"https:\/\/apuntesdesanluis.com\/","name":"Apuntes de San Luis","description":"","publisher":{"@id":"https:\/\/apuntesdesanluis.com\/#\/schema\/person\/b55151d52296fcce64d1a72538a70b90"},"potentialAction":[{"@type":"SearchAction","target":{"@type":"EntryPoint","urlTemplate":"https:\/\/apuntesdesanluis.com\/?s={search_term_string}"},"query-input":{"@type":"PropertyValueSpecification","valueRequired":true,"valueName":"search_term_string"}}],"inLanguage":"es-AR"},{"@type":["Person","Organization"],"@id":"https:\/\/apuntesdesanluis.com\/#\/schema\/person\/b55151d52296fcce64d1a72538a70b90","name":"apuntesdesanluis.com","image":{"@type":"ImageObject","inLanguage":"es-AR","@id":"https:\/\/apuntesdesanluis.com\/#\/schema\/person\/image\/","url":"https:\/\/apuntesdesanluis.com\/wp-content\/uploads\/2023\/07\/cropped-apuntesdesanluis.png","contentUrl":"https:\/\/apuntesdesanluis.com\/wp-content\/uploads\/2023\/07\/cropped-apuntesdesanluis.png","width":450,"height":112,"caption":"apuntesdesanluis.com"},"logo":{"@id":"https:\/\/apuntesdesanluis.com\/#\/schema\/person\/image\/"},"sameAs":["https:\/\/apuntesdesanluis.com"],"url":"https:\/\/apuntesdesanluis.com\/index.php\/author\/apuntesdesanluis-com\/"}]}},"featured_image_urls":{"full":["https:\/\/apuntesdesanluis.com\/wp-content\/uploads\/2023\/08\/fernandez.png",696,411,false],"thumbnail":["https:\/\/apuntesdesanluis.com\/wp-content\/uploads\/2023\/08\/fernandez-150x150.png",150,150,true],"medium":["https:\/\/apuntesdesanluis.com\/wp-content\/uploads\/2023\/08\/fernandez-300x177.png",300,177,true],"medium_large":["https:\/\/apuntesdesanluis.com\/wp-content\/uploads\/2023\/08\/fernandez.png",640,378,false],"large":["https:\/\/apuntesdesanluis.com\/wp-content\/uploads\/2023\/08\/fernandez.png",640,378,false],"1536x1536":["https:\/\/apuntesdesanluis.com\/wp-content\/uploads\/2023\/08\/fernandez.png",696,411,false],"2048x2048":["https:\/\/apuntesdesanluis.com\/wp-content\/uploads\/2023\/08\/fernandez.png",696,411,false],"newsever-slider-full":["https:\/\/apuntesdesanluis.com\/wp-content\/uploads\/2023\/08\/fernandez.png",696,411,false],"newsever-featured":["https:\/\/apuntesdesanluis.com\/wp-content\/uploads\/2023\/08\/fernandez.png",696,411,false],"newsever-medium":["https:\/\/apuntesdesanluis.com\/wp-content\/uploads\/2023\/08\/fernandez.png",696,411,false]},"author_info":{"display_name":"apuntesdesanluis.com","author_link":"https:\/\/apuntesdesanluis.com\/index.php\/author\/apuntesdesanluis-com\/"},"category_info":"<a href=\"https:\/\/apuntesdesanluis.com\/index.php\/category\/nacionales-internacionales\/\" rel=\"category tag\">Nacionales\/Internacionales<\/a>","tag_info":"Nacionales\/Internacionales","comment_count":"0","_links":{"self":[{"href":"https:\/\/apuntesdesanluis.com\/index.php\/wp-json\/wp\/v2\/posts\/2056","targetHints":{"allow":["GET"]}}],"collection":[{"href":"https:\/\/apuntesdesanluis.com\/index.php\/wp-json\/wp\/v2\/posts"}],"about":[{"href":"https:\/\/apuntesdesanluis.com\/index.php\/wp-json\/wp\/v2\/types\/post"}],"author":[{"embeddable":true,"href":"https:\/\/apuntesdesanluis.com\/index.php\/wp-json\/wp\/v2\/users\/1"}],"replies":[{"embeddable":true,"href":"https:\/\/apuntesdesanluis.com\/index.php\/wp-json\/wp\/v2\/comments?post=2056"}],"version-history":[{"count":3,"href":"https:\/\/apuntesdesanluis.com\/index.php\/wp-json\/wp\/v2\/posts\/2056\/revisions"}],"predecessor-version":[{"id":2060,"href":"https:\/\/apuntesdesanluis.com\/index.php\/wp-json\/wp\/v2\/posts\/2056\/revisions\/2060"}],"wp:featuredmedia":[{"embeddable":true,"href":"https:\/\/apuntesdesanluis.com\/index.php\/wp-json\/wp\/v2\/media\/2057"}],"wp:attachment":[{"href":"https:\/\/apuntesdesanluis.com\/index.php\/wp-json\/wp\/v2\/media?parent=2056"}],"wp:term":[{"taxonomy":"category","embeddable":true,"href":"https:\/\/apuntesdesanluis.com\/index.php\/wp-json\/wp\/v2\/categories?post=2056"},{"taxonomy":"post_tag","embeddable":true,"href":"https:\/\/apuntesdesanluis.com\/index.php\/wp-json\/wp\/v2\/tags?post=2056"}],"curies":[{"name":"wp","href":"https:\/\/api.w.org\/{rel}","templated":true}]}}