{"id":2061,"date":"2023-08-24T12:42:52","date_gmt":"2023-08-24T15:42:52","guid":{"rendered":"https:\/\/apuntesdesanluis.com\/?p=2061"},"modified":"2023-08-24T12:42:52","modified_gmt":"2023-08-24T15:42:52","slug":"conflicto-en-danica-comenzaron-una-huelga-por-tiempo-indeterminado","status":"publish","type":"post","link":"https:\/\/apuntesdesanluis.com\/index.php\/2023\/08\/24\/conflicto-en-danica-comenzaron-una-huelga-por-tiempo-indeterminado\/","title":{"rendered":"CONFLICTO EN D\u00c1NICA: COMENZARON UNA HUELGA POR TIEMPO INDETERMINADO"},"content":{"rendered":"<h3>La medida de fuerza se adopt\u00f3 en rechazo a la propuesta presentada por la empresa en una reuni\u00f3n realizada el martes pasado, que los trabajadores consideraron insuficiente.<\/h3>\n<h3>Desde este mi\u00e9rcoles los operarios de la planta D\u00e1nica han dejado en claro su determinaci\u00f3n al cesar sus labores en busca de una actualizaci\u00f3n salarial acorde con la realidad econ\u00f3mica actual. La discrepancia surge a ra\u00edz de la propuesta de un aumento del 60% presentada por la empresa, lo que elevar\u00eda los sueldos a un monto aproximado de $18 mil.<\/h3>\n<h3>Sin embargo, esta propuesta ha sido considerada insuficiente por los trabajadores, quienes sostienen que sus salarios se encuentran en un estado de atraso considerable.<\/h3>\n<h3><strong>Horacio Torres<\/strong>, delegado de planta y miembro de la comisi\u00f3n directiva del Sindicato de Obreros y Empleados Aceiteros y Desmotadores, expres\u00f3: \u201cEstamos un a\u00f1o atrasados con los sueldos y con la inflaci\u00f3n que hay hemos quedado un 100% por debajo de la propuesta de un aumento del 60% presentada por la empresa, lo que elevar\u00eda los sueldos en un monto aproximado de $18 mil\u201d.<\/h3>\n<h3>La semana pasada transcurri\u00f3 en medio de alertas y asambleas permanentes, mientras que el mediod\u00eda de ayer se vio marcado por un gesto de protesta simb\u00f3lico: la quema de neum\u00e1ticos en la entrada de la f\u00e1brica.<\/h3>\n<h3><img fetchpriority=\"high\" decoding=\"async\" class=\"wp-image-2062 aligncenter\" src=\"https:\/\/apuntesdesanluis.com\/wp-content\/uploads\/2023\/08\/aceiteros-danica-quema-300x179.png\" alt=\"\" width=\"515\" height=\"307\" srcset=\"https:\/\/apuntesdesanluis.com\/wp-content\/uploads\/2023\/08\/aceiteros-danica-quema-300x179.png 300w, https:\/\/apuntesdesanluis.com\/wp-content\/uploads\/2023\/08\/aceiteros-danica-quema.png 562w\" sizes=\"(max-width: 515px) 100vw, 515px\" \/><\/h3>\n<h3>El delegado sindical anunci\u00f3 que la medida de paro ser\u00e1 por tiempo indeterminado y agreg\u00f3 que est\u00e1n vigilantes ante la posibilidad de una resoluci\u00f3n del ministerio del Trabajo o una solicitud de conciliaci\u00f3n por parte de la empresa.<\/h3>\n<h3>Cabe destacar que la planta emplea a 106 trabajadores bajo convenio, mientras que 40 adicionales operan bajo una condici\u00f3n distinta.<\/h3>\n<h3>Torres cuestion\u00f3 la disparidad entre los ingresos de los trabajadores locales y los niveles salariales nacionales, se\u00f1alando que \u201ca nivel nacional est\u00e1n cobrando casi $400 mil y algunos de los trabajadores nuestros est\u00e1n en $85 mil, o sea que est\u00e1n muy atr\u00e1s\u201d.<\/h3>\n<p>&nbsp;<\/p>\n","protected":false},"excerpt":{"rendered":"<p>La medida de fuerza se adopt\u00f3 en rechazo a la propuesta presentada por la empresa&#8230;<\/p>\n","protected":false},"author":1,"featured_media":2063,"comment_status":"closed","ping_status":"closed","sticky":false,"template":"","format":"standard","meta":{"footnotes":""},"categories":[6],"tags":[],"class_list":["post-2061","post","type-post","status-publish","format-standard","has-post-thumbnail","hentry","category-ciudad-provincia"],"yoast_head":"<!-- This site is optimized with the Yoast SEO plugin v26.1.1 - https:\/\/yoast.com\/wordpress\/plugins\/seo\/ -->\n<title>CONFLICTO EN D\u00c1NICA: COMENZARON UNA HUELGA POR TIEMPO INDETERMINADO - Apuntes de San Luis<\/title>\n<meta name=\"robots\" content=\"index, follow, max-snippet:-1, max-image-preview:large, max-video-preview:-1\" \/>\n<link rel=\"canonical\" href=\"https:\/\/apuntesdesanluis.com\/index.php\/2023\/08\/24\/conflicto-en-danica-comenzaron-una-huelga-por-tiempo-indeterminado\/\" \/>\n<meta property=\"og:locale\" content=\"es_ES\" \/>\n<meta property=\"og:type\" content=\"article\" \/>\n<meta property=\"og:title\" content=\"CONFLICTO EN D\u00c1NICA: COMENZARON UNA HUELGA POR TIEMPO INDETERMINADO - Apuntes de San Luis\" \/>\n<meta property=\"og:description\" content=\"La medida de fuerza se adopt\u00f3 en rechazo a la propuesta presentada por la empresa...\" \/>\n<meta property=\"og:url\" content=\"https:\/\/apuntesdesanluis.com\/index.php\/2023\/08\/24\/conflicto-en-danica-comenzaron-una-huelga-por-tiempo-indeterminado\/\" \/>\n<meta property=\"og:site_name\" content=\"Apuntes de San Luis\" \/>\n<meta property=\"article:published_time\" content=\"2023-08-24T15:42:52+00:00\" \/>\n<meta property=\"og:image\" content=\"https:\/\/apuntesdesanluis.com\/wp-content\/uploads\/2023\/08\/aceiteros-danica.png\" \/>\n\t<meta property=\"og:image:width\" content=\"570\" \/>\n\t<meta property=\"og:image:height\" content=\"336\" \/>\n\t<meta property=\"og:image:type\" content=\"image\/png\" \/>\n<meta name=\"author\" content=\"apuntesdesanluis.com\" \/>\n<meta name=\"twitter:card\" content=\"summary_large_image\" \/>\n<meta name=\"twitter:label1\" content=\"Escrito por\" \/>\n\t<meta name=\"twitter:data1\" content=\"apuntesdesanluis.com\" \/>\n\t<meta name=\"twitter:label2\" content=\"Tiempo de lectura\" \/>\n\t<meta name=\"twitter:data2\" content=\"2 minutos\" \/>\n<script type=\"application\/ld+json\" class=\"yoast-schema-graph\">{\"@context\":\"https:\/\/schema.org\",\"@graph\":[{\"@type\":\"Article\",\"@id\":\"https:\/\/apuntesdesanluis.com\/index.php\/2023\/08\/24\/conflicto-en-danica-comenzaron-una-huelga-por-tiempo-indeterminado\/#article\",\"isPartOf\":{\"@id\":\"https:\/\/apuntesdesanluis.com\/index.php\/2023\/08\/24\/conflicto-en-danica-comenzaron-una-huelga-por-tiempo-indeterminado\/\"},\"author\":{\"name\":\"apuntesdesanluis.com\",\"@id\":\"https:\/\/apuntesdesanluis.com\/#\/schema\/person\/b55151d52296fcce64d1a72538a70b90\"},\"headline\":\"CONFLICTO EN D\u00c1NICA: COMENZARON UNA HUELGA POR TIEMPO INDETERMINADO\",\"datePublished\":\"2023-08-24T15:42:52+00:00\",\"mainEntityOfPage\":{\"@id\":\"https:\/\/apuntesdesanluis.com\/index.php\/2023\/08\/24\/conflicto-en-danica-comenzaron-una-huelga-por-tiempo-indeterminado\/\"},\"wordCount\":338,\"publisher\":{\"@id\":\"https:\/\/apuntesdesanluis.com\/#\/schema\/person\/b55151d52296fcce64d1a72538a70b90\"},\"image\":{\"@id\":\"https:\/\/apuntesdesanluis.com\/index.php\/2023\/08\/24\/conflicto-en-danica-comenzaron-una-huelga-por-tiempo-indeterminado\/#primaryimage\"},\"thumbnailUrl\":\"https:\/\/apuntesdesanluis.com\/wp-content\/uploads\/2023\/08\/aceiteros-danica.png\",\"articleSection\":[\"Ciudad\/Provincia\"],\"inLanguage\":\"es-AR\"},{\"@type\":\"WebPage\",\"@id\":\"https:\/\/apuntesdesanluis.com\/index.php\/2023\/08\/24\/conflicto-en-danica-comenzaron-una-huelga-por-tiempo-indeterminado\/\",\"url\":\"https:\/\/apuntesdesanluis.com\/index.php\/2023\/08\/24\/conflicto-en-danica-comenzaron-una-huelga-por-tiempo-indeterminado\/\",\"name\":\"CONFLICTO EN D\u00c1NICA: COMENZARON UNA HUELGA POR TIEMPO INDETERMINADO - Apuntes de San Luis\",\"isPartOf\":{\"@id\":\"https:\/\/apuntesdesanluis.com\/#website\"},\"primaryImageOfPage\":{\"@id\":\"https:\/\/apuntesdesanluis.com\/index.php\/2023\/08\/24\/conflicto-en-danica-comenzaron-una-huelga-por-tiempo-indeterminado\/#primaryimage\"},\"image\":{\"@id\":\"https:\/\/apuntesdesanluis.com\/index.php\/2023\/08\/24\/conflicto-en-danica-comenzaron-una-huelga-por-tiempo-indeterminado\/#primaryimage\"},\"thumbnailUrl\":\"https:\/\/apuntesdesanluis.com\/wp-content\/uploads\/2023\/08\/aceiteros-danica.png\",\"datePublished\":\"2023-08-24T15:42:52+00:00\",\"breadcrumb\":{\"@id\":\"https:\/\/apuntesdesanluis.com\/index.php\/2023\/08\/24\/conflicto-en-danica-comenzaron-una-huelga-por-tiempo-indeterminado\/#breadcrumb\"},\"inLanguage\":\"es-AR\",\"potentialAction\":[{\"@type\":\"ReadAction\",\"target\":[\"https:\/\/apuntesdesanluis.com\/index.php\/2023\/08\/24\/conflicto-en-danica-comenzaron-una-huelga-por-tiempo-indeterminado\/\"]}]},{\"@type\":\"ImageObject\",\"inLanguage\":\"es-AR\",\"@id\":\"https:\/\/apuntesdesanluis.com\/index.php\/2023\/08\/24\/conflicto-en-danica-comenzaron-una-huelga-por-tiempo-indeterminado\/#primaryimage\",\"url\":\"https:\/\/apuntesdesanluis.com\/wp-content\/uploads\/2023\/08\/aceiteros-danica.png\",\"contentUrl\":\"https:\/\/apuntesdesanluis.com\/wp-content\/uploads\/2023\/08\/aceiteros-danica.png\",\"width\":570,\"height\":336},{\"@type\":\"BreadcrumbList\",\"@id\":\"https:\/\/apuntesdesanluis.com\/index.php\/2023\/08\/24\/conflicto-en-danica-comenzaron-una-huelga-por-tiempo-indeterminado\/#breadcrumb\",\"itemListElement\":[{\"@type\":\"ListItem\",\"position\":1,\"name\":\"Inicio\",\"item\":\"https:\/\/apuntesdesanluis.com\/\"},{\"@type\":\"ListItem\",\"position\":2,\"name\":\"CONFLICTO EN D\u00c1NICA: COMENZARON UNA HUELGA POR TIEMPO INDETERMINADO\"}]},{\"@type\":\"WebSite\",\"@id\":\"https:\/\/apuntesdesanluis.com\/#website\",\"url\":\"https:\/\/apuntesdesanluis.com\/\",\"name\":\"Apuntes de San Luis\",\"description\":\"\",\"publisher\":{\"@id\":\"https:\/\/apuntesdesanluis.com\/#\/schema\/person\/b55151d52296fcce64d1a72538a70b90\"},\"potentialAction\":[{\"@type\":\"SearchAction\",\"target\":{\"@type\":\"EntryPoint\",\"urlTemplate\":\"https:\/\/apuntesdesanluis.com\/?s={search_term_string}\"},\"query-input\":{\"@type\":\"PropertyValueSpecification\",\"valueRequired\":true,\"valueName\":\"search_term_string\"}}],\"inLanguage\":\"es-AR\"},{\"@type\":[\"Person\",\"Organization\"],\"@id\":\"https:\/\/apuntesdesanluis.com\/#\/schema\/person\/b55151d52296fcce64d1a72538a70b90\",\"name\":\"apuntesdesanluis.com\",\"image\":{\"@type\":\"ImageObject\",\"inLanguage\":\"es-AR\",\"@id\":\"https:\/\/apuntesdesanluis.com\/#\/schema\/person\/image\/\",\"url\":\"https:\/\/apuntesdesanluis.com\/wp-content\/uploads\/2023\/07\/cropped-apuntesdesanluis.png\",\"contentUrl\":\"https:\/\/apuntesdesanluis.com\/wp-content\/uploads\/2023\/07\/cropped-apuntesdesanluis.png\",\"width\":450,\"height\":112,\"caption\":\"apuntesdesanluis.com\"},\"logo\":{\"@id\":\"https:\/\/apuntesdesanluis.com\/#\/schema\/person\/image\/\"},\"sameAs\":[\"https:\/\/apuntesdesanluis.com\"],\"url\":\"https:\/\/apuntesdesanluis.com\/index.php\/author\/apuntesdesanluis-com\/\"}]}<\/script>\n<!-- \/ Yoast SEO plugin. -->","yoast_head_json":{"title":"CONFLICTO EN D\u00c1NICA: COMENZARON UNA HUELGA POR TIEMPO INDETERMINADO - Apuntes de San Luis","robots":{"index":"index","follow":"follow","max-snippet":"max-snippet:-1","max-image-preview":"max-image-preview:large","max-video-preview":"max-video-preview:-1"},"canonical":"https:\/\/apuntesdesanluis.com\/index.php\/2023\/08\/24\/conflicto-en-danica-comenzaron-una-huelga-por-tiempo-indeterminado\/","og_locale":"es_ES","og_type":"article","og_title":"CONFLICTO EN D\u00c1NICA: COMENZARON UNA HUELGA POR TIEMPO INDETERMINADO - Apuntes de San Luis","og_description":"La medida de fuerza se adopt\u00f3 en rechazo a la propuesta presentada por la empresa...","og_url":"https:\/\/apuntesdesanluis.com\/index.php\/2023\/08\/24\/conflicto-en-danica-comenzaron-una-huelga-por-tiempo-indeterminado\/","og_site_name":"Apuntes de San Luis","article_published_time":"2023-08-24T15:42:52+00:00","og_image":[{"width":570,"height":336,"url":"https:\/\/apuntesdesanluis.com\/wp-content\/uploads\/2023\/08\/aceiteros-danica.png","type":"image\/png"}],"author":"apuntesdesanluis.com","twitter_card":"summary_large_image","twitter_misc":{"Escrito por":"apuntesdesanluis.com","Tiempo de lectura":"2 minutos"},"schema":{"@context":"https:\/\/schema.org","@graph":[{"@type":"Article","@id":"https:\/\/apuntesdesanluis.com\/index.php\/2023\/08\/24\/conflicto-en-danica-comenzaron-una-huelga-por-tiempo-indeterminado\/#article","isPartOf":{"@id":"https:\/\/apuntesdesanluis.com\/index.php\/2023\/08\/24\/conflicto-en-danica-comenzaron-una-huelga-por-tiempo-indeterminado\/"},"author":{"name":"apuntesdesanluis.com","@id":"https:\/\/apuntesdesanluis.com\/#\/schema\/person\/b55151d52296fcce64d1a72538a70b90"},"headline":"CONFLICTO EN D\u00c1NICA: COMENZARON UNA HUELGA POR TIEMPO INDETERMINADO","datePublished":"2023-08-24T15:42:52+00:00","mainEntityOfPage":{"@id":"https:\/\/apuntesdesanluis.com\/index.php\/2023\/08\/24\/conflicto-en-danica-comenzaron-una-huelga-por-tiempo-indeterminado\/"},"wordCount":338,"publisher":{"@id":"https:\/\/apuntesdesanluis.com\/#\/schema\/person\/b55151d52296fcce64d1a72538a70b90"},"image":{"@id":"https:\/\/apuntesdesanluis.com\/index.php\/2023\/08\/24\/conflicto-en-danica-comenzaron-una-huelga-por-tiempo-indeterminado\/#primaryimage"},"thumbnailUrl":"https:\/\/apuntesdesanluis.com\/wp-content\/uploads\/2023\/08\/aceiteros-danica.png","articleSection":["Ciudad\/Provincia"],"inLanguage":"es-AR"},{"@type":"WebPage","@id":"https:\/\/apuntesdesanluis.com\/index.php\/2023\/08\/24\/conflicto-en-danica-comenzaron-una-huelga-por-tiempo-indeterminado\/","url":"https:\/\/apuntesdesanluis.com\/index.php\/2023\/08\/24\/conflicto-en-danica-comenzaron-una-huelga-por-tiempo-indeterminado\/","name":"CONFLICTO EN D\u00c1NICA: COMENZARON UNA HUELGA POR TIEMPO INDETERMINADO - Apuntes de San Luis","isPartOf":{"@id":"https:\/\/apuntesdesanluis.com\/#website"},"primaryImageOfPage":{"@id":"https:\/\/apuntesdesanluis.com\/index.php\/2023\/08\/24\/conflicto-en-danica-comenzaron-una-huelga-por-tiempo-indeterminado\/#primaryimage"},"image":{"@id":"https:\/\/apuntesdesanluis.com\/index.php\/2023\/08\/24\/conflicto-en-danica-comenzaron-una-huelga-por-tiempo-indeterminado\/#primaryimage"},"thumbnailUrl":"https:\/\/apuntesdesanluis.com\/wp-content\/uploads\/2023\/08\/aceiteros-danica.png","datePublished":"2023-08-24T15:42:52+00:00","breadcrumb":{"@id":"https:\/\/apuntesdesanluis.com\/index.php\/2023\/08\/24\/conflicto-en-danica-comenzaron-una-huelga-por-tiempo-indeterminado\/#breadcrumb"},"inLanguage":"es-AR","potentialAction":[{"@type":"ReadAction","target":["https:\/\/apuntesdesanluis.com\/index.php\/2023\/08\/24\/conflicto-en-danica-comenzaron-una-huelga-por-tiempo-indeterminado\/"]}]},{"@type":"ImageObject","inLanguage":"es-AR","@id":"https:\/\/apuntesdesanluis.com\/index.php\/2023\/08\/24\/conflicto-en-danica-comenzaron-una-huelga-por-tiempo-indeterminado\/#primaryimage","url":"https:\/\/apuntesdesanluis.com\/wp-content\/uploads\/2023\/08\/aceiteros-danica.png","contentUrl":"https:\/\/apuntesdesanluis.com\/wp-content\/uploads\/2023\/08\/aceiteros-danica.png","width":570,"height":336},{"@type":"BreadcrumbList","@id":"https:\/\/apuntesdesanluis.com\/index.php\/2023\/08\/24\/conflicto-en-danica-comenzaron-una-huelga-por-tiempo-indeterminado\/#breadcrumb","itemListElement":[{"@type":"ListItem","position":1,"name":"Inicio","item":"https:\/\/apuntesdesanluis.com\/"},{"@type":"ListItem","position":2,"name":"CONFLICTO EN D\u00c1NICA: COMENZARON UNA HUELGA POR TIEMPO INDETERMINADO"}]},{"@type":"WebSite","@id":"https:\/\/apuntesdesanluis.com\/#website","url":"https:\/\/apuntesdesanluis.com\/","name":"Apuntes de San Luis","description":"","publisher":{"@id":"https:\/\/apuntesdesanluis.com\/#\/schema\/person\/b55151d52296fcce64d1a72538a70b90"},"potentialAction":[{"@type":"SearchAction","target":{"@type":"EntryPoint","urlTemplate":"https:\/\/apuntesdesanluis.com\/?s={search_term_string}"},"query-input":{"@type":"PropertyValueSpecification","valueRequired":true,"valueName":"search_term_string"}}],"inLanguage":"es-AR"},{"@type":["Person","Organization"],"@id":"https:\/\/apuntesdesanluis.com\/#\/schema\/person\/b55151d52296fcce64d1a72538a70b90","name":"apuntesdesanluis.com","image":{"@type":"ImageObject","inLanguage":"es-AR","@id":"https:\/\/apuntesdesanluis.com\/#\/schema\/person\/image\/","url":"https:\/\/apuntesdesanluis.com\/wp-content\/uploads\/2023\/07\/cropped-apuntesdesanluis.png","contentUrl":"https:\/\/apuntesdesanluis.com\/wp-content\/uploads\/2023\/07\/cropped-apuntesdesanluis.png","width":450,"height":112,"caption":"apuntesdesanluis.com"},"logo":{"@id":"https:\/\/apuntesdesanluis.com\/#\/schema\/person\/image\/"},"sameAs":["https:\/\/apuntesdesanluis.com"],"url":"https:\/\/apuntesdesanluis.com\/index.php\/author\/apuntesdesanluis-com\/"}]}},"featured_image_urls":{"full":["https:\/\/apuntesdesanluis.com\/wp-content\/uploads\/2023\/08\/aceiteros-danica.png",570,336,false],"thumbnail":["https:\/\/apuntesdesanluis.com\/wp-content\/uploads\/2023\/08\/aceiteros-danica-150x150.png",150,150,true],"medium":["https:\/\/apuntesdesanluis.com\/wp-content\/uploads\/2023\/08\/aceiteros-danica-300x177.png",300,177,true],"medium_large":["https:\/\/apuntesdesanluis.com\/wp-content\/uploads\/2023\/08\/aceiteros-danica.png",570,336,false],"large":["https:\/\/apuntesdesanluis.com\/wp-content\/uploads\/2023\/08\/aceiteros-danica.png",570,336,false],"1536x1536":["https:\/\/apuntesdesanluis.com\/wp-content\/uploads\/2023\/08\/aceiteros-danica.png",570,336,false],"2048x2048":["https:\/\/apuntesdesanluis.com\/wp-content\/uploads\/2023\/08\/aceiteros-danica.png",570,336,false],"newsever-slider-full":["https:\/\/apuntesdesanluis.com\/wp-content\/uploads\/2023\/08\/aceiteros-danica.png",570,336,false],"newsever-featured":["https:\/\/apuntesdesanluis.com\/wp-content\/uploads\/2023\/08\/aceiteros-danica.png",570,336,false],"newsever-medium":["https:\/\/apuntesdesanluis.com\/wp-content\/uploads\/2023\/08\/aceiteros-danica.png",570,336,false]},"author_info":{"display_name":"apuntesdesanluis.com","author_link":"https:\/\/apuntesdesanluis.com\/index.php\/author\/apuntesdesanluis-com\/"},"category_info":"<a href=\"https:\/\/apuntesdesanluis.com\/index.php\/category\/ciudad-provincia\/\" rel=\"category tag\">Ciudad\/Provincia<\/a>","tag_info":"Ciudad\/Provincia","comment_count":"0","_links":{"self":[{"href":"https:\/\/apuntesdesanluis.com\/index.php\/wp-json\/wp\/v2\/posts\/2061","targetHints":{"allow":["GET"]}}],"collection":[{"href":"https:\/\/apuntesdesanluis.com\/index.php\/wp-json\/wp\/v2\/posts"}],"about":[{"href":"https:\/\/apuntesdesanluis.com\/index.php\/wp-json\/wp\/v2\/types\/post"}],"author":[{"embeddable":true,"href":"https:\/\/apuntesdesanluis.com\/index.php\/wp-json\/wp\/v2\/users\/1"}],"replies":[{"embeddable":true,"href":"https:\/\/apuntesdesanluis.com\/index.php\/wp-json\/wp\/v2\/comments?post=2061"}],"version-history":[{"count":1,"href":"https:\/\/apuntesdesanluis.com\/index.php\/wp-json\/wp\/v2\/posts\/2061\/revisions"}],"predecessor-version":[{"id":2064,"href":"https:\/\/apuntesdesanluis.com\/index.php\/wp-json\/wp\/v2\/posts\/2061\/revisions\/2064"}],"wp:featuredmedia":[{"embeddable":true,"href":"https:\/\/apuntesdesanluis.com\/index.php\/wp-json\/wp\/v2\/media\/2063"}],"wp:attachment":[{"href":"https:\/\/apuntesdesanluis.com\/index.php\/wp-json\/wp\/v2\/media?parent=2061"}],"wp:term":[{"taxonomy":"category","embeddable":true,"href":"https:\/\/apuntesdesanluis.com\/index.php\/wp-json\/wp\/v2\/categories?post=2061"},{"taxonomy":"post_tag","embeddable":true,"href":"https:\/\/apuntesdesanluis.com\/index.php\/wp-json\/wp\/v2\/tags?post=2061"}],"curies":[{"name":"wp","href":"https:\/\/api.w.org\/{rel}","templated":true}]}}