{"id":20614,"date":"2024-08-10T21:11:16","date_gmt":"2024-08-11T00:11:16","guid":{"rendered":"https:\/\/apuntesdesanluis.com\/?p=20614"},"modified":"2024-08-10T21:12:05","modified_gmt":"2024-08-11T00:12:05","slug":"prision-preventiva-para-el-camionero-sospechado-de-robar-13-millones-a-su-patron","status":"publish","type":"post","link":"https:\/\/apuntesdesanluis.com\/index.php\/2024\/08\/10\/prision-preventiva-para-el-camionero-sospechado-de-robar-13-millones-a-su-patron\/","title":{"rendered":"PRISI\u00d3N PREVENTIVA PARA EL CAMIONERO SOSPECHADO DE ROBAR 13 MILLONES  A SU PATR\u00d3N"},"content":{"rendered":"<h3>Este viernes, se desarroll\u00f3 una audiencia en el Juzgado de Garant\u00edas N\u00b0 4 de la Segunda Circunscripci\u00f3n Judicial, donde el juez, Dr. <strong>Santiago Ortiz<\/strong>, orden\u00f3 el traslado al Servicio Penitenciario Provincial de un hombre imputado por administraci\u00f3n fraudulenta. Atento lo solicitado por el Ministerio P\u00fablico Fiscal, el Juez dispuso como medida de coerci\u00f3n prisi\u00f3n preventiva.<\/h3>\n<h3>Durante la audiencia de formulaci\u00f3n de cargos, realizada el pasado viernes dos de agosto, el Ministerio P\u00fablico Fiscal explic\u00f3 que la investigaci\u00f3n se inici\u00f3 a ra\u00edz de un hecho ocurrido el pasado 11 de junio, cuando se produjo un robo de una importante suma de dinero a un transportista. Versiones indican que ser\u00edan m\u00e0s de 13 millones de pesos.<\/h3>\n<h3>En aquella oportunidad,\u00a0 la Fiscal\u00eda \u2013<strong>Dra. Daniela Torres y Dr. Alberto Orellana<\/strong>&#8211; formul\u00f3 cargos a quien manejaba el transporte por administraci\u00f3n fraudulenta (Art. 173 inc 2 y 7 del C\u00f3digo Penal). La detenci\u00f3n del imputado se efectiviz\u00f3 en la localidad de Sampacho (C\u00f3rdoba).<\/h3>\n<h3>Durante la ma\u00f1ana de hoy, vencida la pr\u00f3rroga de detenci\u00f3n solicitada por la Defensa, se celebr\u00f3 una nueva audiencia donde la Dra. Daniela Torres solicit\u00f3 prisi\u00f3n preventiva para el imputado, pedido que fue rechazado por la Defensa \u2013 ejercida por el Dr. Sergio D`Andrea-.<\/h3>\n<h3>Luego de escuchar a las partes, el Dr. Santiago Ortiz hizo lugar al pedido de medida de coerci\u00f3n formulado por la representante del Ministerio P\u00fablico Fiscal y orden\u00f3 el inmediato traslado del imputado al Servicio Penitenciario Provincial. La Defensa dej\u00f3 planteado recurso de revisi\u00f3n.<\/h3>\n<h3>Cabe mencionar que por este hecho hay otra persona imputada, sobre la cual hoy se reformularon cargos como autor del delito de tenencia de arma de uso civil sin la debida autorizaci\u00f3n legal y hurto, conforme lo previsto en los Art\u00edculos 189 Inc. 2 primer p\u00e1rrafo y 162 del C\u00f3digo Penal Argentino.<\/h3>\n<h3 style=\"text-align: center;\">&#8230;&#8230;.<\/h3>\n<h3>Para obtener m\u00e1s informaci\u00f3n sobre este caso ingrese al siguiente enlace:<span style=\"color: #3366ff;\"> <a style=\"color: #3366ff;\" href=\"https:\/\/www.periodicojudicial.gov.ar\/formularon-cargos-a-un-hombre-por-administracion-fraudulenta\/\">https:\/\/www.periodicojudicial.gov.ar\/formularon-cargos-a-un-hombre-por-administracion-fraudulenta\/<\/a><\/span><\/h3>\n<p>&nbsp;<\/p>\n<p>&nbsp;<\/p>\n<p>&nbsp;<\/p>\n","protected":false},"excerpt":{"rendered":"<p>Este viernes, se desarroll\u00f3 una audiencia en el Juzgado de Garant\u00edas N\u00b0 4 de la&#8230;<\/p>\n","protected":false},"author":1,"featured_media":20615,"comment_status":"closed","ping_status":"closed","sticky":false,"template":"","format":"standard","meta":{"footnotes":""},"categories":[6],"tags":[],"class_list":["post-20614","post","type-post","status-publish","format-standard","has-post-thumbnail","hentry","category-ciudad-provincia"],"yoast_head":"<!-- This site is optimized with the Yoast SEO plugin v26.1.1 - https:\/\/yoast.com\/wordpress\/plugins\/seo\/ -->\n<title>PRISI\u00d3N PREVENTIVA PARA EL CAMIONERO SOSPECHADO DE ROBAR 13 MILLONES A SU PATR\u00d3N - Apuntes de San Luis<\/title>\n<meta name=\"robots\" content=\"index, follow, max-snippet:-1, max-image-preview:large, max-video-preview:-1\" \/>\n<link rel=\"canonical\" href=\"https:\/\/apuntesdesanluis.com\/index.php\/2024\/08\/10\/prision-preventiva-para-el-camionero-sospechado-de-robar-13-millones-a-su-patron\/\" \/>\n<meta property=\"og:locale\" content=\"es_ES\" \/>\n<meta property=\"og:type\" content=\"article\" \/>\n<meta property=\"og:title\" content=\"PRISI\u00d3N PREVENTIVA PARA EL CAMIONERO SOSPECHADO DE ROBAR 13 MILLONES A SU PATR\u00d3N - Apuntes de San Luis\" \/>\n<meta property=\"og:description\" content=\"Este viernes, se desarroll\u00f3 una audiencia en el Juzgado de Garant\u00edas N\u00b0 4 de la...\" \/>\n<meta property=\"og:url\" content=\"https:\/\/apuntesdesanluis.com\/index.php\/2024\/08\/10\/prision-preventiva-para-el-camionero-sospechado-de-robar-13-millones-a-su-patron\/\" \/>\n<meta property=\"og:site_name\" content=\"Apuntes de San Luis\" \/>\n<meta property=\"article:published_time\" content=\"2024-08-11T00:11:16+00:00\" \/>\n<meta property=\"article:modified_time\" content=\"2024-08-11T00:12:05+00:00\" \/>\n<meta property=\"og:image\" content=\"https:\/\/apuntesdesanluis.com\/wp-content\/uploads\/2024\/08\/juez-ortiz.png\" \/>\n\t<meta property=\"og:image:width\" content=\"600\" \/>\n\t<meta property=\"og:image:height\" content=\"350\" \/>\n\t<meta property=\"og:image:type\" content=\"image\/png\" \/>\n<meta name=\"author\" content=\"apuntesdesanluis.com\" \/>\n<meta name=\"twitter:card\" content=\"summary_large_image\" \/>\n<meta name=\"twitter:label1\" content=\"Escrito por\" \/>\n\t<meta name=\"twitter:data1\" content=\"apuntesdesanluis.com\" \/>\n\t<meta name=\"twitter:label2\" content=\"Tiempo de lectura\" \/>\n\t<meta name=\"twitter:data2\" content=\"2 minutos\" \/>\n<script type=\"application\/ld+json\" class=\"yoast-schema-graph\">{\"@context\":\"https:\/\/schema.org\",\"@graph\":[{\"@type\":\"Article\",\"@id\":\"https:\/\/apuntesdesanluis.com\/index.php\/2024\/08\/10\/prision-preventiva-para-el-camionero-sospechado-de-robar-13-millones-a-su-patron\/#article\",\"isPartOf\":{\"@id\":\"https:\/\/apuntesdesanluis.com\/index.php\/2024\/08\/10\/prision-preventiva-para-el-camionero-sospechado-de-robar-13-millones-a-su-patron\/\"},\"author\":{\"name\":\"apuntesdesanluis.com\",\"@id\":\"https:\/\/apuntesdesanluis.com\/#\/schema\/person\/b55151d52296fcce64d1a72538a70b90\"},\"headline\":\"PRISI\u00d3N PREVENTIVA PARA EL CAMIONERO SOSPECHADO DE ROBAR 13 MILLONES A SU PATR\u00d3N\",\"datePublished\":\"2024-08-11T00:11:16+00:00\",\"dateModified\":\"2024-08-11T00:12:05+00:00\",\"mainEntityOfPage\":{\"@id\":\"https:\/\/apuntesdesanluis.com\/index.php\/2024\/08\/10\/prision-preventiva-para-el-camionero-sospechado-de-robar-13-millones-a-su-patron\/\"},\"wordCount\":352,\"publisher\":{\"@id\":\"https:\/\/apuntesdesanluis.com\/#\/schema\/person\/b55151d52296fcce64d1a72538a70b90\"},\"image\":{\"@id\":\"https:\/\/apuntesdesanluis.com\/index.php\/2024\/08\/10\/prision-preventiva-para-el-camionero-sospechado-de-robar-13-millones-a-su-patron\/#primaryimage\"},\"thumbnailUrl\":\"https:\/\/apuntesdesanluis.com\/wp-content\/uploads\/2024\/08\/juez-ortiz.png\",\"articleSection\":[\"Ciudad\/Provincia\"],\"inLanguage\":\"es-AR\"},{\"@type\":\"WebPage\",\"@id\":\"https:\/\/apuntesdesanluis.com\/index.php\/2024\/08\/10\/prision-preventiva-para-el-camionero-sospechado-de-robar-13-millones-a-su-patron\/\",\"url\":\"https:\/\/apuntesdesanluis.com\/index.php\/2024\/08\/10\/prision-preventiva-para-el-camionero-sospechado-de-robar-13-millones-a-su-patron\/\",\"name\":\"PRISI\u00d3N PREVENTIVA PARA EL CAMIONERO SOSPECHADO DE ROBAR 13 MILLONES A SU PATR\u00d3N - Apuntes de San Luis\",\"isPartOf\":{\"@id\":\"https:\/\/apuntesdesanluis.com\/#website\"},\"primaryImageOfPage\":{\"@id\":\"https:\/\/apuntesdesanluis.com\/index.php\/2024\/08\/10\/prision-preventiva-para-el-camionero-sospechado-de-robar-13-millones-a-su-patron\/#primaryimage\"},\"image\":{\"@id\":\"https:\/\/apuntesdesanluis.com\/index.php\/2024\/08\/10\/prision-preventiva-para-el-camionero-sospechado-de-robar-13-millones-a-su-patron\/#primaryimage\"},\"thumbnailUrl\":\"https:\/\/apuntesdesanluis.com\/wp-content\/uploads\/2024\/08\/juez-ortiz.png\",\"datePublished\":\"2024-08-11T00:11:16+00:00\",\"dateModified\":\"2024-08-11T00:12:05+00:00\",\"breadcrumb\":{\"@id\":\"https:\/\/apuntesdesanluis.com\/index.php\/2024\/08\/10\/prision-preventiva-para-el-camionero-sospechado-de-robar-13-millones-a-su-patron\/#breadcrumb\"},\"inLanguage\":\"es-AR\",\"potentialAction\":[{\"@type\":\"ReadAction\",\"target\":[\"https:\/\/apuntesdesanluis.com\/index.php\/2024\/08\/10\/prision-preventiva-para-el-camionero-sospechado-de-robar-13-millones-a-su-patron\/\"]}]},{\"@type\":\"ImageObject\",\"inLanguage\":\"es-AR\",\"@id\":\"https:\/\/apuntesdesanluis.com\/index.php\/2024\/08\/10\/prision-preventiva-para-el-camionero-sospechado-de-robar-13-millones-a-su-patron\/#primaryimage\",\"url\":\"https:\/\/apuntesdesanluis.com\/wp-content\/uploads\/2024\/08\/juez-ortiz.png\",\"contentUrl\":\"https:\/\/apuntesdesanluis.com\/wp-content\/uploads\/2024\/08\/juez-ortiz.png\",\"width\":600,\"height\":350},{\"@type\":\"BreadcrumbList\",\"@id\":\"https:\/\/apuntesdesanluis.com\/index.php\/2024\/08\/10\/prision-preventiva-para-el-camionero-sospechado-de-robar-13-millones-a-su-patron\/#breadcrumb\",\"itemListElement\":[{\"@type\":\"ListItem\",\"position\":1,\"name\":\"Inicio\",\"item\":\"https:\/\/apuntesdesanluis.com\/\"},{\"@type\":\"ListItem\",\"position\":2,\"name\":\"PRISI\u00d3N PREVENTIVA PARA EL CAMIONERO SOSPECHADO DE ROBAR 13 MILLONES A SU PATR\u00d3N\"}]},{\"@type\":\"WebSite\",\"@id\":\"https:\/\/apuntesdesanluis.com\/#website\",\"url\":\"https:\/\/apuntesdesanluis.com\/\",\"name\":\"Apuntes de San Luis\",\"description\":\"\",\"publisher\":{\"@id\":\"https:\/\/apuntesdesanluis.com\/#\/schema\/person\/b55151d52296fcce64d1a72538a70b90\"},\"potentialAction\":[{\"@type\":\"SearchAction\",\"target\":{\"@type\":\"EntryPoint\",\"urlTemplate\":\"https:\/\/apuntesdesanluis.com\/?s={search_term_string}\"},\"query-input\":{\"@type\":\"PropertyValueSpecification\",\"valueRequired\":true,\"valueName\":\"search_term_string\"}}],\"inLanguage\":\"es-AR\"},{\"@type\":[\"Person\",\"Organization\"],\"@id\":\"https:\/\/apuntesdesanluis.com\/#\/schema\/person\/b55151d52296fcce64d1a72538a70b90\",\"name\":\"apuntesdesanluis.com\",\"image\":{\"@type\":\"ImageObject\",\"inLanguage\":\"es-AR\",\"@id\":\"https:\/\/apuntesdesanluis.com\/#\/schema\/person\/image\/\",\"url\":\"https:\/\/apuntesdesanluis.com\/wp-content\/uploads\/2023\/07\/cropped-apuntesdesanluis.png\",\"contentUrl\":\"https:\/\/apuntesdesanluis.com\/wp-content\/uploads\/2023\/07\/cropped-apuntesdesanluis.png\",\"width\":450,\"height\":112,\"caption\":\"apuntesdesanluis.com\"},\"logo\":{\"@id\":\"https:\/\/apuntesdesanluis.com\/#\/schema\/person\/image\/\"},\"sameAs\":[\"https:\/\/apuntesdesanluis.com\"],\"url\":\"https:\/\/apuntesdesanluis.com\/index.php\/author\/apuntesdesanluis-com\/\"}]}<\/script>\n<!-- \/ Yoast SEO plugin. -->","yoast_head_json":{"title":"PRISI\u00d3N PREVENTIVA PARA EL CAMIONERO SOSPECHADO DE ROBAR 13 MILLONES A SU PATR\u00d3N - Apuntes de San Luis","robots":{"index":"index","follow":"follow","max-snippet":"max-snippet:-1","max-image-preview":"max-image-preview:large","max-video-preview":"max-video-preview:-1"},"canonical":"https:\/\/apuntesdesanluis.com\/index.php\/2024\/08\/10\/prision-preventiva-para-el-camionero-sospechado-de-robar-13-millones-a-su-patron\/","og_locale":"es_ES","og_type":"article","og_title":"PRISI\u00d3N PREVENTIVA PARA EL CAMIONERO SOSPECHADO DE ROBAR 13 MILLONES A SU PATR\u00d3N - Apuntes de San Luis","og_description":"Este viernes, se desarroll\u00f3 una audiencia en el Juzgado de Garant\u00edas N\u00b0 4 de la...","og_url":"https:\/\/apuntesdesanluis.com\/index.php\/2024\/08\/10\/prision-preventiva-para-el-camionero-sospechado-de-robar-13-millones-a-su-patron\/","og_site_name":"Apuntes de San Luis","article_published_time":"2024-08-11T00:11:16+00:00","article_modified_time":"2024-08-11T00:12:05+00:00","og_image":[{"width":600,"height":350,"url":"https:\/\/apuntesdesanluis.com\/wp-content\/uploads\/2024\/08\/juez-ortiz.png","type":"image\/png"}],"author":"apuntesdesanluis.com","twitter_card":"summary_large_image","twitter_misc":{"Escrito por":"apuntesdesanluis.com","Tiempo de lectura":"2 minutos"},"schema":{"@context":"https:\/\/schema.org","@graph":[{"@type":"Article","@id":"https:\/\/apuntesdesanluis.com\/index.php\/2024\/08\/10\/prision-preventiva-para-el-camionero-sospechado-de-robar-13-millones-a-su-patron\/#article","isPartOf":{"@id":"https:\/\/apuntesdesanluis.com\/index.php\/2024\/08\/10\/prision-preventiva-para-el-camionero-sospechado-de-robar-13-millones-a-su-patron\/"},"author":{"name":"apuntesdesanluis.com","@id":"https:\/\/apuntesdesanluis.com\/#\/schema\/person\/b55151d52296fcce64d1a72538a70b90"},"headline":"PRISI\u00d3N PREVENTIVA PARA EL CAMIONERO SOSPECHADO DE ROBAR 13 MILLONES A SU PATR\u00d3N","datePublished":"2024-08-11T00:11:16+00:00","dateModified":"2024-08-11T00:12:05+00:00","mainEntityOfPage":{"@id":"https:\/\/apuntesdesanluis.com\/index.php\/2024\/08\/10\/prision-preventiva-para-el-camionero-sospechado-de-robar-13-millones-a-su-patron\/"},"wordCount":352,"publisher":{"@id":"https:\/\/apuntesdesanluis.com\/#\/schema\/person\/b55151d52296fcce64d1a72538a70b90"},"image":{"@id":"https:\/\/apuntesdesanluis.com\/index.php\/2024\/08\/10\/prision-preventiva-para-el-camionero-sospechado-de-robar-13-millones-a-su-patron\/#primaryimage"},"thumbnailUrl":"https:\/\/apuntesdesanluis.com\/wp-content\/uploads\/2024\/08\/juez-ortiz.png","articleSection":["Ciudad\/Provincia"],"inLanguage":"es-AR"},{"@type":"WebPage","@id":"https:\/\/apuntesdesanluis.com\/index.php\/2024\/08\/10\/prision-preventiva-para-el-camionero-sospechado-de-robar-13-millones-a-su-patron\/","url":"https:\/\/apuntesdesanluis.com\/index.php\/2024\/08\/10\/prision-preventiva-para-el-camionero-sospechado-de-robar-13-millones-a-su-patron\/","name":"PRISI\u00d3N PREVENTIVA PARA EL CAMIONERO SOSPECHADO DE ROBAR 13 MILLONES A SU PATR\u00d3N - Apuntes de San Luis","isPartOf":{"@id":"https:\/\/apuntesdesanluis.com\/#website"},"primaryImageOfPage":{"@id":"https:\/\/apuntesdesanluis.com\/index.php\/2024\/08\/10\/prision-preventiva-para-el-camionero-sospechado-de-robar-13-millones-a-su-patron\/#primaryimage"},"image":{"@id":"https:\/\/apuntesdesanluis.com\/index.php\/2024\/08\/10\/prision-preventiva-para-el-camionero-sospechado-de-robar-13-millones-a-su-patron\/#primaryimage"},"thumbnailUrl":"https:\/\/apuntesdesanluis.com\/wp-content\/uploads\/2024\/08\/juez-ortiz.png","datePublished":"2024-08-11T00:11:16+00:00","dateModified":"2024-08-11T00:12:05+00:00","breadcrumb":{"@id":"https:\/\/apuntesdesanluis.com\/index.php\/2024\/08\/10\/prision-preventiva-para-el-camionero-sospechado-de-robar-13-millones-a-su-patron\/#breadcrumb"},"inLanguage":"es-AR","potentialAction":[{"@type":"ReadAction","target":["https:\/\/apuntesdesanluis.com\/index.php\/2024\/08\/10\/prision-preventiva-para-el-camionero-sospechado-de-robar-13-millones-a-su-patron\/"]}]},{"@type":"ImageObject","inLanguage":"es-AR","@id":"https:\/\/apuntesdesanluis.com\/index.php\/2024\/08\/10\/prision-preventiva-para-el-camionero-sospechado-de-robar-13-millones-a-su-patron\/#primaryimage","url":"https:\/\/apuntesdesanluis.com\/wp-content\/uploads\/2024\/08\/juez-ortiz.png","contentUrl":"https:\/\/apuntesdesanluis.com\/wp-content\/uploads\/2024\/08\/juez-ortiz.png","width":600,"height":350},{"@type":"BreadcrumbList","@id":"https:\/\/apuntesdesanluis.com\/index.php\/2024\/08\/10\/prision-preventiva-para-el-camionero-sospechado-de-robar-13-millones-a-su-patron\/#breadcrumb","itemListElement":[{"@type":"ListItem","position":1,"name":"Inicio","item":"https:\/\/apuntesdesanluis.com\/"},{"@type":"ListItem","position":2,"name":"PRISI\u00d3N PREVENTIVA PARA EL CAMIONERO SOSPECHADO DE ROBAR 13 MILLONES A SU PATR\u00d3N"}]},{"@type":"WebSite","@id":"https:\/\/apuntesdesanluis.com\/#website","url":"https:\/\/apuntesdesanluis.com\/","name":"Apuntes de San Luis","description":"","publisher":{"@id":"https:\/\/apuntesdesanluis.com\/#\/schema\/person\/b55151d52296fcce64d1a72538a70b90"},"potentialAction":[{"@type":"SearchAction","target":{"@type":"EntryPoint","urlTemplate":"https:\/\/apuntesdesanluis.com\/?s={search_term_string}"},"query-input":{"@type":"PropertyValueSpecification","valueRequired":true,"valueName":"search_term_string"}}],"inLanguage":"es-AR"},{"@type":["Person","Organization"],"@id":"https:\/\/apuntesdesanluis.com\/#\/schema\/person\/b55151d52296fcce64d1a72538a70b90","name":"apuntesdesanluis.com","image":{"@type":"ImageObject","inLanguage":"es-AR","@id":"https:\/\/apuntesdesanluis.com\/#\/schema\/person\/image\/","url":"https:\/\/apuntesdesanluis.com\/wp-content\/uploads\/2023\/07\/cropped-apuntesdesanluis.png","contentUrl":"https:\/\/apuntesdesanluis.com\/wp-content\/uploads\/2023\/07\/cropped-apuntesdesanluis.png","width":450,"height":112,"caption":"apuntesdesanluis.com"},"logo":{"@id":"https:\/\/apuntesdesanluis.com\/#\/schema\/person\/image\/"},"sameAs":["https:\/\/apuntesdesanluis.com"],"url":"https:\/\/apuntesdesanluis.com\/index.php\/author\/apuntesdesanluis-com\/"}]}},"featured_image_urls":{"full":["https:\/\/apuntesdesanluis.com\/wp-content\/uploads\/2024\/08\/juez-ortiz.png",600,350,false],"thumbnail":["https:\/\/apuntesdesanluis.com\/wp-content\/uploads\/2024\/08\/juez-ortiz-150x150.png",150,150,true],"medium":["https:\/\/apuntesdesanluis.com\/wp-content\/uploads\/2024\/08\/juez-ortiz-300x175.png",300,175,true],"medium_large":["https:\/\/apuntesdesanluis.com\/wp-content\/uploads\/2024\/08\/juez-ortiz.png",600,350,false],"large":["https:\/\/apuntesdesanluis.com\/wp-content\/uploads\/2024\/08\/juez-ortiz.png",600,350,false],"1536x1536":["https:\/\/apuntesdesanluis.com\/wp-content\/uploads\/2024\/08\/juez-ortiz.png",600,350,false],"2048x2048":["https:\/\/apuntesdesanluis.com\/wp-content\/uploads\/2024\/08\/juez-ortiz.png",600,350,false],"newsever-slider-full":["https:\/\/apuntesdesanluis.com\/wp-content\/uploads\/2024\/08\/juez-ortiz.png",600,350,false],"newsever-featured":["https:\/\/apuntesdesanluis.com\/wp-content\/uploads\/2024\/08\/juez-ortiz.png",600,350,false],"newsever-medium":["https:\/\/apuntesdesanluis.com\/wp-content\/uploads\/2024\/08\/juez-ortiz.png",600,350,false]},"author_info":{"display_name":"apuntesdesanluis.com","author_link":"https:\/\/apuntesdesanluis.com\/index.php\/author\/apuntesdesanluis-com\/"},"category_info":"<a href=\"https:\/\/apuntesdesanluis.com\/index.php\/category\/ciudad-provincia\/\" rel=\"category tag\">Ciudad\/Provincia<\/a>","tag_info":"Ciudad\/Provincia","comment_count":"0","_links":{"self":[{"href":"https:\/\/apuntesdesanluis.com\/index.php\/wp-json\/wp\/v2\/posts\/20614","targetHints":{"allow":["GET"]}}],"collection":[{"href":"https:\/\/apuntesdesanluis.com\/index.php\/wp-json\/wp\/v2\/posts"}],"about":[{"href":"https:\/\/apuntesdesanluis.com\/index.php\/wp-json\/wp\/v2\/types\/post"}],"author":[{"embeddable":true,"href":"https:\/\/apuntesdesanluis.com\/index.php\/wp-json\/wp\/v2\/users\/1"}],"replies":[{"embeddable":true,"href":"https:\/\/apuntesdesanluis.com\/index.php\/wp-json\/wp\/v2\/comments?post=20614"}],"version-history":[{"count":2,"href":"https:\/\/apuntesdesanluis.com\/index.php\/wp-json\/wp\/v2\/posts\/20614\/revisions"}],"predecessor-version":[{"id":20617,"href":"https:\/\/apuntesdesanluis.com\/index.php\/wp-json\/wp\/v2\/posts\/20614\/revisions\/20617"}],"wp:featuredmedia":[{"embeddable":true,"href":"https:\/\/apuntesdesanluis.com\/index.php\/wp-json\/wp\/v2\/media\/20615"}],"wp:attachment":[{"href":"https:\/\/apuntesdesanluis.com\/index.php\/wp-json\/wp\/v2\/media?parent=20614"}],"wp:term":[{"taxonomy":"category","embeddable":true,"href":"https:\/\/apuntesdesanluis.com\/index.php\/wp-json\/wp\/v2\/categories?post=20614"},{"taxonomy":"post_tag","embeddable":true,"href":"https:\/\/apuntesdesanluis.com\/index.php\/wp-json\/wp\/v2\/tags?post=20614"}],"curies":[{"name":"wp","href":"https:\/\/api.w.org\/{rel}","templated":true}]}}