{"id":20623,"date":"2024-08-10T21:30:24","date_gmt":"2024-08-11T00:30:24","guid":{"rendered":"https:\/\/apuntesdesanluis.com\/?p=20623"},"modified":"2024-08-10T21:31:10","modified_gmt":"2024-08-11T00:31:10","slug":"merlo-reafirmo-su-perfil-como-ciudad-deportiva-en-evento-nacional","status":"publish","type":"post","link":"https:\/\/apuntesdesanluis.com\/index.php\/2024\/08\/10\/merlo-reafirmo-su-perfil-como-ciudad-deportiva-en-evento-nacional\/","title":{"rendered":"MERLO REAFIRM\u00d3 SU PERFIL COMO \u201cCIUDAD DEPORTIVA\u201d EN EVENTO NACIONAL"},"content":{"rendered":"<h3>El intendente, <strong>Juan Alvarez Pinto<\/strong>, y el secretario de Turismo, <strong>Santiago Trobo<\/strong>, presentaron formalmente \u201c<strong>Merlo Ciudad del Deport<\/strong>e\u201d y \u201c<strong>Merlo Bureau Eventos<\/strong>\u201d, en el auditorio de convenciones de CABA. La comitiva merlina ha logrado un fruct\u00edfero resultado en el fortalecimiento de la localidad como destino de turismo de reuniones.<\/h3>\n<h3>En el marco de la \u00faltima jornada del Meet Up, la Villa de Merlo tuvo una destacada participaci\u00f3n en la que las autoridades merlinas expusieron sobre las oportunidades que ofrece \u201cMerlo Ciudad del Deporte\u201d, en el segmento de destinos tur\u00edsticos, destacando los eventos deportivos que se desarrollan en la regi\u00f3n.<\/h3>\n<p><img fetchpriority=\"high\" decoding=\"async\" class=\"wp-image-20625 aligncenter\" src=\"https:\/\/apuntesdesanluis.com\/wp-content\/uploads\/2024\/08\/meet-turismo-merlo-300x171.jpg\" alt=\"\" width=\"696\" height=\"397\" srcset=\"https:\/\/apuntesdesanluis.com\/wp-content\/uploads\/2024\/08\/meet-turismo-merlo-300x171.jpg 300w, https:\/\/apuntesdesanluis.com\/wp-content\/uploads\/2024\/08\/meet-turismo-merlo.jpg 700w\" sizes=\"(max-width: 696px) 100vw, 696px\" \/><\/p>\n<h3>Asimismo, Merlo se luci\u00f3 con la presentaci\u00f3n formal de \u201cMerlo BUREAU Eventos\u201d en el Centro de Convenciones de CABA. Este evento reuni\u00f3 a destacados representantes del sector tur\u00edstico y de eventos para fortalecer la posici\u00f3n de Merlo como un destino clave para la realizaci\u00f3n de eventos deportivos y corporativos.<\/h3>\n<h3><strong>Durante la jornada, se llevaron a cabo varias reuniones estrat\u00e9gicas:<\/strong><\/h3>\n<ul>\n<li>\n<h3><strong>Aerol\u00edneas Argentinas: <\/strong>Se concretaron beneficios para pr\u00f3ximos eventos y congresos, fortaleciendo la conectividad y apoyo log\u00edstico.<\/h3>\n<\/li>\n<li>\n<h3><strong>Buquebus: <\/strong>Se mantuvo una reuni\u00f3n con la representante comercial en Uruguay para explorar oportunidades en el segmento de agencias mayoristas.<\/h3>\n<\/li>\n<li>\n<h3><strong>San Juan Bureau: <\/strong>Se firm\u00f3 un convenio de colaboraci\u00f3n para consolidar ambos Bureaus y trabajar conjuntamente en futuras iniciativas.<\/h3>\n<\/li>\n<li>\n<h3><strong>Bureau Concordia, Entre R\u00edos: <\/strong>Se discuti\u00f3 el desarrollo de una red de centros de convenciones a nivel nacional.<\/h3>\n<\/li>\n<li>\n<h3><strong>BCD Meetings: <\/strong>Se mantuvo un encuentro con esta empresa proveedora de eventos para explorar futuras colaboraciones.<\/h3>\n<\/li>\n<li>\n<h3><strong>DRJ en Espa\u00f1ol: <\/strong>Se dialog\u00f3 con esta empresa de formaci\u00f3n para organizaciones sobre posibles proyectos conjuntos.<\/h3>\n<\/li>\n<li>\n<h3><strong>Universidad Federal de S\u00e3o Jo\u00e3o del-Rei, Brasil: <\/strong>Se discuti\u00f3 la posibilidad de organizar un Congreso de Ingenieros en nuestra villa.<\/h3>\n<\/li>\n<\/ul>\n<h3>Adem\u00e1s, se presentaron eventos sustentables en el pa\u00eds y se llev\u00f3 a cabo una charla sobre g\u00e9nero y diversidad, subrayando el compromiso de Merlo con la inclusi\u00f3n y la sostenibilidad en la organizaci\u00f3n de eventos.<\/h3>\n<p><img decoding=\"async\" class=\"wp-image-20626 aligncenter\" src=\"https:\/\/apuntesdesanluis.com\/wp-content\/uploads\/2024\/08\/juan-alvarez-pinto-300x202.jpg\" alt=\"\" width=\"691\" height=\"465\" srcset=\"https:\/\/apuntesdesanluis.com\/wp-content\/uploads\/2024\/08\/juan-alvarez-pinto-300x202.jpg 300w, https:\/\/apuntesdesanluis.com\/wp-content\/uploads\/2024\/08\/juan-alvarez-pinto.jpg 600w\" sizes=\"(max-width: 691px) 100vw, 691px\" \/><\/p>\n<h3>Esta exitosa participaci\u00f3n reafirma el compromiso de la Villa de Merlo con el desarrollo de eventos de alto nivel y la creaci\u00f3n de redes estrat\u00e9gicas en el \u00e1mbito nacional e internacional.<\/h3>\n<p>&nbsp;<\/p>\n<p>&nbsp;<\/p>\n<p>&nbsp;<\/p>\n<p>&nbsp;<\/p>\n<p>&nbsp;<\/p>\n<p>&nbsp;<\/p>\n","protected":false},"excerpt":{"rendered":"<p>El intendente, Juan Alvarez Pinto, y el secretario de Turismo, Santiago Trobo, presentaron formalmente \u201cMerlo&#8230;<\/p>\n","protected":false},"author":1,"featured_media":20624,"comment_status":"closed","ping_status":"closed","sticky":false,"template":"","format":"standard","meta":{"footnotes":""},"categories":[6],"tags":[],"class_list":["post-20623","post","type-post","status-publish","format-standard","has-post-thumbnail","hentry","category-ciudad-provincia"],"yoast_head":"<!-- This site is optimized with the Yoast SEO plugin v26.1.1 - https:\/\/yoast.com\/wordpress\/plugins\/seo\/ -->\n<title>MERLO REAFIRM\u00d3 SU PERFIL COMO \u201cCIUDAD DEPORTIVA\u201d EN EVENTO NACIONAL - Apuntes de San Luis<\/title>\n<meta name=\"robots\" content=\"index, follow, max-snippet:-1, max-image-preview:large, max-video-preview:-1\" \/>\n<link rel=\"canonical\" href=\"https:\/\/apuntesdesanluis.com\/index.php\/2024\/08\/10\/merlo-reafirmo-su-perfil-como-ciudad-deportiva-en-evento-nacional\/\" \/>\n<meta property=\"og:locale\" content=\"es_ES\" \/>\n<meta property=\"og:type\" content=\"article\" \/>\n<meta property=\"og:title\" content=\"MERLO REAFIRM\u00d3 SU PERFIL COMO \u201cCIUDAD DEPORTIVA\u201d EN EVENTO NACIONAL - Apuntes de San Luis\" \/>\n<meta property=\"og:description\" content=\"El intendente, Juan Alvarez Pinto, y el secretario de Turismo, Santiago Trobo, presentaron formalmente \u201cMerlo...\" \/>\n<meta property=\"og:url\" content=\"https:\/\/apuntesdesanluis.com\/index.php\/2024\/08\/10\/merlo-reafirmo-su-perfil-como-ciudad-deportiva-en-evento-nacional\/\" \/>\n<meta property=\"og:site_name\" content=\"Apuntes de San Luis\" \/>\n<meta property=\"article:published_time\" content=\"2024-08-11T00:30:24+00:00\" \/>\n<meta property=\"article:modified_time\" content=\"2024-08-11T00:31:10+00:00\" \/>\n<meta property=\"og:image\" content=\"https:\/\/apuntesdesanluis.com\/wp-content\/uploads\/2024\/08\/alvarez-pinto.jpg\" \/>\n\t<meta property=\"og:image:width\" content=\"700\" \/>\n\t<meta property=\"og:image:height\" content=\"422\" \/>\n\t<meta property=\"og:image:type\" content=\"image\/jpeg\" \/>\n<meta name=\"author\" content=\"apuntesdesanluis.com\" \/>\n<meta name=\"twitter:card\" content=\"summary_large_image\" \/>\n<meta name=\"twitter:label1\" content=\"Escrito por\" \/>\n\t<meta name=\"twitter:data1\" content=\"apuntesdesanluis.com\" \/>\n\t<meta name=\"twitter:label2\" content=\"Tiempo de lectura\" \/>\n\t<meta name=\"twitter:data2\" content=\"3 minutos\" \/>\n<script type=\"application\/ld+json\" class=\"yoast-schema-graph\">{\"@context\":\"https:\/\/schema.org\",\"@graph\":[{\"@type\":\"Article\",\"@id\":\"https:\/\/apuntesdesanluis.com\/index.php\/2024\/08\/10\/merlo-reafirmo-su-perfil-como-ciudad-deportiva-en-evento-nacional\/#article\",\"isPartOf\":{\"@id\":\"https:\/\/apuntesdesanluis.com\/index.php\/2024\/08\/10\/merlo-reafirmo-su-perfil-como-ciudad-deportiva-en-evento-nacional\/\"},\"author\":{\"name\":\"apuntesdesanluis.com\",\"@id\":\"https:\/\/apuntesdesanluis.com\/#\/schema\/person\/b55151d52296fcce64d1a72538a70b90\"},\"headline\":\"MERLO REAFIRM\u00d3 SU PERFIL COMO \u201cCIUDAD DEPORTIVA\u201d EN EVENTO NACIONAL\",\"datePublished\":\"2024-08-11T00:30:24+00:00\",\"dateModified\":\"2024-08-11T00:31:10+00:00\",\"mainEntityOfPage\":{\"@id\":\"https:\/\/apuntesdesanluis.com\/index.php\/2024\/08\/10\/merlo-reafirmo-su-perfil-como-ciudad-deportiva-en-evento-nacional\/\"},\"wordCount\":392,\"publisher\":{\"@id\":\"https:\/\/apuntesdesanluis.com\/#\/schema\/person\/b55151d52296fcce64d1a72538a70b90\"},\"image\":{\"@id\":\"https:\/\/apuntesdesanluis.com\/index.php\/2024\/08\/10\/merlo-reafirmo-su-perfil-como-ciudad-deportiva-en-evento-nacional\/#primaryimage\"},\"thumbnailUrl\":\"https:\/\/apuntesdesanluis.com\/wp-content\/uploads\/2024\/08\/alvarez-pinto.jpg\",\"articleSection\":[\"Ciudad\/Provincia\"],\"inLanguage\":\"es-AR\"},{\"@type\":\"WebPage\",\"@id\":\"https:\/\/apuntesdesanluis.com\/index.php\/2024\/08\/10\/merlo-reafirmo-su-perfil-como-ciudad-deportiva-en-evento-nacional\/\",\"url\":\"https:\/\/apuntesdesanluis.com\/index.php\/2024\/08\/10\/merlo-reafirmo-su-perfil-como-ciudad-deportiva-en-evento-nacional\/\",\"name\":\"MERLO REAFIRM\u00d3 SU PERFIL COMO \u201cCIUDAD DEPORTIVA\u201d EN EVENTO NACIONAL - Apuntes de San Luis\",\"isPartOf\":{\"@id\":\"https:\/\/apuntesdesanluis.com\/#website\"},\"primaryImageOfPage\":{\"@id\":\"https:\/\/apuntesdesanluis.com\/index.php\/2024\/08\/10\/merlo-reafirmo-su-perfil-como-ciudad-deportiva-en-evento-nacional\/#primaryimage\"},\"image\":{\"@id\":\"https:\/\/apuntesdesanluis.com\/index.php\/2024\/08\/10\/merlo-reafirmo-su-perfil-como-ciudad-deportiva-en-evento-nacional\/#primaryimage\"},\"thumbnailUrl\":\"https:\/\/apuntesdesanluis.com\/wp-content\/uploads\/2024\/08\/alvarez-pinto.jpg\",\"datePublished\":\"2024-08-11T00:30:24+00:00\",\"dateModified\":\"2024-08-11T00:31:10+00:00\",\"breadcrumb\":{\"@id\":\"https:\/\/apuntesdesanluis.com\/index.php\/2024\/08\/10\/merlo-reafirmo-su-perfil-como-ciudad-deportiva-en-evento-nacional\/#breadcrumb\"},\"inLanguage\":\"es-AR\",\"potentialAction\":[{\"@type\":\"ReadAction\",\"target\":[\"https:\/\/apuntesdesanluis.com\/index.php\/2024\/08\/10\/merlo-reafirmo-su-perfil-como-ciudad-deportiva-en-evento-nacional\/\"]}]},{\"@type\":\"ImageObject\",\"inLanguage\":\"es-AR\",\"@id\":\"https:\/\/apuntesdesanluis.com\/index.php\/2024\/08\/10\/merlo-reafirmo-su-perfil-como-ciudad-deportiva-en-evento-nacional\/#primaryimage\",\"url\":\"https:\/\/apuntesdesanluis.com\/wp-content\/uploads\/2024\/08\/alvarez-pinto.jpg\",\"contentUrl\":\"https:\/\/apuntesdesanluis.com\/wp-content\/uploads\/2024\/08\/alvarez-pinto.jpg\",\"width\":700,\"height\":422},{\"@type\":\"BreadcrumbList\",\"@id\":\"https:\/\/apuntesdesanluis.com\/index.php\/2024\/08\/10\/merlo-reafirmo-su-perfil-como-ciudad-deportiva-en-evento-nacional\/#breadcrumb\",\"itemListElement\":[{\"@type\":\"ListItem\",\"position\":1,\"name\":\"Inicio\",\"item\":\"https:\/\/apuntesdesanluis.com\/\"},{\"@type\":\"ListItem\",\"position\":2,\"name\":\"MERLO REAFIRM\u00d3 SU PERFIL COMO \u201cCIUDAD DEPORTIVA\u201d EN EVENTO NACIONAL\"}]},{\"@type\":\"WebSite\",\"@id\":\"https:\/\/apuntesdesanluis.com\/#website\",\"url\":\"https:\/\/apuntesdesanluis.com\/\",\"name\":\"Apuntes de San Luis\",\"description\":\"\",\"publisher\":{\"@id\":\"https:\/\/apuntesdesanluis.com\/#\/schema\/person\/b55151d52296fcce64d1a72538a70b90\"},\"potentialAction\":[{\"@type\":\"SearchAction\",\"target\":{\"@type\":\"EntryPoint\",\"urlTemplate\":\"https:\/\/apuntesdesanluis.com\/?s={search_term_string}\"},\"query-input\":{\"@type\":\"PropertyValueSpecification\",\"valueRequired\":true,\"valueName\":\"search_term_string\"}}],\"inLanguage\":\"es-AR\"},{\"@type\":[\"Person\",\"Organization\"],\"@id\":\"https:\/\/apuntesdesanluis.com\/#\/schema\/person\/b55151d52296fcce64d1a72538a70b90\",\"name\":\"apuntesdesanluis.com\",\"image\":{\"@type\":\"ImageObject\",\"inLanguage\":\"es-AR\",\"@id\":\"https:\/\/apuntesdesanluis.com\/#\/schema\/person\/image\/\",\"url\":\"https:\/\/apuntesdesanluis.com\/wp-content\/uploads\/2023\/07\/cropped-apuntesdesanluis.png\",\"contentUrl\":\"https:\/\/apuntesdesanluis.com\/wp-content\/uploads\/2023\/07\/cropped-apuntesdesanluis.png\",\"width\":450,\"height\":112,\"caption\":\"apuntesdesanluis.com\"},\"logo\":{\"@id\":\"https:\/\/apuntesdesanluis.com\/#\/schema\/person\/image\/\"},\"sameAs\":[\"https:\/\/apuntesdesanluis.com\"],\"url\":\"https:\/\/apuntesdesanluis.com\/index.php\/author\/apuntesdesanluis-com\/\"}]}<\/script>\n<!-- \/ Yoast SEO plugin. -->","yoast_head_json":{"title":"MERLO REAFIRM\u00d3 SU PERFIL COMO \u201cCIUDAD DEPORTIVA\u201d EN EVENTO NACIONAL - Apuntes de San Luis","robots":{"index":"index","follow":"follow","max-snippet":"max-snippet:-1","max-image-preview":"max-image-preview:large","max-video-preview":"max-video-preview:-1"},"canonical":"https:\/\/apuntesdesanluis.com\/index.php\/2024\/08\/10\/merlo-reafirmo-su-perfil-como-ciudad-deportiva-en-evento-nacional\/","og_locale":"es_ES","og_type":"article","og_title":"MERLO REAFIRM\u00d3 SU PERFIL COMO \u201cCIUDAD DEPORTIVA\u201d EN EVENTO NACIONAL - Apuntes de San Luis","og_description":"El intendente, Juan Alvarez Pinto, y el secretario de Turismo, Santiago Trobo, presentaron formalmente \u201cMerlo...","og_url":"https:\/\/apuntesdesanluis.com\/index.php\/2024\/08\/10\/merlo-reafirmo-su-perfil-como-ciudad-deportiva-en-evento-nacional\/","og_site_name":"Apuntes de San Luis","article_published_time":"2024-08-11T00:30:24+00:00","article_modified_time":"2024-08-11T00:31:10+00:00","og_image":[{"width":700,"height":422,"url":"https:\/\/apuntesdesanluis.com\/wp-content\/uploads\/2024\/08\/alvarez-pinto.jpg","type":"image\/jpeg"}],"author":"apuntesdesanluis.com","twitter_card":"summary_large_image","twitter_misc":{"Escrito por":"apuntesdesanluis.com","Tiempo de lectura":"3 minutos"},"schema":{"@context":"https:\/\/schema.org","@graph":[{"@type":"Article","@id":"https:\/\/apuntesdesanluis.com\/index.php\/2024\/08\/10\/merlo-reafirmo-su-perfil-como-ciudad-deportiva-en-evento-nacional\/#article","isPartOf":{"@id":"https:\/\/apuntesdesanluis.com\/index.php\/2024\/08\/10\/merlo-reafirmo-su-perfil-como-ciudad-deportiva-en-evento-nacional\/"},"author":{"name":"apuntesdesanluis.com","@id":"https:\/\/apuntesdesanluis.com\/#\/schema\/person\/b55151d52296fcce64d1a72538a70b90"},"headline":"MERLO REAFIRM\u00d3 SU PERFIL COMO \u201cCIUDAD DEPORTIVA\u201d EN EVENTO NACIONAL","datePublished":"2024-08-11T00:30:24+00:00","dateModified":"2024-08-11T00:31:10+00:00","mainEntityOfPage":{"@id":"https:\/\/apuntesdesanluis.com\/index.php\/2024\/08\/10\/merlo-reafirmo-su-perfil-como-ciudad-deportiva-en-evento-nacional\/"},"wordCount":392,"publisher":{"@id":"https:\/\/apuntesdesanluis.com\/#\/schema\/person\/b55151d52296fcce64d1a72538a70b90"},"image":{"@id":"https:\/\/apuntesdesanluis.com\/index.php\/2024\/08\/10\/merlo-reafirmo-su-perfil-como-ciudad-deportiva-en-evento-nacional\/#primaryimage"},"thumbnailUrl":"https:\/\/apuntesdesanluis.com\/wp-content\/uploads\/2024\/08\/alvarez-pinto.jpg","articleSection":["Ciudad\/Provincia"],"inLanguage":"es-AR"},{"@type":"WebPage","@id":"https:\/\/apuntesdesanluis.com\/index.php\/2024\/08\/10\/merlo-reafirmo-su-perfil-como-ciudad-deportiva-en-evento-nacional\/","url":"https:\/\/apuntesdesanluis.com\/index.php\/2024\/08\/10\/merlo-reafirmo-su-perfil-como-ciudad-deportiva-en-evento-nacional\/","name":"MERLO REAFIRM\u00d3 SU PERFIL COMO \u201cCIUDAD DEPORTIVA\u201d EN EVENTO NACIONAL - Apuntes de San Luis","isPartOf":{"@id":"https:\/\/apuntesdesanluis.com\/#website"},"primaryImageOfPage":{"@id":"https:\/\/apuntesdesanluis.com\/index.php\/2024\/08\/10\/merlo-reafirmo-su-perfil-como-ciudad-deportiva-en-evento-nacional\/#primaryimage"},"image":{"@id":"https:\/\/apuntesdesanluis.com\/index.php\/2024\/08\/10\/merlo-reafirmo-su-perfil-como-ciudad-deportiva-en-evento-nacional\/#primaryimage"},"thumbnailUrl":"https:\/\/apuntesdesanluis.com\/wp-content\/uploads\/2024\/08\/alvarez-pinto.jpg","datePublished":"2024-08-11T00:30:24+00:00","dateModified":"2024-08-11T00:31:10+00:00","breadcrumb":{"@id":"https:\/\/apuntesdesanluis.com\/index.php\/2024\/08\/10\/merlo-reafirmo-su-perfil-como-ciudad-deportiva-en-evento-nacional\/#breadcrumb"},"inLanguage":"es-AR","potentialAction":[{"@type":"ReadAction","target":["https:\/\/apuntesdesanluis.com\/index.php\/2024\/08\/10\/merlo-reafirmo-su-perfil-como-ciudad-deportiva-en-evento-nacional\/"]}]},{"@type":"ImageObject","inLanguage":"es-AR","@id":"https:\/\/apuntesdesanluis.com\/index.php\/2024\/08\/10\/merlo-reafirmo-su-perfil-como-ciudad-deportiva-en-evento-nacional\/#primaryimage","url":"https:\/\/apuntesdesanluis.com\/wp-content\/uploads\/2024\/08\/alvarez-pinto.jpg","contentUrl":"https:\/\/apuntesdesanluis.com\/wp-content\/uploads\/2024\/08\/alvarez-pinto.jpg","width":700,"height":422},{"@type":"BreadcrumbList","@id":"https:\/\/apuntesdesanluis.com\/index.php\/2024\/08\/10\/merlo-reafirmo-su-perfil-como-ciudad-deportiva-en-evento-nacional\/#breadcrumb","itemListElement":[{"@type":"ListItem","position":1,"name":"Inicio","item":"https:\/\/apuntesdesanluis.com\/"},{"@type":"ListItem","position":2,"name":"MERLO REAFIRM\u00d3 SU PERFIL COMO \u201cCIUDAD DEPORTIVA\u201d EN EVENTO NACIONAL"}]},{"@type":"WebSite","@id":"https:\/\/apuntesdesanluis.com\/#website","url":"https:\/\/apuntesdesanluis.com\/","name":"Apuntes de San Luis","description":"","publisher":{"@id":"https:\/\/apuntesdesanluis.com\/#\/schema\/person\/b55151d52296fcce64d1a72538a70b90"},"potentialAction":[{"@type":"SearchAction","target":{"@type":"EntryPoint","urlTemplate":"https:\/\/apuntesdesanluis.com\/?s={search_term_string}"},"query-input":{"@type":"PropertyValueSpecification","valueRequired":true,"valueName":"search_term_string"}}],"inLanguage":"es-AR"},{"@type":["Person","Organization"],"@id":"https:\/\/apuntesdesanluis.com\/#\/schema\/person\/b55151d52296fcce64d1a72538a70b90","name":"apuntesdesanluis.com","image":{"@type":"ImageObject","inLanguage":"es-AR","@id":"https:\/\/apuntesdesanluis.com\/#\/schema\/person\/image\/","url":"https:\/\/apuntesdesanluis.com\/wp-content\/uploads\/2023\/07\/cropped-apuntesdesanluis.png","contentUrl":"https:\/\/apuntesdesanluis.com\/wp-content\/uploads\/2023\/07\/cropped-apuntesdesanluis.png","width":450,"height":112,"caption":"apuntesdesanluis.com"},"logo":{"@id":"https:\/\/apuntesdesanluis.com\/#\/schema\/person\/image\/"},"sameAs":["https:\/\/apuntesdesanluis.com"],"url":"https:\/\/apuntesdesanluis.com\/index.php\/author\/apuntesdesanluis-com\/"}]}},"featured_image_urls":{"full":["https:\/\/apuntesdesanluis.com\/wp-content\/uploads\/2024\/08\/alvarez-pinto.jpg",700,422,false],"thumbnail":["https:\/\/apuntesdesanluis.com\/wp-content\/uploads\/2024\/08\/alvarez-pinto-150x150.jpg",150,150,true],"medium":["https:\/\/apuntesdesanluis.com\/wp-content\/uploads\/2024\/08\/alvarez-pinto-300x181.jpg",300,181,true],"medium_large":["https:\/\/apuntesdesanluis.com\/wp-content\/uploads\/2024\/08\/alvarez-pinto.jpg",640,386,false],"large":["https:\/\/apuntesdesanluis.com\/wp-content\/uploads\/2024\/08\/alvarez-pinto.jpg",640,386,false],"1536x1536":["https:\/\/apuntesdesanluis.com\/wp-content\/uploads\/2024\/08\/alvarez-pinto.jpg",700,422,false],"2048x2048":["https:\/\/apuntesdesanluis.com\/wp-content\/uploads\/2024\/08\/alvarez-pinto.jpg",700,422,false],"newsever-slider-full":["https:\/\/apuntesdesanluis.com\/wp-content\/uploads\/2024\/08\/alvarez-pinto.jpg",700,422,false],"newsever-featured":["https:\/\/apuntesdesanluis.com\/wp-content\/uploads\/2024\/08\/alvarez-pinto.jpg",700,422,false],"newsever-medium":["https:\/\/apuntesdesanluis.com\/wp-content\/uploads\/2024\/08\/alvarez-pinto.jpg",700,422,false]},"author_info":{"display_name":"apuntesdesanluis.com","author_link":"https:\/\/apuntesdesanluis.com\/index.php\/author\/apuntesdesanluis-com\/"},"category_info":"<a href=\"https:\/\/apuntesdesanluis.com\/index.php\/category\/ciudad-provincia\/\" rel=\"category tag\">Ciudad\/Provincia<\/a>","tag_info":"Ciudad\/Provincia","comment_count":"0","_links":{"self":[{"href":"https:\/\/apuntesdesanluis.com\/index.php\/wp-json\/wp\/v2\/posts\/20623","targetHints":{"allow":["GET"]}}],"collection":[{"href":"https:\/\/apuntesdesanluis.com\/index.php\/wp-json\/wp\/v2\/posts"}],"about":[{"href":"https:\/\/apuntesdesanluis.com\/index.php\/wp-json\/wp\/v2\/types\/post"}],"author":[{"embeddable":true,"href":"https:\/\/apuntesdesanluis.com\/index.php\/wp-json\/wp\/v2\/users\/1"}],"replies":[{"embeddable":true,"href":"https:\/\/apuntesdesanluis.com\/index.php\/wp-json\/wp\/v2\/comments?post=20623"}],"version-history":[{"count":2,"href":"https:\/\/apuntesdesanluis.com\/index.php\/wp-json\/wp\/v2\/posts\/20623\/revisions"}],"predecessor-version":[{"id":20628,"href":"https:\/\/apuntesdesanluis.com\/index.php\/wp-json\/wp\/v2\/posts\/20623\/revisions\/20628"}],"wp:featuredmedia":[{"embeddable":true,"href":"https:\/\/apuntesdesanluis.com\/index.php\/wp-json\/wp\/v2\/media\/20624"}],"wp:attachment":[{"href":"https:\/\/apuntesdesanluis.com\/index.php\/wp-json\/wp\/v2\/media?parent=20623"}],"wp:term":[{"taxonomy":"category","embeddable":true,"href":"https:\/\/apuntesdesanluis.com\/index.php\/wp-json\/wp\/v2\/categories?post=20623"},{"taxonomy":"post_tag","embeddable":true,"href":"https:\/\/apuntesdesanluis.com\/index.php\/wp-json\/wp\/v2\/tags?post=20623"}],"curies":[{"name":"wp","href":"https:\/\/api.w.org\/{rel}","templated":true}]}}