{"id":20646,"date":"2024-08-11T19:51:17","date_gmt":"2024-08-11T22:51:17","guid":{"rendered":"https:\/\/apuntesdesanluis.com\/?p=20646"},"modified":"2024-08-11T19:51:25","modified_gmt":"2024-08-11T22:51:25","slug":"la-unsl-conmemorara-la-reforma-constitucional-que-consagro-la-autonomia-universitaria","status":"publish","type":"post","link":"https:\/\/apuntesdesanluis.com\/index.php\/2024\/08\/11\/la-unsl-conmemorara-la-reforma-constitucional-que-consagro-la-autonomia-universitaria\/","title":{"rendered":"LA UNSL CONMEMORAR\u00c1 LA REFORMA CONSTITUCIONAL QUE CONSAGR\u00d3 LA AUTONOM\u00cdA UNIVERSITARIA"},"content":{"rendered":"<h3>Se trata de la \u00faltima Convenci\u00f3n Constituyente de 1994, motivo por el cual tambi\u00e9n se reconocer\u00e1 el aporte de los convencionales que representaron a nuestra provincia.<\/h3>\n<h3>Las actividades iniciar\u00e1n este lunes 12 a las 10:30 horas en el Microcine de la Universidad Nacional de San Luis (UNSL), con la conferencia del Dr. <strong>Gonzalo \u00c1lvarez<\/strong>, presidente de Eudeba y ex rector de la Universidad de la Defensa Nacional. Adem\u00e1s, se distinguir\u00e1 a los convencionales constituyentes de la provincia de San Luis.<\/h3>\n<h3>El secretario General de la UNSL, Dr. <strong>Ra\u00fal Gil<\/strong>, resalt\u00f3 la importancia de recordar a la sociedad que las universidades nacionales son una instituci\u00f3n fundamental del Estado y que la constituci\u00f3n establece que la universidad argentina tiene autonom\u00eda.<\/h3>\n<h3>Asimismo, manifest\u00f3 que la conferencia del Dr. \u00c1lvarez persigue abrir el debate y poner las miradas sobre lo que implica la autonom\u00eda en las universidades. \u00abLas universidades nos autogestionamos, nos autogobernamos y esto es un hecho que se destaca y que est\u00e1 puesto al servicio de la educaci\u00f3n superior\u00bb, dijo Gil y agreg\u00f3: \u00abse tratar\u00e1 de una excelente jornada de discusi\u00f3n y debate en donde podremos revisarnos y ver cr\u00edticamente el rol de la universidad y c\u00f3mo la autonom\u00eda nos termina definiendo como instituci\u00f3n del Estado\u00bb.<\/h3>\n<p><img fetchpriority=\"high\" decoding=\"async\" class=\"wp-image-20647 aligncenter\" src=\"https:\/\/apuntesdesanluis.com\/wp-content\/uploads\/2024\/08\/autonomia-300x167.png\" alt=\"\" width=\"767\" height=\"427\" srcset=\"https:\/\/apuntesdesanluis.com\/wp-content\/uploads\/2024\/08\/autonomia-300x167.png 300w, https:\/\/apuntesdesanluis.com\/wp-content\/uploads\/2024\/08\/autonomia-768x428.png 768w, https:\/\/apuntesdesanluis.com\/wp-content\/uploads\/2024\/08\/autonomia.png 868w\" sizes=\"(max-width: 767px) 100vw, 767px\" \/><\/p>\n<h3>Destac\u00f3 el rol de Alberto Puchm\u00fcller, ex rector de nuestra Instituci\u00f3n, como trascendental para el equipo del ex presidente de la Naci\u00f3n, Ra\u00fal Alfons\u00edn, para la reforma de la constituci\u00f3n y para nosotros como Universidad, por haber tenido a un protagonista m\u00e1s que importante.<\/h3>\n<h3>Adelant\u00f3 tambi\u00e9n que en la jornada del lunes 12 de agosto, se har\u00e1 un reconocimiento al aporte de los convencionales constituyentes de San Luis, \u00abporque no solo ha sido importante para la Universidad, sino para todo el estado nacional, todo el pa\u00eds, y todos los y las puntanos y puntanas que estuvieron trabajando\u00bb, expres\u00f3 el Secretario General.<\/h3>\n<h3>Participaron de aquel momento: Oraldo Britos; Julio Falco; Ida Gregoria Garc\u00eda de Barroso; Mar\u00eda Zunilda Lucero; Mario Ra\u00fal Merlo; Alberto Puchm\u00fcller y Adolfo Rodr\u00edguez Sa\u00e1.<\/h3>\n<h3>SOBRE GONZALO \u00c1LVAREZ<\/h3>\n<h3>Es abogado y doctor por la Universidad de Buenos Aires (UBA) y especialista en gesti\u00f3n universitaria (IGLU-OUI). Es profesor regular de la Facultad de Derecho y de la Facultad de Psicolog\u00eda de la UBA y director del Programa de actualizaci\u00f3n de Posgrado en Asesor\u00eda Jur\u00eddica de Universidades (UBA). Es codirector de Academia. Revista sobre ense\u00f1anza del derecho e investigador categor\u00eda III.<\/h3>\n<h3>Ha ejercido distintos cargos de gesti\u00f3n universitaria en las \u00e1reas de Hacienda, Administraci\u00f3n y Extensi\u00f3n universitaria y acad\u00e9mica; entre ellos se destacan el de secretario acad\u00e9mico de la Facultad de Derecho de la UBA, el de consejero acad\u00e9mico del Colegio Nacional de Buenos Aires y del Instituto Libre de Segunda Ense\u00f1anza, el de director del profesorado en Ciencias Jur\u00eddicas de la UBA, el de rector de la Universidad de la Defensa Nacional (Undef) y el de presidente de la Editorial Universitaria de Buenos Aires (Eudeba).<\/h3>\n<h3>Es autor del libro Misi\u00f3n cumplida. C\u00f3mo la Reforma Universitaria lleg\u00f3 a la Constituci\u00f3n Nacional, cuya hip\u00f3tesis central que se propone en esas p\u00e1ginas es que la reforma constitucional de 1994, refleja el resultado de una larga lucha por la interpretaci\u00f3n amplia de la autonom\u00eda universitaria, que se basa en el modelo reformista de universidad.<\/h3>\n<p>&nbsp;<\/p>\n<p>&nbsp;<\/p>\n<p>&nbsp;<\/p>\n<p>&nbsp;<\/p>\n<p>&nbsp;<\/p>\n<p>&nbsp;<\/p>\n<p>&nbsp;<\/p>\n","protected":false},"excerpt":{"rendered":"<p>Se trata de la \u00faltima Convenci\u00f3n Constituyente de 1994, motivo por el cual tambi\u00e9n se&#8230;<\/p>\n","protected":false},"author":1,"featured_media":20648,"comment_status":"closed","ping_status":"closed","sticky":false,"template":"","format":"standard","meta":{"footnotes":""},"categories":[6],"tags":[],"class_list":["post-20646","post","type-post","status-publish","format-standard","has-post-thumbnail","hentry","category-ciudad-provincia"],"yoast_head":"<!-- This site is optimized with the Yoast SEO plugin v26.1.1 - https:\/\/yoast.com\/wordpress\/plugins\/seo\/ -->\n<title>LA UNSL CONMEMORAR\u00c1 LA REFORMA CONSTITUCIONAL QUE CONSAGR\u00d3 LA AUTONOM\u00cdA UNIVERSITARIA - Apuntes de San Luis<\/title>\n<meta name=\"robots\" content=\"index, follow, max-snippet:-1, max-image-preview:large, max-video-preview:-1\" \/>\n<link rel=\"canonical\" href=\"https:\/\/apuntesdesanluis.com\/index.php\/2024\/08\/11\/la-unsl-conmemorara-la-reforma-constitucional-que-consagro-la-autonomia-universitaria\/\" \/>\n<meta property=\"og:locale\" content=\"es_ES\" \/>\n<meta property=\"og:type\" content=\"article\" \/>\n<meta property=\"og:title\" content=\"LA UNSL CONMEMORAR\u00c1 LA REFORMA CONSTITUCIONAL QUE CONSAGR\u00d3 LA AUTONOM\u00cdA UNIVERSITARIA - Apuntes de San Luis\" \/>\n<meta property=\"og:description\" content=\"Se trata de la \u00faltima Convenci\u00f3n Constituyente de 1994, motivo por el cual tambi\u00e9n se...\" \/>\n<meta property=\"og:url\" content=\"https:\/\/apuntesdesanluis.com\/index.php\/2024\/08\/11\/la-unsl-conmemorara-la-reforma-constitucional-que-consagro-la-autonomia-universitaria\/\" \/>\n<meta property=\"og:site_name\" content=\"Apuntes de San Luis\" \/>\n<meta property=\"article:published_time\" content=\"2024-08-11T22:51:17+00:00\" \/>\n<meta property=\"article:modified_time\" content=\"2024-08-11T22:51:25+00:00\" \/>\n<meta property=\"og:image\" content=\"https:\/\/apuntesdesanluis.com\/wp-content\/uploads\/2024\/08\/reforma-de-1994.png\" \/>\n\t<meta property=\"og:image:width\" content=\"678\" \/>\n\t<meta property=\"og:image:height\" content=\"419\" \/>\n\t<meta property=\"og:image:type\" content=\"image\/png\" \/>\n<meta name=\"author\" content=\"apuntesdesanluis.com\" \/>\n<meta name=\"twitter:card\" content=\"summary_large_image\" \/>\n<meta name=\"twitter:label1\" content=\"Escrito por\" \/>\n\t<meta name=\"twitter:data1\" content=\"apuntesdesanluis.com\" \/>\n\t<meta name=\"twitter:label2\" content=\"Tiempo de lectura\" \/>\n\t<meta name=\"twitter:data2\" content=\"3 minutos\" \/>\n<script type=\"application\/ld+json\" class=\"yoast-schema-graph\">{\"@context\":\"https:\/\/schema.org\",\"@graph\":[{\"@type\":\"Article\",\"@id\":\"https:\/\/apuntesdesanluis.com\/index.php\/2024\/08\/11\/la-unsl-conmemorara-la-reforma-constitucional-que-consagro-la-autonomia-universitaria\/#article\",\"isPartOf\":{\"@id\":\"https:\/\/apuntesdesanluis.com\/index.php\/2024\/08\/11\/la-unsl-conmemorara-la-reforma-constitucional-que-consagro-la-autonomia-universitaria\/\"},\"author\":{\"name\":\"apuntesdesanluis.com\",\"@id\":\"https:\/\/apuntesdesanluis.com\/#\/schema\/person\/b55151d52296fcce64d1a72538a70b90\"},\"headline\":\"LA UNSL CONMEMORAR\u00c1 LA REFORMA CONSTITUCIONAL QUE CONSAGR\u00d3 LA AUTONOM\u00cdA UNIVERSITARIA\",\"datePublished\":\"2024-08-11T22:51:17+00:00\",\"dateModified\":\"2024-08-11T22:51:25+00:00\",\"mainEntityOfPage\":{\"@id\":\"https:\/\/apuntesdesanluis.com\/index.php\/2024\/08\/11\/la-unsl-conmemorara-la-reforma-constitucional-que-consagro-la-autonomia-universitaria\/\"},\"wordCount\":599,\"publisher\":{\"@id\":\"https:\/\/apuntesdesanluis.com\/#\/schema\/person\/b55151d52296fcce64d1a72538a70b90\"},\"image\":{\"@id\":\"https:\/\/apuntesdesanluis.com\/index.php\/2024\/08\/11\/la-unsl-conmemorara-la-reforma-constitucional-que-consagro-la-autonomia-universitaria\/#primaryimage\"},\"thumbnailUrl\":\"https:\/\/apuntesdesanluis.com\/wp-content\/uploads\/2024\/08\/reforma-de-1994.png\",\"articleSection\":[\"Ciudad\/Provincia\"],\"inLanguage\":\"es-AR\"},{\"@type\":\"WebPage\",\"@id\":\"https:\/\/apuntesdesanluis.com\/index.php\/2024\/08\/11\/la-unsl-conmemorara-la-reforma-constitucional-que-consagro-la-autonomia-universitaria\/\",\"url\":\"https:\/\/apuntesdesanluis.com\/index.php\/2024\/08\/11\/la-unsl-conmemorara-la-reforma-constitucional-que-consagro-la-autonomia-universitaria\/\",\"name\":\"LA UNSL CONMEMORAR\u00c1 LA REFORMA CONSTITUCIONAL QUE CONSAGR\u00d3 LA AUTONOM\u00cdA UNIVERSITARIA - Apuntes de San Luis\",\"isPartOf\":{\"@id\":\"https:\/\/apuntesdesanluis.com\/#website\"},\"primaryImageOfPage\":{\"@id\":\"https:\/\/apuntesdesanluis.com\/index.php\/2024\/08\/11\/la-unsl-conmemorara-la-reforma-constitucional-que-consagro-la-autonomia-universitaria\/#primaryimage\"},\"image\":{\"@id\":\"https:\/\/apuntesdesanluis.com\/index.php\/2024\/08\/11\/la-unsl-conmemorara-la-reforma-constitucional-que-consagro-la-autonomia-universitaria\/#primaryimage\"},\"thumbnailUrl\":\"https:\/\/apuntesdesanluis.com\/wp-content\/uploads\/2024\/08\/reforma-de-1994.png\",\"datePublished\":\"2024-08-11T22:51:17+00:00\",\"dateModified\":\"2024-08-11T22:51:25+00:00\",\"breadcrumb\":{\"@id\":\"https:\/\/apuntesdesanluis.com\/index.php\/2024\/08\/11\/la-unsl-conmemorara-la-reforma-constitucional-que-consagro-la-autonomia-universitaria\/#breadcrumb\"},\"inLanguage\":\"es-AR\",\"potentialAction\":[{\"@type\":\"ReadAction\",\"target\":[\"https:\/\/apuntesdesanluis.com\/index.php\/2024\/08\/11\/la-unsl-conmemorara-la-reforma-constitucional-que-consagro-la-autonomia-universitaria\/\"]}]},{\"@type\":\"ImageObject\",\"inLanguage\":\"es-AR\",\"@id\":\"https:\/\/apuntesdesanluis.com\/index.php\/2024\/08\/11\/la-unsl-conmemorara-la-reforma-constitucional-que-consagro-la-autonomia-universitaria\/#primaryimage\",\"url\":\"https:\/\/apuntesdesanluis.com\/wp-content\/uploads\/2024\/08\/reforma-de-1994.png\",\"contentUrl\":\"https:\/\/apuntesdesanluis.com\/wp-content\/uploads\/2024\/08\/reforma-de-1994.png\",\"width\":678,\"height\":419},{\"@type\":\"BreadcrumbList\",\"@id\":\"https:\/\/apuntesdesanluis.com\/index.php\/2024\/08\/11\/la-unsl-conmemorara-la-reforma-constitucional-que-consagro-la-autonomia-universitaria\/#breadcrumb\",\"itemListElement\":[{\"@type\":\"ListItem\",\"position\":1,\"name\":\"Inicio\",\"item\":\"https:\/\/apuntesdesanluis.com\/\"},{\"@type\":\"ListItem\",\"position\":2,\"name\":\"LA UNSL CONMEMORAR\u00c1 LA REFORMA CONSTITUCIONAL QUE CONSAGR\u00d3 LA AUTONOM\u00cdA UNIVERSITARIA\"}]},{\"@type\":\"WebSite\",\"@id\":\"https:\/\/apuntesdesanluis.com\/#website\",\"url\":\"https:\/\/apuntesdesanluis.com\/\",\"name\":\"Apuntes de San Luis\",\"description\":\"\",\"publisher\":{\"@id\":\"https:\/\/apuntesdesanluis.com\/#\/schema\/person\/b55151d52296fcce64d1a72538a70b90\"},\"potentialAction\":[{\"@type\":\"SearchAction\",\"target\":{\"@type\":\"EntryPoint\",\"urlTemplate\":\"https:\/\/apuntesdesanluis.com\/?s={search_term_string}\"},\"query-input\":{\"@type\":\"PropertyValueSpecification\",\"valueRequired\":true,\"valueName\":\"search_term_string\"}}],\"inLanguage\":\"es-AR\"},{\"@type\":[\"Person\",\"Organization\"],\"@id\":\"https:\/\/apuntesdesanluis.com\/#\/schema\/person\/b55151d52296fcce64d1a72538a70b90\",\"name\":\"apuntesdesanluis.com\",\"image\":{\"@type\":\"ImageObject\",\"inLanguage\":\"es-AR\",\"@id\":\"https:\/\/apuntesdesanluis.com\/#\/schema\/person\/image\/\",\"url\":\"https:\/\/apuntesdesanluis.com\/wp-content\/uploads\/2023\/07\/cropped-apuntesdesanluis.png\",\"contentUrl\":\"https:\/\/apuntesdesanluis.com\/wp-content\/uploads\/2023\/07\/cropped-apuntesdesanluis.png\",\"width\":450,\"height\":112,\"caption\":\"apuntesdesanluis.com\"},\"logo\":{\"@id\":\"https:\/\/apuntesdesanluis.com\/#\/schema\/person\/image\/\"},\"sameAs\":[\"https:\/\/apuntesdesanluis.com\"],\"url\":\"https:\/\/apuntesdesanluis.com\/index.php\/author\/apuntesdesanluis-com\/\"}]}<\/script>\n<!-- \/ Yoast SEO plugin. -->","yoast_head_json":{"title":"LA UNSL CONMEMORAR\u00c1 LA REFORMA CONSTITUCIONAL QUE CONSAGR\u00d3 LA AUTONOM\u00cdA UNIVERSITARIA - Apuntes de San Luis","robots":{"index":"index","follow":"follow","max-snippet":"max-snippet:-1","max-image-preview":"max-image-preview:large","max-video-preview":"max-video-preview:-1"},"canonical":"https:\/\/apuntesdesanluis.com\/index.php\/2024\/08\/11\/la-unsl-conmemorara-la-reforma-constitucional-que-consagro-la-autonomia-universitaria\/","og_locale":"es_ES","og_type":"article","og_title":"LA UNSL CONMEMORAR\u00c1 LA REFORMA CONSTITUCIONAL QUE CONSAGR\u00d3 LA AUTONOM\u00cdA UNIVERSITARIA - Apuntes de San Luis","og_description":"Se trata de la \u00faltima Convenci\u00f3n Constituyente de 1994, motivo por el cual tambi\u00e9n se...","og_url":"https:\/\/apuntesdesanluis.com\/index.php\/2024\/08\/11\/la-unsl-conmemorara-la-reforma-constitucional-que-consagro-la-autonomia-universitaria\/","og_site_name":"Apuntes de San Luis","article_published_time":"2024-08-11T22:51:17+00:00","article_modified_time":"2024-08-11T22:51:25+00:00","og_image":[{"width":678,"height":419,"url":"https:\/\/apuntesdesanluis.com\/wp-content\/uploads\/2024\/08\/reforma-de-1994.png","type":"image\/png"}],"author":"apuntesdesanluis.com","twitter_card":"summary_large_image","twitter_misc":{"Escrito por":"apuntesdesanluis.com","Tiempo de lectura":"3 minutos"},"schema":{"@context":"https:\/\/schema.org","@graph":[{"@type":"Article","@id":"https:\/\/apuntesdesanluis.com\/index.php\/2024\/08\/11\/la-unsl-conmemorara-la-reforma-constitucional-que-consagro-la-autonomia-universitaria\/#article","isPartOf":{"@id":"https:\/\/apuntesdesanluis.com\/index.php\/2024\/08\/11\/la-unsl-conmemorara-la-reforma-constitucional-que-consagro-la-autonomia-universitaria\/"},"author":{"name":"apuntesdesanluis.com","@id":"https:\/\/apuntesdesanluis.com\/#\/schema\/person\/b55151d52296fcce64d1a72538a70b90"},"headline":"LA UNSL CONMEMORAR\u00c1 LA REFORMA CONSTITUCIONAL QUE CONSAGR\u00d3 LA AUTONOM\u00cdA UNIVERSITARIA","datePublished":"2024-08-11T22:51:17+00:00","dateModified":"2024-08-11T22:51:25+00:00","mainEntityOfPage":{"@id":"https:\/\/apuntesdesanluis.com\/index.php\/2024\/08\/11\/la-unsl-conmemorara-la-reforma-constitucional-que-consagro-la-autonomia-universitaria\/"},"wordCount":599,"publisher":{"@id":"https:\/\/apuntesdesanluis.com\/#\/schema\/person\/b55151d52296fcce64d1a72538a70b90"},"image":{"@id":"https:\/\/apuntesdesanluis.com\/index.php\/2024\/08\/11\/la-unsl-conmemorara-la-reforma-constitucional-que-consagro-la-autonomia-universitaria\/#primaryimage"},"thumbnailUrl":"https:\/\/apuntesdesanluis.com\/wp-content\/uploads\/2024\/08\/reforma-de-1994.png","articleSection":["Ciudad\/Provincia"],"inLanguage":"es-AR"},{"@type":"WebPage","@id":"https:\/\/apuntesdesanluis.com\/index.php\/2024\/08\/11\/la-unsl-conmemorara-la-reforma-constitucional-que-consagro-la-autonomia-universitaria\/","url":"https:\/\/apuntesdesanluis.com\/index.php\/2024\/08\/11\/la-unsl-conmemorara-la-reforma-constitucional-que-consagro-la-autonomia-universitaria\/","name":"LA UNSL CONMEMORAR\u00c1 LA REFORMA CONSTITUCIONAL QUE CONSAGR\u00d3 LA AUTONOM\u00cdA UNIVERSITARIA - Apuntes de San Luis","isPartOf":{"@id":"https:\/\/apuntesdesanluis.com\/#website"},"primaryImageOfPage":{"@id":"https:\/\/apuntesdesanluis.com\/index.php\/2024\/08\/11\/la-unsl-conmemorara-la-reforma-constitucional-que-consagro-la-autonomia-universitaria\/#primaryimage"},"image":{"@id":"https:\/\/apuntesdesanluis.com\/index.php\/2024\/08\/11\/la-unsl-conmemorara-la-reforma-constitucional-que-consagro-la-autonomia-universitaria\/#primaryimage"},"thumbnailUrl":"https:\/\/apuntesdesanluis.com\/wp-content\/uploads\/2024\/08\/reforma-de-1994.png","datePublished":"2024-08-11T22:51:17+00:00","dateModified":"2024-08-11T22:51:25+00:00","breadcrumb":{"@id":"https:\/\/apuntesdesanluis.com\/index.php\/2024\/08\/11\/la-unsl-conmemorara-la-reforma-constitucional-que-consagro-la-autonomia-universitaria\/#breadcrumb"},"inLanguage":"es-AR","potentialAction":[{"@type":"ReadAction","target":["https:\/\/apuntesdesanluis.com\/index.php\/2024\/08\/11\/la-unsl-conmemorara-la-reforma-constitucional-que-consagro-la-autonomia-universitaria\/"]}]},{"@type":"ImageObject","inLanguage":"es-AR","@id":"https:\/\/apuntesdesanluis.com\/index.php\/2024\/08\/11\/la-unsl-conmemorara-la-reforma-constitucional-que-consagro-la-autonomia-universitaria\/#primaryimage","url":"https:\/\/apuntesdesanluis.com\/wp-content\/uploads\/2024\/08\/reforma-de-1994.png","contentUrl":"https:\/\/apuntesdesanluis.com\/wp-content\/uploads\/2024\/08\/reforma-de-1994.png","width":678,"height":419},{"@type":"BreadcrumbList","@id":"https:\/\/apuntesdesanluis.com\/index.php\/2024\/08\/11\/la-unsl-conmemorara-la-reforma-constitucional-que-consagro-la-autonomia-universitaria\/#breadcrumb","itemListElement":[{"@type":"ListItem","position":1,"name":"Inicio","item":"https:\/\/apuntesdesanluis.com\/"},{"@type":"ListItem","position":2,"name":"LA UNSL CONMEMORAR\u00c1 LA REFORMA CONSTITUCIONAL QUE CONSAGR\u00d3 LA AUTONOM\u00cdA UNIVERSITARIA"}]},{"@type":"WebSite","@id":"https:\/\/apuntesdesanluis.com\/#website","url":"https:\/\/apuntesdesanluis.com\/","name":"Apuntes de San Luis","description":"","publisher":{"@id":"https:\/\/apuntesdesanluis.com\/#\/schema\/person\/b55151d52296fcce64d1a72538a70b90"},"potentialAction":[{"@type":"SearchAction","target":{"@type":"EntryPoint","urlTemplate":"https:\/\/apuntesdesanluis.com\/?s={search_term_string}"},"query-input":{"@type":"PropertyValueSpecification","valueRequired":true,"valueName":"search_term_string"}}],"inLanguage":"es-AR"},{"@type":["Person","Organization"],"@id":"https:\/\/apuntesdesanluis.com\/#\/schema\/person\/b55151d52296fcce64d1a72538a70b90","name":"apuntesdesanluis.com","image":{"@type":"ImageObject","inLanguage":"es-AR","@id":"https:\/\/apuntesdesanluis.com\/#\/schema\/person\/image\/","url":"https:\/\/apuntesdesanluis.com\/wp-content\/uploads\/2023\/07\/cropped-apuntesdesanluis.png","contentUrl":"https:\/\/apuntesdesanluis.com\/wp-content\/uploads\/2023\/07\/cropped-apuntesdesanluis.png","width":450,"height":112,"caption":"apuntesdesanluis.com"},"logo":{"@id":"https:\/\/apuntesdesanluis.com\/#\/schema\/person\/image\/"},"sameAs":["https:\/\/apuntesdesanluis.com"],"url":"https:\/\/apuntesdesanluis.com\/index.php\/author\/apuntesdesanluis-com\/"}]}},"featured_image_urls":{"full":["https:\/\/apuntesdesanluis.com\/wp-content\/uploads\/2024\/08\/reforma-de-1994.png",678,419,false],"thumbnail":["https:\/\/apuntesdesanluis.com\/wp-content\/uploads\/2024\/08\/reforma-de-1994-150x150.png",150,150,true],"medium":["https:\/\/apuntesdesanluis.com\/wp-content\/uploads\/2024\/08\/reforma-de-1994-300x185.png",300,185,true],"medium_large":["https:\/\/apuntesdesanluis.com\/wp-content\/uploads\/2024\/08\/reforma-de-1994.png",640,396,false],"large":["https:\/\/apuntesdesanluis.com\/wp-content\/uploads\/2024\/08\/reforma-de-1994.png",640,396,false],"1536x1536":["https:\/\/apuntesdesanluis.com\/wp-content\/uploads\/2024\/08\/reforma-de-1994.png",678,419,false],"2048x2048":["https:\/\/apuntesdesanluis.com\/wp-content\/uploads\/2024\/08\/reforma-de-1994.png",678,419,false],"newsever-slider-full":["https:\/\/apuntesdesanluis.com\/wp-content\/uploads\/2024\/08\/reforma-de-1994.png",678,419,false],"newsever-featured":["https:\/\/apuntesdesanluis.com\/wp-content\/uploads\/2024\/08\/reforma-de-1994.png",678,419,false],"newsever-medium":["https:\/\/apuntesdesanluis.com\/wp-content\/uploads\/2024\/08\/reforma-de-1994.png",678,419,false]},"author_info":{"display_name":"apuntesdesanluis.com","author_link":"https:\/\/apuntesdesanluis.com\/index.php\/author\/apuntesdesanluis-com\/"},"category_info":"<a href=\"https:\/\/apuntesdesanluis.com\/index.php\/category\/ciudad-provincia\/\" rel=\"category tag\">Ciudad\/Provincia<\/a>","tag_info":"Ciudad\/Provincia","comment_count":"0","_links":{"self":[{"href":"https:\/\/apuntesdesanluis.com\/index.php\/wp-json\/wp\/v2\/posts\/20646","targetHints":{"allow":["GET"]}}],"collection":[{"href":"https:\/\/apuntesdesanluis.com\/index.php\/wp-json\/wp\/v2\/posts"}],"about":[{"href":"https:\/\/apuntesdesanluis.com\/index.php\/wp-json\/wp\/v2\/types\/post"}],"author":[{"embeddable":true,"href":"https:\/\/apuntesdesanluis.com\/index.php\/wp-json\/wp\/v2\/users\/1"}],"replies":[{"embeddable":true,"href":"https:\/\/apuntesdesanluis.com\/index.php\/wp-json\/wp\/v2\/comments?post=20646"}],"version-history":[{"count":1,"href":"https:\/\/apuntesdesanluis.com\/index.php\/wp-json\/wp\/v2\/posts\/20646\/revisions"}],"predecessor-version":[{"id":20649,"href":"https:\/\/apuntesdesanluis.com\/index.php\/wp-json\/wp\/v2\/posts\/20646\/revisions\/20649"}],"wp:featuredmedia":[{"embeddable":true,"href":"https:\/\/apuntesdesanluis.com\/index.php\/wp-json\/wp\/v2\/media\/20648"}],"wp:attachment":[{"href":"https:\/\/apuntesdesanluis.com\/index.php\/wp-json\/wp\/v2\/media?parent=20646"}],"wp:term":[{"taxonomy":"category","embeddable":true,"href":"https:\/\/apuntesdesanluis.com\/index.php\/wp-json\/wp\/v2\/categories?post=20646"},{"taxonomy":"post_tag","embeddable":true,"href":"https:\/\/apuntesdesanluis.com\/index.php\/wp-json\/wp\/v2\/tags?post=20646"}],"curies":[{"name":"wp","href":"https:\/\/api.w.org\/{rel}","templated":true}]}}