{"id":20663,"date":"2024-08-10T22:42:36","date_gmt":"2024-08-11T01:42:36","guid":{"rendered":"https:\/\/apuntesdesanluis.com\/?p=20663"},"modified":"2024-08-10T22:42:51","modified_gmt":"2024-08-11T01:42:51","slug":"fabiola-yanez-revelo-detalles-escandalosos-de-su-vida-junto-a-alberto-fernandez","status":"publish","type":"post","link":"https:\/\/apuntesdesanluis.com\/index.php\/2024\/08\/10\/fabiola-yanez-revelo-detalles-escandalosos-de-su-vida-junto-a-alberto-fernandez\/","title":{"rendered":"FABIOLA Y\u00c1\u00d1EZ REVEL\u00d3 DETALLES ESCANDALOSOS DE SU VIDA JUNTO A ALBERTO FERN\u00c1NDEZ"},"content":{"rendered":"<h3><strong>Fabiola Ya\u00f1ez<\/strong> se desplaz\u00f3 hacia el coraz\u00f3n de Madrid cuidando con celo el anonimato para su entrevista con<strong> Infobae<\/strong>, sabedora de la repercusi\u00f3n de su reci\u00e9n conocida denuncia contra <strong>Alberto Fern\u00e1ndez<\/strong> por violencia de g\u00e9nero.<\/h3>\n<h3>El encuentro tuvo lugar en la Gran V\u00eda, en un sal\u00f3n del hotel Emperador. Vestida de blanco, la ex primera dama bebi\u00f3 un generoso trago de agua antes de comenzar a hablar. Apenas se conoc\u00eda su voz, y fue ya desde las primeras palabras que pronunci\u00f3, cuando se quebr\u00f3. Teme por su hijo:<\/h3>\n<h3>\u201dJam\u00e1s hubiera querido exponerlo\u201d, lament\u00f3, en referencia a las fotograf\u00edas que han trascendido con su rostro golpeado. El temor contin\u00faa en el presente, en su casa en la capital espa\u00f1ola: \u201cYo hoy no pod\u00eda salir. Pusieron inhibidores que hac\u00edan que el auto se apagara\u201d. No sabe qui\u00e9n es el responsable de estas intimidaciones, pero desea que la justicia se encargue de investigar.<\/h3>\n<h3>Adem\u00e1s del que abre la nota, a lo largo de esta entrevista, se incluyen varios videos de la misma, en los que la ex pareja de Alberto Fern\u00e1ndez detalla las violencias que sufri\u00f3, las infidelidades, la indiferencia del entorno y hasta las acusaciones de que fue v\u00edctima, adem\u00e1s de desmetir rumores sobre su vida en Madrid y replicar las versiones acerca de la paternidad de su hijo.<\/h3>\n<p><iframe title=\"Fabiola Y\u00e1\u00f1ez revela detalles de su vida junto a Alberto Fern\u00e1ndez | Entrevista completa\" width=\"640\" height=\"360\" src=\"https:\/\/www.youtube.com\/embed\/pWipOxI4fVc?feature=oembed\" frameborder=\"0\" allow=\"accelerometer; autoplay; clipboard-write; encrypted-media; gyroscope; picture-in-picture; web-share\" referrerpolicy=\"strict-origin-when-cross-origin\" allowfullscreen><\/iframe><\/p>\n<h3>\u201cMi familia est\u00e1 sufriendo, separada; separada porque mi mam\u00e1 est\u00e1 conmigo\u201d. Revel\u00f3 Ya\u00f1ez que su madre es la \u00fanica persona que la est\u00e1 \u201csosteniendo\u201d en Espa\u00f1a, que no tiene \u201cempleados ni ni\u00f1era\u201d, como dijo haber le\u00eddo en medios. \u201cSolas otra vez, y en Olivos tambi\u00e9n estuve sola. Siempre estuve sola\u201d, afirm\u00f3. Y no puede trabajar, asegur\u00f3, mientras tiene que soportar rumores de que pasea por las calles m\u00e1s exclusivas de Madrid. \u201cViv\u00ed una situaci\u00f3n muy horrible cuando \u00e9l -Alberto Fern\u00e1ndez- dijo que mi mam\u00e1 y mi hermanita eran&#8230; no voy a decir la palabra que utiliz\u00f3. Dijo que \u00e9l estaba manteni\u00e9ndolas\u201d, relat\u00f3, angustiada sobre el impacto de esa frase sobre sus seres queridos.<\/h3>\n<h3>Confes\u00f3 que el disparador de la denuncia contra Alberto Fern\u00e1ndez fue el \u201cacoso telef\u00f3nico, terrorismo psicol\u00f3gico\u201d. \u201cEstuvo durante dos meses amenaz\u00e1ndome d\u00eda por medio con que si yo hac\u00eda esto, si hac\u00eda lo otro, se iba a suicidar\u201d, detall\u00f3. En medio de esas traum\u00e1ticas vivencias, su hipertensi\u00f3n se descontrol\u00f3, al punto de sufrir picos de presi\u00f3n que la llevaron a terminar internada en Espa\u00f1a.<\/h3>\n<h3>Estas s\u00f3lo son las primeras confesiones de una mujer a la que \u201cla gente no conoci\u00f3\u201d y \u201ca la que nunca nadie defendi\u00f3\u201d, se quej\u00f3. En la Quinta de Olivos era el trabajo social, su tarea como primera dama, lo que la \u201cmanten\u00eda en pie, y lo hac\u00eda con todo el amor del mundo\u201d. En lo dem\u00e1s, nadie le dio su ayuda, tampoco el Ministerio de la Mujer, tampoco los pol\u00edticos del entorno \u00edntimo, que sab\u00edan lo que pasaba, subray\u00f3. Hoy, en el Emperador con Infobae, y aunque nerviosa por lo vivido y la dureza de rememorarlo, proclam\u00f3: \u201cYo necesito estar \u00edntegra para mi hijo y durante mucho tiempo en Olivos no lo estuve. Pero hoy me siento m\u00e1s fuerte que nunca.\u201d Y al mismo tiempo dijo: \u201cYo he cuidado a este hombre de tantas cosas. Esos videos que aparecieron el otro d\u00eda son poca cosa al lado de lo que hizo\u201d. <strong>(Infobae)<\/strong><\/h3>\n<p>&nbsp;<\/p>\n<p>&nbsp;<\/p>\n<p>&nbsp;<\/p>\n<p>&nbsp;<\/p>\n<p>&nbsp;<\/p>\n<p>&nbsp;<\/p>\n<p>&nbsp;<\/p>\n<p>&nbsp;<\/p>\n<p>&nbsp;<\/p>\n","protected":false},"excerpt":{"rendered":"<p>Fabiola Ya\u00f1ez se desplaz\u00f3 hacia el coraz\u00f3n de Madrid cuidando con celo el anonimato para&#8230;<\/p>\n","protected":false},"author":1,"featured_media":20664,"comment_status":"closed","ping_status":"closed","sticky":false,"template":"","format":"standard","meta":{"footnotes":""},"categories":[5],"tags":[],"class_list":["post-20663","post","type-post","status-publish","format-standard","has-post-thumbnail","hentry","category-nacionales-internacionales"],"yoast_head":"<!-- This site is optimized with the Yoast SEO plugin v26.1.1 - https:\/\/yoast.com\/wordpress\/plugins\/seo\/ -->\n<title>FABIOLA Y\u00c1\u00d1EZ REVEL\u00d3 DETALLES ESCANDALOSOS DE SU VIDA JUNTO A ALBERTO FERN\u00c1NDEZ - Apuntes de San Luis<\/title>\n<meta name=\"robots\" content=\"index, follow, max-snippet:-1, max-image-preview:large, max-video-preview:-1\" \/>\n<link rel=\"canonical\" href=\"https:\/\/apuntesdesanluis.com\/index.php\/2024\/08\/10\/fabiola-yanez-revelo-detalles-escandalosos-de-su-vida-junto-a-alberto-fernandez\/\" \/>\n<meta property=\"og:locale\" content=\"es_ES\" \/>\n<meta property=\"og:type\" content=\"article\" \/>\n<meta property=\"og:title\" content=\"FABIOLA Y\u00c1\u00d1EZ REVEL\u00d3 DETALLES ESCANDALOSOS DE SU VIDA JUNTO A ALBERTO FERN\u00c1NDEZ - Apuntes de San Luis\" \/>\n<meta property=\"og:description\" content=\"Fabiola Ya\u00f1ez se desplaz\u00f3 hacia el coraz\u00f3n de Madrid cuidando con celo el anonimato para...\" \/>\n<meta property=\"og:url\" content=\"https:\/\/apuntesdesanluis.com\/index.php\/2024\/08\/10\/fabiola-yanez-revelo-detalles-escandalosos-de-su-vida-junto-a-alberto-fernandez\/\" \/>\n<meta property=\"og:site_name\" content=\"Apuntes de San Luis\" \/>\n<meta property=\"article:published_time\" content=\"2024-08-11T01:42:36+00:00\" \/>\n<meta property=\"article:modified_time\" content=\"2024-08-11T01:42:51+00:00\" \/>\n<meta property=\"og:image\" content=\"https:\/\/apuntesdesanluis.com\/wp-content\/uploads\/2024\/08\/FABIOLA-YANEZ.png\" \/>\n\t<meta property=\"og:image:width\" content=\"700\" \/>\n\t<meta property=\"og:image:height\" content=\"416\" \/>\n\t<meta property=\"og:image:type\" content=\"image\/png\" \/>\n<meta name=\"author\" content=\"apuntesdesanluis.com\" \/>\n<meta name=\"twitter:card\" content=\"summary_large_image\" \/>\n<meta name=\"twitter:label1\" content=\"Escrito por\" \/>\n\t<meta name=\"twitter:data1\" content=\"apuntesdesanluis.com\" \/>\n\t<meta name=\"twitter:label2\" content=\"Tiempo de lectura\" \/>\n\t<meta name=\"twitter:data2\" content=\"3 minutos\" \/>\n<script type=\"application\/ld+json\" class=\"yoast-schema-graph\">{\"@context\":\"https:\/\/schema.org\",\"@graph\":[{\"@type\":\"Article\",\"@id\":\"https:\/\/apuntesdesanluis.com\/index.php\/2024\/08\/10\/fabiola-yanez-revelo-detalles-escandalosos-de-su-vida-junto-a-alberto-fernandez\/#article\",\"isPartOf\":{\"@id\":\"https:\/\/apuntesdesanluis.com\/index.php\/2024\/08\/10\/fabiola-yanez-revelo-detalles-escandalosos-de-su-vida-junto-a-alberto-fernandez\/\"},\"author\":{\"name\":\"apuntesdesanluis.com\",\"@id\":\"https:\/\/apuntesdesanluis.com\/#\/schema\/person\/b55151d52296fcce64d1a72538a70b90\"},\"headline\":\"FABIOLA Y\u00c1\u00d1EZ REVEL\u00d3 DETALLES ESCANDALOSOS DE SU VIDA JUNTO A ALBERTO FERN\u00c1NDEZ\",\"datePublished\":\"2024-08-11T01:42:36+00:00\",\"dateModified\":\"2024-08-11T01:42:51+00:00\",\"mainEntityOfPage\":{\"@id\":\"https:\/\/apuntesdesanluis.com\/index.php\/2024\/08\/10\/fabiola-yanez-revelo-detalles-escandalosos-de-su-vida-junto-a-alberto-fernandez\/\"},\"wordCount\":625,\"publisher\":{\"@id\":\"https:\/\/apuntesdesanluis.com\/#\/schema\/person\/b55151d52296fcce64d1a72538a70b90\"},\"image\":{\"@id\":\"https:\/\/apuntesdesanluis.com\/index.php\/2024\/08\/10\/fabiola-yanez-revelo-detalles-escandalosos-de-su-vida-junto-a-alberto-fernandez\/#primaryimage\"},\"thumbnailUrl\":\"https:\/\/apuntesdesanluis.com\/wp-content\/uploads\/2024\/08\/FABIOLA-YANEZ.png\",\"articleSection\":[\"Nacionales\/Internacionales\"],\"inLanguage\":\"es-AR\"},{\"@type\":\"WebPage\",\"@id\":\"https:\/\/apuntesdesanluis.com\/index.php\/2024\/08\/10\/fabiola-yanez-revelo-detalles-escandalosos-de-su-vida-junto-a-alberto-fernandez\/\",\"url\":\"https:\/\/apuntesdesanluis.com\/index.php\/2024\/08\/10\/fabiola-yanez-revelo-detalles-escandalosos-de-su-vida-junto-a-alberto-fernandez\/\",\"name\":\"FABIOLA Y\u00c1\u00d1EZ REVEL\u00d3 DETALLES ESCANDALOSOS DE SU VIDA JUNTO A ALBERTO FERN\u00c1NDEZ - Apuntes de San Luis\",\"isPartOf\":{\"@id\":\"https:\/\/apuntesdesanluis.com\/#website\"},\"primaryImageOfPage\":{\"@id\":\"https:\/\/apuntesdesanluis.com\/index.php\/2024\/08\/10\/fabiola-yanez-revelo-detalles-escandalosos-de-su-vida-junto-a-alberto-fernandez\/#primaryimage\"},\"image\":{\"@id\":\"https:\/\/apuntesdesanluis.com\/index.php\/2024\/08\/10\/fabiola-yanez-revelo-detalles-escandalosos-de-su-vida-junto-a-alberto-fernandez\/#primaryimage\"},\"thumbnailUrl\":\"https:\/\/apuntesdesanluis.com\/wp-content\/uploads\/2024\/08\/FABIOLA-YANEZ.png\",\"datePublished\":\"2024-08-11T01:42:36+00:00\",\"dateModified\":\"2024-08-11T01:42:51+00:00\",\"breadcrumb\":{\"@id\":\"https:\/\/apuntesdesanluis.com\/index.php\/2024\/08\/10\/fabiola-yanez-revelo-detalles-escandalosos-de-su-vida-junto-a-alberto-fernandez\/#breadcrumb\"},\"inLanguage\":\"es-AR\",\"potentialAction\":[{\"@type\":\"ReadAction\",\"target\":[\"https:\/\/apuntesdesanluis.com\/index.php\/2024\/08\/10\/fabiola-yanez-revelo-detalles-escandalosos-de-su-vida-junto-a-alberto-fernandez\/\"]}]},{\"@type\":\"ImageObject\",\"inLanguage\":\"es-AR\",\"@id\":\"https:\/\/apuntesdesanluis.com\/index.php\/2024\/08\/10\/fabiola-yanez-revelo-detalles-escandalosos-de-su-vida-junto-a-alberto-fernandez\/#primaryimage\",\"url\":\"https:\/\/apuntesdesanluis.com\/wp-content\/uploads\/2024\/08\/FABIOLA-YANEZ.png\",\"contentUrl\":\"https:\/\/apuntesdesanluis.com\/wp-content\/uploads\/2024\/08\/FABIOLA-YANEZ.png\",\"width\":700,\"height\":416},{\"@type\":\"BreadcrumbList\",\"@id\":\"https:\/\/apuntesdesanluis.com\/index.php\/2024\/08\/10\/fabiola-yanez-revelo-detalles-escandalosos-de-su-vida-junto-a-alberto-fernandez\/#breadcrumb\",\"itemListElement\":[{\"@type\":\"ListItem\",\"position\":1,\"name\":\"Inicio\",\"item\":\"https:\/\/apuntesdesanluis.com\/\"},{\"@type\":\"ListItem\",\"position\":2,\"name\":\"FABIOLA Y\u00c1\u00d1EZ REVEL\u00d3 DETALLES ESCANDALOSOS DE SU VIDA JUNTO A ALBERTO FERN\u00c1NDEZ\"}]},{\"@type\":\"WebSite\",\"@id\":\"https:\/\/apuntesdesanluis.com\/#website\",\"url\":\"https:\/\/apuntesdesanluis.com\/\",\"name\":\"Apuntes de San Luis\",\"description\":\"\",\"publisher\":{\"@id\":\"https:\/\/apuntesdesanluis.com\/#\/schema\/person\/b55151d52296fcce64d1a72538a70b90\"},\"potentialAction\":[{\"@type\":\"SearchAction\",\"target\":{\"@type\":\"EntryPoint\",\"urlTemplate\":\"https:\/\/apuntesdesanluis.com\/?s={search_term_string}\"},\"query-input\":{\"@type\":\"PropertyValueSpecification\",\"valueRequired\":true,\"valueName\":\"search_term_string\"}}],\"inLanguage\":\"es-AR\"},{\"@type\":[\"Person\",\"Organization\"],\"@id\":\"https:\/\/apuntesdesanluis.com\/#\/schema\/person\/b55151d52296fcce64d1a72538a70b90\",\"name\":\"apuntesdesanluis.com\",\"image\":{\"@type\":\"ImageObject\",\"inLanguage\":\"es-AR\",\"@id\":\"https:\/\/apuntesdesanluis.com\/#\/schema\/person\/image\/\",\"url\":\"https:\/\/apuntesdesanluis.com\/wp-content\/uploads\/2023\/07\/cropped-apuntesdesanluis.png\",\"contentUrl\":\"https:\/\/apuntesdesanluis.com\/wp-content\/uploads\/2023\/07\/cropped-apuntesdesanluis.png\",\"width\":450,\"height\":112,\"caption\":\"apuntesdesanluis.com\"},\"logo\":{\"@id\":\"https:\/\/apuntesdesanluis.com\/#\/schema\/person\/image\/\"},\"sameAs\":[\"https:\/\/apuntesdesanluis.com\"],\"url\":\"https:\/\/apuntesdesanluis.com\/index.php\/author\/apuntesdesanluis-com\/\"}]}<\/script>\n<!-- \/ Yoast SEO plugin. -->","yoast_head_json":{"title":"FABIOLA Y\u00c1\u00d1EZ REVEL\u00d3 DETALLES ESCANDALOSOS DE SU VIDA JUNTO A ALBERTO FERN\u00c1NDEZ - Apuntes de San Luis","robots":{"index":"index","follow":"follow","max-snippet":"max-snippet:-1","max-image-preview":"max-image-preview:large","max-video-preview":"max-video-preview:-1"},"canonical":"https:\/\/apuntesdesanluis.com\/index.php\/2024\/08\/10\/fabiola-yanez-revelo-detalles-escandalosos-de-su-vida-junto-a-alberto-fernandez\/","og_locale":"es_ES","og_type":"article","og_title":"FABIOLA Y\u00c1\u00d1EZ REVEL\u00d3 DETALLES ESCANDALOSOS DE SU VIDA JUNTO A ALBERTO FERN\u00c1NDEZ - Apuntes de San Luis","og_description":"Fabiola Ya\u00f1ez se desplaz\u00f3 hacia el coraz\u00f3n de Madrid cuidando con celo el anonimato para...","og_url":"https:\/\/apuntesdesanluis.com\/index.php\/2024\/08\/10\/fabiola-yanez-revelo-detalles-escandalosos-de-su-vida-junto-a-alberto-fernandez\/","og_site_name":"Apuntes de San Luis","article_published_time":"2024-08-11T01:42:36+00:00","article_modified_time":"2024-08-11T01:42:51+00:00","og_image":[{"width":700,"height":416,"url":"https:\/\/apuntesdesanluis.com\/wp-content\/uploads\/2024\/08\/FABIOLA-YANEZ.png","type":"image\/png"}],"author":"apuntesdesanluis.com","twitter_card":"summary_large_image","twitter_misc":{"Escrito por":"apuntesdesanluis.com","Tiempo de lectura":"3 minutos"},"schema":{"@context":"https:\/\/schema.org","@graph":[{"@type":"Article","@id":"https:\/\/apuntesdesanluis.com\/index.php\/2024\/08\/10\/fabiola-yanez-revelo-detalles-escandalosos-de-su-vida-junto-a-alberto-fernandez\/#article","isPartOf":{"@id":"https:\/\/apuntesdesanluis.com\/index.php\/2024\/08\/10\/fabiola-yanez-revelo-detalles-escandalosos-de-su-vida-junto-a-alberto-fernandez\/"},"author":{"name":"apuntesdesanluis.com","@id":"https:\/\/apuntesdesanluis.com\/#\/schema\/person\/b55151d52296fcce64d1a72538a70b90"},"headline":"FABIOLA Y\u00c1\u00d1EZ REVEL\u00d3 DETALLES ESCANDALOSOS DE SU VIDA JUNTO A ALBERTO FERN\u00c1NDEZ","datePublished":"2024-08-11T01:42:36+00:00","dateModified":"2024-08-11T01:42:51+00:00","mainEntityOfPage":{"@id":"https:\/\/apuntesdesanluis.com\/index.php\/2024\/08\/10\/fabiola-yanez-revelo-detalles-escandalosos-de-su-vida-junto-a-alberto-fernandez\/"},"wordCount":625,"publisher":{"@id":"https:\/\/apuntesdesanluis.com\/#\/schema\/person\/b55151d52296fcce64d1a72538a70b90"},"image":{"@id":"https:\/\/apuntesdesanluis.com\/index.php\/2024\/08\/10\/fabiola-yanez-revelo-detalles-escandalosos-de-su-vida-junto-a-alberto-fernandez\/#primaryimage"},"thumbnailUrl":"https:\/\/apuntesdesanluis.com\/wp-content\/uploads\/2024\/08\/FABIOLA-YANEZ.png","articleSection":["Nacionales\/Internacionales"],"inLanguage":"es-AR"},{"@type":"WebPage","@id":"https:\/\/apuntesdesanluis.com\/index.php\/2024\/08\/10\/fabiola-yanez-revelo-detalles-escandalosos-de-su-vida-junto-a-alberto-fernandez\/","url":"https:\/\/apuntesdesanluis.com\/index.php\/2024\/08\/10\/fabiola-yanez-revelo-detalles-escandalosos-de-su-vida-junto-a-alberto-fernandez\/","name":"FABIOLA Y\u00c1\u00d1EZ REVEL\u00d3 DETALLES ESCANDALOSOS DE SU VIDA JUNTO A ALBERTO FERN\u00c1NDEZ - Apuntes de San Luis","isPartOf":{"@id":"https:\/\/apuntesdesanluis.com\/#website"},"primaryImageOfPage":{"@id":"https:\/\/apuntesdesanluis.com\/index.php\/2024\/08\/10\/fabiola-yanez-revelo-detalles-escandalosos-de-su-vida-junto-a-alberto-fernandez\/#primaryimage"},"image":{"@id":"https:\/\/apuntesdesanluis.com\/index.php\/2024\/08\/10\/fabiola-yanez-revelo-detalles-escandalosos-de-su-vida-junto-a-alberto-fernandez\/#primaryimage"},"thumbnailUrl":"https:\/\/apuntesdesanluis.com\/wp-content\/uploads\/2024\/08\/FABIOLA-YANEZ.png","datePublished":"2024-08-11T01:42:36+00:00","dateModified":"2024-08-11T01:42:51+00:00","breadcrumb":{"@id":"https:\/\/apuntesdesanluis.com\/index.php\/2024\/08\/10\/fabiola-yanez-revelo-detalles-escandalosos-de-su-vida-junto-a-alberto-fernandez\/#breadcrumb"},"inLanguage":"es-AR","potentialAction":[{"@type":"ReadAction","target":["https:\/\/apuntesdesanluis.com\/index.php\/2024\/08\/10\/fabiola-yanez-revelo-detalles-escandalosos-de-su-vida-junto-a-alberto-fernandez\/"]}]},{"@type":"ImageObject","inLanguage":"es-AR","@id":"https:\/\/apuntesdesanluis.com\/index.php\/2024\/08\/10\/fabiola-yanez-revelo-detalles-escandalosos-de-su-vida-junto-a-alberto-fernandez\/#primaryimage","url":"https:\/\/apuntesdesanluis.com\/wp-content\/uploads\/2024\/08\/FABIOLA-YANEZ.png","contentUrl":"https:\/\/apuntesdesanluis.com\/wp-content\/uploads\/2024\/08\/FABIOLA-YANEZ.png","width":700,"height":416},{"@type":"BreadcrumbList","@id":"https:\/\/apuntesdesanluis.com\/index.php\/2024\/08\/10\/fabiola-yanez-revelo-detalles-escandalosos-de-su-vida-junto-a-alberto-fernandez\/#breadcrumb","itemListElement":[{"@type":"ListItem","position":1,"name":"Inicio","item":"https:\/\/apuntesdesanluis.com\/"},{"@type":"ListItem","position":2,"name":"FABIOLA Y\u00c1\u00d1EZ REVEL\u00d3 DETALLES ESCANDALOSOS DE SU VIDA JUNTO A ALBERTO FERN\u00c1NDEZ"}]},{"@type":"WebSite","@id":"https:\/\/apuntesdesanluis.com\/#website","url":"https:\/\/apuntesdesanluis.com\/","name":"Apuntes de San Luis","description":"","publisher":{"@id":"https:\/\/apuntesdesanluis.com\/#\/schema\/person\/b55151d52296fcce64d1a72538a70b90"},"potentialAction":[{"@type":"SearchAction","target":{"@type":"EntryPoint","urlTemplate":"https:\/\/apuntesdesanluis.com\/?s={search_term_string}"},"query-input":{"@type":"PropertyValueSpecification","valueRequired":true,"valueName":"search_term_string"}}],"inLanguage":"es-AR"},{"@type":["Person","Organization"],"@id":"https:\/\/apuntesdesanluis.com\/#\/schema\/person\/b55151d52296fcce64d1a72538a70b90","name":"apuntesdesanluis.com","image":{"@type":"ImageObject","inLanguage":"es-AR","@id":"https:\/\/apuntesdesanluis.com\/#\/schema\/person\/image\/","url":"https:\/\/apuntesdesanluis.com\/wp-content\/uploads\/2023\/07\/cropped-apuntesdesanluis.png","contentUrl":"https:\/\/apuntesdesanluis.com\/wp-content\/uploads\/2023\/07\/cropped-apuntesdesanluis.png","width":450,"height":112,"caption":"apuntesdesanluis.com"},"logo":{"@id":"https:\/\/apuntesdesanluis.com\/#\/schema\/person\/image\/"},"sameAs":["https:\/\/apuntesdesanluis.com"],"url":"https:\/\/apuntesdesanluis.com\/index.php\/author\/apuntesdesanluis-com\/"}]}},"featured_image_urls":{"full":["https:\/\/apuntesdesanluis.com\/wp-content\/uploads\/2024\/08\/FABIOLA-YANEZ.png",700,416,false],"thumbnail":["https:\/\/apuntesdesanluis.com\/wp-content\/uploads\/2024\/08\/FABIOLA-YANEZ-150x150.png",150,150,true],"medium":["https:\/\/apuntesdesanluis.com\/wp-content\/uploads\/2024\/08\/FABIOLA-YANEZ-300x178.png",300,178,true],"medium_large":["https:\/\/apuntesdesanluis.com\/wp-content\/uploads\/2024\/08\/FABIOLA-YANEZ.png",640,380,false],"large":["https:\/\/apuntesdesanluis.com\/wp-content\/uploads\/2024\/08\/FABIOLA-YANEZ.png",640,380,false],"1536x1536":["https:\/\/apuntesdesanluis.com\/wp-content\/uploads\/2024\/08\/FABIOLA-YANEZ.png",700,416,false],"2048x2048":["https:\/\/apuntesdesanluis.com\/wp-content\/uploads\/2024\/08\/FABIOLA-YANEZ.png",700,416,false],"newsever-slider-full":["https:\/\/apuntesdesanluis.com\/wp-content\/uploads\/2024\/08\/FABIOLA-YANEZ.png",700,416,false],"newsever-featured":["https:\/\/apuntesdesanluis.com\/wp-content\/uploads\/2024\/08\/FABIOLA-YANEZ.png",700,416,false],"newsever-medium":["https:\/\/apuntesdesanluis.com\/wp-content\/uploads\/2024\/08\/FABIOLA-YANEZ.png",700,416,false]},"author_info":{"display_name":"apuntesdesanluis.com","author_link":"https:\/\/apuntesdesanluis.com\/index.php\/author\/apuntesdesanluis-com\/"},"category_info":"<a href=\"https:\/\/apuntesdesanluis.com\/index.php\/category\/nacionales-internacionales\/\" rel=\"category tag\">Nacionales\/Internacionales<\/a>","tag_info":"Nacionales\/Internacionales","comment_count":"0","_links":{"self":[{"href":"https:\/\/apuntesdesanluis.com\/index.php\/wp-json\/wp\/v2\/posts\/20663","targetHints":{"allow":["GET"]}}],"collection":[{"href":"https:\/\/apuntesdesanluis.com\/index.php\/wp-json\/wp\/v2\/posts"}],"about":[{"href":"https:\/\/apuntesdesanluis.com\/index.php\/wp-json\/wp\/v2\/types\/post"}],"author":[{"embeddable":true,"href":"https:\/\/apuntesdesanluis.com\/index.php\/wp-json\/wp\/v2\/users\/1"}],"replies":[{"embeddable":true,"href":"https:\/\/apuntesdesanluis.com\/index.php\/wp-json\/wp\/v2\/comments?post=20663"}],"version-history":[{"count":3,"href":"https:\/\/apuntesdesanluis.com\/index.php\/wp-json\/wp\/v2\/posts\/20663\/revisions"}],"predecessor-version":[{"id":20667,"href":"https:\/\/apuntesdesanluis.com\/index.php\/wp-json\/wp\/v2\/posts\/20663\/revisions\/20667"}],"wp:featuredmedia":[{"embeddable":true,"href":"https:\/\/apuntesdesanluis.com\/index.php\/wp-json\/wp\/v2\/media\/20664"}],"wp:attachment":[{"href":"https:\/\/apuntesdesanluis.com\/index.php\/wp-json\/wp\/v2\/media?parent=20663"}],"wp:term":[{"taxonomy":"category","embeddable":true,"href":"https:\/\/apuntesdesanluis.com\/index.php\/wp-json\/wp\/v2\/categories?post=20663"},{"taxonomy":"post_tag","embeddable":true,"href":"https:\/\/apuntesdesanluis.com\/index.php\/wp-json\/wp\/v2\/tags?post=20663"}],"curies":[{"name":"wp","href":"https:\/\/api.w.org\/{rel}","templated":true}]}}