{"id":2068,"date":"2023-08-24T13:41:02","date_gmt":"2023-08-24T16:41:02","guid":{"rendered":"https:\/\/apuntesdesanluis.com\/?p=2068"},"modified":"2023-08-24T13:44:56","modified_gmt":"2023-08-24T16:44:56","slug":"olivero-firmo-un-aumento-del-30-a-empleados-municipales-para-completar-el-100-a-diciembre","status":"publish","type":"post","link":"https:\/\/apuntesdesanluis.com\/index.php\/2023\/08\/24\/olivero-firmo-un-aumento-del-30-a-empleados-municipales-para-completar-el-100-a-diciembre\/","title":{"rendered":"OLIVERO FIRM\u00d3 UN AUMENTO DEL 30% A EMPLEADOS MUNICIPALES, PARA COMPLETAR EL 100% A DICIEMBRE"},"content":{"rendered":"<h3>El intendente de la ciudad de La Punta, <strong>Mart\u00edn Olivero<\/strong>, confirm\u00f3 este jueves que decidi\u00f3 otorgar un aumento salarial a los empleados municipales del 30%, destacando que en la resoluci\u00f3n cont\u00f3 con el respaldo de su sucesor, electo en las \u00faltimas elecciones, <strong>Luciano Ayala<\/strong>.<\/h3>\n<h3>A trav\u00e9s de su Facebook personal el jefe comunal que en diciembre asumir\u00e1 como senador provincial por el Departamento Pueyrred\u00f3n, expres\u00f3:<\/h3>\n<h3>\u201cComo intendente de La Punta, en ejercicio de las responsabilidades que me confirieron los vecinos, y junto a Luciano Martin Ayala, el intendente electo que iniciar\u00e1 su mandato el 10 de diciembre pr\u00f3ximo, venimos hablando sobre los detalles de la gesti\u00f3n municipal para facilitar un traspaso ordenado, en un escenario general marcado por la crisis econ\u00f3mica nacional que golpea a las familias argentinas.<\/h3>\n<h3>En ese contexto he decidido otorgar un nuevo aumento salarial del 30% para los trabajadores municipales para asegurar un incremento del 100 por ciento en sus haberes, una medida con la que Luciano est\u00e1 plenamente de acuerdo.<\/h3>\n<h3>A comienzos de a\u00f1o plante\u00e9 una suba salarial del 70% por los trabajadores de la familia municipal y la semana pasada les cont\u00e9 que pudimos adelantar para agosto el aumento del 20% que ten\u00edamos previsto originalmente para el mes de octubre.<\/h3>\n<h3>Ahora quiero contarles que pagaremos un 30% m\u00e1s, en tres cuotas de 10% cada una con los incrementos de octubre, noviembre y diciembre. De esa manera llegaremos al 100 por ciento de aumento.<\/h3>\n<h3>Es cierto que es una medida que tomo en uso de mis facultades como intendente, pero tambi\u00e9n quiero decir y destacar que Luciano me acompa\u00f1a en esta decisi\u00f3n entendiendo no s\u00f3lo el dif\u00edcil contexto econ\u00f3mico general, sino tambi\u00e9n reconociendo la importancia de las condiciones de trabajo de la familia municipal quienes desempe\u00f1an una tarea imprescindible para todos\u201d.<\/h3>\n<h3>Mientras tanto, en el orden provincial ATE San Luis y los gremios docentes vienen reclamando tambi\u00e9n desde el mes pasado un incremento salarial, pero hasta el momento el gobierno no ha dado respuesta.<\/h3>\n<p>&nbsp;<\/p>\n","protected":false},"excerpt":{"rendered":"<p>El intendente de la ciudad de La Punta, Mart\u00edn Olivero, confirm\u00f3 este jueves que decidi\u00f3&#8230;<\/p>\n","protected":false},"author":1,"featured_media":2069,"comment_status":"closed","ping_status":"closed","sticky":false,"template":"","format":"standard","meta":{"footnotes":""},"categories":[6],"tags":[],"class_list":["post-2068","post","type-post","status-publish","format-standard","has-post-thumbnail","hentry","category-ciudad-provincia"],"yoast_head":"<!-- This site is optimized with the Yoast SEO plugin v26.1.1 - https:\/\/yoast.com\/wordpress\/plugins\/seo\/ -->\n<title>OLIVERO FIRM\u00d3 UN AUMENTO DEL 30% A EMPLEADOS MUNICIPALES, PARA COMPLETAR EL 100% A DICIEMBRE - Apuntes de San Luis<\/title>\n<meta name=\"robots\" content=\"index, follow, max-snippet:-1, max-image-preview:large, max-video-preview:-1\" \/>\n<link rel=\"canonical\" href=\"https:\/\/apuntesdesanluis.com\/index.php\/2023\/08\/24\/olivero-firmo-un-aumento-del-30-a-empleados-municipales-para-completar-el-100-a-diciembre\/\" \/>\n<meta property=\"og:locale\" content=\"es_ES\" \/>\n<meta property=\"og:type\" content=\"article\" \/>\n<meta property=\"og:title\" content=\"OLIVERO FIRM\u00d3 UN AUMENTO DEL 30% A EMPLEADOS MUNICIPALES, PARA COMPLETAR EL 100% A DICIEMBRE - Apuntes de San Luis\" \/>\n<meta property=\"og:description\" content=\"El intendente de la ciudad de La Punta, Mart\u00edn Olivero, confirm\u00f3 este jueves que decidi\u00f3...\" \/>\n<meta property=\"og:url\" content=\"https:\/\/apuntesdesanluis.com\/index.php\/2023\/08\/24\/olivero-firmo-un-aumento-del-30-a-empleados-municipales-para-completar-el-100-a-diciembre\/\" \/>\n<meta property=\"og:site_name\" content=\"Apuntes de San Luis\" \/>\n<meta property=\"article:published_time\" content=\"2023-08-24T16:41:02+00:00\" \/>\n<meta property=\"article:modified_time\" content=\"2023-08-24T16:44:56+00:00\" \/>\n<meta property=\"og:image\" content=\"https:\/\/apuntesdesanluis.com\/wp-content\/uploads\/2023\/08\/MARTIN-OLIVERO.png\" \/>\n\t<meta property=\"og:image:width\" content=\"469\" \/>\n\t<meta property=\"og:image:height\" content=\"287\" \/>\n\t<meta property=\"og:image:type\" content=\"image\/png\" \/>\n<meta name=\"author\" content=\"apuntesdesanluis.com\" \/>\n<meta name=\"twitter:card\" content=\"summary_large_image\" \/>\n<meta name=\"twitter:label1\" content=\"Escrito por\" \/>\n\t<meta name=\"twitter:data1\" content=\"apuntesdesanluis.com\" \/>\n\t<meta name=\"twitter:label2\" content=\"Tiempo de lectura\" \/>\n\t<meta name=\"twitter:data2\" content=\"2 minutos\" \/>\n<script type=\"application\/ld+json\" class=\"yoast-schema-graph\">{\"@context\":\"https:\/\/schema.org\",\"@graph\":[{\"@type\":\"Article\",\"@id\":\"https:\/\/apuntesdesanluis.com\/index.php\/2023\/08\/24\/olivero-firmo-un-aumento-del-30-a-empleados-municipales-para-completar-el-100-a-diciembre\/#article\",\"isPartOf\":{\"@id\":\"https:\/\/apuntesdesanluis.com\/index.php\/2023\/08\/24\/olivero-firmo-un-aumento-del-30-a-empleados-municipales-para-completar-el-100-a-diciembre\/\"},\"author\":{\"name\":\"apuntesdesanluis.com\",\"@id\":\"https:\/\/apuntesdesanluis.com\/#\/schema\/person\/b55151d52296fcce64d1a72538a70b90\"},\"headline\":\"OLIVERO FIRM\u00d3 UN AUMENTO DEL 30% A EMPLEADOS MUNICIPALES, PARA COMPLETAR EL 100% A DICIEMBRE\",\"datePublished\":\"2023-08-24T16:41:02+00:00\",\"dateModified\":\"2023-08-24T16:44:56+00:00\",\"mainEntityOfPage\":{\"@id\":\"https:\/\/apuntesdesanluis.com\/index.php\/2023\/08\/24\/olivero-firmo-un-aumento-del-30-a-empleados-municipales-para-completar-el-100-a-diciembre\/\"},\"wordCount\":353,\"publisher\":{\"@id\":\"https:\/\/apuntesdesanluis.com\/#\/schema\/person\/b55151d52296fcce64d1a72538a70b90\"},\"image\":{\"@id\":\"https:\/\/apuntesdesanluis.com\/index.php\/2023\/08\/24\/olivero-firmo-un-aumento-del-30-a-empleados-municipales-para-completar-el-100-a-diciembre\/#primaryimage\"},\"thumbnailUrl\":\"https:\/\/apuntesdesanluis.com\/wp-content\/uploads\/2023\/08\/MARTIN-OLIVERO.png\",\"articleSection\":[\"Ciudad\/Provincia\"],\"inLanguage\":\"es-AR\"},{\"@type\":\"WebPage\",\"@id\":\"https:\/\/apuntesdesanluis.com\/index.php\/2023\/08\/24\/olivero-firmo-un-aumento-del-30-a-empleados-municipales-para-completar-el-100-a-diciembre\/\",\"url\":\"https:\/\/apuntesdesanluis.com\/index.php\/2023\/08\/24\/olivero-firmo-un-aumento-del-30-a-empleados-municipales-para-completar-el-100-a-diciembre\/\",\"name\":\"OLIVERO FIRM\u00d3 UN AUMENTO DEL 30% A EMPLEADOS MUNICIPALES, PARA COMPLETAR EL 100% A DICIEMBRE - Apuntes de San Luis\",\"isPartOf\":{\"@id\":\"https:\/\/apuntesdesanluis.com\/#website\"},\"primaryImageOfPage\":{\"@id\":\"https:\/\/apuntesdesanluis.com\/index.php\/2023\/08\/24\/olivero-firmo-un-aumento-del-30-a-empleados-municipales-para-completar-el-100-a-diciembre\/#primaryimage\"},\"image\":{\"@id\":\"https:\/\/apuntesdesanluis.com\/index.php\/2023\/08\/24\/olivero-firmo-un-aumento-del-30-a-empleados-municipales-para-completar-el-100-a-diciembre\/#primaryimage\"},\"thumbnailUrl\":\"https:\/\/apuntesdesanluis.com\/wp-content\/uploads\/2023\/08\/MARTIN-OLIVERO.png\",\"datePublished\":\"2023-08-24T16:41:02+00:00\",\"dateModified\":\"2023-08-24T16:44:56+00:00\",\"breadcrumb\":{\"@id\":\"https:\/\/apuntesdesanluis.com\/index.php\/2023\/08\/24\/olivero-firmo-un-aumento-del-30-a-empleados-municipales-para-completar-el-100-a-diciembre\/#breadcrumb\"},\"inLanguage\":\"es-AR\",\"potentialAction\":[{\"@type\":\"ReadAction\",\"target\":[\"https:\/\/apuntesdesanluis.com\/index.php\/2023\/08\/24\/olivero-firmo-un-aumento-del-30-a-empleados-municipales-para-completar-el-100-a-diciembre\/\"]}]},{\"@type\":\"ImageObject\",\"inLanguage\":\"es-AR\",\"@id\":\"https:\/\/apuntesdesanluis.com\/index.php\/2023\/08\/24\/olivero-firmo-un-aumento-del-30-a-empleados-municipales-para-completar-el-100-a-diciembre\/#primaryimage\",\"url\":\"https:\/\/apuntesdesanluis.com\/wp-content\/uploads\/2023\/08\/MARTIN-OLIVERO.png\",\"contentUrl\":\"https:\/\/apuntesdesanluis.com\/wp-content\/uploads\/2023\/08\/MARTIN-OLIVERO.png\",\"width\":469,\"height\":287},{\"@type\":\"BreadcrumbList\",\"@id\":\"https:\/\/apuntesdesanluis.com\/index.php\/2023\/08\/24\/olivero-firmo-un-aumento-del-30-a-empleados-municipales-para-completar-el-100-a-diciembre\/#breadcrumb\",\"itemListElement\":[{\"@type\":\"ListItem\",\"position\":1,\"name\":\"Inicio\",\"item\":\"https:\/\/apuntesdesanluis.com\/\"},{\"@type\":\"ListItem\",\"position\":2,\"name\":\"OLIVERO FIRM\u00d3 UN AUMENTO DEL 30% A EMPLEADOS MUNICIPALES, PARA COMPLETAR EL 100% A DICIEMBRE\"}]},{\"@type\":\"WebSite\",\"@id\":\"https:\/\/apuntesdesanluis.com\/#website\",\"url\":\"https:\/\/apuntesdesanluis.com\/\",\"name\":\"Apuntes de San Luis\",\"description\":\"\",\"publisher\":{\"@id\":\"https:\/\/apuntesdesanluis.com\/#\/schema\/person\/b55151d52296fcce64d1a72538a70b90\"},\"potentialAction\":[{\"@type\":\"SearchAction\",\"target\":{\"@type\":\"EntryPoint\",\"urlTemplate\":\"https:\/\/apuntesdesanluis.com\/?s={search_term_string}\"},\"query-input\":{\"@type\":\"PropertyValueSpecification\",\"valueRequired\":true,\"valueName\":\"search_term_string\"}}],\"inLanguage\":\"es-AR\"},{\"@type\":[\"Person\",\"Organization\"],\"@id\":\"https:\/\/apuntesdesanluis.com\/#\/schema\/person\/b55151d52296fcce64d1a72538a70b90\",\"name\":\"apuntesdesanluis.com\",\"image\":{\"@type\":\"ImageObject\",\"inLanguage\":\"es-AR\",\"@id\":\"https:\/\/apuntesdesanluis.com\/#\/schema\/person\/image\/\",\"url\":\"https:\/\/apuntesdesanluis.com\/wp-content\/uploads\/2023\/07\/cropped-apuntesdesanluis.png\",\"contentUrl\":\"https:\/\/apuntesdesanluis.com\/wp-content\/uploads\/2023\/07\/cropped-apuntesdesanluis.png\",\"width\":450,\"height\":112,\"caption\":\"apuntesdesanluis.com\"},\"logo\":{\"@id\":\"https:\/\/apuntesdesanluis.com\/#\/schema\/person\/image\/\"},\"sameAs\":[\"https:\/\/apuntesdesanluis.com\"],\"url\":\"https:\/\/apuntesdesanluis.com\/index.php\/author\/apuntesdesanluis-com\/\"}]}<\/script>\n<!-- \/ Yoast SEO plugin. -->","yoast_head_json":{"title":"OLIVERO FIRM\u00d3 UN AUMENTO DEL 30% A EMPLEADOS MUNICIPALES, PARA COMPLETAR EL 100% A DICIEMBRE - Apuntes de San Luis","robots":{"index":"index","follow":"follow","max-snippet":"max-snippet:-1","max-image-preview":"max-image-preview:large","max-video-preview":"max-video-preview:-1"},"canonical":"https:\/\/apuntesdesanluis.com\/index.php\/2023\/08\/24\/olivero-firmo-un-aumento-del-30-a-empleados-municipales-para-completar-el-100-a-diciembre\/","og_locale":"es_ES","og_type":"article","og_title":"OLIVERO FIRM\u00d3 UN AUMENTO DEL 30% A EMPLEADOS MUNICIPALES, PARA COMPLETAR EL 100% A DICIEMBRE - Apuntes de San Luis","og_description":"El intendente de la ciudad de La Punta, Mart\u00edn Olivero, confirm\u00f3 este jueves que decidi\u00f3...","og_url":"https:\/\/apuntesdesanluis.com\/index.php\/2023\/08\/24\/olivero-firmo-un-aumento-del-30-a-empleados-municipales-para-completar-el-100-a-diciembre\/","og_site_name":"Apuntes de San Luis","article_published_time":"2023-08-24T16:41:02+00:00","article_modified_time":"2023-08-24T16:44:56+00:00","og_image":[{"width":469,"height":287,"url":"https:\/\/apuntesdesanluis.com\/wp-content\/uploads\/2023\/08\/MARTIN-OLIVERO.png","type":"image\/png"}],"author":"apuntesdesanluis.com","twitter_card":"summary_large_image","twitter_misc":{"Escrito por":"apuntesdesanluis.com","Tiempo de lectura":"2 minutos"},"schema":{"@context":"https:\/\/schema.org","@graph":[{"@type":"Article","@id":"https:\/\/apuntesdesanluis.com\/index.php\/2023\/08\/24\/olivero-firmo-un-aumento-del-30-a-empleados-municipales-para-completar-el-100-a-diciembre\/#article","isPartOf":{"@id":"https:\/\/apuntesdesanluis.com\/index.php\/2023\/08\/24\/olivero-firmo-un-aumento-del-30-a-empleados-municipales-para-completar-el-100-a-diciembre\/"},"author":{"name":"apuntesdesanluis.com","@id":"https:\/\/apuntesdesanluis.com\/#\/schema\/person\/b55151d52296fcce64d1a72538a70b90"},"headline":"OLIVERO FIRM\u00d3 UN AUMENTO DEL 30% A EMPLEADOS MUNICIPALES, PARA COMPLETAR EL 100% A DICIEMBRE","datePublished":"2023-08-24T16:41:02+00:00","dateModified":"2023-08-24T16:44:56+00:00","mainEntityOfPage":{"@id":"https:\/\/apuntesdesanluis.com\/index.php\/2023\/08\/24\/olivero-firmo-un-aumento-del-30-a-empleados-municipales-para-completar-el-100-a-diciembre\/"},"wordCount":353,"publisher":{"@id":"https:\/\/apuntesdesanluis.com\/#\/schema\/person\/b55151d52296fcce64d1a72538a70b90"},"image":{"@id":"https:\/\/apuntesdesanluis.com\/index.php\/2023\/08\/24\/olivero-firmo-un-aumento-del-30-a-empleados-municipales-para-completar-el-100-a-diciembre\/#primaryimage"},"thumbnailUrl":"https:\/\/apuntesdesanluis.com\/wp-content\/uploads\/2023\/08\/MARTIN-OLIVERO.png","articleSection":["Ciudad\/Provincia"],"inLanguage":"es-AR"},{"@type":"WebPage","@id":"https:\/\/apuntesdesanluis.com\/index.php\/2023\/08\/24\/olivero-firmo-un-aumento-del-30-a-empleados-municipales-para-completar-el-100-a-diciembre\/","url":"https:\/\/apuntesdesanluis.com\/index.php\/2023\/08\/24\/olivero-firmo-un-aumento-del-30-a-empleados-municipales-para-completar-el-100-a-diciembre\/","name":"OLIVERO FIRM\u00d3 UN AUMENTO DEL 30% A EMPLEADOS MUNICIPALES, PARA COMPLETAR EL 100% A DICIEMBRE - Apuntes de San Luis","isPartOf":{"@id":"https:\/\/apuntesdesanluis.com\/#website"},"primaryImageOfPage":{"@id":"https:\/\/apuntesdesanluis.com\/index.php\/2023\/08\/24\/olivero-firmo-un-aumento-del-30-a-empleados-municipales-para-completar-el-100-a-diciembre\/#primaryimage"},"image":{"@id":"https:\/\/apuntesdesanluis.com\/index.php\/2023\/08\/24\/olivero-firmo-un-aumento-del-30-a-empleados-municipales-para-completar-el-100-a-diciembre\/#primaryimage"},"thumbnailUrl":"https:\/\/apuntesdesanluis.com\/wp-content\/uploads\/2023\/08\/MARTIN-OLIVERO.png","datePublished":"2023-08-24T16:41:02+00:00","dateModified":"2023-08-24T16:44:56+00:00","breadcrumb":{"@id":"https:\/\/apuntesdesanluis.com\/index.php\/2023\/08\/24\/olivero-firmo-un-aumento-del-30-a-empleados-municipales-para-completar-el-100-a-diciembre\/#breadcrumb"},"inLanguage":"es-AR","potentialAction":[{"@type":"ReadAction","target":["https:\/\/apuntesdesanluis.com\/index.php\/2023\/08\/24\/olivero-firmo-un-aumento-del-30-a-empleados-municipales-para-completar-el-100-a-diciembre\/"]}]},{"@type":"ImageObject","inLanguage":"es-AR","@id":"https:\/\/apuntesdesanluis.com\/index.php\/2023\/08\/24\/olivero-firmo-un-aumento-del-30-a-empleados-municipales-para-completar-el-100-a-diciembre\/#primaryimage","url":"https:\/\/apuntesdesanluis.com\/wp-content\/uploads\/2023\/08\/MARTIN-OLIVERO.png","contentUrl":"https:\/\/apuntesdesanluis.com\/wp-content\/uploads\/2023\/08\/MARTIN-OLIVERO.png","width":469,"height":287},{"@type":"BreadcrumbList","@id":"https:\/\/apuntesdesanluis.com\/index.php\/2023\/08\/24\/olivero-firmo-un-aumento-del-30-a-empleados-municipales-para-completar-el-100-a-diciembre\/#breadcrumb","itemListElement":[{"@type":"ListItem","position":1,"name":"Inicio","item":"https:\/\/apuntesdesanluis.com\/"},{"@type":"ListItem","position":2,"name":"OLIVERO FIRM\u00d3 UN AUMENTO DEL 30% A EMPLEADOS MUNICIPALES, PARA COMPLETAR EL 100% A DICIEMBRE"}]},{"@type":"WebSite","@id":"https:\/\/apuntesdesanluis.com\/#website","url":"https:\/\/apuntesdesanluis.com\/","name":"Apuntes de San Luis","description":"","publisher":{"@id":"https:\/\/apuntesdesanluis.com\/#\/schema\/person\/b55151d52296fcce64d1a72538a70b90"},"potentialAction":[{"@type":"SearchAction","target":{"@type":"EntryPoint","urlTemplate":"https:\/\/apuntesdesanluis.com\/?s={search_term_string}"},"query-input":{"@type":"PropertyValueSpecification","valueRequired":true,"valueName":"search_term_string"}}],"inLanguage":"es-AR"},{"@type":["Person","Organization"],"@id":"https:\/\/apuntesdesanluis.com\/#\/schema\/person\/b55151d52296fcce64d1a72538a70b90","name":"apuntesdesanluis.com","image":{"@type":"ImageObject","inLanguage":"es-AR","@id":"https:\/\/apuntesdesanluis.com\/#\/schema\/person\/image\/","url":"https:\/\/apuntesdesanluis.com\/wp-content\/uploads\/2023\/07\/cropped-apuntesdesanluis.png","contentUrl":"https:\/\/apuntesdesanluis.com\/wp-content\/uploads\/2023\/07\/cropped-apuntesdesanluis.png","width":450,"height":112,"caption":"apuntesdesanluis.com"},"logo":{"@id":"https:\/\/apuntesdesanluis.com\/#\/schema\/person\/image\/"},"sameAs":["https:\/\/apuntesdesanluis.com"],"url":"https:\/\/apuntesdesanluis.com\/index.php\/author\/apuntesdesanluis-com\/"}]}},"featured_image_urls":{"full":["https:\/\/apuntesdesanluis.com\/wp-content\/uploads\/2023\/08\/MARTIN-OLIVERO.png",469,287,false],"thumbnail":["https:\/\/apuntesdesanluis.com\/wp-content\/uploads\/2023\/08\/MARTIN-OLIVERO-150x150.png",150,150,true],"medium":["https:\/\/apuntesdesanluis.com\/wp-content\/uploads\/2023\/08\/MARTIN-OLIVERO-300x184.png",300,184,true],"medium_large":["https:\/\/apuntesdesanluis.com\/wp-content\/uploads\/2023\/08\/MARTIN-OLIVERO.png",469,287,false],"large":["https:\/\/apuntesdesanluis.com\/wp-content\/uploads\/2023\/08\/MARTIN-OLIVERO.png",469,287,false],"1536x1536":["https:\/\/apuntesdesanluis.com\/wp-content\/uploads\/2023\/08\/MARTIN-OLIVERO.png",469,287,false],"2048x2048":["https:\/\/apuntesdesanluis.com\/wp-content\/uploads\/2023\/08\/MARTIN-OLIVERO.png",469,287,false],"newsever-slider-full":["https:\/\/apuntesdesanluis.com\/wp-content\/uploads\/2023\/08\/MARTIN-OLIVERO.png",469,287,false],"newsever-featured":["https:\/\/apuntesdesanluis.com\/wp-content\/uploads\/2023\/08\/MARTIN-OLIVERO.png",469,287,false],"newsever-medium":["https:\/\/apuntesdesanluis.com\/wp-content\/uploads\/2023\/08\/MARTIN-OLIVERO.png",469,287,false]},"author_info":{"display_name":"apuntesdesanluis.com","author_link":"https:\/\/apuntesdesanluis.com\/index.php\/author\/apuntesdesanluis-com\/"},"category_info":"<a href=\"https:\/\/apuntesdesanluis.com\/index.php\/category\/ciudad-provincia\/\" rel=\"category tag\">Ciudad\/Provincia<\/a>","tag_info":"Ciudad\/Provincia","comment_count":"0","_links":{"self":[{"href":"https:\/\/apuntesdesanluis.com\/index.php\/wp-json\/wp\/v2\/posts\/2068","targetHints":{"allow":["GET"]}}],"collection":[{"href":"https:\/\/apuntesdesanluis.com\/index.php\/wp-json\/wp\/v2\/posts"}],"about":[{"href":"https:\/\/apuntesdesanluis.com\/index.php\/wp-json\/wp\/v2\/types\/post"}],"author":[{"embeddable":true,"href":"https:\/\/apuntesdesanluis.com\/index.php\/wp-json\/wp\/v2\/users\/1"}],"replies":[{"embeddable":true,"href":"https:\/\/apuntesdesanluis.com\/index.php\/wp-json\/wp\/v2\/comments?post=2068"}],"version-history":[{"count":3,"href":"https:\/\/apuntesdesanluis.com\/index.php\/wp-json\/wp\/v2\/posts\/2068\/revisions"}],"predecessor-version":[{"id":2072,"href":"https:\/\/apuntesdesanluis.com\/index.php\/wp-json\/wp\/v2\/posts\/2068\/revisions\/2072"}],"wp:featuredmedia":[{"embeddable":true,"href":"https:\/\/apuntesdesanluis.com\/index.php\/wp-json\/wp\/v2\/media\/2069"}],"wp:attachment":[{"href":"https:\/\/apuntesdesanluis.com\/index.php\/wp-json\/wp\/v2\/media?parent=2068"}],"wp:term":[{"taxonomy":"category","embeddable":true,"href":"https:\/\/apuntesdesanluis.com\/index.php\/wp-json\/wp\/v2\/categories?post=2068"},{"taxonomy":"post_tag","embeddable":true,"href":"https:\/\/apuntesdesanluis.com\/index.php\/wp-json\/wp\/v2\/tags?post=2068"}],"curies":[{"name":"wp","href":"https:\/\/api.w.org\/{rel}","templated":true}]}}