{"id":20686,"date":"2024-08-11T12:33:14","date_gmt":"2024-08-11T15:33:14","guid":{"rendered":"https:\/\/apuntesdesanluis.com\/?p=20686"},"modified":"2024-08-11T12:33:14","modified_gmt":"2024-08-11T15:33:14","slug":"escandalo-hipocresia-y-retroceso","status":"publish","type":"post","link":"https:\/\/apuntesdesanluis.com\/index.php\/2024\/08\/11\/escandalo-hipocresia-y-retroceso\/","title":{"rendered":"Esc\u00e1ndalo, hipocres\u00eda y retroceso"},"content":{"rendered":"<h3><em>En muchas sociedades occidentales, el vac\u00edo de valores est\u00e1 siendo llenado por espect\u00e1culos del poder, dentro de una cultura a la deriva sin eje ni control.<\/em><\/h3>\n<h3><\/h3>\n<h3>Por <strong>Eduardo Fidanza *<\/strong><\/h3>\n<h3><strong> <img fetchpriority=\"high\" decoding=\"async\" class=\"wp-image-694 aligncenter\" src=\"https:\/\/apuntesdesanluis.com\/wp-content\/uploads\/2023\/07\/fidanza-300x171.jpg\" alt=\"\" width=\"512\" height=\"292\" srcset=\"https:\/\/apuntesdesanluis.com\/wp-content\/uploads\/2023\/07\/fidanza-300x171.jpg 300w, https:\/\/apuntesdesanluis.com\/wp-content\/uploads\/2023\/07\/fidanza.jpg 356w\" sizes=\"(max-width: 512px) 100vw, 512px\" \/><\/strong><\/h3>\n<h3><\/h3>\n<h3>Por razones de econom\u00eda de la diagramaci\u00f3n, hemos usado solo tres palabras para titular esta columna. Pero el acontecimiento al que nos referiremos requiere incluir tres m\u00e1s: espect\u00e1culo, tecnolog\u00eda y c\u00e1lculo. Obs\u00e9rvese que, de los seis t\u00e9rminos, cuatro evocan hechos universales. Nos referimos a que esc\u00e1ndalo, hipocres\u00eda, retrocesos y c\u00e1lculo (pol\u00edtico, en este caso) hubo siempre y en todo lugar en la modernidad. En cambio, el espect\u00e1culo, como fen\u00f3meno sociol\u00f3gico arrasador, ha ocupado el inter\u00e9s intelectual reci\u00e9n en la segunda mitad del siglo pasado, tal vez a partir del clarividente ensayo de Guy Debord, titulado, precisamente, La sociedad del espect\u00e1culo. Para completar el cuadro, resta un fen\u00f3meno revolucionario crucial: la tecnolog\u00eda. Sostendremos que estos factores destruyeron a un expresidente que habr\u00eda cometido repugnantes delitos.<\/h3>\n<h3>\u00a0De los cambios culturales ocurridos a partir de la Revoluci\u00f3n Tecnol\u00f3gica, que gener\u00f3 lo que el ensayista \u00c9ric Sadin llama \u201cadministraci\u00f3n digital del mundo\u201d, se dijo todo y se seguir\u00e1 diciendo a medida que las innovaciones se aceleren. Estamos ahora copados por la IA, que aparentemente dislocar\u00e1 otra vez la sociedad y la econom\u00eda, como lo estuvimos antes con otras novedades tecnol\u00f3gicas. Lo cierto es que, desde la primera computadora de escritorio, las costumbres mutan cada vez m\u00e1s r\u00e1pido. Los celulares pasaron de ser tel\u00e9fonos sin cable a una herramienta indispensable para administrar la vida cotidiana y sumergirse adictivamente en el mundo de los mensajes y las redes. Los algoritmos, ya es un lugar com\u00fan, rigen buena parte de nuestra existencia. El capitalismo se ha vuelto ligero e insustancial dicen los soci\u00f3logos.<\/h3>\n<h3><strong>Refundando con alambre<\/strong><\/h3>\n<h3>Uno de los atributos distintivos de la nueva cultura es el derrumbe de las fronteras entre lo p\u00fablico y lo privado, donde se construyen las subjetividades a trav\u00e9s de la exhibici\u00f3n de los pormenores de la vida, del cuerpo, de los sentimientos, de los v\u00ednculos personales. Se trata de un abandono masivo del anonimato para construir nuevos yoes espectacularizados, cuya cifra es alcanzar la identidad y la notoriedad mostr\u00e1ndose. Las herramientas tecnol\u00f3gicas lo posibilitan: las selfies exhiben nuestro cuerpo en la posici\u00f3n que queramos, con la vestimenta o la desnudez que nos plazca, con el \u00e1nimo de gustar, facturar o denunciar. Apenas con un clic podemos filmar una escena cotidiana o grabar una conversaci\u00f3n. Los ba\u00f1os tienen puertas de cristal.<\/h3>\n<h3>\u00bfCreen los presidentes, siempre acechados por sus enemigos, que eludir\u00e1n el escrutinio de la tecnolog\u00eda cuando pierdan el poder? \u00bfA la hora de trasgredir la ley, comprenden a lo que se exponen? Legiones de escrachados delinquiendo son una nueva especie en la sociedad del espect\u00e1culo que aboli\u00f3 la intimidad. El caso, devenido por eso esc\u00e1ndalo, es que a este colectivo de infelices se sum\u00f3 un expresidente, descubierto presuntamente peg\u00e1ndole a su mujer en la residencia oficial. Impacta el derrumbe de los muros: una escena tan privada qued\u00f3 a la vista en una esfera tan p\u00fablica. Bastaron cuatro selfies y algunos chats. La digitalizaci\u00f3n, antes que la corrupci\u00f3n, termin\u00f3 de sepultar a Fern\u00e1ndez. Sus predecesores pecaron tanto o m\u00e1s que \u00e9l, cuando todav\u00eda exist\u00eda la privacidad.<\/h3>\n<h3>Para redondear el escarnio, este personaje incurri\u00f3 en un comportamiento que el sentido com\u00fan repudia, una vez que al actor se le cae la m\u00e1scara: la hipocres\u00eda, el fingimiento de las verdaderas conductas e intenciones. Hasta el infinito se reproduce el video donde el entonces presidente se pone a la cabeza de la lucha contra la violencia de g\u00e9nero, mientras, es la sospecha, mol\u00eda a golpes a su esposa. La gente est\u00e1 acostumbrada a la doblez de los pol\u00edticos, pero \u00e9sta tiene un componente que resulta mort\u00edfero para el que la emplea: lo muestra en la intimidad pas\u00e1ndose por el trasero los valores que defend\u00eda en el espacio p\u00fablico. No se trata de un ladr\u00f3n m\u00e1s de \u201cguante blanco\u201d, como podr\u00eda encuadrarse su opaca conducta en la estafa de los seguros. Es un individuo convencido, con la est\u00fapida seguridad del antiguo monarca, que, como siempre ocurri\u00f3, las paredes del palacio lo proteger\u00e1n de las faltas que contradicen su relato.<\/h3>\n<h3>Concluiremos analizando el c\u00e1lculo que hicieron los adversarios y los exsocios del ca\u00eddo en desgracia, y el retroceso de las conquistas sociales que probablemente ocurra a partir de su vileza. Empecemos por las cuentas del oficialismo: percibe el esc\u00e1ndalo como pura ganancia, una oportunidad m\u00e1s de reforzar una de las creencias fundamentales que lo sostiene: la existencia de una casta perversa que somete a la sociedad. Ellos son \u201clos hip\u00f3critas progresistas\u201d que aumentaron el gasto p\u00fablico con ministerios innecesarios, nosotros los que siempre decimos la verdad. La soluci\u00f3n \u2013tuitea el Presidente\u2013, no son los organismos p\u00fablicos ni los cursos de g\u00e9nero \u201cy definitivamente tampoco es adjudicarles a todos los hombres una responsabilidad solo por el hecho de ser hombres\u201d.<\/h3>\n<h3><strong>El dilema y la mentira<\/strong><\/h3>\n<h3>La f\u00f3rmula de la ultraderecha al palo: un mix de fiscalismo y machismo para desacreditar las pol\u00edticas de g\u00e9nero. A Milei no le interesa condenar a Fern\u00e1ndez; su intenci\u00f3n, como la de Trump y Bolsonaro, es retroceder a una cultura donde los varones conserven el rol dominante y recuperen la discrecionalidad de la que dispon\u00edan en el pasado. Algunas pocas usar\u00e1n el pa\u00f1uelo verde para beneficio personal, pero para la amplia mayor\u00eda de las mujeres ese s\u00edmbolo significa la esperanza de que los maltratadores no quedar\u00e1n impunes. Aun con sus errores y oportunismos, la reivindicaci\u00f3n progresista es clara: nunca m\u00e1s a lo que ofende la dignidad de las personas.<\/h3>\n<h3>Resta el c\u00e1lculo, tambi\u00e9n peque\u00f1o, del kirchnerismo. La orden fue tajante: soltarle la mano a Fern\u00e1ndez, hacerlo responsable no solo de la golpiza, sino, sobre todo, del fracaso estruendoso de su gobierno, del que la expresidenta, adem\u00e1s de inventora, fue protagonista central. Malena, en nombre del exministro de Econom\u00eda, tambi\u00e9n le baj\u00f3 el pulgar.<\/h3>\n<h3>Extra\u00f1as coincidencias entre Milei, Cristina y Massa ante un fusilamiento sumario y expiatorio. No hay dudas sobre lo aberrante de Fern\u00e1ndez, las hay acerca de por qu\u00e9 y ahora se destap\u00f3 este tumulto, ya fuera de cauce. La hipocres\u00eda, como el sentido com\u00fan de Descartes, es la cosa mejor repartida del mundo. En s\u00edntesis, un episodio abominable en una cultura pol\u00edtica degradada. Pero no una novedad argentina. En muchas sociedades occidentales ocurre lo mismo. El vac\u00edo de valores est\u00e1 siendo llenado por espect\u00e1culos y esc\u00e1ndalos del poder, dentro de una cultura a la deriva, sin eje ni control.<\/h3>\n<h3><\/h3>\n<h4><strong><em>* \u00a0Licenciado en Sociolog\u00eda, Universidad de Buenos Aires. Fundador y director de Poliarquia Consultores. Analista pol\u00edtico e investigador social. Ex columnista semanal del diario La Naci\u00f3n. Miembro de n\u00famero de la Academia Nacional de Periodismo. Ex profesor titular regular de la UBA. (Publicado en Perfil)<\/em><\/strong><\/h4>\n<p>&nbsp;<\/p>\n<p>&nbsp;<\/p>\n<p>&nbsp;<\/p>\n<p>&nbsp;<\/p>\n","protected":false},"excerpt":{"rendered":"<p>En muchas sociedades occidentales, el vac\u00edo de valores est\u00e1 siendo llenado por espect\u00e1culos del poder,&#8230;<\/p>\n","protected":false},"author":1,"featured_media":20687,"comment_status":"closed","ping_status":"closed","sticky":false,"template":"","format":"standard","meta":{"footnotes":""},"categories":[9],"tags":[],"class_list":["post-20686","post","type-post","status-publish","format-standard","has-post-thumbnail","hentry","category-opinion"],"yoast_head":"<!-- This site is optimized with the Yoast SEO plugin v26.1.1 - https:\/\/yoast.com\/wordpress\/plugins\/seo\/ -->\n<title>Esc\u00e1ndalo, hipocres\u00eda y retroceso - Apuntes de San Luis<\/title>\n<meta name=\"robots\" content=\"index, follow, max-snippet:-1, max-image-preview:large, max-video-preview:-1\" \/>\n<link rel=\"canonical\" href=\"https:\/\/apuntesdesanluis.com\/index.php\/2024\/08\/11\/escandalo-hipocresia-y-retroceso\/\" \/>\n<meta property=\"og:locale\" content=\"es_ES\" \/>\n<meta property=\"og:type\" content=\"article\" \/>\n<meta property=\"og:title\" content=\"Esc\u00e1ndalo, hipocres\u00eda y retroceso - Apuntes de San Luis\" \/>\n<meta property=\"og:description\" content=\"En muchas sociedades occidentales, el vac\u00edo de valores est\u00e1 siendo llenado por espect\u00e1culos del poder,...\" \/>\n<meta property=\"og:url\" content=\"https:\/\/apuntesdesanluis.com\/index.php\/2024\/08\/11\/escandalo-hipocresia-y-retroceso\/\" \/>\n<meta property=\"og:site_name\" content=\"Apuntes de San Luis\" \/>\n<meta property=\"article:published_time\" content=\"2024-08-11T15:33:14+00:00\" \/>\n<meta property=\"og:image\" content=\"https:\/\/apuntesdesanluis.com\/wp-content\/uploads\/2024\/08\/fernandez-golpeador.png\" \/>\n\t<meta property=\"og:image:width\" content=\"698\" \/>\n\t<meta property=\"og:image:height\" content=\"493\" \/>\n\t<meta property=\"og:image:type\" content=\"image\/png\" \/>\n<meta name=\"author\" content=\"apuntesdesanluis.com\" \/>\n<meta name=\"twitter:card\" content=\"summary_large_image\" \/>\n<meta name=\"twitter:label1\" content=\"Escrito por\" \/>\n\t<meta name=\"twitter:data1\" content=\"apuntesdesanluis.com\" \/>\n\t<meta name=\"twitter:label2\" content=\"Tiempo de lectura\" \/>\n\t<meta name=\"twitter:data2\" content=\"6 minutos\" \/>\n<script type=\"application\/ld+json\" class=\"yoast-schema-graph\">{\"@context\":\"https:\/\/schema.org\",\"@graph\":[{\"@type\":\"Article\",\"@id\":\"https:\/\/apuntesdesanluis.com\/index.php\/2024\/08\/11\/escandalo-hipocresia-y-retroceso\/#article\",\"isPartOf\":{\"@id\":\"https:\/\/apuntesdesanluis.com\/index.php\/2024\/08\/11\/escandalo-hipocresia-y-retroceso\/\"},\"author\":{\"name\":\"apuntesdesanluis.com\",\"@id\":\"https:\/\/apuntesdesanluis.com\/#\/schema\/person\/b55151d52296fcce64d1a72538a70b90\"},\"headline\":\"Esc\u00e1ndalo, hipocres\u00eda y retroceso\",\"datePublished\":\"2024-08-11T15:33:14+00:00\",\"mainEntityOfPage\":{\"@id\":\"https:\/\/apuntesdesanluis.com\/index.php\/2024\/08\/11\/escandalo-hipocresia-y-retroceso\/\"},\"wordCount\":1242,\"publisher\":{\"@id\":\"https:\/\/apuntesdesanluis.com\/#\/schema\/person\/b55151d52296fcce64d1a72538a70b90\"},\"image\":{\"@id\":\"https:\/\/apuntesdesanluis.com\/index.php\/2024\/08\/11\/escandalo-hipocresia-y-retroceso\/#primaryimage\"},\"thumbnailUrl\":\"https:\/\/apuntesdesanluis.com\/wp-content\/uploads\/2024\/08\/fernandez-golpeador.png\",\"articleSection\":[\"Opini\u00f3n\"],\"inLanguage\":\"es-AR\"},{\"@type\":\"WebPage\",\"@id\":\"https:\/\/apuntesdesanluis.com\/index.php\/2024\/08\/11\/escandalo-hipocresia-y-retroceso\/\",\"url\":\"https:\/\/apuntesdesanluis.com\/index.php\/2024\/08\/11\/escandalo-hipocresia-y-retroceso\/\",\"name\":\"Esc\u00e1ndalo, hipocres\u00eda y retroceso - Apuntes de San Luis\",\"isPartOf\":{\"@id\":\"https:\/\/apuntesdesanluis.com\/#website\"},\"primaryImageOfPage\":{\"@id\":\"https:\/\/apuntesdesanluis.com\/index.php\/2024\/08\/11\/escandalo-hipocresia-y-retroceso\/#primaryimage\"},\"image\":{\"@id\":\"https:\/\/apuntesdesanluis.com\/index.php\/2024\/08\/11\/escandalo-hipocresia-y-retroceso\/#primaryimage\"},\"thumbnailUrl\":\"https:\/\/apuntesdesanluis.com\/wp-content\/uploads\/2024\/08\/fernandez-golpeador.png\",\"datePublished\":\"2024-08-11T15:33:14+00:00\",\"breadcrumb\":{\"@id\":\"https:\/\/apuntesdesanluis.com\/index.php\/2024\/08\/11\/escandalo-hipocresia-y-retroceso\/#breadcrumb\"},\"inLanguage\":\"es-AR\",\"potentialAction\":[{\"@type\":\"ReadAction\",\"target\":[\"https:\/\/apuntesdesanluis.com\/index.php\/2024\/08\/11\/escandalo-hipocresia-y-retroceso\/\"]}]},{\"@type\":\"ImageObject\",\"inLanguage\":\"es-AR\",\"@id\":\"https:\/\/apuntesdesanluis.com\/index.php\/2024\/08\/11\/escandalo-hipocresia-y-retroceso\/#primaryimage\",\"url\":\"https:\/\/apuntesdesanluis.com\/wp-content\/uploads\/2024\/08\/fernandez-golpeador.png\",\"contentUrl\":\"https:\/\/apuntesdesanluis.com\/wp-content\/uploads\/2024\/08\/fernandez-golpeador.png\",\"width\":698,\"height\":493},{\"@type\":\"BreadcrumbList\",\"@id\":\"https:\/\/apuntesdesanluis.com\/index.php\/2024\/08\/11\/escandalo-hipocresia-y-retroceso\/#breadcrumb\",\"itemListElement\":[{\"@type\":\"ListItem\",\"position\":1,\"name\":\"Inicio\",\"item\":\"https:\/\/apuntesdesanluis.com\/\"},{\"@type\":\"ListItem\",\"position\":2,\"name\":\"Esc\u00e1ndalo, hipocres\u00eda y retroceso\"}]},{\"@type\":\"WebSite\",\"@id\":\"https:\/\/apuntesdesanluis.com\/#website\",\"url\":\"https:\/\/apuntesdesanluis.com\/\",\"name\":\"Apuntes de San Luis\",\"description\":\"\",\"publisher\":{\"@id\":\"https:\/\/apuntesdesanluis.com\/#\/schema\/person\/b55151d52296fcce64d1a72538a70b90\"},\"potentialAction\":[{\"@type\":\"SearchAction\",\"target\":{\"@type\":\"EntryPoint\",\"urlTemplate\":\"https:\/\/apuntesdesanluis.com\/?s={search_term_string}\"},\"query-input\":{\"@type\":\"PropertyValueSpecification\",\"valueRequired\":true,\"valueName\":\"search_term_string\"}}],\"inLanguage\":\"es-AR\"},{\"@type\":[\"Person\",\"Organization\"],\"@id\":\"https:\/\/apuntesdesanluis.com\/#\/schema\/person\/b55151d52296fcce64d1a72538a70b90\",\"name\":\"apuntesdesanluis.com\",\"image\":{\"@type\":\"ImageObject\",\"inLanguage\":\"es-AR\",\"@id\":\"https:\/\/apuntesdesanluis.com\/#\/schema\/person\/image\/\",\"url\":\"https:\/\/apuntesdesanluis.com\/wp-content\/uploads\/2023\/07\/cropped-apuntesdesanluis.png\",\"contentUrl\":\"https:\/\/apuntesdesanluis.com\/wp-content\/uploads\/2023\/07\/cropped-apuntesdesanluis.png\",\"width\":450,\"height\":112,\"caption\":\"apuntesdesanluis.com\"},\"logo\":{\"@id\":\"https:\/\/apuntesdesanluis.com\/#\/schema\/person\/image\/\"},\"sameAs\":[\"https:\/\/apuntesdesanluis.com\"],\"url\":\"https:\/\/apuntesdesanluis.com\/index.php\/author\/apuntesdesanluis-com\/\"}]}<\/script>\n<!-- \/ Yoast SEO plugin. -->","yoast_head_json":{"title":"Esc\u00e1ndalo, hipocres\u00eda y retroceso - Apuntes de San Luis","robots":{"index":"index","follow":"follow","max-snippet":"max-snippet:-1","max-image-preview":"max-image-preview:large","max-video-preview":"max-video-preview:-1"},"canonical":"https:\/\/apuntesdesanluis.com\/index.php\/2024\/08\/11\/escandalo-hipocresia-y-retroceso\/","og_locale":"es_ES","og_type":"article","og_title":"Esc\u00e1ndalo, hipocres\u00eda y retroceso - Apuntes de San Luis","og_description":"En muchas sociedades occidentales, el vac\u00edo de valores est\u00e1 siendo llenado por espect\u00e1culos del poder,...","og_url":"https:\/\/apuntesdesanluis.com\/index.php\/2024\/08\/11\/escandalo-hipocresia-y-retroceso\/","og_site_name":"Apuntes de San Luis","article_published_time":"2024-08-11T15:33:14+00:00","og_image":[{"width":698,"height":493,"url":"https:\/\/apuntesdesanluis.com\/wp-content\/uploads\/2024\/08\/fernandez-golpeador.png","type":"image\/png"}],"author":"apuntesdesanluis.com","twitter_card":"summary_large_image","twitter_misc":{"Escrito por":"apuntesdesanluis.com","Tiempo de lectura":"6 minutos"},"schema":{"@context":"https:\/\/schema.org","@graph":[{"@type":"Article","@id":"https:\/\/apuntesdesanluis.com\/index.php\/2024\/08\/11\/escandalo-hipocresia-y-retroceso\/#article","isPartOf":{"@id":"https:\/\/apuntesdesanluis.com\/index.php\/2024\/08\/11\/escandalo-hipocresia-y-retroceso\/"},"author":{"name":"apuntesdesanluis.com","@id":"https:\/\/apuntesdesanluis.com\/#\/schema\/person\/b55151d52296fcce64d1a72538a70b90"},"headline":"Esc\u00e1ndalo, hipocres\u00eda y retroceso","datePublished":"2024-08-11T15:33:14+00:00","mainEntityOfPage":{"@id":"https:\/\/apuntesdesanluis.com\/index.php\/2024\/08\/11\/escandalo-hipocresia-y-retroceso\/"},"wordCount":1242,"publisher":{"@id":"https:\/\/apuntesdesanluis.com\/#\/schema\/person\/b55151d52296fcce64d1a72538a70b90"},"image":{"@id":"https:\/\/apuntesdesanluis.com\/index.php\/2024\/08\/11\/escandalo-hipocresia-y-retroceso\/#primaryimage"},"thumbnailUrl":"https:\/\/apuntesdesanluis.com\/wp-content\/uploads\/2024\/08\/fernandez-golpeador.png","articleSection":["Opini\u00f3n"],"inLanguage":"es-AR"},{"@type":"WebPage","@id":"https:\/\/apuntesdesanluis.com\/index.php\/2024\/08\/11\/escandalo-hipocresia-y-retroceso\/","url":"https:\/\/apuntesdesanluis.com\/index.php\/2024\/08\/11\/escandalo-hipocresia-y-retroceso\/","name":"Esc\u00e1ndalo, hipocres\u00eda y retroceso - Apuntes de San Luis","isPartOf":{"@id":"https:\/\/apuntesdesanluis.com\/#website"},"primaryImageOfPage":{"@id":"https:\/\/apuntesdesanluis.com\/index.php\/2024\/08\/11\/escandalo-hipocresia-y-retroceso\/#primaryimage"},"image":{"@id":"https:\/\/apuntesdesanluis.com\/index.php\/2024\/08\/11\/escandalo-hipocresia-y-retroceso\/#primaryimage"},"thumbnailUrl":"https:\/\/apuntesdesanluis.com\/wp-content\/uploads\/2024\/08\/fernandez-golpeador.png","datePublished":"2024-08-11T15:33:14+00:00","breadcrumb":{"@id":"https:\/\/apuntesdesanluis.com\/index.php\/2024\/08\/11\/escandalo-hipocresia-y-retroceso\/#breadcrumb"},"inLanguage":"es-AR","potentialAction":[{"@type":"ReadAction","target":["https:\/\/apuntesdesanluis.com\/index.php\/2024\/08\/11\/escandalo-hipocresia-y-retroceso\/"]}]},{"@type":"ImageObject","inLanguage":"es-AR","@id":"https:\/\/apuntesdesanluis.com\/index.php\/2024\/08\/11\/escandalo-hipocresia-y-retroceso\/#primaryimage","url":"https:\/\/apuntesdesanluis.com\/wp-content\/uploads\/2024\/08\/fernandez-golpeador.png","contentUrl":"https:\/\/apuntesdesanluis.com\/wp-content\/uploads\/2024\/08\/fernandez-golpeador.png","width":698,"height":493},{"@type":"BreadcrumbList","@id":"https:\/\/apuntesdesanluis.com\/index.php\/2024\/08\/11\/escandalo-hipocresia-y-retroceso\/#breadcrumb","itemListElement":[{"@type":"ListItem","position":1,"name":"Inicio","item":"https:\/\/apuntesdesanluis.com\/"},{"@type":"ListItem","position":2,"name":"Esc\u00e1ndalo, hipocres\u00eda y retroceso"}]},{"@type":"WebSite","@id":"https:\/\/apuntesdesanluis.com\/#website","url":"https:\/\/apuntesdesanluis.com\/","name":"Apuntes de San Luis","description":"","publisher":{"@id":"https:\/\/apuntesdesanluis.com\/#\/schema\/person\/b55151d52296fcce64d1a72538a70b90"},"potentialAction":[{"@type":"SearchAction","target":{"@type":"EntryPoint","urlTemplate":"https:\/\/apuntesdesanluis.com\/?s={search_term_string}"},"query-input":{"@type":"PropertyValueSpecification","valueRequired":true,"valueName":"search_term_string"}}],"inLanguage":"es-AR"},{"@type":["Person","Organization"],"@id":"https:\/\/apuntesdesanluis.com\/#\/schema\/person\/b55151d52296fcce64d1a72538a70b90","name":"apuntesdesanluis.com","image":{"@type":"ImageObject","inLanguage":"es-AR","@id":"https:\/\/apuntesdesanluis.com\/#\/schema\/person\/image\/","url":"https:\/\/apuntesdesanluis.com\/wp-content\/uploads\/2023\/07\/cropped-apuntesdesanluis.png","contentUrl":"https:\/\/apuntesdesanluis.com\/wp-content\/uploads\/2023\/07\/cropped-apuntesdesanluis.png","width":450,"height":112,"caption":"apuntesdesanluis.com"},"logo":{"@id":"https:\/\/apuntesdesanluis.com\/#\/schema\/person\/image\/"},"sameAs":["https:\/\/apuntesdesanluis.com"],"url":"https:\/\/apuntesdesanluis.com\/index.php\/author\/apuntesdesanluis-com\/"}]}},"featured_image_urls":{"full":["https:\/\/apuntesdesanluis.com\/wp-content\/uploads\/2024\/08\/fernandez-golpeador.png",698,493,false],"thumbnail":["https:\/\/apuntesdesanluis.com\/wp-content\/uploads\/2024\/08\/fernandez-golpeador-150x150.png",150,150,true],"medium":["https:\/\/apuntesdesanluis.com\/wp-content\/uploads\/2024\/08\/fernandez-golpeador-300x212.png",300,212,true],"medium_large":["https:\/\/apuntesdesanluis.com\/wp-content\/uploads\/2024\/08\/fernandez-golpeador.png",640,452,false],"large":["https:\/\/apuntesdesanluis.com\/wp-content\/uploads\/2024\/08\/fernandez-golpeador.png",640,452,false],"1536x1536":["https:\/\/apuntesdesanluis.com\/wp-content\/uploads\/2024\/08\/fernandez-golpeador.png",698,493,false],"2048x2048":["https:\/\/apuntesdesanluis.com\/wp-content\/uploads\/2024\/08\/fernandez-golpeador.png",698,493,false],"newsever-slider-full":["https:\/\/apuntesdesanluis.com\/wp-content\/uploads\/2024\/08\/fernandez-golpeador.png",698,493,false],"newsever-featured":["https:\/\/apuntesdesanluis.com\/wp-content\/uploads\/2024\/08\/fernandez-golpeador.png",698,493,false],"newsever-medium":["https:\/\/apuntesdesanluis.com\/wp-content\/uploads\/2024\/08\/fernandez-golpeador-698x475.png",698,475,true]},"author_info":{"display_name":"apuntesdesanluis.com","author_link":"https:\/\/apuntesdesanluis.com\/index.php\/author\/apuntesdesanluis-com\/"},"category_info":"<a href=\"https:\/\/apuntesdesanluis.com\/index.php\/category\/opinion\/\" rel=\"category tag\">Opini\u00f3n<\/a>","tag_info":"Opini\u00f3n","comment_count":"0","_links":{"self":[{"href":"https:\/\/apuntesdesanluis.com\/index.php\/wp-json\/wp\/v2\/posts\/20686","targetHints":{"allow":["GET"]}}],"collection":[{"href":"https:\/\/apuntesdesanluis.com\/index.php\/wp-json\/wp\/v2\/posts"}],"about":[{"href":"https:\/\/apuntesdesanluis.com\/index.php\/wp-json\/wp\/v2\/types\/post"}],"author":[{"embeddable":true,"href":"https:\/\/apuntesdesanluis.com\/index.php\/wp-json\/wp\/v2\/users\/1"}],"replies":[{"embeddable":true,"href":"https:\/\/apuntesdesanluis.com\/index.php\/wp-json\/wp\/v2\/comments?post=20686"}],"version-history":[{"count":1,"href":"https:\/\/apuntesdesanluis.com\/index.php\/wp-json\/wp\/v2\/posts\/20686\/revisions"}],"predecessor-version":[{"id":20688,"href":"https:\/\/apuntesdesanluis.com\/index.php\/wp-json\/wp\/v2\/posts\/20686\/revisions\/20688"}],"wp:featuredmedia":[{"embeddable":true,"href":"https:\/\/apuntesdesanluis.com\/index.php\/wp-json\/wp\/v2\/media\/20687"}],"wp:attachment":[{"href":"https:\/\/apuntesdesanluis.com\/index.php\/wp-json\/wp\/v2\/media?parent=20686"}],"wp:term":[{"taxonomy":"category","embeddable":true,"href":"https:\/\/apuntesdesanluis.com\/index.php\/wp-json\/wp\/v2\/categories?post=20686"},{"taxonomy":"post_tag","embeddable":true,"href":"https:\/\/apuntesdesanluis.com\/index.php\/wp-json\/wp\/v2\/tags?post=20686"}],"curies":[{"name":"wp","href":"https:\/\/api.w.org\/{rel}","templated":true}]}}