{"id":20689,"date":"2024-08-11T13:08:39","date_gmt":"2024-08-11T16:08:39","guid":{"rendered":"https:\/\/apuntesdesanluis.com\/?p=20689"},"modified":"2024-08-11T13:09:49","modified_gmt":"2024-08-11T16:09:49","slug":"docentes-y-nodocentes-universitarios-ratificaron-el-paro-luego-de-la-oferta-indignante-del-gobierno","status":"publish","type":"post","link":"https:\/\/apuntesdesanluis.com\/index.php\/2024\/08\/11\/docentes-y-nodocentes-universitarios-ratificaron-el-paro-luego-de-la-oferta-indignante-del-gobierno\/","title":{"rendered":"DOCENTES Y NODOCENTES UNIVERSITARIOS RATIFICARON EL PARO LUEGO DE LA OFERTA \u201cINDIGNANTE\u201d DEL GOBIERNO"},"content":{"rendered":"<h3>El Frente Sindical de Universidades Nacionales rechaz\u00f3 el ofrecimiento de aumento del 3 por ciento para agosto y de 2,5 por ciento para septiembre, y confirm\u00f3 que no comenzar\u00e1n el segundo cuatrimestre en reclamo de una verdadera mejora salarial.<\/h3>\n<h3>Ante la liquidaci\u00f3n unilateral de un aumento para julio por parte de la secretar\u00eda de Educaci\u00f3n, los gremios universitarios anunciaron un paro para el inicio del segundo cuatrimestre, en reclamo de una \u201creal apertura\u201d de las paritarias. Hasta ahora, el gobierno de Javier Milei decidi\u00f3 cerrar las subas sin negociaci\u00f3n, con cifras que los docentes y nodocentes afirman les gener\u00f3 \u201cla peor p\u00e9rdida de ingresos de la historia\u201d, superior al 50 por ciento en pocos meses.<\/h3>\n<h3>Ante la medida de fuerza, hubo una convocatoria a los integrantes del Frente Sindical de Universidades Nacionales, para intentar de llegar a un acuerdo. Pero para sorpresa de todos, en la reuni\u00f3n no se discuti\u00f3 el porcentaje de mejora, y s\u00f3lo se anunci\u00f3 qu\u00e9 incremento se pagar\u00e1 en agosto y septiembre.<\/h3>\n<h3><strong>INDIGNACI\u00d3N<\/strong><\/h3>\n<h3>La dirigencia consider\u00f3 \u201cindignante\u201d esta situaci\u00f3n, y ratific\u00f3 el paro de este lunes 12 y las medidas de protesta y visibilizaci\u00f3n. Adem\u00e1s, los rectores de todo el pa\u00eds pidieron por los salarios de sus trabajadores, y volvieron alertar sobre el ajuste de los recursos, que en el primer semestre golpe\u00f3 fuerte al rubro educativo en general.<\/h3>\n<h3>El llamado a los gremios universitarios fue interpretado como un intento de evitar el paro del pr\u00f3ximo 12 de agosto, que har\u00e1 que en todo el pa\u00eds no inicie el segundo cuatrimestre. Pero en la cumbre en la subsecretar\u00eda de Pol\u00edticas Universitarias de la Naci\u00f3n no tuvo mayores novedades a la forma en que las autoridades libertarias en el sector vienen manejando las cosas.<\/h3>\n<h3>\u201cEn la reuni\u00f3n paritaria, se ofreci\u00f3 un aumento del 3 por ciento para agosto y de 2,5 por ciento para septiembre\u201d, confirm\u00f3 mediante un comunicado la Federaci\u00f3n de Docentes de las Universidades (FEDUN). Mediante un documento, se confirm\u00f3 el rechazo a esta oferta, considerada \u201cindignante propuesta\u201d, y se ratific\u00f3 la continuidad del plan de lucha, \u201ccon un no inicio de clases el 12 de agosto por 24 horas y un paro de 48 horas el 20 y 21 del mismo mes. Sin salarios dignos, no hay universidad de calidad\u201d.<\/h3>\n<h3>La entidad que lidera <strong>Daniel Ricci<\/strong> critic\u00f3 que \u201cel gobierno de Milei sigue realizando propuestas que se encuentran por debajo de la inflaci\u00f3n, ya que, por ejemplo en la Ciudad de Buenos Aires, de la que ya se conocen los datos, en julio hubo una inflaci\u00f3n del 5,1 por ciento y que los salarios de los docentes siguen deterior\u00e1ndose\u201d.<\/h3>\n<p><a href=\"https:\/\/x.com\/FEDUNArgentina\/status\/1822032092483440657?ref_src=twsrc%5Etfw%7Ctwcamp%5Etweetembed%7Ctwterm%5E1822032092483440657%7Ctwgr%5E5ba64d5f000155a51300178625207a1383ec625c%7Ctwcon%5Es1_&amp;ref_url=https%3A%2F%2Fd-10404700531614025019.ampproject.net%2F2406131415000%2Fframe.html\" target=\"_blank\" rel=\"noopener\"><img fetchpriority=\"high\" decoding=\"async\" class=\"wp-image-20692 aligncenter\" src=\"https:\/\/apuntesdesanluis.com\/wp-content\/uploads\/2024\/08\/FEDUN-298x300.png\" alt=\"\" width=\"603\" height=\"607\" srcset=\"https:\/\/apuntesdesanluis.com\/wp-content\/uploads\/2024\/08\/FEDUN-298x300.png 298w, https:\/\/apuntesdesanluis.com\/wp-content\/uploads\/2024\/08\/FEDUN-150x150.png 150w, https:\/\/apuntesdesanluis.com\/wp-content\/uploads\/2024\/08\/FEDUN.png 522w\" sizes=\"(max-width: 603px) 100vw, 603px\" \/><\/a><\/p>\n<h3>\u201cNo hubo negociaci\u00f3n, fue una farsa\u201d, le dijo a Data Gremial una fuente del Frente Sindical de Universidades Nacionales, luego del fracaso de la reuni\u00f3n. El malestar de los representantes de los gremios apunta a que pese a llamar a negociar, al comenzar la cumbre \u201clos funcionarios se limitaron a comunicar las cifras de los incrementos, sin dejar lugar a una verdadera discusi\u00f3n\u201d.<\/h3>\n<h3>Por eso, sin necesidad de discutirlo con sus bases, las entidades docentes y nodocentes presentes confirmaron que seguir\u00e1n con su plan de lucha. \u201cSi siguen con este modelo, la conflictividad comenzar\u00e1 va a seguir aumentando\u201d, dijo la misma fuente consultada.<\/h3>\n<h3>La convocatoria se produjo luego del anuncio del martes del Frente Sindical de Universidades Nacionales de no comenzar las clases del segundo cuatrimestre, con paros los d\u00edas 12, 13, 14, 20 y 21 de agosto. Los gremios denunciaron que en los \u00faltimos siete meses \u201cperdieron m\u00e1s del 50 por ciento del salario frente a la inflaci\u00f3n\u201d.<\/h3>\n<h3>Por su parte el gremio m\u00e1s numeroso, <strong>CONADU<\/strong>, ratific\u00f3 el paro de 72 hs para los d\u00edas 12, 13 y 14 de agosto y la convocatoria a una nueva Marcha Nacional Universitaria para la primera quincena de septiembre.<\/h3>\n<p><img decoding=\"async\" class=\"wp-image-20693 aligncenter\" src=\"https:\/\/apuntesdesanluis.com\/wp-content\/uploads\/2024\/08\/CONADU-300x199.png\" alt=\"\" width=\"632\" height=\"419\" srcset=\"https:\/\/apuntesdesanluis.com\/wp-content\/uploads\/2024\/08\/CONADU-300x199.png 300w, https:\/\/apuntesdesanluis.com\/wp-content\/uploads\/2024\/08\/CONADU.png 700w\" sizes=\"(max-width: 632px) 100vw, 632px\" \/><\/p>\n<div class=\"post_content entry-content\">\n<h3><\/h3>\n<h3>La medida se inscribe en el No Inicio del Segundo Semestre resuelto por el Frente Sindical Universitario y responde a la situaci\u00f3n de extrema gravedad que atraviesa el sector tras siete meses de ajuste sistem\u00e1tico y ataques del gobierno nacional.<\/h3>\n<h3>Con la participaci\u00f3n de 21 gremios de asociaciones de base de todo el pa\u00eds, el Plenario de Secretarios y Secretarias Generales decidi\u00f3 tambi\u00e9n ratificar la convocatoria a una nueva Marcha Nacional Universitaria a coordinar con el conjunto de la Comunidad Universitaria para la primer quincena de septiembre.<\/h3>\n<h3>\u201c<em>Con esta medida, convocamos al conjunto de la Comunidad Universitaria a retomar un Plan de Lucha que permita volver a visibilizar nuestra situaci\u00f3n. Cuando dimos a conocer la medida, el gobierno volvi\u00f3 a convocar a la paritaria para este viernes, pero no tenemos gran expectativa despu\u00e9s de un primer semestre en el que lejos de haberse resuelto, el conflicto universitario se ha profundizado de la mano del ajuste sistem\u00e1tico sobre trabajadores y jubilados<\/em>\u201d, se\u00f1al\u00f3 <strong>Carlos de Feo<\/strong>.<\/h3>\n<\/div>\n<h3><strong>PEDIDO DE LOS RECTORES<\/strong><\/h3>\n<h3>Antes de la cumbre, en el marco de una reuni\u00f3n del Consejo Interuniversitario Nacional (CIN), los rectores de todo el pa\u00eds respaldaron el pedido de los gremios, pese a que las medidas de fuerza generar\u00e1n el no inicio de clases.<\/h3>\n<h3>En su declaraci\u00f3n final, la entidad manifest\u00f3 \u201csu preocupaci\u00f3n por el alarmante y cr\u00edtico deterioro salarial de trabajadoras y trabajadores, situaci\u00f3n que ha llevado a tramos iniciales a ubicarse por debajo de la l\u00ednea de pobreza\u201d, e inst\u00f3 a \u201creclamar a las autoridades nacionales una urgente recomposici\u00f3n salarial a trav\u00e9s de paritarias libres, que permita recuperar el poder adquisitivo, con el objetivo de garantizar las condiciones laborales acordes a la misi\u00f3n de la universidad p\u00fablica\u201d.<\/h3>\n<h3>En este mismo sentido, el texto remarca que la situaci\u00f3n salarial en el sistema universitario es \u201cextremadamente cr\u00edtica\u201d, con especial \u00e9nfasis para trabajadoras y trabajadores de menor antig\u00fcedad, ya que desde diciembre de 2023 no se ha actualizado la garant\u00eda salarial.<\/h3>\n<p><a href=\"https:\/\/x.com\/CINoficial\/status\/1821315425533358105?ref_src=twsrc%5Etfw%7Ctwcamp%5Etweetembed%7Ctwterm%5E1821315425533358105%7Ctwgr%5E1fe45d7e6fb7049001dc84bf5e2ba6936f344fe9%7Ctwcon%5Es1_&amp;ref_url=https%3A%2F%2Fd-10404700531614025019.ampproject.net%2F2406131415000%2Fframe.html\" target=\"_blank\" rel=\"noopener\"><img decoding=\"async\" class=\"wp-image-20691 aligncenter\" src=\"https:\/\/apuntesdesanluis.com\/wp-content\/uploads\/2024\/08\/CIN-300x283.png\" alt=\"\" width=\"620\" height=\"585\" srcset=\"https:\/\/apuntesdesanluis.com\/wp-content\/uploads\/2024\/08\/CIN-300x283.png 300w, https:\/\/apuntesdesanluis.com\/wp-content\/uploads\/2024\/08\/CIN.png 557w\" sizes=\"(max-width: 620px) 100vw, 620px\" \/><\/a><\/p>\n<h3>El CIN afirma en su comunicado que \u201ces cierta la afirmaci\u00f3n contenida en el comunicado del Ministerio de Capital Humano respecto al incremento salarial del 71 por ciento otorgado de diciembre a julio de este a\u00f1o. Lo que no dice es que, en el mismo per\u00edodo de tiempo, la inflaci\u00f3n fue superior al 120 por ciento, por lo que, entre noviembre de 2023 y julio de 2024, el salario del personal universitario registr\u00f3 una ca\u00edda del 45 por ciento en t\u00e9rminos reales, ubicando a numerosos trabajadores, especialmente en los tramos iniciales, por debajo de la l\u00ednea de pobreza, situaci\u00f3n que afecta a alrededor del 50 por ciento del total del personal\u201d.<\/h3>\n<h3>Por \u00faltimo, remarca la lamentable condici\u00f3n hist\u00f3rica de esta situaci\u00f3n salarial: \u201cNunca en los 40 a\u00f1os de democracia las condiciones fueron tan desfavorables. Y esta situaci\u00f3n, que afecta a millones de trabajadores de la educaci\u00f3n en todo el pa\u00eds, pone en grave riesgo la sostenibilidad de la universidad p\u00fablica y su capacidad para cumplir con excelencia su misi\u00f3n\u201d.<\/h3>\n<h3><strong>SIGUE EL AJUSTE<\/strong><\/h3>\n<h3>Desde el inicio de la gesti\u00f3n libertaria, la aplicaci\u00f3n de la motosierra en el gasto p\u00fablico tuvo a las universidades nacionales como uno de sus rubros m\u00e1s castigados. La educaci\u00f3n en general fue v\u00edctima del ajuste fiscal, retirando aportes nacionales que hicieron que las provincias tuvieran varios conflictos, sobre todo salariales. En un reciente informe, realizado por el Centro de Econom\u00eda Pol\u00edtica Argentina (CEPA) analiz\u00f3 c\u00f3mo impacto este mecanismo en todo el rubro educativo.<\/h3>\n<h3>En esta materia, resalt\u00f3 el informe al que tuvo acceso Data Gremial, \u201cse observa fuertes ca\u00eddas en la ejecuci\u00f3n de partidas sensibles como el Fondo Nacional de Incentivo Docente (-97 por ciento en la ejecuci\u00f3n base caja), el Programa Conectar Igualdad (-86 por ciento) y el programa de Infraestructura y Equipamiento de la Secretar\u00eda de Educaci\u00f3n (-98 por ciento)\u201d. Sobre el FONID, que gener\u00f3 una baja salarial en los docentes del nivel medio e inicial, \u201csi bien tuvo una ca\u00edda en su ejecuci\u00f3n devengada del 88 por ciento, si se analiza en base caja, dicha ca\u00edda asciende al 97 por ciento. Esto est\u00e1 en l\u00ednea \u201ccon lo manifestado por el gobierno nacional en el sentido de eliminar este fondo, lo que implicar\u00eda un recorte nominal de los salarios docentes de entre el 10 y 20 por ciento de acuerdo a cada distrito\u201d.<\/h3>\n<h3>Por otro lado, otros dos programas con fuertes ca\u00eddas en su ejecuci\u00f3n son el Conectar Igualdad con una ca\u00edda del 86 por ciento, y el de Becas Estudiantiles, cayendo 64 por ciento, lo cual puede comprometer el acceso a la educaci\u00f3n a sectores de menores recursos.<\/h3>\n<h3>Entre las principales conclusiones del informe se destaca que \u201cse detect\u00f3 una fuerte ca\u00edda de la ejecuci\u00f3n real respecto al mismo per\u00edodo del a\u00f1o 2023, del orden del -30 por ciento, lo cual implica un significativo ajuste del gasto p\u00fablico en \u00e1reas sensibles de la administraci\u00f3n\u201d. Paralelamente, agregaron, \u201cse verific\u00f3 un gran peso de los servicios de deuda p\u00fablica dentro de la estructura de gastos, de tal forma que dicha funci\u00f3n represent\u00f3 nada menos que el 11 por ciento del total de gastos\u201d.<\/h3>\n<p><img loading=\"lazy\" decoding=\"async\" class=\"wp-image-20694 aligncenter\" src=\"https:\/\/apuntesdesanluis.com\/wp-content\/uploads\/2024\/08\/Imagen-de-WhatsApp-2024-08-10-a-las-11.31.19_cc847544-193x300.jpg\" alt=\"\" width=\"514\" height=\"799\" srcset=\"https:\/\/apuntesdesanluis.com\/wp-content\/uploads\/2024\/08\/Imagen-de-WhatsApp-2024-08-10-a-las-11.31.19_cc847544-193x300.jpg 193w, https:\/\/apuntesdesanluis.com\/wp-content\/uploads\/2024\/08\/Imagen-de-WhatsApp-2024-08-10-a-las-11.31.19_cc847544.jpg 574w\" sizes=\"(max-width: 514px) 100vw, 514px\" \/><\/p>\n<p>&nbsp;<\/p>\n<p>&nbsp;<\/p>\n<p>&nbsp;<\/p>\n<p>&nbsp;<\/p>\n<p>&nbsp;<\/p>\n<p>&nbsp;<\/p>\n<p>&nbsp;<\/p>\n","protected":false},"excerpt":{"rendered":"<p>El Frente Sindical de Universidades Nacionales rechaz\u00f3 el ofrecimiento de aumento del 3 por ciento&#8230;<\/p>\n","protected":false},"author":1,"featured_media":20690,"comment_status":"closed","ping_status":"closed","sticky":false,"template":"","format":"standard","meta":{"footnotes":""},"categories":[5],"tags":[],"class_list":["post-20689","post","type-post","status-publish","format-standard","has-post-thumbnail","hentry","category-nacionales-internacionales"],"yoast_head":"<!-- This site is optimized with the Yoast SEO plugin v26.1.1 - https:\/\/yoast.com\/wordpress\/plugins\/seo\/ -->\n<title>DOCENTES Y NODOCENTES UNIVERSITARIOS RATIFICARON EL PARO LUEGO DE LA OFERTA \u201cINDIGNANTE\u201d DEL GOBIERNO - Apuntes de San Luis<\/title>\n<meta name=\"robots\" content=\"index, follow, max-snippet:-1, max-image-preview:large, max-video-preview:-1\" \/>\n<link rel=\"canonical\" href=\"https:\/\/apuntesdesanluis.com\/index.php\/2024\/08\/11\/docentes-y-nodocentes-universitarios-ratificaron-el-paro-luego-de-la-oferta-indignante-del-gobierno\/\" \/>\n<meta property=\"og:locale\" content=\"es_ES\" \/>\n<meta property=\"og:type\" content=\"article\" \/>\n<meta property=\"og:title\" content=\"DOCENTES Y NODOCENTES UNIVERSITARIOS RATIFICARON EL PARO LUEGO DE LA OFERTA \u201cINDIGNANTE\u201d DEL GOBIERNO - Apuntes de San Luis\" \/>\n<meta property=\"og:description\" content=\"El Frente Sindical de Universidades Nacionales rechaz\u00f3 el ofrecimiento de aumento del 3 por ciento...\" \/>\n<meta property=\"og:url\" content=\"https:\/\/apuntesdesanluis.com\/index.php\/2024\/08\/11\/docentes-y-nodocentes-universitarios-ratificaron-el-paro-luego-de-la-oferta-indignante-del-gobierno\/\" \/>\n<meta property=\"og:site_name\" content=\"Apuntes de San Luis\" \/>\n<meta property=\"article:published_time\" content=\"2024-08-11T16:08:39+00:00\" \/>\n<meta property=\"article:modified_time\" content=\"2024-08-11T16:09:49+00:00\" \/>\n<meta property=\"og:image\" content=\"https:\/\/apuntesdesanluis.com\/wp-content\/uploads\/2024\/08\/paro-en-universidades.png\" \/>\n\t<meta property=\"og:image:width\" content=\"683\" \/>\n\t<meta property=\"og:image:height\" content=\"412\" \/>\n\t<meta property=\"og:image:type\" content=\"image\/png\" \/>\n<meta name=\"author\" content=\"apuntesdesanluis.com\" \/>\n<meta name=\"twitter:card\" content=\"summary_large_image\" \/>\n<meta name=\"twitter:label1\" content=\"Escrito por\" \/>\n\t<meta name=\"twitter:data1\" content=\"apuntesdesanluis.com\" \/>\n\t<meta name=\"twitter:label2\" content=\"Tiempo de lectura\" \/>\n\t<meta name=\"twitter:data2\" content=\"8 minutos\" \/>\n<script type=\"application\/ld+json\" class=\"yoast-schema-graph\">{\"@context\":\"https:\/\/schema.org\",\"@graph\":[{\"@type\":\"Article\",\"@id\":\"https:\/\/apuntesdesanluis.com\/index.php\/2024\/08\/11\/docentes-y-nodocentes-universitarios-ratificaron-el-paro-luego-de-la-oferta-indignante-del-gobierno\/#article\",\"isPartOf\":{\"@id\":\"https:\/\/apuntesdesanluis.com\/index.php\/2024\/08\/11\/docentes-y-nodocentes-universitarios-ratificaron-el-paro-luego-de-la-oferta-indignante-del-gobierno\/\"},\"author\":{\"name\":\"apuntesdesanluis.com\",\"@id\":\"https:\/\/apuntesdesanluis.com\/#\/schema\/person\/b55151d52296fcce64d1a72538a70b90\"},\"headline\":\"DOCENTES Y NODOCENTES UNIVERSITARIOS RATIFICARON EL PARO LUEGO DE LA OFERTA \u201cINDIGNANTE\u201d DEL GOBIERNO\",\"datePublished\":\"2024-08-11T16:08:39+00:00\",\"dateModified\":\"2024-08-11T16:09:49+00:00\",\"mainEntityOfPage\":{\"@id\":\"https:\/\/apuntesdesanluis.com\/index.php\/2024\/08\/11\/docentes-y-nodocentes-universitarios-ratificaron-el-paro-luego-de-la-oferta-indignante-del-gobierno\/\"},\"wordCount\":1559,\"publisher\":{\"@id\":\"https:\/\/apuntesdesanluis.com\/#\/schema\/person\/b55151d52296fcce64d1a72538a70b90\"},\"image\":{\"@id\":\"https:\/\/apuntesdesanluis.com\/index.php\/2024\/08\/11\/docentes-y-nodocentes-universitarios-ratificaron-el-paro-luego-de-la-oferta-indignante-del-gobierno\/#primaryimage\"},\"thumbnailUrl\":\"https:\/\/apuntesdesanluis.com\/wp-content\/uploads\/2024\/08\/paro-en-universidades.png\",\"articleSection\":[\"Nacionales\/Internacionales\"],\"inLanguage\":\"es-AR\"},{\"@type\":\"WebPage\",\"@id\":\"https:\/\/apuntesdesanluis.com\/index.php\/2024\/08\/11\/docentes-y-nodocentes-universitarios-ratificaron-el-paro-luego-de-la-oferta-indignante-del-gobierno\/\",\"url\":\"https:\/\/apuntesdesanluis.com\/index.php\/2024\/08\/11\/docentes-y-nodocentes-universitarios-ratificaron-el-paro-luego-de-la-oferta-indignante-del-gobierno\/\",\"name\":\"DOCENTES Y NODOCENTES UNIVERSITARIOS RATIFICARON EL PARO LUEGO DE LA OFERTA \u201cINDIGNANTE\u201d DEL GOBIERNO - Apuntes de San Luis\",\"isPartOf\":{\"@id\":\"https:\/\/apuntesdesanluis.com\/#website\"},\"primaryImageOfPage\":{\"@id\":\"https:\/\/apuntesdesanluis.com\/index.php\/2024\/08\/11\/docentes-y-nodocentes-universitarios-ratificaron-el-paro-luego-de-la-oferta-indignante-del-gobierno\/#primaryimage\"},\"image\":{\"@id\":\"https:\/\/apuntesdesanluis.com\/index.php\/2024\/08\/11\/docentes-y-nodocentes-universitarios-ratificaron-el-paro-luego-de-la-oferta-indignante-del-gobierno\/#primaryimage\"},\"thumbnailUrl\":\"https:\/\/apuntesdesanluis.com\/wp-content\/uploads\/2024\/08\/paro-en-universidades.png\",\"datePublished\":\"2024-08-11T16:08:39+00:00\",\"dateModified\":\"2024-08-11T16:09:49+00:00\",\"breadcrumb\":{\"@id\":\"https:\/\/apuntesdesanluis.com\/index.php\/2024\/08\/11\/docentes-y-nodocentes-universitarios-ratificaron-el-paro-luego-de-la-oferta-indignante-del-gobierno\/#breadcrumb\"},\"inLanguage\":\"es-AR\",\"potentialAction\":[{\"@type\":\"ReadAction\",\"target\":[\"https:\/\/apuntesdesanluis.com\/index.php\/2024\/08\/11\/docentes-y-nodocentes-universitarios-ratificaron-el-paro-luego-de-la-oferta-indignante-del-gobierno\/\"]}]},{\"@type\":\"ImageObject\",\"inLanguage\":\"es-AR\",\"@id\":\"https:\/\/apuntesdesanluis.com\/index.php\/2024\/08\/11\/docentes-y-nodocentes-universitarios-ratificaron-el-paro-luego-de-la-oferta-indignante-del-gobierno\/#primaryimage\",\"url\":\"https:\/\/apuntesdesanluis.com\/wp-content\/uploads\/2024\/08\/paro-en-universidades.png\",\"contentUrl\":\"https:\/\/apuntesdesanluis.com\/wp-content\/uploads\/2024\/08\/paro-en-universidades.png\",\"width\":683,\"height\":412},{\"@type\":\"BreadcrumbList\",\"@id\":\"https:\/\/apuntesdesanluis.com\/index.php\/2024\/08\/11\/docentes-y-nodocentes-universitarios-ratificaron-el-paro-luego-de-la-oferta-indignante-del-gobierno\/#breadcrumb\",\"itemListElement\":[{\"@type\":\"ListItem\",\"position\":1,\"name\":\"Inicio\",\"item\":\"https:\/\/apuntesdesanluis.com\/\"},{\"@type\":\"ListItem\",\"position\":2,\"name\":\"DOCENTES Y NODOCENTES UNIVERSITARIOS RATIFICARON EL PARO LUEGO DE LA OFERTA \u201cINDIGNANTE\u201d DEL GOBIERNO\"}]},{\"@type\":\"WebSite\",\"@id\":\"https:\/\/apuntesdesanluis.com\/#website\",\"url\":\"https:\/\/apuntesdesanluis.com\/\",\"name\":\"Apuntes de San Luis\",\"description\":\"\",\"publisher\":{\"@id\":\"https:\/\/apuntesdesanluis.com\/#\/schema\/person\/b55151d52296fcce64d1a72538a70b90\"},\"potentialAction\":[{\"@type\":\"SearchAction\",\"target\":{\"@type\":\"EntryPoint\",\"urlTemplate\":\"https:\/\/apuntesdesanluis.com\/?s={search_term_string}\"},\"query-input\":{\"@type\":\"PropertyValueSpecification\",\"valueRequired\":true,\"valueName\":\"search_term_string\"}}],\"inLanguage\":\"es-AR\"},{\"@type\":[\"Person\",\"Organization\"],\"@id\":\"https:\/\/apuntesdesanluis.com\/#\/schema\/person\/b55151d52296fcce64d1a72538a70b90\",\"name\":\"apuntesdesanluis.com\",\"image\":{\"@type\":\"ImageObject\",\"inLanguage\":\"es-AR\",\"@id\":\"https:\/\/apuntesdesanluis.com\/#\/schema\/person\/image\/\",\"url\":\"https:\/\/apuntesdesanluis.com\/wp-content\/uploads\/2023\/07\/cropped-apuntesdesanluis.png\",\"contentUrl\":\"https:\/\/apuntesdesanluis.com\/wp-content\/uploads\/2023\/07\/cropped-apuntesdesanluis.png\",\"width\":450,\"height\":112,\"caption\":\"apuntesdesanluis.com\"},\"logo\":{\"@id\":\"https:\/\/apuntesdesanluis.com\/#\/schema\/person\/image\/\"},\"sameAs\":[\"https:\/\/apuntesdesanluis.com\"],\"url\":\"https:\/\/apuntesdesanluis.com\/index.php\/author\/apuntesdesanluis-com\/\"}]}<\/script>\n<!-- \/ Yoast SEO plugin. -->","yoast_head_json":{"title":"DOCENTES Y NODOCENTES UNIVERSITARIOS RATIFICARON EL PARO LUEGO DE LA OFERTA \u201cINDIGNANTE\u201d DEL GOBIERNO - Apuntes de San Luis","robots":{"index":"index","follow":"follow","max-snippet":"max-snippet:-1","max-image-preview":"max-image-preview:large","max-video-preview":"max-video-preview:-1"},"canonical":"https:\/\/apuntesdesanluis.com\/index.php\/2024\/08\/11\/docentes-y-nodocentes-universitarios-ratificaron-el-paro-luego-de-la-oferta-indignante-del-gobierno\/","og_locale":"es_ES","og_type":"article","og_title":"DOCENTES Y NODOCENTES UNIVERSITARIOS RATIFICARON EL PARO LUEGO DE LA OFERTA \u201cINDIGNANTE\u201d DEL GOBIERNO - Apuntes de San Luis","og_description":"El Frente Sindical de Universidades Nacionales rechaz\u00f3 el ofrecimiento de aumento del 3 por ciento...","og_url":"https:\/\/apuntesdesanluis.com\/index.php\/2024\/08\/11\/docentes-y-nodocentes-universitarios-ratificaron-el-paro-luego-de-la-oferta-indignante-del-gobierno\/","og_site_name":"Apuntes de San Luis","article_published_time":"2024-08-11T16:08:39+00:00","article_modified_time":"2024-08-11T16:09:49+00:00","og_image":[{"width":683,"height":412,"url":"https:\/\/apuntesdesanluis.com\/wp-content\/uploads\/2024\/08\/paro-en-universidades.png","type":"image\/png"}],"author":"apuntesdesanluis.com","twitter_card":"summary_large_image","twitter_misc":{"Escrito por":"apuntesdesanluis.com","Tiempo de lectura":"8 minutos"},"schema":{"@context":"https:\/\/schema.org","@graph":[{"@type":"Article","@id":"https:\/\/apuntesdesanluis.com\/index.php\/2024\/08\/11\/docentes-y-nodocentes-universitarios-ratificaron-el-paro-luego-de-la-oferta-indignante-del-gobierno\/#article","isPartOf":{"@id":"https:\/\/apuntesdesanluis.com\/index.php\/2024\/08\/11\/docentes-y-nodocentes-universitarios-ratificaron-el-paro-luego-de-la-oferta-indignante-del-gobierno\/"},"author":{"name":"apuntesdesanluis.com","@id":"https:\/\/apuntesdesanluis.com\/#\/schema\/person\/b55151d52296fcce64d1a72538a70b90"},"headline":"DOCENTES Y NODOCENTES UNIVERSITARIOS RATIFICARON EL PARO LUEGO DE LA OFERTA \u201cINDIGNANTE\u201d DEL GOBIERNO","datePublished":"2024-08-11T16:08:39+00:00","dateModified":"2024-08-11T16:09:49+00:00","mainEntityOfPage":{"@id":"https:\/\/apuntesdesanluis.com\/index.php\/2024\/08\/11\/docentes-y-nodocentes-universitarios-ratificaron-el-paro-luego-de-la-oferta-indignante-del-gobierno\/"},"wordCount":1559,"publisher":{"@id":"https:\/\/apuntesdesanluis.com\/#\/schema\/person\/b55151d52296fcce64d1a72538a70b90"},"image":{"@id":"https:\/\/apuntesdesanluis.com\/index.php\/2024\/08\/11\/docentes-y-nodocentes-universitarios-ratificaron-el-paro-luego-de-la-oferta-indignante-del-gobierno\/#primaryimage"},"thumbnailUrl":"https:\/\/apuntesdesanluis.com\/wp-content\/uploads\/2024\/08\/paro-en-universidades.png","articleSection":["Nacionales\/Internacionales"],"inLanguage":"es-AR"},{"@type":"WebPage","@id":"https:\/\/apuntesdesanluis.com\/index.php\/2024\/08\/11\/docentes-y-nodocentes-universitarios-ratificaron-el-paro-luego-de-la-oferta-indignante-del-gobierno\/","url":"https:\/\/apuntesdesanluis.com\/index.php\/2024\/08\/11\/docentes-y-nodocentes-universitarios-ratificaron-el-paro-luego-de-la-oferta-indignante-del-gobierno\/","name":"DOCENTES Y NODOCENTES UNIVERSITARIOS RATIFICARON EL PARO LUEGO DE LA OFERTA \u201cINDIGNANTE\u201d DEL GOBIERNO - Apuntes de San Luis","isPartOf":{"@id":"https:\/\/apuntesdesanluis.com\/#website"},"primaryImageOfPage":{"@id":"https:\/\/apuntesdesanluis.com\/index.php\/2024\/08\/11\/docentes-y-nodocentes-universitarios-ratificaron-el-paro-luego-de-la-oferta-indignante-del-gobierno\/#primaryimage"},"image":{"@id":"https:\/\/apuntesdesanluis.com\/index.php\/2024\/08\/11\/docentes-y-nodocentes-universitarios-ratificaron-el-paro-luego-de-la-oferta-indignante-del-gobierno\/#primaryimage"},"thumbnailUrl":"https:\/\/apuntesdesanluis.com\/wp-content\/uploads\/2024\/08\/paro-en-universidades.png","datePublished":"2024-08-11T16:08:39+00:00","dateModified":"2024-08-11T16:09:49+00:00","breadcrumb":{"@id":"https:\/\/apuntesdesanluis.com\/index.php\/2024\/08\/11\/docentes-y-nodocentes-universitarios-ratificaron-el-paro-luego-de-la-oferta-indignante-del-gobierno\/#breadcrumb"},"inLanguage":"es-AR","potentialAction":[{"@type":"ReadAction","target":["https:\/\/apuntesdesanluis.com\/index.php\/2024\/08\/11\/docentes-y-nodocentes-universitarios-ratificaron-el-paro-luego-de-la-oferta-indignante-del-gobierno\/"]}]},{"@type":"ImageObject","inLanguage":"es-AR","@id":"https:\/\/apuntesdesanluis.com\/index.php\/2024\/08\/11\/docentes-y-nodocentes-universitarios-ratificaron-el-paro-luego-de-la-oferta-indignante-del-gobierno\/#primaryimage","url":"https:\/\/apuntesdesanluis.com\/wp-content\/uploads\/2024\/08\/paro-en-universidades.png","contentUrl":"https:\/\/apuntesdesanluis.com\/wp-content\/uploads\/2024\/08\/paro-en-universidades.png","width":683,"height":412},{"@type":"BreadcrumbList","@id":"https:\/\/apuntesdesanluis.com\/index.php\/2024\/08\/11\/docentes-y-nodocentes-universitarios-ratificaron-el-paro-luego-de-la-oferta-indignante-del-gobierno\/#breadcrumb","itemListElement":[{"@type":"ListItem","position":1,"name":"Inicio","item":"https:\/\/apuntesdesanluis.com\/"},{"@type":"ListItem","position":2,"name":"DOCENTES Y NODOCENTES UNIVERSITARIOS RATIFICARON EL PARO LUEGO DE LA OFERTA \u201cINDIGNANTE\u201d DEL GOBIERNO"}]},{"@type":"WebSite","@id":"https:\/\/apuntesdesanluis.com\/#website","url":"https:\/\/apuntesdesanluis.com\/","name":"Apuntes de San Luis","description":"","publisher":{"@id":"https:\/\/apuntesdesanluis.com\/#\/schema\/person\/b55151d52296fcce64d1a72538a70b90"},"potentialAction":[{"@type":"SearchAction","target":{"@type":"EntryPoint","urlTemplate":"https:\/\/apuntesdesanluis.com\/?s={search_term_string}"},"query-input":{"@type":"PropertyValueSpecification","valueRequired":true,"valueName":"search_term_string"}}],"inLanguage":"es-AR"},{"@type":["Person","Organization"],"@id":"https:\/\/apuntesdesanluis.com\/#\/schema\/person\/b55151d52296fcce64d1a72538a70b90","name":"apuntesdesanluis.com","image":{"@type":"ImageObject","inLanguage":"es-AR","@id":"https:\/\/apuntesdesanluis.com\/#\/schema\/person\/image\/","url":"https:\/\/apuntesdesanluis.com\/wp-content\/uploads\/2023\/07\/cropped-apuntesdesanluis.png","contentUrl":"https:\/\/apuntesdesanluis.com\/wp-content\/uploads\/2023\/07\/cropped-apuntesdesanluis.png","width":450,"height":112,"caption":"apuntesdesanluis.com"},"logo":{"@id":"https:\/\/apuntesdesanluis.com\/#\/schema\/person\/image\/"},"sameAs":["https:\/\/apuntesdesanluis.com"],"url":"https:\/\/apuntesdesanluis.com\/index.php\/author\/apuntesdesanluis-com\/"}]}},"featured_image_urls":{"full":["https:\/\/apuntesdesanluis.com\/wp-content\/uploads\/2024\/08\/paro-en-universidades.png",683,412,false],"thumbnail":["https:\/\/apuntesdesanluis.com\/wp-content\/uploads\/2024\/08\/paro-en-universidades-150x150.png",150,150,true],"medium":["https:\/\/apuntesdesanluis.com\/wp-content\/uploads\/2024\/08\/paro-en-universidades-300x181.png",300,181,true],"medium_large":["https:\/\/apuntesdesanluis.com\/wp-content\/uploads\/2024\/08\/paro-en-universidades.png",640,386,false],"large":["https:\/\/apuntesdesanluis.com\/wp-content\/uploads\/2024\/08\/paro-en-universidades.png",640,386,false],"1536x1536":["https:\/\/apuntesdesanluis.com\/wp-content\/uploads\/2024\/08\/paro-en-universidades.png",683,412,false],"2048x2048":["https:\/\/apuntesdesanluis.com\/wp-content\/uploads\/2024\/08\/paro-en-universidades.png",683,412,false],"newsever-slider-full":["https:\/\/apuntesdesanluis.com\/wp-content\/uploads\/2024\/08\/paro-en-universidades.png",683,412,false],"newsever-featured":["https:\/\/apuntesdesanluis.com\/wp-content\/uploads\/2024\/08\/paro-en-universidades.png",683,412,false],"newsever-medium":["https:\/\/apuntesdesanluis.com\/wp-content\/uploads\/2024\/08\/paro-en-universidades.png",683,412,false]},"author_info":{"display_name":"apuntesdesanluis.com","author_link":"https:\/\/apuntesdesanluis.com\/index.php\/author\/apuntesdesanluis-com\/"},"category_info":"<a href=\"https:\/\/apuntesdesanluis.com\/index.php\/category\/nacionales-internacionales\/\" rel=\"category tag\">Nacionales\/Internacionales<\/a>","tag_info":"Nacionales\/Internacionales","comment_count":"0","_links":{"self":[{"href":"https:\/\/apuntesdesanluis.com\/index.php\/wp-json\/wp\/v2\/posts\/20689","targetHints":{"allow":["GET"]}}],"collection":[{"href":"https:\/\/apuntesdesanluis.com\/index.php\/wp-json\/wp\/v2\/posts"}],"about":[{"href":"https:\/\/apuntesdesanluis.com\/index.php\/wp-json\/wp\/v2\/types\/post"}],"author":[{"embeddable":true,"href":"https:\/\/apuntesdesanluis.com\/index.php\/wp-json\/wp\/v2\/users\/1"}],"replies":[{"embeddable":true,"href":"https:\/\/apuntesdesanluis.com\/index.php\/wp-json\/wp\/v2\/comments?post=20689"}],"version-history":[{"count":3,"href":"https:\/\/apuntesdesanluis.com\/index.php\/wp-json\/wp\/v2\/posts\/20689\/revisions"}],"predecessor-version":[{"id":20697,"href":"https:\/\/apuntesdesanluis.com\/index.php\/wp-json\/wp\/v2\/posts\/20689\/revisions\/20697"}],"wp:featuredmedia":[{"embeddable":true,"href":"https:\/\/apuntesdesanluis.com\/index.php\/wp-json\/wp\/v2\/media\/20690"}],"wp:attachment":[{"href":"https:\/\/apuntesdesanluis.com\/index.php\/wp-json\/wp\/v2\/media?parent=20689"}],"wp:term":[{"taxonomy":"category","embeddable":true,"href":"https:\/\/apuntesdesanluis.com\/index.php\/wp-json\/wp\/v2\/categories?post=20689"},{"taxonomy":"post_tag","embeddable":true,"href":"https:\/\/apuntesdesanluis.com\/index.php\/wp-json\/wp\/v2\/tags?post=20689"}],"curies":[{"name":"wp","href":"https:\/\/api.w.org\/{rel}","templated":true}]}}