{"id":20698,"date":"2024-08-11T13:25:51","date_gmt":"2024-08-11T16:25:51","guid":{"rendered":"https:\/\/apuntesdesanluis.com\/?p=20698"},"modified":"2024-08-11T13:25:51","modified_gmt":"2024-08-11T16:25:51","slug":"ayelen-mazzina-en-el-ojo-de-la-tormenta-por-el-escandalo-de-la-violencia-contra-fabiola-yanez","status":"publish","type":"post","link":"https:\/\/apuntesdesanluis.com\/index.php\/2024\/08\/11\/ayelen-mazzina-en-el-ojo-de-la-tormenta-por-el-escandalo-de-la-violencia-contra-fabiola-yanez\/","title":{"rendered":"AYEL\u00c9N MAZZINA, EN EL OJO DE LA TORMENTA POR EL ESC\u00c1NDALO DE LA VIOLENCIA CONTRA FABIOLA Y\u00c1\u00d1EZ"},"content":{"rendered":"<h3>Aunque no dio nombres, la ex Primera Dama aludi\u00f3 al per\u00edodo en el cual <strong>Ayel\u00e9n Mazzina<\/strong> era la titular de esa cartera. Dijo que la persona a la cual le mostr\u00f3 las fotos en ese momento la llam\u00f3 ahora, estallado el esc\u00e1ndalo, para negar que ella le hubiese pedido asistencia.<\/h3>\n<h3>Durante la entrevista que brind\u00f3 en exclusiva a Infobae, la ex Primera Dama <strong>Fabiola Ya\u00f1ez<\/strong> brind\u00f3 detalles de los actos de violencia de g\u00e9nero y terrorismo psicol\u00f3gico a los que fue sometida por el expresidente Alberto Fern\u00e1ndez y fromul\u00f3 duras cr\u00edticas contra el Ministerio de Mujer. Este organismo, creado durante la presidencia de Fern\u00e1ndez para la promoci\u00f3n e implementaci\u00f3n de pol\u00edticas transversales de g\u00e9nero, fue justamente el que le habr\u00eda dado la espalda ante sus pedidos.<\/h3>\n<h3>\u201cFui a buscar ayuda a la persona que ten\u00eda la responsabilidad de velar por eso. Fui al Ministerio de la Mujer a pedir ayuda\u201d, dijo Fabiola. Pero nadie la asisti\u00f3. Incluso, record\u00f3 que tampoco lo hicieron cuando distintas personalidades salieron a decir \u201cbarbaridades\u201d sobre ella en los medios de comunicaci\u00f3n.<\/h3>\n<h3>\u201c\u00bfCu\u00e1ndo me defendieron a m\u00ed, cuando dec\u00edan cualquier barbaridad? \u00bfCu\u00e1ndo sali\u00f3 algunas de esas personas pertenecientes a ese ministerio?, \u00bfCu\u00e1ndo las vieron? Porque a m\u00ed me maltrataron durante 5 a\u00f1os\u201d, se pregunt\u00f3 al borde de las l\u00e1grimas la ex Primera Dama.<\/h3>\n<p><iframe title=\"FABIOLA Y\u00c1\u00d1EZ PIDI\u00d3 AYUDA AL MINISTERIO DE LA MUJER PERO NADIE LA ASISTI\u00d3\" width=\"640\" height=\"360\" src=\"https:\/\/www.youtube.com\/embed\/5--uEBy1Jq4?feature=oembed\" frameborder=\"0\" allow=\"accelerometer; autoplay; clipboard-write; encrypted-media; gyroscope; picture-in-picture; web-share\" referrerpolicy=\"strict-origin-when-cross-origin\" allowfullscreen><\/iframe><\/p>\n<h3>Asegur\u00f3 que mostr\u00f3 las fotos de los golpes y pidi\u00f3 ayuda. \u201cLa persona las vio, pero ahora me envi\u00f3 un mensaje diciendo \u2018vos nunca pediste ayuda, dijiste que ibas a venir al ministerio\u2019. Si yo iba al Ministerio, sal\u00eda en los diarios\u201d, se defendi\u00f3 Fabiola Ya\u00f1ez, ante los dichos de la funcionaria a la cual acudi\u00f3. Por el momento en que dice que lo hizo, se trata de la gesti\u00f3n de Ayel\u00e9n Mazzina en el organismo encargado de defender el derecho de las mujeres.<\/h3>\n<h3>\u201cEllos no me dijeron nada. Me dec\u00edan \u2018ven\u00ed a verme al despacho, estoy con vos\u2019, pero nada m\u00e1s. Si est\u00e1s viendo una situaci\u00f3n as\u00ed, \u00bfyo tengo que ir a tu despacho?\u201d, retruc\u00f3 Fabiola ante el desamparo que padeci\u00f3 por las personas que ten\u00edan la misi\u00f3n de combatir la violencia de g\u00e9nero.<\/h3>\n<h3>Al ser consultada sobre qui\u00e9n m\u00e1s del entorno cercano sab\u00eda que Alberto Fern\u00e1ndez la golpeaba, ella se\u00f1al\u00f3 a la secretaria del expresidente: \u201cElla sab\u00eda lo que estaba sufriendo\u201d.<\/h3>\n<h3>Pero no fue la \u00fanica. \u201cHab\u00eda gente que lo sab\u00eda porque se lo dijo a la gente m\u00e1s allegada a \u00e9l. Lo sab\u00edan y no hicieron nada. He tenido que escuchar a amigos decir \u2018tengo cargo de conciencia porque sab\u00eda y ten\u00eda el poder de decirles que hicieran algo\u2019. Yo se los dije, pero nadie hizo nada\u201d, reiter\u00f3 sobre la indiferencia de la mayor\u00eda que la rodeaba.<\/h3>\n<h3>A lo largo de esta entrevista, la ex pareja de Alberto Fern\u00e1ndez tambi\u00e9n detall\u00f3 las infidelidades que sufri\u00f3 y las acusaciones de las que fue v\u00edctima. Adem\u00e1s, desminti\u00f3 rumores sobre su vida en Madrid y replic\u00f3 las versiones acerca de la paternidad de su hijo.<\/h3>\n<h3>\u201cHan dicho que vivo una vida de lujo. Yo no tengo empleada y no tengo ni\u00f1era. Mi mam\u00e1 es la que me ayuda con mi hijo y es la que est\u00e1 sosteniendo todo. Dijeron que me vieron caminando por calles donde est\u00e1n las marcas de lujo. Jam\u00e1s fui a caminar a ninguna de esas calles. Eso es mentira porque yo no puedo caminar por la calle\u201d, aclar\u00f3.<\/h3>\n<h3>Incluso, remarc\u00f3 que hoy est\u00e1 desempleada. \u201cYo no puedo trabajar hoy. Porque hab\u00eda 45 millones de argentinos con indignaci\u00f3n -y lo entiendo &#8211; por un mont\u00f3n de cosas. Pero tambi\u00e9n hay otra cuesti\u00f3n: a m\u00ed no me dejaban hablar. Cualquiera dijo de m\u00ed lo que quiso en televisi\u00f3n, en radio, en los diarios, en donde sea. Jam\u00e1s nadie sali\u00f3 a defenderme, nadie me defendi\u00f3. Lo \u00fanico que yo recib\u00eda como respuesta de la persona encargada de la prensa presidencial era: \u201cNo les contestes porque les das entidad\u201d. Entonces la gente no conoce mi voz. La gente no conoce mi trabajo, no conoce nada de m\u00ed. La gente no me conoci\u00f3\u201d, se lament\u00f3.<\/h3>\n<p>&nbsp;<\/p>\n<p>&nbsp;<\/p>\n<p>&nbsp;<\/p>\n<p>&nbsp;<\/p>\n<p>&nbsp;<\/p>\n<p>&nbsp;<\/p>\n","protected":false},"excerpt":{"rendered":"<p>Aunque no dio nombres, la ex Primera Dama aludi\u00f3 al per\u00edodo en el cual Ayel\u00e9n&#8230;<\/p>\n","protected":false},"author":1,"featured_media":20699,"comment_status":"closed","ping_status":"closed","sticky":false,"template":"","format":"standard","meta":{"footnotes":""},"categories":[5],"tags":[],"class_list":["post-20698","post","type-post","status-publish","format-standard","has-post-thumbnail","hentry","category-nacionales-internacionales"],"yoast_head":"<!-- This site is optimized with the Yoast SEO plugin v26.1.1 - https:\/\/yoast.com\/wordpress\/plugins\/seo\/ -->\n<title>AYEL\u00c9N MAZZINA, EN EL OJO DE LA TORMENTA POR EL ESC\u00c1NDALO DE LA VIOLENCIA CONTRA FABIOLA Y\u00c1\u00d1EZ - Apuntes de San Luis<\/title>\n<meta name=\"robots\" content=\"index, follow, max-snippet:-1, max-image-preview:large, max-video-preview:-1\" \/>\n<link rel=\"canonical\" href=\"https:\/\/apuntesdesanluis.com\/index.php\/2024\/08\/11\/ayelen-mazzina-en-el-ojo-de-la-tormenta-por-el-escandalo-de-la-violencia-contra-fabiola-yanez\/\" \/>\n<meta property=\"og:locale\" content=\"es_ES\" \/>\n<meta property=\"og:type\" content=\"article\" \/>\n<meta property=\"og:title\" content=\"AYEL\u00c9N MAZZINA, EN EL OJO DE LA TORMENTA POR EL ESC\u00c1NDALO DE LA VIOLENCIA CONTRA FABIOLA Y\u00c1\u00d1EZ - Apuntes de San Luis\" \/>\n<meta property=\"og:description\" content=\"Aunque no dio nombres, la ex Primera Dama aludi\u00f3 al per\u00edodo en el cual Ayel\u00e9n...\" \/>\n<meta property=\"og:url\" content=\"https:\/\/apuntesdesanluis.com\/index.php\/2024\/08\/11\/ayelen-mazzina-en-el-ojo-de-la-tormenta-por-el-escandalo-de-la-violencia-contra-fabiola-yanez\/\" \/>\n<meta property=\"og:site_name\" content=\"Apuntes de San Luis\" \/>\n<meta property=\"article:published_time\" content=\"2024-08-11T16:25:51+00:00\" \/>\n<meta property=\"og:image\" content=\"https:\/\/apuntesdesanluis.com\/wp-content\/uploads\/2024\/08\/AYELEN-MAZZINA.png\" \/>\n\t<meta property=\"og:image:width\" content=\"712\" \/>\n\t<meta property=\"og:image:height\" content=\"434\" \/>\n\t<meta property=\"og:image:type\" content=\"image\/png\" \/>\n<meta name=\"author\" content=\"apuntesdesanluis.com\" \/>\n<meta name=\"twitter:card\" content=\"summary_large_image\" \/>\n<meta name=\"twitter:label1\" content=\"Escrito por\" \/>\n\t<meta name=\"twitter:data1\" content=\"apuntesdesanluis.com\" \/>\n\t<meta name=\"twitter:label2\" content=\"Tiempo de lectura\" \/>\n\t<meta name=\"twitter:data2\" content=\"4 minutos\" \/>\n<script type=\"application\/ld+json\" class=\"yoast-schema-graph\">{\"@context\":\"https:\/\/schema.org\",\"@graph\":[{\"@type\":\"Article\",\"@id\":\"https:\/\/apuntesdesanluis.com\/index.php\/2024\/08\/11\/ayelen-mazzina-en-el-ojo-de-la-tormenta-por-el-escandalo-de-la-violencia-contra-fabiola-yanez\/#article\",\"isPartOf\":{\"@id\":\"https:\/\/apuntesdesanluis.com\/index.php\/2024\/08\/11\/ayelen-mazzina-en-el-ojo-de-la-tormenta-por-el-escandalo-de-la-violencia-contra-fabiola-yanez\/\"},\"author\":{\"name\":\"apuntesdesanluis.com\",\"@id\":\"https:\/\/apuntesdesanluis.com\/#\/schema\/person\/b55151d52296fcce64d1a72538a70b90\"},\"headline\":\"AYEL\u00c9N MAZZINA, EN EL OJO DE LA TORMENTA POR EL ESC\u00c1NDALO DE LA VIOLENCIA CONTRA FABIOLA Y\u00c1\u00d1EZ\",\"datePublished\":\"2024-08-11T16:25:51+00:00\",\"mainEntityOfPage\":{\"@id\":\"https:\/\/apuntesdesanluis.com\/index.php\/2024\/08\/11\/ayelen-mazzina-en-el-ojo-de-la-tormenta-por-el-escandalo-de-la-violencia-contra-fabiola-yanez\/\"},\"wordCount\":765,\"publisher\":{\"@id\":\"https:\/\/apuntesdesanluis.com\/#\/schema\/person\/b55151d52296fcce64d1a72538a70b90\"},\"image\":{\"@id\":\"https:\/\/apuntesdesanluis.com\/index.php\/2024\/08\/11\/ayelen-mazzina-en-el-ojo-de-la-tormenta-por-el-escandalo-de-la-violencia-contra-fabiola-yanez\/#primaryimage\"},\"thumbnailUrl\":\"https:\/\/apuntesdesanluis.com\/wp-content\/uploads\/2024\/08\/AYELEN-MAZZINA.png\",\"articleSection\":[\"Nacionales\/Internacionales\"],\"inLanguage\":\"es-AR\"},{\"@type\":\"WebPage\",\"@id\":\"https:\/\/apuntesdesanluis.com\/index.php\/2024\/08\/11\/ayelen-mazzina-en-el-ojo-de-la-tormenta-por-el-escandalo-de-la-violencia-contra-fabiola-yanez\/\",\"url\":\"https:\/\/apuntesdesanluis.com\/index.php\/2024\/08\/11\/ayelen-mazzina-en-el-ojo-de-la-tormenta-por-el-escandalo-de-la-violencia-contra-fabiola-yanez\/\",\"name\":\"AYEL\u00c9N MAZZINA, EN EL OJO DE LA TORMENTA POR EL ESC\u00c1NDALO DE LA VIOLENCIA CONTRA FABIOLA Y\u00c1\u00d1EZ - Apuntes de San Luis\",\"isPartOf\":{\"@id\":\"https:\/\/apuntesdesanluis.com\/#website\"},\"primaryImageOfPage\":{\"@id\":\"https:\/\/apuntesdesanluis.com\/index.php\/2024\/08\/11\/ayelen-mazzina-en-el-ojo-de-la-tormenta-por-el-escandalo-de-la-violencia-contra-fabiola-yanez\/#primaryimage\"},\"image\":{\"@id\":\"https:\/\/apuntesdesanluis.com\/index.php\/2024\/08\/11\/ayelen-mazzina-en-el-ojo-de-la-tormenta-por-el-escandalo-de-la-violencia-contra-fabiola-yanez\/#primaryimage\"},\"thumbnailUrl\":\"https:\/\/apuntesdesanluis.com\/wp-content\/uploads\/2024\/08\/AYELEN-MAZZINA.png\",\"datePublished\":\"2024-08-11T16:25:51+00:00\",\"breadcrumb\":{\"@id\":\"https:\/\/apuntesdesanluis.com\/index.php\/2024\/08\/11\/ayelen-mazzina-en-el-ojo-de-la-tormenta-por-el-escandalo-de-la-violencia-contra-fabiola-yanez\/#breadcrumb\"},\"inLanguage\":\"es-AR\",\"potentialAction\":[{\"@type\":\"ReadAction\",\"target\":[\"https:\/\/apuntesdesanluis.com\/index.php\/2024\/08\/11\/ayelen-mazzina-en-el-ojo-de-la-tormenta-por-el-escandalo-de-la-violencia-contra-fabiola-yanez\/\"]}]},{\"@type\":\"ImageObject\",\"inLanguage\":\"es-AR\",\"@id\":\"https:\/\/apuntesdesanluis.com\/index.php\/2024\/08\/11\/ayelen-mazzina-en-el-ojo-de-la-tormenta-por-el-escandalo-de-la-violencia-contra-fabiola-yanez\/#primaryimage\",\"url\":\"https:\/\/apuntesdesanluis.com\/wp-content\/uploads\/2024\/08\/AYELEN-MAZZINA.png\",\"contentUrl\":\"https:\/\/apuntesdesanluis.com\/wp-content\/uploads\/2024\/08\/AYELEN-MAZZINA.png\",\"width\":712,\"height\":434},{\"@type\":\"BreadcrumbList\",\"@id\":\"https:\/\/apuntesdesanluis.com\/index.php\/2024\/08\/11\/ayelen-mazzina-en-el-ojo-de-la-tormenta-por-el-escandalo-de-la-violencia-contra-fabiola-yanez\/#breadcrumb\",\"itemListElement\":[{\"@type\":\"ListItem\",\"position\":1,\"name\":\"Inicio\",\"item\":\"https:\/\/apuntesdesanluis.com\/\"},{\"@type\":\"ListItem\",\"position\":2,\"name\":\"AYEL\u00c9N MAZZINA, EN EL OJO DE LA TORMENTA POR EL ESC\u00c1NDALO DE LA VIOLENCIA CONTRA FABIOLA Y\u00c1\u00d1EZ\"}]},{\"@type\":\"WebSite\",\"@id\":\"https:\/\/apuntesdesanluis.com\/#website\",\"url\":\"https:\/\/apuntesdesanluis.com\/\",\"name\":\"Apuntes de San Luis\",\"description\":\"\",\"publisher\":{\"@id\":\"https:\/\/apuntesdesanluis.com\/#\/schema\/person\/b55151d52296fcce64d1a72538a70b90\"},\"potentialAction\":[{\"@type\":\"SearchAction\",\"target\":{\"@type\":\"EntryPoint\",\"urlTemplate\":\"https:\/\/apuntesdesanluis.com\/?s={search_term_string}\"},\"query-input\":{\"@type\":\"PropertyValueSpecification\",\"valueRequired\":true,\"valueName\":\"search_term_string\"}}],\"inLanguage\":\"es-AR\"},{\"@type\":[\"Person\",\"Organization\"],\"@id\":\"https:\/\/apuntesdesanluis.com\/#\/schema\/person\/b55151d52296fcce64d1a72538a70b90\",\"name\":\"apuntesdesanluis.com\",\"image\":{\"@type\":\"ImageObject\",\"inLanguage\":\"es-AR\",\"@id\":\"https:\/\/apuntesdesanluis.com\/#\/schema\/person\/image\/\",\"url\":\"https:\/\/apuntesdesanluis.com\/wp-content\/uploads\/2023\/07\/cropped-apuntesdesanluis.png\",\"contentUrl\":\"https:\/\/apuntesdesanluis.com\/wp-content\/uploads\/2023\/07\/cropped-apuntesdesanluis.png\",\"width\":450,\"height\":112,\"caption\":\"apuntesdesanluis.com\"},\"logo\":{\"@id\":\"https:\/\/apuntesdesanluis.com\/#\/schema\/person\/image\/\"},\"sameAs\":[\"https:\/\/apuntesdesanluis.com\"],\"url\":\"https:\/\/apuntesdesanluis.com\/index.php\/author\/apuntesdesanluis-com\/\"}]}<\/script>\n<!-- \/ Yoast SEO plugin. -->","yoast_head_json":{"title":"AYEL\u00c9N MAZZINA, EN EL OJO DE LA TORMENTA POR EL ESC\u00c1NDALO DE LA VIOLENCIA CONTRA FABIOLA Y\u00c1\u00d1EZ - Apuntes de San Luis","robots":{"index":"index","follow":"follow","max-snippet":"max-snippet:-1","max-image-preview":"max-image-preview:large","max-video-preview":"max-video-preview:-1"},"canonical":"https:\/\/apuntesdesanluis.com\/index.php\/2024\/08\/11\/ayelen-mazzina-en-el-ojo-de-la-tormenta-por-el-escandalo-de-la-violencia-contra-fabiola-yanez\/","og_locale":"es_ES","og_type":"article","og_title":"AYEL\u00c9N MAZZINA, EN EL OJO DE LA TORMENTA POR EL ESC\u00c1NDALO DE LA VIOLENCIA CONTRA FABIOLA Y\u00c1\u00d1EZ - Apuntes de San Luis","og_description":"Aunque no dio nombres, la ex Primera Dama aludi\u00f3 al per\u00edodo en el cual Ayel\u00e9n...","og_url":"https:\/\/apuntesdesanluis.com\/index.php\/2024\/08\/11\/ayelen-mazzina-en-el-ojo-de-la-tormenta-por-el-escandalo-de-la-violencia-contra-fabiola-yanez\/","og_site_name":"Apuntes de San Luis","article_published_time":"2024-08-11T16:25:51+00:00","og_image":[{"width":712,"height":434,"url":"https:\/\/apuntesdesanluis.com\/wp-content\/uploads\/2024\/08\/AYELEN-MAZZINA.png","type":"image\/png"}],"author":"apuntesdesanluis.com","twitter_card":"summary_large_image","twitter_misc":{"Escrito por":"apuntesdesanluis.com","Tiempo de lectura":"4 minutos"},"schema":{"@context":"https:\/\/schema.org","@graph":[{"@type":"Article","@id":"https:\/\/apuntesdesanluis.com\/index.php\/2024\/08\/11\/ayelen-mazzina-en-el-ojo-de-la-tormenta-por-el-escandalo-de-la-violencia-contra-fabiola-yanez\/#article","isPartOf":{"@id":"https:\/\/apuntesdesanluis.com\/index.php\/2024\/08\/11\/ayelen-mazzina-en-el-ojo-de-la-tormenta-por-el-escandalo-de-la-violencia-contra-fabiola-yanez\/"},"author":{"name":"apuntesdesanluis.com","@id":"https:\/\/apuntesdesanluis.com\/#\/schema\/person\/b55151d52296fcce64d1a72538a70b90"},"headline":"AYEL\u00c9N MAZZINA, EN EL OJO DE LA TORMENTA POR EL ESC\u00c1NDALO DE LA VIOLENCIA CONTRA FABIOLA Y\u00c1\u00d1EZ","datePublished":"2024-08-11T16:25:51+00:00","mainEntityOfPage":{"@id":"https:\/\/apuntesdesanluis.com\/index.php\/2024\/08\/11\/ayelen-mazzina-en-el-ojo-de-la-tormenta-por-el-escandalo-de-la-violencia-contra-fabiola-yanez\/"},"wordCount":765,"publisher":{"@id":"https:\/\/apuntesdesanluis.com\/#\/schema\/person\/b55151d52296fcce64d1a72538a70b90"},"image":{"@id":"https:\/\/apuntesdesanluis.com\/index.php\/2024\/08\/11\/ayelen-mazzina-en-el-ojo-de-la-tormenta-por-el-escandalo-de-la-violencia-contra-fabiola-yanez\/#primaryimage"},"thumbnailUrl":"https:\/\/apuntesdesanluis.com\/wp-content\/uploads\/2024\/08\/AYELEN-MAZZINA.png","articleSection":["Nacionales\/Internacionales"],"inLanguage":"es-AR"},{"@type":"WebPage","@id":"https:\/\/apuntesdesanluis.com\/index.php\/2024\/08\/11\/ayelen-mazzina-en-el-ojo-de-la-tormenta-por-el-escandalo-de-la-violencia-contra-fabiola-yanez\/","url":"https:\/\/apuntesdesanluis.com\/index.php\/2024\/08\/11\/ayelen-mazzina-en-el-ojo-de-la-tormenta-por-el-escandalo-de-la-violencia-contra-fabiola-yanez\/","name":"AYEL\u00c9N MAZZINA, EN EL OJO DE LA TORMENTA POR EL ESC\u00c1NDALO DE LA VIOLENCIA CONTRA FABIOLA Y\u00c1\u00d1EZ - Apuntes de San Luis","isPartOf":{"@id":"https:\/\/apuntesdesanluis.com\/#website"},"primaryImageOfPage":{"@id":"https:\/\/apuntesdesanluis.com\/index.php\/2024\/08\/11\/ayelen-mazzina-en-el-ojo-de-la-tormenta-por-el-escandalo-de-la-violencia-contra-fabiola-yanez\/#primaryimage"},"image":{"@id":"https:\/\/apuntesdesanluis.com\/index.php\/2024\/08\/11\/ayelen-mazzina-en-el-ojo-de-la-tormenta-por-el-escandalo-de-la-violencia-contra-fabiola-yanez\/#primaryimage"},"thumbnailUrl":"https:\/\/apuntesdesanluis.com\/wp-content\/uploads\/2024\/08\/AYELEN-MAZZINA.png","datePublished":"2024-08-11T16:25:51+00:00","breadcrumb":{"@id":"https:\/\/apuntesdesanluis.com\/index.php\/2024\/08\/11\/ayelen-mazzina-en-el-ojo-de-la-tormenta-por-el-escandalo-de-la-violencia-contra-fabiola-yanez\/#breadcrumb"},"inLanguage":"es-AR","potentialAction":[{"@type":"ReadAction","target":["https:\/\/apuntesdesanluis.com\/index.php\/2024\/08\/11\/ayelen-mazzina-en-el-ojo-de-la-tormenta-por-el-escandalo-de-la-violencia-contra-fabiola-yanez\/"]}]},{"@type":"ImageObject","inLanguage":"es-AR","@id":"https:\/\/apuntesdesanluis.com\/index.php\/2024\/08\/11\/ayelen-mazzina-en-el-ojo-de-la-tormenta-por-el-escandalo-de-la-violencia-contra-fabiola-yanez\/#primaryimage","url":"https:\/\/apuntesdesanluis.com\/wp-content\/uploads\/2024\/08\/AYELEN-MAZZINA.png","contentUrl":"https:\/\/apuntesdesanluis.com\/wp-content\/uploads\/2024\/08\/AYELEN-MAZZINA.png","width":712,"height":434},{"@type":"BreadcrumbList","@id":"https:\/\/apuntesdesanluis.com\/index.php\/2024\/08\/11\/ayelen-mazzina-en-el-ojo-de-la-tormenta-por-el-escandalo-de-la-violencia-contra-fabiola-yanez\/#breadcrumb","itemListElement":[{"@type":"ListItem","position":1,"name":"Inicio","item":"https:\/\/apuntesdesanluis.com\/"},{"@type":"ListItem","position":2,"name":"AYEL\u00c9N MAZZINA, EN EL OJO DE LA TORMENTA POR EL ESC\u00c1NDALO DE LA VIOLENCIA CONTRA FABIOLA Y\u00c1\u00d1EZ"}]},{"@type":"WebSite","@id":"https:\/\/apuntesdesanluis.com\/#website","url":"https:\/\/apuntesdesanluis.com\/","name":"Apuntes de San Luis","description":"","publisher":{"@id":"https:\/\/apuntesdesanluis.com\/#\/schema\/person\/b55151d52296fcce64d1a72538a70b90"},"potentialAction":[{"@type":"SearchAction","target":{"@type":"EntryPoint","urlTemplate":"https:\/\/apuntesdesanluis.com\/?s={search_term_string}"},"query-input":{"@type":"PropertyValueSpecification","valueRequired":true,"valueName":"search_term_string"}}],"inLanguage":"es-AR"},{"@type":["Person","Organization"],"@id":"https:\/\/apuntesdesanluis.com\/#\/schema\/person\/b55151d52296fcce64d1a72538a70b90","name":"apuntesdesanluis.com","image":{"@type":"ImageObject","inLanguage":"es-AR","@id":"https:\/\/apuntesdesanluis.com\/#\/schema\/person\/image\/","url":"https:\/\/apuntesdesanluis.com\/wp-content\/uploads\/2023\/07\/cropped-apuntesdesanluis.png","contentUrl":"https:\/\/apuntesdesanluis.com\/wp-content\/uploads\/2023\/07\/cropped-apuntesdesanluis.png","width":450,"height":112,"caption":"apuntesdesanluis.com"},"logo":{"@id":"https:\/\/apuntesdesanluis.com\/#\/schema\/person\/image\/"},"sameAs":["https:\/\/apuntesdesanluis.com"],"url":"https:\/\/apuntesdesanluis.com\/index.php\/author\/apuntesdesanluis-com\/"}]}},"featured_image_urls":{"full":["https:\/\/apuntesdesanluis.com\/wp-content\/uploads\/2024\/08\/AYELEN-MAZZINA.png",712,434,false],"thumbnail":["https:\/\/apuntesdesanluis.com\/wp-content\/uploads\/2024\/08\/AYELEN-MAZZINA-150x150.png",150,150,true],"medium":["https:\/\/apuntesdesanluis.com\/wp-content\/uploads\/2024\/08\/AYELEN-MAZZINA-300x183.png",300,183,true],"medium_large":["https:\/\/apuntesdesanluis.com\/wp-content\/uploads\/2024\/08\/AYELEN-MAZZINA.png",640,390,false],"large":["https:\/\/apuntesdesanluis.com\/wp-content\/uploads\/2024\/08\/AYELEN-MAZZINA.png",640,390,false],"1536x1536":["https:\/\/apuntesdesanluis.com\/wp-content\/uploads\/2024\/08\/AYELEN-MAZZINA.png",712,434,false],"2048x2048":["https:\/\/apuntesdesanluis.com\/wp-content\/uploads\/2024\/08\/AYELEN-MAZZINA.png",712,434,false],"newsever-slider-full":["https:\/\/apuntesdesanluis.com\/wp-content\/uploads\/2024\/08\/AYELEN-MAZZINA.png",712,434,false],"newsever-featured":["https:\/\/apuntesdesanluis.com\/wp-content\/uploads\/2024\/08\/AYELEN-MAZZINA.png",712,434,false],"newsever-medium":["https:\/\/apuntesdesanluis.com\/wp-content\/uploads\/2024\/08\/AYELEN-MAZZINA.png",712,434,false]},"author_info":{"display_name":"apuntesdesanluis.com","author_link":"https:\/\/apuntesdesanluis.com\/index.php\/author\/apuntesdesanluis-com\/"},"category_info":"<a href=\"https:\/\/apuntesdesanluis.com\/index.php\/category\/nacionales-internacionales\/\" rel=\"category tag\">Nacionales\/Internacionales<\/a>","tag_info":"Nacionales\/Internacionales","comment_count":"0","_links":{"self":[{"href":"https:\/\/apuntesdesanluis.com\/index.php\/wp-json\/wp\/v2\/posts\/20698","targetHints":{"allow":["GET"]}}],"collection":[{"href":"https:\/\/apuntesdesanluis.com\/index.php\/wp-json\/wp\/v2\/posts"}],"about":[{"href":"https:\/\/apuntesdesanluis.com\/index.php\/wp-json\/wp\/v2\/types\/post"}],"author":[{"embeddable":true,"href":"https:\/\/apuntesdesanluis.com\/index.php\/wp-json\/wp\/v2\/users\/1"}],"replies":[{"embeddable":true,"href":"https:\/\/apuntesdesanluis.com\/index.php\/wp-json\/wp\/v2\/comments?post=20698"}],"version-history":[{"count":1,"href":"https:\/\/apuntesdesanluis.com\/index.php\/wp-json\/wp\/v2\/posts\/20698\/revisions"}],"predecessor-version":[{"id":20700,"href":"https:\/\/apuntesdesanluis.com\/index.php\/wp-json\/wp\/v2\/posts\/20698\/revisions\/20700"}],"wp:featuredmedia":[{"embeddable":true,"href":"https:\/\/apuntesdesanluis.com\/index.php\/wp-json\/wp\/v2\/media\/20699"}],"wp:attachment":[{"href":"https:\/\/apuntesdesanluis.com\/index.php\/wp-json\/wp\/v2\/media?parent=20698"}],"wp:term":[{"taxonomy":"category","embeddable":true,"href":"https:\/\/apuntesdesanluis.com\/index.php\/wp-json\/wp\/v2\/categories?post=20698"},{"taxonomy":"post_tag","embeddable":true,"href":"https:\/\/apuntesdesanluis.com\/index.php\/wp-json\/wp\/v2\/tags?post=20698"}],"curies":[{"name":"wp","href":"https:\/\/api.w.org\/{rel}","templated":true}]}}