{"id":207,"date":"2023-07-18T17:04:24","date_gmt":"2023-07-18T20:04:24","guid":{"rendered":"https:\/\/apuntesdesanluis.com\/?p=207"},"modified":"2023-07-18T17:04:24","modified_gmt":"2023-07-18T20:04:24","slug":"una-nena-de-dos-anos-fue-atacada-por-su-pitbull-en-cordoba","status":"publish","type":"post","link":"https:\/\/apuntesdesanluis.com\/index.php\/2023\/07\/18\/una-nena-de-dos-anos-fue-atacada-por-su-pitbull-en-cordoba\/","title":{"rendered":"UNA NENA DE DOS A\u00d1OS FUE ATACADA POR SU PITBULL EN C\u00d3RDOBA"},"content":{"rendered":"<h3>La v\u00edctima sufri\u00f3 lesiones en el cr\u00e1neo y debi\u00f3 ser internada. Ocurri\u00f3 d\u00edas despu\u00e9s de que dos dogos hayan asesinado a una adolescente de 15 a\u00f1os.<\/h3>\n<h3>Una nena de dos a\u00f1os est\u00e1 internada tras ser atacada por su propio pitbull en C\u00f3rdoba. Este hecho sucedi\u00f3 d\u00edas despu\u00e9s de que se diera a conocer la muerte de una adolescente de 15 a\u00f1os cuando fue mordida por dos dogos.<\/h3>\n<h3>Todo sucedi\u00f3 en una vivienda del barrio Colonia Lola en C\u00f3rdoba cuando el perro mordi\u00f3 a la menor ocasion\u00e1ndole lesiones en el cr\u00e1neo por lo que los m\u00e9dicos decidieron que quede hospitalizada.<\/h3>\n<h3>C\u00e9sar Peralta Filgueira, pap\u00e1 de la v\u00edctima, describi\u00f3 que se trata de un mestizo grande y que convive con ellos.<\/h3>\n<h3>\u201cPara m\u00ed ella entr\u00f3 corriendo y el perro que estaba dormido se despert\u00f3, asust\u00f3 y atin\u00f3 a morder&#8221;, trat\u00f3 de explicar el hombre sobre la posible reacci\u00f3n.<\/h3>\n<h3>Acerca del futuro del animal, C\u00e9sar anunci\u00f3: &#8220;Hablamos con Polic\u00eda Ambiental y van a buscarlo para llev\u00e1rselo a un refugio\u201d.<\/h3>\n<h3>Desde hace varias semanas las noticias en torno a los ataques por parte de pitbulls y dogos en C\u00f3rdoba encendi\u00f3 las alarmas.<\/h3>\n<h3>Esto se debe a que el pasado 10 de julio dos dogos asesinaron a una adolescente de 15 a\u00f1os luego de morderle el cuello y la cara.<\/h3>\n<h3>Con el paso de las horas se confirm\u00f3 que el due\u00f1o de los perros ten\u00eda antecedentes penales por no cuidar a los animales como correspond\u00eda ya que en otras oportunidades ya hab\u00edan atacado a vecinos.<\/h3>\n","protected":false},"excerpt":{"rendered":"<p>La v\u00edctima sufri\u00f3 lesiones en el cr\u00e1neo y debi\u00f3 ser internada. Ocurri\u00f3 d\u00edas despu\u00e9s de&#8230;<\/p>\n","protected":false},"author":1,"featured_media":208,"comment_status":"closed","ping_status":"closed","sticky":false,"template":"","format":"standard","meta":{"footnotes":""},"categories":[5],"tags":[],"class_list":["post-207","post","type-post","status-publish","format-standard","has-post-thumbnail","hentry","category-nacionales-internacionales"],"yoast_head":"<!-- This site is optimized with the Yoast SEO plugin v26.1.1 - https:\/\/yoast.com\/wordpress\/plugins\/seo\/ -->\n<title>UNA NENA DE DOS A\u00d1OS FUE ATACADA POR SU PITBULL EN C\u00d3RDOBA - Apuntes de San Luis<\/title>\n<meta name=\"robots\" content=\"index, follow, max-snippet:-1, max-image-preview:large, max-video-preview:-1\" \/>\n<link rel=\"canonical\" href=\"https:\/\/apuntesdesanluis.com\/index.php\/2023\/07\/18\/una-nena-de-dos-anos-fue-atacada-por-su-pitbull-en-cordoba\/\" \/>\n<meta property=\"og:locale\" content=\"es_ES\" \/>\n<meta property=\"og:type\" content=\"article\" \/>\n<meta property=\"og:title\" content=\"UNA NENA DE DOS A\u00d1OS FUE ATACADA POR SU PITBULL EN C\u00d3RDOBA - Apuntes de San Luis\" \/>\n<meta property=\"og:description\" content=\"La v\u00edctima sufri\u00f3 lesiones en el cr\u00e1neo y debi\u00f3 ser internada. Ocurri\u00f3 d\u00edas despu\u00e9s de...\" \/>\n<meta property=\"og:url\" content=\"https:\/\/apuntesdesanluis.com\/index.php\/2023\/07\/18\/una-nena-de-dos-anos-fue-atacada-por-su-pitbull-en-cordoba\/\" \/>\n<meta property=\"og:site_name\" content=\"Apuntes de San Luis\" \/>\n<meta property=\"article:published_time\" content=\"2023-07-18T20:04:24+00:00\" \/>\n<meta property=\"og:image\" content=\"https:\/\/apuntesdesanluis.com\/wp-content\/uploads\/2023\/07\/pitbul.png\" \/>\n\t<meta property=\"og:image:width\" content=\"863\" \/>\n\t<meta property=\"og:image:height\" content=\"571\" \/>\n\t<meta property=\"og:image:type\" content=\"image\/png\" \/>\n<meta name=\"author\" content=\"apuntesdesanluis.com\" \/>\n<meta name=\"twitter:card\" content=\"summary_large_image\" \/>\n<meta name=\"twitter:label1\" content=\"Escrito por\" \/>\n\t<meta name=\"twitter:data1\" content=\"apuntesdesanluis.com\" \/>\n\t<meta name=\"twitter:label2\" content=\"Tiempo de lectura\" \/>\n\t<meta name=\"twitter:data2\" content=\"2 minutos\" \/>\n<script type=\"application\/ld+json\" class=\"yoast-schema-graph\">{\"@context\":\"https:\/\/schema.org\",\"@graph\":[{\"@type\":\"Article\",\"@id\":\"https:\/\/apuntesdesanluis.com\/index.php\/2023\/07\/18\/una-nena-de-dos-anos-fue-atacada-por-su-pitbull-en-cordoba\/#article\",\"isPartOf\":{\"@id\":\"https:\/\/apuntesdesanluis.com\/index.php\/2023\/07\/18\/una-nena-de-dos-anos-fue-atacada-por-su-pitbull-en-cordoba\/\"},\"author\":{\"name\":\"apuntesdesanluis.com\",\"@id\":\"https:\/\/apuntesdesanluis.com\/#\/schema\/person\/b55151d52296fcce64d1a72538a70b90\"},\"headline\":\"UNA NENA DE DOS A\u00d1OS FUE ATACADA POR SU PITBULL EN C\u00d3RDOBA\",\"datePublished\":\"2023-07-18T20:04:24+00:00\",\"mainEntityOfPage\":{\"@id\":\"https:\/\/apuntesdesanluis.com\/index.php\/2023\/07\/18\/una-nena-de-dos-anos-fue-atacada-por-su-pitbull-en-cordoba\/\"},\"wordCount\":286,\"publisher\":{\"@id\":\"https:\/\/apuntesdesanluis.com\/#\/schema\/person\/b55151d52296fcce64d1a72538a70b90\"},\"image\":{\"@id\":\"https:\/\/apuntesdesanluis.com\/index.php\/2023\/07\/18\/una-nena-de-dos-anos-fue-atacada-por-su-pitbull-en-cordoba\/#primaryimage\"},\"thumbnailUrl\":\"https:\/\/apuntesdesanluis.com\/wp-content\/uploads\/2023\/07\/pitbul.png\",\"articleSection\":[\"Nacionales\/Internacionales\"],\"inLanguage\":\"es-AR\"},{\"@type\":\"WebPage\",\"@id\":\"https:\/\/apuntesdesanluis.com\/index.php\/2023\/07\/18\/una-nena-de-dos-anos-fue-atacada-por-su-pitbull-en-cordoba\/\",\"url\":\"https:\/\/apuntesdesanluis.com\/index.php\/2023\/07\/18\/una-nena-de-dos-anos-fue-atacada-por-su-pitbull-en-cordoba\/\",\"name\":\"UNA NENA DE DOS A\u00d1OS FUE ATACADA POR SU PITBULL EN C\u00d3RDOBA - Apuntes de San Luis\",\"isPartOf\":{\"@id\":\"https:\/\/apuntesdesanluis.com\/#website\"},\"primaryImageOfPage\":{\"@id\":\"https:\/\/apuntesdesanluis.com\/index.php\/2023\/07\/18\/una-nena-de-dos-anos-fue-atacada-por-su-pitbull-en-cordoba\/#primaryimage\"},\"image\":{\"@id\":\"https:\/\/apuntesdesanluis.com\/index.php\/2023\/07\/18\/una-nena-de-dos-anos-fue-atacada-por-su-pitbull-en-cordoba\/#primaryimage\"},\"thumbnailUrl\":\"https:\/\/apuntesdesanluis.com\/wp-content\/uploads\/2023\/07\/pitbul.png\",\"datePublished\":\"2023-07-18T20:04:24+00:00\",\"breadcrumb\":{\"@id\":\"https:\/\/apuntesdesanluis.com\/index.php\/2023\/07\/18\/una-nena-de-dos-anos-fue-atacada-por-su-pitbull-en-cordoba\/#breadcrumb\"},\"inLanguage\":\"es-AR\",\"potentialAction\":[{\"@type\":\"ReadAction\",\"target\":[\"https:\/\/apuntesdesanluis.com\/index.php\/2023\/07\/18\/una-nena-de-dos-anos-fue-atacada-por-su-pitbull-en-cordoba\/\"]}]},{\"@type\":\"ImageObject\",\"inLanguage\":\"es-AR\",\"@id\":\"https:\/\/apuntesdesanluis.com\/index.php\/2023\/07\/18\/una-nena-de-dos-anos-fue-atacada-por-su-pitbull-en-cordoba\/#primaryimage\",\"url\":\"https:\/\/apuntesdesanluis.com\/wp-content\/uploads\/2023\/07\/pitbul.png\",\"contentUrl\":\"https:\/\/apuntesdesanluis.com\/wp-content\/uploads\/2023\/07\/pitbul.png\",\"width\":863,\"height\":571},{\"@type\":\"BreadcrumbList\",\"@id\":\"https:\/\/apuntesdesanluis.com\/index.php\/2023\/07\/18\/una-nena-de-dos-anos-fue-atacada-por-su-pitbull-en-cordoba\/#breadcrumb\",\"itemListElement\":[{\"@type\":\"ListItem\",\"position\":1,\"name\":\"Inicio\",\"item\":\"https:\/\/apuntesdesanluis.com\/\"},{\"@type\":\"ListItem\",\"position\":2,\"name\":\"UNA NENA DE DOS A\u00d1OS FUE ATACADA POR SU PITBULL EN C\u00d3RDOBA\"}]},{\"@type\":\"WebSite\",\"@id\":\"https:\/\/apuntesdesanluis.com\/#website\",\"url\":\"https:\/\/apuntesdesanluis.com\/\",\"name\":\"Apuntes de San Luis\",\"description\":\"\",\"publisher\":{\"@id\":\"https:\/\/apuntesdesanluis.com\/#\/schema\/person\/b55151d52296fcce64d1a72538a70b90\"},\"potentialAction\":[{\"@type\":\"SearchAction\",\"target\":{\"@type\":\"EntryPoint\",\"urlTemplate\":\"https:\/\/apuntesdesanluis.com\/?s={search_term_string}\"},\"query-input\":{\"@type\":\"PropertyValueSpecification\",\"valueRequired\":true,\"valueName\":\"search_term_string\"}}],\"inLanguage\":\"es-AR\"},{\"@type\":[\"Person\",\"Organization\"],\"@id\":\"https:\/\/apuntesdesanluis.com\/#\/schema\/person\/b55151d52296fcce64d1a72538a70b90\",\"name\":\"apuntesdesanluis.com\",\"image\":{\"@type\":\"ImageObject\",\"inLanguage\":\"es-AR\",\"@id\":\"https:\/\/apuntesdesanluis.com\/#\/schema\/person\/image\/\",\"url\":\"https:\/\/apuntesdesanluis.com\/wp-content\/uploads\/2023\/07\/cropped-apuntesdesanluis.png\",\"contentUrl\":\"https:\/\/apuntesdesanluis.com\/wp-content\/uploads\/2023\/07\/cropped-apuntesdesanluis.png\",\"width\":450,\"height\":112,\"caption\":\"apuntesdesanluis.com\"},\"logo\":{\"@id\":\"https:\/\/apuntesdesanluis.com\/#\/schema\/person\/image\/\"},\"sameAs\":[\"https:\/\/apuntesdesanluis.com\"],\"url\":\"https:\/\/apuntesdesanluis.com\/index.php\/author\/apuntesdesanluis-com\/\"}]}<\/script>\n<!-- \/ Yoast SEO plugin. -->","yoast_head_json":{"title":"UNA NENA DE DOS A\u00d1OS FUE ATACADA POR SU PITBULL EN C\u00d3RDOBA - Apuntes de San Luis","robots":{"index":"index","follow":"follow","max-snippet":"max-snippet:-1","max-image-preview":"max-image-preview:large","max-video-preview":"max-video-preview:-1"},"canonical":"https:\/\/apuntesdesanluis.com\/index.php\/2023\/07\/18\/una-nena-de-dos-anos-fue-atacada-por-su-pitbull-en-cordoba\/","og_locale":"es_ES","og_type":"article","og_title":"UNA NENA DE DOS A\u00d1OS FUE ATACADA POR SU PITBULL EN C\u00d3RDOBA - Apuntes de San Luis","og_description":"La v\u00edctima sufri\u00f3 lesiones en el cr\u00e1neo y debi\u00f3 ser internada. Ocurri\u00f3 d\u00edas despu\u00e9s de...","og_url":"https:\/\/apuntesdesanluis.com\/index.php\/2023\/07\/18\/una-nena-de-dos-anos-fue-atacada-por-su-pitbull-en-cordoba\/","og_site_name":"Apuntes de San Luis","article_published_time":"2023-07-18T20:04:24+00:00","og_image":[{"width":863,"height":571,"url":"https:\/\/apuntesdesanluis.com\/wp-content\/uploads\/2023\/07\/pitbul.png","type":"image\/png"}],"author":"apuntesdesanluis.com","twitter_card":"summary_large_image","twitter_misc":{"Escrito por":"apuntesdesanluis.com","Tiempo de lectura":"2 minutos"},"schema":{"@context":"https:\/\/schema.org","@graph":[{"@type":"Article","@id":"https:\/\/apuntesdesanluis.com\/index.php\/2023\/07\/18\/una-nena-de-dos-anos-fue-atacada-por-su-pitbull-en-cordoba\/#article","isPartOf":{"@id":"https:\/\/apuntesdesanluis.com\/index.php\/2023\/07\/18\/una-nena-de-dos-anos-fue-atacada-por-su-pitbull-en-cordoba\/"},"author":{"name":"apuntesdesanluis.com","@id":"https:\/\/apuntesdesanluis.com\/#\/schema\/person\/b55151d52296fcce64d1a72538a70b90"},"headline":"UNA NENA DE DOS A\u00d1OS FUE ATACADA POR SU PITBULL EN C\u00d3RDOBA","datePublished":"2023-07-18T20:04:24+00:00","mainEntityOfPage":{"@id":"https:\/\/apuntesdesanluis.com\/index.php\/2023\/07\/18\/una-nena-de-dos-anos-fue-atacada-por-su-pitbull-en-cordoba\/"},"wordCount":286,"publisher":{"@id":"https:\/\/apuntesdesanluis.com\/#\/schema\/person\/b55151d52296fcce64d1a72538a70b90"},"image":{"@id":"https:\/\/apuntesdesanluis.com\/index.php\/2023\/07\/18\/una-nena-de-dos-anos-fue-atacada-por-su-pitbull-en-cordoba\/#primaryimage"},"thumbnailUrl":"https:\/\/apuntesdesanluis.com\/wp-content\/uploads\/2023\/07\/pitbul.png","articleSection":["Nacionales\/Internacionales"],"inLanguage":"es-AR"},{"@type":"WebPage","@id":"https:\/\/apuntesdesanluis.com\/index.php\/2023\/07\/18\/una-nena-de-dos-anos-fue-atacada-por-su-pitbull-en-cordoba\/","url":"https:\/\/apuntesdesanluis.com\/index.php\/2023\/07\/18\/una-nena-de-dos-anos-fue-atacada-por-su-pitbull-en-cordoba\/","name":"UNA NENA DE DOS A\u00d1OS FUE ATACADA POR SU PITBULL EN C\u00d3RDOBA - Apuntes de San Luis","isPartOf":{"@id":"https:\/\/apuntesdesanluis.com\/#website"},"primaryImageOfPage":{"@id":"https:\/\/apuntesdesanluis.com\/index.php\/2023\/07\/18\/una-nena-de-dos-anos-fue-atacada-por-su-pitbull-en-cordoba\/#primaryimage"},"image":{"@id":"https:\/\/apuntesdesanluis.com\/index.php\/2023\/07\/18\/una-nena-de-dos-anos-fue-atacada-por-su-pitbull-en-cordoba\/#primaryimage"},"thumbnailUrl":"https:\/\/apuntesdesanluis.com\/wp-content\/uploads\/2023\/07\/pitbul.png","datePublished":"2023-07-18T20:04:24+00:00","breadcrumb":{"@id":"https:\/\/apuntesdesanluis.com\/index.php\/2023\/07\/18\/una-nena-de-dos-anos-fue-atacada-por-su-pitbull-en-cordoba\/#breadcrumb"},"inLanguage":"es-AR","potentialAction":[{"@type":"ReadAction","target":["https:\/\/apuntesdesanluis.com\/index.php\/2023\/07\/18\/una-nena-de-dos-anos-fue-atacada-por-su-pitbull-en-cordoba\/"]}]},{"@type":"ImageObject","inLanguage":"es-AR","@id":"https:\/\/apuntesdesanluis.com\/index.php\/2023\/07\/18\/una-nena-de-dos-anos-fue-atacada-por-su-pitbull-en-cordoba\/#primaryimage","url":"https:\/\/apuntesdesanluis.com\/wp-content\/uploads\/2023\/07\/pitbul.png","contentUrl":"https:\/\/apuntesdesanluis.com\/wp-content\/uploads\/2023\/07\/pitbul.png","width":863,"height":571},{"@type":"BreadcrumbList","@id":"https:\/\/apuntesdesanluis.com\/index.php\/2023\/07\/18\/una-nena-de-dos-anos-fue-atacada-por-su-pitbull-en-cordoba\/#breadcrumb","itemListElement":[{"@type":"ListItem","position":1,"name":"Inicio","item":"https:\/\/apuntesdesanluis.com\/"},{"@type":"ListItem","position":2,"name":"UNA NENA DE DOS A\u00d1OS FUE ATACADA POR SU PITBULL EN C\u00d3RDOBA"}]},{"@type":"WebSite","@id":"https:\/\/apuntesdesanluis.com\/#website","url":"https:\/\/apuntesdesanluis.com\/","name":"Apuntes de San Luis","description":"","publisher":{"@id":"https:\/\/apuntesdesanluis.com\/#\/schema\/person\/b55151d52296fcce64d1a72538a70b90"},"potentialAction":[{"@type":"SearchAction","target":{"@type":"EntryPoint","urlTemplate":"https:\/\/apuntesdesanluis.com\/?s={search_term_string}"},"query-input":{"@type":"PropertyValueSpecification","valueRequired":true,"valueName":"search_term_string"}}],"inLanguage":"es-AR"},{"@type":["Person","Organization"],"@id":"https:\/\/apuntesdesanluis.com\/#\/schema\/person\/b55151d52296fcce64d1a72538a70b90","name":"apuntesdesanluis.com","image":{"@type":"ImageObject","inLanguage":"es-AR","@id":"https:\/\/apuntesdesanluis.com\/#\/schema\/person\/image\/","url":"https:\/\/apuntesdesanluis.com\/wp-content\/uploads\/2023\/07\/cropped-apuntesdesanluis.png","contentUrl":"https:\/\/apuntesdesanluis.com\/wp-content\/uploads\/2023\/07\/cropped-apuntesdesanluis.png","width":450,"height":112,"caption":"apuntesdesanluis.com"},"logo":{"@id":"https:\/\/apuntesdesanluis.com\/#\/schema\/person\/image\/"},"sameAs":["https:\/\/apuntesdesanluis.com"],"url":"https:\/\/apuntesdesanluis.com\/index.php\/author\/apuntesdesanluis-com\/"}]}},"featured_image_urls":{"full":["https:\/\/apuntesdesanluis.com\/wp-content\/uploads\/2023\/07\/pitbul.png",863,571,false],"thumbnail":["https:\/\/apuntesdesanluis.com\/wp-content\/uploads\/2023\/07\/pitbul-150x150.png",150,150,true],"medium":["https:\/\/apuntesdesanluis.com\/wp-content\/uploads\/2023\/07\/pitbul-300x198.png",300,198,true],"medium_large":["https:\/\/apuntesdesanluis.com\/wp-content\/uploads\/2023\/07\/pitbul-768x508.png",640,423,true],"large":["https:\/\/apuntesdesanluis.com\/wp-content\/uploads\/2023\/07\/pitbul.png",640,423,false],"1536x1536":["https:\/\/apuntesdesanluis.com\/wp-content\/uploads\/2023\/07\/pitbul.png",863,571,false],"2048x2048":["https:\/\/apuntesdesanluis.com\/wp-content\/uploads\/2023\/07\/pitbul.png",863,571,false],"newsever-slider-full":["https:\/\/apuntesdesanluis.com\/wp-content\/uploads\/2023\/07\/pitbul.png",863,571,false],"newsever-featured":["https:\/\/apuntesdesanluis.com\/wp-content\/uploads\/2023\/07\/pitbul.png",863,571,false],"newsever-medium":["https:\/\/apuntesdesanluis.com\/wp-content\/uploads\/2023\/07\/pitbul-720x475.png",720,475,true]},"author_info":{"display_name":"apuntesdesanluis.com","author_link":"https:\/\/apuntesdesanluis.com\/index.php\/author\/apuntesdesanluis-com\/"},"category_info":"<a href=\"https:\/\/apuntesdesanluis.com\/index.php\/category\/nacionales-internacionales\/\" rel=\"category tag\">Nacionales\/Internacionales<\/a>","tag_info":"Nacionales\/Internacionales","comment_count":"0","_links":{"self":[{"href":"https:\/\/apuntesdesanluis.com\/index.php\/wp-json\/wp\/v2\/posts\/207","targetHints":{"allow":["GET"]}}],"collection":[{"href":"https:\/\/apuntesdesanluis.com\/index.php\/wp-json\/wp\/v2\/posts"}],"about":[{"href":"https:\/\/apuntesdesanluis.com\/index.php\/wp-json\/wp\/v2\/types\/post"}],"author":[{"embeddable":true,"href":"https:\/\/apuntesdesanluis.com\/index.php\/wp-json\/wp\/v2\/users\/1"}],"replies":[{"embeddable":true,"href":"https:\/\/apuntesdesanluis.com\/index.php\/wp-json\/wp\/v2\/comments?post=207"}],"version-history":[{"count":1,"href":"https:\/\/apuntesdesanluis.com\/index.php\/wp-json\/wp\/v2\/posts\/207\/revisions"}],"predecessor-version":[{"id":209,"href":"https:\/\/apuntesdesanluis.com\/index.php\/wp-json\/wp\/v2\/posts\/207\/revisions\/209"}],"wp:featuredmedia":[{"embeddable":true,"href":"https:\/\/apuntesdesanluis.com\/index.php\/wp-json\/wp\/v2\/media\/208"}],"wp:attachment":[{"href":"https:\/\/apuntesdesanluis.com\/index.php\/wp-json\/wp\/v2\/media?parent=207"}],"wp:term":[{"taxonomy":"category","embeddable":true,"href":"https:\/\/apuntesdesanluis.com\/index.php\/wp-json\/wp\/v2\/categories?post=207"},{"taxonomy":"post_tag","embeddable":true,"href":"https:\/\/apuntesdesanluis.com\/index.php\/wp-json\/wp\/v2\/tags?post=207"}],"curies":[{"name":"wp","href":"https:\/\/api.w.org\/{rel}","templated":true}]}}