{"id":20712,"date":"2024-08-11T19:12:35","date_gmt":"2024-08-11T22:12:35","guid":{"rendered":"https:\/\/apuntesdesanluis.com\/?p=20712"},"modified":"2024-08-11T20:13:39","modified_gmt":"2024-08-11T23:13:39","slug":"poggi-los-albertos-convirtieron-una-causa-justa-en-un-negocio-politico-e-hipocrita","status":"publish","type":"post","link":"https:\/\/apuntesdesanluis.com\/index.php\/2024\/08\/11\/poggi-los-albertos-convirtieron-una-causa-justa-en-un-negocio-politico-e-hipocrita\/","title":{"rendered":"POGGI: LOS ALBERTOS \u201cCONVIRTIERON UNA CAUSA JUSTA EN UN NEGOCIO POL\u00cdTICO E HIP\u00d3CRITA\u201d"},"content":{"rendered":"<h3>El gobernador, <strong>Claudio Poggi<\/strong>, se manifest\u00f3 este domingo respecto a la investigaci\u00f3n por violencia de g\u00e9nero que avanza contra el expresidente, <strong>Alberto Fern\u00e1ndez<\/strong>.<\/h3>\n<h3>En su cuenta de X, el Primer mandatario provincial sostuvo: \u201cHipocres\u00eda sin l\u00edmites: Quienes lideraron la creaci\u00f3n de costosas estructuras ministeriales en defensa de la mujer, por acci\u00f3n u omisi\u00f3n, las golpeaban, abusaban y mataban. @alferdez y @alberto_rsaa convirtieron una causa justa, en un negocio pol\u00edtico e hip\u00f3crita\u201d.<\/h3>\n<p><img fetchpriority=\"high\" decoding=\"async\" class=\"wp-image-20714 aligncenter\" src=\"https:\/\/apuntesdesanluis.com\/wp-content\/uploads\/2024\/08\/albertos-300x180.png\" alt=\"\" width=\"622\" height=\"373\" srcset=\"https:\/\/apuntesdesanluis.com\/wp-content\/uploads\/2024\/08\/albertos-300x180.png 300w, https:\/\/apuntesdesanluis.com\/wp-content\/uploads\/2024\/08\/albertos.png 600w\" sizes=\"(max-width: 622px) 100vw, 622px\" \/><\/p>\n<h3>Luego, en un segundo tuit publicado este domingo, manifest\u00f3: \u201cLa se\u00f1ora Fabiola Y\u00e1\u00f1ez exhibe la HIPOCRES\u00cdA de quienes nos gobernaron. Mientras denunciaba que el presidente la golpeaba, la ministra de Rodr\u00edguez Sa\u00e1, encubr\u00eda, y en nombre de los derechos de la mujer usaban los fondos p\u00fablicos haciendo negocios con actos multitudinarios\u201d.<\/h3>\n<h3>El exgobernador de San Luis, <strong>Alberto Rodr\u00edguez Sa\u00e1<\/strong>, tambi\u00e9n cre\u00f3 en la provincia un organismo similar, la secretar\u00eda de Mujer, Diversidad e Igualdad, que fue conducida por Ayel\u00e9n\u00a0 Mazzina. En septiembre de 2022, la funcionaria fue elegida por Fern\u00e1ndez para conducir el ministerio de Mujeres, G\u00e9neros y Diversidad de la Naci\u00f3n y lo hizo hasta diciembre de 2023, por poco m\u00e1s de un a\u00f1o.<\/h3>\n<p><img decoding=\"async\" class=\"wp-image-20715 aligncenter\" src=\"https:\/\/apuntesdesanluis.com\/wp-content\/uploads\/2024\/08\/ayelen-cn-abertp-300x187.png\" alt=\"\" width=\"640\" height=\"399\" srcset=\"https:\/\/apuntesdesanluis.com\/wp-content\/uploads\/2024\/08\/ayelen-cn-abertp-300x187.png 300w, https:\/\/apuntesdesanluis.com\/wp-content\/uploads\/2024\/08\/ayelen-cn-abertp.png 600w\" sizes=\"(max-width: 640px) 100vw, 640px\" \/><\/p>\n<h3><\/h3>\n<h3>\u201cMientras pintaban todo de verde, sin importarles como pens\u00e1ramos, fueron c\u00f3mplices, en San Luis y en Naci\u00f3n, de los funcionarios y sindicalistas que golpeaban, abusaban y mataban a sus parejas. Gobernaron con una HIPOCRESIA sin l\u00edmites\u201d, agreg\u00f3 Poggi en la red social X, en referencia a la campa\u00f1a por la legalizaci\u00f3n del aborto y la cercan\u00eda ideol\u00f3gica y\/o pol\u00edtica, tanto de Fern\u00e1ndez como de Rodr\u00edguez Sa\u00e1, con figuras investigadas por femicidios.<\/h3>\n<h3><img decoding=\"async\" class=\"wp-image-20713 aligncenter\" src=\"https:\/\/apuntesdesanluis.com\/wp-content\/uploads\/2024\/08\/poggi-tuit-300x263.png\" alt=\"\" width=\"625\" height=\"548\" srcset=\"https:\/\/apuntesdesanluis.com\/wp-content\/uploads\/2024\/08\/poggi-tuit-300x263.png 300w, https:\/\/apuntesdesanluis.com\/wp-content\/uploads\/2024\/08\/poggi-tuit.png 600w\" sizes=\"(max-width: 625px) 100vw, 625px\" \/><\/h3>\n<h3>En San Luis, el gremialista Juan Carlos Solalinde, recientemente condenado por el femicidio de quien fuera su pareja, Johana Galdeano, era cercano a Rodr\u00edguez Sa\u00e1. Y el senador justicialista Ariel Rosendo, tambi\u00e9n surgido del sindicalismo, fue investigado por ejercer violencia de g\u00e9nero hacia su expareja y madre de su hija.<\/h3>\n<h3><\/h3>\n<h3><span style=\"color: #3366ff;\"><strong>NOTICIA RELACIONADA:<\/strong><\/span><\/h3>\n<p><a href=\"https:\/\/apuntesdesanluis.com\/index.php\/2024\/08\/11\/ayelen-mazzina-en-el-ojo-de-la-tormenta-por-el-escandalo-de-la-violencia-contra-fabiola-yanez\/\" target=\"_blank\" rel=\"noopener\"><img loading=\"lazy\" decoding=\"async\" class=\"alignnone wp-image-20716\" src=\"https:\/\/apuntesdesanluis.com\/wp-content\/uploads\/2024\/08\/apuntes-300x250.png\" alt=\"\" width=\"517\" height=\"431\" srcset=\"https:\/\/apuntesdesanluis.com\/wp-content\/uploads\/2024\/08\/apuntes-300x250.png 300w, https:\/\/apuntesdesanluis.com\/wp-content\/uploads\/2024\/08\/apuntes.png 600w\" sizes=\"(max-width: 517px) 100vw, 517px\" \/><\/a><\/p>\n<p>&nbsp;<\/p>\n<p>&nbsp;<\/p>\n<p>&nbsp;<\/p>\n<p>&nbsp;<\/p>\n<p>&nbsp;<\/p>\n","protected":false},"excerpt":{"rendered":"<p>El gobernador, Claudio Poggi, se manifest\u00f3 este domingo respecto a la investigaci\u00f3n por violencia de&#8230;<\/p>\n","protected":false},"author":1,"featured_media":15843,"comment_status":"closed","ping_status":"closed","sticky":false,"template":"","format":"standard","meta":{"footnotes":""},"categories":[6],"tags":[],"class_list":["post-20712","post","type-post","status-publish","format-standard","has-post-thumbnail","hentry","category-ciudad-provincia"],"yoast_head":"<!-- This site is optimized with the Yoast SEO plugin v26.1.1 - https:\/\/yoast.com\/wordpress\/plugins\/seo\/ -->\n<title>POGGI: LOS ALBERTOS \u201cCONVIRTIERON UNA CAUSA JUSTA EN UN NEGOCIO POL\u00cdTICO E HIP\u00d3CRITA\u201d - Apuntes de San Luis<\/title>\n<meta name=\"robots\" content=\"index, follow, max-snippet:-1, max-image-preview:large, max-video-preview:-1\" \/>\n<link rel=\"canonical\" href=\"https:\/\/apuntesdesanluis.com\/index.php\/2024\/08\/11\/poggi-los-albertos-convirtieron-una-causa-justa-en-un-negocio-politico-e-hipocrita\/\" \/>\n<meta property=\"og:locale\" content=\"es_ES\" \/>\n<meta property=\"og:type\" content=\"article\" \/>\n<meta property=\"og:title\" content=\"POGGI: LOS ALBERTOS \u201cCONVIRTIERON UNA CAUSA JUSTA EN UN NEGOCIO POL\u00cdTICO E HIP\u00d3CRITA\u201d - Apuntes de San Luis\" \/>\n<meta property=\"og:description\" content=\"El gobernador, Claudio Poggi, se manifest\u00f3 este domingo respecto a la investigaci\u00f3n por violencia de...\" \/>\n<meta property=\"og:url\" content=\"https:\/\/apuntesdesanluis.com\/index.php\/2024\/08\/11\/poggi-los-albertos-convirtieron-una-causa-justa-en-un-negocio-politico-e-hipocrita\/\" \/>\n<meta property=\"og:site_name\" content=\"Apuntes de San Luis\" \/>\n<meta property=\"article:published_time\" content=\"2024-08-11T22:12:35+00:00\" \/>\n<meta property=\"article:modified_time\" content=\"2024-08-11T23:13:39+00:00\" \/>\n<meta property=\"og:image\" content=\"https:\/\/apuntesdesanluis.com\/wp-content\/uploads\/2024\/05\/poggi-2.png\" \/>\n\t<meta property=\"og:image:width\" content=\"778\" \/>\n\t<meta property=\"og:image:height\" content=\"437\" \/>\n\t<meta property=\"og:image:type\" content=\"image\/png\" \/>\n<meta name=\"author\" content=\"apuntesdesanluis.com\" \/>\n<meta name=\"twitter:card\" content=\"summary_large_image\" \/>\n<meta name=\"twitter:label1\" content=\"Escrito por\" \/>\n\t<meta name=\"twitter:data1\" content=\"apuntesdesanluis.com\" \/>\n\t<meta name=\"twitter:label2\" content=\"Tiempo de lectura\" \/>\n\t<meta name=\"twitter:data2\" content=\"3 minutos\" \/>\n<script type=\"application\/ld+json\" class=\"yoast-schema-graph\">{\"@context\":\"https:\/\/schema.org\",\"@graph\":[{\"@type\":\"Article\",\"@id\":\"https:\/\/apuntesdesanluis.com\/index.php\/2024\/08\/11\/poggi-los-albertos-convirtieron-una-causa-justa-en-un-negocio-politico-e-hipocrita\/#article\",\"isPartOf\":{\"@id\":\"https:\/\/apuntesdesanluis.com\/index.php\/2024\/08\/11\/poggi-los-albertos-convirtieron-una-causa-justa-en-un-negocio-politico-e-hipocrita\/\"},\"author\":{\"name\":\"apuntesdesanluis.com\",\"@id\":\"https:\/\/apuntesdesanluis.com\/#\/schema\/person\/b55151d52296fcce64d1a72538a70b90\"},\"headline\":\"POGGI: LOS ALBERTOS \u201cCONVIRTIERON UNA CAUSA JUSTA EN UN NEGOCIO POL\u00cdTICO E HIP\u00d3CRITA\u201d\",\"datePublished\":\"2024-08-11T22:12:35+00:00\",\"dateModified\":\"2024-08-11T23:13:39+00:00\",\"mainEntityOfPage\":{\"@id\":\"https:\/\/apuntesdesanluis.com\/index.php\/2024\/08\/11\/poggi-los-albertos-convirtieron-una-causa-justa-en-un-negocio-politico-e-hipocrita\/\"},\"wordCount\":368,\"publisher\":{\"@id\":\"https:\/\/apuntesdesanluis.com\/#\/schema\/person\/b55151d52296fcce64d1a72538a70b90\"},\"image\":{\"@id\":\"https:\/\/apuntesdesanluis.com\/index.php\/2024\/08\/11\/poggi-los-albertos-convirtieron-una-causa-justa-en-un-negocio-politico-e-hipocrita\/#primaryimage\"},\"thumbnailUrl\":\"https:\/\/apuntesdesanluis.com\/wp-content\/uploads\/2024\/05\/poggi-2.png\",\"articleSection\":[\"Ciudad\/Provincia\"],\"inLanguage\":\"es-AR\"},{\"@type\":\"WebPage\",\"@id\":\"https:\/\/apuntesdesanluis.com\/index.php\/2024\/08\/11\/poggi-los-albertos-convirtieron-una-causa-justa-en-un-negocio-politico-e-hipocrita\/\",\"url\":\"https:\/\/apuntesdesanluis.com\/index.php\/2024\/08\/11\/poggi-los-albertos-convirtieron-una-causa-justa-en-un-negocio-politico-e-hipocrita\/\",\"name\":\"POGGI: LOS ALBERTOS \u201cCONVIRTIERON UNA CAUSA JUSTA EN UN NEGOCIO POL\u00cdTICO E HIP\u00d3CRITA\u201d - Apuntes de San Luis\",\"isPartOf\":{\"@id\":\"https:\/\/apuntesdesanluis.com\/#website\"},\"primaryImageOfPage\":{\"@id\":\"https:\/\/apuntesdesanluis.com\/index.php\/2024\/08\/11\/poggi-los-albertos-convirtieron-una-causa-justa-en-un-negocio-politico-e-hipocrita\/#primaryimage\"},\"image\":{\"@id\":\"https:\/\/apuntesdesanluis.com\/index.php\/2024\/08\/11\/poggi-los-albertos-convirtieron-una-causa-justa-en-un-negocio-politico-e-hipocrita\/#primaryimage\"},\"thumbnailUrl\":\"https:\/\/apuntesdesanluis.com\/wp-content\/uploads\/2024\/05\/poggi-2.png\",\"datePublished\":\"2024-08-11T22:12:35+00:00\",\"dateModified\":\"2024-08-11T23:13:39+00:00\",\"breadcrumb\":{\"@id\":\"https:\/\/apuntesdesanluis.com\/index.php\/2024\/08\/11\/poggi-los-albertos-convirtieron-una-causa-justa-en-un-negocio-politico-e-hipocrita\/#breadcrumb\"},\"inLanguage\":\"es-AR\",\"potentialAction\":[{\"@type\":\"ReadAction\",\"target\":[\"https:\/\/apuntesdesanluis.com\/index.php\/2024\/08\/11\/poggi-los-albertos-convirtieron-una-causa-justa-en-un-negocio-politico-e-hipocrita\/\"]}]},{\"@type\":\"ImageObject\",\"inLanguage\":\"es-AR\",\"@id\":\"https:\/\/apuntesdesanluis.com\/index.php\/2024\/08\/11\/poggi-los-albertos-convirtieron-una-causa-justa-en-un-negocio-politico-e-hipocrita\/#primaryimage\",\"url\":\"https:\/\/apuntesdesanluis.com\/wp-content\/uploads\/2024\/05\/poggi-2.png\",\"contentUrl\":\"https:\/\/apuntesdesanluis.com\/wp-content\/uploads\/2024\/05\/poggi-2.png\",\"width\":778,\"height\":437},{\"@type\":\"BreadcrumbList\",\"@id\":\"https:\/\/apuntesdesanluis.com\/index.php\/2024\/08\/11\/poggi-los-albertos-convirtieron-una-causa-justa-en-un-negocio-politico-e-hipocrita\/#breadcrumb\",\"itemListElement\":[{\"@type\":\"ListItem\",\"position\":1,\"name\":\"Inicio\",\"item\":\"https:\/\/apuntesdesanluis.com\/\"},{\"@type\":\"ListItem\",\"position\":2,\"name\":\"POGGI: LOS ALBERTOS \u201cCONVIRTIERON UNA CAUSA JUSTA EN UN NEGOCIO POL\u00cdTICO E HIP\u00d3CRITA\u201d\"}]},{\"@type\":\"WebSite\",\"@id\":\"https:\/\/apuntesdesanluis.com\/#website\",\"url\":\"https:\/\/apuntesdesanluis.com\/\",\"name\":\"Apuntes de San Luis\",\"description\":\"\",\"publisher\":{\"@id\":\"https:\/\/apuntesdesanluis.com\/#\/schema\/person\/b55151d52296fcce64d1a72538a70b90\"},\"potentialAction\":[{\"@type\":\"SearchAction\",\"target\":{\"@type\":\"EntryPoint\",\"urlTemplate\":\"https:\/\/apuntesdesanluis.com\/?s={search_term_string}\"},\"query-input\":{\"@type\":\"PropertyValueSpecification\",\"valueRequired\":true,\"valueName\":\"search_term_string\"}}],\"inLanguage\":\"es-AR\"},{\"@type\":[\"Person\",\"Organization\"],\"@id\":\"https:\/\/apuntesdesanluis.com\/#\/schema\/person\/b55151d52296fcce64d1a72538a70b90\",\"name\":\"apuntesdesanluis.com\",\"image\":{\"@type\":\"ImageObject\",\"inLanguage\":\"es-AR\",\"@id\":\"https:\/\/apuntesdesanluis.com\/#\/schema\/person\/image\/\",\"url\":\"https:\/\/apuntesdesanluis.com\/wp-content\/uploads\/2023\/07\/cropped-apuntesdesanluis.png\",\"contentUrl\":\"https:\/\/apuntesdesanluis.com\/wp-content\/uploads\/2023\/07\/cropped-apuntesdesanluis.png\",\"width\":450,\"height\":112,\"caption\":\"apuntesdesanluis.com\"},\"logo\":{\"@id\":\"https:\/\/apuntesdesanluis.com\/#\/schema\/person\/image\/\"},\"sameAs\":[\"https:\/\/apuntesdesanluis.com\"],\"url\":\"https:\/\/apuntesdesanluis.com\/index.php\/author\/apuntesdesanluis-com\/\"}]}<\/script>\n<!-- \/ Yoast SEO plugin. -->","yoast_head_json":{"title":"POGGI: LOS ALBERTOS \u201cCONVIRTIERON UNA CAUSA JUSTA EN UN NEGOCIO POL\u00cdTICO E HIP\u00d3CRITA\u201d - Apuntes de San Luis","robots":{"index":"index","follow":"follow","max-snippet":"max-snippet:-1","max-image-preview":"max-image-preview:large","max-video-preview":"max-video-preview:-1"},"canonical":"https:\/\/apuntesdesanluis.com\/index.php\/2024\/08\/11\/poggi-los-albertos-convirtieron-una-causa-justa-en-un-negocio-politico-e-hipocrita\/","og_locale":"es_ES","og_type":"article","og_title":"POGGI: LOS ALBERTOS \u201cCONVIRTIERON UNA CAUSA JUSTA EN UN NEGOCIO POL\u00cdTICO E HIP\u00d3CRITA\u201d - Apuntes de San Luis","og_description":"El gobernador, Claudio Poggi, se manifest\u00f3 este domingo respecto a la investigaci\u00f3n por violencia de...","og_url":"https:\/\/apuntesdesanluis.com\/index.php\/2024\/08\/11\/poggi-los-albertos-convirtieron-una-causa-justa-en-un-negocio-politico-e-hipocrita\/","og_site_name":"Apuntes de San Luis","article_published_time":"2024-08-11T22:12:35+00:00","article_modified_time":"2024-08-11T23:13:39+00:00","og_image":[{"width":778,"height":437,"url":"https:\/\/apuntesdesanluis.com\/wp-content\/uploads\/2024\/05\/poggi-2.png","type":"image\/png"}],"author":"apuntesdesanluis.com","twitter_card":"summary_large_image","twitter_misc":{"Escrito por":"apuntesdesanluis.com","Tiempo de lectura":"3 minutos"},"schema":{"@context":"https:\/\/schema.org","@graph":[{"@type":"Article","@id":"https:\/\/apuntesdesanluis.com\/index.php\/2024\/08\/11\/poggi-los-albertos-convirtieron-una-causa-justa-en-un-negocio-politico-e-hipocrita\/#article","isPartOf":{"@id":"https:\/\/apuntesdesanluis.com\/index.php\/2024\/08\/11\/poggi-los-albertos-convirtieron-una-causa-justa-en-un-negocio-politico-e-hipocrita\/"},"author":{"name":"apuntesdesanluis.com","@id":"https:\/\/apuntesdesanluis.com\/#\/schema\/person\/b55151d52296fcce64d1a72538a70b90"},"headline":"POGGI: LOS ALBERTOS \u201cCONVIRTIERON UNA CAUSA JUSTA EN UN NEGOCIO POL\u00cdTICO E HIP\u00d3CRITA\u201d","datePublished":"2024-08-11T22:12:35+00:00","dateModified":"2024-08-11T23:13:39+00:00","mainEntityOfPage":{"@id":"https:\/\/apuntesdesanluis.com\/index.php\/2024\/08\/11\/poggi-los-albertos-convirtieron-una-causa-justa-en-un-negocio-politico-e-hipocrita\/"},"wordCount":368,"publisher":{"@id":"https:\/\/apuntesdesanluis.com\/#\/schema\/person\/b55151d52296fcce64d1a72538a70b90"},"image":{"@id":"https:\/\/apuntesdesanluis.com\/index.php\/2024\/08\/11\/poggi-los-albertos-convirtieron-una-causa-justa-en-un-negocio-politico-e-hipocrita\/#primaryimage"},"thumbnailUrl":"https:\/\/apuntesdesanluis.com\/wp-content\/uploads\/2024\/05\/poggi-2.png","articleSection":["Ciudad\/Provincia"],"inLanguage":"es-AR"},{"@type":"WebPage","@id":"https:\/\/apuntesdesanluis.com\/index.php\/2024\/08\/11\/poggi-los-albertos-convirtieron-una-causa-justa-en-un-negocio-politico-e-hipocrita\/","url":"https:\/\/apuntesdesanluis.com\/index.php\/2024\/08\/11\/poggi-los-albertos-convirtieron-una-causa-justa-en-un-negocio-politico-e-hipocrita\/","name":"POGGI: LOS ALBERTOS \u201cCONVIRTIERON UNA CAUSA JUSTA EN UN NEGOCIO POL\u00cdTICO E HIP\u00d3CRITA\u201d - Apuntes de San Luis","isPartOf":{"@id":"https:\/\/apuntesdesanluis.com\/#website"},"primaryImageOfPage":{"@id":"https:\/\/apuntesdesanluis.com\/index.php\/2024\/08\/11\/poggi-los-albertos-convirtieron-una-causa-justa-en-un-negocio-politico-e-hipocrita\/#primaryimage"},"image":{"@id":"https:\/\/apuntesdesanluis.com\/index.php\/2024\/08\/11\/poggi-los-albertos-convirtieron-una-causa-justa-en-un-negocio-politico-e-hipocrita\/#primaryimage"},"thumbnailUrl":"https:\/\/apuntesdesanluis.com\/wp-content\/uploads\/2024\/05\/poggi-2.png","datePublished":"2024-08-11T22:12:35+00:00","dateModified":"2024-08-11T23:13:39+00:00","breadcrumb":{"@id":"https:\/\/apuntesdesanluis.com\/index.php\/2024\/08\/11\/poggi-los-albertos-convirtieron-una-causa-justa-en-un-negocio-politico-e-hipocrita\/#breadcrumb"},"inLanguage":"es-AR","potentialAction":[{"@type":"ReadAction","target":["https:\/\/apuntesdesanluis.com\/index.php\/2024\/08\/11\/poggi-los-albertos-convirtieron-una-causa-justa-en-un-negocio-politico-e-hipocrita\/"]}]},{"@type":"ImageObject","inLanguage":"es-AR","@id":"https:\/\/apuntesdesanluis.com\/index.php\/2024\/08\/11\/poggi-los-albertos-convirtieron-una-causa-justa-en-un-negocio-politico-e-hipocrita\/#primaryimage","url":"https:\/\/apuntesdesanluis.com\/wp-content\/uploads\/2024\/05\/poggi-2.png","contentUrl":"https:\/\/apuntesdesanluis.com\/wp-content\/uploads\/2024\/05\/poggi-2.png","width":778,"height":437},{"@type":"BreadcrumbList","@id":"https:\/\/apuntesdesanluis.com\/index.php\/2024\/08\/11\/poggi-los-albertos-convirtieron-una-causa-justa-en-un-negocio-politico-e-hipocrita\/#breadcrumb","itemListElement":[{"@type":"ListItem","position":1,"name":"Inicio","item":"https:\/\/apuntesdesanluis.com\/"},{"@type":"ListItem","position":2,"name":"POGGI: LOS ALBERTOS \u201cCONVIRTIERON UNA CAUSA JUSTA EN UN NEGOCIO POL\u00cdTICO E HIP\u00d3CRITA\u201d"}]},{"@type":"WebSite","@id":"https:\/\/apuntesdesanluis.com\/#website","url":"https:\/\/apuntesdesanluis.com\/","name":"Apuntes de San Luis","description":"","publisher":{"@id":"https:\/\/apuntesdesanluis.com\/#\/schema\/person\/b55151d52296fcce64d1a72538a70b90"},"potentialAction":[{"@type":"SearchAction","target":{"@type":"EntryPoint","urlTemplate":"https:\/\/apuntesdesanluis.com\/?s={search_term_string}"},"query-input":{"@type":"PropertyValueSpecification","valueRequired":true,"valueName":"search_term_string"}}],"inLanguage":"es-AR"},{"@type":["Person","Organization"],"@id":"https:\/\/apuntesdesanluis.com\/#\/schema\/person\/b55151d52296fcce64d1a72538a70b90","name":"apuntesdesanluis.com","image":{"@type":"ImageObject","inLanguage":"es-AR","@id":"https:\/\/apuntesdesanluis.com\/#\/schema\/person\/image\/","url":"https:\/\/apuntesdesanluis.com\/wp-content\/uploads\/2023\/07\/cropped-apuntesdesanluis.png","contentUrl":"https:\/\/apuntesdesanluis.com\/wp-content\/uploads\/2023\/07\/cropped-apuntesdesanluis.png","width":450,"height":112,"caption":"apuntesdesanluis.com"},"logo":{"@id":"https:\/\/apuntesdesanluis.com\/#\/schema\/person\/image\/"},"sameAs":["https:\/\/apuntesdesanluis.com"],"url":"https:\/\/apuntesdesanluis.com\/index.php\/author\/apuntesdesanluis-com\/"}]}},"featured_image_urls":{"full":["https:\/\/apuntesdesanluis.com\/wp-content\/uploads\/2024\/05\/poggi-2.png",778,437,false],"thumbnail":["https:\/\/apuntesdesanluis.com\/wp-content\/uploads\/2024\/05\/poggi-2-150x150.png",150,150,true],"medium":["https:\/\/apuntesdesanluis.com\/wp-content\/uploads\/2024\/05\/poggi-2-300x169.png",300,169,true],"medium_large":["https:\/\/apuntesdesanluis.com\/wp-content\/uploads\/2024\/05\/poggi-2-768x431.png",640,359,true],"large":["https:\/\/apuntesdesanluis.com\/wp-content\/uploads\/2024\/05\/poggi-2.png",640,359,false],"1536x1536":["https:\/\/apuntesdesanluis.com\/wp-content\/uploads\/2024\/05\/poggi-2.png",778,437,false],"2048x2048":["https:\/\/apuntesdesanluis.com\/wp-content\/uploads\/2024\/05\/poggi-2.png",778,437,false],"newsever-slider-full":["https:\/\/apuntesdesanluis.com\/wp-content\/uploads\/2024\/05\/poggi-2.png",778,437,false],"newsever-featured":["https:\/\/apuntesdesanluis.com\/wp-content\/uploads\/2024\/05\/poggi-2.png",778,437,false],"newsever-medium":["https:\/\/apuntesdesanluis.com\/wp-content\/uploads\/2024\/05\/poggi-2-720x437.png",720,437,true]},"author_info":{"display_name":"apuntesdesanluis.com","author_link":"https:\/\/apuntesdesanluis.com\/index.php\/author\/apuntesdesanluis-com\/"},"category_info":"<a href=\"https:\/\/apuntesdesanluis.com\/index.php\/category\/ciudad-provincia\/\" rel=\"category tag\">Ciudad\/Provincia<\/a>","tag_info":"Ciudad\/Provincia","comment_count":"0","_links":{"self":[{"href":"https:\/\/apuntesdesanluis.com\/index.php\/wp-json\/wp\/v2\/posts\/20712","targetHints":{"allow":["GET"]}}],"collection":[{"href":"https:\/\/apuntesdesanluis.com\/index.php\/wp-json\/wp\/v2\/posts"}],"about":[{"href":"https:\/\/apuntesdesanluis.com\/index.php\/wp-json\/wp\/v2\/types\/post"}],"author":[{"embeddable":true,"href":"https:\/\/apuntesdesanluis.com\/index.php\/wp-json\/wp\/v2\/users\/1"}],"replies":[{"embeddable":true,"href":"https:\/\/apuntesdesanluis.com\/index.php\/wp-json\/wp\/v2\/comments?post=20712"}],"version-history":[{"count":1,"href":"https:\/\/apuntesdesanluis.com\/index.php\/wp-json\/wp\/v2\/posts\/20712\/revisions"}],"predecessor-version":[{"id":20717,"href":"https:\/\/apuntesdesanluis.com\/index.php\/wp-json\/wp\/v2\/posts\/20712\/revisions\/20717"}],"wp:featuredmedia":[{"embeddable":true,"href":"https:\/\/apuntesdesanluis.com\/index.php\/wp-json\/wp\/v2\/media\/15843"}],"wp:attachment":[{"href":"https:\/\/apuntesdesanluis.com\/index.php\/wp-json\/wp\/v2\/media?parent=20712"}],"wp:term":[{"taxonomy":"category","embeddable":true,"href":"https:\/\/apuntesdesanluis.com\/index.php\/wp-json\/wp\/v2\/categories?post=20712"},{"taxonomy":"post_tag","embeddable":true,"href":"https:\/\/apuntesdesanluis.com\/index.php\/wp-json\/wp\/v2\/tags?post=20712"}],"curies":[{"name":"wp","href":"https:\/\/api.w.org\/{rel}","templated":true}]}}