{"id":20727,"date":"2024-08-13T06:05:33","date_gmt":"2024-08-13T09:05:33","guid":{"rendered":"https:\/\/apuntesdesanluis.com\/?p=20727"},"modified":"2024-08-13T06:38:16","modified_gmt":"2024-08-13T09:38:16","slug":"la-toma-pelea-entre-hermanos-termino-con-uno-en-terapia-intensiva","status":"publish","type":"post","link":"https:\/\/apuntesdesanluis.com\/index.php\/2024\/08\/13\/la-toma-pelea-entre-hermanos-termino-con-uno-en-terapia-intensiva\/","title":{"rendered":"LA TOMA: PELEA ENTRE HERMANOS TERMIN\u00d3 CON UNO EN TERAPIA INTENSIVA"},"content":{"rendered":"<h3>Comisar\u00eda Distrito 16\u00b0 inform\u00f3 que la salvaje pelea tuvo lugar este lunes, alrededor de las 11:45 en la localidad de La Toma, y producto del incidente un hombre termin\u00f3 herido de gravedad.<\/h3>\n<h3>De acuerdo a las averiguaciones, dos hermanos de 30 y 31 a\u00f1os protagonizaron una pelea familiar en inmediaciones de las calles Fort\u00edn la Toma Vieja y Juan C. Aguilar.<\/h3>\n<h3>A ese lugar hab\u00eda acudido el hombre de 31 a\u00f1os en una moto Zanella RX 150 cc y comenz\u00f3 una discusi\u00f3n con su hermano, de 30 a\u00f1os.<\/h3>\n<h3>La madre de ambos intervino en la pelea y en ese momento el mayor de los hombres arranc\u00f3 su moto e intent\u00f3 atropellar a la mujer y a su hermano.<\/h3>\n<h3>Seguidamente -de acuerdo a lo relatado por la madre de ambos- el hermano de 30 a\u00f1os tom\u00f3 una piedra y se la arroj\u00f3 al sujeto de la moto, impactando en la cabeza del hombre. El golpe de la piedra hizo que el sujeto perdiera el control del rodado, por lo que cay\u00f3 y qued\u00f3 inconsciente.<\/h3>\n<h3>Personal de salud que acudi\u00f3 al lugar en una ambulancia brind\u00f3 las primeras atenciones m\u00e9dicas al mayor de los hermanos, el cual fue trasladado al hospital de la localidad. Posteriormente, debido a la gravedad de la herida en su cabeza, fue derivado al Hospital Central \u201cDr. Ram\u00f3n Carrillo\u201d de San Luis, donde se encontraba en el \u00e1rea de terapia intensiva, de acuerdo a la informaci\u00f3n brindada desde ese lugar.<\/h3>\n<h3>El otro hombre, en tanto, fue detenido por personal policial, por orden de la Fiscal\u00eda de Instrucci\u00f3n N\u00b0 1 de la Primera Circunscripci\u00f3n Judicial.<\/h3>\n<p>&nbsp;<\/p>\n<p>&nbsp;<\/p>\n<p>&nbsp;<\/p>\n<p>&nbsp;<\/p>\n<p>&nbsp;<\/p>\n","protected":false},"excerpt":{"rendered":"<p>Comisar\u00eda Distrito 16\u00b0 inform\u00f3 que la salvaje pelea tuvo lugar este lunes, alrededor de las&#8230;<\/p>\n","protected":false},"author":1,"featured_media":13422,"comment_status":"closed","ping_status":"closed","sticky":false,"template":"","format":"standard","meta":{"footnotes":""},"categories":[6],"tags":[],"class_list":["post-20727","post","type-post","status-publish","format-standard","has-post-thumbnail","hentry","category-ciudad-provincia"],"yoast_head":"<!-- This site is optimized with the Yoast SEO plugin v26.1.1 - https:\/\/yoast.com\/wordpress\/plugins\/seo\/ -->\n<title>LA TOMA: PELEA ENTRE HERMANOS TERMIN\u00d3 CON UNO EN TERAPIA INTENSIVA - Apuntes de San Luis<\/title>\n<meta name=\"robots\" content=\"index, follow, max-snippet:-1, max-image-preview:large, max-video-preview:-1\" \/>\n<link rel=\"canonical\" href=\"https:\/\/apuntesdesanluis.com\/index.php\/2024\/08\/13\/la-toma-pelea-entre-hermanos-termino-con-uno-en-terapia-intensiva\/\" \/>\n<meta property=\"og:locale\" content=\"es_ES\" \/>\n<meta property=\"og:type\" content=\"article\" \/>\n<meta property=\"og:title\" content=\"LA TOMA: PELEA ENTRE HERMANOS TERMIN\u00d3 CON UNO EN TERAPIA INTENSIVA - Apuntes de San Luis\" \/>\n<meta property=\"og:description\" content=\"Comisar\u00eda Distrito 16\u00b0 inform\u00f3 que la salvaje pelea tuvo lugar este lunes, alrededor de las...\" \/>\n<meta property=\"og:url\" content=\"https:\/\/apuntesdesanluis.com\/index.php\/2024\/08\/13\/la-toma-pelea-entre-hermanos-termino-con-uno-en-terapia-intensiva\/\" \/>\n<meta property=\"og:site_name\" content=\"Apuntes de San Luis\" \/>\n<meta property=\"article:published_time\" content=\"2024-08-13T09:05:33+00:00\" \/>\n<meta property=\"article:modified_time\" content=\"2024-08-13T09:38:16+00:00\" \/>\n<meta property=\"og:image\" content=\"https:\/\/apuntesdesanluis.com\/wp-content\/uploads\/2024\/03\/HOSPITAL-RAMON-CARRILLO.jpg\" \/>\n\t<meta property=\"og:image:width\" content=\"597\" \/>\n\t<meta property=\"og:image:height\" content=\"330\" \/>\n\t<meta property=\"og:image:type\" content=\"image\/jpeg\" \/>\n<meta name=\"author\" content=\"apuntesdesanluis.com\" \/>\n<meta name=\"twitter:card\" content=\"summary_large_image\" \/>\n<meta name=\"twitter:label1\" content=\"Escrito por\" \/>\n\t<meta name=\"twitter:data1\" content=\"apuntesdesanluis.com\" \/>\n\t<meta name=\"twitter:label2\" content=\"Tiempo de lectura\" \/>\n\t<meta name=\"twitter:data2\" content=\"2 minutos\" \/>\n<script type=\"application\/ld+json\" class=\"yoast-schema-graph\">{\"@context\":\"https:\/\/schema.org\",\"@graph\":[{\"@type\":\"Article\",\"@id\":\"https:\/\/apuntesdesanluis.com\/index.php\/2024\/08\/13\/la-toma-pelea-entre-hermanos-termino-con-uno-en-terapia-intensiva\/#article\",\"isPartOf\":{\"@id\":\"https:\/\/apuntesdesanluis.com\/index.php\/2024\/08\/13\/la-toma-pelea-entre-hermanos-termino-con-uno-en-terapia-intensiva\/\"},\"author\":{\"name\":\"apuntesdesanluis.com\",\"@id\":\"https:\/\/apuntesdesanluis.com\/#\/schema\/person\/b55151d52296fcce64d1a72538a70b90\"},\"headline\":\"LA TOMA: PELEA ENTRE HERMANOS TERMIN\u00d3 CON UNO EN TERAPIA INTENSIVA\",\"datePublished\":\"2024-08-13T09:05:33+00:00\",\"dateModified\":\"2024-08-13T09:38:16+00:00\",\"mainEntityOfPage\":{\"@id\":\"https:\/\/apuntesdesanluis.com\/index.php\/2024\/08\/13\/la-toma-pelea-entre-hermanos-termino-con-uno-en-terapia-intensiva\/\"},\"wordCount\":287,\"publisher\":{\"@id\":\"https:\/\/apuntesdesanluis.com\/#\/schema\/person\/b55151d52296fcce64d1a72538a70b90\"},\"image\":{\"@id\":\"https:\/\/apuntesdesanluis.com\/index.php\/2024\/08\/13\/la-toma-pelea-entre-hermanos-termino-con-uno-en-terapia-intensiva\/#primaryimage\"},\"thumbnailUrl\":\"https:\/\/apuntesdesanluis.com\/wp-content\/uploads\/2024\/03\/HOSPITAL-RAMON-CARRILLO.jpg\",\"articleSection\":[\"Ciudad\/Provincia\"],\"inLanguage\":\"es-AR\"},{\"@type\":\"WebPage\",\"@id\":\"https:\/\/apuntesdesanluis.com\/index.php\/2024\/08\/13\/la-toma-pelea-entre-hermanos-termino-con-uno-en-terapia-intensiva\/\",\"url\":\"https:\/\/apuntesdesanluis.com\/index.php\/2024\/08\/13\/la-toma-pelea-entre-hermanos-termino-con-uno-en-terapia-intensiva\/\",\"name\":\"LA TOMA: PELEA ENTRE HERMANOS TERMIN\u00d3 CON UNO EN TERAPIA INTENSIVA - Apuntes de San Luis\",\"isPartOf\":{\"@id\":\"https:\/\/apuntesdesanluis.com\/#website\"},\"primaryImageOfPage\":{\"@id\":\"https:\/\/apuntesdesanluis.com\/index.php\/2024\/08\/13\/la-toma-pelea-entre-hermanos-termino-con-uno-en-terapia-intensiva\/#primaryimage\"},\"image\":{\"@id\":\"https:\/\/apuntesdesanluis.com\/index.php\/2024\/08\/13\/la-toma-pelea-entre-hermanos-termino-con-uno-en-terapia-intensiva\/#primaryimage\"},\"thumbnailUrl\":\"https:\/\/apuntesdesanluis.com\/wp-content\/uploads\/2024\/03\/HOSPITAL-RAMON-CARRILLO.jpg\",\"datePublished\":\"2024-08-13T09:05:33+00:00\",\"dateModified\":\"2024-08-13T09:38:16+00:00\",\"breadcrumb\":{\"@id\":\"https:\/\/apuntesdesanluis.com\/index.php\/2024\/08\/13\/la-toma-pelea-entre-hermanos-termino-con-uno-en-terapia-intensiva\/#breadcrumb\"},\"inLanguage\":\"es-AR\",\"potentialAction\":[{\"@type\":\"ReadAction\",\"target\":[\"https:\/\/apuntesdesanluis.com\/index.php\/2024\/08\/13\/la-toma-pelea-entre-hermanos-termino-con-uno-en-terapia-intensiva\/\"]}]},{\"@type\":\"ImageObject\",\"inLanguage\":\"es-AR\",\"@id\":\"https:\/\/apuntesdesanluis.com\/index.php\/2024\/08\/13\/la-toma-pelea-entre-hermanos-termino-con-uno-en-terapia-intensiva\/#primaryimage\",\"url\":\"https:\/\/apuntesdesanluis.com\/wp-content\/uploads\/2024\/03\/HOSPITAL-RAMON-CARRILLO.jpg\",\"contentUrl\":\"https:\/\/apuntesdesanluis.com\/wp-content\/uploads\/2024\/03\/HOSPITAL-RAMON-CARRILLO.jpg\",\"width\":597,\"height\":330},{\"@type\":\"BreadcrumbList\",\"@id\":\"https:\/\/apuntesdesanluis.com\/index.php\/2024\/08\/13\/la-toma-pelea-entre-hermanos-termino-con-uno-en-terapia-intensiva\/#breadcrumb\",\"itemListElement\":[{\"@type\":\"ListItem\",\"position\":1,\"name\":\"Inicio\",\"item\":\"https:\/\/apuntesdesanluis.com\/\"},{\"@type\":\"ListItem\",\"position\":2,\"name\":\"LA TOMA: PELEA ENTRE HERMANOS TERMIN\u00d3 CON UNO EN TERAPIA INTENSIVA\"}]},{\"@type\":\"WebSite\",\"@id\":\"https:\/\/apuntesdesanluis.com\/#website\",\"url\":\"https:\/\/apuntesdesanluis.com\/\",\"name\":\"Apuntes de San Luis\",\"description\":\"\",\"publisher\":{\"@id\":\"https:\/\/apuntesdesanluis.com\/#\/schema\/person\/b55151d52296fcce64d1a72538a70b90\"},\"potentialAction\":[{\"@type\":\"SearchAction\",\"target\":{\"@type\":\"EntryPoint\",\"urlTemplate\":\"https:\/\/apuntesdesanluis.com\/?s={search_term_string}\"},\"query-input\":{\"@type\":\"PropertyValueSpecification\",\"valueRequired\":true,\"valueName\":\"search_term_string\"}}],\"inLanguage\":\"es-AR\"},{\"@type\":[\"Person\",\"Organization\"],\"@id\":\"https:\/\/apuntesdesanluis.com\/#\/schema\/person\/b55151d52296fcce64d1a72538a70b90\",\"name\":\"apuntesdesanluis.com\",\"image\":{\"@type\":\"ImageObject\",\"inLanguage\":\"es-AR\",\"@id\":\"https:\/\/apuntesdesanluis.com\/#\/schema\/person\/image\/\",\"url\":\"https:\/\/apuntesdesanluis.com\/wp-content\/uploads\/2023\/07\/cropped-apuntesdesanluis.png\",\"contentUrl\":\"https:\/\/apuntesdesanluis.com\/wp-content\/uploads\/2023\/07\/cropped-apuntesdesanluis.png\",\"width\":450,\"height\":112,\"caption\":\"apuntesdesanluis.com\"},\"logo\":{\"@id\":\"https:\/\/apuntesdesanluis.com\/#\/schema\/person\/image\/\"},\"sameAs\":[\"https:\/\/apuntesdesanluis.com\"],\"url\":\"https:\/\/apuntesdesanluis.com\/index.php\/author\/apuntesdesanluis-com\/\"}]}<\/script>\n<!-- \/ Yoast SEO plugin. -->","yoast_head_json":{"title":"LA TOMA: PELEA ENTRE HERMANOS TERMIN\u00d3 CON UNO EN TERAPIA INTENSIVA - Apuntes de San Luis","robots":{"index":"index","follow":"follow","max-snippet":"max-snippet:-1","max-image-preview":"max-image-preview:large","max-video-preview":"max-video-preview:-1"},"canonical":"https:\/\/apuntesdesanluis.com\/index.php\/2024\/08\/13\/la-toma-pelea-entre-hermanos-termino-con-uno-en-terapia-intensiva\/","og_locale":"es_ES","og_type":"article","og_title":"LA TOMA: PELEA ENTRE HERMANOS TERMIN\u00d3 CON UNO EN TERAPIA INTENSIVA - Apuntes de San Luis","og_description":"Comisar\u00eda Distrito 16\u00b0 inform\u00f3 que la salvaje pelea tuvo lugar este lunes, alrededor de las...","og_url":"https:\/\/apuntesdesanluis.com\/index.php\/2024\/08\/13\/la-toma-pelea-entre-hermanos-termino-con-uno-en-terapia-intensiva\/","og_site_name":"Apuntes de San Luis","article_published_time":"2024-08-13T09:05:33+00:00","article_modified_time":"2024-08-13T09:38:16+00:00","og_image":[{"width":597,"height":330,"url":"https:\/\/apuntesdesanluis.com\/wp-content\/uploads\/2024\/03\/HOSPITAL-RAMON-CARRILLO.jpg","type":"image\/jpeg"}],"author":"apuntesdesanluis.com","twitter_card":"summary_large_image","twitter_misc":{"Escrito por":"apuntesdesanluis.com","Tiempo de lectura":"2 minutos"},"schema":{"@context":"https:\/\/schema.org","@graph":[{"@type":"Article","@id":"https:\/\/apuntesdesanluis.com\/index.php\/2024\/08\/13\/la-toma-pelea-entre-hermanos-termino-con-uno-en-terapia-intensiva\/#article","isPartOf":{"@id":"https:\/\/apuntesdesanluis.com\/index.php\/2024\/08\/13\/la-toma-pelea-entre-hermanos-termino-con-uno-en-terapia-intensiva\/"},"author":{"name":"apuntesdesanluis.com","@id":"https:\/\/apuntesdesanluis.com\/#\/schema\/person\/b55151d52296fcce64d1a72538a70b90"},"headline":"LA TOMA: PELEA ENTRE HERMANOS TERMIN\u00d3 CON UNO EN TERAPIA INTENSIVA","datePublished":"2024-08-13T09:05:33+00:00","dateModified":"2024-08-13T09:38:16+00:00","mainEntityOfPage":{"@id":"https:\/\/apuntesdesanluis.com\/index.php\/2024\/08\/13\/la-toma-pelea-entre-hermanos-termino-con-uno-en-terapia-intensiva\/"},"wordCount":287,"publisher":{"@id":"https:\/\/apuntesdesanluis.com\/#\/schema\/person\/b55151d52296fcce64d1a72538a70b90"},"image":{"@id":"https:\/\/apuntesdesanluis.com\/index.php\/2024\/08\/13\/la-toma-pelea-entre-hermanos-termino-con-uno-en-terapia-intensiva\/#primaryimage"},"thumbnailUrl":"https:\/\/apuntesdesanluis.com\/wp-content\/uploads\/2024\/03\/HOSPITAL-RAMON-CARRILLO.jpg","articleSection":["Ciudad\/Provincia"],"inLanguage":"es-AR"},{"@type":"WebPage","@id":"https:\/\/apuntesdesanluis.com\/index.php\/2024\/08\/13\/la-toma-pelea-entre-hermanos-termino-con-uno-en-terapia-intensiva\/","url":"https:\/\/apuntesdesanluis.com\/index.php\/2024\/08\/13\/la-toma-pelea-entre-hermanos-termino-con-uno-en-terapia-intensiva\/","name":"LA TOMA: PELEA ENTRE HERMANOS TERMIN\u00d3 CON UNO EN TERAPIA INTENSIVA - Apuntes de San Luis","isPartOf":{"@id":"https:\/\/apuntesdesanluis.com\/#website"},"primaryImageOfPage":{"@id":"https:\/\/apuntesdesanluis.com\/index.php\/2024\/08\/13\/la-toma-pelea-entre-hermanos-termino-con-uno-en-terapia-intensiva\/#primaryimage"},"image":{"@id":"https:\/\/apuntesdesanluis.com\/index.php\/2024\/08\/13\/la-toma-pelea-entre-hermanos-termino-con-uno-en-terapia-intensiva\/#primaryimage"},"thumbnailUrl":"https:\/\/apuntesdesanluis.com\/wp-content\/uploads\/2024\/03\/HOSPITAL-RAMON-CARRILLO.jpg","datePublished":"2024-08-13T09:05:33+00:00","dateModified":"2024-08-13T09:38:16+00:00","breadcrumb":{"@id":"https:\/\/apuntesdesanluis.com\/index.php\/2024\/08\/13\/la-toma-pelea-entre-hermanos-termino-con-uno-en-terapia-intensiva\/#breadcrumb"},"inLanguage":"es-AR","potentialAction":[{"@type":"ReadAction","target":["https:\/\/apuntesdesanluis.com\/index.php\/2024\/08\/13\/la-toma-pelea-entre-hermanos-termino-con-uno-en-terapia-intensiva\/"]}]},{"@type":"ImageObject","inLanguage":"es-AR","@id":"https:\/\/apuntesdesanluis.com\/index.php\/2024\/08\/13\/la-toma-pelea-entre-hermanos-termino-con-uno-en-terapia-intensiva\/#primaryimage","url":"https:\/\/apuntesdesanluis.com\/wp-content\/uploads\/2024\/03\/HOSPITAL-RAMON-CARRILLO.jpg","contentUrl":"https:\/\/apuntesdesanluis.com\/wp-content\/uploads\/2024\/03\/HOSPITAL-RAMON-CARRILLO.jpg","width":597,"height":330},{"@type":"BreadcrumbList","@id":"https:\/\/apuntesdesanluis.com\/index.php\/2024\/08\/13\/la-toma-pelea-entre-hermanos-termino-con-uno-en-terapia-intensiva\/#breadcrumb","itemListElement":[{"@type":"ListItem","position":1,"name":"Inicio","item":"https:\/\/apuntesdesanluis.com\/"},{"@type":"ListItem","position":2,"name":"LA TOMA: PELEA ENTRE HERMANOS TERMIN\u00d3 CON UNO EN TERAPIA INTENSIVA"}]},{"@type":"WebSite","@id":"https:\/\/apuntesdesanluis.com\/#website","url":"https:\/\/apuntesdesanluis.com\/","name":"Apuntes de San Luis","description":"","publisher":{"@id":"https:\/\/apuntesdesanluis.com\/#\/schema\/person\/b55151d52296fcce64d1a72538a70b90"},"potentialAction":[{"@type":"SearchAction","target":{"@type":"EntryPoint","urlTemplate":"https:\/\/apuntesdesanluis.com\/?s={search_term_string}"},"query-input":{"@type":"PropertyValueSpecification","valueRequired":true,"valueName":"search_term_string"}}],"inLanguage":"es-AR"},{"@type":["Person","Organization"],"@id":"https:\/\/apuntesdesanluis.com\/#\/schema\/person\/b55151d52296fcce64d1a72538a70b90","name":"apuntesdesanluis.com","image":{"@type":"ImageObject","inLanguage":"es-AR","@id":"https:\/\/apuntesdesanluis.com\/#\/schema\/person\/image\/","url":"https:\/\/apuntesdesanluis.com\/wp-content\/uploads\/2023\/07\/cropped-apuntesdesanluis.png","contentUrl":"https:\/\/apuntesdesanluis.com\/wp-content\/uploads\/2023\/07\/cropped-apuntesdesanluis.png","width":450,"height":112,"caption":"apuntesdesanluis.com"},"logo":{"@id":"https:\/\/apuntesdesanluis.com\/#\/schema\/person\/image\/"},"sameAs":["https:\/\/apuntesdesanluis.com"],"url":"https:\/\/apuntesdesanluis.com\/index.php\/author\/apuntesdesanluis-com\/"}]}},"featured_image_urls":{"full":["https:\/\/apuntesdesanluis.com\/wp-content\/uploads\/2024\/03\/HOSPITAL-RAMON-CARRILLO.jpg",597,330,false],"thumbnail":["https:\/\/apuntesdesanluis.com\/wp-content\/uploads\/2024\/03\/HOSPITAL-RAMON-CARRILLO-150x150.jpg",150,150,true],"medium":["https:\/\/apuntesdesanluis.com\/wp-content\/uploads\/2024\/03\/HOSPITAL-RAMON-CARRILLO-300x166.jpg",300,166,true],"medium_large":["https:\/\/apuntesdesanluis.com\/wp-content\/uploads\/2024\/03\/HOSPITAL-RAMON-CARRILLO.jpg",597,330,false],"large":["https:\/\/apuntesdesanluis.com\/wp-content\/uploads\/2024\/03\/HOSPITAL-RAMON-CARRILLO.jpg",597,330,false],"1536x1536":["https:\/\/apuntesdesanluis.com\/wp-content\/uploads\/2024\/03\/HOSPITAL-RAMON-CARRILLO.jpg",597,330,false],"2048x2048":["https:\/\/apuntesdesanluis.com\/wp-content\/uploads\/2024\/03\/HOSPITAL-RAMON-CARRILLO.jpg",597,330,false],"newsever-slider-full":["https:\/\/apuntesdesanluis.com\/wp-content\/uploads\/2024\/03\/HOSPITAL-RAMON-CARRILLO.jpg",597,330,false],"newsever-featured":["https:\/\/apuntesdesanluis.com\/wp-content\/uploads\/2024\/03\/HOSPITAL-RAMON-CARRILLO.jpg",597,330,false],"newsever-medium":["https:\/\/apuntesdesanluis.com\/wp-content\/uploads\/2024\/03\/HOSPITAL-RAMON-CARRILLO.jpg",597,330,false]},"author_info":{"display_name":"apuntesdesanluis.com","author_link":"https:\/\/apuntesdesanluis.com\/index.php\/author\/apuntesdesanluis-com\/"},"category_info":"<a href=\"https:\/\/apuntesdesanluis.com\/index.php\/category\/ciudad-provincia\/\" rel=\"category tag\">Ciudad\/Provincia<\/a>","tag_info":"Ciudad\/Provincia","comment_count":"0","_links":{"self":[{"href":"https:\/\/apuntesdesanluis.com\/index.php\/wp-json\/wp\/v2\/posts\/20727","targetHints":{"allow":["GET"]}}],"collection":[{"href":"https:\/\/apuntesdesanluis.com\/index.php\/wp-json\/wp\/v2\/posts"}],"about":[{"href":"https:\/\/apuntesdesanluis.com\/index.php\/wp-json\/wp\/v2\/types\/post"}],"author":[{"embeddable":true,"href":"https:\/\/apuntesdesanluis.com\/index.php\/wp-json\/wp\/v2\/users\/1"}],"replies":[{"embeddable":true,"href":"https:\/\/apuntesdesanluis.com\/index.php\/wp-json\/wp\/v2\/comments?post=20727"}],"version-history":[{"count":1,"href":"https:\/\/apuntesdesanluis.com\/index.php\/wp-json\/wp\/v2\/posts\/20727\/revisions"}],"predecessor-version":[{"id":20728,"href":"https:\/\/apuntesdesanluis.com\/index.php\/wp-json\/wp\/v2\/posts\/20727\/revisions\/20728"}],"wp:featuredmedia":[{"embeddable":true,"href":"https:\/\/apuntesdesanluis.com\/index.php\/wp-json\/wp\/v2\/media\/13422"}],"wp:attachment":[{"href":"https:\/\/apuntesdesanluis.com\/index.php\/wp-json\/wp\/v2\/media?parent=20727"}],"wp:term":[{"taxonomy":"category","embeddable":true,"href":"https:\/\/apuntesdesanluis.com\/index.php\/wp-json\/wp\/v2\/categories?post=20727"},{"taxonomy":"post_tag","embeddable":true,"href":"https:\/\/apuntesdesanluis.com\/index.php\/wp-json\/wp\/v2\/tags?post=20727"}],"curies":[{"name":"wp","href":"https:\/\/api.w.org\/{rel}","templated":true}]}}