{"id":2073,"date":"2023-08-24T14:20:54","date_gmt":"2023-08-24T17:20:54","guid":{"rendered":"https:\/\/apuntesdesanluis.com\/?p=2073"},"modified":"2023-08-24T14:20:54","modified_gmt":"2023-08-24T17:20:54","slug":"formularon-cargos-contra-un-hombre-por-tres-robos-en-villa-mercedes","status":"publish","type":"post","link":"https:\/\/apuntesdesanluis.com\/index.php\/2023\/08\/24\/formularon-cargos-contra-un-hombre-por-tres-robos-en-villa-mercedes\/","title":{"rendered":"FORMULARON CARGOS CONTRA UN HOMBRE POR TRES ROBOS EN VILLA MERCEDES"},"content":{"rendered":"<h3>Adem\u00e1s, el imputado habr\u00eda cometido otros dos hechos delictivos, entre el 10 y 11 de agosto pasado. Permanecer\u00e1 detenido en la Comisar\u00eda 40\u00ba de Villa Mercedes.<\/h3>\n<h3>El Dr. Santiago Ortiz, Juez de Garant\u00eda N\u00ba 4 de la Segunda Circunscripci\u00f3n Judicial, formul\u00f3 cargos provisorios contra un hombre que es investigado como posible co autor de una serie de hechos delictivos registrados en la ciudad de Villa Mercedes entre la noche del pasado 10 de agosto y la madrugada del 11 de agosto.<\/h3>\n<h3>En la audiencia estuvieron presentes en representaci\u00f3n del Ministerio P\u00fablico Fiscal, el Dr. Jos\u00e9 Olgu\u00edn y la Dra. Andrea Court, y por la defensa del imputado, las Dras. Cecilia Mithiaux y Silvia Mor\u00e1n.\u00a0 Como secretaria intervino la Dra. Nadia Segura.<\/h3>\n<h3>En primer lugar, la fiscal\u00eda expuso su teor\u00eda del caso y explic\u00f3 que investigan tres hechos delictivos, en los que el imputado habr\u00eda participado como co autor, junto a una mujer a quien ya se le formularon cargos (Para obtener m\u00e1s informaci\u00f3n ingrese al siguiente enlace <a href=\"https:\/\/www.periodicojudicial.gov.ar\/una-mujer-imputada-por-el-robo-en-un-24-hs-de-villa-mercedes\/\">https:\/\/www.periodicojudicial.gov.ar\/una-mujer-imputada-por-el-robo-en-un-24-hs-de-villa-mercedes\/<\/a> )<\/h3>\n<h3>El primero de los hechos ocurri\u00f3 el 10 de agosto, aproximadamente a las 22:30 en la calle Olloqui entre Pringles y Miguel B Pastor. All\u00ed el imputado se acerc\u00f3 junto a una mujer a un hombre quien se encontraba detenido a bordo de su motocicleta y mediante amenazas con arma, le sustrajeron el rodado. Cabe mencionar que en el interior de la moto se encontraba toda la documentaci\u00f3n del rodado y del propietario de la misma.<\/h3>\n<h3>El segundo hecho se registr\u00f3 en un comercio, donde las c\u00e1maras de seguridad registraron, seg\u00fan los dichos del fiscal, al imputado junto a una mujer, quienes ingresaron y sustrajeron dinero de la caja registradora y un posnet, entre otros elementos. Esto se produjo el 11 de agosto, a las 2:06 de la madrugada.<\/h3>\n<h3>Unos minutos m\u00e1s tarde, el imputado ingres\u00f3 a robar a un comercio (\u201c24 horas\u201d) ubicado en la intersecci\u00f3n de las calles San Mart\u00edn y Tucum\u00e1n. All\u00ed el imputado se trab\u00f3 en una pelea con un empleado del local, pero finalmente fue reducido por personal policial que lleg\u00f3 hasta el lugar. El Fiscal explic\u00f3 que el imputado tom\u00f3 un cuchillo de la fiambrer\u00eda con el que agredi\u00f3 al empleado.<\/h3>\n<h3>Por su parte, la defensa plante\u00f3 que se vulneraron derechos del imputado, ya que el mismo permaneci\u00f3 esposado e incomunicado en la ciudad de San Luis mientras recib\u00eda atenci\u00f3n m\u00e9dica entre el 12 y el 18 de agosto, cuando se efectiviz\u00f3 la orden de detenci\u00f3n policial. Asimismo, solicit\u00f3 pr\u00f3rroga de detenci\u00f3n por el plazo de 8 d\u00edas.<\/h3>\n<h3>Luego de escuchar a los partes, el Dr. Santiago Ortiz formul\u00f3 cargos provisorios, en calidad de coautor, por los delitos de: robo con arma cuya aptitud para el disparo no ha podido ser acreditada, robo simple y robo con arma en grado de tentativa.<\/h3>\n","protected":false},"excerpt":{"rendered":"<p>Adem\u00e1s, el imputado habr\u00eda cometido otros dos hechos delictivos, entre el 10 y 11 de&#8230;<\/p>\n","protected":false},"author":1,"featured_media":2074,"comment_status":"closed","ping_status":"closed","sticky":false,"template":"","format":"standard","meta":{"footnotes":""},"categories":[6],"tags":[],"class_list":["post-2073","post","type-post","status-publish","format-standard","has-post-thumbnail","hentry","category-ciudad-provincia"],"yoast_head":"<!-- This site is optimized with the Yoast SEO plugin v26.1.1 - https:\/\/yoast.com\/wordpress\/plugins\/seo\/ -->\n<title>FORMULARON CARGOS CONTRA UN HOMBRE POR TRES ROBOS EN VILLA MERCEDES - Apuntes de San Luis<\/title>\n<meta name=\"robots\" content=\"index, follow, max-snippet:-1, max-image-preview:large, max-video-preview:-1\" \/>\n<link rel=\"canonical\" href=\"https:\/\/apuntesdesanluis.com\/index.php\/2023\/08\/24\/formularon-cargos-contra-un-hombre-por-tres-robos-en-villa-mercedes\/\" \/>\n<meta property=\"og:locale\" content=\"es_ES\" \/>\n<meta property=\"og:type\" content=\"article\" \/>\n<meta property=\"og:title\" content=\"FORMULARON CARGOS CONTRA UN HOMBRE POR TRES ROBOS EN VILLA MERCEDES - Apuntes de San Luis\" \/>\n<meta property=\"og:description\" content=\"Adem\u00e1s, el imputado habr\u00eda cometido otros dos hechos delictivos, entre el 10 y 11 de...\" \/>\n<meta property=\"og:url\" content=\"https:\/\/apuntesdesanluis.com\/index.php\/2023\/08\/24\/formularon-cargos-contra-un-hombre-por-tres-robos-en-villa-mercedes\/\" \/>\n<meta property=\"og:site_name\" content=\"Apuntes de San Luis\" \/>\n<meta property=\"article:published_time\" content=\"2023-08-24T17:20:54+00:00\" \/>\n<meta property=\"og:image\" content=\"https:\/\/apuntesdesanluis.com\/wp-content\/uploads\/2023\/08\/ortiz-1.png\" \/>\n\t<meta property=\"og:image:width\" content=\"600\" \/>\n\t<meta property=\"og:image:height\" content=\"366\" \/>\n\t<meta property=\"og:image:type\" content=\"image\/png\" \/>\n<meta name=\"author\" content=\"apuntesdesanluis.com\" \/>\n<meta name=\"twitter:card\" content=\"summary_large_image\" \/>\n<meta name=\"twitter:label1\" content=\"Escrito por\" \/>\n\t<meta name=\"twitter:data1\" content=\"apuntesdesanluis.com\" \/>\n\t<meta name=\"twitter:label2\" content=\"Tiempo de lectura\" \/>\n\t<meta name=\"twitter:data2\" content=\"3 minutos\" \/>\n<script type=\"application\/ld+json\" class=\"yoast-schema-graph\">{\"@context\":\"https:\/\/schema.org\",\"@graph\":[{\"@type\":\"Article\",\"@id\":\"https:\/\/apuntesdesanluis.com\/index.php\/2023\/08\/24\/formularon-cargos-contra-un-hombre-por-tres-robos-en-villa-mercedes\/#article\",\"isPartOf\":{\"@id\":\"https:\/\/apuntesdesanluis.com\/index.php\/2023\/08\/24\/formularon-cargos-contra-un-hombre-por-tres-robos-en-villa-mercedes\/\"},\"author\":{\"name\":\"apuntesdesanluis.com\",\"@id\":\"https:\/\/apuntesdesanluis.com\/#\/schema\/person\/b55151d52296fcce64d1a72538a70b90\"},\"headline\":\"FORMULARON CARGOS CONTRA UN HOMBRE POR TRES ROBOS EN VILLA MERCEDES\",\"datePublished\":\"2023-08-24T17:20:54+00:00\",\"mainEntityOfPage\":{\"@id\":\"https:\/\/apuntesdesanluis.com\/index.php\/2023\/08\/24\/formularon-cargos-contra-un-hombre-por-tres-robos-en-villa-mercedes\/\"},\"wordCount\":498,\"publisher\":{\"@id\":\"https:\/\/apuntesdesanluis.com\/#\/schema\/person\/b55151d52296fcce64d1a72538a70b90\"},\"image\":{\"@id\":\"https:\/\/apuntesdesanluis.com\/index.php\/2023\/08\/24\/formularon-cargos-contra-un-hombre-por-tres-robos-en-villa-mercedes\/#primaryimage\"},\"thumbnailUrl\":\"https:\/\/apuntesdesanluis.com\/wp-content\/uploads\/2023\/08\/ortiz-1.png\",\"articleSection\":[\"Ciudad\/Provincia\"],\"inLanguage\":\"es-AR\"},{\"@type\":\"WebPage\",\"@id\":\"https:\/\/apuntesdesanluis.com\/index.php\/2023\/08\/24\/formularon-cargos-contra-un-hombre-por-tres-robos-en-villa-mercedes\/\",\"url\":\"https:\/\/apuntesdesanluis.com\/index.php\/2023\/08\/24\/formularon-cargos-contra-un-hombre-por-tres-robos-en-villa-mercedes\/\",\"name\":\"FORMULARON CARGOS CONTRA UN HOMBRE POR TRES ROBOS EN VILLA MERCEDES - Apuntes de San Luis\",\"isPartOf\":{\"@id\":\"https:\/\/apuntesdesanluis.com\/#website\"},\"primaryImageOfPage\":{\"@id\":\"https:\/\/apuntesdesanluis.com\/index.php\/2023\/08\/24\/formularon-cargos-contra-un-hombre-por-tres-robos-en-villa-mercedes\/#primaryimage\"},\"image\":{\"@id\":\"https:\/\/apuntesdesanluis.com\/index.php\/2023\/08\/24\/formularon-cargos-contra-un-hombre-por-tres-robos-en-villa-mercedes\/#primaryimage\"},\"thumbnailUrl\":\"https:\/\/apuntesdesanluis.com\/wp-content\/uploads\/2023\/08\/ortiz-1.png\",\"datePublished\":\"2023-08-24T17:20:54+00:00\",\"breadcrumb\":{\"@id\":\"https:\/\/apuntesdesanluis.com\/index.php\/2023\/08\/24\/formularon-cargos-contra-un-hombre-por-tres-robos-en-villa-mercedes\/#breadcrumb\"},\"inLanguage\":\"es-AR\",\"potentialAction\":[{\"@type\":\"ReadAction\",\"target\":[\"https:\/\/apuntesdesanluis.com\/index.php\/2023\/08\/24\/formularon-cargos-contra-un-hombre-por-tres-robos-en-villa-mercedes\/\"]}]},{\"@type\":\"ImageObject\",\"inLanguage\":\"es-AR\",\"@id\":\"https:\/\/apuntesdesanluis.com\/index.php\/2023\/08\/24\/formularon-cargos-contra-un-hombre-por-tres-robos-en-villa-mercedes\/#primaryimage\",\"url\":\"https:\/\/apuntesdesanluis.com\/wp-content\/uploads\/2023\/08\/ortiz-1.png\",\"contentUrl\":\"https:\/\/apuntesdesanluis.com\/wp-content\/uploads\/2023\/08\/ortiz-1.png\",\"width\":600,\"height\":366},{\"@type\":\"BreadcrumbList\",\"@id\":\"https:\/\/apuntesdesanluis.com\/index.php\/2023\/08\/24\/formularon-cargos-contra-un-hombre-por-tres-robos-en-villa-mercedes\/#breadcrumb\",\"itemListElement\":[{\"@type\":\"ListItem\",\"position\":1,\"name\":\"Inicio\",\"item\":\"https:\/\/apuntesdesanluis.com\/\"},{\"@type\":\"ListItem\",\"position\":2,\"name\":\"FORMULARON CARGOS CONTRA UN HOMBRE POR TRES ROBOS EN VILLA MERCEDES\"}]},{\"@type\":\"WebSite\",\"@id\":\"https:\/\/apuntesdesanluis.com\/#website\",\"url\":\"https:\/\/apuntesdesanluis.com\/\",\"name\":\"Apuntes de San Luis\",\"description\":\"\",\"publisher\":{\"@id\":\"https:\/\/apuntesdesanluis.com\/#\/schema\/person\/b55151d52296fcce64d1a72538a70b90\"},\"potentialAction\":[{\"@type\":\"SearchAction\",\"target\":{\"@type\":\"EntryPoint\",\"urlTemplate\":\"https:\/\/apuntesdesanluis.com\/?s={search_term_string}\"},\"query-input\":{\"@type\":\"PropertyValueSpecification\",\"valueRequired\":true,\"valueName\":\"search_term_string\"}}],\"inLanguage\":\"es-AR\"},{\"@type\":[\"Person\",\"Organization\"],\"@id\":\"https:\/\/apuntesdesanluis.com\/#\/schema\/person\/b55151d52296fcce64d1a72538a70b90\",\"name\":\"apuntesdesanluis.com\",\"image\":{\"@type\":\"ImageObject\",\"inLanguage\":\"es-AR\",\"@id\":\"https:\/\/apuntesdesanluis.com\/#\/schema\/person\/image\/\",\"url\":\"https:\/\/apuntesdesanluis.com\/wp-content\/uploads\/2023\/07\/cropped-apuntesdesanluis.png\",\"contentUrl\":\"https:\/\/apuntesdesanluis.com\/wp-content\/uploads\/2023\/07\/cropped-apuntesdesanluis.png\",\"width\":450,\"height\":112,\"caption\":\"apuntesdesanluis.com\"},\"logo\":{\"@id\":\"https:\/\/apuntesdesanluis.com\/#\/schema\/person\/image\/\"},\"sameAs\":[\"https:\/\/apuntesdesanluis.com\"],\"url\":\"https:\/\/apuntesdesanluis.com\/index.php\/author\/apuntesdesanluis-com\/\"}]}<\/script>\n<!-- \/ Yoast SEO plugin. -->","yoast_head_json":{"title":"FORMULARON CARGOS CONTRA UN HOMBRE POR TRES ROBOS EN VILLA MERCEDES - Apuntes de San Luis","robots":{"index":"index","follow":"follow","max-snippet":"max-snippet:-1","max-image-preview":"max-image-preview:large","max-video-preview":"max-video-preview:-1"},"canonical":"https:\/\/apuntesdesanluis.com\/index.php\/2023\/08\/24\/formularon-cargos-contra-un-hombre-por-tres-robos-en-villa-mercedes\/","og_locale":"es_ES","og_type":"article","og_title":"FORMULARON CARGOS CONTRA UN HOMBRE POR TRES ROBOS EN VILLA MERCEDES - Apuntes de San Luis","og_description":"Adem\u00e1s, el imputado habr\u00eda cometido otros dos hechos delictivos, entre el 10 y 11 de...","og_url":"https:\/\/apuntesdesanluis.com\/index.php\/2023\/08\/24\/formularon-cargos-contra-un-hombre-por-tres-robos-en-villa-mercedes\/","og_site_name":"Apuntes de San Luis","article_published_time":"2023-08-24T17:20:54+00:00","og_image":[{"width":600,"height":366,"url":"https:\/\/apuntesdesanluis.com\/wp-content\/uploads\/2023\/08\/ortiz-1.png","type":"image\/png"}],"author":"apuntesdesanluis.com","twitter_card":"summary_large_image","twitter_misc":{"Escrito por":"apuntesdesanluis.com","Tiempo de lectura":"3 minutos"},"schema":{"@context":"https:\/\/schema.org","@graph":[{"@type":"Article","@id":"https:\/\/apuntesdesanluis.com\/index.php\/2023\/08\/24\/formularon-cargos-contra-un-hombre-por-tres-robos-en-villa-mercedes\/#article","isPartOf":{"@id":"https:\/\/apuntesdesanluis.com\/index.php\/2023\/08\/24\/formularon-cargos-contra-un-hombre-por-tres-robos-en-villa-mercedes\/"},"author":{"name":"apuntesdesanluis.com","@id":"https:\/\/apuntesdesanluis.com\/#\/schema\/person\/b55151d52296fcce64d1a72538a70b90"},"headline":"FORMULARON CARGOS CONTRA UN HOMBRE POR TRES ROBOS EN VILLA MERCEDES","datePublished":"2023-08-24T17:20:54+00:00","mainEntityOfPage":{"@id":"https:\/\/apuntesdesanluis.com\/index.php\/2023\/08\/24\/formularon-cargos-contra-un-hombre-por-tres-robos-en-villa-mercedes\/"},"wordCount":498,"publisher":{"@id":"https:\/\/apuntesdesanluis.com\/#\/schema\/person\/b55151d52296fcce64d1a72538a70b90"},"image":{"@id":"https:\/\/apuntesdesanluis.com\/index.php\/2023\/08\/24\/formularon-cargos-contra-un-hombre-por-tres-robos-en-villa-mercedes\/#primaryimage"},"thumbnailUrl":"https:\/\/apuntesdesanluis.com\/wp-content\/uploads\/2023\/08\/ortiz-1.png","articleSection":["Ciudad\/Provincia"],"inLanguage":"es-AR"},{"@type":"WebPage","@id":"https:\/\/apuntesdesanluis.com\/index.php\/2023\/08\/24\/formularon-cargos-contra-un-hombre-por-tres-robos-en-villa-mercedes\/","url":"https:\/\/apuntesdesanluis.com\/index.php\/2023\/08\/24\/formularon-cargos-contra-un-hombre-por-tres-robos-en-villa-mercedes\/","name":"FORMULARON CARGOS CONTRA UN HOMBRE POR TRES ROBOS EN VILLA MERCEDES - Apuntes de San Luis","isPartOf":{"@id":"https:\/\/apuntesdesanluis.com\/#website"},"primaryImageOfPage":{"@id":"https:\/\/apuntesdesanluis.com\/index.php\/2023\/08\/24\/formularon-cargos-contra-un-hombre-por-tres-robos-en-villa-mercedes\/#primaryimage"},"image":{"@id":"https:\/\/apuntesdesanluis.com\/index.php\/2023\/08\/24\/formularon-cargos-contra-un-hombre-por-tres-robos-en-villa-mercedes\/#primaryimage"},"thumbnailUrl":"https:\/\/apuntesdesanluis.com\/wp-content\/uploads\/2023\/08\/ortiz-1.png","datePublished":"2023-08-24T17:20:54+00:00","breadcrumb":{"@id":"https:\/\/apuntesdesanluis.com\/index.php\/2023\/08\/24\/formularon-cargos-contra-un-hombre-por-tres-robos-en-villa-mercedes\/#breadcrumb"},"inLanguage":"es-AR","potentialAction":[{"@type":"ReadAction","target":["https:\/\/apuntesdesanluis.com\/index.php\/2023\/08\/24\/formularon-cargos-contra-un-hombre-por-tres-robos-en-villa-mercedes\/"]}]},{"@type":"ImageObject","inLanguage":"es-AR","@id":"https:\/\/apuntesdesanluis.com\/index.php\/2023\/08\/24\/formularon-cargos-contra-un-hombre-por-tres-robos-en-villa-mercedes\/#primaryimage","url":"https:\/\/apuntesdesanluis.com\/wp-content\/uploads\/2023\/08\/ortiz-1.png","contentUrl":"https:\/\/apuntesdesanluis.com\/wp-content\/uploads\/2023\/08\/ortiz-1.png","width":600,"height":366},{"@type":"BreadcrumbList","@id":"https:\/\/apuntesdesanluis.com\/index.php\/2023\/08\/24\/formularon-cargos-contra-un-hombre-por-tres-robos-en-villa-mercedes\/#breadcrumb","itemListElement":[{"@type":"ListItem","position":1,"name":"Inicio","item":"https:\/\/apuntesdesanluis.com\/"},{"@type":"ListItem","position":2,"name":"FORMULARON CARGOS CONTRA UN HOMBRE POR TRES ROBOS EN VILLA MERCEDES"}]},{"@type":"WebSite","@id":"https:\/\/apuntesdesanluis.com\/#website","url":"https:\/\/apuntesdesanluis.com\/","name":"Apuntes de San Luis","description":"","publisher":{"@id":"https:\/\/apuntesdesanluis.com\/#\/schema\/person\/b55151d52296fcce64d1a72538a70b90"},"potentialAction":[{"@type":"SearchAction","target":{"@type":"EntryPoint","urlTemplate":"https:\/\/apuntesdesanluis.com\/?s={search_term_string}"},"query-input":{"@type":"PropertyValueSpecification","valueRequired":true,"valueName":"search_term_string"}}],"inLanguage":"es-AR"},{"@type":["Person","Organization"],"@id":"https:\/\/apuntesdesanluis.com\/#\/schema\/person\/b55151d52296fcce64d1a72538a70b90","name":"apuntesdesanluis.com","image":{"@type":"ImageObject","inLanguage":"es-AR","@id":"https:\/\/apuntesdesanluis.com\/#\/schema\/person\/image\/","url":"https:\/\/apuntesdesanluis.com\/wp-content\/uploads\/2023\/07\/cropped-apuntesdesanluis.png","contentUrl":"https:\/\/apuntesdesanluis.com\/wp-content\/uploads\/2023\/07\/cropped-apuntesdesanluis.png","width":450,"height":112,"caption":"apuntesdesanluis.com"},"logo":{"@id":"https:\/\/apuntesdesanluis.com\/#\/schema\/person\/image\/"},"sameAs":["https:\/\/apuntesdesanluis.com"],"url":"https:\/\/apuntesdesanluis.com\/index.php\/author\/apuntesdesanluis-com\/"}]}},"featured_image_urls":{"full":["https:\/\/apuntesdesanluis.com\/wp-content\/uploads\/2023\/08\/ortiz-1.png",600,366,false],"thumbnail":["https:\/\/apuntesdesanluis.com\/wp-content\/uploads\/2023\/08\/ortiz-1-150x150.png",150,150,true],"medium":["https:\/\/apuntesdesanluis.com\/wp-content\/uploads\/2023\/08\/ortiz-1-300x183.png",300,183,true],"medium_large":["https:\/\/apuntesdesanluis.com\/wp-content\/uploads\/2023\/08\/ortiz-1.png",600,366,false],"large":["https:\/\/apuntesdesanluis.com\/wp-content\/uploads\/2023\/08\/ortiz-1.png",600,366,false],"1536x1536":["https:\/\/apuntesdesanluis.com\/wp-content\/uploads\/2023\/08\/ortiz-1.png",600,366,false],"2048x2048":["https:\/\/apuntesdesanluis.com\/wp-content\/uploads\/2023\/08\/ortiz-1.png",600,366,false],"newsever-slider-full":["https:\/\/apuntesdesanluis.com\/wp-content\/uploads\/2023\/08\/ortiz-1.png",600,366,false],"newsever-featured":["https:\/\/apuntesdesanluis.com\/wp-content\/uploads\/2023\/08\/ortiz-1.png",600,366,false],"newsever-medium":["https:\/\/apuntesdesanluis.com\/wp-content\/uploads\/2023\/08\/ortiz-1.png",600,366,false]},"author_info":{"display_name":"apuntesdesanluis.com","author_link":"https:\/\/apuntesdesanluis.com\/index.php\/author\/apuntesdesanluis-com\/"},"category_info":"<a href=\"https:\/\/apuntesdesanluis.com\/index.php\/category\/ciudad-provincia\/\" rel=\"category tag\">Ciudad\/Provincia<\/a>","tag_info":"Ciudad\/Provincia","comment_count":"0","_links":{"self":[{"href":"https:\/\/apuntesdesanluis.com\/index.php\/wp-json\/wp\/v2\/posts\/2073","targetHints":{"allow":["GET"]}}],"collection":[{"href":"https:\/\/apuntesdesanluis.com\/index.php\/wp-json\/wp\/v2\/posts"}],"about":[{"href":"https:\/\/apuntesdesanluis.com\/index.php\/wp-json\/wp\/v2\/types\/post"}],"author":[{"embeddable":true,"href":"https:\/\/apuntesdesanluis.com\/index.php\/wp-json\/wp\/v2\/users\/1"}],"replies":[{"embeddable":true,"href":"https:\/\/apuntesdesanluis.com\/index.php\/wp-json\/wp\/v2\/comments?post=2073"}],"version-history":[{"count":1,"href":"https:\/\/apuntesdesanluis.com\/index.php\/wp-json\/wp\/v2\/posts\/2073\/revisions"}],"predecessor-version":[{"id":2075,"href":"https:\/\/apuntesdesanluis.com\/index.php\/wp-json\/wp\/v2\/posts\/2073\/revisions\/2075"}],"wp:featuredmedia":[{"embeddable":true,"href":"https:\/\/apuntesdesanluis.com\/index.php\/wp-json\/wp\/v2\/media\/2074"}],"wp:attachment":[{"href":"https:\/\/apuntesdesanluis.com\/index.php\/wp-json\/wp\/v2\/media?parent=2073"}],"wp:term":[{"taxonomy":"category","embeddable":true,"href":"https:\/\/apuntesdesanluis.com\/index.php\/wp-json\/wp\/v2\/categories?post=2073"},{"taxonomy":"post_tag","embeddable":true,"href":"https:\/\/apuntesdesanluis.com\/index.php\/wp-json\/wp\/v2\/tags?post=2073"}],"curies":[{"name":"wp","href":"https:\/\/api.w.org\/{rel}","templated":true}]}}