{"id":20741,"date":"2024-08-13T07:29:27","date_gmt":"2024-08-13T10:29:27","guid":{"rendered":"https:\/\/apuntesdesanluis.com\/?p=20741"},"modified":"2024-08-13T07:29:27","modified_gmt":"2024-08-13T10:29:27","slug":"toma-de-rectorado-en-la-unsl-y-masiva-adhesion-al-paro-universitario","status":"publish","type":"post","link":"https:\/\/apuntesdesanluis.com\/index.php\/2024\/08\/13\/toma-de-rectorado-en-la-unsl-y-masiva-adhesion-al-paro-universitario\/","title":{"rendered":"TOMA DE RECTORADO EN LA UNSL Y MASIVA ADHESI\u00d3N AL PARO UNIVERSITARIO"},"content":{"rendered":"<h3>Este lunes se concret\u00f3 el primer d\u00eda de protesta del plan de lucha lanzado por el <strong>Frente Gremial Universitario<\/strong>, a partir de la falta de respuestas del gobierno nacional al pedido de recomposici\u00f3n salarial. En la provincia se registr\u00f3 una marcada adhesi\u00f3n de trabajadores docentes y NoDocentes en las tres casas de estudio nacionales, al tiempo que en la ciudad Capital se avanz\u00f3 en la toma del edificio de Rectorado de la Universidad Nacional de San Luis.<\/h3>\n<h3>Por esa raz\u00f3n, desde la universidad se dispuso la suspensi\u00f3n de las actividades administrativas en el sector de los NoDocentes.<\/h3>\n<h3>En el marco del paro, la <strong>Asamblea Interclaustros<\/strong> de San Luis dio a conocer el siguiente comunicado:<\/h3>\n<h3>\u201cDocentes y estudiantes reunidos en asamblea en el marco del paro nacional de las universidades, decidimos tomar el edificio del Rectorado de la UNSL como medida de protesta y visibilizaci\u00f3n de la lucha, en defensa de la universidad p\u00fablica y de las condiciones laborales de sus trabajadoras\/es docentes y no docentes.<\/h3>\n<h3>Entendemos que el gobierno nacional est\u00e1 haciendo o\u00eddos sordos a las demandas salariales de las\/os trabajadoras\/es, al haber impuesto de manera unilateral un 3% de aumento para el mes de agosto y un 2% para el mes de septiembre.<\/h3>\n<h3>Esta decisi\u00f3n perpet\u00faa los salarios por debajo de la l\u00ednea de pobreza de la mayor\u00eda de las\/os trabajadoras\/es de las universidades p\u00fablicas del pa\u00eds.<\/h3>\n<h3>Convocamos a la comunidad universitaria, a estudiantes, graduadas\/os, docentes, no docentes y a la comunidad en general a apoyar nuestra lucha reunidos en asamblea permanente en el edificio del rectorado de la Universidad Nacional de San Luis.<\/h3>\n<p><img fetchpriority=\"high\" decoding=\"async\" class=\"wp-image-20744 aligncenter\" src=\"https:\/\/apuntesdesanluis.com\/wp-content\/uploads\/2024\/08\/rectorado-tomado-300x228.png\" alt=\"\" width=\"482\" height=\"366\" srcset=\"https:\/\/apuntesdesanluis.com\/wp-content\/uploads\/2024\/08\/rectorado-tomado-300x228.png 300w, https:\/\/apuntesdesanluis.com\/wp-content\/uploads\/2024\/08\/rectorado-tomado-768x584.png 768w, https:\/\/apuntesdesanluis.com\/wp-content\/uploads\/2024\/08\/rectorado-tomado.png 889w\" sizes=\"(max-width: 482px) 100vw, 482px\" \/><\/p>\n<h3>Cabe destacar que el Rector de esta Universidad es actualmente el presidente del CIN, lo que convierte a nuestra instituci\u00f3n en un punto neur\u00e1lgico para visibilizar este reclamo llevado adelante de manera conjunta entre docentes y estudiantes\u201d.<\/h3>\n<h3><strong>COMUNICADO UNSL<\/strong><\/h3>\n<h3>La <strong>Universidad Nacional de San Luis<\/strong> confirm\u00f3 que un grupo de docentes y estudiantes denominados <strong>autoconvocados<\/strong> decidi\u00f3 este lunes 12 de agosto en horas del mediod\u00eda, la toma del hall del edificio de Rectorado. Como consecuencia de esta decisi\u00f3n y habiendo tenido contacto con ellos, desde Secretar\u00eda General de la UNSL, se han dispuesto medidas.<\/h3>\n<h3>Las mismas son:<\/h3>\n<h3>En acuerdo con APUNSL, suspender las actividades administrativas en el edificio de Rectorado solamente para el sector nodocente, para el martes 13 de agosto.<\/h3>\n<ul>\n<li>\n<h3>\u2060Aplazar la sesi\u00f3n del Consejo Superior que estaba citada para el martes 13 de agosto en el Sal\u00f3n de los Escudos y suspender todo otro tipo de actividad administrativa y acad\u00e9mica en dicho edificio a ra\u00edz de no poder ingresar al mismo.<\/h3>\n<\/li>\n<li>\n<h3>\u2060Se brindar\u00e1 una conferencia de prensa a las 9:00 horas en el Comedor Universitario, para informar sobre esta situaci\u00f3n.<\/h3>\n<\/li>\n<li>\n<h3>\u2060En las otras \u00e1reas, Centros Universitarios y dependencias de la Universidad, las actividades ser\u00e1n normales.<\/h3>\n<\/li>\n<\/ul>\n<h3><strong>UNVIME Y UNLC<\/strong><\/h3>\n<h3>Por su parte el <strong>Sindicato de Trabajadores de la Universidad Nacional de Villa Mercedes<\/strong> inform\u00f3 que la adhesi\u00f3n al paro de parte de los trabajadores NoDocentes fue del 100%.<\/h3>\n<h3><img decoding=\"async\" class=\"wp-image-20742 aligncenter\" src=\"https:\/\/apuntesdesanluis.com\/wp-content\/uploads\/2024\/08\/unvime-de-paro-300x203.jpg\" alt=\"\" width=\"470\" height=\"318\" srcset=\"https:\/\/apuntesdesanluis.com\/wp-content\/uploads\/2024\/08\/unvime-de-paro-300x203.jpg 300w, https:\/\/apuntesdesanluis.com\/wp-content\/uploads\/2024\/08\/unvime-de-paro.jpg 600w\" sizes=\"(max-width: 470px) 100vw, 470px\" \/><\/h3>\n<p><img decoding=\"async\" class=\"wp-image-20743 aligncenter\" src=\"https:\/\/apuntesdesanluis.com\/wp-content\/uploads\/2024\/08\/unvime-paro-300x205.jpg\" alt=\"\" width=\"468\" height=\"320\" srcset=\"https:\/\/apuntesdesanluis.com\/wp-content\/uploads\/2024\/08\/unvime-paro-300x205.jpg 300w, https:\/\/apuntesdesanluis.com\/wp-content\/uploads\/2024\/08\/unvime-paro.jpg 600w\" sizes=\"(max-width: 468px) 100vw, 468px\" \/><\/p>\n<h3>Pudo saberse asimismo que tambi\u00e9n fue elevada la adhesi\u00f3n al paro entre el personal de la <strong>Universidad Nacional de los Comechingones<\/strong>.<\/h3>\n<p>&nbsp;<\/p>\n<p>&nbsp;<\/p>\n<p>&nbsp;<\/p>\n<p>&nbsp;<\/p>\n<p>&nbsp;<\/p>\n<p>&nbsp;<\/p>\n<p>&nbsp;<\/p>\n","protected":false},"excerpt":{"rendered":"<p>Este lunes se concret\u00f3 el primer d\u00eda de protesta del plan de lucha lanzado por&#8230;<\/p>\n","protected":false},"author":1,"featured_media":20745,"comment_status":"closed","ping_status":"closed","sticky":false,"template":"","format":"standard","meta":{"footnotes":""},"categories":[6],"tags":[],"class_list":["post-20741","post","type-post","status-publish","format-standard","has-post-thumbnail","hentry","category-ciudad-provincia"],"yoast_head":"<!-- This site is optimized with the Yoast SEO plugin v26.1.1 - https:\/\/yoast.com\/wordpress\/plugins\/seo\/ -->\n<title>TOMA DE RECTORADO EN LA UNSL Y MASIVA ADHESI\u00d3N AL PARO UNIVERSITARIO - Apuntes de San Luis<\/title>\n<meta name=\"robots\" content=\"index, follow, max-snippet:-1, max-image-preview:large, max-video-preview:-1\" \/>\n<link rel=\"canonical\" href=\"https:\/\/apuntesdesanluis.com\/index.php\/2024\/08\/13\/toma-de-rectorado-en-la-unsl-y-masiva-adhesion-al-paro-universitario\/\" \/>\n<meta property=\"og:locale\" content=\"es_ES\" \/>\n<meta property=\"og:type\" content=\"article\" \/>\n<meta property=\"og:title\" content=\"TOMA DE RECTORADO EN LA UNSL Y MASIVA ADHESI\u00d3N AL PARO UNIVERSITARIO - Apuntes de San Luis\" \/>\n<meta property=\"og:description\" content=\"Este lunes se concret\u00f3 el primer d\u00eda de protesta del plan de lucha lanzado por...\" \/>\n<meta property=\"og:url\" content=\"https:\/\/apuntesdesanluis.com\/index.php\/2024\/08\/13\/toma-de-rectorado-en-la-unsl-y-masiva-adhesion-al-paro-universitario\/\" \/>\n<meta property=\"og:site_name\" content=\"Apuntes de San Luis\" \/>\n<meta property=\"article:published_time\" content=\"2024-08-13T10:29:27+00:00\" \/>\n<meta property=\"og:image\" content=\"https:\/\/apuntesdesanluis.com\/wp-content\/uploads\/2024\/08\/rectorado-san-luis.png\" \/>\n\t<meta property=\"og:image:width\" content=\"700\" \/>\n\t<meta property=\"og:image:height\" content=\"444\" \/>\n\t<meta property=\"og:image:type\" content=\"image\/png\" \/>\n<meta name=\"author\" content=\"apuntesdesanluis.com\" \/>\n<meta name=\"twitter:card\" content=\"summary_large_image\" \/>\n<meta name=\"twitter:label1\" content=\"Escrito por\" \/>\n\t<meta name=\"twitter:data1\" content=\"apuntesdesanluis.com\" \/>\n\t<meta name=\"twitter:label2\" content=\"Tiempo de lectura\" \/>\n\t<meta name=\"twitter:data2\" content=\"4 minutos\" \/>\n<script type=\"application\/ld+json\" class=\"yoast-schema-graph\">{\"@context\":\"https:\/\/schema.org\",\"@graph\":[{\"@type\":\"Article\",\"@id\":\"https:\/\/apuntesdesanluis.com\/index.php\/2024\/08\/13\/toma-de-rectorado-en-la-unsl-y-masiva-adhesion-al-paro-universitario\/#article\",\"isPartOf\":{\"@id\":\"https:\/\/apuntesdesanluis.com\/index.php\/2024\/08\/13\/toma-de-rectorado-en-la-unsl-y-masiva-adhesion-al-paro-universitario\/\"},\"author\":{\"name\":\"apuntesdesanluis.com\",\"@id\":\"https:\/\/apuntesdesanluis.com\/#\/schema\/person\/b55151d52296fcce64d1a72538a70b90\"},\"headline\":\"TOMA DE RECTORADO EN LA UNSL Y MASIVA ADHESI\u00d3N AL PARO UNIVERSITARIO\",\"datePublished\":\"2024-08-13T10:29:27+00:00\",\"mainEntityOfPage\":{\"@id\":\"https:\/\/apuntesdesanluis.com\/index.php\/2024\/08\/13\/toma-de-rectorado-en-la-unsl-y-masiva-adhesion-al-paro-universitario\/\"},\"wordCount\":562,\"publisher\":{\"@id\":\"https:\/\/apuntesdesanluis.com\/#\/schema\/person\/b55151d52296fcce64d1a72538a70b90\"},\"image\":{\"@id\":\"https:\/\/apuntesdesanluis.com\/index.php\/2024\/08\/13\/toma-de-rectorado-en-la-unsl-y-masiva-adhesion-al-paro-universitario\/#primaryimage\"},\"thumbnailUrl\":\"https:\/\/apuntesdesanluis.com\/wp-content\/uploads\/2024\/08\/rectorado-san-luis.png\",\"articleSection\":[\"Ciudad\/Provincia\"],\"inLanguage\":\"es-AR\"},{\"@type\":\"WebPage\",\"@id\":\"https:\/\/apuntesdesanluis.com\/index.php\/2024\/08\/13\/toma-de-rectorado-en-la-unsl-y-masiva-adhesion-al-paro-universitario\/\",\"url\":\"https:\/\/apuntesdesanluis.com\/index.php\/2024\/08\/13\/toma-de-rectorado-en-la-unsl-y-masiva-adhesion-al-paro-universitario\/\",\"name\":\"TOMA DE RECTORADO EN LA UNSL Y MASIVA ADHESI\u00d3N AL PARO UNIVERSITARIO - Apuntes de San Luis\",\"isPartOf\":{\"@id\":\"https:\/\/apuntesdesanluis.com\/#website\"},\"primaryImageOfPage\":{\"@id\":\"https:\/\/apuntesdesanluis.com\/index.php\/2024\/08\/13\/toma-de-rectorado-en-la-unsl-y-masiva-adhesion-al-paro-universitario\/#primaryimage\"},\"image\":{\"@id\":\"https:\/\/apuntesdesanluis.com\/index.php\/2024\/08\/13\/toma-de-rectorado-en-la-unsl-y-masiva-adhesion-al-paro-universitario\/#primaryimage\"},\"thumbnailUrl\":\"https:\/\/apuntesdesanluis.com\/wp-content\/uploads\/2024\/08\/rectorado-san-luis.png\",\"datePublished\":\"2024-08-13T10:29:27+00:00\",\"breadcrumb\":{\"@id\":\"https:\/\/apuntesdesanluis.com\/index.php\/2024\/08\/13\/toma-de-rectorado-en-la-unsl-y-masiva-adhesion-al-paro-universitario\/#breadcrumb\"},\"inLanguage\":\"es-AR\",\"potentialAction\":[{\"@type\":\"ReadAction\",\"target\":[\"https:\/\/apuntesdesanluis.com\/index.php\/2024\/08\/13\/toma-de-rectorado-en-la-unsl-y-masiva-adhesion-al-paro-universitario\/\"]}]},{\"@type\":\"ImageObject\",\"inLanguage\":\"es-AR\",\"@id\":\"https:\/\/apuntesdesanluis.com\/index.php\/2024\/08\/13\/toma-de-rectorado-en-la-unsl-y-masiva-adhesion-al-paro-universitario\/#primaryimage\",\"url\":\"https:\/\/apuntesdesanluis.com\/wp-content\/uploads\/2024\/08\/rectorado-san-luis.png\",\"contentUrl\":\"https:\/\/apuntesdesanluis.com\/wp-content\/uploads\/2024\/08\/rectorado-san-luis.png\",\"width\":700,\"height\":444},{\"@type\":\"BreadcrumbList\",\"@id\":\"https:\/\/apuntesdesanluis.com\/index.php\/2024\/08\/13\/toma-de-rectorado-en-la-unsl-y-masiva-adhesion-al-paro-universitario\/#breadcrumb\",\"itemListElement\":[{\"@type\":\"ListItem\",\"position\":1,\"name\":\"Inicio\",\"item\":\"https:\/\/apuntesdesanluis.com\/\"},{\"@type\":\"ListItem\",\"position\":2,\"name\":\"TOMA DE RECTORADO EN LA UNSL Y MASIVA ADHESI\u00d3N AL PARO UNIVERSITARIO\"}]},{\"@type\":\"WebSite\",\"@id\":\"https:\/\/apuntesdesanluis.com\/#website\",\"url\":\"https:\/\/apuntesdesanluis.com\/\",\"name\":\"Apuntes de San Luis\",\"description\":\"\",\"publisher\":{\"@id\":\"https:\/\/apuntesdesanluis.com\/#\/schema\/person\/b55151d52296fcce64d1a72538a70b90\"},\"potentialAction\":[{\"@type\":\"SearchAction\",\"target\":{\"@type\":\"EntryPoint\",\"urlTemplate\":\"https:\/\/apuntesdesanluis.com\/?s={search_term_string}\"},\"query-input\":{\"@type\":\"PropertyValueSpecification\",\"valueRequired\":true,\"valueName\":\"search_term_string\"}}],\"inLanguage\":\"es-AR\"},{\"@type\":[\"Person\",\"Organization\"],\"@id\":\"https:\/\/apuntesdesanluis.com\/#\/schema\/person\/b55151d52296fcce64d1a72538a70b90\",\"name\":\"apuntesdesanluis.com\",\"image\":{\"@type\":\"ImageObject\",\"inLanguage\":\"es-AR\",\"@id\":\"https:\/\/apuntesdesanluis.com\/#\/schema\/person\/image\/\",\"url\":\"https:\/\/apuntesdesanluis.com\/wp-content\/uploads\/2023\/07\/cropped-apuntesdesanluis.png\",\"contentUrl\":\"https:\/\/apuntesdesanluis.com\/wp-content\/uploads\/2023\/07\/cropped-apuntesdesanluis.png\",\"width\":450,\"height\":112,\"caption\":\"apuntesdesanluis.com\"},\"logo\":{\"@id\":\"https:\/\/apuntesdesanluis.com\/#\/schema\/person\/image\/\"},\"sameAs\":[\"https:\/\/apuntesdesanluis.com\"],\"url\":\"https:\/\/apuntesdesanluis.com\/index.php\/author\/apuntesdesanluis-com\/\"}]}<\/script>\n<!-- \/ Yoast SEO plugin. -->","yoast_head_json":{"title":"TOMA DE RECTORADO EN LA UNSL Y MASIVA ADHESI\u00d3N AL PARO UNIVERSITARIO - Apuntes de San Luis","robots":{"index":"index","follow":"follow","max-snippet":"max-snippet:-1","max-image-preview":"max-image-preview:large","max-video-preview":"max-video-preview:-1"},"canonical":"https:\/\/apuntesdesanluis.com\/index.php\/2024\/08\/13\/toma-de-rectorado-en-la-unsl-y-masiva-adhesion-al-paro-universitario\/","og_locale":"es_ES","og_type":"article","og_title":"TOMA DE RECTORADO EN LA UNSL Y MASIVA ADHESI\u00d3N AL PARO UNIVERSITARIO - Apuntes de San Luis","og_description":"Este lunes se concret\u00f3 el primer d\u00eda de protesta del plan de lucha lanzado por...","og_url":"https:\/\/apuntesdesanluis.com\/index.php\/2024\/08\/13\/toma-de-rectorado-en-la-unsl-y-masiva-adhesion-al-paro-universitario\/","og_site_name":"Apuntes de San Luis","article_published_time":"2024-08-13T10:29:27+00:00","og_image":[{"width":700,"height":444,"url":"https:\/\/apuntesdesanluis.com\/wp-content\/uploads\/2024\/08\/rectorado-san-luis.png","type":"image\/png"}],"author":"apuntesdesanluis.com","twitter_card":"summary_large_image","twitter_misc":{"Escrito por":"apuntesdesanluis.com","Tiempo de lectura":"4 minutos"},"schema":{"@context":"https:\/\/schema.org","@graph":[{"@type":"Article","@id":"https:\/\/apuntesdesanluis.com\/index.php\/2024\/08\/13\/toma-de-rectorado-en-la-unsl-y-masiva-adhesion-al-paro-universitario\/#article","isPartOf":{"@id":"https:\/\/apuntesdesanluis.com\/index.php\/2024\/08\/13\/toma-de-rectorado-en-la-unsl-y-masiva-adhesion-al-paro-universitario\/"},"author":{"name":"apuntesdesanluis.com","@id":"https:\/\/apuntesdesanluis.com\/#\/schema\/person\/b55151d52296fcce64d1a72538a70b90"},"headline":"TOMA DE RECTORADO EN LA UNSL Y MASIVA ADHESI\u00d3N AL PARO UNIVERSITARIO","datePublished":"2024-08-13T10:29:27+00:00","mainEntityOfPage":{"@id":"https:\/\/apuntesdesanluis.com\/index.php\/2024\/08\/13\/toma-de-rectorado-en-la-unsl-y-masiva-adhesion-al-paro-universitario\/"},"wordCount":562,"publisher":{"@id":"https:\/\/apuntesdesanluis.com\/#\/schema\/person\/b55151d52296fcce64d1a72538a70b90"},"image":{"@id":"https:\/\/apuntesdesanluis.com\/index.php\/2024\/08\/13\/toma-de-rectorado-en-la-unsl-y-masiva-adhesion-al-paro-universitario\/#primaryimage"},"thumbnailUrl":"https:\/\/apuntesdesanluis.com\/wp-content\/uploads\/2024\/08\/rectorado-san-luis.png","articleSection":["Ciudad\/Provincia"],"inLanguage":"es-AR"},{"@type":"WebPage","@id":"https:\/\/apuntesdesanluis.com\/index.php\/2024\/08\/13\/toma-de-rectorado-en-la-unsl-y-masiva-adhesion-al-paro-universitario\/","url":"https:\/\/apuntesdesanluis.com\/index.php\/2024\/08\/13\/toma-de-rectorado-en-la-unsl-y-masiva-adhesion-al-paro-universitario\/","name":"TOMA DE RECTORADO EN LA UNSL Y MASIVA ADHESI\u00d3N AL PARO UNIVERSITARIO - Apuntes de San Luis","isPartOf":{"@id":"https:\/\/apuntesdesanluis.com\/#website"},"primaryImageOfPage":{"@id":"https:\/\/apuntesdesanluis.com\/index.php\/2024\/08\/13\/toma-de-rectorado-en-la-unsl-y-masiva-adhesion-al-paro-universitario\/#primaryimage"},"image":{"@id":"https:\/\/apuntesdesanluis.com\/index.php\/2024\/08\/13\/toma-de-rectorado-en-la-unsl-y-masiva-adhesion-al-paro-universitario\/#primaryimage"},"thumbnailUrl":"https:\/\/apuntesdesanluis.com\/wp-content\/uploads\/2024\/08\/rectorado-san-luis.png","datePublished":"2024-08-13T10:29:27+00:00","breadcrumb":{"@id":"https:\/\/apuntesdesanluis.com\/index.php\/2024\/08\/13\/toma-de-rectorado-en-la-unsl-y-masiva-adhesion-al-paro-universitario\/#breadcrumb"},"inLanguage":"es-AR","potentialAction":[{"@type":"ReadAction","target":["https:\/\/apuntesdesanluis.com\/index.php\/2024\/08\/13\/toma-de-rectorado-en-la-unsl-y-masiva-adhesion-al-paro-universitario\/"]}]},{"@type":"ImageObject","inLanguage":"es-AR","@id":"https:\/\/apuntesdesanluis.com\/index.php\/2024\/08\/13\/toma-de-rectorado-en-la-unsl-y-masiva-adhesion-al-paro-universitario\/#primaryimage","url":"https:\/\/apuntesdesanluis.com\/wp-content\/uploads\/2024\/08\/rectorado-san-luis.png","contentUrl":"https:\/\/apuntesdesanluis.com\/wp-content\/uploads\/2024\/08\/rectorado-san-luis.png","width":700,"height":444},{"@type":"BreadcrumbList","@id":"https:\/\/apuntesdesanluis.com\/index.php\/2024\/08\/13\/toma-de-rectorado-en-la-unsl-y-masiva-adhesion-al-paro-universitario\/#breadcrumb","itemListElement":[{"@type":"ListItem","position":1,"name":"Inicio","item":"https:\/\/apuntesdesanluis.com\/"},{"@type":"ListItem","position":2,"name":"TOMA DE RECTORADO EN LA UNSL Y MASIVA ADHESI\u00d3N AL PARO UNIVERSITARIO"}]},{"@type":"WebSite","@id":"https:\/\/apuntesdesanluis.com\/#website","url":"https:\/\/apuntesdesanluis.com\/","name":"Apuntes de San Luis","description":"","publisher":{"@id":"https:\/\/apuntesdesanluis.com\/#\/schema\/person\/b55151d52296fcce64d1a72538a70b90"},"potentialAction":[{"@type":"SearchAction","target":{"@type":"EntryPoint","urlTemplate":"https:\/\/apuntesdesanluis.com\/?s={search_term_string}"},"query-input":{"@type":"PropertyValueSpecification","valueRequired":true,"valueName":"search_term_string"}}],"inLanguage":"es-AR"},{"@type":["Person","Organization"],"@id":"https:\/\/apuntesdesanluis.com\/#\/schema\/person\/b55151d52296fcce64d1a72538a70b90","name":"apuntesdesanluis.com","image":{"@type":"ImageObject","inLanguage":"es-AR","@id":"https:\/\/apuntesdesanluis.com\/#\/schema\/person\/image\/","url":"https:\/\/apuntesdesanluis.com\/wp-content\/uploads\/2023\/07\/cropped-apuntesdesanluis.png","contentUrl":"https:\/\/apuntesdesanluis.com\/wp-content\/uploads\/2023\/07\/cropped-apuntesdesanluis.png","width":450,"height":112,"caption":"apuntesdesanluis.com"},"logo":{"@id":"https:\/\/apuntesdesanluis.com\/#\/schema\/person\/image\/"},"sameAs":["https:\/\/apuntesdesanluis.com"],"url":"https:\/\/apuntesdesanluis.com\/index.php\/author\/apuntesdesanluis-com\/"}]}},"featured_image_urls":{"full":["https:\/\/apuntesdesanluis.com\/wp-content\/uploads\/2024\/08\/rectorado-san-luis.png",700,444,false],"thumbnail":["https:\/\/apuntesdesanluis.com\/wp-content\/uploads\/2024\/08\/rectorado-san-luis-150x150.png",150,150,true],"medium":["https:\/\/apuntesdesanluis.com\/wp-content\/uploads\/2024\/08\/rectorado-san-luis-300x190.png",300,190,true],"medium_large":["https:\/\/apuntesdesanluis.com\/wp-content\/uploads\/2024\/08\/rectorado-san-luis.png",640,406,false],"large":["https:\/\/apuntesdesanluis.com\/wp-content\/uploads\/2024\/08\/rectorado-san-luis.png",640,406,false],"1536x1536":["https:\/\/apuntesdesanluis.com\/wp-content\/uploads\/2024\/08\/rectorado-san-luis.png",700,444,false],"2048x2048":["https:\/\/apuntesdesanluis.com\/wp-content\/uploads\/2024\/08\/rectorado-san-luis.png",700,444,false],"newsever-slider-full":["https:\/\/apuntesdesanluis.com\/wp-content\/uploads\/2024\/08\/rectorado-san-luis.png",700,444,false],"newsever-featured":["https:\/\/apuntesdesanluis.com\/wp-content\/uploads\/2024\/08\/rectorado-san-luis.png",700,444,false],"newsever-medium":["https:\/\/apuntesdesanluis.com\/wp-content\/uploads\/2024\/08\/rectorado-san-luis.png",700,444,false]},"author_info":{"display_name":"apuntesdesanluis.com","author_link":"https:\/\/apuntesdesanluis.com\/index.php\/author\/apuntesdesanluis-com\/"},"category_info":"<a href=\"https:\/\/apuntesdesanluis.com\/index.php\/category\/ciudad-provincia\/\" rel=\"category tag\">Ciudad\/Provincia<\/a>","tag_info":"Ciudad\/Provincia","comment_count":"0","_links":{"self":[{"href":"https:\/\/apuntesdesanluis.com\/index.php\/wp-json\/wp\/v2\/posts\/20741","targetHints":{"allow":["GET"]}}],"collection":[{"href":"https:\/\/apuntesdesanluis.com\/index.php\/wp-json\/wp\/v2\/posts"}],"about":[{"href":"https:\/\/apuntesdesanluis.com\/index.php\/wp-json\/wp\/v2\/types\/post"}],"author":[{"embeddable":true,"href":"https:\/\/apuntesdesanluis.com\/index.php\/wp-json\/wp\/v2\/users\/1"}],"replies":[{"embeddable":true,"href":"https:\/\/apuntesdesanluis.com\/index.php\/wp-json\/wp\/v2\/comments?post=20741"}],"version-history":[{"count":1,"href":"https:\/\/apuntesdesanluis.com\/index.php\/wp-json\/wp\/v2\/posts\/20741\/revisions"}],"predecessor-version":[{"id":20746,"href":"https:\/\/apuntesdesanluis.com\/index.php\/wp-json\/wp\/v2\/posts\/20741\/revisions\/20746"}],"wp:featuredmedia":[{"embeddable":true,"href":"https:\/\/apuntesdesanluis.com\/index.php\/wp-json\/wp\/v2\/media\/20745"}],"wp:attachment":[{"href":"https:\/\/apuntesdesanluis.com\/index.php\/wp-json\/wp\/v2\/media?parent=20741"}],"wp:term":[{"taxonomy":"category","embeddable":true,"href":"https:\/\/apuntesdesanluis.com\/index.php\/wp-json\/wp\/v2\/categories?post=20741"},{"taxonomy":"post_tag","embeddable":true,"href":"https:\/\/apuntesdesanluis.com\/index.php\/wp-json\/wp\/v2\/tags?post=20741"}],"curies":[{"name":"wp","href":"https:\/\/api.w.org\/{rel}","templated":true}]}}