{"id":20747,"date":"2024-08-13T07:45:57","date_gmt":"2024-08-13T10:45:57","guid":{"rendered":"https:\/\/apuntesdesanluis.com\/?p=20747"},"modified":"2024-08-13T07:46:09","modified_gmt":"2024-08-13T10:46:09","slug":"la-politica-nacional-gira-en-torno-del-ventilador-de-acusaciones-que-prendio-fabiola-yanez","status":"publish","type":"post","link":"https:\/\/apuntesdesanluis.com\/index.php\/2024\/08\/13\/la-politica-nacional-gira-en-torno-del-ventilador-de-acusaciones-que-prendio-fabiola-yanez\/","title":{"rendered":"LA POL\u00cdTICA NACIONAL GIRA EN TORNO DEL VENTILADOR DE ACUSACIONES QUE PRENDI\u00d3 FABIOLA Y\u00c1\u00d1EZ"},"content":{"rendered":"<h3>Entre otras denuncias, Fabiola Ya\u00f1ez asegur\u00f3 que el <strong>m\u00e9dico presidencial<\/strong> sab\u00eda que <strong>Alberto Fern\u00e1ndez<\/strong> la golpeaba, que el ex presidente la oblig\u00f3 a hacerse un aborto y que la ex ministra de Mujeres <strong>Ayel\u00e9n Mazzina<\/strong> sab\u00eda todo pero \u201cno hizo nada\u201d.<\/h3>\n<h3>En cuanto al m\u00e9dico, se trata de Federico Saavedra. La acusaci\u00f3n figura en el escrito de 20 p\u00e1ginas que hizo la exprimera dama, quien ya fue aceptada como querellante y este martes ampliar\u00e1 su testimonio.<\/h3>\n<h3>A pocas horas de declarar v\u00eda Zoom ante la Justicia, se conoci\u00f3 otro fuerte testimonio que hizo Fabiola Ya\u00f1ez en el escrito de 20 p\u00e1ginas que entreg\u00f3 al fiscal Ramiro Gonz\u00e1lez. All\u00ed afirma que el m\u00e9dico presidencial sab\u00eda que Alberto Fern\u00e1ndez la golpeaba.<\/h3>\n<h3>Ya\u00f1ez apunt\u00f3 contra el jefe de la Unidad M\u00e9dica Presidencial y doctor de confianza de Fern\u00e1ndez, Federico Saavedra, acus\u00e1ndolo haber ocultado una de las agresiones del exmandatario cuando a\u00fan no hab\u00eda nacido el hijo de ambos, Francisco.<\/h3>\n<h3>En el escrito, la exprimera dama narr\u00f3 c\u00f3mo fue uno de los momentos donde sufri\u00f3 violencia f\u00edsica en la quinta residencial de Olivos. \u201cHab\u00edamos discutido antes, mucho, como ya era habitual y como cierre de la discusi\u00f3n me peg\u00f3 desde su lado de la cama un terrible golpe de pu\u00f1o. Grit\u00e9 y le dije \u00b4\u00bfque me hiciste?\u00b4. Pero nada, se dio vuelta y con ese golpe termino la discusi\u00f3n\u201d.<\/h3>\n<h3><strong>MINISTRA DE LAS MUJERES<\/strong><\/h3>\n<h3>Adem\u00e1s, Ya\u00f1ez cont\u00f3 que la hist\u00f3rica secretaria presidencial, Mar\u00eda Cantero, conoc\u00eda de los constantes ataques que sufr\u00eda. Al igual que la exministra de Mujeres, G\u00e9nero y Diversidad <strong>Ayel\u00e9n Mazzina<\/strong>, quien d\u00edas atr\u00e1s asegur\u00f3 que la ex primera dama \u201cen ning\u00fan momento se comunic\u00f3\u201d con el Ministerio para pedir ayuda.<\/h3>\n<p><img fetchpriority=\"high\" decoding=\"async\" class=\"wp-image-20715 aligncenter\" src=\"https:\/\/apuntesdesanluis.com\/wp-content\/uploads\/2024\/08\/ayelen-cn-abertp-300x187.png\" alt=\"\" width=\"549\" height=\"342\" srcset=\"https:\/\/apuntesdesanluis.com\/wp-content\/uploads\/2024\/08\/ayelen-cn-abertp-300x187.png 300w, https:\/\/apuntesdesanluis.com\/wp-content\/uploads\/2024\/08\/ayelen-cn-abertp.png 600w\" sizes=\"(max-width: 549px) 100vw, 549px\" \/><\/p>\n<h3>\u201cEn una oportunidad, le ped\u00ed que me acompa\u00f1e a dar una entrevista a Brasil, en ese pa\u00eds y en el mundo, \u00e9ramos referentes por tener Ministerio de la Mujer, as\u00ed que me pareci\u00f3 apropiado ir con ella, y m\u00e1s a\u00fan intentar hablarle de lo que viv\u00eda\u201d, rememor\u00f3 Ya\u00f1ez, seg\u00fan el escrito al que accedi\u00f3 Infobae.<\/h3>\n<h3>Y a\u00f1ade sobre el comportamiento de Mazzina: \u201cRecuerdo que despu\u00e9s de la conferencia fuimos a cenar, y antes nos sentamos afuera, hab\u00eda un banco, y le dije \u00b4tengo que decirte algo\u00b4, le muestro la foto y le muestro los videos de Alberto con otra mujer teniendo relaciones en la Casa Rosada, se queda callada. Dice \u00b4no lo puedo creer, Fabi conta conmigo y ven\u00ed al Ministerio de la Mujer\u00b4. No hizo nada. Despu\u00e9s de eso, la encuentro un d\u00eda en una cena a la que fui con Alberto, se acerca y por lo bajo me dice: \u00b4\u00bfestas mejor\u00b4? Sent\u00ed que me estaba tomando el pelo&#8221;.<\/h3>\n<h3><strong>ABORTO EN 2016<\/strong><\/h3>\n<h3>El expresidente Alberto Fern\u00e1ndez habr\u00eda inducido a la exprimera dama Fabiola Ya\u00f1ez a practicarse un aborto, seg\u00fan se\u00f1al\u00f3 la mujer en el escrito presentado en la Justicia en la causa por violencia de g\u00e9nero contra el exmandatario.<\/h3>\n<h3>Ya\u00f1ez declar\u00f3 que, como parte de la violencia sufrida por el exmandatario, en 2016 habr\u00eda sido forzada a interrumpir un embarazo.<\/h3>\n<h3>As\u00ed lo cont\u00f3 el periodista<strong> Jonatan Viale<\/strong>, uno de los que viene investigando el expediente abierto contra Fern\u00e1ndez por \u201cviolencia f\u00edsica\u201d y \u201cterrorismo psicol\u00f3gico\u201d.<\/h3>\n<h3><strong>AMPL\u00cdA SU DECLARACI\u00d3N<\/strong><\/h3>\n<h3>La ex Primera Dama Fabiola Ya\u00f1ez fue aceptada como querellante de la causa que le inici\u00f3 al expresidente Alberto Fern\u00e1ndez por violencia de g\u00e9nero.<\/h3>\n<h3>Seg\u00fan pudo saber la Agencia Noticias Argentinas de fuentes judiciales, la mujer declarar\u00e1 este martes a las 10 desde Madrid, donde reside actualmente, ante el fiscal Ramiro Gonz\u00e1lez a trav\u00e9s de la plataforma Zoom.<\/h3>\n<p>&nbsp;<\/p>\n<p>&nbsp;<\/p>\n<p>&nbsp;<\/p>\n<p>&nbsp;<\/p>\n<p>&nbsp;<\/p>\n<p>&nbsp;<\/p>\n","protected":false},"excerpt":{"rendered":"<p>Entre otras denuncias, Fabiola Ya\u00f1ez asegur\u00f3 que el m\u00e9dico presidencial sab\u00eda que Alberto Fern\u00e1ndez la&#8230;<\/p>\n","protected":false},"author":1,"featured_media":20748,"comment_status":"closed","ping_status":"closed","sticky":false,"template":"","format":"standard","meta":{"footnotes":""},"categories":[5],"tags":[],"class_list":["post-20747","post","type-post","status-publish","format-standard","has-post-thumbnail","hentry","category-nacionales-internacionales"],"yoast_head":"<!-- This site is optimized with the Yoast SEO plugin v26.1.1 - https:\/\/yoast.com\/wordpress\/plugins\/seo\/ -->\n<title>LA POL\u00cdTICA NACIONAL GIRA EN TORNO DEL VENTILADOR DE ACUSACIONES QUE PRENDI\u00d3 FABIOLA Y\u00c1\u00d1EZ - Apuntes de San Luis<\/title>\n<meta name=\"robots\" content=\"index, follow, max-snippet:-1, max-image-preview:large, max-video-preview:-1\" \/>\n<link rel=\"canonical\" href=\"https:\/\/apuntesdesanluis.com\/index.php\/2024\/08\/13\/la-politica-nacional-gira-en-torno-del-ventilador-de-acusaciones-que-prendio-fabiola-yanez\/\" \/>\n<meta property=\"og:locale\" content=\"es_ES\" \/>\n<meta property=\"og:type\" content=\"article\" \/>\n<meta property=\"og:title\" content=\"LA POL\u00cdTICA NACIONAL GIRA EN TORNO DEL VENTILADOR DE ACUSACIONES QUE PRENDI\u00d3 FABIOLA Y\u00c1\u00d1EZ - Apuntes de San Luis\" \/>\n<meta property=\"og:description\" content=\"Entre otras denuncias, Fabiola Ya\u00f1ez asegur\u00f3 que el m\u00e9dico presidencial sab\u00eda que Alberto Fern\u00e1ndez la...\" \/>\n<meta property=\"og:url\" content=\"https:\/\/apuntesdesanluis.com\/index.php\/2024\/08\/13\/la-politica-nacional-gira-en-torno-del-ventilador-de-acusaciones-que-prendio-fabiola-yanez\/\" \/>\n<meta property=\"og:site_name\" content=\"Apuntes de San Luis\" \/>\n<meta property=\"article:published_time\" content=\"2024-08-13T10:45:57+00:00\" \/>\n<meta property=\"article:modified_time\" content=\"2024-08-13T10:46:09+00:00\" \/>\n<meta property=\"og:image\" content=\"https:\/\/apuntesdesanluis.com\/wp-content\/uploads\/2024\/08\/fabiola-y-fernandez.png\" \/>\n\t<meta property=\"og:image:width\" content=\"865\" \/>\n\t<meta property=\"og:image:height\" content=\"531\" \/>\n\t<meta property=\"og:image:type\" content=\"image\/png\" \/>\n<meta name=\"author\" content=\"apuntesdesanluis.com\" \/>\n<meta name=\"twitter:card\" content=\"summary_large_image\" \/>\n<meta name=\"twitter:label1\" content=\"Escrito por\" \/>\n\t<meta name=\"twitter:data1\" content=\"apuntesdesanluis.com\" \/>\n\t<meta name=\"twitter:label2\" content=\"Tiempo de lectura\" \/>\n\t<meta name=\"twitter:data2\" content=\"4 minutos\" \/>\n<script type=\"application\/ld+json\" class=\"yoast-schema-graph\">{\"@context\":\"https:\/\/schema.org\",\"@graph\":[{\"@type\":\"Article\",\"@id\":\"https:\/\/apuntesdesanluis.com\/index.php\/2024\/08\/13\/la-politica-nacional-gira-en-torno-del-ventilador-de-acusaciones-que-prendio-fabiola-yanez\/#article\",\"isPartOf\":{\"@id\":\"https:\/\/apuntesdesanluis.com\/index.php\/2024\/08\/13\/la-politica-nacional-gira-en-torno-del-ventilador-de-acusaciones-que-prendio-fabiola-yanez\/\"},\"author\":{\"name\":\"apuntesdesanluis.com\",\"@id\":\"https:\/\/apuntesdesanluis.com\/#\/schema\/person\/b55151d52296fcce64d1a72538a70b90\"},\"headline\":\"LA POL\u00cdTICA NACIONAL GIRA EN TORNO DEL VENTILADOR DE ACUSACIONES QUE PRENDI\u00d3 FABIOLA Y\u00c1\u00d1EZ\",\"datePublished\":\"2024-08-13T10:45:57+00:00\",\"dateModified\":\"2024-08-13T10:46:09+00:00\",\"mainEntityOfPage\":{\"@id\":\"https:\/\/apuntesdesanluis.com\/index.php\/2024\/08\/13\/la-politica-nacional-gira-en-torno-del-ventilador-de-acusaciones-que-prendio-fabiola-yanez\/\"},\"wordCount\":671,\"publisher\":{\"@id\":\"https:\/\/apuntesdesanluis.com\/#\/schema\/person\/b55151d52296fcce64d1a72538a70b90\"},\"image\":{\"@id\":\"https:\/\/apuntesdesanluis.com\/index.php\/2024\/08\/13\/la-politica-nacional-gira-en-torno-del-ventilador-de-acusaciones-que-prendio-fabiola-yanez\/#primaryimage\"},\"thumbnailUrl\":\"https:\/\/apuntesdesanluis.com\/wp-content\/uploads\/2024\/08\/fabiola-y-fernandez.png\",\"articleSection\":[\"Nacionales\/Internacionales\"],\"inLanguage\":\"es-AR\"},{\"@type\":\"WebPage\",\"@id\":\"https:\/\/apuntesdesanluis.com\/index.php\/2024\/08\/13\/la-politica-nacional-gira-en-torno-del-ventilador-de-acusaciones-que-prendio-fabiola-yanez\/\",\"url\":\"https:\/\/apuntesdesanluis.com\/index.php\/2024\/08\/13\/la-politica-nacional-gira-en-torno-del-ventilador-de-acusaciones-que-prendio-fabiola-yanez\/\",\"name\":\"LA POL\u00cdTICA NACIONAL GIRA EN TORNO DEL VENTILADOR DE ACUSACIONES QUE PRENDI\u00d3 FABIOLA Y\u00c1\u00d1EZ - Apuntes de San Luis\",\"isPartOf\":{\"@id\":\"https:\/\/apuntesdesanluis.com\/#website\"},\"primaryImageOfPage\":{\"@id\":\"https:\/\/apuntesdesanluis.com\/index.php\/2024\/08\/13\/la-politica-nacional-gira-en-torno-del-ventilador-de-acusaciones-que-prendio-fabiola-yanez\/#primaryimage\"},\"image\":{\"@id\":\"https:\/\/apuntesdesanluis.com\/index.php\/2024\/08\/13\/la-politica-nacional-gira-en-torno-del-ventilador-de-acusaciones-que-prendio-fabiola-yanez\/#primaryimage\"},\"thumbnailUrl\":\"https:\/\/apuntesdesanluis.com\/wp-content\/uploads\/2024\/08\/fabiola-y-fernandez.png\",\"datePublished\":\"2024-08-13T10:45:57+00:00\",\"dateModified\":\"2024-08-13T10:46:09+00:00\",\"breadcrumb\":{\"@id\":\"https:\/\/apuntesdesanluis.com\/index.php\/2024\/08\/13\/la-politica-nacional-gira-en-torno-del-ventilador-de-acusaciones-que-prendio-fabiola-yanez\/#breadcrumb\"},\"inLanguage\":\"es-AR\",\"potentialAction\":[{\"@type\":\"ReadAction\",\"target\":[\"https:\/\/apuntesdesanluis.com\/index.php\/2024\/08\/13\/la-politica-nacional-gira-en-torno-del-ventilador-de-acusaciones-que-prendio-fabiola-yanez\/\"]}]},{\"@type\":\"ImageObject\",\"inLanguage\":\"es-AR\",\"@id\":\"https:\/\/apuntesdesanluis.com\/index.php\/2024\/08\/13\/la-politica-nacional-gira-en-torno-del-ventilador-de-acusaciones-que-prendio-fabiola-yanez\/#primaryimage\",\"url\":\"https:\/\/apuntesdesanluis.com\/wp-content\/uploads\/2024\/08\/fabiola-y-fernandez.png\",\"contentUrl\":\"https:\/\/apuntesdesanluis.com\/wp-content\/uploads\/2024\/08\/fabiola-y-fernandez.png\",\"width\":865,\"height\":531},{\"@type\":\"BreadcrumbList\",\"@id\":\"https:\/\/apuntesdesanluis.com\/index.php\/2024\/08\/13\/la-politica-nacional-gira-en-torno-del-ventilador-de-acusaciones-que-prendio-fabiola-yanez\/#breadcrumb\",\"itemListElement\":[{\"@type\":\"ListItem\",\"position\":1,\"name\":\"Inicio\",\"item\":\"https:\/\/apuntesdesanluis.com\/\"},{\"@type\":\"ListItem\",\"position\":2,\"name\":\"LA POL\u00cdTICA NACIONAL GIRA EN TORNO DEL VENTILADOR DE ACUSACIONES QUE PRENDI\u00d3 FABIOLA Y\u00c1\u00d1EZ\"}]},{\"@type\":\"WebSite\",\"@id\":\"https:\/\/apuntesdesanluis.com\/#website\",\"url\":\"https:\/\/apuntesdesanluis.com\/\",\"name\":\"Apuntes de San Luis\",\"description\":\"\",\"publisher\":{\"@id\":\"https:\/\/apuntesdesanluis.com\/#\/schema\/person\/b55151d52296fcce64d1a72538a70b90\"},\"potentialAction\":[{\"@type\":\"SearchAction\",\"target\":{\"@type\":\"EntryPoint\",\"urlTemplate\":\"https:\/\/apuntesdesanluis.com\/?s={search_term_string}\"},\"query-input\":{\"@type\":\"PropertyValueSpecification\",\"valueRequired\":true,\"valueName\":\"search_term_string\"}}],\"inLanguage\":\"es-AR\"},{\"@type\":[\"Person\",\"Organization\"],\"@id\":\"https:\/\/apuntesdesanluis.com\/#\/schema\/person\/b55151d52296fcce64d1a72538a70b90\",\"name\":\"apuntesdesanluis.com\",\"image\":{\"@type\":\"ImageObject\",\"inLanguage\":\"es-AR\",\"@id\":\"https:\/\/apuntesdesanluis.com\/#\/schema\/person\/image\/\",\"url\":\"https:\/\/apuntesdesanluis.com\/wp-content\/uploads\/2023\/07\/cropped-apuntesdesanluis.png\",\"contentUrl\":\"https:\/\/apuntesdesanluis.com\/wp-content\/uploads\/2023\/07\/cropped-apuntesdesanluis.png\",\"width\":450,\"height\":112,\"caption\":\"apuntesdesanluis.com\"},\"logo\":{\"@id\":\"https:\/\/apuntesdesanluis.com\/#\/schema\/person\/image\/\"},\"sameAs\":[\"https:\/\/apuntesdesanluis.com\"],\"url\":\"https:\/\/apuntesdesanluis.com\/index.php\/author\/apuntesdesanluis-com\/\"}]}<\/script>\n<!-- \/ Yoast SEO plugin. -->","yoast_head_json":{"title":"LA POL\u00cdTICA NACIONAL GIRA EN TORNO DEL VENTILADOR DE ACUSACIONES QUE PRENDI\u00d3 FABIOLA Y\u00c1\u00d1EZ - Apuntes de San Luis","robots":{"index":"index","follow":"follow","max-snippet":"max-snippet:-1","max-image-preview":"max-image-preview:large","max-video-preview":"max-video-preview:-1"},"canonical":"https:\/\/apuntesdesanluis.com\/index.php\/2024\/08\/13\/la-politica-nacional-gira-en-torno-del-ventilador-de-acusaciones-que-prendio-fabiola-yanez\/","og_locale":"es_ES","og_type":"article","og_title":"LA POL\u00cdTICA NACIONAL GIRA EN TORNO DEL VENTILADOR DE ACUSACIONES QUE PRENDI\u00d3 FABIOLA Y\u00c1\u00d1EZ - Apuntes de San Luis","og_description":"Entre otras denuncias, Fabiola Ya\u00f1ez asegur\u00f3 que el m\u00e9dico presidencial sab\u00eda que Alberto Fern\u00e1ndez la...","og_url":"https:\/\/apuntesdesanluis.com\/index.php\/2024\/08\/13\/la-politica-nacional-gira-en-torno-del-ventilador-de-acusaciones-que-prendio-fabiola-yanez\/","og_site_name":"Apuntes de San Luis","article_published_time":"2024-08-13T10:45:57+00:00","article_modified_time":"2024-08-13T10:46:09+00:00","og_image":[{"width":865,"height":531,"url":"https:\/\/apuntesdesanluis.com\/wp-content\/uploads\/2024\/08\/fabiola-y-fernandez.png","type":"image\/png"}],"author":"apuntesdesanluis.com","twitter_card":"summary_large_image","twitter_misc":{"Escrito por":"apuntesdesanluis.com","Tiempo de lectura":"4 minutos"},"schema":{"@context":"https:\/\/schema.org","@graph":[{"@type":"Article","@id":"https:\/\/apuntesdesanluis.com\/index.php\/2024\/08\/13\/la-politica-nacional-gira-en-torno-del-ventilador-de-acusaciones-que-prendio-fabiola-yanez\/#article","isPartOf":{"@id":"https:\/\/apuntesdesanluis.com\/index.php\/2024\/08\/13\/la-politica-nacional-gira-en-torno-del-ventilador-de-acusaciones-que-prendio-fabiola-yanez\/"},"author":{"name":"apuntesdesanluis.com","@id":"https:\/\/apuntesdesanluis.com\/#\/schema\/person\/b55151d52296fcce64d1a72538a70b90"},"headline":"LA POL\u00cdTICA NACIONAL GIRA EN TORNO DEL VENTILADOR DE ACUSACIONES QUE PRENDI\u00d3 FABIOLA Y\u00c1\u00d1EZ","datePublished":"2024-08-13T10:45:57+00:00","dateModified":"2024-08-13T10:46:09+00:00","mainEntityOfPage":{"@id":"https:\/\/apuntesdesanluis.com\/index.php\/2024\/08\/13\/la-politica-nacional-gira-en-torno-del-ventilador-de-acusaciones-que-prendio-fabiola-yanez\/"},"wordCount":671,"publisher":{"@id":"https:\/\/apuntesdesanluis.com\/#\/schema\/person\/b55151d52296fcce64d1a72538a70b90"},"image":{"@id":"https:\/\/apuntesdesanluis.com\/index.php\/2024\/08\/13\/la-politica-nacional-gira-en-torno-del-ventilador-de-acusaciones-que-prendio-fabiola-yanez\/#primaryimage"},"thumbnailUrl":"https:\/\/apuntesdesanluis.com\/wp-content\/uploads\/2024\/08\/fabiola-y-fernandez.png","articleSection":["Nacionales\/Internacionales"],"inLanguage":"es-AR"},{"@type":"WebPage","@id":"https:\/\/apuntesdesanluis.com\/index.php\/2024\/08\/13\/la-politica-nacional-gira-en-torno-del-ventilador-de-acusaciones-que-prendio-fabiola-yanez\/","url":"https:\/\/apuntesdesanluis.com\/index.php\/2024\/08\/13\/la-politica-nacional-gira-en-torno-del-ventilador-de-acusaciones-que-prendio-fabiola-yanez\/","name":"LA POL\u00cdTICA NACIONAL GIRA EN TORNO DEL VENTILADOR DE ACUSACIONES QUE PRENDI\u00d3 FABIOLA Y\u00c1\u00d1EZ - Apuntes de San Luis","isPartOf":{"@id":"https:\/\/apuntesdesanluis.com\/#website"},"primaryImageOfPage":{"@id":"https:\/\/apuntesdesanluis.com\/index.php\/2024\/08\/13\/la-politica-nacional-gira-en-torno-del-ventilador-de-acusaciones-que-prendio-fabiola-yanez\/#primaryimage"},"image":{"@id":"https:\/\/apuntesdesanluis.com\/index.php\/2024\/08\/13\/la-politica-nacional-gira-en-torno-del-ventilador-de-acusaciones-que-prendio-fabiola-yanez\/#primaryimage"},"thumbnailUrl":"https:\/\/apuntesdesanluis.com\/wp-content\/uploads\/2024\/08\/fabiola-y-fernandez.png","datePublished":"2024-08-13T10:45:57+00:00","dateModified":"2024-08-13T10:46:09+00:00","breadcrumb":{"@id":"https:\/\/apuntesdesanluis.com\/index.php\/2024\/08\/13\/la-politica-nacional-gira-en-torno-del-ventilador-de-acusaciones-que-prendio-fabiola-yanez\/#breadcrumb"},"inLanguage":"es-AR","potentialAction":[{"@type":"ReadAction","target":["https:\/\/apuntesdesanluis.com\/index.php\/2024\/08\/13\/la-politica-nacional-gira-en-torno-del-ventilador-de-acusaciones-que-prendio-fabiola-yanez\/"]}]},{"@type":"ImageObject","inLanguage":"es-AR","@id":"https:\/\/apuntesdesanluis.com\/index.php\/2024\/08\/13\/la-politica-nacional-gira-en-torno-del-ventilador-de-acusaciones-que-prendio-fabiola-yanez\/#primaryimage","url":"https:\/\/apuntesdesanluis.com\/wp-content\/uploads\/2024\/08\/fabiola-y-fernandez.png","contentUrl":"https:\/\/apuntesdesanluis.com\/wp-content\/uploads\/2024\/08\/fabiola-y-fernandez.png","width":865,"height":531},{"@type":"BreadcrumbList","@id":"https:\/\/apuntesdesanluis.com\/index.php\/2024\/08\/13\/la-politica-nacional-gira-en-torno-del-ventilador-de-acusaciones-que-prendio-fabiola-yanez\/#breadcrumb","itemListElement":[{"@type":"ListItem","position":1,"name":"Inicio","item":"https:\/\/apuntesdesanluis.com\/"},{"@type":"ListItem","position":2,"name":"LA POL\u00cdTICA NACIONAL GIRA EN TORNO DEL VENTILADOR DE ACUSACIONES QUE PRENDI\u00d3 FABIOLA Y\u00c1\u00d1EZ"}]},{"@type":"WebSite","@id":"https:\/\/apuntesdesanluis.com\/#website","url":"https:\/\/apuntesdesanluis.com\/","name":"Apuntes de San Luis","description":"","publisher":{"@id":"https:\/\/apuntesdesanluis.com\/#\/schema\/person\/b55151d52296fcce64d1a72538a70b90"},"potentialAction":[{"@type":"SearchAction","target":{"@type":"EntryPoint","urlTemplate":"https:\/\/apuntesdesanluis.com\/?s={search_term_string}"},"query-input":{"@type":"PropertyValueSpecification","valueRequired":true,"valueName":"search_term_string"}}],"inLanguage":"es-AR"},{"@type":["Person","Organization"],"@id":"https:\/\/apuntesdesanluis.com\/#\/schema\/person\/b55151d52296fcce64d1a72538a70b90","name":"apuntesdesanluis.com","image":{"@type":"ImageObject","inLanguage":"es-AR","@id":"https:\/\/apuntesdesanluis.com\/#\/schema\/person\/image\/","url":"https:\/\/apuntesdesanluis.com\/wp-content\/uploads\/2023\/07\/cropped-apuntesdesanluis.png","contentUrl":"https:\/\/apuntesdesanluis.com\/wp-content\/uploads\/2023\/07\/cropped-apuntesdesanluis.png","width":450,"height":112,"caption":"apuntesdesanluis.com"},"logo":{"@id":"https:\/\/apuntesdesanluis.com\/#\/schema\/person\/image\/"},"sameAs":["https:\/\/apuntesdesanluis.com"],"url":"https:\/\/apuntesdesanluis.com\/index.php\/author\/apuntesdesanluis-com\/"}]}},"featured_image_urls":{"full":["https:\/\/apuntesdesanluis.com\/wp-content\/uploads\/2024\/08\/fabiola-y-fernandez.png",865,531,false],"thumbnail":["https:\/\/apuntesdesanluis.com\/wp-content\/uploads\/2024\/08\/fabiola-y-fernandez-150x150.png",150,150,true],"medium":["https:\/\/apuntesdesanluis.com\/wp-content\/uploads\/2024\/08\/fabiola-y-fernandez-300x184.png",300,184,true],"medium_large":["https:\/\/apuntesdesanluis.com\/wp-content\/uploads\/2024\/08\/fabiola-y-fernandez-768x471.png",640,393,true],"large":["https:\/\/apuntesdesanluis.com\/wp-content\/uploads\/2024\/08\/fabiola-y-fernandez.png",640,393,false],"1536x1536":["https:\/\/apuntesdesanluis.com\/wp-content\/uploads\/2024\/08\/fabiola-y-fernandez.png",865,531,false],"2048x2048":["https:\/\/apuntesdesanluis.com\/wp-content\/uploads\/2024\/08\/fabiola-y-fernandez.png",865,531,false],"newsever-slider-full":["https:\/\/apuntesdesanluis.com\/wp-content\/uploads\/2024\/08\/fabiola-y-fernandez.png",865,531,false],"newsever-featured":["https:\/\/apuntesdesanluis.com\/wp-content\/uploads\/2024\/08\/fabiola-y-fernandez.png",865,531,false],"newsever-medium":["https:\/\/apuntesdesanluis.com\/wp-content\/uploads\/2024\/08\/fabiola-y-fernandez-720x475.png",720,475,true]},"author_info":{"display_name":"apuntesdesanluis.com","author_link":"https:\/\/apuntesdesanluis.com\/index.php\/author\/apuntesdesanluis-com\/"},"category_info":"<a href=\"https:\/\/apuntesdesanluis.com\/index.php\/category\/nacionales-internacionales\/\" rel=\"category tag\">Nacionales\/Internacionales<\/a>","tag_info":"Nacionales\/Internacionales","comment_count":"0","_links":{"self":[{"href":"https:\/\/apuntesdesanluis.com\/index.php\/wp-json\/wp\/v2\/posts\/20747","targetHints":{"allow":["GET"]}}],"collection":[{"href":"https:\/\/apuntesdesanluis.com\/index.php\/wp-json\/wp\/v2\/posts"}],"about":[{"href":"https:\/\/apuntesdesanluis.com\/index.php\/wp-json\/wp\/v2\/types\/post"}],"author":[{"embeddable":true,"href":"https:\/\/apuntesdesanluis.com\/index.php\/wp-json\/wp\/v2\/users\/1"}],"replies":[{"embeddable":true,"href":"https:\/\/apuntesdesanluis.com\/index.php\/wp-json\/wp\/v2\/comments?post=20747"}],"version-history":[{"count":2,"href":"https:\/\/apuntesdesanluis.com\/index.php\/wp-json\/wp\/v2\/posts\/20747\/revisions"}],"predecessor-version":[{"id":20750,"href":"https:\/\/apuntesdesanluis.com\/index.php\/wp-json\/wp\/v2\/posts\/20747\/revisions\/20750"}],"wp:featuredmedia":[{"embeddable":true,"href":"https:\/\/apuntesdesanluis.com\/index.php\/wp-json\/wp\/v2\/media\/20748"}],"wp:attachment":[{"href":"https:\/\/apuntesdesanluis.com\/index.php\/wp-json\/wp\/v2\/media?parent=20747"}],"wp:term":[{"taxonomy":"category","embeddable":true,"href":"https:\/\/apuntesdesanluis.com\/index.php\/wp-json\/wp\/v2\/categories?post=20747"},{"taxonomy":"post_tag","embeddable":true,"href":"https:\/\/apuntesdesanluis.com\/index.php\/wp-json\/wp\/v2\/tags?post=20747"}],"curies":[{"name":"wp","href":"https:\/\/api.w.org\/{rel}","templated":true}]}}