{"id":20754,"date":"2024-08-12T22:56:41","date_gmt":"2024-08-13T01:56:41","guid":{"rendered":"https:\/\/apuntesdesanluis.com\/?p=20754"},"modified":"2024-08-13T07:57:47","modified_gmt":"2024-08-13T10:57:47","slug":"trabajo-dicto-la-conciliacion-obligatoria-en-el-conflicto-de-la-industria-aceitera","status":"publish","type":"post","link":"https:\/\/apuntesdesanluis.com\/index.php\/2024\/08\/12\/trabajo-dicto-la-conciliacion-obligatoria-en-el-conflicto-de-la-industria-aceitera\/","title":{"rendered":"TRABAJO DICT\u00d3 LA CONCILIACI\u00d3N OBLIGATORIA EN EL CONFLICTO DE LA INDUSTRIA ACEITERA"},"content":{"rendered":"<h3>La Secretaria de Trabajo de la Naci\u00f3n dict\u00f3 este lunes la conciliaci\u00f3n obligatoria en el conflicto de la industria aceitera que mantiene paralizada la actividad desde el martes de la semana pasada.<\/h3>\n<h3>El cese de la actividad impacta en el comercio exterior y afecta a m\u00e1s de 10.000 camiones que se encuentran varados en cercan\u00edas de los principales puertos de exportaci\u00f3n, con una p\u00e9rdida de unos 10 millones de d\u00f3lares por d\u00eda, seg\u00fan informaron fuentes empresarias.<\/h3>\n<h3>Ahora, la Secretar\u00eda que dirige Julio Cordero exhort\u00f3 a las partes en conflicto a trav\u00e9s de una resoluci\u00f3n, \u201ca mantener la mejor predisposici\u00f3n y apertura para negociar los temas sobre los cuales mantienen diferencias\u201d.<\/h3>\n<h3>El cese de actividades en el gremio de aceiteros comenz\u00f3 el martes de la semana pasada y las c\u00e1maras empresariales rechazaron el reclamo alegando que los trabajadores recibieron un aumento salarial del 77% y cuentan con un ofrecimiento para llegar al 94% en septiembre.<\/h3>\n<h3>El secretario general del Sindicato Aceitero de Bah\u00eda Blanca-Daireaux, Diego M\u00e1rquez, sostuvo que \u201clas empresas hacen declaraciones medi\u00e1ticas sobre sus ganas de dialogar, pero no presentan una propuesta nueva\u201d y consider\u00f3 que \u201cest\u00e1n detr\u00e1s de una devaluaci\u00f3n o cambios en las retenciones y nos tienen de rehenes\u201d.<\/h3>\n<h3>\u201cCuando las empresas de este tipo est\u00e1n detr\u00e1s de alg\u00fan beneficio para ellos, generan estas situaciones. Est\u00e1n tratando de buscar un d\u00f3lar diferenciado y nosotros quedamos de rehenes. Ellos dicen que pierden 50 millones de d\u00f3lares por d\u00eda por la huelga, pero lo que pedimos como actualizaci\u00f3n del salario representa 3 millones de d\u00f3lares mensuales\u201d, indic\u00f3 M\u00e1rquez en declaraciones a radio Urbana Bah\u00eda Blanca.<\/h3>\n<h3>La medida de fuerza comenz\u00f3 el martes de la semana pasada, luego de un mes de negociaciones para actualizar el salario aceitero. Para el gremio, las c\u00e1maras empresaria como CIARA, CIAVEC y CARBIO, \u201cs\u00f3lo dieron respuestas provocadoras\u201d durante esa negociaci\u00f3n, por lo que las organizaciones sindicales decidieron iniciar una huelga nacional.<\/h3>\n<h3>\u201cNosotros pedimos un Salario M\u00ednimo Vital y M\u00f3vil que nos permita poder alimentarnos bien, comprar la ropa que nos guste, comprar medicamentos cuando nos enfermamos, arreglar la casa donde vivimos o poder elegir d\u00f3nde vamos de vacaciones despu\u00e9s de trabajar todo un a\u00f1o. Eso es lo que reclamamos, tener un salario digno. Eso es lo que dice la Ley de Contrato de Trabajo y la Constituci\u00f3n nacional\u201d, explic\u00f3 M\u00e1rquez.<\/h3>\n<p>&nbsp;<\/p>\n<p>&nbsp;<\/p>\n<p>&nbsp;<\/p>\n<p>&nbsp;<\/p>\n","protected":false},"excerpt":{"rendered":"<p>La Secretaria de Trabajo de la Naci\u00f3n dict\u00f3 este lunes la conciliaci\u00f3n obligatoria en el&#8230;<\/p>\n","protected":false},"author":1,"featured_media":17843,"comment_status":"closed","ping_status":"closed","sticky":false,"template":"","format":"standard","meta":{"footnotes":""},"categories":[5],"tags":[],"class_list":["post-20754","post","type-post","status-publish","format-standard","has-post-thumbnail","hentry","category-nacionales-internacionales"],"yoast_head":"<!-- This site is optimized with the Yoast SEO plugin v26.1.1 - https:\/\/yoast.com\/wordpress\/plugins\/seo\/ -->\n<title>TRABAJO DICT\u00d3 LA CONCILIACI\u00d3N OBLIGATORIA EN EL CONFLICTO DE LA INDUSTRIA ACEITERA - Apuntes de San Luis<\/title>\n<meta name=\"robots\" content=\"index, follow, max-snippet:-1, max-image-preview:large, max-video-preview:-1\" \/>\n<link rel=\"canonical\" href=\"https:\/\/apuntesdesanluis.com\/index.php\/2024\/08\/12\/trabajo-dicto-la-conciliacion-obligatoria-en-el-conflicto-de-la-industria-aceitera\/\" \/>\n<meta property=\"og:locale\" content=\"es_ES\" \/>\n<meta property=\"og:type\" content=\"article\" \/>\n<meta property=\"og:title\" content=\"TRABAJO DICT\u00d3 LA CONCILIACI\u00d3N OBLIGATORIA EN EL CONFLICTO DE LA INDUSTRIA ACEITERA - Apuntes de San Luis\" \/>\n<meta property=\"og:description\" content=\"La Secretaria de Trabajo de la Naci\u00f3n dict\u00f3 este lunes la conciliaci\u00f3n obligatoria en el...\" \/>\n<meta property=\"og:url\" content=\"https:\/\/apuntesdesanluis.com\/index.php\/2024\/08\/12\/trabajo-dicto-la-conciliacion-obligatoria-en-el-conflicto-de-la-industria-aceitera\/\" \/>\n<meta property=\"og:site_name\" content=\"Apuntes de San Luis\" \/>\n<meta property=\"article:published_time\" content=\"2024-08-13T01:56:41+00:00\" \/>\n<meta property=\"article:modified_time\" content=\"2024-08-13T10:57:47+00:00\" \/>\n<meta property=\"og:image\" content=\"https:\/\/apuntesdesanluis.com\/wp-content\/uploads\/2024\/06\/aceites.png\" \/>\n\t<meta property=\"og:image:width\" content=\"703\" \/>\n\t<meta property=\"og:image:height\" content=\"402\" \/>\n\t<meta property=\"og:image:type\" content=\"image\/png\" \/>\n<meta name=\"author\" content=\"apuntesdesanluis.com\" \/>\n<meta name=\"twitter:card\" content=\"summary_large_image\" \/>\n<meta name=\"twitter:label1\" content=\"Escrito por\" \/>\n\t<meta name=\"twitter:data1\" content=\"apuntesdesanluis.com\" \/>\n\t<meta name=\"twitter:label2\" content=\"Tiempo de lectura\" \/>\n\t<meta name=\"twitter:data2\" content=\"2 minutos\" \/>\n<script type=\"application\/ld+json\" class=\"yoast-schema-graph\">{\"@context\":\"https:\/\/schema.org\",\"@graph\":[{\"@type\":\"Article\",\"@id\":\"https:\/\/apuntesdesanluis.com\/index.php\/2024\/08\/12\/trabajo-dicto-la-conciliacion-obligatoria-en-el-conflicto-de-la-industria-aceitera\/#article\",\"isPartOf\":{\"@id\":\"https:\/\/apuntesdesanluis.com\/index.php\/2024\/08\/12\/trabajo-dicto-la-conciliacion-obligatoria-en-el-conflicto-de-la-industria-aceitera\/\"},\"author\":{\"name\":\"apuntesdesanluis.com\",\"@id\":\"https:\/\/apuntesdesanluis.com\/#\/schema\/person\/b55151d52296fcce64d1a72538a70b90\"},\"headline\":\"TRABAJO DICT\u00d3 LA CONCILIACI\u00d3N OBLIGATORIA EN EL CONFLICTO DE LA INDUSTRIA ACEITERA\",\"datePublished\":\"2024-08-13T01:56:41+00:00\",\"dateModified\":\"2024-08-13T10:57:47+00:00\",\"mainEntityOfPage\":{\"@id\":\"https:\/\/apuntesdesanluis.com\/index.php\/2024\/08\/12\/trabajo-dicto-la-conciliacion-obligatoria-en-el-conflicto-de-la-industria-aceitera\/\"},\"wordCount\":437,\"publisher\":{\"@id\":\"https:\/\/apuntesdesanluis.com\/#\/schema\/person\/b55151d52296fcce64d1a72538a70b90\"},\"image\":{\"@id\":\"https:\/\/apuntesdesanluis.com\/index.php\/2024\/08\/12\/trabajo-dicto-la-conciliacion-obligatoria-en-el-conflicto-de-la-industria-aceitera\/#primaryimage\"},\"thumbnailUrl\":\"https:\/\/apuntesdesanluis.com\/wp-content\/uploads\/2024\/06\/aceites.png\",\"articleSection\":[\"Nacionales\/Internacionales\"],\"inLanguage\":\"es-AR\"},{\"@type\":\"WebPage\",\"@id\":\"https:\/\/apuntesdesanluis.com\/index.php\/2024\/08\/12\/trabajo-dicto-la-conciliacion-obligatoria-en-el-conflicto-de-la-industria-aceitera\/\",\"url\":\"https:\/\/apuntesdesanluis.com\/index.php\/2024\/08\/12\/trabajo-dicto-la-conciliacion-obligatoria-en-el-conflicto-de-la-industria-aceitera\/\",\"name\":\"TRABAJO DICT\u00d3 LA CONCILIACI\u00d3N OBLIGATORIA EN EL CONFLICTO DE LA INDUSTRIA ACEITERA - Apuntes de San Luis\",\"isPartOf\":{\"@id\":\"https:\/\/apuntesdesanluis.com\/#website\"},\"primaryImageOfPage\":{\"@id\":\"https:\/\/apuntesdesanluis.com\/index.php\/2024\/08\/12\/trabajo-dicto-la-conciliacion-obligatoria-en-el-conflicto-de-la-industria-aceitera\/#primaryimage\"},\"image\":{\"@id\":\"https:\/\/apuntesdesanluis.com\/index.php\/2024\/08\/12\/trabajo-dicto-la-conciliacion-obligatoria-en-el-conflicto-de-la-industria-aceitera\/#primaryimage\"},\"thumbnailUrl\":\"https:\/\/apuntesdesanluis.com\/wp-content\/uploads\/2024\/06\/aceites.png\",\"datePublished\":\"2024-08-13T01:56:41+00:00\",\"dateModified\":\"2024-08-13T10:57:47+00:00\",\"breadcrumb\":{\"@id\":\"https:\/\/apuntesdesanluis.com\/index.php\/2024\/08\/12\/trabajo-dicto-la-conciliacion-obligatoria-en-el-conflicto-de-la-industria-aceitera\/#breadcrumb\"},\"inLanguage\":\"es-AR\",\"potentialAction\":[{\"@type\":\"ReadAction\",\"target\":[\"https:\/\/apuntesdesanluis.com\/index.php\/2024\/08\/12\/trabajo-dicto-la-conciliacion-obligatoria-en-el-conflicto-de-la-industria-aceitera\/\"]}]},{\"@type\":\"ImageObject\",\"inLanguage\":\"es-AR\",\"@id\":\"https:\/\/apuntesdesanluis.com\/index.php\/2024\/08\/12\/trabajo-dicto-la-conciliacion-obligatoria-en-el-conflicto-de-la-industria-aceitera\/#primaryimage\",\"url\":\"https:\/\/apuntesdesanluis.com\/wp-content\/uploads\/2024\/06\/aceites.png\",\"contentUrl\":\"https:\/\/apuntesdesanluis.com\/wp-content\/uploads\/2024\/06\/aceites.png\",\"width\":703,\"height\":402},{\"@type\":\"BreadcrumbList\",\"@id\":\"https:\/\/apuntesdesanluis.com\/index.php\/2024\/08\/12\/trabajo-dicto-la-conciliacion-obligatoria-en-el-conflicto-de-la-industria-aceitera\/#breadcrumb\",\"itemListElement\":[{\"@type\":\"ListItem\",\"position\":1,\"name\":\"Inicio\",\"item\":\"https:\/\/apuntesdesanluis.com\/\"},{\"@type\":\"ListItem\",\"position\":2,\"name\":\"TRABAJO DICT\u00d3 LA CONCILIACI\u00d3N OBLIGATORIA EN EL CONFLICTO DE LA INDUSTRIA ACEITERA\"}]},{\"@type\":\"WebSite\",\"@id\":\"https:\/\/apuntesdesanluis.com\/#website\",\"url\":\"https:\/\/apuntesdesanluis.com\/\",\"name\":\"Apuntes de San Luis\",\"description\":\"\",\"publisher\":{\"@id\":\"https:\/\/apuntesdesanluis.com\/#\/schema\/person\/b55151d52296fcce64d1a72538a70b90\"},\"potentialAction\":[{\"@type\":\"SearchAction\",\"target\":{\"@type\":\"EntryPoint\",\"urlTemplate\":\"https:\/\/apuntesdesanluis.com\/?s={search_term_string}\"},\"query-input\":{\"@type\":\"PropertyValueSpecification\",\"valueRequired\":true,\"valueName\":\"search_term_string\"}}],\"inLanguage\":\"es-AR\"},{\"@type\":[\"Person\",\"Organization\"],\"@id\":\"https:\/\/apuntesdesanluis.com\/#\/schema\/person\/b55151d52296fcce64d1a72538a70b90\",\"name\":\"apuntesdesanluis.com\",\"image\":{\"@type\":\"ImageObject\",\"inLanguage\":\"es-AR\",\"@id\":\"https:\/\/apuntesdesanluis.com\/#\/schema\/person\/image\/\",\"url\":\"https:\/\/apuntesdesanluis.com\/wp-content\/uploads\/2023\/07\/cropped-apuntesdesanluis.png\",\"contentUrl\":\"https:\/\/apuntesdesanluis.com\/wp-content\/uploads\/2023\/07\/cropped-apuntesdesanluis.png\",\"width\":450,\"height\":112,\"caption\":\"apuntesdesanluis.com\"},\"logo\":{\"@id\":\"https:\/\/apuntesdesanluis.com\/#\/schema\/person\/image\/\"},\"sameAs\":[\"https:\/\/apuntesdesanluis.com\"],\"url\":\"https:\/\/apuntesdesanluis.com\/index.php\/author\/apuntesdesanluis-com\/\"}]}<\/script>\n<!-- \/ Yoast SEO plugin. -->","yoast_head_json":{"title":"TRABAJO DICT\u00d3 LA CONCILIACI\u00d3N OBLIGATORIA EN EL CONFLICTO DE LA INDUSTRIA ACEITERA - Apuntes de San Luis","robots":{"index":"index","follow":"follow","max-snippet":"max-snippet:-1","max-image-preview":"max-image-preview:large","max-video-preview":"max-video-preview:-1"},"canonical":"https:\/\/apuntesdesanluis.com\/index.php\/2024\/08\/12\/trabajo-dicto-la-conciliacion-obligatoria-en-el-conflicto-de-la-industria-aceitera\/","og_locale":"es_ES","og_type":"article","og_title":"TRABAJO DICT\u00d3 LA CONCILIACI\u00d3N OBLIGATORIA EN EL CONFLICTO DE LA INDUSTRIA ACEITERA - Apuntes de San Luis","og_description":"La Secretaria de Trabajo de la Naci\u00f3n dict\u00f3 este lunes la conciliaci\u00f3n obligatoria en el...","og_url":"https:\/\/apuntesdesanluis.com\/index.php\/2024\/08\/12\/trabajo-dicto-la-conciliacion-obligatoria-en-el-conflicto-de-la-industria-aceitera\/","og_site_name":"Apuntes de San Luis","article_published_time":"2024-08-13T01:56:41+00:00","article_modified_time":"2024-08-13T10:57:47+00:00","og_image":[{"width":703,"height":402,"url":"https:\/\/apuntesdesanluis.com\/wp-content\/uploads\/2024\/06\/aceites.png","type":"image\/png"}],"author":"apuntesdesanluis.com","twitter_card":"summary_large_image","twitter_misc":{"Escrito por":"apuntesdesanluis.com","Tiempo de lectura":"2 minutos"},"schema":{"@context":"https:\/\/schema.org","@graph":[{"@type":"Article","@id":"https:\/\/apuntesdesanluis.com\/index.php\/2024\/08\/12\/trabajo-dicto-la-conciliacion-obligatoria-en-el-conflicto-de-la-industria-aceitera\/#article","isPartOf":{"@id":"https:\/\/apuntesdesanluis.com\/index.php\/2024\/08\/12\/trabajo-dicto-la-conciliacion-obligatoria-en-el-conflicto-de-la-industria-aceitera\/"},"author":{"name":"apuntesdesanluis.com","@id":"https:\/\/apuntesdesanluis.com\/#\/schema\/person\/b55151d52296fcce64d1a72538a70b90"},"headline":"TRABAJO DICT\u00d3 LA CONCILIACI\u00d3N OBLIGATORIA EN EL CONFLICTO DE LA INDUSTRIA ACEITERA","datePublished":"2024-08-13T01:56:41+00:00","dateModified":"2024-08-13T10:57:47+00:00","mainEntityOfPage":{"@id":"https:\/\/apuntesdesanluis.com\/index.php\/2024\/08\/12\/trabajo-dicto-la-conciliacion-obligatoria-en-el-conflicto-de-la-industria-aceitera\/"},"wordCount":437,"publisher":{"@id":"https:\/\/apuntesdesanluis.com\/#\/schema\/person\/b55151d52296fcce64d1a72538a70b90"},"image":{"@id":"https:\/\/apuntesdesanluis.com\/index.php\/2024\/08\/12\/trabajo-dicto-la-conciliacion-obligatoria-en-el-conflicto-de-la-industria-aceitera\/#primaryimage"},"thumbnailUrl":"https:\/\/apuntesdesanluis.com\/wp-content\/uploads\/2024\/06\/aceites.png","articleSection":["Nacionales\/Internacionales"],"inLanguage":"es-AR"},{"@type":"WebPage","@id":"https:\/\/apuntesdesanluis.com\/index.php\/2024\/08\/12\/trabajo-dicto-la-conciliacion-obligatoria-en-el-conflicto-de-la-industria-aceitera\/","url":"https:\/\/apuntesdesanluis.com\/index.php\/2024\/08\/12\/trabajo-dicto-la-conciliacion-obligatoria-en-el-conflicto-de-la-industria-aceitera\/","name":"TRABAJO DICT\u00d3 LA CONCILIACI\u00d3N OBLIGATORIA EN EL CONFLICTO DE LA INDUSTRIA ACEITERA - Apuntes de San Luis","isPartOf":{"@id":"https:\/\/apuntesdesanluis.com\/#website"},"primaryImageOfPage":{"@id":"https:\/\/apuntesdesanluis.com\/index.php\/2024\/08\/12\/trabajo-dicto-la-conciliacion-obligatoria-en-el-conflicto-de-la-industria-aceitera\/#primaryimage"},"image":{"@id":"https:\/\/apuntesdesanluis.com\/index.php\/2024\/08\/12\/trabajo-dicto-la-conciliacion-obligatoria-en-el-conflicto-de-la-industria-aceitera\/#primaryimage"},"thumbnailUrl":"https:\/\/apuntesdesanluis.com\/wp-content\/uploads\/2024\/06\/aceites.png","datePublished":"2024-08-13T01:56:41+00:00","dateModified":"2024-08-13T10:57:47+00:00","breadcrumb":{"@id":"https:\/\/apuntesdesanluis.com\/index.php\/2024\/08\/12\/trabajo-dicto-la-conciliacion-obligatoria-en-el-conflicto-de-la-industria-aceitera\/#breadcrumb"},"inLanguage":"es-AR","potentialAction":[{"@type":"ReadAction","target":["https:\/\/apuntesdesanluis.com\/index.php\/2024\/08\/12\/trabajo-dicto-la-conciliacion-obligatoria-en-el-conflicto-de-la-industria-aceitera\/"]}]},{"@type":"ImageObject","inLanguage":"es-AR","@id":"https:\/\/apuntesdesanluis.com\/index.php\/2024\/08\/12\/trabajo-dicto-la-conciliacion-obligatoria-en-el-conflicto-de-la-industria-aceitera\/#primaryimage","url":"https:\/\/apuntesdesanluis.com\/wp-content\/uploads\/2024\/06\/aceites.png","contentUrl":"https:\/\/apuntesdesanluis.com\/wp-content\/uploads\/2024\/06\/aceites.png","width":703,"height":402},{"@type":"BreadcrumbList","@id":"https:\/\/apuntesdesanluis.com\/index.php\/2024\/08\/12\/trabajo-dicto-la-conciliacion-obligatoria-en-el-conflicto-de-la-industria-aceitera\/#breadcrumb","itemListElement":[{"@type":"ListItem","position":1,"name":"Inicio","item":"https:\/\/apuntesdesanluis.com\/"},{"@type":"ListItem","position":2,"name":"TRABAJO DICT\u00d3 LA CONCILIACI\u00d3N OBLIGATORIA EN EL CONFLICTO DE LA INDUSTRIA ACEITERA"}]},{"@type":"WebSite","@id":"https:\/\/apuntesdesanluis.com\/#website","url":"https:\/\/apuntesdesanluis.com\/","name":"Apuntes de San Luis","description":"","publisher":{"@id":"https:\/\/apuntesdesanluis.com\/#\/schema\/person\/b55151d52296fcce64d1a72538a70b90"},"potentialAction":[{"@type":"SearchAction","target":{"@type":"EntryPoint","urlTemplate":"https:\/\/apuntesdesanluis.com\/?s={search_term_string}"},"query-input":{"@type":"PropertyValueSpecification","valueRequired":true,"valueName":"search_term_string"}}],"inLanguage":"es-AR"},{"@type":["Person","Organization"],"@id":"https:\/\/apuntesdesanluis.com\/#\/schema\/person\/b55151d52296fcce64d1a72538a70b90","name":"apuntesdesanluis.com","image":{"@type":"ImageObject","inLanguage":"es-AR","@id":"https:\/\/apuntesdesanluis.com\/#\/schema\/person\/image\/","url":"https:\/\/apuntesdesanluis.com\/wp-content\/uploads\/2023\/07\/cropped-apuntesdesanluis.png","contentUrl":"https:\/\/apuntesdesanluis.com\/wp-content\/uploads\/2023\/07\/cropped-apuntesdesanluis.png","width":450,"height":112,"caption":"apuntesdesanluis.com"},"logo":{"@id":"https:\/\/apuntesdesanluis.com\/#\/schema\/person\/image\/"},"sameAs":["https:\/\/apuntesdesanluis.com"],"url":"https:\/\/apuntesdesanluis.com\/index.php\/author\/apuntesdesanluis-com\/"}]}},"featured_image_urls":{"full":["https:\/\/apuntesdesanluis.com\/wp-content\/uploads\/2024\/06\/aceites.png",703,402,false],"thumbnail":["https:\/\/apuntesdesanluis.com\/wp-content\/uploads\/2024\/06\/aceites-150x150.png",150,150,true],"medium":["https:\/\/apuntesdesanluis.com\/wp-content\/uploads\/2024\/06\/aceites-300x172.png",300,172,true],"medium_large":["https:\/\/apuntesdesanluis.com\/wp-content\/uploads\/2024\/06\/aceites.png",640,366,false],"large":["https:\/\/apuntesdesanluis.com\/wp-content\/uploads\/2024\/06\/aceites.png",640,366,false],"1536x1536":["https:\/\/apuntesdesanluis.com\/wp-content\/uploads\/2024\/06\/aceites.png",703,402,false],"2048x2048":["https:\/\/apuntesdesanluis.com\/wp-content\/uploads\/2024\/06\/aceites.png",703,402,false],"newsever-slider-full":["https:\/\/apuntesdesanluis.com\/wp-content\/uploads\/2024\/06\/aceites.png",703,402,false],"newsever-featured":["https:\/\/apuntesdesanluis.com\/wp-content\/uploads\/2024\/06\/aceites.png",703,402,false],"newsever-medium":["https:\/\/apuntesdesanluis.com\/wp-content\/uploads\/2024\/06\/aceites.png",703,402,false]},"author_info":{"display_name":"apuntesdesanluis.com","author_link":"https:\/\/apuntesdesanluis.com\/index.php\/author\/apuntesdesanluis-com\/"},"category_info":"<a href=\"https:\/\/apuntesdesanluis.com\/index.php\/category\/nacionales-internacionales\/\" rel=\"category tag\">Nacionales\/Internacionales<\/a>","tag_info":"Nacionales\/Internacionales","comment_count":"0","_links":{"self":[{"href":"https:\/\/apuntesdesanluis.com\/index.php\/wp-json\/wp\/v2\/posts\/20754","targetHints":{"allow":["GET"]}}],"collection":[{"href":"https:\/\/apuntesdesanluis.com\/index.php\/wp-json\/wp\/v2\/posts"}],"about":[{"href":"https:\/\/apuntesdesanluis.com\/index.php\/wp-json\/wp\/v2\/types\/post"}],"author":[{"embeddable":true,"href":"https:\/\/apuntesdesanluis.com\/index.php\/wp-json\/wp\/v2\/users\/1"}],"replies":[{"embeddable":true,"href":"https:\/\/apuntesdesanluis.com\/index.php\/wp-json\/wp\/v2\/comments?post=20754"}],"version-history":[{"count":1,"href":"https:\/\/apuntesdesanluis.com\/index.php\/wp-json\/wp\/v2\/posts\/20754\/revisions"}],"predecessor-version":[{"id":20755,"href":"https:\/\/apuntesdesanluis.com\/index.php\/wp-json\/wp\/v2\/posts\/20754\/revisions\/20755"}],"wp:featuredmedia":[{"embeddable":true,"href":"https:\/\/apuntesdesanluis.com\/index.php\/wp-json\/wp\/v2\/media\/17843"}],"wp:attachment":[{"href":"https:\/\/apuntesdesanluis.com\/index.php\/wp-json\/wp\/v2\/media?parent=20754"}],"wp:term":[{"taxonomy":"category","embeddable":true,"href":"https:\/\/apuntesdesanluis.com\/index.php\/wp-json\/wp\/v2\/categories?post=20754"},{"taxonomy":"post_tag","embeddable":true,"href":"https:\/\/apuntesdesanluis.com\/index.php\/wp-json\/wp\/v2\/tags?post=20754"}],"curies":[{"name":"wp","href":"https:\/\/api.w.org\/{rel}","templated":true}]}}