{"id":20756,"date":"2024-08-12T21:11:32","date_gmt":"2024-08-13T00:11:32","guid":{"rendered":"https:\/\/apuntesdesanluis.com\/?p=20756"},"modified":"2024-08-13T08:17:27","modified_gmt":"2024-08-13T11:17:27","slug":"malestar-en-la-iglesia-con-el-sacerdote-que-gestiono-la-reunion-de-diputados-libertarios-con-represores-en-ezeiza","status":"publish","type":"post","link":"https:\/\/apuntesdesanluis.com\/index.php\/2024\/08\/12\/malestar-en-la-iglesia-con-el-sacerdote-que-gestiono-la-reunion-de-diputados-libertarios-con-represores-en-ezeiza\/","title":{"rendered":"MALESTAR EN LA IGLESIA CON EL SACERDOTE QUE GESTION\u00d3 LA REUNI\u00d3N DE DIPUTADOS LIBERTARIOS CON REPRESORES EN EZEIZA"},"content":{"rendered":"<h3>La Iglesia Cat\u00f3lica de Argentina tom\u00f3 este lunes clara distancia de la actuaci\u00f3n del sacerdote <strong>Javier Olivera Ravasi<\/strong> -hijo de un ex militar condenado por delitos de lesa humanidad, que promueve que los represores mayores de 70 a\u00f1os cumplan las penas en sus domicilios- y que fue un protagonista central en la reuni\u00f3n que tuvieron seis diputados libertarios con <strong>Alfredo Astiz<\/strong> y otros ex uniformados en la c\u00e1rcel de Ezeiza.<\/h3>\n<h3>El religioso no es un desconocido para la Curia: surgido del ultraconservador Instituto del Verbo Encarnado, de Mendoza, es abogado, se doctor\u00f3 en filosof\u00eda e historia, fund\u00f3 la Orden de San El\u00edas a la que define como \u201cuna sociedad de vida apost\u00f3lica que tiene por fin la misi\u00f3n ad gentes y el apostolado de la contra-revoluci\u00f3n cultural\u201d y sus manifestaciones p\u00fablicas -es muy activo en redes sociales- suelen generar malestar en la Iglesia.<\/h3>\n<h3>El nombre de Olivera Ravasi empez\u00f3 a resonar apenas se conoci\u00f3 la reuni\u00f3n que hab\u00edan tenido seis diputados de La Libertad Avanza con los condenados por violaciones a los derechos humanos en la dictadura militar en la c\u00e1rcel federal de Ezeiza. Es que tuvo varias reuniones con dirigentes libertarios y jug\u00f3 un papel clave en la organizaci\u00f3n del encuentro que gener\u00f3 una enorme pol\u00e9mica hacia adentro del bloque y con el resto de los integrantes de la C\u00e1mara baja, que pidieron la expulsi\u00f3n de ellos.<\/h3>\n<h3>El vocero de la Conferencia Episcopal Argentina, M\u00e1ximo Jurcinovic, advirti\u00f3 la tarde del lunes que \u201clo expresado y actuado por el sacerdote Javier Olivera Ravasi en relaci\u00f3n a la visita de un grupo de diputados a la c\u00e1rcel de Ezeiza no corresponde ni al pensamiento ni a la actitud de la CEA\u201d y agreg\u00f3 que \u201cse trata de una acci\u00f3n particular y personal del mencionado sacerdote\u201d.<\/h3>\n<h3>\u201cDicha visita a la c\u00e1rcel de Ezeiza se encuentra dentro de la investigaci\u00f3n que lleva adelante la Justicia Federal de Lomas de Zamora. La mirada de la Iglesia Argentina sobre este tema se encuentra presente en la publicaci\u00f3n realizada el a\u00f1o pasado en los 3 tomos de la edici\u00f3n \u2018La verdad los har\u00e1 libres\u2019 que fue encargada por la Conferencia Episcopal Argentina a la Universidad Cat\u00f3lica\u201d, afirm\u00f3.<\/h3>\n<h3>\u00bfPor qu\u00e9 ocurri\u00f3 esa declaraci\u00f3n, en simult\u00e1neo con el inicio de la 197\u00b0 reuni\u00f3n de la Comisi\u00f3n Permanente de la CEA? Es que desde hace semanas los obispos vienen recibiendo consultas de organismos de derechos humanos y del \u00e1mbito de la pol\u00edtica sobre la conexi\u00f3n de este sacerdote con la conducci\u00f3n eclesi\u00e1stica. \u201cEst\u00e1 la Iglesia a favor de que los militares salgan de la c\u00e1rcel?\u201d, es la pregunta que se viene escuchando de manera persistente a los obispos apenas trascendieron estos encuentros. \u201cEl papa Francisco fue claro. S\u00f3lo hay que mirar al Vaticano\u201d, respondieron, ante una consulta de<\/h3>\n<h3>Es que el informe mencionado para tomar distancia del sacerdote Olivera Ravasi fue elaborado a instancia del papa Francisco para poner en blanco sobre negro cu\u00e1l fue la actuaci\u00f3n de la Iglesia en los tiempos de la dictadura. Pero adem\u00e1s, en los \u00faltimos d\u00edas el sumo pont\u00edfice viaj\u00f3 por m\u00e1s de media hora hasta Ostia, en los suburbios de Roma, para visitar el parque de atracciones Luna Park en el que hace tiempo mantiene un intenso trabajo social Sor Genevi\u00e8ve Jeanningros, la sobrina de L\u00e9onie Duquet, una de las dos monjas francesas secuestrada y asesinada por orden del represor Alfredo Astiz.<\/h3>\n<p><img fetchpriority=\"high\" decoding=\"async\" class=\"wp-image-20757 aligncenter\" src=\"https:\/\/apuntesdesanluis.com\/wp-content\/uploads\/2024\/08\/cura-cazador-300x235.png\" alt=\"\" width=\"511\" height=\"400\" srcset=\"https:\/\/apuntesdesanluis.com\/wp-content\/uploads\/2024\/08\/cura-cazador-300x235.png 300w, https:\/\/apuntesdesanluis.com\/wp-content\/uploads\/2024\/08\/cura-cazador.png 608w\" sizes=\"(max-width: 511px) 100vw, 511px\" \/><\/p>\n<h4 style=\"text-align: center;\"><em>A la derecha, el cura Olivera Ravasi, quien gestion\u00f3 la reuni\u00f3n con represores.<\/em><\/h4>\n<h3>Y tambi\u00e9n recibi\u00f3 en Santa Marta a Anita Fern\u00e1ndez, hija de Ana Mar\u00eda Careaga, quien estuvo secuestrada durante la dictadura militar cuando estaba embarazada de ella, y es nieta de Esther Balestrino de Careaga, v\u00edctima de los vuelos de la muerte tras haber sido desaparecida luego de la infiltraci\u00f3n de Astiz. En ese encuentro, el santo padre transmiti\u00f3 un fuerte mensaje: \u201cNo aflojen, conserven la memoria de lo que han recibido, no solo de las ideas sino de los testimonios\u201d.<\/h3>\n<h3>Las declaraciones de Francisco m\u00e1s la declaraci\u00f3n del vocero de la Conferencia de Episcopal, el mismo d\u00eda en el que todos los obispos del pa\u00eds est\u00e1n reunidos, muestran a las claras un posicionamiento sin matices, que no avala ninguna acci\u00f3n pol\u00edtica que apunte a liberar a los ex militares condenados por violaciones a los derechos humanos cometidos en dictadura.<\/h3>\n<h3>Fuentes eclesi\u00e1sticas dijeron a este medio que Javier Olivera Ravasi -que est\u00e1 incardinado, es decir que pertenece a la Di\u00f3cesis de San Rafael, Mendoza- \u201cno cometi\u00f3 ning\u00fan delito can\u00f3nico\u201d, por eso no est\u00e1 previsto que se aplique ninguna sanci\u00f3n, pero advirtieron que \u201ces un sacerdote que de manera individual est\u00e1n promoviendo una acci\u00f3n pol\u00edtica y un tema en el cual la Iglesia ha sido muy clara\u201d. De todos modos, tiene permiso de residencia en la Di\u00f3cesis de Z\u00e1rate-Campana.<\/h3>\n<h3>El cura que cofund\u00f3 la Orden de San El\u00edas fue consultado por Infobae para esta nota, pero declin\u00f3 de hacer declaraciones. Aunque no aparece en la imagen que tom\u00f3 estado p\u00fablico de los detenidos por cr\u00edmenes de lesa humanidad, los trascendidos y revelaciones de al menos dos legisladoras invitadas a esa reuni\u00f3n es que fue uno de los m\u00e1s activos promotores del encuentro.<\/h3>\n<h3>La C\u00e1mara de Diputados tiene varios pedidos de expulsi\u00f3n, pero todav\u00eda no lleg\u00f3 a contar con la mayor\u00eda especial requerida para que dejen sus cargos. Las \u00faltimas expulsiones que ocurrieron all\u00ed fue la del diputado Juan Emilio Ameri, que fue registrado mientras le besaba un pecho a su pareja en una sesi\u00f3n convocada por videoconferencia; y Julio De Vido, el ex ministro de Planificaci\u00f3n Federal, por una acusaci\u00f3n por corrupci\u00f3n que pesaba en su contra.<\/h3>\n<p><img decoding=\"async\" class=\"wp-image-20758 aligncenter\" src=\"https:\/\/apuntesdesanluis.com\/wp-content\/uploads\/2024\/08\/represores-y-diputados-300x167.png\" alt=\"\" width=\"490\" height=\"273\" srcset=\"https:\/\/apuntesdesanluis.com\/wp-content\/uploads\/2024\/08\/represores-y-diputados-300x167.png 300w, https:\/\/apuntesdesanluis.com\/wp-content\/uploads\/2024\/08\/represores-y-diputados.png 700w\" sizes=\"(max-width: 490px) 100vw, 490px\" \/><\/p>\n<h3>Los presentes en la foto de diputados libertarios y represores presos:<\/h3>\n<ul>\n<li>\n<h3>Mario \u201cEl Cura\u201d Marcote: miembro del Servicio de Informaciones y condenado a 17 a\u00f1os de prisi\u00f3n en Rosario.<\/h3>\n<\/li>\n<li>\n<h3>Alfredo Astiz, conocido como \u201cel \u00c1ngel de la muerte\u201d y condenado por infiltrarse en Madres de Plaza de Mayo, as\u00ed como por desapariciones y torturas en la ESMA.<\/h3>\n<\/li>\n<li>\n<h3>Miguel Britos, ex miembro de la Superintendencia de Seguridad Federal, condenado por delitos en el circuito represivo ABO (Atl\u00e9tico-Banco-Olimpo).<\/h3>\n<\/li>\n<li>\n<h3>Honorio Carlos Mart\u00ednez Ru\u00edz, condenado a perpetua por los cr\u00edmenes cometidos en el centro clandestino Automotores Orletti.<\/h3>\n<\/li>\n<li>\n<h3>Ra\u00fal Guglielminetti, tambi\u00e9n condenado por su accionar en Automotores Orletti.<\/h3>\n<\/li>\n<li>\n<h3>Beltr\u00e1n Benedit, diputado nacional LLA, sindicado como el organizador de la visita al penal de Ezeiza.<\/h3>\n<\/li>\n<li>\n<h3>Lourdes Arrieta, diputada nacional LLA. \u201cFue una reuni\u00f3n que fuimos enga\u00f1ados un grupo de diputados. No puedo decir si todos lo sab\u00edan o no, pero en el caso de la diputada Bonacci y como yo, empezamos a hablar de este tema porque en un momento ten\u00edamos angustia y entramos en un estado de shock\u201d, sostuvo la semana pasada sobre el encuentro. Y, de manera ins\u00f3lita, agreg\u00f3: \u201cNac\u00ed en 1993, no ten\u00eda ni idea de qui\u00e9nes eran\u201d.<\/h3>\n<\/li>\n<li>\n<h3>Marcelo Cinto Courtaux, miembro del Destacamento 201 de Inteligencia que actu\u00f3 en Campo de Mayo.<\/h3>\n<\/li>\n<li>\n<h3>Julio C\u00e9sar Arguello, condenado a perpetua por delitos cometidos en el \u201cCircuito Camps\u201d<\/h3>\n<\/li>\n<li>\n<h3>Mar\u00eda Fernanda Araujo, diputada nacional LLA.<\/h3>\n<\/li>\n<li>\n<h3>Juan Manuel Cordero, condenado a 25 a\u00f1os de prisi\u00f3n por cr\u00edmenes cometidos en el marco del Plan C\u00f3ndor.<\/h3>\n<\/li>\n<li>\n<h3>Carlos Guillermo Su\u00e1rez Mason (hijo), alias \u201cEl hijo de Sam\u201d, condenado por delitos de lesa humanidad en la ESMA.<\/h3>\n<\/li>\n<li>\n<h3>Guillermo Montenegro, diputado nacional LLA. Ex asesor de la vicepresidenta, Victoria Villarruel.<\/h3>\n<\/li>\n<li>\n<h3>Gerardo Arraez, condenado a 25 a\u00f1os de prisi\u00f3n por delitos en el circuito represivo ABO (Atl\u00e9tico-Banco-Olimpo).<\/h3>\n<\/li>\n<li>\n<h3>Alida Ferrerya, diputada nacional LLA.<\/h3>\n<\/li>\n<li>\n<h3>Adolfo Donda, condenado por su accionar en la ESMA y por el secuestro de la exdiputada Victoria Donda.<\/h3>\n<\/li>\n<li>\n<h3>Antonio Pern\u00edas, (alias \u201cTrueno\u201d o \u201cRata\u201d), condenado a perpetua por delitos de lesa humanidad en la ESMA.<\/h3>\n<\/li>\n<li>\n<h3>Juan Carlos V\u00e1zquez Sarmiento, responsable de secuestros y torturas, pr\u00f3fugo de la Justicia durante casi 20 a\u00f1os.<\/h3>\n<\/li>\n<\/ul>\n<p>&nbsp;<\/p>\n<p>&nbsp;<\/p>\n<p>&nbsp;<\/p>\n<p>&nbsp;<\/p>\n","protected":false},"excerpt":{"rendered":"<p>La Iglesia Cat\u00f3lica de Argentina tom\u00f3 este lunes clara distancia de la actuaci\u00f3n del sacerdote&#8230;<\/p>\n","protected":false},"author":1,"featured_media":20759,"comment_status":"closed","ping_status":"closed","sticky":false,"template":"","format":"standard","meta":{"footnotes":""},"categories":[5],"tags":[],"class_list":["post-20756","post","type-post","status-publish","format-standard","has-post-thumbnail","hentry","category-nacionales-internacionales"],"yoast_head":"<!-- This site is optimized with the Yoast SEO plugin v26.1.1 - https:\/\/yoast.com\/wordpress\/plugins\/seo\/ -->\n<title>MALESTAR EN LA IGLESIA CON EL SACERDOTE QUE GESTION\u00d3 LA REUNI\u00d3N DE DIPUTADOS LIBERTARIOS CON REPRESORES EN EZEIZA - Apuntes de San Luis<\/title>\n<meta name=\"robots\" content=\"index, follow, max-snippet:-1, max-image-preview:large, max-video-preview:-1\" \/>\n<link rel=\"canonical\" href=\"https:\/\/apuntesdesanluis.com\/index.php\/2024\/08\/12\/malestar-en-la-iglesia-con-el-sacerdote-que-gestiono-la-reunion-de-diputados-libertarios-con-represores-en-ezeiza\/\" \/>\n<meta property=\"og:locale\" content=\"es_ES\" \/>\n<meta property=\"og:type\" content=\"article\" \/>\n<meta property=\"og:title\" content=\"MALESTAR EN LA IGLESIA CON EL SACERDOTE QUE GESTION\u00d3 LA REUNI\u00d3N DE DIPUTADOS LIBERTARIOS CON REPRESORES EN EZEIZA - Apuntes de San Luis\" \/>\n<meta property=\"og:description\" content=\"La Iglesia Cat\u00f3lica de Argentina tom\u00f3 este lunes clara distancia de la actuaci\u00f3n del sacerdote...\" \/>\n<meta property=\"og:url\" content=\"https:\/\/apuntesdesanluis.com\/index.php\/2024\/08\/12\/malestar-en-la-iglesia-con-el-sacerdote-que-gestiono-la-reunion-de-diputados-libertarios-con-represores-en-ezeiza\/\" \/>\n<meta property=\"og:site_name\" content=\"Apuntes de San Luis\" \/>\n<meta property=\"article:published_time\" content=\"2024-08-13T00:11:32+00:00\" \/>\n<meta property=\"article:modified_time\" content=\"2024-08-13T11:17:27+00:00\" \/>\n<meta property=\"og:image\" content=\"https:\/\/apuntesdesanluis.com\/wp-content\/uploads\/2024\/08\/cura-con-represores.png\" \/>\n\t<meta property=\"og:image:width\" content=\"728\" \/>\n\t<meta property=\"og:image:height\" content=\"477\" \/>\n\t<meta property=\"og:image:type\" content=\"image\/png\" \/>\n<meta name=\"author\" content=\"apuntesdesanluis.com\" \/>\n<meta name=\"twitter:card\" content=\"summary_large_image\" \/>\n<meta name=\"twitter:label1\" content=\"Escrito por\" \/>\n\t<meta name=\"twitter:data1\" content=\"apuntesdesanluis.com\" \/>\n\t<meta name=\"twitter:label2\" content=\"Tiempo de lectura\" \/>\n\t<meta name=\"twitter:data2\" content=\"7 minutos\" \/>\n<script type=\"application\/ld+json\" class=\"yoast-schema-graph\">{\"@context\":\"https:\/\/schema.org\",\"@graph\":[{\"@type\":\"Article\",\"@id\":\"https:\/\/apuntesdesanluis.com\/index.php\/2024\/08\/12\/malestar-en-la-iglesia-con-el-sacerdote-que-gestiono-la-reunion-de-diputados-libertarios-con-represores-en-ezeiza\/#article\",\"isPartOf\":{\"@id\":\"https:\/\/apuntesdesanluis.com\/index.php\/2024\/08\/12\/malestar-en-la-iglesia-con-el-sacerdote-que-gestiono-la-reunion-de-diputados-libertarios-con-represores-en-ezeiza\/\"},\"author\":{\"name\":\"apuntesdesanluis.com\",\"@id\":\"https:\/\/apuntesdesanluis.com\/#\/schema\/person\/b55151d52296fcce64d1a72538a70b90\"},\"headline\":\"MALESTAR EN LA IGLESIA CON EL SACERDOTE QUE GESTION\u00d3 LA REUNI\u00d3N DE DIPUTADOS LIBERTARIOS CON REPRESORES EN EZEIZA\",\"datePublished\":\"2024-08-13T00:11:32+00:00\",\"dateModified\":\"2024-08-13T11:17:27+00:00\",\"mainEntityOfPage\":{\"@id\":\"https:\/\/apuntesdesanluis.com\/index.php\/2024\/08\/12\/malestar-en-la-iglesia-con-el-sacerdote-que-gestiono-la-reunion-de-diputados-libertarios-con-represores-en-ezeiza\/\"},\"wordCount\":1405,\"publisher\":{\"@id\":\"https:\/\/apuntesdesanluis.com\/#\/schema\/person\/b55151d52296fcce64d1a72538a70b90\"},\"image\":{\"@id\":\"https:\/\/apuntesdesanluis.com\/index.php\/2024\/08\/12\/malestar-en-la-iglesia-con-el-sacerdote-que-gestiono-la-reunion-de-diputados-libertarios-con-represores-en-ezeiza\/#primaryimage\"},\"thumbnailUrl\":\"https:\/\/apuntesdesanluis.com\/wp-content\/uploads\/2024\/08\/cura-con-represores.png\",\"articleSection\":[\"Nacionales\/Internacionales\"],\"inLanguage\":\"es-AR\"},{\"@type\":\"WebPage\",\"@id\":\"https:\/\/apuntesdesanluis.com\/index.php\/2024\/08\/12\/malestar-en-la-iglesia-con-el-sacerdote-que-gestiono-la-reunion-de-diputados-libertarios-con-represores-en-ezeiza\/\",\"url\":\"https:\/\/apuntesdesanluis.com\/index.php\/2024\/08\/12\/malestar-en-la-iglesia-con-el-sacerdote-que-gestiono-la-reunion-de-diputados-libertarios-con-represores-en-ezeiza\/\",\"name\":\"MALESTAR EN LA IGLESIA CON EL SACERDOTE QUE GESTION\u00d3 LA REUNI\u00d3N DE DIPUTADOS LIBERTARIOS CON REPRESORES EN EZEIZA - Apuntes de San Luis\",\"isPartOf\":{\"@id\":\"https:\/\/apuntesdesanluis.com\/#website\"},\"primaryImageOfPage\":{\"@id\":\"https:\/\/apuntesdesanluis.com\/index.php\/2024\/08\/12\/malestar-en-la-iglesia-con-el-sacerdote-que-gestiono-la-reunion-de-diputados-libertarios-con-represores-en-ezeiza\/#primaryimage\"},\"image\":{\"@id\":\"https:\/\/apuntesdesanluis.com\/index.php\/2024\/08\/12\/malestar-en-la-iglesia-con-el-sacerdote-que-gestiono-la-reunion-de-diputados-libertarios-con-represores-en-ezeiza\/#primaryimage\"},\"thumbnailUrl\":\"https:\/\/apuntesdesanluis.com\/wp-content\/uploads\/2024\/08\/cura-con-represores.png\",\"datePublished\":\"2024-08-13T00:11:32+00:00\",\"dateModified\":\"2024-08-13T11:17:27+00:00\",\"breadcrumb\":{\"@id\":\"https:\/\/apuntesdesanluis.com\/index.php\/2024\/08\/12\/malestar-en-la-iglesia-con-el-sacerdote-que-gestiono-la-reunion-de-diputados-libertarios-con-represores-en-ezeiza\/#breadcrumb\"},\"inLanguage\":\"es-AR\",\"potentialAction\":[{\"@type\":\"ReadAction\",\"target\":[\"https:\/\/apuntesdesanluis.com\/index.php\/2024\/08\/12\/malestar-en-la-iglesia-con-el-sacerdote-que-gestiono-la-reunion-de-diputados-libertarios-con-represores-en-ezeiza\/\"]}]},{\"@type\":\"ImageObject\",\"inLanguage\":\"es-AR\",\"@id\":\"https:\/\/apuntesdesanluis.com\/index.php\/2024\/08\/12\/malestar-en-la-iglesia-con-el-sacerdote-que-gestiono-la-reunion-de-diputados-libertarios-con-represores-en-ezeiza\/#primaryimage\",\"url\":\"https:\/\/apuntesdesanluis.com\/wp-content\/uploads\/2024\/08\/cura-con-represores.png\",\"contentUrl\":\"https:\/\/apuntesdesanluis.com\/wp-content\/uploads\/2024\/08\/cura-con-represores.png\",\"width\":728,\"height\":477},{\"@type\":\"BreadcrumbList\",\"@id\":\"https:\/\/apuntesdesanluis.com\/index.php\/2024\/08\/12\/malestar-en-la-iglesia-con-el-sacerdote-que-gestiono-la-reunion-de-diputados-libertarios-con-represores-en-ezeiza\/#breadcrumb\",\"itemListElement\":[{\"@type\":\"ListItem\",\"position\":1,\"name\":\"Inicio\",\"item\":\"https:\/\/apuntesdesanluis.com\/\"},{\"@type\":\"ListItem\",\"position\":2,\"name\":\"MALESTAR EN LA IGLESIA CON EL SACERDOTE QUE GESTION\u00d3 LA REUNI\u00d3N DE DIPUTADOS LIBERTARIOS CON REPRESORES EN EZEIZA\"}]},{\"@type\":\"WebSite\",\"@id\":\"https:\/\/apuntesdesanluis.com\/#website\",\"url\":\"https:\/\/apuntesdesanluis.com\/\",\"name\":\"Apuntes de San Luis\",\"description\":\"\",\"publisher\":{\"@id\":\"https:\/\/apuntesdesanluis.com\/#\/schema\/person\/b55151d52296fcce64d1a72538a70b90\"},\"potentialAction\":[{\"@type\":\"SearchAction\",\"target\":{\"@type\":\"EntryPoint\",\"urlTemplate\":\"https:\/\/apuntesdesanluis.com\/?s={search_term_string}\"},\"query-input\":{\"@type\":\"PropertyValueSpecification\",\"valueRequired\":true,\"valueName\":\"search_term_string\"}}],\"inLanguage\":\"es-AR\"},{\"@type\":[\"Person\",\"Organization\"],\"@id\":\"https:\/\/apuntesdesanluis.com\/#\/schema\/person\/b55151d52296fcce64d1a72538a70b90\",\"name\":\"apuntesdesanluis.com\",\"image\":{\"@type\":\"ImageObject\",\"inLanguage\":\"es-AR\",\"@id\":\"https:\/\/apuntesdesanluis.com\/#\/schema\/person\/image\/\",\"url\":\"https:\/\/apuntesdesanluis.com\/wp-content\/uploads\/2023\/07\/cropped-apuntesdesanluis.png\",\"contentUrl\":\"https:\/\/apuntesdesanluis.com\/wp-content\/uploads\/2023\/07\/cropped-apuntesdesanluis.png\",\"width\":450,\"height\":112,\"caption\":\"apuntesdesanluis.com\"},\"logo\":{\"@id\":\"https:\/\/apuntesdesanluis.com\/#\/schema\/person\/image\/\"},\"sameAs\":[\"https:\/\/apuntesdesanluis.com\"],\"url\":\"https:\/\/apuntesdesanluis.com\/index.php\/author\/apuntesdesanluis-com\/\"}]}<\/script>\n<!-- \/ Yoast SEO plugin. -->","yoast_head_json":{"title":"MALESTAR EN LA IGLESIA CON EL SACERDOTE QUE GESTION\u00d3 LA REUNI\u00d3N DE DIPUTADOS LIBERTARIOS CON REPRESORES EN EZEIZA - Apuntes de San Luis","robots":{"index":"index","follow":"follow","max-snippet":"max-snippet:-1","max-image-preview":"max-image-preview:large","max-video-preview":"max-video-preview:-1"},"canonical":"https:\/\/apuntesdesanluis.com\/index.php\/2024\/08\/12\/malestar-en-la-iglesia-con-el-sacerdote-que-gestiono-la-reunion-de-diputados-libertarios-con-represores-en-ezeiza\/","og_locale":"es_ES","og_type":"article","og_title":"MALESTAR EN LA IGLESIA CON EL SACERDOTE QUE GESTION\u00d3 LA REUNI\u00d3N DE DIPUTADOS LIBERTARIOS CON REPRESORES EN EZEIZA - Apuntes de San Luis","og_description":"La Iglesia Cat\u00f3lica de Argentina tom\u00f3 este lunes clara distancia de la actuaci\u00f3n del sacerdote...","og_url":"https:\/\/apuntesdesanluis.com\/index.php\/2024\/08\/12\/malestar-en-la-iglesia-con-el-sacerdote-que-gestiono-la-reunion-de-diputados-libertarios-con-represores-en-ezeiza\/","og_site_name":"Apuntes de San Luis","article_published_time":"2024-08-13T00:11:32+00:00","article_modified_time":"2024-08-13T11:17:27+00:00","og_image":[{"width":728,"height":477,"url":"https:\/\/apuntesdesanluis.com\/wp-content\/uploads\/2024\/08\/cura-con-represores.png","type":"image\/png"}],"author":"apuntesdesanluis.com","twitter_card":"summary_large_image","twitter_misc":{"Escrito por":"apuntesdesanluis.com","Tiempo de lectura":"7 minutos"},"schema":{"@context":"https:\/\/schema.org","@graph":[{"@type":"Article","@id":"https:\/\/apuntesdesanluis.com\/index.php\/2024\/08\/12\/malestar-en-la-iglesia-con-el-sacerdote-que-gestiono-la-reunion-de-diputados-libertarios-con-represores-en-ezeiza\/#article","isPartOf":{"@id":"https:\/\/apuntesdesanluis.com\/index.php\/2024\/08\/12\/malestar-en-la-iglesia-con-el-sacerdote-que-gestiono-la-reunion-de-diputados-libertarios-con-represores-en-ezeiza\/"},"author":{"name":"apuntesdesanluis.com","@id":"https:\/\/apuntesdesanluis.com\/#\/schema\/person\/b55151d52296fcce64d1a72538a70b90"},"headline":"MALESTAR EN LA IGLESIA CON EL SACERDOTE QUE GESTION\u00d3 LA REUNI\u00d3N DE DIPUTADOS LIBERTARIOS CON REPRESORES EN EZEIZA","datePublished":"2024-08-13T00:11:32+00:00","dateModified":"2024-08-13T11:17:27+00:00","mainEntityOfPage":{"@id":"https:\/\/apuntesdesanluis.com\/index.php\/2024\/08\/12\/malestar-en-la-iglesia-con-el-sacerdote-que-gestiono-la-reunion-de-diputados-libertarios-con-represores-en-ezeiza\/"},"wordCount":1405,"publisher":{"@id":"https:\/\/apuntesdesanluis.com\/#\/schema\/person\/b55151d52296fcce64d1a72538a70b90"},"image":{"@id":"https:\/\/apuntesdesanluis.com\/index.php\/2024\/08\/12\/malestar-en-la-iglesia-con-el-sacerdote-que-gestiono-la-reunion-de-diputados-libertarios-con-represores-en-ezeiza\/#primaryimage"},"thumbnailUrl":"https:\/\/apuntesdesanluis.com\/wp-content\/uploads\/2024\/08\/cura-con-represores.png","articleSection":["Nacionales\/Internacionales"],"inLanguage":"es-AR"},{"@type":"WebPage","@id":"https:\/\/apuntesdesanluis.com\/index.php\/2024\/08\/12\/malestar-en-la-iglesia-con-el-sacerdote-que-gestiono-la-reunion-de-diputados-libertarios-con-represores-en-ezeiza\/","url":"https:\/\/apuntesdesanluis.com\/index.php\/2024\/08\/12\/malestar-en-la-iglesia-con-el-sacerdote-que-gestiono-la-reunion-de-diputados-libertarios-con-represores-en-ezeiza\/","name":"MALESTAR EN LA IGLESIA CON EL SACERDOTE QUE GESTION\u00d3 LA REUNI\u00d3N DE DIPUTADOS LIBERTARIOS CON REPRESORES EN EZEIZA - Apuntes de San Luis","isPartOf":{"@id":"https:\/\/apuntesdesanluis.com\/#website"},"primaryImageOfPage":{"@id":"https:\/\/apuntesdesanluis.com\/index.php\/2024\/08\/12\/malestar-en-la-iglesia-con-el-sacerdote-que-gestiono-la-reunion-de-diputados-libertarios-con-represores-en-ezeiza\/#primaryimage"},"image":{"@id":"https:\/\/apuntesdesanluis.com\/index.php\/2024\/08\/12\/malestar-en-la-iglesia-con-el-sacerdote-que-gestiono-la-reunion-de-diputados-libertarios-con-represores-en-ezeiza\/#primaryimage"},"thumbnailUrl":"https:\/\/apuntesdesanluis.com\/wp-content\/uploads\/2024\/08\/cura-con-represores.png","datePublished":"2024-08-13T00:11:32+00:00","dateModified":"2024-08-13T11:17:27+00:00","breadcrumb":{"@id":"https:\/\/apuntesdesanluis.com\/index.php\/2024\/08\/12\/malestar-en-la-iglesia-con-el-sacerdote-que-gestiono-la-reunion-de-diputados-libertarios-con-represores-en-ezeiza\/#breadcrumb"},"inLanguage":"es-AR","potentialAction":[{"@type":"ReadAction","target":["https:\/\/apuntesdesanluis.com\/index.php\/2024\/08\/12\/malestar-en-la-iglesia-con-el-sacerdote-que-gestiono-la-reunion-de-diputados-libertarios-con-represores-en-ezeiza\/"]}]},{"@type":"ImageObject","inLanguage":"es-AR","@id":"https:\/\/apuntesdesanluis.com\/index.php\/2024\/08\/12\/malestar-en-la-iglesia-con-el-sacerdote-que-gestiono-la-reunion-de-diputados-libertarios-con-represores-en-ezeiza\/#primaryimage","url":"https:\/\/apuntesdesanluis.com\/wp-content\/uploads\/2024\/08\/cura-con-represores.png","contentUrl":"https:\/\/apuntesdesanluis.com\/wp-content\/uploads\/2024\/08\/cura-con-represores.png","width":728,"height":477},{"@type":"BreadcrumbList","@id":"https:\/\/apuntesdesanluis.com\/index.php\/2024\/08\/12\/malestar-en-la-iglesia-con-el-sacerdote-que-gestiono-la-reunion-de-diputados-libertarios-con-represores-en-ezeiza\/#breadcrumb","itemListElement":[{"@type":"ListItem","position":1,"name":"Inicio","item":"https:\/\/apuntesdesanluis.com\/"},{"@type":"ListItem","position":2,"name":"MALESTAR EN LA IGLESIA CON EL SACERDOTE QUE GESTION\u00d3 LA REUNI\u00d3N DE DIPUTADOS LIBERTARIOS CON REPRESORES EN EZEIZA"}]},{"@type":"WebSite","@id":"https:\/\/apuntesdesanluis.com\/#website","url":"https:\/\/apuntesdesanluis.com\/","name":"Apuntes de San Luis","description":"","publisher":{"@id":"https:\/\/apuntesdesanluis.com\/#\/schema\/person\/b55151d52296fcce64d1a72538a70b90"},"potentialAction":[{"@type":"SearchAction","target":{"@type":"EntryPoint","urlTemplate":"https:\/\/apuntesdesanluis.com\/?s={search_term_string}"},"query-input":{"@type":"PropertyValueSpecification","valueRequired":true,"valueName":"search_term_string"}}],"inLanguage":"es-AR"},{"@type":["Person","Organization"],"@id":"https:\/\/apuntesdesanluis.com\/#\/schema\/person\/b55151d52296fcce64d1a72538a70b90","name":"apuntesdesanluis.com","image":{"@type":"ImageObject","inLanguage":"es-AR","@id":"https:\/\/apuntesdesanluis.com\/#\/schema\/person\/image\/","url":"https:\/\/apuntesdesanluis.com\/wp-content\/uploads\/2023\/07\/cropped-apuntesdesanluis.png","contentUrl":"https:\/\/apuntesdesanluis.com\/wp-content\/uploads\/2023\/07\/cropped-apuntesdesanluis.png","width":450,"height":112,"caption":"apuntesdesanluis.com"},"logo":{"@id":"https:\/\/apuntesdesanluis.com\/#\/schema\/person\/image\/"},"sameAs":["https:\/\/apuntesdesanluis.com"],"url":"https:\/\/apuntesdesanluis.com\/index.php\/author\/apuntesdesanluis-com\/"}]}},"featured_image_urls":{"full":["https:\/\/apuntesdesanluis.com\/wp-content\/uploads\/2024\/08\/cura-con-represores.png",728,477,false],"thumbnail":["https:\/\/apuntesdesanluis.com\/wp-content\/uploads\/2024\/08\/cura-con-represores-150x150.png",150,150,true],"medium":["https:\/\/apuntesdesanluis.com\/wp-content\/uploads\/2024\/08\/cura-con-represores-300x197.png",300,197,true],"medium_large":["https:\/\/apuntesdesanluis.com\/wp-content\/uploads\/2024\/08\/cura-con-represores.png",640,419,false],"large":["https:\/\/apuntesdesanluis.com\/wp-content\/uploads\/2024\/08\/cura-con-represores.png",640,419,false],"1536x1536":["https:\/\/apuntesdesanluis.com\/wp-content\/uploads\/2024\/08\/cura-con-represores.png",728,477,false],"2048x2048":["https:\/\/apuntesdesanluis.com\/wp-content\/uploads\/2024\/08\/cura-con-represores.png",728,477,false],"newsever-slider-full":["https:\/\/apuntesdesanluis.com\/wp-content\/uploads\/2024\/08\/cura-con-represores.png",728,477,false],"newsever-featured":["https:\/\/apuntesdesanluis.com\/wp-content\/uploads\/2024\/08\/cura-con-represores.png",728,477,false],"newsever-medium":["https:\/\/apuntesdesanluis.com\/wp-content\/uploads\/2024\/08\/cura-con-represores-720x475.png",720,475,true]},"author_info":{"display_name":"apuntesdesanluis.com","author_link":"https:\/\/apuntesdesanluis.com\/index.php\/author\/apuntesdesanluis-com\/"},"category_info":"<a href=\"https:\/\/apuntesdesanluis.com\/index.php\/category\/nacionales-internacionales\/\" rel=\"category tag\">Nacionales\/Internacionales<\/a>","tag_info":"Nacionales\/Internacionales","comment_count":"0","_links":{"self":[{"href":"https:\/\/apuntesdesanluis.com\/index.php\/wp-json\/wp\/v2\/posts\/20756","targetHints":{"allow":["GET"]}}],"collection":[{"href":"https:\/\/apuntesdesanluis.com\/index.php\/wp-json\/wp\/v2\/posts"}],"about":[{"href":"https:\/\/apuntesdesanluis.com\/index.php\/wp-json\/wp\/v2\/types\/post"}],"author":[{"embeddable":true,"href":"https:\/\/apuntesdesanluis.com\/index.php\/wp-json\/wp\/v2\/users\/1"}],"replies":[{"embeddable":true,"href":"https:\/\/apuntesdesanluis.com\/index.php\/wp-json\/wp\/v2\/comments?post=20756"}],"version-history":[{"count":1,"href":"https:\/\/apuntesdesanluis.com\/index.php\/wp-json\/wp\/v2\/posts\/20756\/revisions"}],"predecessor-version":[{"id":20760,"href":"https:\/\/apuntesdesanluis.com\/index.php\/wp-json\/wp\/v2\/posts\/20756\/revisions\/20760"}],"wp:featuredmedia":[{"embeddable":true,"href":"https:\/\/apuntesdesanluis.com\/index.php\/wp-json\/wp\/v2\/media\/20759"}],"wp:attachment":[{"href":"https:\/\/apuntesdesanluis.com\/index.php\/wp-json\/wp\/v2\/media?parent=20756"}],"wp:term":[{"taxonomy":"category","embeddable":true,"href":"https:\/\/apuntesdesanluis.com\/index.php\/wp-json\/wp\/v2\/categories?post=20756"},{"taxonomy":"post_tag","embeddable":true,"href":"https:\/\/apuntesdesanluis.com\/index.php\/wp-json\/wp\/v2\/tags?post=20756"}],"curies":[{"name":"wp","href":"https:\/\/api.w.org\/{rel}","templated":true}]}}