{"id":20761,"date":"2024-08-13T08:29:26","date_gmt":"2024-08-13T11:29:26","guid":{"rendered":"https:\/\/apuntesdesanluis.com\/?p=20761"},"modified":"2024-08-13T08:29:26","modified_gmt":"2024-08-13T11:29:26","slug":"fiscal-adjunto-y-ex-funcionario-provincial-enfrenta-juicio-por-violencia-de-genero","status":"publish","type":"post","link":"https:\/\/apuntesdesanluis.com\/index.php\/2024\/08\/13\/fiscal-adjunto-y-ex-funcionario-provincial-enfrenta-juicio-por-violencia-de-genero\/","title":{"rendered":"FISCAL ADJUNTO Y EX FUNCIONARIO PROVINCIAL ENFRENTA JUICIO POR VIOLENCIA DE G\u00c9NERO"},"content":{"rendered":"<h3><strong>Fernando Andr\u00e9s Salas<\/strong>, fiscal adjunto de San Luis y ex funcionario provincial, ser\u00e1 juzgado por violencia de g\u00e9nero. Est\u00e1 acusado de amenazas repetidas y de violar \u00f3rdenes judiciales contra su ex pareja y sus hijas, seg\u00fan inform\u00f3 <strong>El Chorriller<\/strong>o.<\/h3>\n<h3>La Fiscal\u00eda N\u00b0 1, liderada por <strong>Maximiliano Bazla<\/strong>, ha presentado cargos por cinco amenazas y desobediencia a siete \u00f3rdenes judiciales, solicitando una condena de dos a\u00f1os de prisi\u00f3n en suspenso. Salas, quien fue nombrado por el ex gobernador Alberto Rodr\u00edguez Sa\u00e1 sin pasar por audiencias de evaluaci\u00f3n, enfrenta ahora el juicio oral tras el rechazo de un acuerdo para evitarlo.<\/h3>\n<h3>Las denuncias incluyen incidentes de agresi\u00f3n verbal y f\u00edsica desde julio de 2023. La ex pareja de Salas relat\u00f3 c\u00f3mo \u00e9l rompi\u00f3 la restricci\u00f3n de acercamiento y continu\u00f3 acos\u00e1ndola, mientras que un informe socioambiental confirma violencia psicol\u00f3gica y ambiental cr\u00f3nica.<\/h3>\n<h3>Adem\u00e1s, un peritaje psiqui\u00e1trico se\u00f1ala problemas de tolerancia y regulaci\u00f3n emocional en Salas. La acusaci\u00f3n tambi\u00e9n incluye violaciones continuas de \u00f3rdenes de restricci\u00f3n y hostigamiento persistente, con Salas actualmente bajo monitoreo con una tobillera electr\u00f3nica.<\/h3>\n<h3><strong>HECHOS<\/strong><\/h3>\n<h3>El ahora denunciado por violencia de g\u00e9nero fue jefe de Subprograma de la direcci\u00f3n de Trabajo del ministerio de Gobierno, Justicia y Culto, durante la gesti\u00f3n en la cartera de <strong>Fabi\u00e1n Filomena<\/strong> y asumi\u00f3 el 8 de agosto en 2022 junto a otros siete fiscales, que comenzaron a trabajar en colaboraci\u00f3n con los fiscales de Instrucci\u00f3n.<\/h3>\n<h3>En la \u00faltima audiencia la jueza <strong>Mar\u00eda Agustina Dopazo<\/strong> rechaz\u00f3 un posible acuerdo para evitar el juicio y decidi\u00f3 que la pr\u00f3xima instancia sea el control de la carga probatoria y luego la cita en Tribunales.<\/h3>\n<h3>De nuevo sobre la denuncia. Si bien la intervenci\u00f3n de la Justicia penal fue el 5 de octubre del 2023 el primer hecho que da cuenta una de las hijas de Salas data del 25 de julio del mismo a\u00f1o cuando llam\u00f3 al 911 pasadas las 21 y manifest\u00f3 que se encontraba encerrada en un ba\u00f1o. El registro de la l\u00ednea cuenta: \u201cSe lleg\u00f3 su padre al domicilio, el mismo est\u00e1 agresivo; expresa que est\u00e1 golpeando las cosas de la vivienda\u201d.<\/h3>\n<h3>Luego de que varios agentes arribaran al domicilio ubicado en la zona noreste de la capital, Salas se retir\u00f3.<\/h3>\n<h3>Ese mismo d\u00eda la ex pareja (este medio decidi\u00f3 denominarla B.C) radic\u00f3 la denuncia policial en la Comisar\u00eda 7\u00b0 y da cuenta de c\u00f3mo sufrieron las agresiones: \u201cSe hace presente en mi domicilio a visitar a nuestras hijas. Una vez en el interior y estando en presencia de nuestras ni\u00f1as comenz\u00f3 a insultarme, a maltratarme, manifestando que no se retirar\u00eda y que sab\u00eda bien lo que iba a hacer de ac\u00e1 en un tiempo porque ya me hab\u00eda advertido\u201d.<\/h3>\n<h3>\u201cAl ver esta reacci\u00f3n de enojo por su parte le ped\u00ed que por favor se retirara ya que nuestras hijas comenzaron a llorar y es ah\u00ed que \u00e9l le amaga con pegarle una pi\u00f1a a mi hija m\u00e1s grande. De inmediato las tomo y las encierro en el ba\u00f1o para cuidar su integridad y trato de calmarlo. En su ira segu\u00eda manifestando que ya ten\u00eda todo perdido y que va a romper todo\u201d, reza la exposici\u00f3n.<\/h3>\n<h3>Al otro d\u00eda se dict\u00f3 la restricci\u00f3n de acercamiento a menos de 200 metros y de contacto a trav\u00e9s de cualquier v\u00eda de comunicaci\u00f3n. Esta medida en particular era prevista por cuatro meses. Luego el fiscal adjunto no solo viol\u00f3 la disposici\u00f3n sino que sigui\u00f3 rompiendo las resoluciones judiciales.<\/h3>\n<h3>El 28 de agosto la Justicia defini\u00f3 suspender de manera provisoria la comunicaci\u00f3n con sus hijas, su ex pareja y su grupo familiar, incluido los padres. En este caso la delimitaci\u00f3n era de 500 metros y, en ese momento, la duraci\u00f3n deb\u00eda ser de siete meses.<\/h3>\n<h3>A todo esto, se le suma un informe socioambiental realizado el 24 de agosto del a\u00f1o pasado con bases a entrevistas a B.C y las hijas. Se trata de otra grave prueba. Puntualiza que se identific\u00f3 ejercicio de violencia psicol\u00f3gica (agresiones verbales, amenazas de muerte, hostigamiento, control y descalificaciones) y ambiental, de manera \u201ccr\u00f3nica y con escalada\u201d tanto durante la relaci\u00f3n como concluida la misma.<\/h3>\n<h3>\u201cSus hijas tambi\u00e9n han sido v\u00edctimas de agresiones por parte de su padre (sobre todo de tipo verbal) y testigos de la violencia hacia su madre. Estas situaciones se intensificaron luego de la separaci\u00f3n definitiva de la pareja en 2022\u201d, indica el relato profesional y agrega el temor de la mujer \u201cante posibles represalias\u201d. <strong>(El Chorrillero)<\/strong><\/h3>\n<p>&nbsp;<\/p>\n<p>&nbsp;<\/p>\n<p>&nbsp;<\/p>\n<p>&nbsp;<\/p>\n<p>&nbsp;<\/p>\n<p>&nbsp;<\/p>\n<p>&nbsp;<\/p>\n<p>&nbsp;<\/p>\n","protected":false},"excerpt":{"rendered":"<p>Fernando Andr\u00e9s Salas, fiscal adjunto de San Luis y ex funcionario provincial, ser\u00e1 juzgado por&#8230;<\/p>\n","protected":false},"author":1,"featured_media":20762,"comment_status":"closed","ping_status":"closed","sticky":false,"template":"","format":"standard","meta":{"footnotes":""},"categories":[6],"tags":[],"class_list":["post-20761","post","type-post","status-publish","format-standard","has-post-thumbnail","hentry","category-ciudad-provincia"],"yoast_head":"<!-- This site is optimized with the Yoast SEO plugin v26.1.1 - https:\/\/yoast.com\/wordpress\/plugins\/seo\/ -->\n<title>FISCAL ADJUNTO Y EX FUNCIONARIO PROVINCIAL ENFRENTA JUICIO POR VIOLENCIA DE G\u00c9NERO - Apuntes de San Luis<\/title>\n<meta name=\"robots\" content=\"index, follow, max-snippet:-1, max-image-preview:large, max-video-preview:-1\" \/>\n<link rel=\"canonical\" href=\"https:\/\/apuntesdesanluis.com\/index.php\/2024\/08\/13\/fiscal-adjunto-y-ex-funcionario-provincial-enfrenta-juicio-por-violencia-de-genero\/\" \/>\n<meta property=\"og:locale\" content=\"es_ES\" \/>\n<meta property=\"og:type\" content=\"article\" \/>\n<meta property=\"og:title\" content=\"FISCAL ADJUNTO Y EX FUNCIONARIO PROVINCIAL ENFRENTA JUICIO POR VIOLENCIA DE G\u00c9NERO - Apuntes de San Luis\" \/>\n<meta property=\"og:description\" content=\"Fernando Andr\u00e9s Salas, fiscal adjunto de San Luis y ex funcionario provincial, ser\u00e1 juzgado por...\" \/>\n<meta property=\"og:url\" content=\"https:\/\/apuntesdesanluis.com\/index.php\/2024\/08\/13\/fiscal-adjunto-y-ex-funcionario-provincial-enfrenta-juicio-por-violencia-de-genero\/\" \/>\n<meta property=\"og:site_name\" content=\"Apuntes de San Luis\" \/>\n<meta property=\"article:published_time\" content=\"2024-08-13T11:29:26+00:00\" \/>\n<meta property=\"og:image\" content=\"https:\/\/apuntesdesanluis.com\/wp-content\/uploads\/2024\/08\/fernando-salas.png\" \/>\n\t<meta property=\"og:image:width\" content=\"700\" \/>\n\t<meta property=\"og:image:height\" content=\"446\" \/>\n\t<meta property=\"og:image:type\" content=\"image\/png\" \/>\n<meta name=\"author\" content=\"apuntesdesanluis.com\" \/>\n<meta name=\"twitter:card\" content=\"summary_large_image\" \/>\n<meta name=\"twitter:label1\" content=\"Escrito por\" \/>\n\t<meta name=\"twitter:data1\" content=\"apuntesdesanluis.com\" \/>\n\t<meta name=\"twitter:label2\" content=\"Tiempo de lectura\" \/>\n\t<meta name=\"twitter:data2\" content=\"4 minutos\" \/>\n<script type=\"application\/ld+json\" class=\"yoast-schema-graph\">{\"@context\":\"https:\/\/schema.org\",\"@graph\":[{\"@type\":\"Article\",\"@id\":\"https:\/\/apuntesdesanluis.com\/index.php\/2024\/08\/13\/fiscal-adjunto-y-ex-funcionario-provincial-enfrenta-juicio-por-violencia-de-genero\/#article\",\"isPartOf\":{\"@id\":\"https:\/\/apuntesdesanluis.com\/index.php\/2024\/08\/13\/fiscal-adjunto-y-ex-funcionario-provincial-enfrenta-juicio-por-violencia-de-genero\/\"},\"author\":{\"name\":\"apuntesdesanluis.com\",\"@id\":\"https:\/\/apuntesdesanluis.com\/#\/schema\/person\/b55151d52296fcce64d1a72538a70b90\"},\"headline\":\"FISCAL ADJUNTO Y EX FUNCIONARIO PROVINCIAL ENFRENTA JUICIO POR VIOLENCIA DE G\u00c9NERO\",\"datePublished\":\"2024-08-13T11:29:26+00:00\",\"mainEntityOfPage\":{\"@id\":\"https:\/\/apuntesdesanluis.com\/index.php\/2024\/08\/13\/fiscal-adjunto-y-ex-funcionario-provincial-enfrenta-juicio-por-violencia-de-genero\/\"},\"wordCount\":812,\"publisher\":{\"@id\":\"https:\/\/apuntesdesanluis.com\/#\/schema\/person\/b55151d52296fcce64d1a72538a70b90\"},\"image\":{\"@id\":\"https:\/\/apuntesdesanluis.com\/index.php\/2024\/08\/13\/fiscal-adjunto-y-ex-funcionario-provincial-enfrenta-juicio-por-violencia-de-genero\/#primaryimage\"},\"thumbnailUrl\":\"https:\/\/apuntesdesanluis.com\/wp-content\/uploads\/2024\/08\/fernando-salas.png\",\"articleSection\":[\"Ciudad\/Provincia\"],\"inLanguage\":\"es-AR\"},{\"@type\":\"WebPage\",\"@id\":\"https:\/\/apuntesdesanluis.com\/index.php\/2024\/08\/13\/fiscal-adjunto-y-ex-funcionario-provincial-enfrenta-juicio-por-violencia-de-genero\/\",\"url\":\"https:\/\/apuntesdesanluis.com\/index.php\/2024\/08\/13\/fiscal-adjunto-y-ex-funcionario-provincial-enfrenta-juicio-por-violencia-de-genero\/\",\"name\":\"FISCAL ADJUNTO Y EX FUNCIONARIO PROVINCIAL ENFRENTA JUICIO POR VIOLENCIA DE G\u00c9NERO - Apuntes de San Luis\",\"isPartOf\":{\"@id\":\"https:\/\/apuntesdesanluis.com\/#website\"},\"primaryImageOfPage\":{\"@id\":\"https:\/\/apuntesdesanluis.com\/index.php\/2024\/08\/13\/fiscal-adjunto-y-ex-funcionario-provincial-enfrenta-juicio-por-violencia-de-genero\/#primaryimage\"},\"image\":{\"@id\":\"https:\/\/apuntesdesanluis.com\/index.php\/2024\/08\/13\/fiscal-adjunto-y-ex-funcionario-provincial-enfrenta-juicio-por-violencia-de-genero\/#primaryimage\"},\"thumbnailUrl\":\"https:\/\/apuntesdesanluis.com\/wp-content\/uploads\/2024\/08\/fernando-salas.png\",\"datePublished\":\"2024-08-13T11:29:26+00:00\",\"breadcrumb\":{\"@id\":\"https:\/\/apuntesdesanluis.com\/index.php\/2024\/08\/13\/fiscal-adjunto-y-ex-funcionario-provincial-enfrenta-juicio-por-violencia-de-genero\/#breadcrumb\"},\"inLanguage\":\"es-AR\",\"potentialAction\":[{\"@type\":\"ReadAction\",\"target\":[\"https:\/\/apuntesdesanluis.com\/index.php\/2024\/08\/13\/fiscal-adjunto-y-ex-funcionario-provincial-enfrenta-juicio-por-violencia-de-genero\/\"]}]},{\"@type\":\"ImageObject\",\"inLanguage\":\"es-AR\",\"@id\":\"https:\/\/apuntesdesanluis.com\/index.php\/2024\/08\/13\/fiscal-adjunto-y-ex-funcionario-provincial-enfrenta-juicio-por-violencia-de-genero\/#primaryimage\",\"url\":\"https:\/\/apuntesdesanluis.com\/wp-content\/uploads\/2024\/08\/fernando-salas.png\",\"contentUrl\":\"https:\/\/apuntesdesanluis.com\/wp-content\/uploads\/2024\/08\/fernando-salas.png\",\"width\":700,\"height\":446},{\"@type\":\"BreadcrumbList\",\"@id\":\"https:\/\/apuntesdesanluis.com\/index.php\/2024\/08\/13\/fiscal-adjunto-y-ex-funcionario-provincial-enfrenta-juicio-por-violencia-de-genero\/#breadcrumb\",\"itemListElement\":[{\"@type\":\"ListItem\",\"position\":1,\"name\":\"Inicio\",\"item\":\"https:\/\/apuntesdesanluis.com\/\"},{\"@type\":\"ListItem\",\"position\":2,\"name\":\"FISCAL ADJUNTO Y EX FUNCIONARIO PROVINCIAL ENFRENTA JUICIO POR VIOLENCIA DE G\u00c9NERO\"}]},{\"@type\":\"WebSite\",\"@id\":\"https:\/\/apuntesdesanluis.com\/#website\",\"url\":\"https:\/\/apuntesdesanluis.com\/\",\"name\":\"Apuntes de San Luis\",\"description\":\"\",\"publisher\":{\"@id\":\"https:\/\/apuntesdesanluis.com\/#\/schema\/person\/b55151d52296fcce64d1a72538a70b90\"},\"potentialAction\":[{\"@type\":\"SearchAction\",\"target\":{\"@type\":\"EntryPoint\",\"urlTemplate\":\"https:\/\/apuntesdesanluis.com\/?s={search_term_string}\"},\"query-input\":{\"@type\":\"PropertyValueSpecification\",\"valueRequired\":true,\"valueName\":\"search_term_string\"}}],\"inLanguage\":\"es-AR\"},{\"@type\":[\"Person\",\"Organization\"],\"@id\":\"https:\/\/apuntesdesanluis.com\/#\/schema\/person\/b55151d52296fcce64d1a72538a70b90\",\"name\":\"apuntesdesanluis.com\",\"image\":{\"@type\":\"ImageObject\",\"inLanguage\":\"es-AR\",\"@id\":\"https:\/\/apuntesdesanluis.com\/#\/schema\/person\/image\/\",\"url\":\"https:\/\/apuntesdesanluis.com\/wp-content\/uploads\/2023\/07\/cropped-apuntesdesanluis.png\",\"contentUrl\":\"https:\/\/apuntesdesanluis.com\/wp-content\/uploads\/2023\/07\/cropped-apuntesdesanluis.png\",\"width\":450,\"height\":112,\"caption\":\"apuntesdesanluis.com\"},\"logo\":{\"@id\":\"https:\/\/apuntesdesanluis.com\/#\/schema\/person\/image\/\"},\"sameAs\":[\"https:\/\/apuntesdesanluis.com\"],\"url\":\"https:\/\/apuntesdesanluis.com\/index.php\/author\/apuntesdesanluis-com\/\"}]}<\/script>\n<!-- \/ Yoast SEO plugin. -->","yoast_head_json":{"title":"FISCAL ADJUNTO Y EX FUNCIONARIO PROVINCIAL ENFRENTA JUICIO POR VIOLENCIA DE G\u00c9NERO - Apuntes de San Luis","robots":{"index":"index","follow":"follow","max-snippet":"max-snippet:-1","max-image-preview":"max-image-preview:large","max-video-preview":"max-video-preview:-1"},"canonical":"https:\/\/apuntesdesanluis.com\/index.php\/2024\/08\/13\/fiscal-adjunto-y-ex-funcionario-provincial-enfrenta-juicio-por-violencia-de-genero\/","og_locale":"es_ES","og_type":"article","og_title":"FISCAL ADJUNTO Y EX FUNCIONARIO PROVINCIAL ENFRENTA JUICIO POR VIOLENCIA DE G\u00c9NERO - Apuntes de San Luis","og_description":"Fernando Andr\u00e9s Salas, fiscal adjunto de San Luis y ex funcionario provincial, ser\u00e1 juzgado por...","og_url":"https:\/\/apuntesdesanluis.com\/index.php\/2024\/08\/13\/fiscal-adjunto-y-ex-funcionario-provincial-enfrenta-juicio-por-violencia-de-genero\/","og_site_name":"Apuntes de San Luis","article_published_time":"2024-08-13T11:29:26+00:00","og_image":[{"width":700,"height":446,"url":"https:\/\/apuntesdesanluis.com\/wp-content\/uploads\/2024\/08\/fernando-salas.png","type":"image\/png"}],"author":"apuntesdesanluis.com","twitter_card":"summary_large_image","twitter_misc":{"Escrito por":"apuntesdesanluis.com","Tiempo de lectura":"4 minutos"},"schema":{"@context":"https:\/\/schema.org","@graph":[{"@type":"Article","@id":"https:\/\/apuntesdesanluis.com\/index.php\/2024\/08\/13\/fiscal-adjunto-y-ex-funcionario-provincial-enfrenta-juicio-por-violencia-de-genero\/#article","isPartOf":{"@id":"https:\/\/apuntesdesanluis.com\/index.php\/2024\/08\/13\/fiscal-adjunto-y-ex-funcionario-provincial-enfrenta-juicio-por-violencia-de-genero\/"},"author":{"name":"apuntesdesanluis.com","@id":"https:\/\/apuntesdesanluis.com\/#\/schema\/person\/b55151d52296fcce64d1a72538a70b90"},"headline":"FISCAL ADJUNTO Y EX FUNCIONARIO PROVINCIAL ENFRENTA JUICIO POR VIOLENCIA DE G\u00c9NERO","datePublished":"2024-08-13T11:29:26+00:00","mainEntityOfPage":{"@id":"https:\/\/apuntesdesanluis.com\/index.php\/2024\/08\/13\/fiscal-adjunto-y-ex-funcionario-provincial-enfrenta-juicio-por-violencia-de-genero\/"},"wordCount":812,"publisher":{"@id":"https:\/\/apuntesdesanluis.com\/#\/schema\/person\/b55151d52296fcce64d1a72538a70b90"},"image":{"@id":"https:\/\/apuntesdesanluis.com\/index.php\/2024\/08\/13\/fiscal-adjunto-y-ex-funcionario-provincial-enfrenta-juicio-por-violencia-de-genero\/#primaryimage"},"thumbnailUrl":"https:\/\/apuntesdesanluis.com\/wp-content\/uploads\/2024\/08\/fernando-salas.png","articleSection":["Ciudad\/Provincia"],"inLanguage":"es-AR"},{"@type":"WebPage","@id":"https:\/\/apuntesdesanluis.com\/index.php\/2024\/08\/13\/fiscal-adjunto-y-ex-funcionario-provincial-enfrenta-juicio-por-violencia-de-genero\/","url":"https:\/\/apuntesdesanluis.com\/index.php\/2024\/08\/13\/fiscal-adjunto-y-ex-funcionario-provincial-enfrenta-juicio-por-violencia-de-genero\/","name":"FISCAL ADJUNTO Y EX FUNCIONARIO PROVINCIAL ENFRENTA JUICIO POR VIOLENCIA DE G\u00c9NERO - Apuntes de San Luis","isPartOf":{"@id":"https:\/\/apuntesdesanluis.com\/#website"},"primaryImageOfPage":{"@id":"https:\/\/apuntesdesanluis.com\/index.php\/2024\/08\/13\/fiscal-adjunto-y-ex-funcionario-provincial-enfrenta-juicio-por-violencia-de-genero\/#primaryimage"},"image":{"@id":"https:\/\/apuntesdesanluis.com\/index.php\/2024\/08\/13\/fiscal-adjunto-y-ex-funcionario-provincial-enfrenta-juicio-por-violencia-de-genero\/#primaryimage"},"thumbnailUrl":"https:\/\/apuntesdesanluis.com\/wp-content\/uploads\/2024\/08\/fernando-salas.png","datePublished":"2024-08-13T11:29:26+00:00","breadcrumb":{"@id":"https:\/\/apuntesdesanluis.com\/index.php\/2024\/08\/13\/fiscal-adjunto-y-ex-funcionario-provincial-enfrenta-juicio-por-violencia-de-genero\/#breadcrumb"},"inLanguage":"es-AR","potentialAction":[{"@type":"ReadAction","target":["https:\/\/apuntesdesanluis.com\/index.php\/2024\/08\/13\/fiscal-adjunto-y-ex-funcionario-provincial-enfrenta-juicio-por-violencia-de-genero\/"]}]},{"@type":"ImageObject","inLanguage":"es-AR","@id":"https:\/\/apuntesdesanluis.com\/index.php\/2024\/08\/13\/fiscal-adjunto-y-ex-funcionario-provincial-enfrenta-juicio-por-violencia-de-genero\/#primaryimage","url":"https:\/\/apuntesdesanluis.com\/wp-content\/uploads\/2024\/08\/fernando-salas.png","contentUrl":"https:\/\/apuntesdesanluis.com\/wp-content\/uploads\/2024\/08\/fernando-salas.png","width":700,"height":446},{"@type":"BreadcrumbList","@id":"https:\/\/apuntesdesanluis.com\/index.php\/2024\/08\/13\/fiscal-adjunto-y-ex-funcionario-provincial-enfrenta-juicio-por-violencia-de-genero\/#breadcrumb","itemListElement":[{"@type":"ListItem","position":1,"name":"Inicio","item":"https:\/\/apuntesdesanluis.com\/"},{"@type":"ListItem","position":2,"name":"FISCAL ADJUNTO Y EX FUNCIONARIO PROVINCIAL ENFRENTA JUICIO POR VIOLENCIA DE G\u00c9NERO"}]},{"@type":"WebSite","@id":"https:\/\/apuntesdesanluis.com\/#website","url":"https:\/\/apuntesdesanluis.com\/","name":"Apuntes de San Luis","description":"","publisher":{"@id":"https:\/\/apuntesdesanluis.com\/#\/schema\/person\/b55151d52296fcce64d1a72538a70b90"},"potentialAction":[{"@type":"SearchAction","target":{"@type":"EntryPoint","urlTemplate":"https:\/\/apuntesdesanluis.com\/?s={search_term_string}"},"query-input":{"@type":"PropertyValueSpecification","valueRequired":true,"valueName":"search_term_string"}}],"inLanguage":"es-AR"},{"@type":["Person","Organization"],"@id":"https:\/\/apuntesdesanluis.com\/#\/schema\/person\/b55151d52296fcce64d1a72538a70b90","name":"apuntesdesanluis.com","image":{"@type":"ImageObject","inLanguage":"es-AR","@id":"https:\/\/apuntesdesanluis.com\/#\/schema\/person\/image\/","url":"https:\/\/apuntesdesanluis.com\/wp-content\/uploads\/2023\/07\/cropped-apuntesdesanluis.png","contentUrl":"https:\/\/apuntesdesanluis.com\/wp-content\/uploads\/2023\/07\/cropped-apuntesdesanluis.png","width":450,"height":112,"caption":"apuntesdesanluis.com"},"logo":{"@id":"https:\/\/apuntesdesanluis.com\/#\/schema\/person\/image\/"},"sameAs":["https:\/\/apuntesdesanluis.com"],"url":"https:\/\/apuntesdesanluis.com\/index.php\/author\/apuntesdesanluis-com\/"}]}},"featured_image_urls":{"full":["https:\/\/apuntesdesanluis.com\/wp-content\/uploads\/2024\/08\/fernando-salas.png",700,446,false],"thumbnail":["https:\/\/apuntesdesanluis.com\/wp-content\/uploads\/2024\/08\/fernando-salas-150x150.png",150,150,true],"medium":["https:\/\/apuntesdesanluis.com\/wp-content\/uploads\/2024\/08\/fernando-salas-300x191.png",300,191,true],"medium_large":["https:\/\/apuntesdesanluis.com\/wp-content\/uploads\/2024\/08\/fernando-salas.png",640,408,false],"large":["https:\/\/apuntesdesanluis.com\/wp-content\/uploads\/2024\/08\/fernando-salas.png",640,408,false],"1536x1536":["https:\/\/apuntesdesanluis.com\/wp-content\/uploads\/2024\/08\/fernando-salas.png",700,446,false],"2048x2048":["https:\/\/apuntesdesanluis.com\/wp-content\/uploads\/2024\/08\/fernando-salas.png",700,446,false],"newsever-slider-full":["https:\/\/apuntesdesanluis.com\/wp-content\/uploads\/2024\/08\/fernando-salas.png",700,446,false],"newsever-featured":["https:\/\/apuntesdesanluis.com\/wp-content\/uploads\/2024\/08\/fernando-salas.png",700,446,false],"newsever-medium":["https:\/\/apuntesdesanluis.com\/wp-content\/uploads\/2024\/08\/fernando-salas.png",700,446,false]},"author_info":{"display_name":"apuntesdesanluis.com","author_link":"https:\/\/apuntesdesanluis.com\/index.php\/author\/apuntesdesanluis-com\/"},"category_info":"<a href=\"https:\/\/apuntesdesanluis.com\/index.php\/category\/ciudad-provincia\/\" rel=\"category tag\">Ciudad\/Provincia<\/a>","tag_info":"Ciudad\/Provincia","comment_count":"0","_links":{"self":[{"href":"https:\/\/apuntesdesanluis.com\/index.php\/wp-json\/wp\/v2\/posts\/20761","targetHints":{"allow":["GET"]}}],"collection":[{"href":"https:\/\/apuntesdesanluis.com\/index.php\/wp-json\/wp\/v2\/posts"}],"about":[{"href":"https:\/\/apuntesdesanluis.com\/index.php\/wp-json\/wp\/v2\/types\/post"}],"author":[{"embeddable":true,"href":"https:\/\/apuntesdesanluis.com\/index.php\/wp-json\/wp\/v2\/users\/1"}],"replies":[{"embeddable":true,"href":"https:\/\/apuntesdesanluis.com\/index.php\/wp-json\/wp\/v2\/comments?post=20761"}],"version-history":[{"count":1,"href":"https:\/\/apuntesdesanluis.com\/index.php\/wp-json\/wp\/v2\/posts\/20761\/revisions"}],"predecessor-version":[{"id":20763,"href":"https:\/\/apuntesdesanluis.com\/index.php\/wp-json\/wp\/v2\/posts\/20761\/revisions\/20763"}],"wp:featuredmedia":[{"embeddable":true,"href":"https:\/\/apuntesdesanluis.com\/index.php\/wp-json\/wp\/v2\/media\/20762"}],"wp:attachment":[{"href":"https:\/\/apuntesdesanluis.com\/index.php\/wp-json\/wp\/v2\/media?parent=20761"}],"wp:term":[{"taxonomy":"category","embeddable":true,"href":"https:\/\/apuntesdesanluis.com\/index.php\/wp-json\/wp\/v2\/categories?post=20761"},{"taxonomy":"post_tag","embeddable":true,"href":"https:\/\/apuntesdesanluis.com\/index.php\/wp-json\/wp\/v2\/tags?post=20761"}],"curies":[{"name":"wp","href":"https:\/\/api.w.org\/{rel}","templated":true}]}}