{"id":20768,"date":"2024-08-13T10:48:33","date_gmt":"2024-08-13T13:48:33","guid":{"rendered":"https:\/\/apuntesdesanluis.com\/?p=20768"},"modified":"2024-08-13T10:48:33","modified_gmt":"2024-08-13T13:48:33","slug":"campana-de-sectores-ambientalistas-en-contra-de-que-san-luis-adhiera-al-rigi","status":"publish","type":"post","link":"https:\/\/apuntesdesanluis.com\/index.php\/2024\/08\/13\/campana-de-sectores-ambientalistas-en-contra-de-que-san-luis-adhiera-al-rigi\/","title":{"rendered":"CAMPA\u00d1A DE SECTORES AMBIENTALISTAS EN CONTRA DE QUE SAN LUIS ADHIERA AL RIGI"},"content":{"rendered":"<h3>\u201cExigimos a los diputados y senadores de San Luis el absoluto rechazo al <strong>R\u00e9gimen de Incentivo a las Grandes Inversiones (RIGI)<\/strong>, tal como est\u00e1 contemplado en la Ley &#8216;Bases y Puntos de Partida para la Libertad de los Argentinos&#8217; (Ley 27.742)\u201d, reclaman en el petitorio que fue publicado en la plataforma <a href=\"https:\/\/www.change.org\/p\/resguardemos-los-recursos-naturales-de-san-luis-campa%C3%B1a-provincial-no-al-rigi?recruiter=832348990&amp;recruited_by_id=5bad3440-c65f-11e7-80c1-e900b2aa41c7&amp;utm_source=share_petition&amp;utm_campaign=petition_dashboard_share_modal&amp;utm_medium=copylink\" target=\"_blank\" rel=\"noopener\"><span style=\"color: #3366ff;\">Change.org<\/span><\/a><\/h3>\n<h3>La campa\u00f1a provincial de rechazo al RIGI se fundamenta en la necesidad de \u201cresguardar los recursos naturales de San Luis\u201d. Y agrega: \u201cEl RIGI busca promover grandes proyectos extractivos en nuestro pa\u00eds. San Luis debe decidir si adhiere o no a este r\u00e9gimen, que podr\u00eda traer consecuencias desastrosas\u201d.<\/h3>\n<div style=\"width: 480px;\" class=\"wp-video\"><!--[if lt IE 9]><script>document.createElement('video');<\/script><![endif]-->\n<video class=\"wp-video-shortcode\" id=\"video-20768-1\" width=\"480\" height=\"848\" preload=\"metadata\" controls=\"controls\"><source type=\"video\/mp4\" src=\"https:\/\/apuntesdesanluis.com\/wp-content\/uploads\/2024\/08\/no-al-rigi.mp4?_=1\" \/><a href=\"https:\/\/apuntesdesanluis.com\/wp-content\/uploads\/2024\/08\/no-al-rigi.mp4\">https:\/\/apuntesdesanluis.com\/wp-content\/uploads\/2024\/08\/no-al-rigi.mp4<\/a><\/video><\/div>\n<h3><\/h3>\n<h3><strong>PRONUNCIAMIENTO<\/strong><\/h3>\n<h3>La proclama indica en forma textual:<\/h3>\n<h3>\u201cLas Asambleas de vecinos auto convocados de San Luis, comunidades y ciudadanos\/as abajo firmantes, en compromiso con la defensa de los bienes comunes naturales, y con los principios de solidaridad intergeneracional, exigimos a los diputados y senadores de la provincia de San Luis el absoluto rechazo de la Provincia de San Luis al R\u00e9gimen de Incentivo a las Grandes Inversiones (RIGI), tal como est\u00e1 contemplado en la &#8220;Ley Bases y Puntos de Partida para la Libertad de los Argentinos&#8221; (Ley 27.742).<\/h3>\n<h3>Nos preocupa fundamentalmente que se habiliten proyectos extractivos y de explotaci\u00f3n que da\u00f1en las Sierras Centrales de San Luis y las Sierras de los Comechingones, perjudicando y contaminando irremediablemente otras actividades econ\u00f3micas como la agricultura, ganader\u00eda, turismo y la vida misma de las comunidades, ya que este r\u00e9gimen prioriza el uso del agua para las mineras otorg\u00e1ndoles prioridad por sobre las poblaciones.<\/h3>\n<h3>El agua proveniente de estos sistemas serranos es vital ya que implica que el 85 % de la poblaci\u00f3n provincial y a m\u00e1s del 90% de la actividad industrial de la provincia, son provistos de agua proveniente de estas fuentes, y ser\u00e1 gravemente afectada en su cantidad, disponibilidad y calidad como lo muestra la experiencia de otras provincias donde la megaminer\u00eda y corporaciones de la agroindustria, hacen uso intensivo y desmedido de los acu\u00edferos, y la contaminan en sus procesos.<\/h3>\n<h3>Este R\u00e9gimen:<\/h3>\n<h3>\u00a0Busca atraer proyectos extractivistas de grandes empresas, enormes beneficios fiscales, aduaneros y cambiarios.<\/h3>\n<h3>Aumentar\u00e1 los proyectos extractivistas de empresas mineras, petroleras y del agronegocio, que destruyen los bosques y las sierras, contaminan el agua y expulsan comunidades de sus territorios.<\/h3>\n<h3>Las empresas no tendr\u00e1n ninguna obligaci\u00f3n de reinversi\u00f3n de todo lo que extraigan y exporten, tampoco pagar\u00e1n retenciones.<\/h3>\n<h3>Destruir\u00e1 mercados locales, ya que las corporaciones inversoras no est\u00e1n obligadas a contratar empresas ni mano de obra local.<\/h3>\n<h3>Promover\u00e1 la impunidad de las empresas frente a delitos ambientales.<\/h3>\n<h3>Convertir\u00e1 al pa\u00eds en una guarida fiscal, ya que no se exige la licitud del origen del dinero, es decir, es una puerta de entrada para capitales de tr\u00e1fico de estupefacientes, armas y personas entre otros.<\/h3>\n<h3>Otorga a las empresas que adhieran a \u00e9l beneficios por 30 a\u00f1os, no pudiendo anularlos ning\u00fan gobierno o legislaci\u00f3n posteriores, ni siquiera con la derogaci\u00f3n de la ley que les dio lugar.<\/h3>\n<h3>Modificar\u00e1 la Ley de Hidrocarburos suprimiendo la precaria soberan\u00eda nacional en el sector energ\u00e9tico.<\/h3>\n<h3>Militariza la zona donde se instalan los capitales, criminalizando a quienes se manifiesten en contra, avalados por la Resoluci\u00f3n N\u00b0499\/24 del Ministerio de Seguridad de la Naci\u00f3n.<\/h3>\n<h3>El RIGI nos quita SOBERANIA, no resuelve el problema del hambre, del trabajo ni del abastecimiento energ\u00e9tico. Profundiza las desigualdades sociales y econ\u00f3micas entre el pu\u00f1ado que se beneficiar\u00e1 de estas inversiones y la mayor\u00eda del pueblo que quedar\u00e1 afuera.<\/h3>\n<h3>Solicitamos a los y las legisladores de nuestra provincia, que reflexionen sobre la gran responsabilidad que tienen como funcionarios\/as p\u00fablicos, de legislar para el bien com\u00fan, el derecho a un ambiente sano y la sustentabilidad e integridad de los ecosistemas naturales que permiten la vida para el presente y las futuras generaciones. Est\u00e1 en juego la subsistencia misma de las comunidades de San Luis, ya que pueden ser da\u00f1adas por las ambiciones de corporaciones extranjeras que s\u00f3lo buscan el lucro.<\/h3>\n<h3>Por lo se\u00f1alado, SUMA TU FIRMA, as\u00ed todos juntos exigimos a las autoridades competentes que RECHAZAMOS ROTUNDAMENTE LA ADHESION DE SAN LUIS al RIGI.<\/h3>\n<h3>Es momento de unirnos para defender un ambiente sano, nuestros r\u00edos, nuestras tierras\u201d.<\/h3>\n<h3><em>\u00a1SUMA TU FIRMA AQU\u00cd!<\/em><\/h3>\n<h3><span style=\"color: #3366ff;\"><a style=\"color: #3366ff;\" href=\"https:\/\/chng.it\/ZRLxNWnBq6\">https:\/\/chng.it\/ZRLxNWnBq6<\/a><\/span><\/h3>\n<p>&nbsp;<\/p>\n<p>&nbsp;<\/p>\n<p>&nbsp;<\/p>\n","protected":false},"excerpt":{"rendered":"<p>\u201cExigimos a los diputados y senadores de San Luis el absoluto rechazo al R\u00e9gimen de&#8230;<\/p>\n","protected":false},"author":1,"featured_media":20769,"comment_status":"closed","ping_status":"closed","sticky":false,"template":"","format":"standard","meta":{"footnotes":""},"categories":[6],"tags":[],"class_list":["post-20768","post","type-post","status-publish","format-standard","has-post-thumbnail","hentry","category-ciudad-provincia"],"yoast_head":"<!-- This site is optimized with the Yoast SEO plugin v26.1.1 - https:\/\/yoast.com\/wordpress\/plugins\/seo\/ -->\n<title>CAMPA\u00d1A DE SECTORES AMBIENTALISTAS EN CONTRA DE QUE SAN LUIS ADHIERA AL RIGI - Apuntes de San Luis<\/title>\n<meta name=\"robots\" content=\"index, follow, max-snippet:-1, max-image-preview:large, max-video-preview:-1\" \/>\n<link rel=\"canonical\" href=\"https:\/\/apuntesdesanluis.com\/index.php\/2024\/08\/13\/campana-de-sectores-ambientalistas-en-contra-de-que-san-luis-adhiera-al-rigi\/\" \/>\n<meta property=\"og:locale\" content=\"es_ES\" \/>\n<meta property=\"og:type\" content=\"article\" \/>\n<meta property=\"og:title\" content=\"CAMPA\u00d1A DE SECTORES AMBIENTALISTAS EN CONTRA DE QUE SAN LUIS ADHIERA AL RIGI - Apuntes de San Luis\" \/>\n<meta property=\"og:description\" content=\"\u201cExigimos a los diputados y senadores de San Luis el absoluto rechazo al R\u00e9gimen de...\" \/>\n<meta property=\"og:url\" content=\"https:\/\/apuntesdesanluis.com\/index.php\/2024\/08\/13\/campana-de-sectores-ambientalistas-en-contra-de-que-san-luis-adhiera-al-rigi\/\" \/>\n<meta property=\"og:site_name\" content=\"Apuntes de San Luis\" \/>\n<meta property=\"article:published_time\" content=\"2024-08-13T13:48:33+00:00\" \/>\n<meta property=\"og:image\" content=\"https:\/\/apuntesdesanluis.com\/wp-content\/uploads\/2024\/08\/campana-contra-el-rigi.jpg\" \/>\n\t<meta property=\"og:image:width\" content=\"700\" \/>\n\t<meta property=\"og:image:height\" content=\"407\" \/>\n\t<meta property=\"og:image:type\" content=\"image\/jpeg\" \/>\n<meta name=\"author\" content=\"apuntesdesanluis.com\" \/>\n<meta name=\"twitter:card\" content=\"summary_large_image\" \/>\n<meta name=\"twitter:label1\" content=\"Escrito por\" \/>\n\t<meta name=\"twitter:data1\" content=\"apuntesdesanluis.com\" \/>\n\t<meta name=\"twitter:label2\" content=\"Tiempo de lectura\" \/>\n\t<meta name=\"twitter:data2\" content=\"4 minutos\" \/>\n<script type=\"application\/ld+json\" class=\"yoast-schema-graph\">{\"@context\":\"https:\/\/schema.org\",\"@graph\":[{\"@type\":\"Article\",\"@id\":\"https:\/\/apuntesdesanluis.com\/index.php\/2024\/08\/13\/campana-de-sectores-ambientalistas-en-contra-de-que-san-luis-adhiera-al-rigi\/#article\",\"isPartOf\":{\"@id\":\"https:\/\/apuntesdesanluis.com\/index.php\/2024\/08\/13\/campana-de-sectores-ambientalistas-en-contra-de-que-san-luis-adhiera-al-rigi\/\"},\"author\":{\"name\":\"apuntesdesanluis.com\",\"@id\":\"https:\/\/apuntesdesanluis.com\/#\/schema\/person\/b55151d52296fcce64d1a72538a70b90\"},\"headline\":\"CAMPA\u00d1A DE SECTORES AMBIENTALISTAS EN CONTRA DE QUE SAN LUIS ADHIERA AL RIGI\",\"datePublished\":\"2024-08-13T13:48:33+00:00\",\"mainEntityOfPage\":{\"@id\":\"https:\/\/apuntesdesanluis.com\/index.php\/2024\/08\/13\/campana-de-sectores-ambientalistas-en-contra-de-que-san-luis-adhiera-al-rigi\/\"},\"wordCount\":761,\"publisher\":{\"@id\":\"https:\/\/apuntesdesanluis.com\/#\/schema\/person\/b55151d52296fcce64d1a72538a70b90\"},\"image\":{\"@id\":\"https:\/\/apuntesdesanluis.com\/index.php\/2024\/08\/13\/campana-de-sectores-ambientalistas-en-contra-de-que-san-luis-adhiera-al-rigi\/#primaryimage\"},\"thumbnailUrl\":\"https:\/\/apuntesdesanluis.com\/wp-content\/uploads\/2024\/08\/campana-contra-el-rigi.jpg\",\"articleSection\":[\"Ciudad\/Provincia\"],\"inLanguage\":\"es-AR\"},{\"@type\":\"WebPage\",\"@id\":\"https:\/\/apuntesdesanluis.com\/index.php\/2024\/08\/13\/campana-de-sectores-ambientalistas-en-contra-de-que-san-luis-adhiera-al-rigi\/\",\"url\":\"https:\/\/apuntesdesanluis.com\/index.php\/2024\/08\/13\/campana-de-sectores-ambientalistas-en-contra-de-que-san-luis-adhiera-al-rigi\/\",\"name\":\"CAMPA\u00d1A DE SECTORES AMBIENTALISTAS EN CONTRA DE QUE SAN LUIS ADHIERA AL RIGI - Apuntes de San Luis\",\"isPartOf\":{\"@id\":\"https:\/\/apuntesdesanluis.com\/#website\"},\"primaryImageOfPage\":{\"@id\":\"https:\/\/apuntesdesanluis.com\/index.php\/2024\/08\/13\/campana-de-sectores-ambientalistas-en-contra-de-que-san-luis-adhiera-al-rigi\/#primaryimage\"},\"image\":{\"@id\":\"https:\/\/apuntesdesanluis.com\/index.php\/2024\/08\/13\/campana-de-sectores-ambientalistas-en-contra-de-que-san-luis-adhiera-al-rigi\/#primaryimage\"},\"thumbnailUrl\":\"https:\/\/apuntesdesanluis.com\/wp-content\/uploads\/2024\/08\/campana-contra-el-rigi.jpg\",\"datePublished\":\"2024-08-13T13:48:33+00:00\",\"breadcrumb\":{\"@id\":\"https:\/\/apuntesdesanluis.com\/index.php\/2024\/08\/13\/campana-de-sectores-ambientalistas-en-contra-de-que-san-luis-adhiera-al-rigi\/#breadcrumb\"},\"inLanguage\":\"es-AR\",\"potentialAction\":[{\"@type\":\"ReadAction\",\"target\":[\"https:\/\/apuntesdesanluis.com\/index.php\/2024\/08\/13\/campana-de-sectores-ambientalistas-en-contra-de-que-san-luis-adhiera-al-rigi\/\"]}]},{\"@type\":\"ImageObject\",\"inLanguage\":\"es-AR\",\"@id\":\"https:\/\/apuntesdesanluis.com\/index.php\/2024\/08\/13\/campana-de-sectores-ambientalistas-en-contra-de-que-san-luis-adhiera-al-rigi\/#primaryimage\",\"url\":\"https:\/\/apuntesdesanluis.com\/wp-content\/uploads\/2024\/08\/campana-contra-el-rigi.jpg\",\"contentUrl\":\"https:\/\/apuntesdesanluis.com\/wp-content\/uploads\/2024\/08\/campana-contra-el-rigi.jpg\",\"width\":700,\"height\":407},{\"@type\":\"BreadcrumbList\",\"@id\":\"https:\/\/apuntesdesanluis.com\/index.php\/2024\/08\/13\/campana-de-sectores-ambientalistas-en-contra-de-que-san-luis-adhiera-al-rigi\/#breadcrumb\",\"itemListElement\":[{\"@type\":\"ListItem\",\"position\":1,\"name\":\"Inicio\",\"item\":\"https:\/\/apuntesdesanluis.com\/\"},{\"@type\":\"ListItem\",\"position\":2,\"name\":\"CAMPA\u00d1A DE SECTORES AMBIENTALISTAS EN CONTRA DE QUE SAN LUIS ADHIERA AL RIGI\"}]},{\"@type\":\"WebSite\",\"@id\":\"https:\/\/apuntesdesanluis.com\/#website\",\"url\":\"https:\/\/apuntesdesanluis.com\/\",\"name\":\"Apuntes de San Luis\",\"description\":\"\",\"publisher\":{\"@id\":\"https:\/\/apuntesdesanluis.com\/#\/schema\/person\/b55151d52296fcce64d1a72538a70b90\"},\"potentialAction\":[{\"@type\":\"SearchAction\",\"target\":{\"@type\":\"EntryPoint\",\"urlTemplate\":\"https:\/\/apuntesdesanluis.com\/?s={search_term_string}\"},\"query-input\":{\"@type\":\"PropertyValueSpecification\",\"valueRequired\":true,\"valueName\":\"search_term_string\"}}],\"inLanguage\":\"es-AR\"},{\"@type\":[\"Person\",\"Organization\"],\"@id\":\"https:\/\/apuntesdesanluis.com\/#\/schema\/person\/b55151d52296fcce64d1a72538a70b90\",\"name\":\"apuntesdesanluis.com\",\"image\":{\"@type\":\"ImageObject\",\"inLanguage\":\"es-AR\",\"@id\":\"https:\/\/apuntesdesanluis.com\/#\/schema\/person\/image\/\",\"url\":\"https:\/\/apuntesdesanluis.com\/wp-content\/uploads\/2023\/07\/cropped-apuntesdesanluis.png\",\"contentUrl\":\"https:\/\/apuntesdesanluis.com\/wp-content\/uploads\/2023\/07\/cropped-apuntesdesanluis.png\",\"width\":450,\"height\":112,\"caption\":\"apuntesdesanluis.com\"},\"logo\":{\"@id\":\"https:\/\/apuntesdesanluis.com\/#\/schema\/person\/image\/\"},\"sameAs\":[\"https:\/\/apuntesdesanluis.com\"],\"url\":\"https:\/\/apuntesdesanluis.com\/index.php\/author\/apuntesdesanluis-com\/\"}]}<\/script>\n<!-- \/ Yoast SEO plugin. -->","yoast_head_json":{"title":"CAMPA\u00d1A DE SECTORES AMBIENTALISTAS EN CONTRA DE QUE SAN LUIS ADHIERA AL RIGI - Apuntes de San Luis","robots":{"index":"index","follow":"follow","max-snippet":"max-snippet:-1","max-image-preview":"max-image-preview:large","max-video-preview":"max-video-preview:-1"},"canonical":"https:\/\/apuntesdesanluis.com\/index.php\/2024\/08\/13\/campana-de-sectores-ambientalistas-en-contra-de-que-san-luis-adhiera-al-rigi\/","og_locale":"es_ES","og_type":"article","og_title":"CAMPA\u00d1A DE SECTORES AMBIENTALISTAS EN CONTRA DE QUE SAN LUIS ADHIERA AL RIGI - Apuntes de San Luis","og_description":"\u201cExigimos a los diputados y senadores de San Luis el absoluto rechazo al R\u00e9gimen de...","og_url":"https:\/\/apuntesdesanluis.com\/index.php\/2024\/08\/13\/campana-de-sectores-ambientalistas-en-contra-de-que-san-luis-adhiera-al-rigi\/","og_site_name":"Apuntes de San Luis","article_published_time":"2024-08-13T13:48:33+00:00","og_image":[{"width":700,"height":407,"url":"https:\/\/apuntesdesanluis.com\/wp-content\/uploads\/2024\/08\/campana-contra-el-rigi.jpg","type":"image\/jpeg"}],"author":"apuntesdesanluis.com","twitter_card":"summary_large_image","twitter_misc":{"Escrito por":"apuntesdesanluis.com","Tiempo de lectura":"4 minutos"},"schema":{"@context":"https:\/\/schema.org","@graph":[{"@type":"Article","@id":"https:\/\/apuntesdesanluis.com\/index.php\/2024\/08\/13\/campana-de-sectores-ambientalistas-en-contra-de-que-san-luis-adhiera-al-rigi\/#article","isPartOf":{"@id":"https:\/\/apuntesdesanluis.com\/index.php\/2024\/08\/13\/campana-de-sectores-ambientalistas-en-contra-de-que-san-luis-adhiera-al-rigi\/"},"author":{"name":"apuntesdesanluis.com","@id":"https:\/\/apuntesdesanluis.com\/#\/schema\/person\/b55151d52296fcce64d1a72538a70b90"},"headline":"CAMPA\u00d1A DE SECTORES AMBIENTALISTAS EN CONTRA DE QUE SAN LUIS ADHIERA AL RIGI","datePublished":"2024-08-13T13:48:33+00:00","mainEntityOfPage":{"@id":"https:\/\/apuntesdesanluis.com\/index.php\/2024\/08\/13\/campana-de-sectores-ambientalistas-en-contra-de-que-san-luis-adhiera-al-rigi\/"},"wordCount":761,"publisher":{"@id":"https:\/\/apuntesdesanluis.com\/#\/schema\/person\/b55151d52296fcce64d1a72538a70b90"},"image":{"@id":"https:\/\/apuntesdesanluis.com\/index.php\/2024\/08\/13\/campana-de-sectores-ambientalistas-en-contra-de-que-san-luis-adhiera-al-rigi\/#primaryimage"},"thumbnailUrl":"https:\/\/apuntesdesanluis.com\/wp-content\/uploads\/2024\/08\/campana-contra-el-rigi.jpg","articleSection":["Ciudad\/Provincia"],"inLanguage":"es-AR"},{"@type":"WebPage","@id":"https:\/\/apuntesdesanluis.com\/index.php\/2024\/08\/13\/campana-de-sectores-ambientalistas-en-contra-de-que-san-luis-adhiera-al-rigi\/","url":"https:\/\/apuntesdesanluis.com\/index.php\/2024\/08\/13\/campana-de-sectores-ambientalistas-en-contra-de-que-san-luis-adhiera-al-rigi\/","name":"CAMPA\u00d1A DE SECTORES AMBIENTALISTAS EN CONTRA DE QUE SAN LUIS ADHIERA AL RIGI - Apuntes de San Luis","isPartOf":{"@id":"https:\/\/apuntesdesanluis.com\/#website"},"primaryImageOfPage":{"@id":"https:\/\/apuntesdesanluis.com\/index.php\/2024\/08\/13\/campana-de-sectores-ambientalistas-en-contra-de-que-san-luis-adhiera-al-rigi\/#primaryimage"},"image":{"@id":"https:\/\/apuntesdesanluis.com\/index.php\/2024\/08\/13\/campana-de-sectores-ambientalistas-en-contra-de-que-san-luis-adhiera-al-rigi\/#primaryimage"},"thumbnailUrl":"https:\/\/apuntesdesanluis.com\/wp-content\/uploads\/2024\/08\/campana-contra-el-rigi.jpg","datePublished":"2024-08-13T13:48:33+00:00","breadcrumb":{"@id":"https:\/\/apuntesdesanluis.com\/index.php\/2024\/08\/13\/campana-de-sectores-ambientalistas-en-contra-de-que-san-luis-adhiera-al-rigi\/#breadcrumb"},"inLanguage":"es-AR","potentialAction":[{"@type":"ReadAction","target":["https:\/\/apuntesdesanluis.com\/index.php\/2024\/08\/13\/campana-de-sectores-ambientalistas-en-contra-de-que-san-luis-adhiera-al-rigi\/"]}]},{"@type":"ImageObject","inLanguage":"es-AR","@id":"https:\/\/apuntesdesanluis.com\/index.php\/2024\/08\/13\/campana-de-sectores-ambientalistas-en-contra-de-que-san-luis-adhiera-al-rigi\/#primaryimage","url":"https:\/\/apuntesdesanluis.com\/wp-content\/uploads\/2024\/08\/campana-contra-el-rigi.jpg","contentUrl":"https:\/\/apuntesdesanluis.com\/wp-content\/uploads\/2024\/08\/campana-contra-el-rigi.jpg","width":700,"height":407},{"@type":"BreadcrumbList","@id":"https:\/\/apuntesdesanluis.com\/index.php\/2024\/08\/13\/campana-de-sectores-ambientalistas-en-contra-de-que-san-luis-adhiera-al-rigi\/#breadcrumb","itemListElement":[{"@type":"ListItem","position":1,"name":"Inicio","item":"https:\/\/apuntesdesanluis.com\/"},{"@type":"ListItem","position":2,"name":"CAMPA\u00d1A DE SECTORES AMBIENTALISTAS EN CONTRA DE QUE SAN LUIS ADHIERA AL RIGI"}]},{"@type":"WebSite","@id":"https:\/\/apuntesdesanluis.com\/#website","url":"https:\/\/apuntesdesanluis.com\/","name":"Apuntes de San Luis","description":"","publisher":{"@id":"https:\/\/apuntesdesanluis.com\/#\/schema\/person\/b55151d52296fcce64d1a72538a70b90"},"potentialAction":[{"@type":"SearchAction","target":{"@type":"EntryPoint","urlTemplate":"https:\/\/apuntesdesanluis.com\/?s={search_term_string}"},"query-input":{"@type":"PropertyValueSpecification","valueRequired":true,"valueName":"search_term_string"}}],"inLanguage":"es-AR"},{"@type":["Person","Organization"],"@id":"https:\/\/apuntesdesanluis.com\/#\/schema\/person\/b55151d52296fcce64d1a72538a70b90","name":"apuntesdesanluis.com","image":{"@type":"ImageObject","inLanguage":"es-AR","@id":"https:\/\/apuntesdesanluis.com\/#\/schema\/person\/image\/","url":"https:\/\/apuntesdesanluis.com\/wp-content\/uploads\/2023\/07\/cropped-apuntesdesanluis.png","contentUrl":"https:\/\/apuntesdesanluis.com\/wp-content\/uploads\/2023\/07\/cropped-apuntesdesanluis.png","width":450,"height":112,"caption":"apuntesdesanluis.com"},"logo":{"@id":"https:\/\/apuntesdesanluis.com\/#\/schema\/person\/image\/"},"sameAs":["https:\/\/apuntesdesanluis.com"],"url":"https:\/\/apuntesdesanluis.com\/index.php\/author\/apuntesdesanluis-com\/"}]}},"featured_image_urls":{"full":["https:\/\/apuntesdesanluis.com\/wp-content\/uploads\/2024\/08\/campana-contra-el-rigi.jpg",700,407,false],"thumbnail":["https:\/\/apuntesdesanluis.com\/wp-content\/uploads\/2024\/08\/campana-contra-el-rigi-150x150.jpg",150,150,true],"medium":["https:\/\/apuntesdesanluis.com\/wp-content\/uploads\/2024\/08\/campana-contra-el-rigi-300x174.jpg",300,174,true],"medium_large":["https:\/\/apuntesdesanluis.com\/wp-content\/uploads\/2024\/08\/campana-contra-el-rigi.jpg",640,372,false],"large":["https:\/\/apuntesdesanluis.com\/wp-content\/uploads\/2024\/08\/campana-contra-el-rigi.jpg",640,372,false],"1536x1536":["https:\/\/apuntesdesanluis.com\/wp-content\/uploads\/2024\/08\/campana-contra-el-rigi.jpg",700,407,false],"2048x2048":["https:\/\/apuntesdesanluis.com\/wp-content\/uploads\/2024\/08\/campana-contra-el-rigi.jpg",700,407,false],"newsever-slider-full":["https:\/\/apuntesdesanluis.com\/wp-content\/uploads\/2024\/08\/campana-contra-el-rigi.jpg",700,407,false],"newsever-featured":["https:\/\/apuntesdesanluis.com\/wp-content\/uploads\/2024\/08\/campana-contra-el-rigi.jpg",700,407,false],"newsever-medium":["https:\/\/apuntesdesanluis.com\/wp-content\/uploads\/2024\/08\/campana-contra-el-rigi.jpg",700,407,false]},"author_info":{"display_name":"apuntesdesanluis.com","author_link":"https:\/\/apuntesdesanluis.com\/index.php\/author\/apuntesdesanluis-com\/"},"category_info":"<a href=\"https:\/\/apuntesdesanluis.com\/index.php\/category\/ciudad-provincia\/\" rel=\"category tag\">Ciudad\/Provincia<\/a>","tag_info":"Ciudad\/Provincia","comment_count":"0","_links":{"self":[{"href":"https:\/\/apuntesdesanluis.com\/index.php\/wp-json\/wp\/v2\/posts\/20768","targetHints":{"allow":["GET"]}}],"collection":[{"href":"https:\/\/apuntesdesanluis.com\/index.php\/wp-json\/wp\/v2\/posts"}],"about":[{"href":"https:\/\/apuntesdesanluis.com\/index.php\/wp-json\/wp\/v2\/types\/post"}],"author":[{"embeddable":true,"href":"https:\/\/apuntesdesanluis.com\/index.php\/wp-json\/wp\/v2\/users\/1"}],"replies":[{"embeddable":true,"href":"https:\/\/apuntesdesanluis.com\/index.php\/wp-json\/wp\/v2\/comments?post=20768"}],"version-history":[{"count":1,"href":"https:\/\/apuntesdesanluis.com\/index.php\/wp-json\/wp\/v2\/posts\/20768\/revisions"}],"predecessor-version":[{"id":20771,"href":"https:\/\/apuntesdesanluis.com\/index.php\/wp-json\/wp\/v2\/posts\/20768\/revisions\/20771"}],"wp:featuredmedia":[{"embeddable":true,"href":"https:\/\/apuntesdesanluis.com\/index.php\/wp-json\/wp\/v2\/media\/20769"}],"wp:attachment":[{"href":"https:\/\/apuntesdesanluis.com\/index.php\/wp-json\/wp\/v2\/media?parent=20768"}],"wp:term":[{"taxonomy":"category","embeddable":true,"href":"https:\/\/apuntesdesanluis.com\/index.php\/wp-json\/wp\/v2\/categories?post=20768"},{"taxonomy":"post_tag","embeddable":true,"href":"https:\/\/apuntesdesanluis.com\/index.php\/wp-json\/wp\/v2\/tags?post=20768"}],"curies":[{"name":"wp","href":"https:\/\/api.w.org\/{rel}","templated":true}]}}